{"id":105877,"date":"2023-05-10T09:22:27","date_gmt":"2023-05-10T14:22:27","guid":{"rendered":"https:\/\/lospoliticosveracruz.com.mx\/?p=105877"},"modified":"2023-05-10T09:37:25","modified_gmt":"2023-05-10T14:37:25","slug":"mc-y-el-senado","status":"publish","type":"post","link":"https:\/\/lospoliticosveracruz.com\/?p=105877","title":{"rendered":"MC Y EL SENADO"},"content":{"rendered":"\n<p><\/p>\n\n\n\n<ul class=\"wp-block-list\">\n<li><\/li>\n<\/ul>\n\n\n\n<p><strong>Omar Z\u00fa\u00f1iga<br><\/strong><em>De Primera Mano<\/em><\/p>\n\n\n\n<p>Pues nada\u2026, resulta que al final del d\u00eda, Alejandro Alito Moreno (Amlito, le dicen) se sali\u00f3 con la suya y por una mayor\u00eda aplastante, pr\u00e1cticamente por unanimidad, el Consejo Pol\u00edtico Nacional vot\u00f3 a favor de extender su \u201cliderazgo\u201d hasta septiembre de 2024, es decir, al t\u00e9rmino del proceso electoral en que se elegir\u00e1 al presidente de la Rep\u00fablica para el periodo 2024-2030.<\/p>\n\n\n\n<figure class=\"wp-block-image size-large\"><a href=\"https:\/\/lospoliticosveracruz.com.mx\/wp-content\/uploads\/2016\/07\/Seguro-Julio-Cerecedo-2.jpg\"><img decoding=\"async\" src=\"https:\/\/lospoliticosveracruz.com.mx\/wp-content\/uploads\/2016\/07\/Seguro-Julio-Cerecedo-2-1024x381.jpg\" alt=\"\" class=\"wp-image-105879\"\/><\/a><\/figure>\n\n\n\n<p><br>Asistieron 521 consejeros y solamente tres votaron en contra, las tres fueron mujeres: la expresidenta nacional del tricolor Dulce Mar\u00eda Sauri Riancho, la exdiputada Guadalupe G\u00f3mez Maganda y la senadora Claudia Ruiz Massieu, hija de Jos\u00e9 Francisco Ruiz Massieu, uno de los actores pol\u00edticos que luch\u00f3 por democratizar a su partido y que fue asesinado en el entonces Distrito Federal el 28 de septiembre de 1994 (en avenida La Fragua para ser m\u00e1s preciso), apenas seis meses despu\u00e9s de su correligionario, candidato a la presidencia, Luis Donaldo Colosio Murrieta.<br>Pero bueno, como dec\u00eda el Fil\u00f3sofo de G\u00fc\u00e9mez, todo tiempo pasado fue anterior, y est\u00e1bamos en la entronizaci\u00f3n de Amlito.<br>Este hecho, que sorprendi\u00f3 a m\u00e1s de uno, pues la votaci\u00f3n, como se dio cuenta, fue aplastante y en apariencia hab\u00eda malestar interno en su contra, da vida y cobra m\u00e1s fuerza que nunca la versi\u00f3n de que precisamente Claudia Ruiz Massieu podr\u00eda dejar las filas tricolor, y de senadora priista pasar\u00eda a las filas del Movimiento Ciudadano, bajo la tutela de Dante Delgado y la coordinaci\u00f3n de Clemente Casta\u00f1eda.<br>Con esta decisi\u00f3n, el PRI pasar\u00eda en autom\u00e1tico a la cuarta fuerza pol\u00edtica en el Senado de la Rep\u00fablica, pues pasar\u00eda de 13 a 12 senadores y Movimiento Ciudadano tendr\u00eda 13.<br>Sin embargo, pareciera que las cosas no paran ah\u00ed, pues tambi\u00e9n en el PAN sopla el viento, y el exdirigente nacional identificado con el grupo de Felipe Calder\u00f3n, Dami\u00e1n Zepeda, que tambi\u00e9n ha mostrado su malestar con su l\u00edder nacional Marko Cort\u00e9s, podr\u00eda recorrer el mismo camino y pasarse a las filas naranjas, con lo que MC tendr\u00eda 14 senadores, el PRI 12 y Acci\u00f3n Nacional se quedar\u00eda con 19.<br>De concretarse esta recomposici\u00f3n en la C\u00e1mara Alta, se dar\u00eda ya muy cercana la fecha de inicio del periodo ordinario el 1 de septiembre y con ella, MC le quitar\u00eda al PRI la vicepresidencia permanente del Senado, as\u00ed como la Comisi\u00f3n de la Medalla Belisario Dom\u00ednguez, entre otras varias canonj\u00edas de que goza en la actualidad como tercera fuerza pol\u00edtica. As\u00ed las cosas, al PRI le siguen creciendo los enanos.<br>Y las sorpresas seguir\u00edan, pues a\u00fan no hay nada escrito en relaci\u00f3n a una eventual alianza 2024, donde se recompondr\u00eda la fuerza electoral y habr\u00eda que preguntar a qui\u00e9n le interesar\u00eda negociar con el cuarto.<br>Veracruz no es la excepci\u00f3n; el mandato oficial de Marlon Ram\u00edrez Mar\u00edn como presidente del CDE estatal, vence el 14 de mayo, sin embargo, enreatados como estaban en las legendarias oficinas de Insurgentes Norte en CDMX, no han emitido la convocatoria correspondiente para la renovaci\u00f3n respectiva y aunque Fernando Kuri lleva la delantera, en casos as\u00ed no hay nada seguro hasta que se cobra la primera quincena, pues como dicen que dijo don Adolfo Ruiz Cortines, luego de haberle negado la nominaci\u00f3n a uno de sus tant\u00edsimos ahijados buenos para nada: \u201cperdimos compadre\u201d, no vaya a ser y huela a azufre.<br>Por v\u00eda de mientras, Marlon sigue rifando en el edificio de avenida Ruiz Cortines.<\/p>\n\n\n\n<hr class=\"wp-block-separator has-alpha-channel-opacity\"\/>\n\n\n\n<p>\u00bfQu\u00e9 piensa usted de los nombres de Ignacio Morales Lechuga y Enoch Castellanos?<br>Ambos veracruzanos, distinguidos ambos (uno m\u00e1s que otro) en sus respectivas \u00e1reas de expertise.<br>Y qu\u00e9 pensar\u00eda de una eventual candidatura de alguno de estos personajes abanderados al gobierno de Veracruz en 2024.<br>Sabemos De Primera Mano que hay una puerta abierta en el partido naranja, \u00bfser\u00e1?<br>\u00a1Qu\u00e9 barbaridad!<br>deprimera.mano2020@gmail.com<\/p>\n","protected":false},"excerpt":{"rendered":"<p>Omar Z\u00fa\u00f1igaDe Primera Mano Pues nada\u2026, resulta que al final del d\u00eda, Alejandro Alito Moreno (Amlito, le dicen) se sali\u00f3 con la suya y por una mayor\u00eda aplastante, pr\u00e1cticamente por unanimidad, el Consejo Pol\u00edtico Nacional vot\u00f3 a favor de extender su \u201cliderazgo\u201d hasta septiembre de 2024, es decir, al t\u00e9rmino del proceso electoral en que [&hellip;]<\/p>\n","protected":false},"author":2,"featured_media":0,"comment_status":"closed","ping_status":"closed","sticky":false,"template":"","format":"standard","meta":{"tdm_status":"","tdm_grid_status":"","footnotes":""},"categories":[70],"tags":[5739,2219,20628,1230,2908,28705],"class_list":{"0":"post-105877","1":"post","2":"type-post","3":"status-publish","4":"format-standard","6":"category-de-opinion","7":"tag-claudia-ruiz-massieu","8":"tag-dante-delgado","9":"tag-dulce-maria-sauri-riancho","10":"tag-ignacio-morales-lechuga","11":"tag-marlon-ramirez-marin","12":"tag-omar-zuniga"},"yoast_head":"<!-- This site is optimized with the Yoast SEO plugin v27.4 - https:\/\/yoast.com\/product\/yoast-seo-wordpress\/ -->\n<title>MC Y EL SENADO - Los pol\u00edticos Veracruz<\/title>\n<meta name=\"robots\" content=\"index, follow, max-snippet:-1, max-image-preview:large, max-video-preview:-1\" \/>\n<link rel=\"canonical\" href=\"https:\/\/lospoliticosveracruz.com\/?p=105877\" \/>\n<meta property=\"og:locale\" content=\"es_ES\" \/>\n<meta property=\"og:type\" content=\"article\" \/>\n<meta property=\"og:title\" content=\"MC Y EL SENADO - Los pol\u00edticos Veracruz\" \/>\n<meta property=\"og:description\" content=\"Omar Z\u00fa\u00f1igaDe Primera Mano Pues nada\u2026, resulta que al final del d\u00eda, Alejandro Alito Moreno (Amlito, le dicen) se sali\u00f3 con la suya y por una mayor\u00eda aplastante, pr\u00e1cticamente por unanimidad, el Consejo Pol\u00edtico Nacional vot\u00f3 a favor de extender su \u201cliderazgo\u201d hasta septiembre de 2024, es decir, al t\u00e9rmino del proceso electoral en que [&hellip;]\" \/>\n<meta property=\"og:url\" content=\"https:\/\/lospoliticosveracruz.com\/?p=105877\" \/>\n<meta property=\"og:site_name\" content=\"Los pol\u00edticos Veracruz\" \/>\n<meta property=\"article:publisher\" content=\"https:\/\/www.facebook.com\/people\/Notimemes-de-los-Polticos\/61565672886568\/\" \/>\n<meta property=\"article:published_time\" content=\"2023-05-10T14:22:27+00:00\" \/>\n<meta property=\"article:modified_time\" content=\"2023-05-10T14:37:25+00:00\" \/>\n<meta property=\"og:image\" content=\"https:\/\/lospoliticosveracruz.com.mx\/wp-content\/uploads\/2016\/07\/Seguro-Julio-Cerecedo-2-1024x381.jpg\" \/>\n<meta name=\"author\" content=\"Lo viste en Los Pol\u00edticos\" \/>\n<meta name=\"twitter:card\" content=\"summary_large_image\" \/>\n<meta name=\"twitter:creator\" content=\"@LosPoliticosVer\" \/>\n<meta name=\"twitter:site\" content=\"@LosPoliticosVer\" \/>\n<meta name=\"twitter:label1\" content=\"Escrito por\" \/>\n\t<meta name=\"twitter:data1\" content=\"Lo viste en Los Pol\u00edticos\" \/>\n\t<meta name=\"twitter:label2\" content=\"Tiempo de lectura\" \/>\n\t<meta name=\"twitter:data2\" content=\"3 minutos\" \/>\n<script type=\"application\/ld+json\" class=\"yoast-schema-graph\">{\"@context\":\"https:\\\/\\\/schema.org\",\"@graph\":[{\"@type\":\"Article\",\"@id\":\"https:\\\/\\\/lospoliticosveracruz.com\\\/?p=105877#article\",\"isPartOf\":{\"@id\":\"https:\\\/\\\/lospoliticosveracruz.com\\\/?p=105877\"},\"author\":{\"name\":\"Lo viste en Los Pol\u00edticos\",\"@id\":\"https:\\\/\\\/lospoliticosveracruz.com\\\/#\\\/schema\\\/person\\\/b8702bb0e538456e6efd07080bf2a4a2\"},\"headline\":\"MC Y EL SENADO\",\"datePublished\":\"2023-05-10T14:22:27+00:00\",\"dateModified\":\"2023-05-10T14:37:25+00:00\",\"mainEntityOfPage\":{\"@id\":\"https:\\\/\\\/lospoliticosveracruz.com\\\/?p=105877\"},\"wordCount\":690,\"publisher\":{\"@id\":\"https:\\\/\\\/lospoliticosveracruz.com\\\/#organization\"},\"image\":{\"@id\":\"https:\\\/\\\/lospoliticosveracruz.com\\\/?p=105877#primaryimage\"},\"thumbnailUrl\":\"https:\\\/\\\/lospoliticosveracruz.com.mx\\\/wp-content\\\/uploads\\\/2016\\\/07\\\/Seguro-Julio-Cerecedo-2-1024x381.jpg\",\"keywords\":[\"Claudia Ruiz Massieu\",\"Dante Delgado\",\"Dulce Mar\u00eda Sauri Riancho\",\"Ignacio Morales Lechuga\",\"Marlon Ram\u00edrez Mar\u00edn\",\"Omar Z\u00fa\u00f1iga\"],\"articleSection\":[\"De Opini\u00f3n\"],\"inLanguage\":\"es\"},{\"@type\":\"WebPage\",\"@id\":\"https:\\\/\\\/lospoliticosveracruz.com\\\/?p=105877\",\"url\":\"https:\\\/\\\/lospoliticosveracruz.com\\\/?p=105877\",\"name\":\"MC Y EL SENADO - Los pol\u00edticos Veracruz\",\"isPartOf\":{\"@id\":\"https:\\\/\\\/lospoliticosveracruz.com\\\/#website\"},\"primaryImageOfPage\":{\"@id\":\"https:\\\/\\\/lospoliticosveracruz.com\\\/?p=105877#primaryimage\"},\"image\":{\"@id\":\"https:\\\/\\\/lospoliticosveracruz.com\\\/?p=105877#primaryimage\"},\"thumbnailUrl\":\"https:\\\/\\\/lospoliticosveracruz.com.mx\\\/wp-content\\\/uploads\\\/2016\\\/07\\\/Seguro-Julio-Cerecedo-2-1024x381.jpg\",\"datePublished\":\"2023-05-10T14:22:27+00:00\",\"dateModified\":\"2023-05-10T14:37:25+00:00\",\"breadcrumb\":{\"@id\":\"https:\\\/\\\/lospoliticosveracruz.com\\\/?p=105877#breadcrumb\"},\"inLanguage\":\"es\",\"potentialAction\":[{\"@type\":\"ReadAction\",\"target\":[\"https:\\\/\\\/lospoliticosveracruz.com\\\/?p=105877\"]}]},{\"@type\":\"ImageObject\",\"inLanguage\":\"es\",\"@id\":\"https:\\\/\\\/lospoliticosveracruz.com\\\/?p=105877#primaryimage\",\"url\":\"https:\\\/\\\/lospoliticosveracruz.com.mx\\\/wp-content\\\/uploads\\\/2016\\\/07\\\/Seguro-Julio-Cerecedo-2-1024x381.jpg\",\"contentUrl\":\"https:\\\/\\\/lospoliticosveracruz.com.mx\\\/wp-content\\\/uploads\\\/2016\\\/07\\\/Seguro-Julio-Cerecedo-2-1024x381.jpg\"},{\"@type\":\"BreadcrumbList\",\"@id\":\"https:\\\/\\\/lospoliticosveracruz.com\\\/?p=105877#breadcrumb\",\"itemListElement\":[{\"@type\":\"ListItem\",\"position\":1,\"name\":\"Portada\",\"item\":\"https:\\\/\\\/lospoliticosveracruz.com\\\/\"},{\"@type\":\"ListItem\",\"position\":2,\"name\":\"MC Y EL SENADO\"}]},{\"@type\":\"WebSite\",\"@id\":\"https:\\\/\\\/lospoliticosveracruz.com\\\/#website\",\"url\":\"https:\\\/\\\/lospoliticosveracruz.com\\\/\",\"name\":\"Los pol\u00edticos Veracruz\",\"description\":\"\",\"publisher\":{\"@id\":\"https:\\\/\\\/lospoliticosveracruz.com\\\/#organization\"},\"potentialAction\":[{\"@type\":\"SearchAction\",\"target\":{\"@type\":\"EntryPoint\",\"urlTemplate\":\"https:\\\/\\\/lospoliticosveracruz.com\\\/?s={search_term_string}\"},\"query-input\":{\"@type\":\"PropertyValueSpecification\",\"valueRequired\":true,\"valueName\":\"search_term_string\"}}],\"inLanguage\":\"es\"},{\"@type\":\"Organization\",\"@id\":\"https:\\\/\\\/lospoliticosveracruz.com\\\/#organization\",\"name\":\"Los pol\u00edticos Veracruz\",\"url\":\"https:\\\/\\\/lospoliticosveracruz.com\\\/\",\"logo\":{\"@type\":\"ImageObject\",\"inLanguage\":\"es\",\"@id\":\"https:\\\/\\\/lospoliticosveracruz.com\\\/#\\\/schema\\\/logo\\\/image\\\/\",\"url\":\"https:\\\/\\\/lospoliticosveracruz.com\\\/wp-content\\\/uploads\\\/2025\\\/12\\\/Logo-Nuevo-LOS-POLITICOS-1.jpg\",\"contentUrl\":\"https:\\\/\\\/lospoliticosveracruz.com\\\/wp-content\\\/uploads\\\/2025\\\/12\\\/Logo-Nuevo-LOS-POLITICOS-1.jpg\",\"width\":260,\"height\":70,\"caption\":\"Los pol\u00edticos Veracruz\"},\"image\":{\"@id\":\"https:\\\/\\\/lospoliticosveracruz.com\\\/#\\\/schema\\\/logo\\\/image\\\/\"},\"sameAs\":[\"https:\\\/\\\/www.facebook.com\\\/people\\\/Notimemes-de-los-Polticos\\\/61565672886568\\\/\",\"https:\\\/\\\/x.com\\\/LosPoliticosVer\"]},{\"@type\":\"Person\",\"@id\":\"https:\\\/\\\/lospoliticosveracruz.com\\\/#\\\/schema\\\/person\\\/b8702bb0e538456e6efd07080bf2a4a2\",\"name\":\"Lo viste en Los Pol\u00edticos\",\"image\":{\"@type\":\"ImageObject\",\"inLanguage\":\"es\",\"@id\":\"https:\\\/\\\/secure.gravatar.com\\\/avatar\\\/3a8de04a2656d44082be478bd6c086daa447c4651605818287b9532d3d0bd435?s=96&d=mm&r=g\",\"url\":\"https:\\\/\\\/secure.gravatar.com\\\/avatar\\\/3a8de04a2656d44082be478bd6c086daa447c4651605818287b9532d3d0bd435?s=96&d=mm&r=g\",\"contentUrl\":\"https:\\\/\\\/secure.gravatar.com\\\/avatar\\\/3a8de04a2656d44082be478bd6c086daa447c4651605818287b9532d3d0bd435?s=96&d=mm&r=g\",\"caption\":\"Lo viste en Los Pol\u00edticos\"},\"url\":\"https:\\\/\\\/lospoliticosveracruz.com\\\/?author=2\"}]}<\/script>\n<!-- \/ Yoast SEO plugin. -->","yoast_head_json":{"title":"MC Y EL SENADO - Los pol\u00edticos Veracruz","robots":{"index":"index","follow":"follow","max-snippet":"max-snippet:-1","max-image-preview":"max-image-preview:large","max-video-preview":"max-video-preview:-1"},"canonical":"https:\/\/lospoliticosveracruz.com\/?p=105877","og_locale":"es_ES","og_type":"article","og_title":"MC Y EL SENADO - Los pol\u00edticos Veracruz","og_description":"Omar Z\u00fa\u00f1igaDe Primera Mano Pues nada\u2026, resulta que al final del d\u00eda, Alejandro Alito Moreno (Amlito, le dicen) se sali\u00f3 con la suya y por una mayor\u00eda aplastante, pr\u00e1cticamente por unanimidad, el Consejo Pol\u00edtico Nacional vot\u00f3 a favor de extender su \u201cliderazgo\u201d hasta septiembre de 2024, es decir, al t\u00e9rmino del proceso electoral en que [&hellip;]","og_url":"https:\/\/lospoliticosveracruz.com\/?p=105877","og_site_name":"Los pol\u00edticos Veracruz","article_publisher":"https:\/\/www.facebook.com\/people\/Notimemes-de-los-Polticos\/61565672886568\/","article_published_time":"2023-05-10T14:22:27+00:00","article_modified_time":"2023-05-10T14:37:25+00:00","og_image":[{"url":"https:\/\/lospoliticosveracruz.com.mx\/wp-content\/uploads\/2016\/07\/Seguro-Julio-Cerecedo-2-1024x381.jpg","type":"","width":"","height":""}],"author":"Lo viste en Los Pol\u00edticos","twitter_card":"summary_large_image","twitter_creator":"@LosPoliticosVer","twitter_site":"@LosPoliticosVer","twitter_misc":{"Escrito por":"Lo viste en Los Pol\u00edticos","Tiempo de lectura":"3 minutos"},"schema":{"@context":"https:\/\/schema.org","@graph":[{"@type":"Article","@id":"https:\/\/lospoliticosveracruz.com\/?p=105877#article","isPartOf":{"@id":"https:\/\/lospoliticosveracruz.com\/?p=105877"},"author":{"name":"Lo viste en Los Pol\u00edticos","@id":"https:\/\/lospoliticosveracruz.com\/#\/schema\/person\/b8702bb0e538456e6efd07080bf2a4a2"},"headline":"MC Y EL SENADO","datePublished":"2023-05-10T14:22:27+00:00","dateModified":"2023-05-10T14:37:25+00:00","mainEntityOfPage":{"@id":"https:\/\/lospoliticosveracruz.com\/?p=105877"},"wordCount":690,"publisher":{"@id":"https:\/\/lospoliticosveracruz.com\/#organization"},"image":{"@id":"https:\/\/lospoliticosveracruz.com\/?p=105877#primaryimage"},"thumbnailUrl":"https:\/\/lospoliticosveracruz.com.mx\/wp-content\/uploads\/2016\/07\/Seguro-Julio-Cerecedo-2-1024x381.jpg","keywords":["Claudia Ruiz Massieu","Dante Delgado","Dulce Mar\u00eda Sauri Riancho","Ignacio Morales Lechuga","Marlon Ram\u00edrez Mar\u00edn","Omar Z\u00fa\u00f1iga"],"articleSection":["De Opini\u00f3n"],"inLanguage":"es"},{"@type":"WebPage","@id":"https:\/\/lospoliticosveracruz.com\/?p=105877","url":"https:\/\/lospoliticosveracruz.com\/?p=105877","name":"MC Y EL SENADO - Los pol\u00edticos Veracruz","isPartOf":{"@id":"https:\/\/lospoliticosveracruz.com\/#website"},"primaryImageOfPage":{"@id":"https:\/\/lospoliticosveracruz.com\/?p=105877#primaryimage"},"image":{"@id":"https:\/\/lospoliticosveracruz.com\/?p=105877#primaryimage"},"thumbnailUrl":"https:\/\/lospoliticosveracruz.com.mx\/wp-content\/uploads\/2016\/07\/Seguro-Julio-Cerecedo-2-1024x381.jpg","datePublished":"2023-05-10T14:22:27+00:00","dateModified":"2023-05-10T14:37:25+00:00","breadcrumb":{"@id":"https:\/\/lospoliticosveracruz.com\/?p=105877#breadcrumb"},"inLanguage":"es","potentialAction":[{"@type":"ReadAction","target":["https:\/\/lospoliticosveracruz.com\/?p=105877"]}]},{"@type":"ImageObject","inLanguage":"es","@id":"https:\/\/lospoliticosveracruz.com\/?p=105877#primaryimage","url":"https:\/\/lospoliticosveracruz.com.mx\/wp-content\/uploads\/2016\/07\/Seguro-Julio-Cerecedo-2-1024x381.jpg","contentUrl":"https:\/\/lospoliticosveracruz.com.mx\/wp-content\/uploads\/2016\/07\/Seguro-Julio-Cerecedo-2-1024x381.jpg"},{"@type":"BreadcrumbList","@id":"https:\/\/lospoliticosveracruz.com\/?p=105877#breadcrumb","itemListElement":[{"@type":"ListItem","position":1,"name":"Portada","item":"https:\/\/lospoliticosveracruz.com\/"},{"@type":"ListItem","position":2,"name":"MC Y EL SENADO"}]},{"@type":"WebSite","@id":"https:\/\/lospoliticosveracruz.com\/#website","url":"https:\/\/lospoliticosveracruz.com\/","name":"Los pol\u00edticos Veracruz","description":"","publisher":{"@id":"https:\/\/lospoliticosveracruz.com\/#organization"},"potentialAction":[{"@type":"SearchAction","target":{"@type":"EntryPoint","urlTemplate":"https:\/\/lospoliticosveracruz.com\/?s={search_term_string}"},"query-input":{"@type":"PropertyValueSpecification","valueRequired":true,"valueName":"search_term_string"}}],"inLanguage":"es"},{"@type":"Organization","@id":"https:\/\/lospoliticosveracruz.com\/#organization","name":"Los pol\u00edticos Veracruz","url":"https:\/\/lospoliticosveracruz.com\/","logo":{"@type":"ImageObject","inLanguage":"es","@id":"https:\/\/lospoliticosveracruz.com\/#\/schema\/logo\/image\/","url":"https:\/\/lospoliticosveracruz.com\/wp-content\/uploads\/2025\/12\/Logo-Nuevo-LOS-POLITICOS-1.jpg","contentUrl":"https:\/\/lospoliticosveracruz.com\/wp-content\/uploads\/2025\/12\/Logo-Nuevo-LOS-POLITICOS-1.jpg","width":260,"height":70,"caption":"Los pol\u00edticos Veracruz"},"image":{"@id":"https:\/\/lospoliticosveracruz.com\/#\/schema\/logo\/image\/"},"sameAs":["https:\/\/www.facebook.com\/people\/Notimemes-de-los-Polticos\/61565672886568\/","https:\/\/x.com\/LosPoliticosVer"]},{"@type":"Person","@id":"https:\/\/lospoliticosveracruz.com\/#\/schema\/person\/b8702bb0e538456e6efd07080bf2a4a2","name":"Lo viste en Los Pol\u00edticos","image":{"@type":"ImageObject","inLanguage":"es","@id":"https:\/\/secure.gravatar.com\/avatar\/3a8de04a2656d44082be478bd6c086daa447c4651605818287b9532d3d0bd435?s=96&d=mm&r=g","url":"https:\/\/secure.gravatar.com\/avatar\/3a8de04a2656d44082be478bd6c086daa447c4651605818287b9532d3d0bd435?s=96&d=mm&r=g","contentUrl":"https:\/\/secure.gravatar.com\/avatar\/3a8de04a2656d44082be478bd6c086daa447c4651605818287b9532d3d0bd435?s=96&d=mm&r=g","caption":"Lo viste en Los Pol\u00edticos"},"url":"https:\/\/lospoliticosveracruz.com\/?author=2"}]}},"_links":{"self":[{"href":"https:\/\/lospoliticosveracruz.com\/index.php?rest_route=\/wp\/v2\/posts\/105877","targetHints":{"allow":["GET"]}}],"collection":[{"href":"https:\/\/lospoliticosveracruz.com\/index.php?rest_route=\/wp\/v2\/posts"}],"about":[{"href":"https:\/\/lospoliticosveracruz.com\/index.php?rest_route=\/wp\/v2\/types\/post"}],"author":[{"embeddable":true,"href":"https:\/\/lospoliticosveracruz.com\/index.php?rest_route=\/wp\/v2\/users\/2"}],"replies":[{"embeddable":true,"href":"https:\/\/lospoliticosveracruz.com\/index.php?rest_route=%2Fwp%2Fv2%2Fcomments&post=105877"}],"version-history":[{"count":2,"href":"https:\/\/lospoliticosveracruz.com\/index.php?rest_route=\/wp\/v2\/posts\/105877\/revisions"}],"predecessor-version":[{"id":105880,"href":"https:\/\/lospoliticosveracruz.com\/index.php?rest_route=\/wp\/v2\/posts\/105877\/revisions\/105880"}],"wp:attachment":[{"href":"https:\/\/lospoliticosveracruz.com\/index.php?rest_route=%2Fwp%2Fv2%2Fmedia&parent=105877"}],"wp:term":[{"taxonomy":"category","embeddable":true,"href":"https:\/\/lospoliticosveracruz.com\/index.php?rest_route=%2Fwp%2Fv2%2Fcategories&post=105877"},{"taxonomy":"post_tag","embeddable":true,"href":"https:\/\/lospoliticosveracruz.com\/index.php?rest_route=%2Fwp%2Fv2%2Ftags&post=105877"}],"curies":[{"name":"wp","href":"https:\/\/api.w.org\/{rel}","templated":true}]}}