{"id":105882,"date":"2023-05-10T11:07:07","date_gmt":"2023-05-10T16:07:07","guid":{"rendered":"https:\/\/lospoliticosveracruz.com.mx\/?p=105882"},"modified":"2023-05-10T11:07:15","modified_gmt":"2023-05-10T16:07:15","slug":"la-republica-apedreada","status":"publish","type":"post","link":"https:\/\/lospoliticosveracruz.com\/?p=105882","title":{"rendered":"LA REP\u00daBLICA APEDREADA"},"content":{"rendered":"\n<p><strong>Manolo Victorio<br><\/strong><em>Carpe Diem<\/em><\/p>\n\n\n\n<p>Los Estados Unidos Mexicanos transitan por sus 213 a\u00f1os de independencia.<br>En el sitio de la Comisi\u00f3n Nacional de Derechos Humanos se lee que \u201cel 4 de octubre de 1824 entr\u00f3 en vigor la primera Constituci\u00f3n Federal de los Estados Unidos Mexicanos, siendo este un documento de car\u00e1cter jur\u00eddico y pol\u00edtico que estableci\u00f3 el sistema pol\u00edtico federal y tuvo como fin principal el de declarar el car\u00e1cter independiente de M\u00e9xico como pa\u00eds\u201d.<\/p>\n\n\n<div class=\"wp-block-image\">\n<figure class=\"alignleft size-medium\"><a href=\"https:\/\/lospoliticosveracruz.com.mx\/wp-content\/uploads\/2021\/10\/Zacauilt.jpg\"><img decoding=\"async\" src=\"https:\/\/lospoliticosveracruz.com.mx\/wp-content\/uploads\/2021\/10\/Zacauilt-150x300.jpg\" alt=\"\" class=\"wp-image-80558\"\/><\/a><\/figure>\n<\/div>\n\n\n<p><br>Seg\u00fan la literatura jur\u00eddica, en M\u00e9xico el r\u00e9gimen pol\u00edtico y de gobierno descansa en el art\u00edculo 40 de nuestra Carta Magna, que refiere que ser\u00e1 una Rep\u00fablica, democr\u00e1tica representativa, laica y federal.<br>Se entiende por Rep\u00fablica la forma de gobierno caracterizada por la divisi\u00f3n de poderes del Estado en Legislativo, Ejecutivo y Judicial, en el marco de un r\u00e9gimen pol\u00edtico democr\u00e1tico electivo, representativo, alternativo y responsable.<br>Los tres poderes la rep\u00fablica deben equilibrarse en su funci\u00f3n, nos ense\u00f1aron desde la instrucci\u00f3n primaria.<br>Los pesos y contrapesos en el ejercicio del poder son sanos, necesarios para la convivencia pac\u00edfica.<br>La balanza no debe inclinarse con demas\u00eda hacia ning\u00fan v\u00f3rtice de uno de los tres poderes porque en autom\u00e1tico, de facto, dejar\u00eda de funcionar la rep\u00fablica.<br>Aqu\u00ed no cabe la expresi\u00f3n L&#8217;\u00c9tat, c&#8217;est moi (el estado soy yo) que habr\u00eda pronunciado Luis XIV El Rey Sol, en el parlamento franc\u00e9s en el idioma m\u00e1s hermoso del mundo, que traducido al bronco y crudo l\u00e9xico mexicano se traducir\u00eda: aqu\u00ed s\u00f3lo mis chicharrones truenan por que soy el Macuc\u00f3n o Machuch\u00f3n.<br>La rep\u00fablica del un solo hombre no va. Es un contrasentido, una dislexia hist\u00f3rica. Lo sabe hasta un aprendiz de leguleyo.<br>Nueve los once ministros de la Suprema Corte de Justicia de la Naci\u00f3n propinaron un majaguazo de vuelta entera a la primera parte el llamado Plan B de la reforma electoral enviada al congreso por el presidente Andr\u00e9s Manuel L\u00f3pez Obrador y votada a favor por Morena y sus aliados.<br>Por cierto, seg\u00fan el diccionario choco, majaguazo es un golpe fuerte con madero de majagua; y por extensi\u00f3n, cualquier golpe fuerte. Batazo potente (home run) en un juego de b\u00e9isbol.<br>El Bambinazo al Machuch\u00f3n es parte del juego democr\u00e1tico permitido en la rep\u00fablica. As\u00ed de simple.<br>El presidente AMLO reaccion\u00f3 como lo ha hecho siempre: satanizando a los once notables del Poder Judicial y llamando a sus huestes a lograr 334 butacas en la conformaci\u00f3n de la LXVI Legislatura federal, cifra m\u00ednima necesaria para sacar adelante sus reformas constitucionales; claro, cuando la 66 legislatura levante la mano en juramento defensor de la patria, Andr\u00e9s Manuel L\u00f3pez Obrador ya no ser\u00e1 presidente porque una de las atribuciones de la rep\u00fablica es acotar temporalmente las funciones de un servidor, en su caso, seis a\u00f1os.<br>Las reformas a las leyes generales de comunicaci\u00f3n social y de responsabilidades administrativas, aprobadas por Morena, PT, PVEM y PES en el Congreso, planteaban que funcionarios y funcionarias pod\u00edan difundir informaci\u00f3n de las acciones y programas gubernamentales durante los procesos electorales, sin apercibimientos ni sanciones.<br>Seg\u00fan nota del portal del Canal Once, planteaban tambi\u00e9n la reducci\u00f3n del 0.1% los recursos presupu\u00e9stales de los gobiernos locales para propaganda gubernamental, prohib\u00eda a entes p\u00fablicos incluir en sus mensajes de comunicaci\u00f3n social informaci\u00f3n que implicara ataques a la moral, la vida privada o derechos de terceras personas; y prohib\u00eda difundir campa\u00f1as de comunicaci\u00f3n social que destacaran nombres, im\u00e1genes, voces o s\u00edmbolos de funcionarios p\u00fablicos.<br>Y en esta pel\u00edcula de largo metraje como define Pepe Segarra los home run en el b\u00e9isbol, el presidente AMLO sabe que es momento de aceitar la maquinaria contra los nuevos enemigos corruptos, podridos y proclives a las viejas pr\u00e1cticas del conservadurismo como enlista a los once ministros de la corte, proponiendo que sea el pueblo quien elija a los integrantes del Poder Judicial.<br>Posee una raigambre medible la estrategia del presidente para tatuar su proyecto de la rep\u00fablica de un solo hombre.<br>Un estudio citado por Ricardo Raphael en el diario Milenio, \u201crealizado en 2021 por los acad\u00e9micos Daniel Zizumbo-Colunga y Benjam\u00edn Mart\u00ednez Velasco (CIDE), 53 por ciento de las personas estar\u00edan de acuerdo con que las fuerzas armadas dieran un golpe de Estado en caso de que hubiese una reacci\u00f3n pol\u00edtica contraria a los cambios promovidos por el actual gobierno\u201d.<br>En una columna titulada \u201cel espanto de ser minoritario\u201d, el analista sintetiza la noci\u00f3n de las mayor\u00edas en M\u00e9xico respecto del trabajo de los 11 ministros de la Suprema Corte de Justicia de la Naci\u00f3n:<br>\u201cEl mismo estudio refiere que 63.1 por ciento (de los mexicanos) estar\u00eda conforme con que las fuerzas armadas tomaran control de la Suprema Corte de Justicia de la Naci\u00f3n si sus integrantes defendieran actores indeseables\u201d.<br>Recurrente, machac\u00f3n hasta el cansancio, AMLO dice que \u201cla calumnia cuando no mancha tizna\u2026Eso s\u00ed calienta\u201d, sabe a la perfecci\u00f3n que este clima de polarizaci\u00f3n social nutre al monstruo de la cuatrote, al que necesita fuerte para la elecci\u00f3n del 2024, de ah\u00ed la recurrencia en se\u00f1alar a sus togados enemigos de corruptos, privilegiados y rapaces.<\/p>\n","protected":false},"excerpt":{"rendered":"<p>Manolo VictorioCarpe Diem Los Estados Unidos Mexicanos transitan por sus 213 a\u00f1os de independencia.En el sitio de la Comisi\u00f3n Nacional de Derechos Humanos se lee que \u201cel 4 de octubre de 1824 entr\u00f3 en vigor la primera Constituci\u00f3n Federal de los Estados Unidos Mexicanos, siendo este un documento de car\u00e1cter jur\u00eddico y pol\u00edtico que estableci\u00f3 [&hellip;]<\/p>\n","protected":false},"author":2,"featured_media":0,"comment_status":"closed","ping_status":"closed","sticky":false,"template":"","format":"standard","meta":{"tdm_status":"","tdm_grid_status":"","footnotes":""},"categories":[1],"tags":[618,28396,1026],"class_list":{"0":"post-105882","1":"post","2":"type-post","3":"status-publish","4":"format-standard","6":"category-sin-categoria","7":"tag-andres-manuel-lopez-obrador","8":"tag-manolo-victorio","9":"tag-morena"},"yoast_head":"<!-- This site is optimized with the Yoast SEO plugin v27.4 - https:\/\/yoast.com\/product\/yoast-seo-wordpress\/ -->\n<title>LA REP\u00daBLICA APEDREADA - Los pol\u00edticos Veracruz<\/title>\n<meta name=\"robots\" content=\"index, follow, max-snippet:-1, max-image-preview:large, max-video-preview:-1\" \/>\n<link rel=\"canonical\" href=\"https:\/\/lospoliticosveracruz.com\/?p=105882\" \/>\n<meta property=\"og:locale\" content=\"es_ES\" \/>\n<meta property=\"og:type\" content=\"article\" \/>\n<meta property=\"og:title\" content=\"LA REP\u00daBLICA APEDREADA - Los pol\u00edticos Veracruz\" \/>\n<meta property=\"og:description\" content=\"Manolo VictorioCarpe Diem Los Estados Unidos Mexicanos transitan por sus 213 a\u00f1os de independencia.En el sitio de la Comisi\u00f3n Nacional de Derechos Humanos se lee que \u201cel 4 de octubre de 1824 entr\u00f3 en vigor la primera Constituci\u00f3n Federal de los Estados Unidos Mexicanos, siendo este un documento de car\u00e1cter jur\u00eddico y pol\u00edtico que estableci\u00f3 [&hellip;]\" \/>\n<meta property=\"og:url\" content=\"https:\/\/lospoliticosveracruz.com\/?p=105882\" \/>\n<meta property=\"og:site_name\" content=\"Los pol\u00edticos Veracruz\" \/>\n<meta property=\"article:publisher\" content=\"https:\/\/www.facebook.com\/people\/Notimemes-de-los-Polticos\/61565672886568\/\" \/>\n<meta property=\"article:published_time\" content=\"2023-05-10T16:07:07+00:00\" \/>\n<meta property=\"article:modified_time\" content=\"2023-05-10T16:07:15+00:00\" \/>\n<meta property=\"og:image\" content=\"https:\/\/lospoliticosveracruz.com.mx\/wp-content\/uploads\/2021\/10\/Zacauilt-150x300.jpg\" \/>\n<meta name=\"author\" content=\"Lo viste en Los Pol\u00edticos\" \/>\n<meta name=\"twitter:card\" content=\"summary_large_image\" \/>\n<meta name=\"twitter:creator\" content=\"@LosPoliticosVer\" \/>\n<meta name=\"twitter:site\" content=\"@LosPoliticosVer\" \/>\n<meta name=\"twitter:label1\" content=\"Escrito por\" \/>\n\t<meta name=\"twitter:data1\" content=\"Lo viste en Los Pol\u00edticos\" \/>\n\t<meta name=\"twitter:label2\" content=\"Tiempo de lectura\" \/>\n\t<meta name=\"twitter:data2\" content=\"5 minutos\" \/>\n<script type=\"application\/ld+json\" class=\"yoast-schema-graph\">{\"@context\":\"https:\\\/\\\/schema.org\",\"@graph\":[{\"@type\":\"Article\",\"@id\":\"https:\\\/\\\/lospoliticosveracruz.com\\\/?p=105882#article\",\"isPartOf\":{\"@id\":\"https:\\\/\\\/lospoliticosveracruz.com\\\/?p=105882\"},\"author\":{\"name\":\"Lo viste en Los Pol\u00edticos\",\"@id\":\"https:\\\/\\\/lospoliticosveracruz.com\\\/#\\\/schema\\\/person\\\/b8702bb0e538456e6efd07080bf2a4a2\"},\"headline\":\"LA REP\u00daBLICA APEDREADA\",\"datePublished\":\"2023-05-10T16:07:07+00:00\",\"dateModified\":\"2023-05-10T16:07:15+00:00\",\"mainEntityOfPage\":{\"@id\":\"https:\\\/\\\/lospoliticosveracruz.com\\\/?p=105882\"},\"wordCount\":928,\"publisher\":{\"@id\":\"https:\\\/\\\/lospoliticosveracruz.com\\\/#organization\"},\"image\":{\"@id\":\"https:\\\/\\\/lospoliticosveracruz.com\\\/?p=105882#primaryimage\"},\"thumbnailUrl\":\"https:\\\/\\\/lospoliticosveracruz.com.mx\\\/wp-content\\\/uploads\\\/2021\\\/10\\\/Zacauilt-150x300.jpg\",\"keywords\":[\"Andr\u00e9s Manuel L\u00f3pez Obrador\",\"Manolo Victorio\",\"Morena\"],\"inLanguage\":\"es\"},{\"@type\":\"WebPage\",\"@id\":\"https:\\\/\\\/lospoliticosveracruz.com\\\/?p=105882\",\"url\":\"https:\\\/\\\/lospoliticosveracruz.com\\\/?p=105882\",\"name\":\"LA REP\u00daBLICA APEDREADA - Los pol\u00edticos Veracruz\",\"isPartOf\":{\"@id\":\"https:\\\/\\\/lospoliticosveracruz.com\\\/#website\"},\"primaryImageOfPage\":{\"@id\":\"https:\\\/\\\/lospoliticosveracruz.com\\\/?p=105882#primaryimage\"},\"image\":{\"@id\":\"https:\\\/\\\/lospoliticosveracruz.com\\\/?p=105882#primaryimage\"},\"thumbnailUrl\":\"https:\\\/\\\/lospoliticosveracruz.com.mx\\\/wp-content\\\/uploads\\\/2021\\\/10\\\/Zacauilt-150x300.jpg\",\"datePublished\":\"2023-05-10T16:07:07+00:00\",\"dateModified\":\"2023-05-10T16:07:15+00:00\",\"breadcrumb\":{\"@id\":\"https:\\\/\\\/lospoliticosveracruz.com\\\/?p=105882#breadcrumb\"},\"inLanguage\":\"es\",\"potentialAction\":[{\"@type\":\"ReadAction\",\"target\":[\"https:\\\/\\\/lospoliticosveracruz.com\\\/?p=105882\"]}]},{\"@type\":\"ImageObject\",\"inLanguage\":\"es\",\"@id\":\"https:\\\/\\\/lospoliticosveracruz.com\\\/?p=105882#primaryimage\",\"url\":\"https:\\\/\\\/lospoliticosveracruz.com.mx\\\/wp-content\\\/uploads\\\/2021\\\/10\\\/Zacauilt-150x300.jpg\",\"contentUrl\":\"https:\\\/\\\/lospoliticosveracruz.com.mx\\\/wp-content\\\/uploads\\\/2021\\\/10\\\/Zacauilt-150x300.jpg\"},{\"@type\":\"BreadcrumbList\",\"@id\":\"https:\\\/\\\/lospoliticosveracruz.com\\\/?p=105882#breadcrumb\",\"itemListElement\":[{\"@type\":\"ListItem\",\"position\":1,\"name\":\"Portada\",\"item\":\"https:\\\/\\\/lospoliticosveracruz.com\\\/\"},{\"@type\":\"ListItem\",\"position\":2,\"name\":\"LA REP\u00daBLICA APEDREADA\"}]},{\"@type\":\"WebSite\",\"@id\":\"https:\\\/\\\/lospoliticosveracruz.com\\\/#website\",\"url\":\"https:\\\/\\\/lospoliticosveracruz.com\\\/\",\"name\":\"Los pol\u00edticos Veracruz\",\"description\":\"\",\"publisher\":{\"@id\":\"https:\\\/\\\/lospoliticosveracruz.com\\\/#organization\"},\"potentialAction\":[{\"@type\":\"SearchAction\",\"target\":{\"@type\":\"EntryPoint\",\"urlTemplate\":\"https:\\\/\\\/lospoliticosveracruz.com\\\/?s={search_term_string}\"},\"query-input\":{\"@type\":\"PropertyValueSpecification\",\"valueRequired\":true,\"valueName\":\"search_term_string\"}}],\"inLanguage\":\"es\"},{\"@type\":\"Organization\",\"@id\":\"https:\\\/\\\/lospoliticosveracruz.com\\\/#organization\",\"name\":\"Los pol\u00edticos Veracruz\",\"url\":\"https:\\\/\\\/lospoliticosveracruz.com\\\/\",\"logo\":{\"@type\":\"ImageObject\",\"inLanguage\":\"es\",\"@id\":\"https:\\\/\\\/lospoliticosveracruz.com\\\/#\\\/schema\\\/logo\\\/image\\\/\",\"url\":\"https:\\\/\\\/lospoliticosveracruz.com\\\/wp-content\\\/uploads\\\/2025\\\/12\\\/Logo-Nuevo-LOS-POLITICOS-1.jpg\",\"contentUrl\":\"https:\\\/\\\/lospoliticosveracruz.com\\\/wp-content\\\/uploads\\\/2025\\\/12\\\/Logo-Nuevo-LOS-POLITICOS-1.jpg\",\"width\":260,\"height\":70,\"caption\":\"Los pol\u00edticos Veracruz\"},\"image\":{\"@id\":\"https:\\\/\\\/lospoliticosveracruz.com\\\/#\\\/schema\\\/logo\\\/image\\\/\"},\"sameAs\":[\"https:\\\/\\\/www.facebook.com\\\/people\\\/Notimemes-de-los-Polticos\\\/61565672886568\\\/\",\"https:\\\/\\\/x.com\\\/LosPoliticosVer\"]},{\"@type\":\"Person\",\"@id\":\"https:\\\/\\\/lospoliticosveracruz.com\\\/#\\\/schema\\\/person\\\/b8702bb0e538456e6efd07080bf2a4a2\",\"name\":\"Lo viste en Los Pol\u00edticos\",\"image\":{\"@type\":\"ImageObject\",\"inLanguage\":\"es\",\"@id\":\"https:\\\/\\\/secure.gravatar.com\\\/avatar\\\/3a8de04a2656d44082be478bd6c086daa447c4651605818287b9532d3d0bd435?s=96&d=mm&r=g\",\"url\":\"https:\\\/\\\/secure.gravatar.com\\\/avatar\\\/3a8de04a2656d44082be478bd6c086daa447c4651605818287b9532d3d0bd435?s=96&d=mm&r=g\",\"contentUrl\":\"https:\\\/\\\/secure.gravatar.com\\\/avatar\\\/3a8de04a2656d44082be478bd6c086daa447c4651605818287b9532d3d0bd435?s=96&d=mm&r=g\",\"caption\":\"Lo viste en Los Pol\u00edticos\"},\"url\":\"https:\\\/\\\/lospoliticosveracruz.com\\\/?author=2\"}]}<\/script>\n<!-- \/ Yoast SEO plugin. -->","yoast_head_json":{"title":"LA REP\u00daBLICA APEDREADA - Los pol\u00edticos Veracruz","robots":{"index":"index","follow":"follow","max-snippet":"max-snippet:-1","max-image-preview":"max-image-preview:large","max-video-preview":"max-video-preview:-1"},"canonical":"https:\/\/lospoliticosveracruz.com\/?p=105882","og_locale":"es_ES","og_type":"article","og_title":"LA REP\u00daBLICA APEDREADA - Los pol\u00edticos Veracruz","og_description":"Manolo VictorioCarpe Diem Los Estados Unidos Mexicanos transitan por sus 213 a\u00f1os de independencia.En el sitio de la Comisi\u00f3n Nacional de Derechos Humanos se lee que \u201cel 4 de octubre de 1824 entr\u00f3 en vigor la primera Constituci\u00f3n Federal de los Estados Unidos Mexicanos, siendo este un documento de car\u00e1cter jur\u00eddico y pol\u00edtico que estableci\u00f3 [&hellip;]","og_url":"https:\/\/lospoliticosveracruz.com\/?p=105882","og_site_name":"Los pol\u00edticos Veracruz","article_publisher":"https:\/\/www.facebook.com\/people\/Notimemes-de-los-Polticos\/61565672886568\/","article_published_time":"2023-05-10T16:07:07+00:00","article_modified_time":"2023-05-10T16:07:15+00:00","og_image":[{"url":"https:\/\/lospoliticosveracruz.com.mx\/wp-content\/uploads\/2021\/10\/Zacauilt-150x300.jpg","type":"","width":"","height":""}],"author":"Lo viste en Los Pol\u00edticos","twitter_card":"summary_large_image","twitter_creator":"@LosPoliticosVer","twitter_site":"@LosPoliticosVer","twitter_misc":{"Escrito por":"Lo viste en Los Pol\u00edticos","Tiempo de lectura":"5 minutos"},"schema":{"@context":"https:\/\/schema.org","@graph":[{"@type":"Article","@id":"https:\/\/lospoliticosveracruz.com\/?p=105882#article","isPartOf":{"@id":"https:\/\/lospoliticosveracruz.com\/?p=105882"},"author":{"name":"Lo viste en Los Pol\u00edticos","@id":"https:\/\/lospoliticosveracruz.com\/#\/schema\/person\/b8702bb0e538456e6efd07080bf2a4a2"},"headline":"LA REP\u00daBLICA APEDREADA","datePublished":"2023-05-10T16:07:07+00:00","dateModified":"2023-05-10T16:07:15+00:00","mainEntityOfPage":{"@id":"https:\/\/lospoliticosveracruz.com\/?p=105882"},"wordCount":928,"publisher":{"@id":"https:\/\/lospoliticosveracruz.com\/#organization"},"image":{"@id":"https:\/\/lospoliticosveracruz.com\/?p=105882#primaryimage"},"thumbnailUrl":"https:\/\/lospoliticosveracruz.com.mx\/wp-content\/uploads\/2021\/10\/Zacauilt-150x300.jpg","keywords":["Andr\u00e9s Manuel L\u00f3pez Obrador","Manolo Victorio","Morena"],"inLanguage":"es"},{"@type":"WebPage","@id":"https:\/\/lospoliticosveracruz.com\/?p=105882","url":"https:\/\/lospoliticosveracruz.com\/?p=105882","name":"LA REP\u00daBLICA APEDREADA - Los pol\u00edticos Veracruz","isPartOf":{"@id":"https:\/\/lospoliticosveracruz.com\/#website"},"primaryImageOfPage":{"@id":"https:\/\/lospoliticosveracruz.com\/?p=105882#primaryimage"},"image":{"@id":"https:\/\/lospoliticosveracruz.com\/?p=105882#primaryimage"},"thumbnailUrl":"https:\/\/lospoliticosveracruz.com.mx\/wp-content\/uploads\/2021\/10\/Zacauilt-150x300.jpg","datePublished":"2023-05-10T16:07:07+00:00","dateModified":"2023-05-10T16:07:15+00:00","breadcrumb":{"@id":"https:\/\/lospoliticosveracruz.com\/?p=105882#breadcrumb"},"inLanguage":"es","potentialAction":[{"@type":"ReadAction","target":["https:\/\/lospoliticosveracruz.com\/?p=105882"]}]},{"@type":"ImageObject","inLanguage":"es","@id":"https:\/\/lospoliticosveracruz.com\/?p=105882#primaryimage","url":"https:\/\/lospoliticosveracruz.com.mx\/wp-content\/uploads\/2021\/10\/Zacauilt-150x300.jpg","contentUrl":"https:\/\/lospoliticosveracruz.com.mx\/wp-content\/uploads\/2021\/10\/Zacauilt-150x300.jpg"},{"@type":"BreadcrumbList","@id":"https:\/\/lospoliticosveracruz.com\/?p=105882#breadcrumb","itemListElement":[{"@type":"ListItem","position":1,"name":"Portada","item":"https:\/\/lospoliticosveracruz.com\/"},{"@type":"ListItem","position":2,"name":"LA REP\u00daBLICA APEDREADA"}]},{"@type":"WebSite","@id":"https:\/\/lospoliticosveracruz.com\/#website","url":"https:\/\/lospoliticosveracruz.com\/","name":"Los pol\u00edticos Veracruz","description":"","publisher":{"@id":"https:\/\/lospoliticosveracruz.com\/#organization"},"potentialAction":[{"@type":"SearchAction","target":{"@type":"EntryPoint","urlTemplate":"https:\/\/lospoliticosveracruz.com\/?s={search_term_string}"},"query-input":{"@type":"PropertyValueSpecification","valueRequired":true,"valueName":"search_term_string"}}],"inLanguage":"es"},{"@type":"Organization","@id":"https:\/\/lospoliticosveracruz.com\/#organization","name":"Los pol\u00edticos Veracruz","url":"https:\/\/lospoliticosveracruz.com\/","logo":{"@type":"ImageObject","inLanguage":"es","@id":"https:\/\/lospoliticosveracruz.com\/#\/schema\/logo\/image\/","url":"https:\/\/lospoliticosveracruz.com\/wp-content\/uploads\/2025\/12\/Logo-Nuevo-LOS-POLITICOS-1.jpg","contentUrl":"https:\/\/lospoliticosveracruz.com\/wp-content\/uploads\/2025\/12\/Logo-Nuevo-LOS-POLITICOS-1.jpg","width":260,"height":70,"caption":"Los pol\u00edticos Veracruz"},"image":{"@id":"https:\/\/lospoliticosveracruz.com\/#\/schema\/logo\/image\/"},"sameAs":["https:\/\/www.facebook.com\/people\/Notimemes-de-los-Polticos\/61565672886568\/","https:\/\/x.com\/LosPoliticosVer"]},{"@type":"Person","@id":"https:\/\/lospoliticosveracruz.com\/#\/schema\/person\/b8702bb0e538456e6efd07080bf2a4a2","name":"Lo viste en Los Pol\u00edticos","image":{"@type":"ImageObject","inLanguage":"es","@id":"https:\/\/secure.gravatar.com\/avatar\/3a8de04a2656d44082be478bd6c086daa447c4651605818287b9532d3d0bd435?s=96&d=mm&r=g","url":"https:\/\/secure.gravatar.com\/avatar\/3a8de04a2656d44082be478bd6c086daa447c4651605818287b9532d3d0bd435?s=96&d=mm&r=g","contentUrl":"https:\/\/secure.gravatar.com\/avatar\/3a8de04a2656d44082be478bd6c086daa447c4651605818287b9532d3d0bd435?s=96&d=mm&r=g","caption":"Lo viste en Los Pol\u00edticos"},"url":"https:\/\/lospoliticosveracruz.com\/?author=2"}]}},"_links":{"self":[{"href":"https:\/\/lospoliticosveracruz.com\/index.php?rest_route=\/wp\/v2\/posts\/105882","targetHints":{"allow":["GET"]}}],"collection":[{"href":"https:\/\/lospoliticosveracruz.com\/index.php?rest_route=\/wp\/v2\/posts"}],"about":[{"href":"https:\/\/lospoliticosveracruz.com\/index.php?rest_route=\/wp\/v2\/types\/post"}],"author":[{"embeddable":true,"href":"https:\/\/lospoliticosveracruz.com\/index.php?rest_route=\/wp\/v2\/users\/2"}],"replies":[{"embeddable":true,"href":"https:\/\/lospoliticosveracruz.com\/index.php?rest_route=%2Fwp%2Fv2%2Fcomments&post=105882"}],"version-history":[{"count":1,"href":"https:\/\/lospoliticosveracruz.com\/index.php?rest_route=\/wp\/v2\/posts\/105882\/revisions"}],"predecessor-version":[{"id":105883,"href":"https:\/\/lospoliticosveracruz.com\/index.php?rest_route=\/wp\/v2\/posts\/105882\/revisions\/105883"}],"wp:attachment":[{"href":"https:\/\/lospoliticosveracruz.com\/index.php?rest_route=%2Fwp%2Fv2%2Fmedia&parent=105882"}],"wp:term":[{"taxonomy":"category","embeddable":true,"href":"https:\/\/lospoliticosveracruz.com\/index.php?rest_route=%2Fwp%2Fv2%2Fcategories&post=105882"},{"taxonomy":"post_tag","embeddable":true,"href":"https:\/\/lospoliticosveracruz.com\/index.php?rest_route=%2Fwp%2Fv2%2Ftags&post=105882"}],"curies":[{"name":"wp","href":"https:\/\/api.w.org\/{rel}","templated":true}]}}