{"id":105913,"date":"2023-05-11T08:56:20","date_gmt":"2023-05-11T13:56:20","guid":{"rendered":"https:\/\/lospoliticosveracruz.com.mx\/?p=105913"},"modified":"2023-05-11T08:56:25","modified_gmt":"2023-05-11T13:56:25","slug":"morena-la-ruptura","status":"publish","type":"post","link":"https:\/\/lospoliticosveracruz.com\/?p=105913","title":{"rendered":"MORENA, LA RUPTURA"},"content":{"rendered":"\n<p><strong>Ricardo Chua<br><\/strong><em>Sale y Vale<\/em><\/p>\n\n\n\n<p><em><br><\/em>Digan lo que digan las \u00abcorcholatas\u00bb Presidenciales de MORENA, la \u00abruptura\u00bb entre los aspirantes es inminente y nadie va a quedar conforme cuando se tome la decisi\u00f3n final.. De qui\u00e9n ser\u00e1 el candidato oficial a la Presidencia de M\u00e9xico.. Esto pese a que la decisi\u00f3n puede salir de Palacio Nacional, no de la sede nacional de este partido pol\u00edtico.. Y los \u00abquiebres\u00bb llegar\u00e1n a los 9 estados donde habr\u00e1 elecciones a gobernador en este 2024: Veracruz, Jalisco, CDMX, Guanajuato, Yucat\u00e1n, Chiapas, Tabasco, Morelos y Puebla..<\/p>\n\n\n\n<figure class=\"wp-block-image size-large\"><a href=\"https:\/\/lospoliticosveracruz.com.mx\/wp-content\/uploads\/2016\/07\/Seguro-Julio-Cerecedo-2.jpg\"><img decoding=\"async\" src=\"https:\/\/lospoliticosveracruz.com.mx\/wp-content\/uploads\/2016\/07\/Seguro-Julio-Cerecedo-2-1024x381.jpg\" alt=\"\" class=\"wp-image-105879\"\/><\/a><\/figure>\n\n\n\n<p>El asunto es que muchos aspirantes a gobernador tienen afinidad con varias de las 4 \u00abcorcholatas\u00bb.. Y el problema vendr\u00e1 con los que no salgan nominados.. C\u00f3mo le har\u00e1n para parar a sus \u00abhuestes\u00bb estatales.. Que al no ser elegidos ellos como candidatos presidenciables\u2026 Es muy probable que les pase lo mismo como aspirantes a gobernador de sus estados.. Lo cual har\u00e1 que el \u00abcisma\u00bb en MORENA sea mayor.. Como esperar parar a un grupo pol\u00edtico en un partido que no conoce la \u00abdisciplina\u00bb\u2026<\/p>\n\n\n\n<p>El caso que sucede en Veracruz.. Roc\u00edo Nahle est\u00e1 con Claudia Sheinbaum y no transita con otros Presidenciables.. Lo mismo pasa con Sergio Guti\u00e9rrez que va con Ad\u00e1n Augusto L\u00f3pez o con Manuel Huerta que va con Marcelo Ebrard.. Aparte las \u00abfichas\u00bb estatales de Cuitl\u00e1huac Garc\u00eda.. C\u00f3mo puedes controlar a personajes que no se respetan entre ellos y que son capaces de ser poco cordiales con funcionarios de alto rango de Andr\u00e9s Manuel L\u00f3pez Obrador.. Como sucedi\u00f3 con Cuitl\u00e1huac Garc\u00eda y Ad\u00e1n Augusto L\u00f3pez.. Dif\u00edcil caso.. \u00bfNO?<\/p>\n\n\n\n<p><strong>ZENYAZEN, EL \u00ab\u00daLTIMO JAL\u00d3N\u00bb\u2026<\/strong> El que no cesa de buscar la nominaci\u00f3n a la gubernatura de Veracruz por MORENA, pese a que todos dicen que esta se encuentra ya en manos, hasta el momento, de Roc\u00edo Nahle, es el secretario de Educaci\u00f3n de Veracruz, Zenyazen Escobar Garc\u00eda, quien ya demostr\u00f3 el \u00abm\u00fasculo\u00bb en el d\u00e9cimo aniversario de la asociaci\u00f3n magisterial de los \u00abMaestros con MORENA\u00bb (MCM) realizado en la capital Xalapa.. Buscando ser la continuidad de esta transformaci\u00f3n en Veracruz\u2026<\/p>\n\n\n\n<p>Est\u00e1 situaci\u00f3n dej\u00f3 bien parado al titular de la SEV\u2026 Cuando casi 20 mil profesores provenientes de las 10 regiones de la geograf\u00eda veracruzana\u2026 Se congregaron en Xalapa para participar en el desfile conmemorativo por el D\u00eda del Trabajo, en el marco del 10.\u00ba aniversario de \u00abMaestros Con MORENA\u00bb\u2026 Adem\u00e1s que este personaje esper\u00f3 su turno para desfilar,sin importar los intensos rayos del sol, por lo cual, no olvida su esp\u00edritu de luchador social, igual que hace una d\u00e9cada, cuando defend\u00eda al gremio de la llamada Reforma Educativa\u2026<\/p>\n\n\n\n<p>Lo que es un hecho de que no cualquiera se atreve a hacer lo que hizo Zenyazen Escobar y, sobre todo, tener la aprobaci\u00f3n del gobernador, Cuitl\u00e1huac Garc\u00eda Jim\u00e9nez, quien siempre se ha mostrado reacio a la pol\u00edtica, no es su fuerte, porque tras liderar a los casi 20 mil maestros de la MCM, al pasar frente al templete ubicado en la Plaza Lerdo, subi\u00f3 para darle un fraternal saludo y ambos levantar el brazo en se\u00f1al de victoria, tal como lo hicieron juntos en la lucha de la defensa magisterial\u2026 Lo dicho Zenyazen es el candidato de Cuitl\u00e1huac\u2026<\/p>\n\n\n\n<p>Despu\u00e9s los maestros se concentraron en el estadio \u201cHeriberto Jara Corona\u201d, donde continu\u00f3 el festejo, pero aqu\u00ed lo importante fue el respaldo que recibi\u00f3 de los profesores y de los titulares de las principales \u00e1reas de la Secretar\u00eda de Educaci\u00f3n de Veracruz, como la oficial mayor, Ariadna Selene Aguilar Amaya; los subsecretarios de Educaci\u00f3n B\u00e1sica, Maritza Ram\u00edrez Aguilar; de Educaci\u00f3n Media Superior y Superior, Jorge Miguel Uscanga Villalba, y de Desarrollo Educativo, Mois\u00e9s P\u00e9rez Dom\u00ednguez; le reconocieron su liderazgo\u2026<\/p>\n\n\n\n<p>A ellos hay que sumarle el apoyo del presidente de la Junta de Coordinaci\u00f3n Pol\u00edtica (JUCOPO), del Congreso local, Juan Javier G\u00f3mez Cazar\u00edn; la diputada local, Illya Dolores Escobar Mart\u00ednez, y el secretario general, Domingo Baena Corbal\u00e1\u2026 Se le vio contento a Zenyazen Escobar Garc\u00eda, bail\u00f3 con las maestras al ritmo de cumbia, dejando de lado su cargo de funcionario al mezclarse con los dem\u00e1s; sencillo, as\u00ed es como debe ser todo servidor p\u00fablico, no perder el piso, porque es lo que valora la gente\u2026<\/p>\n\n\n\n<p>Lo que es un hecho es que no todo est\u00e1 dicho en el tema de la decisi\u00f3n de qui\u00e9n ser\u00e1 el candidato por MORENA al gobierno de Veracruz en 2024.. Todos andan buscando su espacio y las oportunidades necesarias para \u00absobrevivir\u00bb pol\u00edticamente.. Los funcionarios de Cuitl\u00e1huac buscan poder lograr esta postulaci\u00f3n.. Pero seguramente ser\u00e1n tomados en cuenta para otros cargos de elecci\u00f3n popular\u2026 Que pueda apuntalar a qui\u00e9n sea designado para ayudarlo a ganar\u2026 Por lo pronto, Zenyazen est\u00e1 apuntado.. AMEN..<\/p>\n\n\n\n<p><strong>DIPUTADAS VS MORENA.<\/strong>. La diputada local priista, Arianna Angeles Aguirre, siempre critic\u00f3 que sus hom\u00f3logos de MORENA, se apropian de las iniciativas de ley, que ellos realizan como legisladores de oposici\u00f3n\u2026 Ya que son los diputados del PRI, PAN y Movimiento Ciudadano presentan estas iniciativas, enseguida los diputados de MORENA hacen caso omiso a las mismas y posteriormente salen ellos \u00abarropandose\u00bb, la presentan como si fueran propias\u2026 Sin importarle que la oposici\u00f3n lo hizo antes\u2026<\/p>\n\n\n\n<p>Por algo, la legisladora dijo que hab\u00eda hasta una alevos\u00eda de los diputados de MORENA porque al apropiarse de las iniciativas\u2026 Dan al traste y a la labor que hacen los otros diputados que la presentaron primero.. Y eso es lo que no se vale.. Ya que adem\u00e1s cuando un legislador opositor las presenta, muchos de MORENA ni se enteran o no piden informes al respecto\u2026 Pero luego salen que las presenta su bancada, la apoyan y votan a favor.. No cabe duda, act\u00faan al estilo del \u00abviejo r\u00e9gimen\u00bb\u2026 LOS JUGADORES CAMBIAN, EL JUEGO NO..<\/p>\n","protected":false},"excerpt":{"rendered":"<p>Ricardo ChuaSale y Vale Digan lo que digan las \u00abcorcholatas\u00bb Presidenciales de MORENA, la \u00abruptura\u00bb entre los aspirantes es inminente y nadie va a quedar conforme cuando se tome la decisi\u00f3n final.. De qui\u00e9n ser\u00e1 el candidato oficial a la Presidencia de M\u00e9xico.. Esto pese a que la decisi\u00f3n puede salir de Palacio Nacional, no [&hellip;]<\/p>\n","protected":false},"author":2,"featured_media":0,"comment_status":"closed","ping_status":"closed","sticky":false,"template":"","format":"standard","meta":{"tdm_status":"","tdm_grid_status":"","footnotes":""},"categories":[70],"tags":[618,9627,1563,12695,38139,1026,3578,28349,12372],"class_list":{"0":"post-105913","1":"post","2":"type-post","3":"status-publish","4":"format-standard","6":"category-de-opinion","7":"tag-andres-manuel-lopez-obrador","8":"tag-claudia-sheinbaum","9":"tag-cuitlahuac-garcia-jimenez","10":"tag-juan-javier-gomez-cazarin","11":"tag-marcelo-ebrard-2","12":"tag-morena","13":"tag-rocio-nahle","14":"tag-sergio-gutierrez","15":"tag-zenyazen-escobar-garcia"},"yoast_head":"<!-- This site is optimized with the Yoast SEO plugin v27.4 - https:\/\/yoast.com\/product\/yoast-seo-wordpress\/ -->\n<title>MORENA, LA RUPTURA - Los pol\u00edticos Veracruz<\/title>\n<meta name=\"robots\" content=\"index, follow, max-snippet:-1, max-image-preview:large, max-video-preview:-1\" \/>\n<link rel=\"canonical\" href=\"https:\/\/lospoliticosveracruz.com\/?p=105913\" \/>\n<meta property=\"og:locale\" content=\"es_ES\" \/>\n<meta property=\"og:type\" content=\"article\" \/>\n<meta property=\"og:title\" content=\"MORENA, LA RUPTURA - Los pol\u00edticos Veracruz\" \/>\n<meta property=\"og:description\" content=\"Ricardo ChuaSale y Vale Digan lo que digan las \u00abcorcholatas\u00bb Presidenciales de MORENA, la \u00abruptura\u00bb entre los aspirantes es inminente y nadie va a quedar conforme cuando se tome la decisi\u00f3n final.. De qui\u00e9n ser\u00e1 el candidato oficial a la Presidencia de M\u00e9xico.. Esto pese a que la decisi\u00f3n puede salir de Palacio Nacional, no [&hellip;]\" \/>\n<meta property=\"og:url\" content=\"https:\/\/lospoliticosveracruz.com\/?p=105913\" \/>\n<meta property=\"og:site_name\" content=\"Los pol\u00edticos Veracruz\" \/>\n<meta property=\"article:publisher\" content=\"https:\/\/www.facebook.com\/people\/Notimemes-de-los-Polticos\/61565672886568\/\" \/>\n<meta property=\"article:published_time\" content=\"2023-05-11T13:56:20+00:00\" \/>\n<meta property=\"article:modified_time\" content=\"2023-05-11T13:56:25+00:00\" \/>\n<meta property=\"og:image\" content=\"https:\/\/lospoliticosveracruz.com.mx\/wp-content\/uploads\/2016\/07\/Seguro-Julio-Cerecedo-2-1024x381.jpg\" \/>\n<meta name=\"author\" content=\"Lo viste en Los Pol\u00edticos\" \/>\n<meta name=\"twitter:card\" content=\"summary_large_image\" \/>\n<meta name=\"twitter:creator\" content=\"@LosPoliticosVer\" \/>\n<meta name=\"twitter:site\" content=\"@LosPoliticosVer\" \/>\n<meta name=\"twitter:label1\" content=\"Escrito por\" \/>\n\t<meta name=\"twitter:data1\" content=\"Lo viste en Los Pol\u00edticos\" \/>\n\t<meta name=\"twitter:label2\" content=\"Tiempo de lectura\" \/>\n\t<meta name=\"twitter:data2\" content=\"5 minutos\" \/>\n<script type=\"application\/ld+json\" class=\"yoast-schema-graph\">{\"@context\":\"https:\\\/\\\/schema.org\",\"@graph\":[{\"@type\":\"Article\",\"@id\":\"https:\\\/\\\/lospoliticosveracruz.com\\\/?p=105913#article\",\"isPartOf\":{\"@id\":\"https:\\\/\\\/lospoliticosveracruz.com\\\/?p=105913\"},\"author\":{\"name\":\"Lo viste en Los Pol\u00edticos\",\"@id\":\"https:\\\/\\\/lospoliticosveracruz.com\\\/#\\\/schema\\\/person\\\/b8702bb0e538456e6efd07080bf2a4a2\"},\"headline\":\"MORENA, LA RUPTURA\",\"datePublished\":\"2023-05-11T13:56:20+00:00\",\"dateModified\":\"2023-05-11T13:56:25+00:00\",\"mainEntityOfPage\":{\"@id\":\"https:\\\/\\\/lospoliticosveracruz.com\\\/?p=105913\"},\"wordCount\":1020,\"publisher\":{\"@id\":\"https:\\\/\\\/lospoliticosveracruz.com\\\/#organization\"},\"image\":{\"@id\":\"https:\\\/\\\/lospoliticosveracruz.com\\\/?p=105913#primaryimage\"},\"thumbnailUrl\":\"https:\\\/\\\/lospoliticosveracruz.com.mx\\\/wp-content\\\/uploads\\\/2016\\\/07\\\/Seguro-Julio-Cerecedo-2-1024x381.jpg\",\"keywords\":[\"Andr\u00e9s Manuel L\u00f3pez Obrador\",\"Claudia Sheinbaum\",\"Cuitl\u00e1huac Garc\u00eda Jim\u00e9nez\",\"Juan Javier G\u00f3mez Cazar\u00edn\",\"Marcelo Ebrard.\",\"Morena\",\"Roc\u00edo Nahle\",\"Sergio Guti\u00e9rrez\",\"Zenyazen Escobar Garc\u00eda\"],\"articleSection\":[\"De Opini\u00f3n\"],\"inLanguage\":\"es\"},{\"@type\":\"WebPage\",\"@id\":\"https:\\\/\\\/lospoliticosveracruz.com\\\/?p=105913\",\"url\":\"https:\\\/\\\/lospoliticosveracruz.com\\\/?p=105913\",\"name\":\"MORENA, LA RUPTURA - Los pol\u00edticos Veracruz\",\"isPartOf\":{\"@id\":\"https:\\\/\\\/lospoliticosveracruz.com\\\/#website\"},\"primaryImageOfPage\":{\"@id\":\"https:\\\/\\\/lospoliticosveracruz.com\\\/?p=105913#primaryimage\"},\"image\":{\"@id\":\"https:\\\/\\\/lospoliticosveracruz.com\\\/?p=105913#primaryimage\"},\"thumbnailUrl\":\"https:\\\/\\\/lospoliticosveracruz.com.mx\\\/wp-content\\\/uploads\\\/2016\\\/07\\\/Seguro-Julio-Cerecedo-2-1024x381.jpg\",\"datePublished\":\"2023-05-11T13:56:20+00:00\",\"dateModified\":\"2023-05-11T13:56:25+00:00\",\"breadcrumb\":{\"@id\":\"https:\\\/\\\/lospoliticosveracruz.com\\\/?p=105913#breadcrumb\"},\"inLanguage\":\"es\",\"potentialAction\":[{\"@type\":\"ReadAction\",\"target\":[\"https:\\\/\\\/lospoliticosveracruz.com\\\/?p=105913\"]}]},{\"@type\":\"ImageObject\",\"inLanguage\":\"es\",\"@id\":\"https:\\\/\\\/lospoliticosveracruz.com\\\/?p=105913#primaryimage\",\"url\":\"https:\\\/\\\/lospoliticosveracruz.com.mx\\\/wp-content\\\/uploads\\\/2016\\\/07\\\/Seguro-Julio-Cerecedo-2-1024x381.jpg\",\"contentUrl\":\"https:\\\/\\\/lospoliticosveracruz.com.mx\\\/wp-content\\\/uploads\\\/2016\\\/07\\\/Seguro-Julio-Cerecedo-2-1024x381.jpg\"},{\"@type\":\"BreadcrumbList\",\"@id\":\"https:\\\/\\\/lospoliticosveracruz.com\\\/?p=105913#breadcrumb\",\"itemListElement\":[{\"@type\":\"ListItem\",\"position\":1,\"name\":\"Portada\",\"item\":\"https:\\\/\\\/lospoliticosveracruz.com\\\/\"},{\"@type\":\"ListItem\",\"position\":2,\"name\":\"MORENA, LA RUPTURA\"}]},{\"@type\":\"WebSite\",\"@id\":\"https:\\\/\\\/lospoliticosveracruz.com\\\/#website\",\"url\":\"https:\\\/\\\/lospoliticosveracruz.com\\\/\",\"name\":\"Los pol\u00edticos Veracruz\",\"description\":\"\",\"publisher\":{\"@id\":\"https:\\\/\\\/lospoliticosveracruz.com\\\/#organization\"},\"potentialAction\":[{\"@type\":\"SearchAction\",\"target\":{\"@type\":\"EntryPoint\",\"urlTemplate\":\"https:\\\/\\\/lospoliticosveracruz.com\\\/?s={search_term_string}\"},\"query-input\":{\"@type\":\"PropertyValueSpecification\",\"valueRequired\":true,\"valueName\":\"search_term_string\"}}],\"inLanguage\":\"es\"},{\"@type\":\"Organization\",\"@id\":\"https:\\\/\\\/lospoliticosveracruz.com\\\/#organization\",\"name\":\"Los pol\u00edticos Veracruz\",\"url\":\"https:\\\/\\\/lospoliticosveracruz.com\\\/\",\"logo\":{\"@type\":\"ImageObject\",\"inLanguage\":\"es\",\"@id\":\"https:\\\/\\\/lospoliticosveracruz.com\\\/#\\\/schema\\\/logo\\\/image\\\/\",\"url\":\"https:\\\/\\\/lospoliticosveracruz.com\\\/wp-content\\\/uploads\\\/2025\\\/12\\\/Logo-Nuevo-LOS-POLITICOS-1.jpg\",\"contentUrl\":\"https:\\\/\\\/lospoliticosveracruz.com\\\/wp-content\\\/uploads\\\/2025\\\/12\\\/Logo-Nuevo-LOS-POLITICOS-1.jpg\",\"width\":260,\"height\":70,\"caption\":\"Los pol\u00edticos Veracruz\"},\"image\":{\"@id\":\"https:\\\/\\\/lospoliticosveracruz.com\\\/#\\\/schema\\\/logo\\\/image\\\/\"},\"sameAs\":[\"https:\\\/\\\/www.facebook.com\\\/people\\\/Notimemes-de-los-Polticos\\\/61565672886568\\\/\",\"https:\\\/\\\/x.com\\\/LosPoliticosVer\"]},{\"@type\":\"Person\",\"@id\":\"https:\\\/\\\/lospoliticosveracruz.com\\\/#\\\/schema\\\/person\\\/b8702bb0e538456e6efd07080bf2a4a2\",\"name\":\"Lo viste en Los Pol\u00edticos\",\"image\":{\"@type\":\"ImageObject\",\"inLanguage\":\"es\",\"@id\":\"https:\\\/\\\/secure.gravatar.com\\\/avatar\\\/3a8de04a2656d44082be478bd6c086daa447c4651605818287b9532d3d0bd435?s=96&d=mm&r=g\",\"url\":\"https:\\\/\\\/secure.gravatar.com\\\/avatar\\\/3a8de04a2656d44082be478bd6c086daa447c4651605818287b9532d3d0bd435?s=96&d=mm&r=g\",\"contentUrl\":\"https:\\\/\\\/secure.gravatar.com\\\/avatar\\\/3a8de04a2656d44082be478bd6c086daa447c4651605818287b9532d3d0bd435?s=96&d=mm&r=g\",\"caption\":\"Lo viste en Los Pol\u00edticos\"},\"url\":\"https:\\\/\\\/lospoliticosveracruz.com\\\/?author=2\"}]}<\/script>\n<!-- \/ Yoast SEO plugin. -->","yoast_head_json":{"title":"MORENA, LA RUPTURA - Los pol\u00edticos Veracruz","robots":{"index":"index","follow":"follow","max-snippet":"max-snippet:-1","max-image-preview":"max-image-preview:large","max-video-preview":"max-video-preview:-1"},"canonical":"https:\/\/lospoliticosveracruz.com\/?p=105913","og_locale":"es_ES","og_type":"article","og_title":"MORENA, LA RUPTURA - Los pol\u00edticos Veracruz","og_description":"Ricardo ChuaSale y Vale Digan lo que digan las \u00abcorcholatas\u00bb Presidenciales de MORENA, la \u00abruptura\u00bb entre los aspirantes es inminente y nadie va a quedar conforme cuando se tome la decisi\u00f3n final.. De qui\u00e9n ser\u00e1 el candidato oficial a la Presidencia de M\u00e9xico.. Esto pese a que la decisi\u00f3n puede salir de Palacio Nacional, no [&hellip;]","og_url":"https:\/\/lospoliticosveracruz.com\/?p=105913","og_site_name":"Los pol\u00edticos Veracruz","article_publisher":"https:\/\/www.facebook.com\/people\/Notimemes-de-los-Polticos\/61565672886568\/","article_published_time":"2023-05-11T13:56:20+00:00","article_modified_time":"2023-05-11T13:56:25+00:00","og_image":[{"url":"https:\/\/lospoliticosveracruz.com.mx\/wp-content\/uploads\/2016\/07\/Seguro-Julio-Cerecedo-2-1024x381.jpg","type":"","width":"","height":""}],"author":"Lo viste en Los Pol\u00edticos","twitter_card":"summary_large_image","twitter_creator":"@LosPoliticosVer","twitter_site":"@LosPoliticosVer","twitter_misc":{"Escrito por":"Lo viste en Los Pol\u00edticos","Tiempo de lectura":"5 minutos"},"schema":{"@context":"https:\/\/schema.org","@graph":[{"@type":"Article","@id":"https:\/\/lospoliticosveracruz.com\/?p=105913#article","isPartOf":{"@id":"https:\/\/lospoliticosveracruz.com\/?p=105913"},"author":{"name":"Lo viste en Los Pol\u00edticos","@id":"https:\/\/lospoliticosveracruz.com\/#\/schema\/person\/b8702bb0e538456e6efd07080bf2a4a2"},"headline":"MORENA, LA RUPTURA","datePublished":"2023-05-11T13:56:20+00:00","dateModified":"2023-05-11T13:56:25+00:00","mainEntityOfPage":{"@id":"https:\/\/lospoliticosveracruz.com\/?p=105913"},"wordCount":1020,"publisher":{"@id":"https:\/\/lospoliticosveracruz.com\/#organization"},"image":{"@id":"https:\/\/lospoliticosveracruz.com\/?p=105913#primaryimage"},"thumbnailUrl":"https:\/\/lospoliticosveracruz.com.mx\/wp-content\/uploads\/2016\/07\/Seguro-Julio-Cerecedo-2-1024x381.jpg","keywords":["Andr\u00e9s Manuel L\u00f3pez Obrador","Claudia Sheinbaum","Cuitl\u00e1huac Garc\u00eda Jim\u00e9nez","Juan Javier G\u00f3mez Cazar\u00edn","Marcelo Ebrard.","Morena","Roc\u00edo Nahle","Sergio Guti\u00e9rrez","Zenyazen Escobar Garc\u00eda"],"articleSection":["De Opini\u00f3n"],"inLanguage":"es"},{"@type":"WebPage","@id":"https:\/\/lospoliticosveracruz.com\/?p=105913","url":"https:\/\/lospoliticosveracruz.com\/?p=105913","name":"MORENA, LA RUPTURA - Los pol\u00edticos Veracruz","isPartOf":{"@id":"https:\/\/lospoliticosveracruz.com\/#website"},"primaryImageOfPage":{"@id":"https:\/\/lospoliticosveracruz.com\/?p=105913#primaryimage"},"image":{"@id":"https:\/\/lospoliticosveracruz.com\/?p=105913#primaryimage"},"thumbnailUrl":"https:\/\/lospoliticosveracruz.com.mx\/wp-content\/uploads\/2016\/07\/Seguro-Julio-Cerecedo-2-1024x381.jpg","datePublished":"2023-05-11T13:56:20+00:00","dateModified":"2023-05-11T13:56:25+00:00","breadcrumb":{"@id":"https:\/\/lospoliticosveracruz.com\/?p=105913#breadcrumb"},"inLanguage":"es","potentialAction":[{"@type":"ReadAction","target":["https:\/\/lospoliticosveracruz.com\/?p=105913"]}]},{"@type":"ImageObject","inLanguage":"es","@id":"https:\/\/lospoliticosveracruz.com\/?p=105913#primaryimage","url":"https:\/\/lospoliticosveracruz.com.mx\/wp-content\/uploads\/2016\/07\/Seguro-Julio-Cerecedo-2-1024x381.jpg","contentUrl":"https:\/\/lospoliticosveracruz.com.mx\/wp-content\/uploads\/2016\/07\/Seguro-Julio-Cerecedo-2-1024x381.jpg"},{"@type":"BreadcrumbList","@id":"https:\/\/lospoliticosveracruz.com\/?p=105913#breadcrumb","itemListElement":[{"@type":"ListItem","position":1,"name":"Portada","item":"https:\/\/lospoliticosveracruz.com\/"},{"@type":"ListItem","position":2,"name":"MORENA, LA RUPTURA"}]},{"@type":"WebSite","@id":"https:\/\/lospoliticosveracruz.com\/#website","url":"https:\/\/lospoliticosveracruz.com\/","name":"Los pol\u00edticos Veracruz","description":"","publisher":{"@id":"https:\/\/lospoliticosveracruz.com\/#organization"},"potentialAction":[{"@type":"SearchAction","target":{"@type":"EntryPoint","urlTemplate":"https:\/\/lospoliticosveracruz.com\/?s={search_term_string}"},"query-input":{"@type":"PropertyValueSpecification","valueRequired":true,"valueName":"search_term_string"}}],"inLanguage":"es"},{"@type":"Organization","@id":"https:\/\/lospoliticosveracruz.com\/#organization","name":"Los pol\u00edticos Veracruz","url":"https:\/\/lospoliticosveracruz.com\/","logo":{"@type":"ImageObject","inLanguage":"es","@id":"https:\/\/lospoliticosveracruz.com\/#\/schema\/logo\/image\/","url":"https:\/\/lospoliticosveracruz.com\/wp-content\/uploads\/2025\/12\/Logo-Nuevo-LOS-POLITICOS-1.jpg","contentUrl":"https:\/\/lospoliticosveracruz.com\/wp-content\/uploads\/2025\/12\/Logo-Nuevo-LOS-POLITICOS-1.jpg","width":260,"height":70,"caption":"Los pol\u00edticos Veracruz"},"image":{"@id":"https:\/\/lospoliticosveracruz.com\/#\/schema\/logo\/image\/"},"sameAs":["https:\/\/www.facebook.com\/people\/Notimemes-de-los-Polticos\/61565672886568\/","https:\/\/x.com\/LosPoliticosVer"]},{"@type":"Person","@id":"https:\/\/lospoliticosveracruz.com\/#\/schema\/person\/b8702bb0e538456e6efd07080bf2a4a2","name":"Lo viste en Los Pol\u00edticos","image":{"@type":"ImageObject","inLanguage":"es","@id":"https:\/\/secure.gravatar.com\/avatar\/3a8de04a2656d44082be478bd6c086daa447c4651605818287b9532d3d0bd435?s=96&d=mm&r=g","url":"https:\/\/secure.gravatar.com\/avatar\/3a8de04a2656d44082be478bd6c086daa447c4651605818287b9532d3d0bd435?s=96&d=mm&r=g","contentUrl":"https:\/\/secure.gravatar.com\/avatar\/3a8de04a2656d44082be478bd6c086daa447c4651605818287b9532d3d0bd435?s=96&d=mm&r=g","caption":"Lo viste en Los Pol\u00edticos"},"url":"https:\/\/lospoliticosveracruz.com\/?author=2"}]}},"_links":{"self":[{"href":"https:\/\/lospoliticosveracruz.com\/index.php?rest_route=\/wp\/v2\/posts\/105913","targetHints":{"allow":["GET"]}}],"collection":[{"href":"https:\/\/lospoliticosveracruz.com\/index.php?rest_route=\/wp\/v2\/posts"}],"about":[{"href":"https:\/\/lospoliticosveracruz.com\/index.php?rest_route=\/wp\/v2\/types\/post"}],"author":[{"embeddable":true,"href":"https:\/\/lospoliticosveracruz.com\/index.php?rest_route=\/wp\/v2\/users\/2"}],"replies":[{"embeddable":true,"href":"https:\/\/lospoliticosveracruz.com\/index.php?rest_route=%2Fwp%2Fv2%2Fcomments&post=105913"}],"version-history":[{"count":1,"href":"https:\/\/lospoliticosveracruz.com\/index.php?rest_route=\/wp\/v2\/posts\/105913\/revisions"}],"predecessor-version":[{"id":105915,"href":"https:\/\/lospoliticosveracruz.com\/index.php?rest_route=\/wp\/v2\/posts\/105913\/revisions\/105915"}],"wp:attachment":[{"href":"https:\/\/lospoliticosveracruz.com\/index.php?rest_route=%2Fwp%2Fv2%2Fmedia&parent=105913"}],"wp:term":[{"taxonomy":"category","embeddable":true,"href":"https:\/\/lospoliticosveracruz.com\/index.php?rest_route=%2Fwp%2Fv2%2Fcategories&post=105913"},{"taxonomy":"post_tag","embeddable":true,"href":"https:\/\/lospoliticosveracruz.com\/index.php?rest_route=%2Fwp%2Fv2%2Ftags&post=105913"}],"curies":[{"name":"wp","href":"https:\/\/api.w.org\/{rel}","templated":true}]}}