{"id":105966,"date":"2023-05-12T08:54:23","date_gmt":"2023-05-12T13:54:23","guid":{"rendered":"https:\/\/lospoliticosveracruz.com.mx\/?p=105966"},"modified":"2023-05-12T08:54:28","modified_gmt":"2023-05-12T13:54:28","slug":"hacia-donde-vamos","status":"publish","type":"post","link":"https:\/\/lospoliticosveracruz.com\/?p=105966","title":{"rendered":"\u00bfHACIA D\u00d3NDE VAMOS?"},"content":{"rendered":"\n<p><strong>Miguel \u00c1ngel G\u00f3mez Ruiz<br><\/strong><em>Contrapunto<\/em><\/p>\n\n\n\n<p>Imagine usted que el pr\u00f3ximo a\u00f1o, si funcionaran cualesquiera de los planes del gobierno, el \u201ca\u201d, el \u201cb\u201d o el \u201cc\u201d, quiz\u00e1 el \u201cg\u201d o cualquier otra letra del abecedario. Qu\u00e9 tal si el presidente L\u00f3pez Obrador le dice a alguna de sus \u201ccorcholatas\u201d que est\u00e1 listo para seguir al frente del pa\u00eds. Total, se siente en control de millones de mexicanos tras darles becas y apoyos y hacerles creer que ese dinero sale de su bolsillo.<\/p>\n\n\n\n<figure class=\"wp-block-image size-large\"><a href=\"https:\/\/lospoliticosveracruz.com.mx\/wp-content\/uploads\/2016\/07\/Seguro-Julio-Cerecedo-2.jpg\"><img decoding=\"async\" src=\"https:\/\/lospoliticosveracruz.com.mx\/wp-content\/uploads\/2016\/07\/Seguro-Julio-Cerecedo-2-1024x381.jpg\" alt=\"\" class=\"wp-image-105879\"\/><\/a><\/figure>\n\n\n\n<p>De pronto, \u00e9l se queda en el poder de 2024 en adelante, hasta que el cuerpo aguante y aunque haya gente que no est\u00e9 contenta \u00e9l va a querer seguir. En un momento dado ordena el encarcelamiento de sus opositores, ordena la creaci\u00f3n de una nueva Corte y ordena al ej\u00e9rcito vigilar las calles.<\/p>\n\n\n\n<p>En edificios altos y en cualquier barda del pa\u00eds se coloca su imagen y encima, ordena que los ni\u00f1os y j\u00f3venes en las escuelas elogien su imagen y las escoltas lleven una bandera con su efigie al lado de la bandera mexicana.<\/p>\n\n\n\n<p>Peor a\u00fan, cesa la importaci\u00f3n de productos de belleza, qu\u00edmicos, medicinas, deportivos, en fin, decide que ya no se comprar\u00e1 nada de eso, que lo que haga falta lo producir\u00e1 el pa\u00eds.<\/p>\n\n\n\n<p>Las empresas fuertes o est\u00e1n con \u00e9l o desaparecen. Imagine a los propietarios de Vitro, Coca Cola o TAMSA decidir si se van del pa\u00eds y dejan las instalaciones, pues los sindicalizados tienen el control de las factor\u00edas, respaldados por su presidente.<\/p>\n\n\n\n<p>No importar\u00e1 que usted no trabaje pues cada dos meses, o tres, o cuatro, saldr\u00e1 un \u201cbilletito\u201d para que usted compre lo que quiera, o m\u00e1s bien, salga a las tiendas a tratar de comprar algo de comida.<\/p>\n\n\n\n<p>Al pa\u00eds seguir\u00e1n llegando migrantes que competir\u00e1n con usted por alg\u00fan trabajo, no importa cu\u00e1l, pero ir\u00e1 a competir porque su esposa, sus hijos y adultos mayores de la casa tienen hambre.<\/p>\n\n\n\n<p>Ya no habr\u00e1 facilidades para viajar pues s\u00f3lo lo har\u00e1n los obradoristas que est\u00e9n sujetos a los planes de su presidente, porque es cierto, no existe un diputado, o senador, o gobernador o alcalde que no quiera darle gusto al presidente. La Constituci\u00f3n o los reglamentos les valdr\u00e1n madre, todo sea por tener a gusto a su l\u00edder m\u00e1ximo.<\/p>\n\n\n\n<p>Las c\u00e1rceles se poblar\u00e1n de opositores y de todos aquellos que salgan a buscar un pedazo de pan o que no est\u00e9n de acuerdo con las pol\u00edticas del l\u00edder.<\/p>\n\n\n\n<p>Habr\u00e1 menos empleos y menos dinero y se correr\u00e1 el riesgo de que de los importes de las remesas, una parte se la quede el gobierno y quiz\u00e1 una peque\u00f1a parte caiga en sus manos, total, el env\u00edo era para usted.<\/p>\n\n\n\n<p>La educaci\u00f3n consistir\u00e1 en que se magnificar\u00e1 el obradorismo y la izquierda en s\u00ed, resaltando los \u00e9xitos de pa\u00edses como Cuba, Venezuela, Nicaragua, Colombia y Argentina, entre otros. Encima, todos los ni\u00f1os pasar\u00e1n sus cursos, no habr\u00e1 reprobados y no importa, a los 12 a\u00f1os ya estar\u00e1n listos para trabajar, aunque los salarios sean raqu\u00edticos.<\/p>\n\n\n\n<p>La atenci\u00f3n hospitalaria no ser\u00e1 como en Dinamarca, de hecho nunca lo ser\u00e1, todos los enfermos aunque no tengan registro en el IMSS ser\u00e1n atendidos all\u00ed, por orden del l\u00edder m\u00e1ximo, aunque haya personas que demorar\u00e1n varios d\u00edas en ser atendidos y con suerte, ser\u00e1n hospitalizados en semanas, aunque su enfermedad sea considerada de gravedad.<\/p>\n\n\n\n<p>La televisi\u00f3n estar\u00e1 llena de spots de la 4\u00aa transformaci\u00f3n y aunque no haya logros usted ver\u00e1 que se va a destacar el tema de las becas, los bancos del Bienestar, los abortos en cl\u00ednicas de salud del gobierno y por supuesto, durante varias horas del d\u00eda, publicar\u00e1n la semblanza del l\u00edder m\u00e1ximo.<\/p>\n\n\n\n<p>Usted no podr\u00e1 comprar en grandes tiendas pues todo estar\u00e1 a precios que no podr\u00e1 pagar con facilidad. Tendr\u00e1 su par de zapatos, quiz\u00e1 uno o dos pantalones y varias camisas. Con suerte dos pares de calcetines y un peine. Su esposa estar\u00e1 casi igual y sus hijos, con suerte, tendr\u00e1n tambi\u00e9n dos o tres mudas.<\/p>\n\n\n\n<p>La pregunta obligada ser\u00eda \u00bfEso es lo que queremos? \u00bfDe verdad?<\/p>\n\n\n\n<p>Por muchos a\u00f1os nos quejamos de las injusticias, de los bajos sueldos, de la corrupci\u00f3n que hab\u00eda en alguno que otro sector, pero nunca nos falt\u00f3 atenci\u00f3n hospitalaria, por ejemplo.<\/p>\n\n\n\n<p>Los precios de los alimentos eran accesibles y hasta pod\u00edamos decidir si comprar o no en alg\u00fan supermercado. Hasta eso tenemos el riesgo de perder, pues a nuestro presidente le gustan las cosas como \u00e9l quiere. Si sus hijos, los L\u00f3pez tienen acceso a todo eso le place y no le importa c\u00f3mo, s\u00f3lo que no los acusen de corruptos.<\/p>\n\n\n\n<p>Lo de Segalmex, Pemex, el Tren Maya, la refiner\u00eda Dos Bocas, el AIFA y cualquier otra cosa que navegue en la irregularidad es lo de menos, con decir que todo est\u00e1 bien convence a sus seguidores y todo sigue igual.<\/p>\n\n\n\n<p>Pero hasta sus m\u00e1s entra\u00f1ables seguidores deber\u00edan leer dos o tres veces las l\u00edneas de arriba, porque aunque se nos haga que eso no va a pasar estaremos corriendo esos riesgos. La relaci\u00f3n con Estados Unidos y Canad\u00e1, por ejemplo, se ir\u00e1 deteriorando y por el contrario, habr\u00e1 todo para la izquierda y eso lo vemos, llegan los migrantes que no quieren vivir en esos para\u00edsos y se les env\u00eda dinero sin ning\u00fan problema. Para ellos todo.<\/p>\n\n\n\n<p>Adem\u00e1s, ninguna dictadura fue exitosa. Ninguna.<\/p>\n\n\n\n<p>PD Ya andamos por los 30 y tantos feminicidios en Veracruz. Sigue afect\u00e1ndose a las mujeres en todos los sentidos. Laboral, profesional y en seguridad. La muerte de mujeres es un asunto que debe tenernos en alerta, pues muchos tenemos mam\u00e1, hermanas e hijas y no quisi\u00e9ramos que sufrieran por ning\u00fan motivo.<\/p>\n\n\n\n<p>Y hasta las trabajadoras del gobierno son menospreciadas. Hace algunos d\u00edas se entreg\u00f3 un apoyo a madres trabajadoras del DIF estatal. Seg\u00fan me comentaron fue un apoyo de mil pesos. Sin embargo, en el DIF se ocuparon de hacer descuentos que oscilaron entre los 200 y 400 pesos, as\u00ed que el apoyo fue muy peque\u00f1o para las trabajadoras. Se vieron muy pinches los funcionarios de la instituci\u00f3n al no pagar ellos el ISR o el impuesto que correspond\u00eda. El detalle fue fregar al pr\u00f3jimo. As\u00ed es este gobierno.<\/p>\n","protected":false},"excerpt":{"rendered":"<p>Miguel \u00c1ngel G\u00f3mez RuizContrapunto Imagine usted que el pr\u00f3ximo a\u00f1o, si funcionaran cualesquiera de los planes del gobierno, el \u201ca\u201d, el \u201cb\u201d o el \u201cc\u201d, quiz\u00e1 el \u201cg\u201d o cualquier otra letra del abecedario. Qu\u00e9 tal si el presidente L\u00f3pez Obrador le dice a alguna de sus \u201ccorcholatas\u201d que est\u00e1 listo para seguir al frente [&hellip;]<\/p>\n","protected":false},"author":2,"featured_media":0,"comment_status":"closed","ping_status":"closed","sticky":false,"template":"","format":"standard","meta":{"tdm_status":"","tdm_grid_status":"","footnotes":""},"categories":[70],"tags":[618,826,28370,1026],"class_list":{"0":"post-105966","1":"post","2":"type-post","3":"status-publish","4":"format-standard","6":"category-de-opinion","7":"tag-andres-manuel-lopez-obrador","8":"tag-feminicidios","9":"tag-miguel-angel-gomez-ruiz","10":"tag-morena"},"yoast_head":"<!-- This site is optimized with the Yoast SEO plugin v27.4 - https:\/\/yoast.com\/product\/yoast-seo-wordpress\/ -->\n<title>\u00bfHACIA D\u00d3NDE VAMOS? - Los pol\u00edticos Veracruz<\/title>\n<meta name=\"robots\" content=\"index, follow, max-snippet:-1, max-image-preview:large, max-video-preview:-1\" \/>\n<link rel=\"canonical\" href=\"https:\/\/lospoliticosveracruz.com\/?p=105966\" \/>\n<meta property=\"og:locale\" content=\"es_ES\" \/>\n<meta property=\"og:type\" content=\"article\" \/>\n<meta property=\"og:title\" content=\"\u00bfHACIA D\u00d3NDE VAMOS? - Los pol\u00edticos Veracruz\" \/>\n<meta property=\"og:description\" content=\"Miguel \u00c1ngel G\u00f3mez RuizContrapunto Imagine usted que el pr\u00f3ximo a\u00f1o, si funcionaran cualesquiera de los planes del gobierno, el \u201ca\u201d, el \u201cb\u201d o el \u201cc\u201d, quiz\u00e1 el \u201cg\u201d o cualquier otra letra del abecedario. Qu\u00e9 tal si el presidente L\u00f3pez Obrador le dice a alguna de sus \u201ccorcholatas\u201d que est\u00e1 listo para seguir al frente [&hellip;]\" \/>\n<meta property=\"og:url\" content=\"https:\/\/lospoliticosveracruz.com\/?p=105966\" \/>\n<meta property=\"og:site_name\" content=\"Los pol\u00edticos Veracruz\" \/>\n<meta property=\"article:publisher\" content=\"https:\/\/www.facebook.com\/people\/Notimemes-de-los-Polticos\/61565672886568\/\" \/>\n<meta property=\"article:published_time\" content=\"2023-05-12T13:54:23+00:00\" \/>\n<meta property=\"article:modified_time\" content=\"2023-05-12T13:54:28+00:00\" \/>\n<meta property=\"og:image\" content=\"https:\/\/lospoliticosveracruz.com.mx\/wp-content\/uploads\/2016\/07\/Seguro-Julio-Cerecedo-2-1024x381.jpg\" \/>\n<meta name=\"author\" content=\"Lo viste en Los Pol\u00edticos\" \/>\n<meta name=\"twitter:card\" content=\"summary_large_image\" \/>\n<meta name=\"twitter:creator\" content=\"@LosPoliticosVer\" \/>\n<meta name=\"twitter:site\" content=\"@LosPoliticosVer\" \/>\n<meta name=\"twitter:label1\" content=\"Escrito por\" \/>\n\t<meta name=\"twitter:data1\" content=\"Lo viste en Los Pol\u00edticos\" \/>\n\t<meta name=\"twitter:label2\" content=\"Tiempo de lectura\" \/>\n\t<meta name=\"twitter:data2\" content=\"6 minutos\" \/>\n<script type=\"application\/ld+json\" class=\"yoast-schema-graph\">{\"@context\":\"https:\\\/\\\/schema.org\",\"@graph\":[{\"@type\":\"Article\",\"@id\":\"https:\\\/\\\/lospoliticosveracruz.com\\\/?p=105966#article\",\"isPartOf\":{\"@id\":\"https:\\\/\\\/lospoliticosveracruz.com\\\/?p=105966\"},\"author\":{\"name\":\"Lo viste en Los Pol\u00edticos\",\"@id\":\"https:\\\/\\\/lospoliticosveracruz.com\\\/#\\\/schema\\\/person\\\/b8702bb0e538456e6efd07080bf2a4a2\"},\"headline\":\"\u00bfHACIA D\u00d3NDE VAMOS?\",\"datePublished\":\"2023-05-12T13:54:23+00:00\",\"dateModified\":\"2023-05-12T13:54:28+00:00\",\"mainEntityOfPage\":{\"@id\":\"https:\\\/\\\/lospoliticosveracruz.com\\\/?p=105966\"},\"wordCount\":1121,\"publisher\":{\"@id\":\"https:\\\/\\\/lospoliticosveracruz.com\\\/#organization\"},\"image\":{\"@id\":\"https:\\\/\\\/lospoliticosveracruz.com\\\/?p=105966#primaryimage\"},\"thumbnailUrl\":\"https:\\\/\\\/lospoliticosveracruz.com.mx\\\/wp-content\\\/uploads\\\/2016\\\/07\\\/Seguro-Julio-Cerecedo-2-1024x381.jpg\",\"keywords\":[\"Andr\u00e9s Manuel L\u00f3pez Obrador\",\"feminicidios\",\"Miguel \u00c1ngel G\u00f3mez Ruiz\",\"Morena\"],\"articleSection\":[\"De Opini\u00f3n\"],\"inLanguage\":\"es\"},{\"@type\":\"WebPage\",\"@id\":\"https:\\\/\\\/lospoliticosveracruz.com\\\/?p=105966\",\"url\":\"https:\\\/\\\/lospoliticosveracruz.com\\\/?p=105966\",\"name\":\"\u00bfHACIA D\u00d3NDE VAMOS? - Los pol\u00edticos Veracruz\",\"isPartOf\":{\"@id\":\"https:\\\/\\\/lospoliticosveracruz.com\\\/#website\"},\"primaryImageOfPage\":{\"@id\":\"https:\\\/\\\/lospoliticosveracruz.com\\\/?p=105966#primaryimage\"},\"image\":{\"@id\":\"https:\\\/\\\/lospoliticosveracruz.com\\\/?p=105966#primaryimage\"},\"thumbnailUrl\":\"https:\\\/\\\/lospoliticosveracruz.com.mx\\\/wp-content\\\/uploads\\\/2016\\\/07\\\/Seguro-Julio-Cerecedo-2-1024x381.jpg\",\"datePublished\":\"2023-05-12T13:54:23+00:00\",\"dateModified\":\"2023-05-12T13:54:28+00:00\",\"breadcrumb\":{\"@id\":\"https:\\\/\\\/lospoliticosveracruz.com\\\/?p=105966#breadcrumb\"},\"inLanguage\":\"es\",\"potentialAction\":[{\"@type\":\"ReadAction\",\"target\":[\"https:\\\/\\\/lospoliticosveracruz.com\\\/?p=105966\"]}]},{\"@type\":\"ImageObject\",\"inLanguage\":\"es\",\"@id\":\"https:\\\/\\\/lospoliticosveracruz.com\\\/?p=105966#primaryimage\",\"url\":\"https:\\\/\\\/lospoliticosveracruz.com.mx\\\/wp-content\\\/uploads\\\/2016\\\/07\\\/Seguro-Julio-Cerecedo-2-1024x381.jpg\",\"contentUrl\":\"https:\\\/\\\/lospoliticosveracruz.com.mx\\\/wp-content\\\/uploads\\\/2016\\\/07\\\/Seguro-Julio-Cerecedo-2-1024x381.jpg\"},{\"@type\":\"BreadcrumbList\",\"@id\":\"https:\\\/\\\/lospoliticosveracruz.com\\\/?p=105966#breadcrumb\",\"itemListElement\":[{\"@type\":\"ListItem\",\"position\":1,\"name\":\"Portada\",\"item\":\"https:\\\/\\\/lospoliticosveracruz.com\\\/\"},{\"@type\":\"ListItem\",\"position\":2,\"name\":\"\u00bfHACIA D\u00d3NDE VAMOS?\"}]},{\"@type\":\"WebSite\",\"@id\":\"https:\\\/\\\/lospoliticosveracruz.com\\\/#website\",\"url\":\"https:\\\/\\\/lospoliticosveracruz.com\\\/\",\"name\":\"Los pol\u00edticos Veracruz\",\"description\":\"\",\"publisher\":{\"@id\":\"https:\\\/\\\/lospoliticosveracruz.com\\\/#organization\"},\"potentialAction\":[{\"@type\":\"SearchAction\",\"target\":{\"@type\":\"EntryPoint\",\"urlTemplate\":\"https:\\\/\\\/lospoliticosveracruz.com\\\/?s={search_term_string}\"},\"query-input\":{\"@type\":\"PropertyValueSpecification\",\"valueRequired\":true,\"valueName\":\"search_term_string\"}}],\"inLanguage\":\"es\"},{\"@type\":\"Organization\",\"@id\":\"https:\\\/\\\/lospoliticosveracruz.com\\\/#organization\",\"name\":\"Los pol\u00edticos Veracruz\",\"url\":\"https:\\\/\\\/lospoliticosveracruz.com\\\/\",\"logo\":{\"@type\":\"ImageObject\",\"inLanguage\":\"es\",\"@id\":\"https:\\\/\\\/lospoliticosveracruz.com\\\/#\\\/schema\\\/logo\\\/image\\\/\",\"url\":\"https:\\\/\\\/lospoliticosveracruz.com\\\/wp-content\\\/uploads\\\/2025\\\/12\\\/Logo-Nuevo-LOS-POLITICOS-1.jpg\",\"contentUrl\":\"https:\\\/\\\/lospoliticosveracruz.com\\\/wp-content\\\/uploads\\\/2025\\\/12\\\/Logo-Nuevo-LOS-POLITICOS-1.jpg\",\"width\":260,\"height\":70,\"caption\":\"Los pol\u00edticos Veracruz\"},\"image\":{\"@id\":\"https:\\\/\\\/lospoliticosveracruz.com\\\/#\\\/schema\\\/logo\\\/image\\\/\"},\"sameAs\":[\"https:\\\/\\\/www.facebook.com\\\/people\\\/Notimemes-de-los-Polticos\\\/61565672886568\\\/\",\"https:\\\/\\\/x.com\\\/LosPoliticosVer\"]},{\"@type\":\"Person\",\"@id\":\"https:\\\/\\\/lospoliticosveracruz.com\\\/#\\\/schema\\\/person\\\/b8702bb0e538456e6efd07080bf2a4a2\",\"name\":\"Lo viste en Los Pol\u00edticos\",\"image\":{\"@type\":\"ImageObject\",\"inLanguage\":\"es\",\"@id\":\"https:\\\/\\\/secure.gravatar.com\\\/avatar\\\/3a8de04a2656d44082be478bd6c086daa447c4651605818287b9532d3d0bd435?s=96&d=mm&r=g\",\"url\":\"https:\\\/\\\/secure.gravatar.com\\\/avatar\\\/3a8de04a2656d44082be478bd6c086daa447c4651605818287b9532d3d0bd435?s=96&d=mm&r=g\",\"contentUrl\":\"https:\\\/\\\/secure.gravatar.com\\\/avatar\\\/3a8de04a2656d44082be478bd6c086daa447c4651605818287b9532d3d0bd435?s=96&d=mm&r=g\",\"caption\":\"Lo viste en Los Pol\u00edticos\"},\"url\":\"https:\\\/\\\/lospoliticosveracruz.com\\\/?author=2\"}]}<\/script>\n<!-- \/ Yoast SEO plugin. -->","yoast_head_json":{"title":"\u00bfHACIA D\u00d3NDE VAMOS? - Los pol\u00edticos Veracruz","robots":{"index":"index","follow":"follow","max-snippet":"max-snippet:-1","max-image-preview":"max-image-preview:large","max-video-preview":"max-video-preview:-1"},"canonical":"https:\/\/lospoliticosveracruz.com\/?p=105966","og_locale":"es_ES","og_type":"article","og_title":"\u00bfHACIA D\u00d3NDE VAMOS? - Los pol\u00edticos Veracruz","og_description":"Miguel \u00c1ngel G\u00f3mez RuizContrapunto Imagine usted que el pr\u00f3ximo a\u00f1o, si funcionaran cualesquiera de los planes del gobierno, el \u201ca\u201d, el \u201cb\u201d o el \u201cc\u201d, quiz\u00e1 el \u201cg\u201d o cualquier otra letra del abecedario. Qu\u00e9 tal si el presidente L\u00f3pez Obrador le dice a alguna de sus \u201ccorcholatas\u201d que est\u00e1 listo para seguir al frente [&hellip;]","og_url":"https:\/\/lospoliticosveracruz.com\/?p=105966","og_site_name":"Los pol\u00edticos Veracruz","article_publisher":"https:\/\/www.facebook.com\/people\/Notimemes-de-los-Polticos\/61565672886568\/","article_published_time":"2023-05-12T13:54:23+00:00","article_modified_time":"2023-05-12T13:54:28+00:00","og_image":[{"url":"https:\/\/lospoliticosveracruz.com.mx\/wp-content\/uploads\/2016\/07\/Seguro-Julio-Cerecedo-2-1024x381.jpg","type":"","width":"","height":""}],"author":"Lo viste en Los Pol\u00edticos","twitter_card":"summary_large_image","twitter_creator":"@LosPoliticosVer","twitter_site":"@LosPoliticosVer","twitter_misc":{"Escrito por":"Lo viste en Los Pol\u00edticos","Tiempo de lectura":"6 minutos"},"schema":{"@context":"https:\/\/schema.org","@graph":[{"@type":"Article","@id":"https:\/\/lospoliticosveracruz.com\/?p=105966#article","isPartOf":{"@id":"https:\/\/lospoliticosveracruz.com\/?p=105966"},"author":{"name":"Lo viste en Los Pol\u00edticos","@id":"https:\/\/lospoliticosveracruz.com\/#\/schema\/person\/b8702bb0e538456e6efd07080bf2a4a2"},"headline":"\u00bfHACIA D\u00d3NDE VAMOS?","datePublished":"2023-05-12T13:54:23+00:00","dateModified":"2023-05-12T13:54:28+00:00","mainEntityOfPage":{"@id":"https:\/\/lospoliticosveracruz.com\/?p=105966"},"wordCount":1121,"publisher":{"@id":"https:\/\/lospoliticosveracruz.com\/#organization"},"image":{"@id":"https:\/\/lospoliticosveracruz.com\/?p=105966#primaryimage"},"thumbnailUrl":"https:\/\/lospoliticosveracruz.com.mx\/wp-content\/uploads\/2016\/07\/Seguro-Julio-Cerecedo-2-1024x381.jpg","keywords":["Andr\u00e9s Manuel L\u00f3pez Obrador","feminicidios","Miguel \u00c1ngel G\u00f3mez Ruiz","Morena"],"articleSection":["De Opini\u00f3n"],"inLanguage":"es"},{"@type":"WebPage","@id":"https:\/\/lospoliticosveracruz.com\/?p=105966","url":"https:\/\/lospoliticosveracruz.com\/?p=105966","name":"\u00bfHACIA D\u00d3NDE VAMOS? - Los pol\u00edticos Veracruz","isPartOf":{"@id":"https:\/\/lospoliticosveracruz.com\/#website"},"primaryImageOfPage":{"@id":"https:\/\/lospoliticosveracruz.com\/?p=105966#primaryimage"},"image":{"@id":"https:\/\/lospoliticosveracruz.com\/?p=105966#primaryimage"},"thumbnailUrl":"https:\/\/lospoliticosveracruz.com.mx\/wp-content\/uploads\/2016\/07\/Seguro-Julio-Cerecedo-2-1024x381.jpg","datePublished":"2023-05-12T13:54:23+00:00","dateModified":"2023-05-12T13:54:28+00:00","breadcrumb":{"@id":"https:\/\/lospoliticosveracruz.com\/?p=105966#breadcrumb"},"inLanguage":"es","potentialAction":[{"@type":"ReadAction","target":["https:\/\/lospoliticosveracruz.com\/?p=105966"]}]},{"@type":"ImageObject","inLanguage":"es","@id":"https:\/\/lospoliticosveracruz.com\/?p=105966#primaryimage","url":"https:\/\/lospoliticosveracruz.com.mx\/wp-content\/uploads\/2016\/07\/Seguro-Julio-Cerecedo-2-1024x381.jpg","contentUrl":"https:\/\/lospoliticosveracruz.com.mx\/wp-content\/uploads\/2016\/07\/Seguro-Julio-Cerecedo-2-1024x381.jpg"},{"@type":"BreadcrumbList","@id":"https:\/\/lospoliticosveracruz.com\/?p=105966#breadcrumb","itemListElement":[{"@type":"ListItem","position":1,"name":"Portada","item":"https:\/\/lospoliticosveracruz.com\/"},{"@type":"ListItem","position":2,"name":"\u00bfHACIA D\u00d3NDE VAMOS?"}]},{"@type":"WebSite","@id":"https:\/\/lospoliticosveracruz.com\/#website","url":"https:\/\/lospoliticosveracruz.com\/","name":"Los pol\u00edticos Veracruz","description":"","publisher":{"@id":"https:\/\/lospoliticosveracruz.com\/#organization"},"potentialAction":[{"@type":"SearchAction","target":{"@type":"EntryPoint","urlTemplate":"https:\/\/lospoliticosveracruz.com\/?s={search_term_string}"},"query-input":{"@type":"PropertyValueSpecification","valueRequired":true,"valueName":"search_term_string"}}],"inLanguage":"es"},{"@type":"Organization","@id":"https:\/\/lospoliticosveracruz.com\/#organization","name":"Los pol\u00edticos Veracruz","url":"https:\/\/lospoliticosveracruz.com\/","logo":{"@type":"ImageObject","inLanguage":"es","@id":"https:\/\/lospoliticosveracruz.com\/#\/schema\/logo\/image\/","url":"https:\/\/lospoliticosveracruz.com\/wp-content\/uploads\/2025\/12\/Logo-Nuevo-LOS-POLITICOS-1.jpg","contentUrl":"https:\/\/lospoliticosveracruz.com\/wp-content\/uploads\/2025\/12\/Logo-Nuevo-LOS-POLITICOS-1.jpg","width":260,"height":70,"caption":"Los pol\u00edticos Veracruz"},"image":{"@id":"https:\/\/lospoliticosveracruz.com\/#\/schema\/logo\/image\/"},"sameAs":["https:\/\/www.facebook.com\/people\/Notimemes-de-los-Polticos\/61565672886568\/","https:\/\/x.com\/LosPoliticosVer"]},{"@type":"Person","@id":"https:\/\/lospoliticosveracruz.com\/#\/schema\/person\/b8702bb0e538456e6efd07080bf2a4a2","name":"Lo viste en Los Pol\u00edticos","image":{"@type":"ImageObject","inLanguage":"es","@id":"https:\/\/secure.gravatar.com\/avatar\/3a8de04a2656d44082be478bd6c086daa447c4651605818287b9532d3d0bd435?s=96&d=mm&r=g","url":"https:\/\/secure.gravatar.com\/avatar\/3a8de04a2656d44082be478bd6c086daa447c4651605818287b9532d3d0bd435?s=96&d=mm&r=g","contentUrl":"https:\/\/secure.gravatar.com\/avatar\/3a8de04a2656d44082be478bd6c086daa447c4651605818287b9532d3d0bd435?s=96&d=mm&r=g","caption":"Lo viste en Los Pol\u00edticos"},"url":"https:\/\/lospoliticosveracruz.com\/?author=2"}]}},"_links":{"self":[{"href":"https:\/\/lospoliticosveracruz.com\/index.php?rest_route=\/wp\/v2\/posts\/105966","targetHints":{"allow":["GET"]}}],"collection":[{"href":"https:\/\/lospoliticosveracruz.com\/index.php?rest_route=\/wp\/v2\/posts"}],"about":[{"href":"https:\/\/lospoliticosveracruz.com\/index.php?rest_route=\/wp\/v2\/types\/post"}],"author":[{"embeddable":true,"href":"https:\/\/lospoliticosveracruz.com\/index.php?rest_route=\/wp\/v2\/users\/2"}],"replies":[{"embeddable":true,"href":"https:\/\/lospoliticosveracruz.com\/index.php?rest_route=%2Fwp%2Fv2%2Fcomments&post=105966"}],"version-history":[{"count":1,"href":"https:\/\/lospoliticosveracruz.com\/index.php?rest_route=\/wp\/v2\/posts\/105966\/revisions"}],"predecessor-version":[{"id":105967,"href":"https:\/\/lospoliticosveracruz.com\/index.php?rest_route=\/wp\/v2\/posts\/105966\/revisions\/105967"}],"wp:attachment":[{"href":"https:\/\/lospoliticosveracruz.com\/index.php?rest_route=%2Fwp%2Fv2%2Fmedia&parent=105966"}],"wp:term":[{"taxonomy":"category","embeddable":true,"href":"https:\/\/lospoliticosveracruz.com\/index.php?rest_route=%2Fwp%2Fv2%2Fcategories&post=105966"},{"taxonomy":"post_tag","embeddable":true,"href":"https:\/\/lospoliticosveracruz.com\/index.php?rest_route=%2Fwp%2Fv2%2Ftags&post=105966"}],"curies":[{"name":"wp","href":"https:\/\/api.w.org\/{rel}","templated":true}]}}