{"id":105968,"date":"2023-05-12T08:56:50","date_gmt":"2023-05-12T13:56:50","guid":{"rendered":"https:\/\/lospoliticosveracruz.com.mx\/?p=105968"},"modified":"2023-05-12T08:56:57","modified_gmt":"2023-05-12T13:56:57","slug":"de-palacio-nacional-a-una-prision-de-mediana-seguridad","status":"publish","type":"post","link":"https:\/\/lospoliticosveracruz.com\/?p=105968","title":{"rendered":"DE PALACIO NACIONAL a una prisi\u00f3n de mediana seguridad"},"content":{"rendered":"\n<p><strong>Bernardo Guti\u00e9rrez Parra<br><\/strong><em>Desde el Caf\u00e9<\/em><\/p>\n\n\n\n<p><em><br><\/em>Si en algo aprecia su libertad, Hugo L\u00f3pez-Gatell debe aprovechar su cercan\u00eda con el presidente L\u00f3pez Obrador y pedirle que lo ayude a escapar a un pa\u00eds que no tenga tratado de extradici\u00f3n con M\u00e9xico, porque m\u00e1s tardar\u00e1 Andr\u00e9s Manuel en salir de Palacio Nacional, que \u00e9l en entrar a un reclusorio. Y m\u00e1s si la pr\u00f3xima presidenta es Claudia Sheinbaum.<\/p>\n\n\n<div class=\"wp-block-image\">\n<figure class=\"alignleft size-medium\"><a href=\"https:\/\/lospoliticosveracruz.com.mx\/wp-content\/uploads\/2021\/10\/Zacauilt.jpg\"><img decoding=\"async\" src=\"https:\/\/lospoliticosveracruz.com.mx\/wp-content\/uploads\/2021\/10\/Zacauilt-150x300.jpg\" alt=\"\" class=\"wp-image-80558\"\/><\/a><\/figure>\n<\/div>\n\n\n<p>La pandemia del Covid le dio a Hugo la gloria que quiz\u00e1 nunca imagin\u00f3 desde la primera vez que el secretario de Salud, Jorge Alcocer (negado para hablar en p\u00fablico), lo llev\u00f3 a una ma\u00f1anera y lo puso frente al micr\u00f3fono presidencial.<\/p>\n\n\n\n<p>Su facilidad de palabra, su elegancia al hablar, sus finos modales, el c\u00famulo de conocimientos sobre el Covid que desparram\u00f3 generosamente ante los reporteros y ante el propio L\u00f3pez Obrador, cautivaron al tabasque\u00f1o que de inmediato lo nombr\u00f3 zar de la pandemia. De ah\u00ed a convertirse en un rock star, la distancia fue as\u00ed de chiquita.<\/p>\n\n\n\n<p>Y las candilejas lo deslumbraron.<\/p>\n\n\n\n<p>La ciencia supo que hab\u00eda perdido a L\u00f3pez-Gatell para siempre cuando \u00e9ste la cambi\u00f3 por la pol\u00edtica en marzo del 2020 al manifestar, con Andr\u00e9s Manuel a sus espaldas pero tomando nota: \u201cLa fuerza del presidente es moral, no es una fuerza de contagio\u201d.<\/p>\n\n\n\n<p>L\u00f3pez Obrador orden\u00f3 que le habilitaran una oficina en Palacio Nacional y Hugo era el \u00fanico que ten\u00eda derecho de picaporte en la oficina presidencial, por encima de cualquier secretario de Estado.<\/p>\n\n\n\n<p>Fue con el presidente y no con los cient\u00edficos con quien arm\u00f3 la estrategia contra el Covid que se bas\u00f3 en mandar al diablo el uso del cubrebocas (porque no existen evidencias cient\u00edficas sobre su efectividad), a pesar de que era una exigencia de la Organizaci\u00f3n Mundial de la Salud. Tambi\u00e9n mand\u00f3 al diablo las pruebas anticovid (porque no tienen sentido; as\u00ed no funciona la vigilancia epidemiol\u00f3gica) cuando era otra de las recomendaciones sustantivas de la OMS.<\/p>\n\n\n\n<p>Y la estrategia fue un desastre.<\/p>\n\n\n\n<p>Sin insumos suficientes para afrontar la terrible enfermedad, (porque les fueron negados por el gobierno), m\u00e9dicos y enfermeras se convirtieron en algo m\u00e1s que h\u00e9roes, pero ni aun as\u00ed pudieron evitar la muerte de m\u00e1s de 800 mil enfermos.<\/p>\n\n\n\n<p>L\u00f3pez-Gatell desde\u00f1\u00f3 el consejo de cient\u00edficos que hab\u00edan sido sus maestros y de la propia OMS que le ped\u00edan que no siguiera llevando a m\u00e1s mexicanos al matadero. Ahogado en soberbia, paseaba su altivez de pavo real por Palacio Nacional y sus cercanos lo empezaron a candidatear como sucesor del presidente.<\/p>\n\n\n\n<p>Hasta que cometi\u00f3 el error de mentirle sobre la cifra de muertos.<\/p>\n\n\n\n<p>El periodista Carlos Loret de Mola, dio a conocer un encontronazo verbal entre la jefa de gobierno Claudia Sheinbaum y Hugo. \u00bfCu\u00e1ndo vas a dejar de mentirle al presidente? le habr\u00eda dicho Claudia al descubrir que la cifra de muertos en la CDMX era mucho mayor que la que L\u00f3pez Gatell le pasaba diariamente a L\u00f3pez Obrador. Y desde entonces lo tiene en la mira.<\/p>\n\n\n\n<p>Luego vinieron otras mentiras garrafales, como asegurar que los padres de los ni\u00f1os con c\u00e1ncer hac\u00edan sus marchas y manifestaciones con el fin de derrocar al gobierno. Y que los menores no necesitaban la vacuna anticovid porque eran m\u00e1s inmunes que los adultos. \u201cUna vacuna a un ni\u00f1o puede hacerle falta a una persona mayor\u201d.<\/p>\n\n\n\n<p>Fue entonces que L\u00f3pez Obrador literalmente estall\u00f3 y lo proscribi\u00f3 de sus ma\u00f1aneras.<\/p>\n\n\n\n<p>Claudia Sheinbaum y el canciller Marcelo Ebrard le pidieron que lo corriera. Pero L\u00f3pez Obrador se aguant\u00f3 las ganas al considerar que correrlo ser\u00eda aceptar que se hab\u00eda equivocado al nombrarlo subsecretario de Salud. Pero lo tiene a dos fuegos; por un lado lo desprecia en privado y en p\u00fablico ha llegado a decir que es uno de los mejores cient\u00edficos del mundo.<\/p>\n\n\n\n<p>Con todo, Hugo no pudo evitar que entablaran una demanda en su contra por \u201cfalta de deber de cuidado, negligencia y falsos informes dados a la poblaci\u00f3n\u201d.<\/p>\n\n\n\n<p>En respuesta, la Fiscal\u00eda General de la Rep\u00fablica determin\u00f3 no investigarlo porque los hechos \u201cno son constitutivos de delito\u201d. Pero el juez Arturo Medel revoc\u00f3 esa resoluci\u00f3n y L\u00f3pez-Gatell est\u00e1 en peligro.<\/p>\n\n\n\n<p>Para apaciguar las aguas, Andr\u00e9s Manuel dijo que esas demandas son producto del rencor, el odio y la politiquer\u00eda. \u201cSon una injusticia y actos de mala fe\u201d.<\/p>\n\n\n\n<p>Si L\u00f3pez-Gatell piensa que con eso ya la libr\u00f3, qu\u00e9 inocente es.<\/p>\n\n\n\n<p>Puede que la Fiscal\u00eda se haga pato haciendo como que investiga, pero al final Hugo tendr\u00e1 que enfrentarse a un juez. Y a los delitos que le imputan seguramente le agregar\u00e1n negligencia criminal por la muerte de m\u00e1s de 800 mil personas por Covid. Y cr\u00edmenes de lesa humanidad por la muerte de 2 mil 600 menores con c\u00e1ncer a quienes el Estado les neg\u00f3 sus medicamentos oncol\u00f3gicos. Acusaci\u00f3n que compartir\u00e1 con el presidente y el Secretario de Salud.<\/p>\n\n\n\n<p>Si en efecto Hugo valora su libertad, debe pedirle a L\u00f3pez Obrador un apoyo m\u00e1s efectivo, como enviarlo a Ruanda para que se pierda por all\u00e1. Porque de lo contrario, se la pasar\u00e1 choreando incautos en alg\u00fan reclusorio de mediana seguridad\u2026 por el resto de su existencia.<\/p>\n\n\n\n<p>bernardogup@hotmail.com<\/p>\n","protected":false},"excerpt":{"rendered":"<p>Bernardo Guti\u00e9rrez ParraDesde el Caf\u00e9 Si en algo aprecia su libertad, Hugo L\u00f3pez-Gatell debe aprovechar su cercan\u00eda con el presidente L\u00f3pez Obrador y pedirle que lo ayude a escapar a un pa\u00eds que no tenga tratado de extradici\u00f3n con M\u00e9xico, porque m\u00e1s tardar\u00e1 Andr\u00e9s Manuel en salir de Palacio Nacional, que \u00e9l en entrar a [&hellip;]<\/p>\n","protected":false},"author":2,"featured_media":0,"comment_status":"closed","ping_status":"closed","sticky":false,"template":"","format":"standard","meta":{"tdm_status":"","tdm_grid_status":"","footnotes":""},"categories":[70],"tags":[618,17829,29404,15210,1026,90],"class_list":{"0":"post-105968","1":"post","2":"type-post","3":"status-publish","4":"format-standard","6":"category-de-opinion","7":"tag-andres-manuel-lopez-obrador","8":"tag-covid","9":"tag-hugo-lopez-gatell-2","10":"tag-jorge-alcocer","11":"tag-morena","12":"tag-salud"},"yoast_head":"<!-- This site is optimized with the Yoast SEO plugin v27.4 - https:\/\/yoast.com\/product\/yoast-seo-wordpress\/ -->\n<title>DE PALACIO NACIONAL a una prisi\u00f3n de mediana seguridad - Los pol\u00edticos Veracruz<\/title>\n<meta name=\"robots\" content=\"index, follow, max-snippet:-1, max-image-preview:large, max-video-preview:-1\" \/>\n<link rel=\"canonical\" href=\"https:\/\/lospoliticosveracruz.com\/?p=105968\" \/>\n<meta property=\"og:locale\" content=\"es_ES\" \/>\n<meta property=\"og:type\" content=\"article\" \/>\n<meta property=\"og:title\" content=\"DE PALACIO NACIONAL a una prisi\u00f3n de mediana seguridad - Los pol\u00edticos Veracruz\" \/>\n<meta property=\"og:description\" content=\"Bernardo Guti\u00e9rrez ParraDesde el Caf\u00e9 Si en algo aprecia su libertad, Hugo L\u00f3pez-Gatell debe aprovechar su cercan\u00eda con el presidente L\u00f3pez Obrador y pedirle que lo ayude a escapar a un pa\u00eds que no tenga tratado de extradici\u00f3n con M\u00e9xico, porque m\u00e1s tardar\u00e1 Andr\u00e9s Manuel en salir de Palacio Nacional, que \u00e9l en entrar a [&hellip;]\" \/>\n<meta property=\"og:url\" content=\"https:\/\/lospoliticosveracruz.com\/?p=105968\" \/>\n<meta property=\"og:site_name\" content=\"Los pol\u00edticos Veracruz\" \/>\n<meta property=\"article:publisher\" content=\"https:\/\/www.facebook.com\/people\/Notimemes-de-los-Polticos\/61565672886568\/\" \/>\n<meta property=\"article:published_time\" content=\"2023-05-12T13:56:50+00:00\" \/>\n<meta property=\"article:modified_time\" content=\"2023-05-12T13:56:57+00:00\" \/>\n<meta property=\"og:image\" content=\"https:\/\/lospoliticosveracruz.com.mx\/wp-content\/uploads\/2021\/10\/Zacauilt-150x300.jpg\" \/>\n<meta name=\"author\" content=\"Lo viste en Los Pol\u00edticos\" \/>\n<meta name=\"twitter:card\" content=\"summary_large_image\" \/>\n<meta name=\"twitter:creator\" content=\"@LosPoliticosVer\" \/>\n<meta name=\"twitter:site\" content=\"@LosPoliticosVer\" \/>\n<meta name=\"twitter:label1\" content=\"Escrito por\" \/>\n\t<meta name=\"twitter:data1\" content=\"Lo viste en Los Pol\u00edticos\" \/>\n\t<meta name=\"twitter:label2\" content=\"Tiempo de lectura\" \/>\n\t<meta name=\"twitter:data2\" content=\"5 minutos\" \/>\n<script type=\"application\/ld+json\" class=\"yoast-schema-graph\">{\"@context\":\"https:\\\/\\\/schema.org\",\"@graph\":[{\"@type\":\"Article\",\"@id\":\"https:\\\/\\\/lospoliticosveracruz.com\\\/?p=105968#article\",\"isPartOf\":{\"@id\":\"https:\\\/\\\/lospoliticosveracruz.com\\\/?p=105968\"},\"author\":{\"name\":\"Lo viste en Los Pol\u00edticos\",\"@id\":\"https:\\\/\\\/lospoliticosveracruz.com\\\/#\\\/schema\\\/person\\\/b8702bb0e538456e6efd07080bf2a4a2\"},\"headline\":\"DE PALACIO NACIONAL a una prisi\u00f3n de mediana seguridad\",\"datePublished\":\"2023-05-12T13:56:50+00:00\",\"dateModified\":\"2023-05-12T13:56:57+00:00\",\"mainEntityOfPage\":{\"@id\":\"https:\\\/\\\/lospoliticosveracruz.com\\\/?p=105968\"},\"wordCount\":930,\"publisher\":{\"@id\":\"https:\\\/\\\/lospoliticosveracruz.com\\\/#organization\"},\"image\":{\"@id\":\"https:\\\/\\\/lospoliticosveracruz.com\\\/?p=105968#primaryimage\"},\"thumbnailUrl\":\"https:\\\/\\\/lospoliticosveracruz.com.mx\\\/wp-content\\\/uploads\\\/2021\\\/10\\\/Zacauilt-150x300.jpg\",\"keywords\":[\"Andr\u00e9s Manuel L\u00f3pez Obrador\",\"Covid\",\"Hugo L\u00f3pez-Gatell\",\"Jorge Alcocer\",\"Morena\",\"Salud\"],\"articleSection\":[\"De Opini\u00f3n\"],\"inLanguage\":\"es\"},{\"@type\":\"WebPage\",\"@id\":\"https:\\\/\\\/lospoliticosveracruz.com\\\/?p=105968\",\"url\":\"https:\\\/\\\/lospoliticosveracruz.com\\\/?p=105968\",\"name\":\"DE PALACIO NACIONAL a una prisi\u00f3n de mediana seguridad - Los pol\u00edticos Veracruz\",\"isPartOf\":{\"@id\":\"https:\\\/\\\/lospoliticosveracruz.com\\\/#website\"},\"primaryImageOfPage\":{\"@id\":\"https:\\\/\\\/lospoliticosveracruz.com\\\/?p=105968#primaryimage\"},\"image\":{\"@id\":\"https:\\\/\\\/lospoliticosveracruz.com\\\/?p=105968#primaryimage\"},\"thumbnailUrl\":\"https:\\\/\\\/lospoliticosveracruz.com.mx\\\/wp-content\\\/uploads\\\/2021\\\/10\\\/Zacauilt-150x300.jpg\",\"datePublished\":\"2023-05-12T13:56:50+00:00\",\"dateModified\":\"2023-05-12T13:56:57+00:00\",\"breadcrumb\":{\"@id\":\"https:\\\/\\\/lospoliticosveracruz.com\\\/?p=105968#breadcrumb\"},\"inLanguage\":\"es\",\"potentialAction\":[{\"@type\":\"ReadAction\",\"target\":[\"https:\\\/\\\/lospoliticosveracruz.com\\\/?p=105968\"]}]},{\"@type\":\"ImageObject\",\"inLanguage\":\"es\",\"@id\":\"https:\\\/\\\/lospoliticosveracruz.com\\\/?p=105968#primaryimage\",\"url\":\"https:\\\/\\\/lospoliticosveracruz.com.mx\\\/wp-content\\\/uploads\\\/2021\\\/10\\\/Zacauilt-150x300.jpg\",\"contentUrl\":\"https:\\\/\\\/lospoliticosveracruz.com.mx\\\/wp-content\\\/uploads\\\/2021\\\/10\\\/Zacauilt-150x300.jpg\"},{\"@type\":\"BreadcrumbList\",\"@id\":\"https:\\\/\\\/lospoliticosveracruz.com\\\/?p=105968#breadcrumb\",\"itemListElement\":[{\"@type\":\"ListItem\",\"position\":1,\"name\":\"Portada\",\"item\":\"https:\\\/\\\/lospoliticosveracruz.com\\\/\"},{\"@type\":\"ListItem\",\"position\":2,\"name\":\"DE PALACIO NACIONAL a una prisi\u00f3n de mediana seguridad\"}]},{\"@type\":\"WebSite\",\"@id\":\"https:\\\/\\\/lospoliticosveracruz.com\\\/#website\",\"url\":\"https:\\\/\\\/lospoliticosveracruz.com\\\/\",\"name\":\"Los pol\u00edticos Veracruz\",\"description\":\"\",\"publisher\":{\"@id\":\"https:\\\/\\\/lospoliticosveracruz.com\\\/#organization\"},\"potentialAction\":[{\"@type\":\"SearchAction\",\"target\":{\"@type\":\"EntryPoint\",\"urlTemplate\":\"https:\\\/\\\/lospoliticosveracruz.com\\\/?s={search_term_string}\"},\"query-input\":{\"@type\":\"PropertyValueSpecification\",\"valueRequired\":true,\"valueName\":\"search_term_string\"}}],\"inLanguage\":\"es\"},{\"@type\":\"Organization\",\"@id\":\"https:\\\/\\\/lospoliticosveracruz.com\\\/#organization\",\"name\":\"Los pol\u00edticos Veracruz\",\"url\":\"https:\\\/\\\/lospoliticosveracruz.com\\\/\",\"logo\":{\"@type\":\"ImageObject\",\"inLanguage\":\"es\",\"@id\":\"https:\\\/\\\/lospoliticosveracruz.com\\\/#\\\/schema\\\/logo\\\/image\\\/\",\"url\":\"https:\\\/\\\/lospoliticosveracruz.com\\\/wp-content\\\/uploads\\\/2025\\\/12\\\/Logo-Nuevo-LOS-POLITICOS-1.jpg\",\"contentUrl\":\"https:\\\/\\\/lospoliticosveracruz.com\\\/wp-content\\\/uploads\\\/2025\\\/12\\\/Logo-Nuevo-LOS-POLITICOS-1.jpg\",\"width\":260,\"height\":70,\"caption\":\"Los pol\u00edticos Veracruz\"},\"image\":{\"@id\":\"https:\\\/\\\/lospoliticosveracruz.com\\\/#\\\/schema\\\/logo\\\/image\\\/\"},\"sameAs\":[\"https:\\\/\\\/www.facebook.com\\\/people\\\/Notimemes-de-los-Polticos\\\/61565672886568\\\/\",\"https:\\\/\\\/x.com\\\/LosPoliticosVer\"]},{\"@type\":\"Person\",\"@id\":\"https:\\\/\\\/lospoliticosveracruz.com\\\/#\\\/schema\\\/person\\\/b8702bb0e538456e6efd07080bf2a4a2\",\"name\":\"Lo viste en Los Pol\u00edticos\",\"image\":{\"@type\":\"ImageObject\",\"inLanguage\":\"es\",\"@id\":\"https:\\\/\\\/secure.gravatar.com\\\/avatar\\\/3a8de04a2656d44082be478bd6c086daa447c4651605818287b9532d3d0bd435?s=96&d=mm&r=g\",\"url\":\"https:\\\/\\\/secure.gravatar.com\\\/avatar\\\/3a8de04a2656d44082be478bd6c086daa447c4651605818287b9532d3d0bd435?s=96&d=mm&r=g\",\"contentUrl\":\"https:\\\/\\\/secure.gravatar.com\\\/avatar\\\/3a8de04a2656d44082be478bd6c086daa447c4651605818287b9532d3d0bd435?s=96&d=mm&r=g\",\"caption\":\"Lo viste en Los Pol\u00edticos\"},\"url\":\"https:\\\/\\\/lospoliticosveracruz.com\\\/?author=2\"}]}<\/script>\n<!-- \/ Yoast SEO plugin. -->","yoast_head_json":{"title":"DE PALACIO NACIONAL a una prisi\u00f3n de mediana seguridad - Los pol\u00edticos Veracruz","robots":{"index":"index","follow":"follow","max-snippet":"max-snippet:-1","max-image-preview":"max-image-preview:large","max-video-preview":"max-video-preview:-1"},"canonical":"https:\/\/lospoliticosveracruz.com\/?p=105968","og_locale":"es_ES","og_type":"article","og_title":"DE PALACIO NACIONAL a una prisi\u00f3n de mediana seguridad - Los pol\u00edticos Veracruz","og_description":"Bernardo Guti\u00e9rrez ParraDesde el Caf\u00e9 Si en algo aprecia su libertad, Hugo L\u00f3pez-Gatell debe aprovechar su cercan\u00eda con el presidente L\u00f3pez Obrador y pedirle que lo ayude a escapar a un pa\u00eds que no tenga tratado de extradici\u00f3n con M\u00e9xico, porque m\u00e1s tardar\u00e1 Andr\u00e9s Manuel en salir de Palacio Nacional, que \u00e9l en entrar a [&hellip;]","og_url":"https:\/\/lospoliticosveracruz.com\/?p=105968","og_site_name":"Los pol\u00edticos Veracruz","article_publisher":"https:\/\/www.facebook.com\/people\/Notimemes-de-los-Polticos\/61565672886568\/","article_published_time":"2023-05-12T13:56:50+00:00","article_modified_time":"2023-05-12T13:56:57+00:00","og_image":[{"url":"https:\/\/lospoliticosveracruz.com.mx\/wp-content\/uploads\/2021\/10\/Zacauilt-150x300.jpg","type":"","width":"","height":""}],"author":"Lo viste en Los Pol\u00edticos","twitter_card":"summary_large_image","twitter_creator":"@LosPoliticosVer","twitter_site":"@LosPoliticosVer","twitter_misc":{"Escrito por":"Lo viste en Los Pol\u00edticos","Tiempo de lectura":"5 minutos"},"schema":{"@context":"https:\/\/schema.org","@graph":[{"@type":"Article","@id":"https:\/\/lospoliticosveracruz.com\/?p=105968#article","isPartOf":{"@id":"https:\/\/lospoliticosveracruz.com\/?p=105968"},"author":{"name":"Lo viste en Los Pol\u00edticos","@id":"https:\/\/lospoliticosveracruz.com\/#\/schema\/person\/b8702bb0e538456e6efd07080bf2a4a2"},"headline":"DE PALACIO NACIONAL a una prisi\u00f3n de mediana seguridad","datePublished":"2023-05-12T13:56:50+00:00","dateModified":"2023-05-12T13:56:57+00:00","mainEntityOfPage":{"@id":"https:\/\/lospoliticosveracruz.com\/?p=105968"},"wordCount":930,"publisher":{"@id":"https:\/\/lospoliticosveracruz.com\/#organization"},"image":{"@id":"https:\/\/lospoliticosveracruz.com\/?p=105968#primaryimage"},"thumbnailUrl":"https:\/\/lospoliticosveracruz.com.mx\/wp-content\/uploads\/2021\/10\/Zacauilt-150x300.jpg","keywords":["Andr\u00e9s Manuel L\u00f3pez Obrador","Covid","Hugo L\u00f3pez-Gatell","Jorge Alcocer","Morena","Salud"],"articleSection":["De Opini\u00f3n"],"inLanguage":"es"},{"@type":"WebPage","@id":"https:\/\/lospoliticosveracruz.com\/?p=105968","url":"https:\/\/lospoliticosveracruz.com\/?p=105968","name":"DE PALACIO NACIONAL a una prisi\u00f3n de mediana seguridad - Los pol\u00edticos Veracruz","isPartOf":{"@id":"https:\/\/lospoliticosveracruz.com\/#website"},"primaryImageOfPage":{"@id":"https:\/\/lospoliticosveracruz.com\/?p=105968#primaryimage"},"image":{"@id":"https:\/\/lospoliticosveracruz.com\/?p=105968#primaryimage"},"thumbnailUrl":"https:\/\/lospoliticosveracruz.com.mx\/wp-content\/uploads\/2021\/10\/Zacauilt-150x300.jpg","datePublished":"2023-05-12T13:56:50+00:00","dateModified":"2023-05-12T13:56:57+00:00","breadcrumb":{"@id":"https:\/\/lospoliticosveracruz.com\/?p=105968#breadcrumb"},"inLanguage":"es","potentialAction":[{"@type":"ReadAction","target":["https:\/\/lospoliticosveracruz.com\/?p=105968"]}]},{"@type":"ImageObject","inLanguage":"es","@id":"https:\/\/lospoliticosveracruz.com\/?p=105968#primaryimage","url":"https:\/\/lospoliticosveracruz.com.mx\/wp-content\/uploads\/2021\/10\/Zacauilt-150x300.jpg","contentUrl":"https:\/\/lospoliticosveracruz.com.mx\/wp-content\/uploads\/2021\/10\/Zacauilt-150x300.jpg"},{"@type":"BreadcrumbList","@id":"https:\/\/lospoliticosveracruz.com\/?p=105968#breadcrumb","itemListElement":[{"@type":"ListItem","position":1,"name":"Portada","item":"https:\/\/lospoliticosveracruz.com\/"},{"@type":"ListItem","position":2,"name":"DE PALACIO NACIONAL a una prisi\u00f3n de mediana seguridad"}]},{"@type":"WebSite","@id":"https:\/\/lospoliticosveracruz.com\/#website","url":"https:\/\/lospoliticosveracruz.com\/","name":"Los pol\u00edticos Veracruz","description":"","publisher":{"@id":"https:\/\/lospoliticosveracruz.com\/#organization"},"potentialAction":[{"@type":"SearchAction","target":{"@type":"EntryPoint","urlTemplate":"https:\/\/lospoliticosveracruz.com\/?s={search_term_string}"},"query-input":{"@type":"PropertyValueSpecification","valueRequired":true,"valueName":"search_term_string"}}],"inLanguage":"es"},{"@type":"Organization","@id":"https:\/\/lospoliticosveracruz.com\/#organization","name":"Los pol\u00edticos Veracruz","url":"https:\/\/lospoliticosveracruz.com\/","logo":{"@type":"ImageObject","inLanguage":"es","@id":"https:\/\/lospoliticosveracruz.com\/#\/schema\/logo\/image\/","url":"https:\/\/lospoliticosveracruz.com\/wp-content\/uploads\/2025\/12\/Logo-Nuevo-LOS-POLITICOS-1.jpg","contentUrl":"https:\/\/lospoliticosveracruz.com\/wp-content\/uploads\/2025\/12\/Logo-Nuevo-LOS-POLITICOS-1.jpg","width":260,"height":70,"caption":"Los pol\u00edticos Veracruz"},"image":{"@id":"https:\/\/lospoliticosveracruz.com\/#\/schema\/logo\/image\/"},"sameAs":["https:\/\/www.facebook.com\/people\/Notimemes-de-los-Polticos\/61565672886568\/","https:\/\/x.com\/LosPoliticosVer"]},{"@type":"Person","@id":"https:\/\/lospoliticosveracruz.com\/#\/schema\/person\/b8702bb0e538456e6efd07080bf2a4a2","name":"Lo viste en Los Pol\u00edticos","image":{"@type":"ImageObject","inLanguage":"es","@id":"https:\/\/secure.gravatar.com\/avatar\/3a8de04a2656d44082be478bd6c086daa447c4651605818287b9532d3d0bd435?s=96&d=mm&r=g","url":"https:\/\/secure.gravatar.com\/avatar\/3a8de04a2656d44082be478bd6c086daa447c4651605818287b9532d3d0bd435?s=96&d=mm&r=g","contentUrl":"https:\/\/secure.gravatar.com\/avatar\/3a8de04a2656d44082be478bd6c086daa447c4651605818287b9532d3d0bd435?s=96&d=mm&r=g","caption":"Lo viste en Los Pol\u00edticos"},"url":"https:\/\/lospoliticosveracruz.com\/?author=2"}]}},"_links":{"self":[{"href":"https:\/\/lospoliticosveracruz.com\/index.php?rest_route=\/wp\/v2\/posts\/105968","targetHints":{"allow":["GET"]}}],"collection":[{"href":"https:\/\/lospoliticosveracruz.com\/index.php?rest_route=\/wp\/v2\/posts"}],"about":[{"href":"https:\/\/lospoliticosveracruz.com\/index.php?rest_route=\/wp\/v2\/types\/post"}],"author":[{"embeddable":true,"href":"https:\/\/lospoliticosveracruz.com\/index.php?rest_route=\/wp\/v2\/users\/2"}],"replies":[{"embeddable":true,"href":"https:\/\/lospoliticosveracruz.com\/index.php?rest_route=%2Fwp%2Fv2%2Fcomments&post=105968"}],"version-history":[{"count":1,"href":"https:\/\/lospoliticosveracruz.com\/index.php?rest_route=\/wp\/v2\/posts\/105968\/revisions"}],"predecessor-version":[{"id":105969,"href":"https:\/\/lospoliticosveracruz.com\/index.php?rest_route=\/wp\/v2\/posts\/105968\/revisions\/105969"}],"wp:attachment":[{"href":"https:\/\/lospoliticosveracruz.com\/index.php?rest_route=%2Fwp%2Fv2%2Fmedia&parent=105968"}],"wp:term":[{"taxonomy":"category","embeddable":true,"href":"https:\/\/lospoliticosveracruz.com\/index.php?rest_route=%2Fwp%2Fv2%2Fcategories&post=105968"},{"taxonomy":"post_tag","embeddable":true,"href":"https:\/\/lospoliticosveracruz.com\/index.php?rest_route=%2Fwp%2Fv2%2Ftags&post=105968"}],"curies":[{"name":"wp","href":"https:\/\/api.w.org\/{rel}","templated":true}]}}