{"id":105975,"date":"2023-05-12T10:37:26","date_gmt":"2023-05-12T15:37:26","guid":{"rendered":"https:\/\/lospoliticosveracruz.com.mx\/?p=105975"},"modified":"2023-05-12T10:37:34","modified_gmt":"2023-05-12T15:37:34","slug":"la-scjn-actuo-conforme-a-la-constitucion","status":"publish","type":"post","link":"https:\/\/lospoliticosveracruz.com\/?p=105975","title":{"rendered":"LA SCJN ACTU\u00d3 CONFORME A LA CONSTITUCI\u00d3N"},"content":{"rendered":"\n<p><\/p>\n\n\n\n<p><strong>Felipe de Jes\u00fas Fern\u00e1ndez Basilio<br><\/strong><em>Desde a Janela<\/em><\/p>\n\n\n\n<p>\u201cYa solo restan un a\u00f1o, cuatro meses y diecinueve d\u00edas para que se vaya a \u2026 su rancho\u201d<\/p>\n\n\n\n<p>Tanto el presidente de la rep\u00fablica como los legisladores y los gobernadores de su partido (MRN) mienten descaradamente cuando claman a los cuatro vientos que la SCJN usurp\u00f3 las funciones de los legisladores al echar abajo las dos primeras leyes que conforman el paquete de reformas legales en materia electoral, mejor conocido como el plan B de L\u00f3pez Obrador.<\/p>\n\n\n\n<figure class=\"wp-block-embed is-type-video is-provider-youtube wp-block-embed-youtube wp-embed-aspect-16-9 wp-has-aspect-ratio\"><div class=\"wp-block-embed__wrapper\">\n<iframe loading=\"lazy\" title=\"Cluster Coworking\" width=\"696\" height=\"392\" src=\"https:\/\/www.youtube.com\/embed\/Nxe-vxf8GuY?feature=oembed\" frameborder=\"0\" allow=\"accelerometer; autoplay; clipboard-write; encrypted-media; gyroscope; picture-in-picture; web-share\" referrerpolicy=\"strict-origin-when-cross-origin\" allowfullscreen><\/iframe>\n<\/div><\/figure>\n\n\n\n<p><br>Tambi\u00e9n mienten los sujetos ya mencionados cuando alegan que la SCJN no es electa democr\u00e1ticamente dando a entender que, por votaci\u00f3n popular, y que a pesar de ello se pretende imponer a los otros dos poderes que s\u00ed son electos de esa manera.<br>Y s\u00ed, mienten descaradamente y ello es as\u00ed, porque la constituci\u00f3n establece detalladamente tanto las facultades de la SCJN y del poder judicial en general, como el m\u00e9todo por el cual son elegidos los ministros que la integran y en el cual, por cierto, intervienen los otros dos poderes.<br>Ahora bien, \u00bfPor qu\u00e9 fue absolutamente legal la resoluci\u00f3n que tomo la SCJN de declarar la invalidez de las primeras dos leyes que integran el llamado plan B de L\u00f3pez?<br>Porque el constituyente estableci\u00f3 que la SCJN sea un tribunal constitucional y como ya se se\u00f1al\u00f3 en este espacio (Desde a Janela: Justicia Constitucional), la obligaci\u00f3n de un tribunal constitucional es precisamente revisar que las actuaciones de los otros dos poderes sean apegadas a lo que establece la constituci\u00f3n.<br>Y en el caso concreto de la expedici\u00f3n de una ley, como en este caso aconteci\u00f3, el tribunal constitucional debe de revisar en primer lugar que la ley haya sido expedida conforme al proceso legislativo que establece el art\u00edculo 72 de la constituci\u00f3n y, en segundo lugar, que el contenido de esa ley no se oponga a lo establecido en toda la constituci\u00f3n.<br>Y resulta que las leyes propuestas por L\u00f3pez Obrador y aprobadas en autom\u00e1tico por sus bancadas legislativas ni siquiera pasaron el primero de los filtros, ya que fueron aprobadas sin cumplir con lo que establece el referido art\u00edculo 72 constitucional, el cual a la letra dice que: \u201cTodo proyecto de ley o decreto, cuya resoluci\u00f3n no sea exclusiva de alguna de ellas, se discutir\u00e1 sucesivamente en ambas, observ\u00e1ndose la ley del congreso y sus reglamentos respectivos, sobre la forma, intervalos y modo de proceder en las discusiones y votaciones\u201d, y eso sucedi\u00f3, porque dichas leyes fueron aprobadas sin llevar a cabo una discusi\u00f3n previa al dispensarse todos los tr\u00e1mites e incluso al no ser puestas en conocimiento de todos los legisladores con la antelaci\u00f3n suficiente para poder conocer el contenido de las iniciativas presentadas.<br>En resumen, la bancada oficialista evit\u00f3 que la oposici\u00f3n conociera y debatiera el contenido de las iniciativas que aprobaron sin dictaminar ni debatir, lo cual constituy\u00f3 una violaci\u00f3n a las leyes y reglamentos que rigen el proceso legislativo en las c\u00e1maras del Congreso de la Uni\u00f3n y, en consecuencia, se viol\u00f3 el art\u00edculo 72 de la constituci\u00f3n.<br>Y al acreditarse esa violaci\u00f3n constitucional al proceso legislativo, la SCJN tuvo que invalidar las normas sin si quiera estudiar si su contenido se adecua o no al texto constitucional, ya que, al no cumplirse con el proceso legislativo, la ley aprobada ya es nula en s\u00ed misma.<br>Cabe se\u00f1alar que es altamente probable que lo mismo suceda con el resto del llamado plan B y con las diversas leyes que fueron aprobadas al finalizar el segundo periodo de sesiones del segundo a\u00f1o de la legislatura actual.<br>Por \u00faltimo, es importante se\u00f1alar que M\u00e9xico es un pa\u00eds con un r\u00e9gimen basado en la supremac\u00eda de la constituci\u00f3n y por ello, las normas constitucionales son superiores a las actuaciones de los poderes establecidos por la propia constituci\u00f3n; lo que en lenguaje claro y comprensible significa que ninguna mayor\u00eda legislativa ni mucho menos ning\u00fan presidente, por muy votado que haya sido, puede actuar por encima de lo que establece la constituci\u00f3n.<br>Y para velar por su respeto, existe un tribunal conformado por especialistas en derecho que anular\u00e1 toda actuaci\u00f3n de los dem\u00e1s poderes que incumpla o que vaya en contra de la Ley Suprema.<\/p>\n\n\n\n<p>felfebas@gmail.com<br>Twitter: @FelipeFBasilio<\/p>\n","protected":false},"excerpt":{"rendered":"<p>Felipe de Jes\u00fas Fern\u00e1ndez BasilioDesde a Janela \u201cYa solo restan un a\u00f1o, cuatro meses y diecinueve d\u00edas para que se vaya a \u2026 su rancho\u201d Tanto el presidente de la rep\u00fablica como los legisladores y los gobernadores de su partido (MRN) mienten descaradamente cuando claman a los cuatro vientos que la SCJN usurp\u00f3 las funciones [&hellip;]<\/p>\n","protected":false},"author":2,"featured_media":0,"comment_status":"closed","ping_status":"closed","sticky":false,"template":"","format":"standard","meta":{"tdm_status":"","tdm_grid_status":"","footnotes":""},"categories":[70],"tags":[618,12710,36513,3965],"class_list":{"0":"post-105975","1":"post","2":"type-post","3":"status-publish","4":"format-standard","6":"category-de-opinion","7":"tag-andres-manuel-lopez-obrador","8":"tag-felipe-de-jesus-fernandez-basilio","9":"tag-plan-b","10":"tag-scjn"},"yoast_head":"<!-- This site is optimized with the Yoast SEO plugin v27.4 - https:\/\/yoast.com\/product\/yoast-seo-wordpress\/ -->\n<title>LA SCJN ACTU\u00d3 CONFORME A LA CONSTITUCI\u00d3N - Los pol\u00edticos Veracruz<\/title>\n<meta name=\"robots\" content=\"index, follow, max-snippet:-1, max-image-preview:large, max-video-preview:-1\" \/>\n<link rel=\"canonical\" href=\"https:\/\/lospoliticosveracruz.com\/?p=105975\" \/>\n<meta property=\"og:locale\" content=\"es_ES\" \/>\n<meta property=\"og:type\" content=\"article\" \/>\n<meta property=\"og:title\" content=\"LA SCJN ACTU\u00d3 CONFORME A LA CONSTITUCI\u00d3N - Los pol\u00edticos Veracruz\" \/>\n<meta property=\"og:description\" content=\"Felipe de Jes\u00fas Fern\u00e1ndez BasilioDesde a Janela \u201cYa solo restan un a\u00f1o, cuatro meses y diecinueve d\u00edas para que se vaya a \u2026 su rancho\u201d Tanto el presidente de la rep\u00fablica como los legisladores y los gobernadores de su partido (MRN) mienten descaradamente cuando claman a los cuatro vientos que la SCJN usurp\u00f3 las funciones [&hellip;]\" \/>\n<meta property=\"og:url\" content=\"https:\/\/lospoliticosveracruz.com\/?p=105975\" \/>\n<meta property=\"og:site_name\" content=\"Los pol\u00edticos Veracruz\" \/>\n<meta property=\"article:publisher\" content=\"https:\/\/www.facebook.com\/people\/Notimemes-de-los-Polticos\/61565672886568\/\" \/>\n<meta property=\"article:published_time\" content=\"2023-05-12T15:37:26+00:00\" \/>\n<meta property=\"article:modified_time\" content=\"2023-05-12T15:37:34+00:00\" \/>\n<meta property=\"og:image\" content=\"https:\/\/lospoliticosveracruz.com\/wp-content\/uploads\/2016\/07\/Logo-Dor.jpg\" \/>\n\t<meta property=\"og:image:width\" content=\"200\" \/>\n\t<meta property=\"og:image:height\" content=\"200\" \/>\n\t<meta property=\"og:image:type\" content=\"image\/jpeg\" \/>\n<meta name=\"author\" content=\"Lo viste en Los Pol\u00edticos\" \/>\n<meta name=\"twitter:card\" content=\"summary_large_image\" \/>\n<meta name=\"twitter:creator\" content=\"@LosPoliticosVer\" \/>\n<meta name=\"twitter:site\" content=\"@LosPoliticosVer\" \/>\n<meta name=\"twitter:label1\" content=\"Escrito por\" \/>\n\t<meta name=\"twitter:data1\" content=\"Lo viste en Los Pol\u00edticos\" \/>\n\t<meta name=\"twitter:label2\" content=\"Tiempo de lectura\" \/>\n\t<meta name=\"twitter:data2\" content=\"4 minutos\" \/>\n<script type=\"application\/ld+json\" class=\"yoast-schema-graph\">{\"@context\":\"https:\\\/\\\/schema.org\",\"@graph\":[{\"@type\":\"Article\",\"@id\":\"https:\\\/\\\/lospoliticosveracruz.com\\\/?p=105975#article\",\"isPartOf\":{\"@id\":\"https:\\\/\\\/lospoliticosveracruz.com\\\/?p=105975\"},\"author\":{\"name\":\"Lo viste en Los Pol\u00edticos\",\"@id\":\"https:\\\/\\\/lospoliticosveracruz.com\\\/#\\\/schema\\\/person\\\/b8702bb0e538456e6efd07080bf2a4a2\"},\"headline\":\"LA SCJN ACTU\u00d3 CONFORME A LA CONSTITUCI\u00d3N\",\"datePublished\":\"2023-05-12T15:37:26+00:00\",\"dateModified\":\"2023-05-12T15:37:34+00:00\",\"mainEntityOfPage\":{\"@id\":\"https:\\\/\\\/lospoliticosveracruz.com\\\/?p=105975\"},\"wordCount\":764,\"publisher\":{\"@id\":\"https:\\\/\\\/lospoliticosveracruz.com\\\/#organization\"},\"keywords\":[\"Andr\u00e9s Manuel L\u00f3pez Obrador\",\"Felipe de Jes\u00fas Fern\u00e1ndez Basilio\",\"Plan B\",\"SCJN\"],\"articleSection\":[\"De Opini\u00f3n\"],\"inLanguage\":\"es\"},{\"@type\":\"WebPage\",\"@id\":\"https:\\\/\\\/lospoliticosveracruz.com\\\/?p=105975\",\"url\":\"https:\\\/\\\/lospoliticosveracruz.com\\\/?p=105975\",\"name\":\"LA SCJN ACTU\u00d3 CONFORME A LA CONSTITUCI\u00d3N - Los pol\u00edticos Veracruz\",\"isPartOf\":{\"@id\":\"https:\\\/\\\/lospoliticosveracruz.com\\\/#website\"},\"datePublished\":\"2023-05-12T15:37:26+00:00\",\"dateModified\":\"2023-05-12T15:37:34+00:00\",\"breadcrumb\":{\"@id\":\"https:\\\/\\\/lospoliticosveracruz.com\\\/?p=105975#breadcrumb\"},\"inLanguage\":\"es\",\"potentialAction\":[{\"@type\":\"ReadAction\",\"target\":[\"https:\\\/\\\/lospoliticosveracruz.com\\\/?p=105975\"]}]},{\"@type\":\"BreadcrumbList\",\"@id\":\"https:\\\/\\\/lospoliticosveracruz.com\\\/?p=105975#breadcrumb\",\"itemListElement\":[{\"@type\":\"ListItem\",\"position\":1,\"name\":\"Portada\",\"item\":\"https:\\\/\\\/lospoliticosveracruz.com\\\/\"},{\"@type\":\"ListItem\",\"position\":2,\"name\":\"LA SCJN ACTU\u00d3 CONFORME A LA CONSTITUCI\u00d3N\"}]},{\"@type\":\"WebSite\",\"@id\":\"https:\\\/\\\/lospoliticosveracruz.com\\\/#website\",\"url\":\"https:\\\/\\\/lospoliticosveracruz.com\\\/\",\"name\":\"Los pol\u00edticos Veracruz\",\"description\":\"\",\"publisher\":{\"@id\":\"https:\\\/\\\/lospoliticosveracruz.com\\\/#organization\"},\"potentialAction\":[{\"@type\":\"SearchAction\",\"target\":{\"@type\":\"EntryPoint\",\"urlTemplate\":\"https:\\\/\\\/lospoliticosveracruz.com\\\/?s={search_term_string}\"},\"query-input\":{\"@type\":\"PropertyValueSpecification\",\"valueRequired\":true,\"valueName\":\"search_term_string\"}}],\"inLanguage\":\"es\"},{\"@type\":\"Organization\",\"@id\":\"https:\\\/\\\/lospoliticosveracruz.com\\\/#organization\",\"name\":\"Los pol\u00edticos Veracruz\",\"url\":\"https:\\\/\\\/lospoliticosveracruz.com\\\/\",\"logo\":{\"@type\":\"ImageObject\",\"inLanguage\":\"es\",\"@id\":\"https:\\\/\\\/lospoliticosveracruz.com\\\/#\\\/schema\\\/logo\\\/image\\\/\",\"url\":\"https:\\\/\\\/lospoliticosveracruz.com\\\/wp-content\\\/uploads\\\/2025\\\/12\\\/Logo-Nuevo-LOS-POLITICOS-1.jpg\",\"contentUrl\":\"https:\\\/\\\/lospoliticosveracruz.com\\\/wp-content\\\/uploads\\\/2025\\\/12\\\/Logo-Nuevo-LOS-POLITICOS-1.jpg\",\"width\":260,\"height\":70,\"caption\":\"Los pol\u00edticos Veracruz\"},\"image\":{\"@id\":\"https:\\\/\\\/lospoliticosveracruz.com\\\/#\\\/schema\\\/logo\\\/image\\\/\"},\"sameAs\":[\"https:\\\/\\\/www.facebook.com\\\/people\\\/Notimemes-de-los-Polticos\\\/61565672886568\\\/\",\"https:\\\/\\\/x.com\\\/LosPoliticosVer\"]},{\"@type\":\"Person\",\"@id\":\"https:\\\/\\\/lospoliticosveracruz.com\\\/#\\\/schema\\\/person\\\/b8702bb0e538456e6efd07080bf2a4a2\",\"name\":\"Lo viste en Los Pol\u00edticos\",\"image\":{\"@type\":\"ImageObject\",\"inLanguage\":\"es\",\"@id\":\"https:\\\/\\\/secure.gravatar.com\\\/avatar\\\/3a8de04a2656d44082be478bd6c086daa447c4651605818287b9532d3d0bd435?s=96&d=mm&r=g\",\"url\":\"https:\\\/\\\/secure.gravatar.com\\\/avatar\\\/3a8de04a2656d44082be478bd6c086daa447c4651605818287b9532d3d0bd435?s=96&d=mm&r=g\",\"contentUrl\":\"https:\\\/\\\/secure.gravatar.com\\\/avatar\\\/3a8de04a2656d44082be478bd6c086daa447c4651605818287b9532d3d0bd435?s=96&d=mm&r=g\",\"caption\":\"Lo viste en Los Pol\u00edticos\"},\"url\":\"https:\\\/\\\/lospoliticosveracruz.com\\\/?author=2\"}]}<\/script>\n<!-- \/ Yoast SEO plugin. -->","yoast_head_json":{"title":"LA SCJN ACTU\u00d3 CONFORME A LA CONSTITUCI\u00d3N - Los pol\u00edticos Veracruz","robots":{"index":"index","follow":"follow","max-snippet":"max-snippet:-1","max-image-preview":"max-image-preview:large","max-video-preview":"max-video-preview:-1"},"canonical":"https:\/\/lospoliticosveracruz.com\/?p=105975","og_locale":"es_ES","og_type":"article","og_title":"LA SCJN ACTU\u00d3 CONFORME A LA CONSTITUCI\u00d3N - Los pol\u00edticos Veracruz","og_description":"Felipe de Jes\u00fas Fern\u00e1ndez BasilioDesde a Janela \u201cYa solo restan un a\u00f1o, cuatro meses y diecinueve d\u00edas para que se vaya a \u2026 su rancho\u201d Tanto el presidente de la rep\u00fablica como los legisladores y los gobernadores de su partido (MRN) mienten descaradamente cuando claman a los cuatro vientos que la SCJN usurp\u00f3 las funciones [&hellip;]","og_url":"https:\/\/lospoliticosveracruz.com\/?p=105975","og_site_name":"Los pol\u00edticos Veracruz","article_publisher":"https:\/\/www.facebook.com\/people\/Notimemes-de-los-Polticos\/61565672886568\/","article_published_time":"2023-05-12T15:37:26+00:00","article_modified_time":"2023-05-12T15:37:34+00:00","og_image":[{"width":200,"height":200,"url":"https:\/\/lospoliticosveracruz.com\/wp-content\/uploads\/2016\/07\/Logo-Dor.jpg","type":"image\/jpeg"}],"author":"Lo viste en Los Pol\u00edticos","twitter_card":"summary_large_image","twitter_creator":"@LosPoliticosVer","twitter_site":"@LosPoliticosVer","twitter_misc":{"Escrito por":"Lo viste en Los Pol\u00edticos","Tiempo de lectura":"4 minutos"},"schema":{"@context":"https:\/\/schema.org","@graph":[{"@type":"Article","@id":"https:\/\/lospoliticosveracruz.com\/?p=105975#article","isPartOf":{"@id":"https:\/\/lospoliticosveracruz.com\/?p=105975"},"author":{"name":"Lo viste en Los Pol\u00edticos","@id":"https:\/\/lospoliticosveracruz.com\/#\/schema\/person\/b8702bb0e538456e6efd07080bf2a4a2"},"headline":"LA SCJN ACTU\u00d3 CONFORME A LA CONSTITUCI\u00d3N","datePublished":"2023-05-12T15:37:26+00:00","dateModified":"2023-05-12T15:37:34+00:00","mainEntityOfPage":{"@id":"https:\/\/lospoliticosveracruz.com\/?p=105975"},"wordCount":764,"publisher":{"@id":"https:\/\/lospoliticosveracruz.com\/#organization"},"keywords":["Andr\u00e9s Manuel L\u00f3pez Obrador","Felipe de Jes\u00fas Fern\u00e1ndez Basilio","Plan B","SCJN"],"articleSection":["De Opini\u00f3n"],"inLanguage":"es"},{"@type":"WebPage","@id":"https:\/\/lospoliticosveracruz.com\/?p=105975","url":"https:\/\/lospoliticosveracruz.com\/?p=105975","name":"LA SCJN ACTU\u00d3 CONFORME A LA CONSTITUCI\u00d3N - Los pol\u00edticos Veracruz","isPartOf":{"@id":"https:\/\/lospoliticosveracruz.com\/#website"},"datePublished":"2023-05-12T15:37:26+00:00","dateModified":"2023-05-12T15:37:34+00:00","breadcrumb":{"@id":"https:\/\/lospoliticosveracruz.com\/?p=105975#breadcrumb"},"inLanguage":"es","potentialAction":[{"@type":"ReadAction","target":["https:\/\/lospoliticosveracruz.com\/?p=105975"]}]},{"@type":"BreadcrumbList","@id":"https:\/\/lospoliticosveracruz.com\/?p=105975#breadcrumb","itemListElement":[{"@type":"ListItem","position":1,"name":"Portada","item":"https:\/\/lospoliticosveracruz.com\/"},{"@type":"ListItem","position":2,"name":"LA SCJN ACTU\u00d3 CONFORME A LA CONSTITUCI\u00d3N"}]},{"@type":"WebSite","@id":"https:\/\/lospoliticosveracruz.com\/#website","url":"https:\/\/lospoliticosveracruz.com\/","name":"Los pol\u00edticos Veracruz","description":"","publisher":{"@id":"https:\/\/lospoliticosveracruz.com\/#organization"},"potentialAction":[{"@type":"SearchAction","target":{"@type":"EntryPoint","urlTemplate":"https:\/\/lospoliticosveracruz.com\/?s={search_term_string}"},"query-input":{"@type":"PropertyValueSpecification","valueRequired":true,"valueName":"search_term_string"}}],"inLanguage":"es"},{"@type":"Organization","@id":"https:\/\/lospoliticosveracruz.com\/#organization","name":"Los pol\u00edticos Veracruz","url":"https:\/\/lospoliticosveracruz.com\/","logo":{"@type":"ImageObject","inLanguage":"es","@id":"https:\/\/lospoliticosveracruz.com\/#\/schema\/logo\/image\/","url":"https:\/\/lospoliticosveracruz.com\/wp-content\/uploads\/2025\/12\/Logo-Nuevo-LOS-POLITICOS-1.jpg","contentUrl":"https:\/\/lospoliticosveracruz.com\/wp-content\/uploads\/2025\/12\/Logo-Nuevo-LOS-POLITICOS-1.jpg","width":260,"height":70,"caption":"Los pol\u00edticos Veracruz"},"image":{"@id":"https:\/\/lospoliticosveracruz.com\/#\/schema\/logo\/image\/"},"sameAs":["https:\/\/www.facebook.com\/people\/Notimemes-de-los-Polticos\/61565672886568\/","https:\/\/x.com\/LosPoliticosVer"]},{"@type":"Person","@id":"https:\/\/lospoliticosveracruz.com\/#\/schema\/person\/b8702bb0e538456e6efd07080bf2a4a2","name":"Lo viste en Los Pol\u00edticos","image":{"@type":"ImageObject","inLanguage":"es","@id":"https:\/\/secure.gravatar.com\/avatar\/3a8de04a2656d44082be478bd6c086daa447c4651605818287b9532d3d0bd435?s=96&d=mm&r=g","url":"https:\/\/secure.gravatar.com\/avatar\/3a8de04a2656d44082be478bd6c086daa447c4651605818287b9532d3d0bd435?s=96&d=mm&r=g","contentUrl":"https:\/\/secure.gravatar.com\/avatar\/3a8de04a2656d44082be478bd6c086daa447c4651605818287b9532d3d0bd435?s=96&d=mm&r=g","caption":"Lo viste en Los Pol\u00edticos"},"url":"https:\/\/lospoliticosveracruz.com\/?author=2"}]}},"_links":{"self":[{"href":"https:\/\/lospoliticosveracruz.com\/index.php?rest_route=\/wp\/v2\/posts\/105975","targetHints":{"allow":["GET"]}}],"collection":[{"href":"https:\/\/lospoliticosveracruz.com\/index.php?rest_route=\/wp\/v2\/posts"}],"about":[{"href":"https:\/\/lospoliticosveracruz.com\/index.php?rest_route=\/wp\/v2\/types\/post"}],"author":[{"embeddable":true,"href":"https:\/\/lospoliticosveracruz.com\/index.php?rest_route=\/wp\/v2\/users\/2"}],"replies":[{"embeddable":true,"href":"https:\/\/lospoliticosveracruz.com\/index.php?rest_route=%2Fwp%2Fv2%2Fcomments&post=105975"}],"version-history":[{"count":1,"href":"https:\/\/lospoliticosveracruz.com\/index.php?rest_route=\/wp\/v2\/posts\/105975\/revisions"}],"predecessor-version":[{"id":105976,"href":"https:\/\/lospoliticosveracruz.com\/index.php?rest_route=\/wp\/v2\/posts\/105975\/revisions\/105976"}],"wp:attachment":[{"href":"https:\/\/lospoliticosveracruz.com\/index.php?rest_route=%2Fwp%2Fv2%2Fmedia&parent=105975"}],"wp:term":[{"taxonomy":"category","embeddable":true,"href":"https:\/\/lospoliticosveracruz.com\/index.php?rest_route=%2Fwp%2Fv2%2Fcategories&post=105975"},{"taxonomy":"post_tag","embeddable":true,"href":"https:\/\/lospoliticosveracruz.com\/index.php?rest_route=%2Fwp%2Fv2%2Ftags&post=105975"}],"curies":[{"name":"wp","href":"https:\/\/api.w.org\/{rel}","templated":true}]}}