{"id":106117,"date":"2023-05-17T01:41:00","date_gmt":"2023-05-17T06:41:00","guid":{"rendered":"https:\/\/lospoliticosveracruz.com.mx\/?p=106117"},"modified":"2023-05-16T23:45:26","modified_gmt":"2023-05-17T04:45:26","slug":"de-dirigente-a-candidato","status":"publish","type":"post","link":"https:\/\/lospoliticosveracruz.com\/?p=106117","title":{"rendered":"DE DIRIGENTE A CANDIDATO"},"content":{"rendered":"\n<p><strong>Salvador Mu\u00f1oz<br><\/strong><em>Los Pol\u00edticos<\/em><\/p>\n\n\n\n<p>La idea que hace unos d\u00edas plasm\u00f3 Bernardo Guti\u00e9rrez Parra en su columna Desde el Caf\u00e9, no suena descabellada. Me refiero a ubicar al presidente del PRI en Veracruz, como una probable figura a competir por ser candidato a la Gubernatura.<\/p>\n\n\n\n<figure class=\"wp-block-embed is-type-video is-provider-youtube wp-block-embed-youtube wp-embed-aspect-16-9 wp-has-aspect-ratio\"><div class=\"wp-block-embed__wrapper\">\n<iframe loading=\"lazy\" title=\"Cluster Coworking\" width=\"696\" height=\"392\" src=\"https:\/\/www.youtube.com\/embed\/Nxe-vxf8GuY?feature=oembed\" frameborder=\"0\" allow=\"accelerometer; autoplay; clipboard-write; encrypted-media; gyroscope; picture-in-picture; web-share\" referrerpolicy=\"strict-origin-when-cross-origin\" allowfullscreen><\/iframe>\n<\/div><\/figure>\n\n\n\n<p><br>De un modo u otro, el jarocho Ram\u00edrez Mar\u00edn tiene dos enormes balcones que le permiten recorrer lo largo y ancho del estado, adem\u00e1s de llamar a los reflectores y lo mejor: es un pol\u00edtico que tiene la radiograf\u00eda\u2026 no, la radiograf\u00eda no\u2026 la tomograf\u00eda de la entidad y la lee al derecho y al rev\u00e9s; de frente y de perfil; de arriba para abajo; de adentro hacia afuera y viceversa\u2026 ser dirigente del Partido y adem\u00e1s diputado le da para eso y m\u00e1s.<br>Esta idea entonces nos llevar\u00eda a voltear a los otros dirigentes de las dem\u00e1s instituciones pol\u00edticas que tenemos en la entidad\u2026<br>Incre\u00edblemente, pero los aliados del PRI, en este caso el PAN y PRD, sus \u201cliderazgos\u201d son opacos, grises, sin gracia ni fuerza. En un momento dado, las siglas por s\u00ed solas representan m\u00e1s que sus dirigentes cuando se debe de generar una especie de binomio, sea como un centauro, o uno tipo K9, donde uno sea un perro en la pol\u00edtica\u2026 \u00a1vamos! No veo ni a Federico Salom\u00f3n o Sergio Cadena compitiendo ni siquiera por unos boletos para ver a Luis Mi\u2026<br>En el caso de Fuerza por M\u00e9xico, Tato Vega ya sabe lo que es una competencia electoral, tanto en la cancha como en la Direcci\u00f3n T\u00e9cnica. Conoce el Estado, sabe lo que es la comuni\u00f3n con la raza, con el pueblo, con la gente\u2026 pero estoy seguro que no se animar\u00eda a competir al grado en que ponen a Marlon, por dos razones: primero, porque trabaja en la estructura rosa del partido bajo la idea de incrementar ese 3 por ciento que lo mantiene en Veracruz; segundo, porque de buscar un puesto, ser\u00eda diputado y asumo que tendr\u00eda que ser local y pluri, en aras de mantenerse cerca, demasiado cerca de sus bases; y por dicha v\u00eda, para tener margen de maniobra en todo el estado durante una campa\u00f1a\u2026 y por supuesto, as\u00ed, Fuerza por M\u00e9xico tendr\u00eda mayor presencia en el Congreso que la que tiene el vecino inc\u00f3modo de La Pitaya, Enrique Santos Mendoza.<br>En el caso del PVEM, simplemente no deja de ser su dirigente, el cuate del junior que est\u00e1 con el otro junior y sin m\u00e1s aspiraci\u00f3n que la de seguir jugando a tener un partido.<br>Morena tiene dirigente de partido porque debe ser un requisito\u2026 en este momento, aqu\u00ed ocurre lo mismo que en el PAN y el PRD. Por s\u00ed solo, el partido tiene vida y su dirigente no deja de ser una r\u00e9mora que lo acompa\u00f1a. Vamos, si hay o no hay dirigencia, Morena es. Y es tan innecesaria la presencia de Zepeta, que se la lleva de muertito cuando debiera de funcionar como defensor del Movimiento que se despliega en Palacio de Gobierno\u2026 un ejemplo es el tema de Sergio Gil Rull\u00e1n, cuando sali\u00f3 a los medios y con espectaculares por la entidad, ret\u00f3 al Gobernador a un debate\u2026 un buen dirigente, un buen pol\u00edtico, se levanta y le dice al de Movimiento Ciudadano: \u201cEspera, mi Gobernador no va a bajar de peso para enfrentarte, pero t\u00fa y yo, que somos del mismo tonelaje, nos aventamos el round y debatimos\u2026 pon fecha, lugar y hora\u201d\u2026 pero qu\u00e9 creen\u2026 est\u00e1 a miles a\u00f1os luz Esteban de hilar una idea, de mantener un argumento, de que le fosforeen las meninges, y en el peor de los escenarios, este moreno \u00a1puede ser hasta diputado! \u00a1Bara bara!<br>Y ya que tocamos a Sergio Gil Rull\u00e1n, quiz\u00e1s sea uno de los dirigentes de partido que junto con Marlon, se ver\u00edan con posibilidades de competir por la gubernatura este 2024.<br>Sergio Gil es un dirigente activo, cr\u00edtico, que sabe argumentar y tambi\u00e9n entiende la tomograf\u00eda de Veracruz. No echa bala, sino puro tiro de precisi\u00f3n\u2026 algo as\u00ed como un Francotirador Pol\u00edtico. A su edad, creo que 35 a\u00f1os, desparrama pol\u00edtica y sobre todo, resulta sumamente inc\u00f3modo para los inquilinos de Palacio de Gobierno. Realmente, aparte de Dante y sin demeritar el trabajo del resto naranja, Sergio Gil es el activo m\u00e1s importante en Veracruz de Movimiento Ciudadano\u2026 imag\u00ednelo nom\u00e1s en un debate contra Ch\u00edo, Cheko o Zenyazen\u2026 qui\u00e9n cree de estos tres, se defender\u00eda como Gato \u201cPanzarriba\u201d?<br>As\u00ed, a grosso modo, exponemos el papel de cada dirigente de partido en Veracruz sosteniendo que no suena descabellada la idea de Bernardo\u2026 Marlon y Sergio\u2026 \u00bfpor qu\u00e9 no?<\/p>\n","protected":false},"excerpt":{"rendered":"<p>Salvador Mu\u00f1ozLos Pol\u00edticos La idea que hace unos d\u00edas plasm\u00f3 Bernardo Guti\u00e9rrez Parra en su columna Desde el Caf\u00e9, no suena descabellada. Me refiero a ubicar al presidente del PRI en Veracruz, como una probable figura a competir por ser candidato a la Gubernatura. De un modo u otro, el jarocho Ram\u00edrez Mar\u00edn tiene dos [&hellip;]<\/p>\n","protected":false},"author":2,"featured_media":0,"comment_status":"closed","ping_status":"closed","sticky":false,"template":"","format":"standard","meta":{"tdm_status":"","tdm_grid_status":"","footnotes":""},"categories":[70],"tags":[34206,27781,17053,31556,24637,2908,2327,20045,264,2646,15095,11240,25667],"class_list":{"0":"post-106117","1":"post","2":"type-post","3":"status-publish","4":"format-standard","6":"category-de-opinion","7":"tag-bernardo-gutierrez-parra","8":"tag-enrique-santos-mendoza","9":"tag-esteban-ramirez-zepeta","10":"tag-federico-salomon","11":"tag-fuerza-por-mexico","12":"tag-marlon-ramirez-marin","13":"tag-movimiento-ciudadano","14":"tag-pri-en-veracruz","15":"tag-pvem","16":"tag-salvador-munoz","17":"tag-sergio-cadena","18":"tag-sergio-gil-rullan","19":"tag-tato-vega"},"yoast_head":"<!-- This site is optimized with the Yoast SEO plugin v27.4 - https:\/\/yoast.com\/product\/yoast-seo-wordpress\/ -->\n<title>DE DIRIGENTE A CANDIDATO - Los pol\u00edticos Veracruz<\/title>\n<meta name=\"robots\" content=\"index, follow, max-snippet:-1, max-image-preview:large, max-video-preview:-1\" \/>\n<link rel=\"canonical\" href=\"https:\/\/lospoliticosveracruz.com\/?p=106117\" \/>\n<meta property=\"og:locale\" content=\"es_ES\" \/>\n<meta property=\"og:type\" content=\"article\" \/>\n<meta property=\"og:title\" content=\"DE DIRIGENTE A CANDIDATO - Los pol\u00edticos Veracruz\" \/>\n<meta property=\"og:description\" content=\"Salvador Mu\u00f1ozLos Pol\u00edticos La idea que hace unos d\u00edas plasm\u00f3 Bernardo Guti\u00e9rrez Parra en su columna Desde el Caf\u00e9, no suena descabellada. Me refiero a ubicar al presidente del PRI en Veracruz, como una probable figura a competir por ser candidato a la Gubernatura. De un modo u otro, el jarocho Ram\u00edrez Mar\u00edn tiene dos [&hellip;]\" \/>\n<meta property=\"og:url\" content=\"https:\/\/lospoliticosveracruz.com\/?p=106117\" \/>\n<meta property=\"og:site_name\" content=\"Los pol\u00edticos Veracruz\" \/>\n<meta property=\"article:publisher\" content=\"https:\/\/www.facebook.com\/people\/Notimemes-de-los-Polticos\/61565672886568\/\" \/>\n<meta property=\"article:published_time\" content=\"2023-05-17T06:41:00+00:00\" \/>\n<meta property=\"og:image\" content=\"https:\/\/lospoliticosveracruz.com\/wp-content\/uploads\/2016\/07\/Logo-Dor.jpg\" \/>\n\t<meta property=\"og:image:width\" content=\"200\" \/>\n\t<meta property=\"og:image:height\" content=\"200\" \/>\n\t<meta property=\"og:image:type\" content=\"image\/jpeg\" \/>\n<meta name=\"author\" content=\"Lo viste en Los Pol\u00edticos\" \/>\n<meta name=\"twitter:card\" content=\"summary_large_image\" \/>\n<meta name=\"twitter:creator\" content=\"@LosPoliticosVer\" \/>\n<meta name=\"twitter:site\" content=\"@LosPoliticosVer\" \/>\n<meta name=\"twitter:label1\" content=\"Escrito por\" \/>\n\t<meta name=\"twitter:data1\" content=\"Lo viste en Los Pol\u00edticos\" \/>\n\t<meta name=\"twitter:label2\" content=\"Tiempo de lectura\" \/>\n\t<meta name=\"twitter:data2\" content=\"4 minutos\" \/>\n<script type=\"application\/ld+json\" class=\"yoast-schema-graph\">{\"@context\":\"https:\\\/\\\/schema.org\",\"@graph\":[{\"@type\":\"Article\",\"@id\":\"https:\\\/\\\/lospoliticosveracruz.com\\\/?p=106117#article\",\"isPartOf\":{\"@id\":\"https:\\\/\\\/lospoliticosveracruz.com\\\/?p=106117\"},\"author\":{\"name\":\"Lo viste en Los Pol\u00edticos\",\"@id\":\"https:\\\/\\\/lospoliticosveracruz.com\\\/#\\\/schema\\\/person\\\/b8702bb0e538456e6efd07080bf2a4a2\"},\"headline\":\"DE DIRIGENTE A CANDIDATO\",\"datePublished\":\"2023-05-17T06:41:00+00:00\",\"mainEntityOfPage\":{\"@id\":\"https:\\\/\\\/lospoliticosveracruz.com\\\/?p=106117\"},\"wordCount\":833,\"publisher\":{\"@id\":\"https:\\\/\\\/lospoliticosveracruz.com\\\/#organization\"},\"keywords\":[\"Bernardo Guti\u00e9rrez Parra\",\"Enrique Santos Mendoza\",\"Esteban Ram\u00edrez Zepeta\",\"Federico Salom\u00f3n\",\"Fuerza por M\u00e9xico\",\"Marlon Ram\u00edrez Mar\u00edn\",\"Movimiento Ciudadano\",\"PRI en Veracruz\",\"PVEM\",\"Salvador Mu\u00f1oz\",\"Sergio Cadena\",\"Sergio Gil Rull\u00e1n\",\"Tato Vega\"],\"articleSection\":[\"De Opini\u00f3n\"],\"inLanguage\":\"es\"},{\"@type\":\"WebPage\",\"@id\":\"https:\\\/\\\/lospoliticosveracruz.com\\\/?p=106117\",\"url\":\"https:\\\/\\\/lospoliticosveracruz.com\\\/?p=106117\",\"name\":\"DE DIRIGENTE A CANDIDATO - Los pol\u00edticos Veracruz\",\"isPartOf\":{\"@id\":\"https:\\\/\\\/lospoliticosveracruz.com\\\/#website\"},\"datePublished\":\"2023-05-17T06:41:00+00:00\",\"breadcrumb\":{\"@id\":\"https:\\\/\\\/lospoliticosveracruz.com\\\/?p=106117#breadcrumb\"},\"inLanguage\":\"es\",\"potentialAction\":[{\"@type\":\"ReadAction\",\"target\":[\"https:\\\/\\\/lospoliticosveracruz.com\\\/?p=106117\"]}]},{\"@type\":\"BreadcrumbList\",\"@id\":\"https:\\\/\\\/lospoliticosveracruz.com\\\/?p=106117#breadcrumb\",\"itemListElement\":[{\"@type\":\"ListItem\",\"position\":1,\"name\":\"Portada\",\"item\":\"https:\\\/\\\/lospoliticosveracruz.com\\\/\"},{\"@type\":\"ListItem\",\"position\":2,\"name\":\"DE DIRIGENTE A CANDIDATO\"}]},{\"@type\":\"WebSite\",\"@id\":\"https:\\\/\\\/lospoliticosveracruz.com\\\/#website\",\"url\":\"https:\\\/\\\/lospoliticosveracruz.com\\\/\",\"name\":\"Los pol\u00edticos Veracruz\",\"description\":\"\",\"publisher\":{\"@id\":\"https:\\\/\\\/lospoliticosveracruz.com\\\/#organization\"},\"potentialAction\":[{\"@type\":\"SearchAction\",\"target\":{\"@type\":\"EntryPoint\",\"urlTemplate\":\"https:\\\/\\\/lospoliticosveracruz.com\\\/?s={search_term_string}\"},\"query-input\":{\"@type\":\"PropertyValueSpecification\",\"valueRequired\":true,\"valueName\":\"search_term_string\"}}],\"inLanguage\":\"es\"},{\"@type\":\"Organization\",\"@id\":\"https:\\\/\\\/lospoliticosveracruz.com\\\/#organization\",\"name\":\"Los pol\u00edticos Veracruz\",\"url\":\"https:\\\/\\\/lospoliticosveracruz.com\\\/\",\"logo\":{\"@type\":\"ImageObject\",\"inLanguage\":\"es\",\"@id\":\"https:\\\/\\\/lospoliticosveracruz.com\\\/#\\\/schema\\\/logo\\\/image\\\/\",\"url\":\"https:\\\/\\\/lospoliticosveracruz.com\\\/wp-content\\\/uploads\\\/2025\\\/12\\\/Logo-Nuevo-LOS-POLITICOS-1.jpg\",\"contentUrl\":\"https:\\\/\\\/lospoliticosveracruz.com\\\/wp-content\\\/uploads\\\/2025\\\/12\\\/Logo-Nuevo-LOS-POLITICOS-1.jpg\",\"width\":260,\"height\":70,\"caption\":\"Los pol\u00edticos Veracruz\"},\"image\":{\"@id\":\"https:\\\/\\\/lospoliticosveracruz.com\\\/#\\\/schema\\\/logo\\\/image\\\/\"},\"sameAs\":[\"https:\\\/\\\/www.facebook.com\\\/people\\\/Notimemes-de-los-Polticos\\\/61565672886568\\\/\",\"https:\\\/\\\/x.com\\\/LosPoliticosVer\"]},{\"@type\":\"Person\",\"@id\":\"https:\\\/\\\/lospoliticosveracruz.com\\\/#\\\/schema\\\/person\\\/b8702bb0e538456e6efd07080bf2a4a2\",\"name\":\"Lo viste en Los Pol\u00edticos\",\"image\":{\"@type\":\"ImageObject\",\"inLanguage\":\"es\",\"@id\":\"https:\\\/\\\/secure.gravatar.com\\\/avatar\\\/3a8de04a2656d44082be478bd6c086daa447c4651605818287b9532d3d0bd435?s=96&d=mm&r=g\",\"url\":\"https:\\\/\\\/secure.gravatar.com\\\/avatar\\\/3a8de04a2656d44082be478bd6c086daa447c4651605818287b9532d3d0bd435?s=96&d=mm&r=g\",\"contentUrl\":\"https:\\\/\\\/secure.gravatar.com\\\/avatar\\\/3a8de04a2656d44082be478bd6c086daa447c4651605818287b9532d3d0bd435?s=96&d=mm&r=g\",\"caption\":\"Lo viste en Los Pol\u00edticos\"},\"url\":\"https:\\\/\\\/lospoliticosveracruz.com\\\/?author=2\"}]}<\/script>\n<!-- \/ Yoast SEO plugin. -->","yoast_head_json":{"title":"DE DIRIGENTE A CANDIDATO - Los pol\u00edticos Veracruz","robots":{"index":"index","follow":"follow","max-snippet":"max-snippet:-1","max-image-preview":"max-image-preview:large","max-video-preview":"max-video-preview:-1"},"canonical":"https:\/\/lospoliticosveracruz.com\/?p=106117","og_locale":"es_ES","og_type":"article","og_title":"DE DIRIGENTE A CANDIDATO - Los pol\u00edticos Veracruz","og_description":"Salvador Mu\u00f1ozLos Pol\u00edticos La idea que hace unos d\u00edas plasm\u00f3 Bernardo Guti\u00e9rrez Parra en su columna Desde el Caf\u00e9, no suena descabellada. Me refiero a ubicar al presidente del PRI en Veracruz, como una probable figura a competir por ser candidato a la Gubernatura. De un modo u otro, el jarocho Ram\u00edrez Mar\u00edn tiene dos [&hellip;]","og_url":"https:\/\/lospoliticosveracruz.com\/?p=106117","og_site_name":"Los pol\u00edticos Veracruz","article_publisher":"https:\/\/www.facebook.com\/people\/Notimemes-de-los-Polticos\/61565672886568\/","article_published_time":"2023-05-17T06:41:00+00:00","og_image":[{"width":200,"height":200,"url":"https:\/\/lospoliticosveracruz.com\/wp-content\/uploads\/2016\/07\/Logo-Dor.jpg","type":"image\/jpeg"}],"author":"Lo viste en Los Pol\u00edticos","twitter_card":"summary_large_image","twitter_creator":"@LosPoliticosVer","twitter_site":"@LosPoliticosVer","twitter_misc":{"Escrito por":"Lo viste en Los Pol\u00edticos","Tiempo de lectura":"4 minutos"},"schema":{"@context":"https:\/\/schema.org","@graph":[{"@type":"Article","@id":"https:\/\/lospoliticosveracruz.com\/?p=106117#article","isPartOf":{"@id":"https:\/\/lospoliticosveracruz.com\/?p=106117"},"author":{"name":"Lo viste en Los Pol\u00edticos","@id":"https:\/\/lospoliticosveracruz.com\/#\/schema\/person\/b8702bb0e538456e6efd07080bf2a4a2"},"headline":"DE DIRIGENTE A CANDIDATO","datePublished":"2023-05-17T06:41:00+00:00","mainEntityOfPage":{"@id":"https:\/\/lospoliticosveracruz.com\/?p=106117"},"wordCount":833,"publisher":{"@id":"https:\/\/lospoliticosveracruz.com\/#organization"},"keywords":["Bernardo Guti\u00e9rrez Parra","Enrique Santos Mendoza","Esteban Ram\u00edrez Zepeta","Federico Salom\u00f3n","Fuerza por M\u00e9xico","Marlon Ram\u00edrez Mar\u00edn","Movimiento Ciudadano","PRI en Veracruz","PVEM","Salvador Mu\u00f1oz","Sergio Cadena","Sergio Gil Rull\u00e1n","Tato Vega"],"articleSection":["De Opini\u00f3n"],"inLanguage":"es"},{"@type":"WebPage","@id":"https:\/\/lospoliticosveracruz.com\/?p=106117","url":"https:\/\/lospoliticosveracruz.com\/?p=106117","name":"DE DIRIGENTE A CANDIDATO - Los pol\u00edticos Veracruz","isPartOf":{"@id":"https:\/\/lospoliticosveracruz.com\/#website"},"datePublished":"2023-05-17T06:41:00+00:00","breadcrumb":{"@id":"https:\/\/lospoliticosveracruz.com\/?p=106117#breadcrumb"},"inLanguage":"es","potentialAction":[{"@type":"ReadAction","target":["https:\/\/lospoliticosveracruz.com\/?p=106117"]}]},{"@type":"BreadcrumbList","@id":"https:\/\/lospoliticosveracruz.com\/?p=106117#breadcrumb","itemListElement":[{"@type":"ListItem","position":1,"name":"Portada","item":"https:\/\/lospoliticosveracruz.com\/"},{"@type":"ListItem","position":2,"name":"DE DIRIGENTE A CANDIDATO"}]},{"@type":"WebSite","@id":"https:\/\/lospoliticosveracruz.com\/#website","url":"https:\/\/lospoliticosveracruz.com\/","name":"Los pol\u00edticos Veracruz","description":"","publisher":{"@id":"https:\/\/lospoliticosveracruz.com\/#organization"},"potentialAction":[{"@type":"SearchAction","target":{"@type":"EntryPoint","urlTemplate":"https:\/\/lospoliticosveracruz.com\/?s={search_term_string}"},"query-input":{"@type":"PropertyValueSpecification","valueRequired":true,"valueName":"search_term_string"}}],"inLanguage":"es"},{"@type":"Organization","@id":"https:\/\/lospoliticosveracruz.com\/#organization","name":"Los pol\u00edticos Veracruz","url":"https:\/\/lospoliticosveracruz.com\/","logo":{"@type":"ImageObject","inLanguage":"es","@id":"https:\/\/lospoliticosveracruz.com\/#\/schema\/logo\/image\/","url":"https:\/\/lospoliticosveracruz.com\/wp-content\/uploads\/2025\/12\/Logo-Nuevo-LOS-POLITICOS-1.jpg","contentUrl":"https:\/\/lospoliticosveracruz.com\/wp-content\/uploads\/2025\/12\/Logo-Nuevo-LOS-POLITICOS-1.jpg","width":260,"height":70,"caption":"Los pol\u00edticos Veracruz"},"image":{"@id":"https:\/\/lospoliticosveracruz.com\/#\/schema\/logo\/image\/"},"sameAs":["https:\/\/www.facebook.com\/people\/Notimemes-de-los-Polticos\/61565672886568\/","https:\/\/x.com\/LosPoliticosVer"]},{"@type":"Person","@id":"https:\/\/lospoliticosveracruz.com\/#\/schema\/person\/b8702bb0e538456e6efd07080bf2a4a2","name":"Lo viste en Los Pol\u00edticos","image":{"@type":"ImageObject","inLanguage":"es","@id":"https:\/\/secure.gravatar.com\/avatar\/3a8de04a2656d44082be478bd6c086daa447c4651605818287b9532d3d0bd435?s=96&d=mm&r=g","url":"https:\/\/secure.gravatar.com\/avatar\/3a8de04a2656d44082be478bd6c086daa447c4651605818287b9532d3d0bd435?s=96&d=mm&r=g","contentUrl":"https:\/\/secure.gravatar.com\/avatar\/3a8de04a2656d44082be478bd6c086daa447c4651605818287b9532d3d0bd435?s=96&d=mm&r=g","caption":"Lo viste en Los Pol\u00edticos"},"url":"https:\/\/lospoliticosveracruz.com\/?author=2"}]}},"_links":{"self":[{"href":"https:\/\/lospoliticosveracruz.com\/index.php?rest_route=\/wp\/v2\/posts\/106117","targetHints":{"allow":["GET"]}}],"collection":[{"href":"https:\/\/lospoliticosveracruz.com\/index.php?rest_route=\/wp\/v2\/posts"}],"about":[{"href":"https:\/\/lospoliticosveracruz.com\/index.php?rest_route=\/wp\/v2\/types\/post"}],"author":[{"embeddable":true,"href":"https:\/\/lospoliticosveracruz.com\/index.php?rest_route=\/wp\/v2\/users\/2"}],"replies":[{"embeddable":true,"href":"https:\/\/lospoliticosveracruz.com\/index.php?rest_route=%2Fwp%2Fv2%2Fcomments&post=106117"}],"version-history":[{"count":1,"href":"https:\/\/lospoliticosveracruz.com\/index.php?rest_route=\/wp\/v2\/posts\/106117\/revisions"}],"predecessor-version":[{"id":106119,"href":"https:\/\/lospoliticosveracruz.com\/index.php?rest_route=\/wp\/v2\/posts\/106117\/revisions\/106119"}],"wp:attachment":[{"href":"https:\/\/lospoliticosveracruz.com\/index.php?rest_route=%2Fwp%2Fv2%2Fmedia&parent=106117"}],"wp:term":[{"taxonomy":"category","embeddable":true,"href":"https:\/\/lospoliticosveracruz.com\/index.php?rest_route=%2Fwp%2Fv2%2Fcategories&post=106117"},{"taxonomy":"post_tag","embeddable":true,"href":"https:\/\/lospoliticosveracruz.com\/index.php?rest_route=%2Fwp%2Fv2%2Ftags&post=106117"}],"curies":[{"name":"wp","href":"https:\/\/api.w.org\/{rel}","templated":true}]}}