{"id":106132,"date":"2023-05-17T13:48:15","date_gmt":"2023-05-17T18:48:15","guid":{"rendered":"https:\/\/lospoliticosveracruz.com.mx\/?p=106132"},"modified":"2023-05-17T13:48:22","modified_gmt":"2023-05-17T18:48:22","slug":"sana","status":"publish","type":"post","link":"https:\/\/lospoliticosveracruz.com\/?p=106132","title":{"rendered":"SA\u00d1A"},"content":{"rendered":"\n<p><\/p>\n\n\n\n<p><br><strong>Guadalupe H. Mar<\/strong><br><em>Mira Pol\u00edtica<\/em><\/p>\n\n\n\n<p>\u00bfQU\u00c9 NOS PASA?\u2026 Son ya casi 30 feminicidios cometidos en el estado de Veracruz, siendo el m\u00e1s reciente, el registrado en contra de la joven Lizbeth Vargas Barrios, esto en el municipio de Medell\u00edn de Bravo, a quien presuntamente dio muerte su pareja sentimental, lo cual nos obliga a seguir preguntando qu\u00e9 acciones han emprendido los tres niveles de gobierno para paliar la creciente violencia intrafamiliar en Veracruz.<\/p>\n\n\n\n<figure class=\"wp-block-image size-large\"><a href=\"https:\/\/lospoliticosveracruz.com.mx\/wp-content\/uploads\/2016\/07\/Seguro-Julio-Cerecedo-2.jpg\"><img decoding=\"async\" src=\"https:\/\/lospoliticosveracruz.com.mx\/wp-content\/uploads\/2016\/07\/Seguro-Julio-Cerecedo-2-1024x381.jpg\" alt=\"\" class=\"wp-image-105879\"\/><\/a><\/figure>\n\n\n\n<p>En un terreno alejado de la zona rural y luego de 13 d\u00edas de haberse reportado como desaparecida, encontraron el cuerpo sin vida de la joven de 25 a\u00f1os y madre de dos menores, Lizbeth Vargas Barrios, quien se dedicaba a la venta de postres para mantener a su familia.<br>El hecho de haberla asesinado y luego ir a tirar su cuerpo a un lugar despoblado, indica que quien cometi\u00f3 el crimen actu\u00f3 con sa\u00f1a, con dolo y sin piedad, actitudes que han sido la constante en los feminicidios cometidos en el estado de Veracruz.<br>Datos del Observatorio Universitario de Violencias contra las Mujeres de la Universidad Veracruzana (@OUVmujeres ) que coordina la doctora Estela Casados Gonz\u00e1lez, indican que de enero a marzo pasado identificaron 25 feminicidios, cometidos en su mayor\u00eda en la zona centro del estado de Veracruz y que los municipios de C\u00f3rdoba, Veracruz y Xalapa eran los que m\u00e1s cr\u00edmenes de este tipo hab\u00edan registrado en el primer trimestre del a\u00f1o.<br>La entidad veracruzana, por cierto, se ha mantenido en los \u00faltimos a\u00f1os entre los primeros cinco estados de la rep\u00fablica mexicana con el mayor n\u00famero de feminicidios, aun cuando cuenta con dos alertas de g\u00e9nero y pendiente una tercera.<br>TERCERA ALERTA \u2026 La tercera alerta de g\u00e9nero ser\u00eda por la desaparici\u00f3n forzada de mujeres en el estado de Veracruz, por lo que las colectivas de mujeres apuran al gobierno federal a declarar una nueva ante el incremento de mujeres y ni\u00f1as que siguen desapareciendo en territorio veracruzano.<br>A manera de contextualizaci\u00f3n, la entidad veracruzana es la \u00fanica del pa\u00eds con dos Alertas de G\u00e9nero, la primera por Violencia de G\u00e9nero Contra las Mujeres y la segunda por Agravio Comparado por discriminaci\u00f3n normativa en derechos sexuales y reproductivos.<br>La primera de las Alertas se declar\u00f3 en noviembre de 2016, hace cinco a\u00f1os, en tanto que la segunda fue a finales de 2017, sin que alguna de ellas haya dado el resultado que se esperaba.<br>ALGO QUIERE \u2026 El reciente anuncio del presidente de la rep\u00fablica Andr\u00e9s Manuel L\u00f3pez Obrador dando a conocer que se aumentar\u00e1 8.2 por ciento el salario a los maestros del pa\u00eds, porcentaje de casi el doble del otorgado a casi todos los sectores, obliga a cuestionar el verdadero inter\u00e9s presidencial, pues adem\u00e1s de que el incremento magisterial con retroactivo a enero representar\u00e1 la erogaci\u00f3n extraordinaria de algo as\u00ed como 42 mil millones de pesos, no presupuestados, abre la caja de Pandora de los sueldos en este pa\u00eds que por a\u00f1os estuvieron en aumentos que no alcanzaban el cinco por ciento.<br>Con este incremento al sector magisterial, el resto de los sectores laborales exigir\u00e1n lo mismo para el a\u00f1o entrante, pues el presidente de la rep\u00fablica ya demostr\u00f3 que si se puede.<br>LA VIBORA CHILLANDO \u2026 El anuncio presidencial del incremento del 8.2 por ciento al salario de los maestros con retroactividad a enero pasado, ya puso a temblar al titular de la Secretar\u00eda de Educaci\u00f3n de Veracruz (SEV), Zenyazen Roberto Escobar Garc\u00eda, quien se apur\u00f3 a aclarar que ese incremento ser\u00e1 solo para los maestros del sector federal y no estatal.<br>Aclar\u00f3 asimismo no tener claro de d\u00f3nde provendr\u00e1 el recurso para pagar el incremento a los maestros del sector federal, pero que, si lo anunci\u00f3 el presidente, el dinero llegar\u00e1.<br>\u00bfQu\u00e9 har\u00e1n con los maestros al servicio del gobierno del estado de Veracruz que obviamente tambi\u00e9n reclamar\u00e1n ese aumento so pena de reflejar su enojo en las urnas?, pues se observa lo mismo que hac\u00edan los conservadores y los neoliberales, tapar un hoyo destapando otro.<br>TODOS PARA UNA \u2026 Diversas organizaciones est\u00e1n demandando a la Comisi\u00f3n Nacional de los Derechos Humanos, que emita una recomendaci\u00f3n sobre los ataques y agresiones digitales dirigidos hacia la periodista Denise Dresser y a sus hijos abordando los temas de libertad de expresi\u00f3n, violencia digital y de g\u00e9nero y los efectos negativos de las campa\u00f1as de desprestigio hacia las mujeres periodistas.<br>Entre esas organizaciones se encuentran: Comunicaci\u00f3n e Informaci\u00f3n de la Mujer (CIMAC), Art\u00edculo 19 M\u00e9xico y Centroam\u00e9rica, SocialTIc, Comit\u00e9 para la Protecci\u00f3n de Periodistas, y VitaActiva<br>A la demanda colectiva para que cesen los ataques y agresiones digitales a la periodista Denise Dresser y a sus hijos, nos sumamos desde aqu\u00ed con un ya basta.<br>D\u00cdGALO SIN MIEDO \u2026 Al correo electr\u00f3nico guadalupehmar@yahoo.com<\/p>\n","protected":false},"excerpt":{"rendered":"<p>Guadalupe H. MarMira Pol\u00edtica \u00bfQU\u00c9 NOS PASA?\u2026 Son ya casi 30 feminicidios cometidos en el estado de Veracruz, siendo el m\u00e1s reciente, el registrado en contra de la joven Lizbeth Vargas Barrios, esto en el municipio de Medell\u00edn de Bravo, a quien presuntamente dio muerte su pareja sentimental, lo cual nos obliga a seguir preguntando [&hellip;]<\/p>\n","protected":false},"author":2,"featured_media":0,"comment_status":"closed","ping_status":"closed","sticky":false,"template":"","format":"standard","meta":{"tdm_status":"","tdm_grid_status":"","footnotes":""},"categories":[70],"tags":[1606,38174],"class_list":{"0":"post-106132","1":"post","2":"type-post","3":"status-publish","4":"format-standard","6":"category-de-opinion","7":"tag-guadalupe-h-mar","8":"tag-lizbeth-vargas-barrios"},"yoast_head":"<!-- This site is optimized with the Yoast SEO plugin v27.4 - https:\/\/yoast.com\/product\/yoast-seo-wordpress\/ -->\n<title>SA\u00d1A - Los pol\u00edticos Veracruz<\/title>\n<meta name=\"robots\" content=\"index, follow, max-snippet:-1, max-image-preview:large, max-video-preview:-1\" \/>\n<link rel=\"canonical\" href=\"https:\/\/lospoliticosveracruz.com\/?p=106132\" \/>\n<meta property=\"og:locale\" content=\"es_ES\" \/>\n<meta property=\"og:type\" content=\"article\" \/>\n<meta property=\"og:title\" content=\"SA\u00d1A - Los pol\u00edticos Veracruz\" \/>\n<meta property=\"og:description\" content=\"Guadalupe H. MarMira Pol\u00edtica \u00bfQU\u00c9 NOS PASA?\u2026 Son ya casi 30 feminicidios cometidos en el estado de Veracruz, siendo el m\u00e1s reciente, el registrado en contra de la joven Lizbeth Vargas Barrios, esto en el municipio de Medell\u00edn de Bravo, a quien presuntamente dio muerte su pareja sentimental, lo cual nos obliga a seguir preguntando [&hellip;]\" \/>\n<meta property=\"og:url\" content=\"https:\/\/lospoliticosveracruz.com\/?p=106132\" \/>\n<meta property=\"og:site_name\" content=\"Los pol\u00edticos Veracruz\" \/>\n<meta property=\"article:publisher\" content=\"https:\/\/www.facebook.com\/people\/Notimemes-de-los-Polticos\/61565672886568\/\" \/>\n<meta property=\"article:published_time\" content=\"2023-05-17T18:48:15+00:00\" \/>\n<meta property=\"article:modified_time\" content=\"2023-05-17T18:48:22+00:00\" \/>\n<meta property=\"og:image\" content=\"https:\/\/lospoliticosveracruz.com.mx\/wp-content\/uploads\/2016\/07\/Seguro-Julio-Cerecedo-2-1024x381.jpg\" \/>\n<meta name=\"author\" content=\"Lo viste en Los Pol\u00edticos\" \/>\n<meta name=\"twitter:card\" content=\"summary_large_image\" \/>\n<meta name=\"twitter:creator\" content=\"@LosPoliticosVer\" \/>\n<meta name=\"twitter:site\" content=\"@LosPoliticosVer\" \/>\n<meta name=\"twitter:label1\" content=\"Escrito por\" \/>\n\t<meta name=\"twitter:data1\" content=\"Lo viste en Los Pol\u00edticos\" \/>\n\t<meta name=\"twitter:label2\" content=\"Tiempo de lectura\" \/>\n\t<meta name=\"twitter:data2\" content=\"4 minutos\" \/>\n<script type=\"application\/ld+json\" class=\"yoast-schema-graph\">{\"@context\":\"https:\\\/\\\/schema.org\",\"@graph\":[{\"@type\":\"Article\",\"@id\":\"https:\\\/\\\/lospoliticosveracruz.com\\\/?p=106132#article\",\"isPartOf\":{\"@id\":\"https:\\\/\\\/lospoliticosveracruz.com\\\/?p=106132\"},\"author\":{\"name\":\"Lo viste en Los Pol\u00edticos\",\"@id\":\"https:\\\/\\\/lospoliticosveracruz.com\\\/#\\\/schema\\\/person\\\/b8702bb0e538456e6efd07080bf2a4a2\"},\"headline\":\"SA\u00d1A\",\"datePublished\":\"2023-05-17T18:48:15+00:00\",\"dateModified\":\"2023-05-17T18:48:22+00:00\",\"mainEntityOfPage\":{\"@id\":\"https:\\\/\\\/lospoliticosveracruz.com\\\/?p=106132\"},\"wordCount\":838,\"publisher\":{\"@id\":\"https:\\\/\\\/lospoliticosveracruz.com\\\/#organization\"},\"image\":{\"@id\":\"https:\\\/\\\/lospoliticosveracruz.com\\\/?p=106132#primaryimage\"},\"thumbnailUrl\":\"https:\\\/\\\/lospoliticosveracruz.com.mx\\\/wp-content\\\/uploads\\\/2016\\\/07\\\/Seguro-Julio-Cerecedo-2-1024x381.jpg\",\"keywords\":[\"Guadalupe H. Mar\",\"Lizbeth Vargas Barrios\"],\"articleSection\":[\"De Opini\u00f3n\"],\"inLanguage\":\"es\"},{\"@type\":\"WebPage\",\"@id\":\"https:\\\/\\\/lospoliticosveracruz.com\\\/?p=106132\",\"url\":\"https:\\\/\\\/lospoliticosveracruz.com\\\/?p=106132\",\"name\":\"SA\u00d1A - Los pol\u00edticos Veracruz\",\"isPartOf\":{\"@id\":\"https:\\\/\\\/lospoliticosveracruz.com\\\/#website\"},\"primaryImageOfPage\":{\"@id\":\"https:\\\/\\\/lospoliticosveracruz.com\\\/?p=106132#primaryimage\"},\"image\":{\"@id\":\"https:\\\/\\\/lospoliticosveracruz.com\\\/?p=106132#primaryimage\"},\"thumbnailUrl\":\"https:\\\/\\\/lospoliticosveracruz.com.mx\\\/wp-content\\\/uploads\\\/2016\\\/07\\\/Seguro-Julio-Cerecedo-2-1024x381.jpg\",\"datePublished\":\"2023-05-17T18:48:15+00:00\",\"dateModified\":\"2023-05-17T18:48:22+00:00\",\"breadcrumb\":{\"@id\":\"https:\\\/\\\/lospoliticosveracruz.com\\\/?p=106132#breadcrumb\"},\"inLanguage\":\"es\",\"potentialAction\":[{\"@type\":\"ReadAction\",\"target\":[\"https:\\\/\\\/lospoliticosveracruz.com\\\/?p=106132\"]}]},{\"@type\":\"ImageObject\",\"inLanguage\":\"es\",\"@id\":\"https:\\\/\\\/lospoliticosveracruz.com\\\/?p=106132#primaryimage\",\"url\":\"https:\\\/\\\/lospoliticosveracruz.com.mx\\\/wp-content\\\/uploads\\\/2016\\\/07\\\/Seguro-Julio-Cerecedo-2-1024x381.jpg\",\"contentUrl\":\"https:\\\/\\\/lospoliticosveracruz.com.mx\\\/wp-content\\\/uploads\\\/2016\\\/07\\\/Seguro-Julio-Cerecedo-2-1024x381.jpg\"},{\"@type\":\"BreadcrumbList\",\"@id\":\"https:\\\/\\\/lospoliticosveracruz.com\\\/?p=106132#breadcrumb\",\"itemListElement\":[{\"@type\":\"ListItem\",\"position\":1,\"name\":\"Portada\",\"item\":\"https:\\\/\\\/lospoliticosveracruz.com\\\/\"},{\"@type\":\"ListItem\",\"position\":2,\"name\":\"SA\u00d1A\"}]},{\"@type\":\"WebSite\",\"@id\":\"https:\\\/\\\/lospoliticosveracruz.com\\\/#website\",\"url\":\"https:\\\/\\\/lospoliticosveracruz.com\\\/\",\"name\":\"Los pol\u00edticos Veracruz\",\"description\":\"\",\"publisher\":{\"@id\":\"https:\\\/\\\/lospoliticosveracruz.com\\\/#organization\"},\"potentialAction\":[{\"@type\":\"SearchAction\",\"target\":{\"@type\":\"EntryPoint\",\"urlTemplate\":\"https:\\\/\\\/lospoliticosveracruz.com\\\/?s={search_term_string}\"},\"query-input\":{\"@type\":\"PropertyValueSpecification\",\"valueRequired\":true,\"valueName\":\"search_term_string\"}}],\"inLanguage\":\"es\"},{\"@type\":\"Organization\",\"@id\":\"https:\\\/\\\/lospoliticosveracruz.com\\\/#organization\",\"name\":\"Los pol\u00edticos Veracruz\",\"url\":\"https:\\\/\\\/lospoliticosveracruz.com\\\/\",\"logo\":{\"@type\":\"ImageObject\",\"inLanguage\":\"es\",\"@id\":\"https:\\\/\\\/lospoliticosveracruz.com\\\/#\\\/schema\\\/logo\\\/image\\\/\",\"url\":\"https:\\\/\\\/lospoliticosveracruz.com\\\/wp-content\\\/uploads\\\/2025\\\/12\\\/Logo-Nuevo-LOS-POLITICOS-1.jpg\",\"contentUrl\":\"https:\\\/\\\/lospoliticosveracruz.com\\\/wp-content\\\/uploads\\\/2025\\\/12\\\/Logo-Nuevo-LOS-POLITICOS-1.jpg\",\"width\":260,\"height\":70,\"caption\":\"Los pol\u00edticos Veracruz\"},\"image\":{\"@id\":\"https:\\\/\\\/lospoliticosveracruz.com\\\/#\\\/schema\\\/logo\\\/image\\\/\"},\"sameAs\":[\"https:\\\/\\\/www.facebook.com\\\/people\\\/Notimemes-de-los-Polticos\\\/61565672886568\\\/\",\"https:\\\/\\\/x.com\\\/LosPoliticosVer\"]},{\"@type\":\"Person\",\"@id\":\"https:\\\/\\\/lospoliticosveracruz.com\\\/#\\\/schema\\\/person\\\/b8702bb0e538456e6efd07080bf2a4a2\",\"name\":\"Lo viste en Los Pol\u00edticos\",\"image\":{\"@type\":\"ImageObject\",\"inLanguage\":\"es\",\"@id\":\"https:\\\/\\\/secure.gravatar.com\\\/avatar\\\/3a8de04a2656d44082be478bd6c086daa447c4651605818287b9532d3d0bd435?s=96&d=mm&r=g\",\"url\":\"https:\\\/\\\/secure.gravatar.com\\\/avatar\\\/3a8de04a2656d44082be478bd6c086daa447c4651605818287b9532d3d0bd435?s=96&d=mm&r=g\",\"contentUrl\":\"https:\\\/\\\/secure.gravatar.com\\\/avatar\\\/3a8de04a2656d44082be478bd6c086daa447c4651605818287b9532d3d0bd435?s=96&d=mm&r=g\",\"caption\":\"Lo viste en Los Pol\u00edticos\"},\"url\":\"https:\\\/\\\/lospoliticosveracruz.com\\\/?author=2\"}]}<\/script>\n<!-- \/ Yoast SEO plugin. -->","yoast_head_json":{"title":"SA\u00d1A - Los pol\u00edticos Veracruz","robots":{"index":"index","follow":"follow","max-snippet":"max-snippet:-1","max-image-preview":"max-image-preview:large","max-video-preview":"max-video-preview:-1"},"canonical":"https:\/\/lospoliticosveracruz.com\/?p=106132","og_locale":"es_ES","og_type":"article","og_title":"SA\u00d1A - Los pol\u00edticos Veracruz","og_description":"Guadalupe H. MarMira Pol\u00edtica \u00bfQU\u00c9 NOS PASA?\u2026 Son ya casi 30 feminicidios cometidos en el estado de Veracruz, siendo el m\u00e1s reciente, el registrado en contra de la joven Lizbeth Vargas Barrios, esto en el municipio de Medell\u00edn de Bravo, a quien presuntamente dio muerte su pareja sentimental, lo cual nos obliga a seguir preguntando [&hellip;]","og_url":"https:\/\/lospoliticosveracruz.com\/?p=106132","og_site_name":"Los pol\u00edticos Veracruz","article_publisher":"https:\/\/www.facebook.com\/people\/Notimemes-de-los-Polticos\/61565672886568\/","article_published_time":"2023-05-17T18:48:15+00:00","article_modified_time":"2023-05-17T18:48:22+00:00","og_image":[{"url":"https:\/\/lospoliticosveracruz.com.mx\/wp-content\/uploads\/2016\/07\/Seguro-Julio-Cerecedo-2-1024x381.jpg","type":"","width":"","height":""}],"author":"Lo viste en Los Pol\u00edticos","twitter_card":"summary_large_image","twitter_creator":"@LosPoliticosVer","twitter_site":"@LosPoliticosVer","twitter_misc":{"Escrito por":"Lo viste en Los Pol\u00edticos","Tiempo de lectura":"4 minutos"},"schema":{"@context":"https:\/\/schema.org","@graph":[{"@type":"Article","@id":"https:\/\/lospoliticosveracruz.com\/?p=106132#article","isPartOf":{"@id":"https:\/\/lospoliticosveracruz.com\/?p=106132"},"author":{"name":"Lo viste en Los Pol\u00edticos","@id":"https:\/\/lospoliticosveracruz.com\/#\/schema\/person\/b8702bb0e538456e6efd07080bf2a4a2"},"headline":"SA\u00d1A","datePublished":"2023-05-17T18:48:15+00:00","dateModified":"2023-05-17T18:48:22+00:00","mainEntityOfPage":{"@id":"https:\/\/lospoliticosveracruz.com\/?p=106132"},"wordCount":838,"publisher":{"@id":"https:\/\/lospoliticosveracruz.com\/#organization"},"image":{"@id":"https:\/\/lospoliticosveracruz.com\/?p=106132#primaryimage"},"thumbnailUrl":"https:\/\/lospoliticosveracruz.com.mx\/wp-content\/uploads\/2016\/07\/Seguro-Julio-Cerecedo-2-1024x381.jpg","keywords":["Guadalupe H. Mar","Lizbeth Vargas Barrios"],"articleSection":["De Opini\u00f3n"],"inLanguage":"es"},{"@type":"WebPage","@id":"https:\/\/lospoliticosveracruz.com\/?p=106132","url":"https:\/\/lospoliticosveracruz.com\/?p=106132","name":"SA\u00d1A - Los pol\u00edticos Veracruz","isPartOf":{"@id":"https:\/\/lospoliticosveracruz.com\/#website"},"primaryImageOfPage":{"@id":"https:\/\/lospoliticosveracruz.com\/?p=106132#primaryimage"},"image":{"@id":"https:\/\/lospoliticosveracruz.com\/?p=106132#primaryimage"},"thumbnailUrl":"https:\/\/lospoliticosveracruz.com.mx\/wp-content\/uploads\/2016\/07\/Seguro-Julio-Cerecedo-2-1024x381.jpg","datePublished":"2023-05-17T18:48:15+00:00","dateModified":"2023-05-17T18:48:22+00:00","breadcrumb":{"@id":"https:\/\/lospoliticosveracruz.com\/?p=106132#breadcrumb"},"inLanguage":"es","potentialAction":[{"@type":"ReadAction","target":["https:\/\/lospoliticosveracruz.com\/?p=106132"]}]},{"@type":"ImageObject","inLanguage":"es","@id":"https:\/\/lospoliticosveracruz.com\/?p=106132#primaryimage","url":"https:\/\/lospoliticosveracruz.com.mx\/wp-content\/uploads\/2016\/07\/Seguro-Julio-Cerecedo-2-1024x381.jpg","contentUrl":"https:\/\/lospoliticosveracruz.com.mx\/wp-content\/uploads\/2016\/07\/Seguro-Julio-Cerecedo-2-1024x381.jpg"},{"@type":"BreadcrumbList","@id":"https:\/\/lospoliticosveracruz.com\/?p=106132#breadcrumb","itemListElement":[{"@type":"ListItem","position":1,"name":"Portada","item":"https:\/\/lospoliticosveracruz.com\/"},{"@type":"ListItem","position":2,"name":"SA\u00d1A"}]},{"@type":"WebSite","@id":"https:\/\/lospoliticosveracruz.com\/#website","url":"https:\/\/lospoliticosveracruz.com\/","name":"Los pol\u00edticos Veracruz","description":"","publisher":{"@id":"https:\/\/lospoliticosveracruz.com\/#organization"},"potentialAction":[{"@type":"SearchAction","target":{"@type":"EntryPoint","urlTemplate":"https:\/\/lospoliticosveracruz.com\/?s={search_term_string}"},"query-input":{"@type":"PropertyValueSpecification","valueRequired":true,"valueName":"search_term_string"}}],"inLanguage":"es"},{"@type":"Organization","@id":"https:\/\/lospoliticosveracruz.com\/#organization","name":"Los pol\u00edticos Veracruz","url":"https:\/\/lospoliticosveracruz.com\/","logo":{"@type":"ImageObject","inLanguage":"es","@id":"https:\/\/lospoliticosveracruz.com\/#\/schema\/logo\/image\/","url":"https:\/\/lospoliticosveracruz.com\/wp-content\/uploads\/2025\/12\/Logo-Nuevo-LOS-POLITICOS-1.jpg","contentUrl":"https:\/\/lospoliticosveracruz.com\/wp-content\/uploads\/2025\/12\/Logo-Nuevo-LOS-POLITICOS-1.jpg","width":260,"height":70,"caption":"Los pol\u00edticos Veracruz"},"image":{"@id":"https:\/\/lospoliticosveracruz.com\/#\/schema\/logo\/image\/"},"sameAs":["https:\/\/www.facebook.com\/people\/Notimemes-de-los-Polticos\/61565672886568\/","https:\/\/x.com\/LosPoliticosVer"]},{"@type":"Person","@id":"https:\/\/lospoliticosveracruz.com\/#\/schema\/person\/b8702bb0e538456e6efd07080bf2a4a2","name":"Lo viste en Los Pol\u00edticos","image":{"@type":"ImageObject","inLanguage":"es","@id":"https:\/\/secure.gravatar.com\/avatar\/3a8de04a2656d44082be478bd6c086daa447c4651605818287b9532d3d0bd435?s=96&d=mm&r=g","url":"https:\/\/secure.gravatar.com\/avatar\/3a8de04a2656d44082be478bd6c086daa447c4651605818287b9532d3d0bd435?s=96&d=mm&r=g","contentUrl":"https:\/\/secure.gravatar.com\/avatar\/3a8de04a2656d44082be478bd6c086daa447c4651605818287b9532d3d0bd435?s=96&d=mm&r=g","caption":"Lo viste en Los Pol\u00edticos"},"url":"https:\/\/lospoliticosveracruz.com\/?author=2"}]}},"_links":{"self":[{"href":"https:\/\/lospoliticosveracruz.com\/index.php?rest_route=\/wp\/v2\/posts\/106132","targetHints":{"allow":["GET"]}}],"collection":[{"href":"https:\/\/lospoliticosveracruz.com\/index.php?rest_route=\/wp\/v2\/posts"}],"about":[{"href":"https:\/\/lospoliticosveracruz.com\/index.php?rest_route=\/wp\/v2\/types\/post"}],"author":[{"embeddable":true,"href":"https:\/\/lospoliticosveracruz.com\/index.php?rest_route=\/wp\/v2\/users\/2"}],"replies":[{"embeddable":true,"href":"https:\/\/lospoliticosveracruz.com\/index.php?rest_route=%2Fwp%2Fv2%2Fcomments&post=106132"}],"version-history":[{"count":1,"href":"https:\/\/lospoliticosveracruz.com\/index.php?rest_route=\/wp\/v2\/posts\/106132\/revisions"}],"predecessor-version":[{"id":106133,"href":"https:\/\/lospoliticosveracruz.com\/index.php?rest_route=\/wp\/v2\/posts\/106132\/revisions\/106133"}],"wp:attachment":[{"href":"https:\/\/lospoliticosveracruz.com\/index.php?rest_route=%2Fwp%2Fv2%2Fmedia&parent=106132"}],"wp:term":[{"taxonomy":"category","embeddable":true,"href":"https:\/\/lospoliticosveracruz.com\/index.php?rest_route=%2Fwp%2Fv2%2Fcategories&post=106132"},{"taxonomy":"post_tag","embeddable":true,"href":"https:\/\/lospoliticosveracruz.com\/index.php?rest_route=%2Fwp%2Fv2%2Ftags&post=106132"}],"curies":[{"name":"wp","href":"https:\/\/api.w.org\/{rel}","templated":true}]}}