{"id":106145,"date":"2023-05-17T20:17:45","date_gmt":"2023-05-18T01:17:45","guid":{"rendered":"https:\/\/lospoliticosveracruz.com.mx\/?p=106145"},"modified":"2023-05-17T20:17:51","modified_gmt":"2023-05-18T01:17:51","slug":"la-violencia-hacia-los-hombres","status":"publish","type":"post","link":"https:\/\/lospoliticosveracruz.com\/?p=106145","title":{"rendered":"LA VIOLENCIA HACIA LOS HOMBRES"},"content":{"rendered":"\n<p><\/p>\n\n\n\n<p><strong>Alejandra Quiroz<\/strong><\/p>\n\n\n\n<p>\u201c\u2019Juan\u2019 se est\u00e1 ahorcando\u201d, grit\u00f3 ella al avisar a sus vecinos. Ya \u00e9l estaba colgado de una viga. La ayuda lleg\u00f3 a tiempo.<br>A los pocos minutos arrib\u00f3 la ambulancia, y tras varias contradicciones de la pareja y las investigaciones de la Polic\u00eda Municipal, la mujer, de 29 a\u00f1os, fue puesta a disposici\u00f3n de las autoridades por intento de homicidio, aunque fue liberada por falta de pruebas.<br>Esto no es un hecho aislado en el estado de Veracruz, pero es uno de los pocos casos de violencia intrafamiliar registrada contra hombres.<\/p>\n\n\n<div class=\"wp-block-image\">\n<figure class=\"alignleft size-full is-resized\"><a href=\"https:\/\/lospoliticosveracruz.com.mx\/wp-content\/uploads\/2023\/04\/Alex-Dore-Pole-Dance.jpg\"><img loading=\"lazy\" decoding=\"async\" src=\"https:\/\/lospoliticosveracruz.com.mx\/wp-content\/uploads\/2023\/04\/Alex-Dore-Pole-Dance.jpg\" alt=\"\" class=\"wp-image-104879\" width=\"175\" height=\"175\" srcset=\"https:\/\/lospoliticosveracruz.com\/wp-content\/uploads\/2023\/04\/Alex-Dore-Pole-Dance.jpg 700w, https:\/\/lospoliticosveracruz.com\/wp-content\/uploads\/2023\/04\/Alex-Dore-Pole-Dance-300x300.jpg 300w, https:\/\/lospoliticosveracruz.com\/wp-content\/uploads\/2023\/04\/Alex-Dore-Pole-Dance-150x150.jpg 150w, https:\/\/lospoliticosveracruz.com\/wp-content\/uploads\/2023\/04\/Alex-Dore-Pole-Dance-125x125.jpg 125w\" sizes=\"auto, (max-width: 175px) 100vw, 175px\" \/><\/a><\/figure>\n<\/div>\n\n\n<p><br>La violencia de g\u00e9nero es un tema que ha recibido una gran atenci\u00f3n en los recientes a\u00f1os, y con raz\u00f3n. Estudios se han enfocado en evidenciar el abuso y violencia de hombres hacia mujeres. Ellas han sido hist\u00f3ricamente las principales v\u00edctimas de esta forma de violencia, recibiendo abusos f\u00edsicos, psicol\u00f3gicos y sexuales.<br>Es importante reconocer que la violencia tambi\u00e9n puede afectar a los hombres, aunque es menos visible; es un problema real en muchas sociedades, incluida la de M\u00e9xico. \u00bfQu\u00e9 pasa cuando los hombres son los violentados en casa?<br>\u00abHay j\u00f3venes, adultos y hasta se\u00f1ores que no demuestran como tal que est\u00e1n siendo maltratados y por eso es casi imposible de detectar esta violencia\u00bb, dijo la trabajadora social del DIF municipal de Tlaltetela, Veracruz, Nathali Morales Caballero.<br>Tras la influencia de las investigaciones del tema, su ausencia en programas gubernamentales, el desconocimiento social y presiones culturales, se ha silenciado esta problem\u00e1tica.<br>\u201cLa mayor\u00eda de personas dice: \u2018nosotros sabemos qu\u00e9 es un maltrato\u2019, pero, realmente no saben lo que es un maltrato. Los estereotipos son prejuicios tambi\u00e9n, y a veces nosotros los seguimos para ser algo que la sociedad apruebe\u201d, explic\u00f3 el psic\u00f3logo Edgar Cort\u00e9s Cort\u00e9s.<br>Esto crea barreras para que los hombres denuncien los casos de violencia que sufren y busquen apoyo. Adem\u00e1s, la falta de conciencia y educaci\u00f3n sobre la violencia de g\u00e9nero dirigida hacia los hombres perpetua a su invisibilidad en la sociedad.<br>Ante esto, vale la pena diferenciar la agresi\u00f3n de la violencia, ya que muchas veces se puede llegar a confundir. La agresividad se considera un instinto natural que el hombre lleva consigo desde su nacimiento y que sirve para estar alerta, defenderse y adaptarse al entorno.<br>Mientras que la violencia no es un comportamiento natural del ser humano, sino un producto cognitivo y sociocultural alimentado por los roles sociales, valores e ideolog\u00edas, por lo que es una conducta aprendida con una gran carga agravante e intencionalidad para hacer da\u00f1o.<br>Esta intimidaci\u00f3n hacia los hombres por parte de las mujeres es un fen\u00f3meno complejo y multifac\u00e9tico que abarca diversas formas de maltrato. Aunque no existen cifras oficiales espec\u00edficas sobre este tipo de \u00edmpetu en M\u00e9xico, diversos estudios y organizaciones se\u00f1alan que es un problema subestimado y poco reconocido.<br>El psic\u00f3logo Edgar Cort\u00e9s afirm\u00f3: \u201cprobablemente los casos son en menor n\u00famero, contrariamente al de las mujeres, pero est\u00e1n presentes y, si no son denunciados los hechos, es por varias razones; una de ellas, por verg\u00fcenza debido al estigma\u201d.<br>Una de las formas m\u00e1s comunes de violencia es la psicol\u00f3gica. Esto puede manifestarse a trav\u00e9s de insultos constantes, humillaciones, manipulaci\u00f3n emocional y control excesivo por parte de las parejas o familiares.<br>Esta puede tener un impacto devastador en la salud mental y emocional de los hombres, generando sentimientos de ansiedad, depresi\u00f3n y baja autoestima.<\/p>\n\n\n\n<p><strong>Pueden llegar a ser violentados en lugares p\u00fablicos<\/strong><\/p>\n\n\n\n<p>La violencia f\u00edsica tambi\u00e9n afecta a los varones. Si bien es cierto que ellos generalmente tienen una mayor fortaleza f\u00edsica que las mujeres, esto no significa que sean inmunes a los ataques.<br>Algunos han denunciado casos de este tipo por parte de sus parejas o incluso de mujeres desconocidas. Sin embargo, debido a los estereotipos de g\u00e9nero arraigados en la sociedad, muchos varones se sienten avergonzados de reportar estos casos o temen no ser tomados en serio.<br>Un hombre puede reaccionar ante un abuso, gritos, capricho, insultos e incluso golpes de una mujer, pero, no puede defenderse de igual manera y llega a tener miedo de ponerse agresivo ante los golpes, as\u00ed que se deja lastimar porque si pega ser\u00e1 el acusado ante la ley.<br>La violencia sexual tambi\u00e9n es una realidad para algunos de ellos. Aunque es menos com\u00fan que las mujeres, tambi\u00e9n sufren agresiones sexuales, existen casos documentados de varones que han sido v\u00edctimas de violencia sexual por parte de damas.<br>Es importante destacar que esta intimidaci\u00f3n no se limita \u00fanicamente a la violaci\u00f3n, sino que tambi\u00e9n incluye el acoso sexual, los tocamientos no deseados y otras formas.<br><strong>\u00abPienso que lo hace porque me quiere\u00bb<br><\/strong>\u2018Juan\u2019 tiene 34 a\u00f1os y est\u00e1 casado desde hace cinco a\u00f1os con la que cree la mujer de su vida. Es el \u00fanico que quiso contar abiertamente su caso, pero prefiri\u00f3 guardar el anonimato.<br>\u00abAl siguiente d\u00eda de casarme, todo cambi\u00f3, aunque ya era un poco mandona cuando \u00e9ramos novios\u00bb, empez\u00f3 su relato.<br>Cont\u00f3 su historia entre enojo y reconoci\u00f3 que no es consciente de ser un hombre maltratado ya que no puede imaginar que la mujer de la que se enamor\u00f3 sea capaz de hacerle tanto da\u00f1o.<br>\u00abPues s\u00ed me dicen que me ha maltratado psicol\u00f3gicamente y tambi\u00e9n f\u00edsicamente. \u2018Daniela\u2019 me hac\u00eda responsable de sus problemas, me hace sentir culpable e incluso ha llegado a pegarme un par de veces, pero yo no me defend\u00ed, porque tenemos dos hijos de cinco a\u00f1os\u00bb, explic\u00f3 el joven.<br>De igual modo el psic\u00f3logo indic\u00f3 que los ni\u00f1os son la fragilidad de los padres, porque, pese a ser peque\u00f1os, ellos se dan cuenta. A\u00f1adi\u00f3 que se ayuda al paciente a parar con la manipulaci\u00f3n por medio de terapia.<br>\u201cHay algunas mujeres que definitivamente, para manipular al hombre, les hablan mal a los ni\u00f1os del pap\u00e1 o da\u00f1an su figura de hombre y de padre: eso es manipulaci\u00f3n\u201d.<br>\u2018Juan\u2019 no tiene la valent\u00eda de denunciar a su mujer. Ahora se arrepiente de no haberse dado cuenta antes.<br>\u00abEstoy con problemas psicol\u00f3gicos y de ansiedad. He llegado a consumir sustancias adictivas, hay veces que me grita delante de los vecinos en plena calle, o me humilla en el trabajo y yo no s\u00e9 c\u00f3mo reaccionar \u00ab, concluy\u00f3.<br>Citando cifras del Instituto Nacional de Estad\u00edstica y Geograf\u00eda, Nathali Morales subray\u00f3 que el \u00edndice de violencia en hombres en la actualidad ha subido y exterioriz\u00f3 que el 72 por ciento de los casos denunciados son de mujeres y el 38 por ciento corresponde a los hombres.<br>Con esa premisa concuerda el psic\u00f3logo, quien reiter\u00f3 que, si acuden a una instituci\u00f3n y no los apoyan, ser\u00eda muy denigrante.<br>\u201cSer\u00eda muy duro para \u00e9l verse que est\u00e1 siendo atendido porque su mujer o su pareja lo lastim\u00f3\u201d, acot\u00f3.<\/p>\n\n\n\n<p><strong>Una voz silenciosa<\/strong><\/p>\n\n\n\n<p>La violencia est\u00e1 en constante aumento y es relevante resaltar que la mayor\u00eda de las personas desaparecidas son hombres. A menudo se presta poca atenci\u00f3n a este hecho, ya que se suele enfocar en las desapariciones y feminicidios de mujeres. Sin embargo, los varones constituyen la mayor\u00eda de las v\u00edctimas en desaparici\u00f3n.<br>Se han encontrado casos en los que investigaciones revelaron que la pareja, ya sea esposa o novia, e incluso en ocasiones la prima o cu\u00f1ada, han estado directamente involucradas en la desaparici\u00f3n de hombres. Esto representa aproximadamente el 60 por ciento de las v\u00edctimas de homicidio, esto seg\u00fan la informaci\u00f3n que revelaron fuentes de la Fiscal\u00eda General del Estado de Veracruz que optaron por mantener el anonimato por motivos de seguridad.<br>\u201cDe lunes a viernes recibimos un promedio de 20 personas que son v\u00edctimas. Es com\u00fan que algunas de estas personas tengan m\u00faltiples carpetas de investigaci\u00f3n, ya que suelen denunciar casos de acoso que posteriormente escalan hacia amenazas, lesiones e incluso homicidios o feminicidios.<br><strong>Los hombres tambi\u00e9n son v\u00edctimas de homicidio por parte de su pareja<br><\/strong>\u201cHemos recibido varones que relatan con gran verg\u00fcenza que se ven obligados a apartarse de ellas para evitar golpearlas. Sin embargo, esta actitud fortalece a la pareja, ya que al saber que no ser\u00e1n agredidas, abusan a\u00fan m\u00e1s e incluso llegan a amenazarlos con armas blancas.<br>\u201cDurante los primeros dos meses del 2023, se abrieron alrededor de 43, 600 carpetas de investigaci\u00f3n en M\u00e9xico por violencia familiar y de g\u00e9nero. De estas denuncias 989 casos se registraron en el estado de Veracruz, donde hombres mayores de 18 a\u00f1os fueron v\u00edctimas de agresi\u00f3n sexual, como intimidaci\u00f3n, acoso, intento de violaci\u00f3n y violaci\u00f3n\u201d, afirm\u00f3.<br>Las v\u00edctimas se sienten renuentes a compartir su historia por diversas razones, y, por lo tanto, su abogado asume la responsabilidad de narrar sus denuncias en tercera persona.<br>\u201cCuando un hombre es v\u00edctima de violencia por parte de una mujer, es fundamental que busque apoyo legal para proteger sus derechos y bienestar. En estos casos, un abogado especializado puede brindar asesoramiento legal, representaci\u00f3n en el sistema judicial y apoyo emocional\u201d, inform\u00f3 el abogado \u00c1ngel Rosales Murrieta.<br>Adem\u00e1s, acompa\u00f1a al hombre durante todo el proceso legal, desde la denuncia inicial hasta la comparecencia en el tribunal, redactando declaraciones y solicitudes de \u00f3rdenes de protecci\u00f3n.<br>\u201cNosotros somos los defensores, asegur\u00e1ndonos de que sus derechos sean protegidos y presentando pruebas s\u00f3lidas y persuasivas que respalden su demanda. Adem\u00e1s, ofrecemos apoyo emocional, y referimos al cliente a servicios de apoyo psicol\u00f3gico y redes de ayuda, lo que contribuye a su recuperaci\u00f3n y sanaci\u00f3n integral\u201d, dijo Rosales Murrieta.<br>Seg\u00fan las diversas fuentes consultadas, coinciden en que para hacer una denuncia tienen que acercarse al DIF municipal o a las estancias de apoyo m\u00e1s cercanas, donde se le brindara atenci\u00f3n psicol\u00f3gica, social y m\u00e9dica, donde los trabajadores sociales ser\u00e1n los gestores y orientadores para la ayuda igualitaria.<br>Aun as\u00ed, es importante contrarrestar los signos de abuso y promover la conciencia sobre el tema. Ambos g\u00e9neros deben ser conscientes de que cualquier forma de maltrato es perjudicial, ofensiva y atenta contra la dignidad humana.<br><strong>Lugar apropiado para acudir a denunciar<\/strong><\/p>\n\n\n\n<p>En este caso, es importante informar a las personas sobre sus derechos y proporcionarles la informaci\u00f3n necesaria para que puedan presentar una denuncia en los lugares apropiados. Uno de estos lugares es la Fiscal\u00eda General del Estado, que se encarga de los casos de violencia de g\u00e9nero.<\/p>\n","protected":false},"excerpt":{"rendered":"<p>Alejandra Quiroz \u201c\u2019Juan\u2019 se est\u00e1 ahorcando\u201d, grit\u00f3 ella al avisar a sus vecinos. Ya \u00e9l estaba colgado de una viga. La ayuda lleg\u00f3 a tiempo.A los pocos minutos arrib\u00f3 la ambulancia, y tras varias contradicciones de la pareja y las investigaciones de la Polic\u00eda Municipal, la mujer, de 29 a\u00f1os, fue puesta a disposici\u00f3n de [&hellip;]<\/p>\n","protected":false},"author":2,"featured_media":0,"comment_status":"closed","ping_status":"closed","sticky":false,"template":"","format":"standard","meta":{"tdm_status":"","tdm_grid_status":"","footnotes":""},"categories":[72],"tags":[9003,38176,11512],"class_list":{"0":"post-106145","1":"post","2":"type-post","3":"status-publish","4":"format-standard","6":"category-palomazos","7":"tag-maltrato","8":"tag-nathali-morales-caballero","9":"tag-salud-mental"},"yoast_head":"<!-- This site is optimized with the Yoast SEO plugin v27.4 - https:\/\/yoast.com\/product\/yoast-seo-wordpress\/ -->\n<title>LA VIOLENCIA HACIA LOS HOMBRES - Los pol\u00edticos Veracruz<\/title>\n<meta name=\"robots\" content=\"index, follow, max-snippet:-1, max-image-preview:large, max-video-preview:-1\" \/>\n<link rel=\"canonical\" href=\"https:\/\/lospoliticosveracruz.com\/?p=106145\" \/>\n<meta property=\"og:locale\" content=\"es_ES\" \/>\n<meta property=\"og:type\" content=\"article\" \/>\n<meta property=\"og:title\" content=\"LA VIOLENCIA HACIA LOS HOMBRES - Los pol\u00edticos Veracruz\" \/>\n<meta property=\"og:description\" content=\"Alejandra Quiroz \u201c\u2019Juan\u2019 se est\u00e1 ahorcando\u201d, grit\u00f3 ella al avisar a sus vecinos. Ya \u00e9l estaba colgado de una viga. La ayuda lleg\u00f3 a tiempo.A los pocos minutos arrib\u00f3 la ambulancia, y tras varias contradicciones de la pareja y las investigaciones de la Polic\u00eda Municipal, la mujer, de 29 a\u00f1os, fue puesta a disposici\u00f3n de [&hellip;]\" \/>\n<meta property=\"og:url\" content=\"https:\/\/lospoliticosveracruz.com\/?p=106145\" \/>\n<meta property=\"og:site_name\" content=\"Los pol\u00edticos Veracruz\" \/>\n<meta property=\"article:publisher\" content=\"https:\/\/www.facebook.com\/people\/Notimemes-de-los-Polticos\/61565672886568\/\" \/>\n<meta property=\"article:published_time\" content=\"2023-05-18T01:17:45+00:00\" \/>\n<meta property=\"article:modified_time\" content=\"2023-05-18T01:17:51+00:00\" \/>\n<meta property=\"og:image\" content=\"https:\/\/lospoliticosveracruz.com.mx\/wp-content\/uploads\/2023\/04\/Alex-Dore-Pole-Dance.jpg\" \/>\n<meta name=\"author\" content=\"Lo viste en Los Pol\u00edticos\" \/>\n<meta name=\"twitter:card\" content=\"summary_large_image\" \/>\n<meta name=\"twitter:creator\" content=\"@LosPoliticosVer\" \/>\n<meta name=\"twitter:site\" content=\"@LosPoliticosVer\" \/>\n<meta name=\"twitter:label1\" content=\"Escrito por\" \/>\n\t<meta name=\"twitter:data1\" content=\"Lo viste en Los Pol\u00edticos\" \/>\n\t<meta name=\"twitter:label2\" content=\"Tiempo de lectura\" \/>\n\t<meta name=\"twitter:data2\" content=\"9 minutos\" \/>\n<script type=\"application\/ld+json\" class=\"yoast-schema-graph\">{\"@context\":\"https:\\\/\\\/schema.org\",\"@graph\":[{\"@type\":\"Article\",\"@id\":\"https:\\\/\\\/lospoliticosveracruz.com\\\/?p=106145#article\",\"isPartOf\":{\"@id\":\"https:\\\/\\\/lospoliticosveracruz.com\\\/?p=106145\"},\"author\":{\"name\":\"Lo viste en Los Pol\u00edticos\",\"@id\":\"https:\\\/\\\/lospoliticosveracruz.com\\\/#\\\/schema\\\/person\\\/b8702bb0e538456e6efd07080bf2a4a2\"},\"headline\":\"LA VIOLENCIA HACIA LOS HOMBRES\",\"datePublished\":\"2023-05-18T01:17:45+00:00\",\"dateModified\":\"2023-05-18T01:17:51+00:00\",\"mainEntityOfPage\":{\"@id\":\"https:\\\/\\\/lospoliticosveracruz.com\\\/?p=106145\"},\"wordCount\":1813,\"publisher\":{\"@id\":\"https:\\\/\\\/lospoliticosveracruz.com\\\/#organization\"},\"image\":{\"@id\":\"https:\\\/\\\/lospoliticosveracruz.com\\\/?p=106145#primaryimage\"},\"thumbnailUrl\":\"https:\\\/\\\/lospoliticosveracruz.com.mx\\\/wp-content\\\/uploads\\\/2023\\\/04\\\/Alex-Dore-Pole-Dance.jpg\",\"keywords\":[\"Maltrato\",\"Nathali Morales Caballero\",\"Salud mental\"],\"articleSection\":[\"Palomazos\"],\"inLanguage\":\"es\"},{\"@type\":\"WebPage\",\"@id\":\"https:\\\/\\\/lospoliticosveracruz.com\\\/?p=106145\",\"url\":\"https:\\\/\\\/lospoliticosveracruz.com\\\/?p=106145\",\"name\":\"LA VIOLENCIA HACIA LOS HOMBRES - Los pol\u00edticos Veracruz\",\"isPartOf\":{\"@id\":\"https:\\\/\\\/lospoliticosveracruz.com\\\/#website\"},\"primaryImageOfPage\":{\"@id\":\"https:\\\/\\\/lospoliticosveracruz.com\\\/?p=106145#primaryimage\"},\"image\":{\"@id\":\"https:\\\/\\\/lospoliticosveracruz.com\\\/?p=106145#primaryimage\"},\"thumbnailUrl\":\"https:\\\/\\\/lospoliticosveracruz.com.mx\\\/wp-content\\\/uploads\\\/2023\\\/04\\\/Alex-Dore-Pole-Dance.jpg\",\"datePublished\":\"2023-05-18T01:17:45+00:00\",\"dateModified\":\"2023-05-18T01:17:51+00:00\",\"breadcrumb\":{\"@id\":\"https:\\\/\\\/lospoliticosveracruz.com\\\/?p=106145#breadcrumb\"},\"inLanguage\":\"es\",\"potentialAction\":[{\"@type\":\"ReadAction\",\"target\":[\"https:\\\/\\\/lospoliticosveracruz.com\\\/?p=106145\"]}]},{\"@type\":\"ImageObject\",\"inLanguage\":\"es\",\"@id\":\"https:\\\/\\\/lospoliticosveracruz.com\\\/?p=106145#primaryimage\",\"url\":\"https:\\\/\\\/lospoliticosveracruz.com.mx\\\/wp-content\\\/uploads\\\/2023\\\/04\\\/Alex-Dore-Pole-Dance.jpg\",\"contentUrl\":\"https:\\\/\\\/lospoliticosveracruz.com.mx\\\/wp-content\\\/uploads\\\/2023\\\/04\\\/Alex-Dore-Pole-Dance.jpg\"},{\"@type\":\"BreadcrumbList\",\"@id\":\"https:\\\/\\\/lospoliticosveracruz.com\\\/?p=106145#breadcrumb\",\"itemListElement\":[{\"@type\":\"ListItem\",\"position\":1,\"name\":\"Portada\",\"item\":\"https:\\\/\\\/lospoliticosveracruz.com\\\/\"},{\"@type\":\"ListItem\",\"position\":2,\"name\":\"LA VIOLENCIA HACIA LOS HOMBRES\"}]},{\"@type\":\"WebSite\",\"@id\":\"https:\\\/\\\/lospoliticosveracruz.com\\\/#website\",\"url\":\"https:\\\/\\\/lospoliticosveracruz.com\\\/\",\"name\":\"Los pol\u00edticos Veracruz\",\"description\":\"\",\"publisher\":{\"@id\":\"https:\\\/\\\/lospoliticosveracruz.com\\\/#organization\"},\"potentialAction\":[{\"@type\":\"SearchAction\",\"target\":{\"@type\":\"EntryPoint\",\"urlTemplate\":\"https:\\\/\\\/lospoliticosveracruz.com\\\/?s={search_term_string}\"},\"query-input\":{\"@type\":\"PropertyValueSpecification\",\"valueRequired\":true,\"valueName\":\"search_term_string\"}}],\"inLanguage\":\"es\"},{\"@type\":\"Organization\",\"@id\":\"https:\\\/\\\/lospoliticosveracruz.com\\\/#organization\",\"name\":\"Los pol\u00edticos Veracruz\",\"url\":\"https:\\\/\\\/lospoliticosveracruz.com\\\/\",\"logo\":{\"@type\":\"ImageObject\",\"inLanguage\":\"es\",\"@id\":\"https:\\\/\\\/lospoliticosveracruz.com\\\/#\\\/schema\\\/logo\\\/image\\\/\",\"url\":\"https:\\\/\\\/lospoliticosveracruz.com\\\/wp-content\\\/uploads\\\/2025\\\/12\\\/Logo-Nuevo-LOS-POLITICOS-1.jpg\",\"contentUrl\":\"https:\\\/\\\/lospoliticosveracruz.com\\\/wp-content\\\/uploads\\\/2025\\\/12\\\/Logo-Nuevo-LOS-POLITICOS-1.jpg\",\"width\":260,\"height\":70,\"caption\":\"Los pol\u00edticos Veracruz\"},\"image\":{\"@id\":\"https:\\\/\\\/lospoliticosveracruz.com\\\/#\\\/schema\\\/logo\\\/image\\\/\"},\"sameAs\":[\"https:\\\/\\\/www.facebook.com\\\/people\\\/Notimemes-de-los-Polticos\\\/61565672886568\\\/\",\"https:\\\/\\\/x.com\\\/LosPoliticosVer\"]},{\"@type\":\"Person\",\"@id\":\"https:\\\/\\\/lospoliticosveracruz.com\\\/#\\\/schema\\\/person\\\/b8702bb0e538456e6efd07080bf2a4a2\",\"name\":\"Lo viste en Los Pol\u00edticos\",\"image\":{\"@type\":\"ImageObject\",\"inLanguage\":\"es\",\"@id\":\"https:\\\/\\\/secure.gravatar.com\\\/avatar\\\/3a8de04a2656d44082be478bd6c086daa447c4651605818287b9532d3d0bd435?s=96&d=mm&r=g\",\"url\":\"https:\\\/\\\/secure.gravatar.com\\\/avatar\\\/3a8de04a2656d44082be478bd6c086daa447c4651605818287b9532d3d0bd435?s=96&d=mm&r=g\",\"contentUrl\":\"https:\\\/\\\/secure.gravatar.com\\\/avatar\\\/3a8de04a2656d44082be478bd6c086daa447c4651605818287b9532d3d0bd435?s=96&d=mm&r=g\",\"caption\":\"Lo viste en Los Pol\u00edticos\"},\"url\":\"https:\\\/\\\/lospoliticosveracruz.com\\\/?author=2\"}]}<\/script>\n<!-- \/ Yoast SEO plugin. -->","yoast_head_json":{"title":"LA VIOLENCIA HACIA LOS HOMBRES - Los pol\u00edticos Veracruz","robots":{"index":"index","follow":"follow","max-snippet":"max-snippet:-1","max-image-preview":"max-image-preview:large","max-video-preview":"max-video-preview:-1"},"canonical":"https:\/\/lospoliticosveracruz.com\/?p=106145","og_locale":"es_ES","og_type":"article","og_title":"LA VIOLENCIA HACIA LOS HOMBRES - Los pol\u00edticos Veracruz","og_description":"Alejandra Quiroz \u201c\u2019Juan\u2019 se est\u00e1 ahorcando\u201d, grit\u00f3 ella al avisar a sus vecinos. Ya \u00e9l estaba colgado de una viga. La ayuda lleg\u00f3 a tiempo.A los pocos minutos arrib\u00f3 la ambulancia, y tras varias contradicciones de la pareja y las investigaciones de la Polic\u00eda Municipal, la mujer, de 29 a\u00f1os, fue puesta a disposici\u00f3n de [&hellip;]","og_url":"https:\/\/lospoliticosveracruz.com\/?p=106145","og_site_name":"Los pol\u00edticos Veracruz","article_publisher":"https:\/\/www.facebook.com\/people\/Notimemes-de-los-Polticos\/61565672886568\/","article_published_time":"2023-05-18T01:17:45+00:00","article_modified_time":"2023-05-18T01:17:51+00:00","og_image":[{"url":"https:\/\/lospoliticosveracruz.com.mx\/wp-content\/uploads\/2023\/04\/Alex-Dore-Pole-Dance.jpg","type":"","width":"","height":""}],"author":"Lo viste en Los Pol\u00edticos","twitter_card":"summary_large_image","twitter_creator":"@LosPoliticosVer","twitter_site":"@LosPoliticosVer","twitter_misc":{"Escrito por":"Lo viste en Los Pol\u00edticos","Tiempo de lectura":"9 minutos"},"schema":{"@context":"https:\/\/schema.org","@graph":[{"@type":"Article","@id":"https:\/\/lospoliticosveracruz.com\/?p=106145#article","isPartOf":{"@id":"https:\/\/lospoliticosveracruz.com\/?p=106145"},"author":{"name":"Lo viste en Los Pol\u00edticos","@id":"https:\/\/lospoliticosveracruz.com\/#\/schema\/person\/b8702bb0e538456e6efd07080bf2a4a2"},"headline":"LA VIOLENCIA HACIA LOS HOMBRES","datePublished":"2023-05-18T01:17:45+00:00","dateModified":"2023-05-18T01:17:51+00:00","mainEntityOfPage":{"@id":"https:\/\/lospoliticosveracruz.com\/?p=106145"},"wordCount":1813,"publisher":{"@id":"https:\/\/lospoliticosveracruz.com\/#organization"},"image":{"@id":"https:\/\/lospoliticosveracruz.com\/?p=106145#primaryimage"},"thumbnailUrl":"https:\/\/lospoliticosveracruz.com.mx\/wp-content\/uploads\/2023\/04\/Alex-Dore-Pole-Dance.jpg","keywords":["Maltrato","Nathali Morales Caballero","Salud mental"],"articleSection":["Palomazos"],"inLanguage":"es"},{"@type":"WebPage","@id":"https:\/\/lospoliticosveracruz.com\/?p=106145","url":"https:\/\/lospoliticosveracruz.com\/?p=106145","name":"LA VIOLENCIA HACIA LOS HOMBRES - Los pol\u00edticos Veracruz","isPartOf":{"@id":"https:\/\/lospoliticosveracruz.com\/#website"},"primaryImageOfPage":{"@id":"https:\/\/lospoliticosveracruz.com\/?p=106145#primaryimage"},"image":{"@id":"https:\/\/lospoliticosveracruz.com\/?p=106145#primaryimage"},"thumbnailUrl":"https:\/\/lospoliticosveracruz.com.mx\/wp-content\/uploads\/2023\/04\/Alex-Dore-Pole-Dance.jpg","datePublished":"2023-05-18T01:17:45+00:00","dateModified":"2023-05-18T01:17:51+00:00","breadcrumb":{"@id":"https:\/\/lospoliticosveracruz.com\/?p=106145#breadcrumb"},"inLanguage":"es","potentialAction":[{"@type":"ReadAction","target":["https:\/\/lospoliticosveracruz.com\/?p=106145"]}]},{"@type":"ImageObject","inLanguage":"es","@id":"https:\/\/lospoliticosveracruz.com\/?p=106145#primaryimage","url":"https:\/\/lospoliticosveracruz.com.mx\/wp-content\/uploads\/2023\/04\/Alex-Dore-Pole-Dance.jpg","contentUrl":"https:\/\/lospoliticosveracruz.com.mx\/wp-content\/uploads\/2023\/04\/Alex-Dore-Pole-Dance.jpg"},{"@type":"BreadcrumbList","@id":"https:\/\/lospoliticosveracruz.com\/?p=106145#breadcrumb","itemListElement":[{"@type":"ListItem","position":1,"name":"Portada","item":"https:\/\/lospoliticosveracruz.com\/"},{"@type":"ListItem","position":2,"name":"LA VIOLENCIA HACIA LOS HOMBRES"}]},{"@type":"WebSite","@id":"https:\/\/lospoliticosveracruz.com\/#website","url":"https:\/\/lospoliticosveracruz.com\/","name":"Los pol\u00edticos Veracruz","description":"","publisher":{"@id":"https:\/\/lospoliticosveracruz.com\/#organization"},"potentialAction":[{"@type":"SearchAction","target":{"@type":"EntryPoint","urlTemplate":"https:\/\/lospoliticosveracruz.com\/?s={search_term_string}"},"query-input":{"@type":"PropertyValueSpecification","valueRequired":true,"valueName":"search_term_string"}}],"inLanguage":"es"},{"@type":"Organization","@id":"https:\/\/lospoliticosveracruz.com\/#organization","name":"Los pol\u00edticos Veracruz","url":"https:\/\/lospoliticosveracruz.com\/","logo":{"@type":"ImageObject","inLanguage":"es","@id":"https:\/\/lospoliticosveracruz.com\/#\/schema\/logo\/image\/","url":"https:\/\/lospoliticosveracruz.com\/wp-content\/uploads\/2025\/12\/Logo-Nuevo-LOS-POLITICOS-1.jpg","contentUrl":"https:\/\/lospoliticosveracruz.com\/wp-content\/uploads\/2025\/12\/Logo-Nuevo-LOS-POLITICOS-1.jpg","width":260,"height":70,"caption":"Los pol\u00edticos Veracruz"},"image":{"@id":"https:\/\/lospoliticosveracruz.com\/#\/schema\/logo\/image\/"},"sameAs":["https:\/\/www.facebook.com\/people\/Notimemes-de-los-Polticos\/61565672886568\/","https:\/\/x.com\/LosPoliticosVer"]},{"@type":"Person","@id":"https:\/\/lospoliticosveracruz.com\/#\/schema\/person\/b8702bb0e538456e6efd07080bf2a4a2","name":"Lo viste en Los Pol\u00edticos","image":{"@type":"ImageObject","inLanguage":"es","@id":"https:\/\/secure.gravatar.com\/avatar\/3a8de04a2656d44082be478bd6c086daa447c4651605818287b9532d3d0bd435?s=96&d=mm&r=g","url":"https:\/\/secure.gravatar.com\/avatar\/3a8de04a2656d44082be478bd6c086daa447c4651605818287b9532d3d0bd435?s=96&d=mm&r=g","contentUrl":"https:\/\/secure.gravatar.com\/avatar\/3a8de04a2656d44082be478bd6c086daa447c4651605818287b9532d3d0bd435?s=96&d=mm&r=g","caption":"Lo viste en Los Pol\u00edticos"},"url":"https:\/\/lospoliticosveracruz.com\/?author=2"}]}},"_links":{"self":[{"href":"https:\/\/lospoliticosveracruz.com\/index.php?rest_route=\/wp\/v2\/posts\/106145","targetHints":{"allow":["GET"]}}],"collection":[{"href":"https:\/\/lospoliticosveracruz.com\/index.php?rest_route=\/wp\/v2\/posts"}],"about":[{"href":"https:\/\/lospoliticosveracruz.com\/index.php?rest_route=\/wp\/v2\/types\/post"}],"author":[{"embeddable":true,"href":"https:\/\/lospoliticosveracruz.com\/index.php?rest_route=\/wp\/v2\/users\/2"}],"replies":[{"embeddable":true,"href":"https:\/\/lospoliticosveracruz.com\/index.php?rest_route=%2Fwp%2Fv2%2Fcomments&post=106145"}],"version-history":[{"count":1,"href":"https:\/\/lospoliticosveracruz.com\/index.php?rest_route=\/wp\/v2\/posts\/106145\/revisions"}],"predecessor-version":[{"id":106147,"href":"https:\/\/lospoliticosveracruz.com\/index.php?rest_route=\/wp\/v2\/posts\/106145\/revisions\/106147"}],"wp:attachment":[{"href":"https:\/\/lospoliticosveracruz.com\/index.php?rest_route=%2Fwp%2Fv2%2Fmedia&parent=106145"}],"wp:term":[{"taxonomy":"category","embeddable":true,"href":"https:\/\/lospoliticosveracruz.com\/index.php?rest_route=%2Fwp%2Fv2%2Fcategories&post=106145"},{"taxonomy":"post_tag","embeddable":true,"href":"https:\/\/lospoliticosveracruz.com\/index.php?rest_route=%2Fwp%2Fv2%2Ftags&post=106145"}],"curies":[{"name":"wp","href":"https:\/\/api.w.org\/{rel}","templated":true}]}}