{"id":106171,"date":"2023-05-18T15:04:34","date_gmt":"2023-05-18T20:04:34","guid":{"rendered":"https:\/\/lospoliticosveracruz.com.mx\/?p=106171"},"modified":"2023-05-18T15:04:39","modified_gmt":"2023-05-18T20:04:39","slug":"dejar-trozos-de-dignidad-en-el-camino","status":"publish","type":"post","link":"https:\/\/lospoliticosveracruz.com\/?p=106171","title":{"rendered":"DEJAR TROZOS DE DIGNIDAD EN EL CAMINO"},"content":{"rendered":"\n<p><strong>Vicente Luna Hern\u00e1ndez<\/strong><\/p>\n\n\n\n<p>Durante el Parlamento Juvenil con estudiantes de diversas facultades de la Universidad Aut\u00f3noma Benito Ju\u00e1rez de Oaxaca, el Senador Ricardo Monreal les dijo a los j\u00f3venes universitarios: \u201cMi sue\u00f1o s\u00ed es ser presidente, pero no voy a dejar trozos de dignidad en el camino\u201d despu\u00e9s de los aplausos a tan conmovedoras palabras seguramente esa frase estar\u00e1 escrita con letras de oro a la entrada de la universidad\u2026 que ternura.<\/p>\n\n\n<div class=\"wp-block-image\">\n<figure class=\"alignleft size-medium\"><a href=\"https:\/\/lospoliticosveracruz.com.mx\/wp-content\/uploads\/2021\/10\/WhatsApp-Image-2021-10-02-at-15.20.25.jpeg\"><img loading=\"lazy\" decoding=\"async\" width=\"212\" height=\"300\" src=\"https:\/\/lospoliticosveracruz.com.mx\/wp-content\/uploads\/2021\/10\/WhatsApp-Image-2021-10-02-at-15.20.25-212x300.jpeg\" alt=\"\" class=\"wp-image-80177\" srcset=\"https:\/\/lospoliticosveracruz.com\/wp-content\/uploads\/2021\/10\/WhatsApp-Image-2021-10-02-at-15.20.25-212x300.jpeg 212w, https:\/\/lospoliticosveracruz.com\/wp-content\/uploads\/2021\/10\/WhatsApp-Image-2021-10-02-at-15.20.25-724x1024.jpeg 724w, https:\/\/lospoliticosveracruz.com\/wp-content\/uploads\/2021\/10\/WhatsApp-Image-2021-10-02-at-15.20.25-768x1086.jpeg 768w, https:\/\/lospoliticosveracruz.com\/wp-content\/uploads\/2021\/10\/WhatsApp-Image-2021-10-02-at-15.20.25.jpeg 905w\" sizes=\"auto, (max-width: 212px) 100vw, 212px\" \/><\/a><\/figure>\n<\/div>\n\n\n<p><br>Muchos ya ve\u00edan al senador encabezando una rebeli\u00f3n al interior de morena, muchos lo ve\u00edan encabezando un movimiento enarbolando la dignidad de la militancia y de aquellos que no siguen con los ojos cerrados los dictados del presidente AMLO, sin embargo, las negras intenciones y el verdadero plan electoral de Monreal r\u00e1pido sali\u00f3 a relucir, su \u201c rebeld\u00eda\u201d y su \u201c dignidad\u201d pasaban a segundo cuando el presidente le hablara al o\u00eddo y lo sentara a su lado en un acto oficial, todo lo dicho con anterioridad\u2026se volvi\u00f3 humo.<br>El canciller Marcelo Ebrard parece que no canta mal las \u201crancheras\u201d como se dice de manera coloquial, hoy es el nuevo \u201crebelde\u201d de la orquesta, hoy hace declaraciones que retumban en los pasillos de las oficinas del partido morena y llegan hasta palacio nacional, sin embargo, parece que tiene un poco m\u00e1s de credibilidad que Monreal, al final del camino, la historia los juzgara \u00bf realmente quer\u00edan ser Presidentes?<br>Uno de los impulsores de la transici\u00f3n democr\u00e1tica y protagonista de los cambios pol\u00edticos del pa\u00eds, Porfirio Mu\u00f1oz Ledo ya les dio tarea a Monreal y a Ebrard: los reta a formar una corriente democr\u00e1tica y en su caso, un frente democr\u00e1tico nacional aliado a otros partidos como lo ocurrido en 1988, \u00bfse atrever\u00e1n a tanto? \u00bfTienen la fuerza pol\u00edtica Monreal y Ebrard para \u201cromper\u201d con el presidente? Lo \u00bfSe sienten \u2013 ambos \u2013 contentos solo con ser \u201ccorcholatas\u201d?<br>Lo cierto es que los aspirantes est\u00e1n apretando el paso para \u201c ganar\u201d la encuesta que aplicar\u00e1 morena, la cual consiste en qu\u00e9 una ma\u00f1ana el presidente se parar\u00e1 ante un espejo y se har\u00e1 la pregunta: \u00bf qui\u00e9n crees que garantiza la continuaci\u00f3n de la 4 Transformaci\u00f3n y te garantiza sumisi\u00f3n? Y el nombre que salga de los labios del presidente ganar\u00e1 la encuesta\u2026 y se oir\u00e1 una de sus cl\u00e1sicas carcajadas \u00bfse puede explicar de otra manera la encuesta?<br>\u00bfIgnoran este m\u00e9todo los \u201crebeldes\u201d Ricardo Monreal y Marcelo Ebrard? \u00bf \u00bfGarantizan la transformaci\u00f3n o garantizan la sumisi\u00f3n? \u00bfEst\u00e1n dispuestos a dejar trozos de dignidad en el camino para \u201cganar\u201d la encuesta? Monreal podr\u00e1 negociar la Ciudad de M\u00e9xico \u00bfque podr\u00e1 negociar Marcelo Ebrard? \u00bfLa Corriente Democr\u00e1tica al interior de morena tendr\u00e1 que esperar?<br>Lo cierto es que el grado de lambisconer\u00eda y sumisi\u00f3n ante el presidente siempre ha existido, no importa el partido en el poder ni quien sea el presidente, romper e ir contra las decisiones del que tiene el poder, siempre tiene un costo en cualquier lugar y no cualquiera est\u00e1 dispuesto a pagarlo, la historia pondr\u00e1 a cada quien en su lugar, lo cierto es que los maximatos por lo regular duran hasta cuando el nuevo inquilino o inquilina\u2026 tenga la banda presidencial en su pecho y diga : \u201c s\u00ed protesto\u201d<br>P.D.- Con el \u00e1nimo que todos los gobernadores al mostrar sus simpat\u00edas por alguna \u201ccorcholata\u201d \u201ccuiden las formas\u201d como el gobernador de Veracruz\u2026 Escribir\u00e9 otro d\u00eda.<\/p>\n","protected":false},"excerpt":{"rendered":"<p>Vicente Luna Hern\u00e1ndez Durante el Parlamento Juvenil con estudiantes de diversas facultades de la Universidad Aut\u00f3noma Benito Ju\u00e1rez de Oaxaca, el Senador Ricardo Monreal les dijo a los j\u00f3venes universitarios: \u201cMi sue\u00f1o s\u00ed es ser presidente, pero no voy a dejar trozos de dignidad en el camino\u201d despu\u00e9s de los aplausos a tan conmovedoras palabras [&hellip;]<\/p>\n","protected":false},"author":2,"featured_media":0,"comment_status":"closed","ping_status":"closed","sticky":false,"template":"","format":"standard","meta":{"tdm_status":"","tdm_grid_status":"","footnotes":""},"categories":[70],"tags":[14703,10353,15667],"class_list":{"0":"post-106171","1":"post","2":"type-post","3":"status-publish","4":"format-standard","6":"category-de-opinion","7":"tag-marcelo-ebrard","8":"tag-ricardo-monreal","9":"tag-vicente-luna-hernandez"},"yoast_head":"<!-- This site is optimized with the Yoast SEO plugin v27.4 - https:\/\/yoast.com\/product\/yoast-seo-wordpress\/ -->\n<title>DEJAR TROZOS DE DIGNIDAD EN EL CAMINO - Los pol\u00edticos Veracruz<\/title>\n<meta name=\"robots\" content=\"index, follow, max-snippet:-1, max-image-preview:large, max-video-preview:-1\" \/>\n<link rel=\"canonical\" href=\"https:\/\/lospoliticosveracruz.com\/?p=106171\" \/>\n<meta property=\"og:locale\" content=\"es_ES\" \/>\n<meta property=\"og:type\" content=\"article\" \/>\n<meta property=\"og:title\" content=\"DEJAR TROZOS DE DIGNIDAD EN EL CAMINO - Los pol\u00edticos Veracruz\" \/>\n<meta property=\"og:description\" content=\"Vicente Luna Hern\u00e1ndez Durante el Parlamento Juvenil con estudiantes de diversas facultades de la Universidad Aut\u00f3noma Benito Ju\u00e1rez de Oaxaca, el Senador Ricardo Monreal les dijo a los j\u00f3venes universitarios: \u201cMi sue\u00f1o s\u00ed es ser presidente, pero no voy a dejar trozos de dignidad en el camino\u201d despu\u00e9s de los aplausos a tan conmovedoras palabras [&hellip;]\" \/>\n<meta property=\"og:url\" content=\"https:\/\/lospoliticosveracruz.com\/?p=106171\" \/>\n<meta property=\"og:site_name\" content=\"Los pol\u00edticos Veracruz\" \/>\n<meta property=\"article:publisher\" content=\"https:\/\/www.facebook.com\/people\/Notimemes-de-los-Polticos\/61565672886568\/\" \/>\n<meta property=\"article:published_time\" content=\"2023-05-18T20:04:34+00:00\" \/>\n<meta property=\"article:modified_time\" content=\"2023-05-18T20:04:39+00:00\" \/>\n<meta property=\"og:image\" content=\"https:\/\/lospoliticosveracruz.com.mx\/wp-content\/uploads\/2021\/10\/WhatsApp-Image-2021-10-02-at-15.20.25-212x300.jpeg\" \/>\n<meta name=\"author\" content=\"Lo viste en Los Pol\u00edticos\" \/>\n<meta name=\"twitter:card\" content=\"summary_large_image\" \/>\n<meta name=\"twitter:creator\" content=\"@LosPoliticosVer\" \/>\n<meta name=\"twitter:site\" content=\"@LosPoliticosVer\" \/>\n<meta name=\"twitter:label1\" content=\"Escrito por\" \/>\n\t<meta name=\"twitter:data1\" content=\"Lo viste en Los Pol\u00edticos\" \/>\n\t<meta name=\"twitter:label2\" content=\"Tiempo de lectura\" \/>\n\t<meta name=\"twitter:data2\" content=\"3 minutos\" \/>\n<script type=\"application\/ld+json\" class=\"yoast-schema-graph\">{\"@context\":\"https:\\\/\\\/schema.org\",\"@graph\":[{\"@type\":\"Article\",\"@id\":\"https:\\\/\\\/lospoliticosveracruz.com\\\/?p=106171#article\",\"isPartOf\":{\"@id\":\"https:\\\/\\\/lospoliticosveracruz.com\\\/?p=106171\"},\"author\":{\"name\":\"Lo viste en Los Pol\u00edticos\",\"@id\":\"https:\\\/\\\/lospoliticosveracruz.com\\\/#\\\/schema\\\/person\\\/b8702bb0e538456e6efd07080bf2a4a2\"},\"headline\":\"DEJAR TROZOS DE DIGNIDAD EN EL CAMINO\",\"datePublished\":\"2023-05-18T20:04:34+00:00\",\"dateModified\":\"2023-05-18T20:04:39+00:00\",\"mainEntityOfPage\":{\"@id\":\"https:\\\/\\\/lospoliticosveracruz.com\\\/?p=106171\"},\"wordCount\":600,\"publisher\":{\"@id\":\"https:\\\/\\\/lospoliticosveracruz.com\\\/#organization\"},\"image\":{\"@id\":\"https:\\\/\\\/lospoliticosveracruz.com\\\/?p=106171#primaryimage\"},\"thumbnailUrl\":\"https:\\\/\\\/lospoliticosveracruz.com.mx\\\/wp-content\\\/uploads\\\/2021\\\/10\\\/WhatsApp-Image-2021-10-02-at-15.20.25-212x300.jpeg\",\"keywords\":[\"Marcelo Ebrard\",\"Ricardo Monreal\",\"Vicente Luna Hern\u00e1ndez\"],\"articleSection\":[\"De Opini\u00f3n\"],\"inLanguage\":\"es\"},{\"@type\":\"WebPage\",\"@id\":\"https:\\\/\\\/lospoliticosveracruz.com\\\/?p=106171\",\"url\":\"https:\\\/\\\/lospoliticosveracruz.com\\\/?p=106171\",\"name\":\"DEJAR TROZOS DE DIGNIDAD EN EL CAMINO - Los pol\u00edticos Veracruz\",\"isPartOf\":{\"@id\":\"https:\\\/\\\/lospoliticosveracruz.com\\\/#website\"},\"primaryImageOfPage\":{\"@id\":\"https:\\\/\\\/lospoliticosveracruz.com\\\/?p=106171#primaryimage\"},\"image\":{\"@id\":\"https:\\\/\\\/lospoliticosveracruz.com\\\/?p=106171#primaryimage\"},\"thumbnailUrl\":\"https:\\\/\\\/lospoliticosveracruz.com.mx\\\/wp-content\\\/uploads\\\/2021\\\/10\\\/WhatsApp-Image-2021-10-02-at-15.20.25-212x300.jpeg\",\"datePublished\":\"2023-05-18T20:04:34+00:00\",\"dateModified\":\"2023-05-18T20:04:39+00:00\",\"breadcrumb\":{\"@id\":\"https:\\\/\\\/lospoliticosveracruz.com\\\/?p=106171#breadcrumb\"},\"inLanguage\":\"es\",\"potentialAction\":[{\"@type\":\"ReadAction\",\"target\":[\"https:\\\/\\\/lospoliticosveracruz.com\\\/?p=106171\"]}]},{\"@type\":\"ImageObject\",\"inLanguage\":\"es\",\"@id\":\"https:\\\/\\\/lospoliticosveracruz.com\\\/?p=106171#primaryimage\",\"url\":\"https:\\\/\\\/lospoliticosveracruz.com.mx\\\/wp-content\\\/uploads\\\/2021\\\/10\\\/WhatsApp-Image-2021-10-02-at-15.20.25-212x300.jpeg\",\"contentUrl\":\"https:\\\/\\\/lospoliticosveracruz.com.mx\\\/wp-content\\\/uploads\\\/2021\\\/10\\\/WhatsApp-Image-2021-10-02-at-15.20.25-212x300.jpeg\"},{\"@type\":\"BreadcrumbList\",\"@id\":\"https:\\\/\\\/lospoliticosveracruz.com\\\/?p=106171#breadcrumb\",\"itemListElement\":[{\"@type\":\"ListItem\",\"position\":1,\"name\":\"Portada\",\"item\":\"https:\\\/\\\/lospoliticosveracruz.com\\\/\"},{\"@type\":\"ListItem\",\"position\":2,\"name\":\"DEJAR TROZOS DE DIGNIDAD EN EL CAMINO\"}]},{\"@type\":\"WebSite\",\"@id\":\"https:\\\/\\\/lospoliticosveracruz.com\\\/#website\",\"url\":\"https:\\\/\\\/lospoliticosveracruz.com\\\/\",\"name\":\"Los pol\u00edticos Veracruz\",\"description\":\"\",\"publisher\":{\"@id\":\"https:\\\/\\\/lospoliticosveracruz.com\\\/#organization\"},\"potentialAction\":[{\"@type\":\"SearchAction\",\"target\":{\"@type\":\"EntryPoint\",\"urlTemplate\":\"https:\\\/\\\/lospoliticosveracruz.com\\\/?s={search_term_string}\"},\"query-input\":{\"@type\":\"PropertyValueSpecification\",\"valueRequired\":true,\"valueName\":\"search_term_string\"}}],\"inLanguage\":\"es\"},{\"@type\":\"Organization\",\"@id\":\"https:\\\/\\\/lospoliticosveracruz.com\\\/#organization\",\"name\":\"Los pol\u00edticos Veracruz\",\"url\":\"https:\\\/\\\/lospoliticosveracruz.com\\\/\",\"logo\":{\"@type\":\"ImageObject\",\"inLanguage\":\"es\",\"@id\":\"https:\\\/\\\/lospoliticosveracruz.com\\\/#\\\/schema\\\/logo\\\/image\\\/\",\"url\":\"https:\\\/\\\/lospoliticosveracruz.com\\\/wp-content\\\/uploads\\\/2025\\\/12\\\/Logo-Nuevo-LOS-POLITICOS-1.jpg\",\"contentUrl\":\"https:\\\/\\\/lospoliticosveracruz.com\\\/wp-content\\\/uploads\\\/2025\\\/12\\\/Logo-Nuevo-LOS-POLITICOS-1.jpg\",\"width\":260,\"height\":70,\"caption\":\"Los pol\u00edticos Veracruz\"},\"image\":{\"@id\":\"https:\\\/\\\/lospoliticosveracruz.com\\\/#\\\/schema\\\/logo\\\/image\\\/\"},\"sameAs\":[\"https:\\\/\\\/www.facebook.com\\\/people\\\/Notimemes-de-los-Polticos\\\/61565672886568\\\/\",\"https:\\\/\\\/x.com\\\/LosPoliticosVer\"]},{\"@type\":\"Person\",\"@id\":\"https:\\\/\\\/lospoliticosveracruz.com\\\/#\\\/schema\\\/person\\\/b8702bb0e538456e6efd07080bf2a4a2\",\"name\":\"Lo viste en Los Pol\u00edticos\",\"image\":{\"@type\":\"ImageObject\",\"inLanguage\":\"es\",\"@id\":\"https:\\\/\\\/secure.gravatar.com\\\/avatar\\\/3a8de04a2656d44082be478bd6c086daa447c4651605818287b9532d3d0bd435?s=96&d=mm&r=g\",\"url\":\"https:\\\/\\\/secure.gravatar.com\\\/avatar\\\/3a8de04a2656d44082be478bd6c086daa447c4651605818287b9532d3d0bd435?s=96&d=mm&r=g\",\"contentUrl\":\"https:\\\/\\\/secure.gravatar.com\\\/avatar\\\/3a8de04a2656d44082be478bd6c086daa447c4651605818287b9532d3d0bd435?s=96&d=mm&r=g\",\"caption\":\"Lo viste en Los Pol\u00edticos\"},\"url\":\"https:\\\/\\\/lospoliticosveracruz.com\\\/?author=2\"}]}<\/script>\n<!-- \/ Yoast SEO plugin. -->","yoast_head_json":{"title":"DEJAR TROZOS DE DIGNIDAD EN EL CAMINO - Los pol\u00edticos Veracruz","robots":{"index":"index","follow":"follow","max-snippet":"max-snippet:-1","max-image-preview":"max-image-preview:large","max-video-preview":"max-video-preview:-1"},"canonical":"https:\/\/lospoliticosveracruz.com\/?p=106171","og_locale":"es_ES","og_type":"article","og_title":"DEJAR TROZOS DE DIGNIDAD EN EL CAMINO - Los pol\u00edticos Veracruz","og_description":"Vicente Luna Hern\u00e1ndez Durante el Parlamento Juvenil con estudiantes de diversas facultades de la Universidad Aut\u00f3noma Benito Ju\u00e1rez de Oaxaca, el Senador Ricardo Monreal les dijo a los j\u00f3venes universitarios: \u201cMi sue\u00f1o s\u00ed es ser presidente, pero no voy a dejar trozos de dignidad en el camino\u201d despu\u00e9s de los aplausos a tan conmovedoras palabras [&hellip;]","og_url":"https:\/\/lospoliticosveracruz.com\/?p=106171","og_site_name":"Los pol\u00edticos Veracruz","article_publisher":"https:\/\/www.facebook.com\/people\/Notimemes-de-los-Polticos\/61565672886568\/","article_published_time":"2023-05-18T20:04:34+00:00","article_modified_time":"2023-05-18T20:04:39+00:00","og_image":[{"url":"https:\/\/lospoliticosveracruz.com.mx\/wp-content\/uploads\/2021\/10\/WhatsApp-Image-2021-10-02-at-15.20.25-212x300.jpeg","type":"","width":"","height":""}],"author":"Lo viste en Los Pol\u00edticos","twitter_card":"summary_large_image","twitter_creator":"@LosPoliticosVer","twitter_site":"@LosPoliticosVer","twitter_misc":{"Escrito por":"Lo viste en Los Pol\u00edticos","Tiempo de lectura":"3 minutos"},"schema":{"@context":"https:\/\/schema.org","@graph":[{"@type":"Article","@id":"https:\/\/lospoliticosveracruz.com\/?p=106171#article","isPartOf":{"@id":"https:\/\/lospoliticosveracruz.com\/?p=106171"},"author":{"name":"Lo viste en Los Pol\u00edticos","@id":"https:\/\/lospoliticosveracruz.com\/#\/schema\/person\/b8702bb0e538456e6efd07080bf2a4a2"},"headline":"DEJAR TROZOS DE DIGNIDAD EN EL CAMINO","datePublished":"2023-05-18T20:04:34+00:00","dateModified":"2023-05-18T20:04:39+00:00","mainEntityOfPage":{"@id":"https:\/\/lospoliticosveracruz.com\/?p=106171"},"wordCount":600,"publisher":{"@id":"https:\/\/lospoliticosveracruz.com\/#organization"},"image":{"@id":"https:\/\/lospoliticosveracruz.com\/?p=106171#primaryimage"},"thumbnailUrl":"https:\/\/lospoliticosveracruz.com.mx\/wp-content\/uploads\/2021\/10\/WhatsApp-Image-2021-10-02-at-15.20.25-212x300.jpeg","keywords":["Marcelo Ebrard","Ricardo Monreal","Vicente Luna Hern\u00e1ndez"],"articleSection":["De Opini\u00f3n"],"inLanguage":"es"},{"@type":"WebPage","@id":"https:\/\/lospoliticosveracruz.com\/?p=106171","url":"https:\/\/lospoliticosveracruz.com\/?p=106171","name":"DEJAR TROZOS DE DIGNIDAD EN EL CAMINO - Los pol\u00edticos Veracruz","isPartOf":{"@id":"https:\/\/lospoliticosveracruz.com\/#website"},"primaryImageOfPage":{"@id":"https:\/\/lospoliticosveracruz.com\/?p=106171#primaryimage"},"image":{"@id":"https:\/\/lospoliticosveracruz.com\/?p=106171#primaryimage"},"thumbnailUrl":"https:\/\/lospoliticosveracruz.com.mx\/wp-content\/uploads\/2021\/10\/WhatsApp-Image-2021-10-02-at-15.20.25-212x300.jpeg","datePublished":"2023-05-18T20:04:34+00:00","dateModified":"2023-05-18T20:04:39+00:00","breadcrumb":{"@id":"https:\/\/lospoliticosveracruz.com\/?p=106171#breadcrumb"},"inLanguage":"es","potentialAction":[{"@type":"ReadAction","target":["https:\/\/lospoliticosveracruz.com\/?p=106171"]}]},{"@type":"ImageObject","inLanguage":"es","@id":"https:\/\/lospoliticosveracruz.com\/?p=106171#primaryimage","url":"https:\/\/lospoliticosveracruz.com.mx\/wp-content\/uploads\/2021\/10\/WhatsApp-Image-2021-10-02-at-15.20.25-212x300.jpeg","contentUrl":"https:\/\/lospoliticosveracruz.com.mx\/wp-content\/uploads\/2021\/10\/WhatsApp-Image-2021-10-02-at-15.20.25-212x300.jpeg"},{"@type":"BreadcrumbList","@id":"https:\/\/lospoliticosveracruz.com\/?p=106171#breadcrumb","itemListElement":[{"@type":"ListItem","position":1,"name":"Portada","item":"https:\/\/lospoliticosveracruz.com\/"},{"@type":"ListItem","position":2,"name":"DEJAR TROZOS DE DIGNIDAD EN EL CAMINO"}]},{"@type":"WebSite","@id":"https:\/\/lospoliticosveracruz.com\/#website","url":"https:\/\/lospoliticosveracruz.com\/","name":"Los pol\u00edticos Veracruz","description":"","publisher":{"@id":"https:\/\/lospoliticosveracruz.com\/#organization"},"potentialAction":[{"@type":"SearchAction","target":{"@type":"EntryPoint","urlTemplate":"https:\/\/lospoliticosveracruz.com\/?s={search_term_string}"},"query-input":{"@type":"PropertyValueSpecification","valueRequired":true,"valueName":"search_term_string"}}],"inLanguage":"es"},{"@type":"Organization","@id":"https:\/\/lospoliticosveracruz.com\/#organization","name":"Los pol\u00edticos Veracruz","url":"https:\/\/lospoliticosveracruz.com\/","logo":{"@type":"ImageObject","inLanguage":"es","@id":"https:\/\/lospoliticosveracruz.com\/#\/schema\/logo\/image\/","url":"https:\/\/lospoliticosveracruz.com\/wp-content\/uploads\/2025\/12\/Logo-Nuevo-LOS-POLITICOS-1.jpg","contentUrl":"https:\/\/lospoliticosveracruz.com\/wp-content\/uploads\/2025\/12\/Logo-Nuevo-LOS-POLITICOS-1.jpg","width":260,"height":70,"caption":"Los pol\u00edticos Veracruz"},"image":{"@id":"https:\/\/lospoliticosveracruz.com\/#\/schema\/logo\/image\/"},"sameAs":["https:\/\/www.facebook.com\/people\/Notimemes-de-los-Polticos\/61565672886568\/","https:\/\/x.com\/LosPoliticosVer"]},{"@type":"Person","@id":"https:\/\/lospoliticosveracruz.com\/#\/schema\/person\/b8702bb0e538456e6efd07080bf2a4a2","name":"Lo viste en Los Pol\u00edticos","image":{"@type":"ImageObject","inLanguage":"es","@id":"https:\/\/secure.gravatar.com\/avatar\/3a8de04a2656d44082be478bd6c086daa447c4651605818287b9532d3d0bd435?s=96&d=mm&r=g","url":"https:\/\/secure.gravatar.com\/avatar\/3a8de04a2656d44082be478bd6c086daa447c4651605818287b9532d3d0bd435?s=96&d=mm&r=g","contentUrl":"https:\/\/secure.gravatar.com\/avatar\/3a8de04a2656d44082be478bd6c086daa447c4651605818287b9532d3d0bd435?s=96&d=mm&r=g","caption":"Lo viste en Los Pol\u00edticos"},"url":"https:\/\/lospoliticosveracruz.com\/?author=2"}]}},"_links":{"self":[{"href":"https:\/\/lospoliticosveracruz.com\/index.php?rest_route=\/wp\/v2\/posts\/106171","targetHints":{"allow":["GET"]}}],"collection":[{"href":"https:\/\/lospoliticosveracruz.com\/index.php?rest_route=\/wp\/v2\/posts"}],"about":[{"href":"https:\/\/lospoliticosveracruz.com\/index.php?rest_route=\/wp\/v2\/types\/post"}],"author":[{"embeddable":true,"href":"https:\/\/lospoliticosveracruz.com\/index.php?rest_route=\/wp\/v2\/users\/2"}],"replies":[{"embeddable":true,"href":"https:\/\/lospoliticosveracruz.com\/index.php?rest_route=%2Fwp%2Fv2%2Fcomments&post=106171"}],"version-history":[{"count":1,"href":"https:\/\/lospoliticosveracruz.com\/index.php?rest_route=\/wp\/v2\/posts\/106171\/revisions"}],"predecessor-version":[{"id":106172,"href":"https:\/\/lospoliticosveracruz.com\/index.php?rest_route=\/wp\/v2\/posts\/106171\/revisions\/106172"}],"wp:attachment":[{"href":"https:\/\/lospoliticosveracruz.com\/index.php?rest_route=%2Fwp%2Fv2%2Fmedia&parent=106171"}],"wp:term":[{"taxonomy":"category","embeddable":true,"href":"https:\/\/lospoliticosveracruz.com\/index.php?rest_route=%2Fwp%2Fv2%2Fcategories&post=106171"},{"taxonomy":"post_tag","embeddable":true,"href":"https:\/\/lospoliticosveracruz.com\/index.php?rest_route=%2Fwp%2Fv2%2Ftags&post=106171"}],"curies":[{"name":"wp","href":"https:\/\/api.w.org\/{rel}","templated":true}]}}