{"id":106195,"date":"2023-05-19T08:32:20","date_gmt":"2023-05-19T13:32:20","guid":{"rendered":"https:\/\/lospoliticosveracruz.com.mx\/?p=106195"},"modified":"2023-05-19T08:32:36","modified_gmt":"2023-05-19T13:32:36","slug":"torres","status":"publish","type":"post","link":"https:\/\/lospoliticosveracruz.com\/?p=106195","title":{"rendered":"TORRES"},"content":{"rendered":"\n<p><br><strong>Guadalupe H. Mar<br><\/strong><em>Mira Pol\u00edtica<\/em><\/p>\n\n\n\n<p><strong>OTROS DATOS \u2026<\/strong> Alguien debiera decirle al gobernador del estado, el ingeniero mec\u00e1nico electricista Cuitl\u00e1huac Garc\u00eda Jim\u00e9nez, que en la misma zona de la ciudad de Veracruz donde sin que nadie se diera cuenta se levant\u00f3 una torre de m\u00e1s de 20 pisos, empresarios locales est\u00e1n preparando los terrenos y permisos correspondientes para edificar tambi\u00e9n en el Centro Hist\u00f3rico otras dos torres de la misma altura.<\/p>\n\n\n<div class=\"wp-block-image\">\n<figure class=\"alignleft size-full is-resized\"><a href=\"https:\/\/lospoliticosveracruz.com.mx\/wp-content\/uploads\/2023\/02\/Vinissimo.jpg\"><img loading=\"lazy\" decoding=\"async\" src=\"https:\/\/lospoliticosveracruz.com.mx\/wp-content\/uploads\/2023\/02\/Vinissimo.jpg\" alt=\"\" class=\"wp-image-102752\" width=\"175\" height=\"178\"\/><\/a><\/figure>\n<\/div>\n\n\n<p><br>Los mismos desarrolladores o constructores de la \u201cTorre Centro\u201d de la avenida Xicot\u00e9ncatl esquina con Mariano Arista, adquirieron otras dos esquinas cercanas, derribaron las viejas casas que all\u00ed se encontraban, limpiaron los terrenos que se mantienen bardeados y solo est\u00e1n a la espera de tener todo en regla \u00a1ah! y por supuesto, que se calmen las aguas.<br>Insistimos, alguien debiera decirle al mandatario veracruzano que est\u00e1n por construirse otras dos torres como la Centro, en la misma zona hist\u00f3rica, pues esta semana viaj\u00f3 a la ciudad de M\u00e9xico, para demandar formalmente ante la Fiscal\u00eda General de la Rep\u00fablica (FGR) a jueces del Poder Judicial de Veracruz, quienes presume el ejecutivo estatal, forman parte de una red de corrupci\u00f3n.<br>A estos jueces en Veracruz, el gobernador del estado los se\u00f1ala entre otras cosas, de estar coludidos con los empresarios que erigieron la \u201cTorre Centro\u201d a escasos metros de la sede de la Tercera Zona Naval Militar, inmueble que asegura Garc\u00eda Jim\u00e9nez se construy\u00f3 sin que los desarrolladores contaran con los permisos correspondientes.<br>Esperamos que la demanda presentada ante la FGR por el gobernador del estado de Veracruz en contra de jueces veracruzanos, vaya realmente a fondo, muy a fondo, para identificar a los funcionarios del gobierno estatal que presuntamente tambi\u00e9n estar\u00edan involucrados en el otorgamiento de cuestionables permisos para la \u201cTorre Centro\u201d.<br>Recordemos que cuando en una ma\u00f1anera el presidente de la rep\u00fablica Andr\u00e9s Manuel L\u00f3pez Obrador visibiliz\u00f3 el asunto de la torre que nadie se dio cuenta que se estaba construyendo en pleno Centro Hist\u00f3rico de la ciudad de Veracruz, el Instituto Nacional de Antropolog\u00eda e Historia (INAH) sali\u00f3 a aclarar que en el primer trimestre del a\u00f1o 2020, solicit\u00f3 al entonces presidente municipal porte\u00f1o Fernando Yunes M\u00e1rquez y al gobernador del estado Cuitl\u00e1huac Garc\u00eda Jim\u00e9nez, que intervinieran para determinar si la obra contaba con todos los permisos.<br>Todo parece indicar que el INAH no tuvo respuesta del gobierno municipal de Veracruz y del gobierno estatal a su solicitud de informaci\u00f3n, por lo cual no objet\u00f3 que se levantara una torre de 24 pisos en la esquina de la avenida Xicontencalt con Mariano Arista,<br><strong>MARCACI\u00d3N PERSONAL \u2026<\/strong> La organizaci\u00f3n ARTICLE 19 en M\u00e9xico @article19mex, ha dado seguimiento al caso del asesinato de la periodista del norte del estado de Veracruz Mar\u00eda Elena Ferral Hern\u00e1ndez, sobre todo ahora que se dict\u00f3 sentencia a tres de los participantes en el asesinato de la comunicadora.<br>En marzo pasado, al cumplirse tres a\u00f1os del asesinato de Mar\u00eda Elena Ferral, Article 19 promovi\u00f3 una conferencia de prensa en la Plaza Lerdo de la ciudad de Xalapa, donde participaron Mar\u00eda Fernanda de Luna Ferral, hija de la periodista victimada y Balbina Flores, representante en M\u00e9xico de la organizaci\u00f3n Reporteros sin Frontera.<br>Ahora que una jueza del Distrito Judicial de Poza Rica dict\u00f3 sentencia de 30 a\u00f1os de prisi\u00f3n a tres de los presuntos autores materiales involucrados en el asesinato de Ferral Hern\u00e1ndez, Article 19 se mantiene alerta para que dicha determinaci\u00f3n se mantenga y no sea rebatida como ya ha sucedido en el estado de Veracruz.<br><strong>PONE EL EJEMPLO \u2026<\/strong> El alcalde del municipio de Texistepec, Veracruz, V\u00edctor Manuel S\u00e1nchez Florentino, inici\u00f3 una campa\u00f1a para dotar de medicamentos a la ciudadan\u00eda que lo requiera, solicitando solamente copia de la receta en la que se especifique.<br>De entrada, los medicamentos que ofrece el presidente municipal son insulinas: glargina, Humalog, Humalog Mix, Clorafenicol gotas y medicamentos en general.<br>La insulina Gargina, es de las llamadas de acci\u00f3n prolongada y su costo es cercano a los 500 pesos, cantidad que no todos pueden pagar, por lo cual la acci\u00f3n del mun\u00edcipe de Texistepec es ejemplar y debiera ser imitada por otros gobernantes locales, aunque algunos mun\u00edcipes mejor se dedican apoyar campa\u00f1as de su partido pol\u00edtico, viajando con veh\u00edculos oficiales al Estado de M\u00e9xico, para beneficiar a la maestra Delfina, de Morena.<br>D\u00cdGALO SIN MIEDO \u2026 Al correo electr\u00f3nico guadalupehmar@yahoo.com<\/p>\n","protected":false},"excerpt":{"rendered":"<p>Guadalupe H. MarMira Pol\u00edtica OTROS DATOS \u2026 Alguien debiera decirle al gobernador del estado, el ingeniero mec\u00e1nico electricista Cuitl\u00e1huac Garc\u00eda Jim\u00e9nez, que en la misma zona de la ciudad de Veracruz donde sin que nadie se diera cuenta se levant\u00f3 una torre de m\u00e1s de 20 pisos, empresarios locales est\u00e1n preparando los terrenos y permisos [&hellip;]<\/p>\n","protected":false},"author":2,"featured_media":0,"comment_status":"closed","ping_status":"closed","sticky":false,"template":"","format":"standard","meta":{"tdm_status":"","tdm_grid_status":"","footnotes":""},"categories":[70],"tags":[1563,3344,18067,1026,19822,28944,195],"class_list":{"0":"post-106195","1":"post","2":"type-post","3":"status-publish","4":"format-standard","6":"category-de-opinion","7":"tag-cuitlahuac-garcia-jimenez","8":"tag-inah","9":"tag-maria-elena-ferral-hernandez","10":"tag-morena","11":"tag-poder-judicial-de-veracruz","12":"tag-torre-centro","13":"tag-veracruz"},"yoast_head":"<!-- This site is optimized with the Yoast SEO plugin v27.4 - https:\/\/yoast.com\/product\/yoast-seo-wordpress\/ -->\n<title>TORRES - Los pol\u00edticos Veracruz<\/title>\n<meta name=\"robots\" content=\"index, follow, max-snippet:-1, max-image-preview:large, max-video-preview:-1\" \/>\n<link rel=\"canonical\" href=\"https:\/\/lospoliticosveracruz.com\/?p=106195\" \/>\n<meta property=\"og:locale\" content=\"es_ES\" \/>\n<meta property=\"og:type\" content=\"article\" \/>\n<meta property=\"og:title\" content=\"TORRES - Los pol\u00edticos Veracruz\" \/>\n<meta property=\"og:description\" content=\"Guadalupe H. MarMira Pol\u00edtica OTROS DATOS \u2026 Alguien debiera decirle al gobernador del estado, el ingeniero mec\u00e1nico electricista Cuitl\u00e1huac Garc\u00eda Jim\u00e9nez, que en la misma zona de la ciudad de Veracruz donde sin que nadie se diera cuenta se levant\u00f3 una torre de m\u00e1s de 20 pisos, empresarios locales est\u00e1n preparando los terrenos y permisos [&hellip;]\" \/>\n<meta property=\"og:url\" content=\"https:\/\/lospoliticosveracruz.com\/?p=106195\" \/>\n<meta property=\"og:site_name\" content=\"Los pol\u00edticos Veracruz\" \/>\n<meta property=\"article:publisher\" content=\"https:\/\/www.facebook.com\/people\/Notimemes-de-los-Polticos\/61565672886568\/\" \/>\n<meta property=\"article:published_time\" content=\"2023-05-19T13:32:20+00:00\" \/>\n<meta property=\"article:modified_time\" content=\"2023-05-19T13:32:36+00:00\" \/>\n<meta property=\"og:image\" content=\"https:\/\/lospoliticosveracruz.com.mx\/wp-content\/uploads\/2023\/02\/Vinissimo.jpg\" \/>\n<meta name=\"author\" content=\"Lo viste en Los Pol\u00edticos\" \/>\n<meta name=\"twitter:card\" content=\"summary_large_image\" \/>\n<meta name=\"twitter:creator\" content=\"@LosPoliticosVer\" \/>\n<meta name=\"twitter:site\" content=\"@LosPoliticosVer\" \/>\n<meta name=\"twitter:label1\" content=\"Escrito por\" \/>\n\t<meta name=\"twitter:data1\" content=\"Lo viste en Los Pol\u00edticos\" \/>\n\t<meta name=\"twitter:label2\" content=\"Tiempo de lectura\" \/>\n\t<meta name=\"twitter:data2\" content=\"4 minutos\" \/>\n<script type=\"application\/ld+json\" class=\"yoast-schema-graph\">{\"@context\":\"https:\\\/\\\/schema.org\",\"@graph\":[{\"@type\":\"Article\",\"@id\":\"https:\\\/\\\/lospoliticosveracruz.com\\\/?p=106195#article\",\"isPartOf\":{\"@id\":\"https:\\\/\\\/lospoliticosveracruz.com\\\/?p=106195\"},\"author\":{\"name\":\"Lo viste en Los Pol\u00edticos\",\"@id\":\"https:\\\/\\\/lospoliticosveracruz.com\\\/#\\\/schema\\\/person\\\/b8702bb0e538456e6efd07080bf2a4a2\"},\"headline\":\"TORRES\",\"datePublished\":\"2023-05-19T13:32:20+00:00\",\"dateModified\":\"2023-05-19T13:32:36+00:00\",\"mainEntityOfPage\":{\"@id\":\"https:\\\/\\\/lospoliticosveracruz.com\\\/?p=106195\"},\"wordCount\":776,\"publisher\":{\"@id\":\"https:\\\/\\\/lospoliticosveracruz.com\\\/#organization\"},\"image\":{\"@id\":\"https:\\\/\\\/lospoliticosveracruz.com\\\/?p=106195#primaryimage\"},\"thumbnailUrl\":\"https:\\\/\\\/lospoliticosveracruz.com.mx\\\/wp-content\\\/uploads\\\/2023\\\/02\\\/Vinissimo.jpg\",\"keywords\":[\"Cuitl\u00e1huac Garc\u00eda Jim\u00e9nez\",\"INAH\",\"Mar\u00eda Elena Ferral Hern\u00e1ndez\",\"Morena\",\"Poder Judicial de Veracruz\",\"Torre Centro\",\"Veracruz\"],\"articleSection\":[\"De Opini\u00f3n\"],\"inLanguage\":\"es\"},{\"@type\":\"WebPage\",\"@id\":\"https:\\\/\\\/lospoliticosveracruz.com\\\/?p=106195\",\"url\":\"https:\\\/\\\/lospoliticosveracruz.com\\\/?p=106195\",\"name\":\"TORRES - Los pol\u00edticos Veracruz\",\"isPartOf\":{\"@id\":\"https:\\\/\\\/lospoliticosveracruz.com\\\/#website\"},\"primaryImageOfPage\":{\"@id\":\"https:\\\/\\\/lospoliticosveracruz.com\\\/?p=106195#primaryimage\"},\"image\":{\"@id\":\"https:\\\/\\\/lospoliticosveracruz.com\\\/?p=106195#primaryimage\"},\"thumbnailUrl\":\"https:\\\/\\\/lospoliticosveracruz.com.mx\\\/wp-content\\\/uploads\\\/2023\\\/02\\\/Vinissimo.jpg\",\"datePublished\":\"2023-05-19T13:32:20+00:00\",\"dateModified\":\"2023-05-19T13:32:36+00:00\",\"breadcrumb\":{\"@id\":\"https:\\\/\\\/lospoliticosveracruz.com\\\/?p=106195#breadcrumb\"},\"inLanguage\":\"es\",\"potentialAction\":[{\"@type\":\"ReadAction\",\"target\":[\"https:\\\/\\\/lospoliticosveracruz.com\\\/?p=106195\"]}]},{\"@type\":\"ImageObject\",\"inLanguage\":\"es\",\"@id\":\"https:\\\/\\\/lospoliticosveracruz.com\\\/?p=106195#primaryimage\",\"url\":\"https:\\\/\\\/lospoliticosveracruz.com.mx\\\/wp-content\\\/uploads\\\/2023\\\/02\\\/Vinissimo.jpg\",\"contentUrl\":\"https:\\\/\\\/lospoliticosveracruz.com.mx\\\/wp-content\\\/uploads\\\/2023\\\/02\\\/Vinissimo.jpg\"},{\"@type\":\"BreadcrumbList\",\"@id\":\"https:\\\/\\\/lospoliticosveracruz.com\\\/?p=106195#breadcrumb\",\"itemListElement\":[{\"@type\":\"ListItem\",\"position\":1,\"name\":\"Portada\",\"item\":\"https:\\\/\\\/lospoliticosveracruz.com\\\/\"},{\"@type\":\"ListItem\",\"position\":2,\"name\":\"TORRES\"}]},{\"@type\":\"WebSite\",\"@id\":\"https:\\\/\\\/lospoliticosveracruz.com\\\/#website\",\"url\":\"https:\\\/\\\/lospoliticosveracruz.com\\\/\",\"name\":\"Los pol\u00edticos Veracruz\",\"description\":\"\",\"publisher\":{\"@id\":\"https:\\\/\\\/lospoliticosveracruz.com\\\/#organization\"},\"potentialAction\":[{\"@type\":\"SearchAction\",\"target\":{\"@type\":\"EntryPoint\",\"urlTemplate\":\"https:\\\/\\\/lospoliticosveracruz.com\\\/?s={search_term_string}\"},\"query-input\":{\"@type\":\"PropertyValueSpecification\",\"valueRequired\":true,\"valueName\":\"search_term_string\"}}],\"inLanguage\":\"es\"},{\"@type\":\"Organization\",\"@id\":\"https:\\\/\\\/lospoliticosveracruz.com\\\/#organization\",\"name\":\"Los pol\u00edticos Veracruz\",\"url\":\"https:\\\/\\\/lospoliticosveracruz.com\\\/\",\"logo\":{\"@type\":\"ImageObject\",\"inLanguage\":\"es\",\"@id\":\"https:\\\/\\\/lospoliticosveracruz.com\\\/#\\\/schema\\\/logo\\\/image\\\/\",\"url\":\"https:\\\/\\\/lospoliticosveracruz.com\\\/wp-content\\\/uploads\\\/2025\\\/12\\\/Logo-Nuevo-LOS-POLITICOS-1.jpg\",\"contentUrl\":\"https:\\\/\\\/lospoliticosveracruz.com\\\/wp-content\\\/uploads\\\/2025\\\/12\\\/Logo-Nuevo-LOS-POLITICOS-1.jpg\",\"width\":260,\"height\":70,\"caption\":\"Los pol\u00edticos Veracruz\"},\"image\":{\"@id\":\"https:\\\/\\\/lospoliticosveracruz.com\\\/#\\\/schema\\\/logo\\\/image\\\/\"},\"sameAs\":[\"https:\\\/\\\/www.facebook.com\\\/people\\\/Notimemes-de-los-Polticos\\\/61565672886568\\\/\",\"https:\\\/\\\/x.com\\\/LosPoliticosVer\"]},{\"@type\":\"Person\",\"@id\":\"https:\\\/\\\/lospoliticosveracruz.com\\\/#\\\/schema\\\/person\\\/b8702bb0e538456e6efd07080bf2a4a2\",\"name\":\"Lo viste en Los Pol\u00edticos\",\"image\":{\"@type\":\"ImageObject\",\"inLanguage\":\"es\",\"@id\":\"https:\\\/\\\/secure.gravatar.com\\\/avatar\\\/3a8de04a2656d44082be478bd6c086daa447c4651605818287b9532d3d0bd435?s=96&d=mm&r=g\",\"url\":\"https:\\\/\\\/secure.gravatar.com\\\/avatar\\\/3a8de04a2656d44082be478bd6c086daa447c4651605818287b9532d3d0bd435?s=96&d=mm&r=g\",\"contentUrl\":\"https:\\\/\\\/secure.gravatar.com\\\/avatar\\\/3a8de04a2656d44082be478bd6c086daa447c4651605818287b9532d3d0bd435?s=96&d=mm&r=g\",\"caption\":\"Lo viste en Los Pol\u00edticos\"},\"url\":\"https:\\\/\\\/lospoliticosveracruz.com\\\/?author=2\"}]}<\/script>\n<!-- \/ Yoast SEO plugin. -->","yoast_head_json":{"title":"TORRES - Los pol\u00edticos Veracruz","robots":{"index":"index","follow":"follow","max-snippet":"max-snippet:-1","max-image-preview":"max-image-preview:large","max-video-preview":"max-video-preview:-1"},"canonical":"https:\/\/lospoliticosveracruz.com\/?p=106195","og_locale":"es_ES","og_type":"article","og_title":"TORRES - Los pol\u00edticos Veracruz","og_description":"Guadalupe H. MarMira Pol\u00edtica OTROS DATOS \u2026 Alguien debiera decirle al gobernador del estado, el ingeniero mec\u00e1nico electricista Cuitl\u00e1huac Garc\u00eda Jim\u00e9nez, que en la misma zona de la ciudad de Veracruz donde sin que nadie se diera cuenta se levant\u00f3 una torre de m\u00e1s de 20 pisos, empresarios locales est\u00e1n preparando los terrenos y permisos [&hellip;]","og_url":"https:\/\/lospoliticosveracruz.com\/?p=106195","og_site_name":"Los pol\u00edticos Veracruz","article_publisher":"https:\/\/www.facebook.com\/people\/Notimemes-de-los-Polticos\/61565672886568\/","article_published_time":"2023-05-19T13:32:20+00:00","article_modified_time":"2023-05-19T13:32:36+00:00","og_image":[{"url":"https:\/\/lospoliticosveracruz.com.mx\/wp-content\/uploads\/2023\/02\/Vinissimo.jpg","type":"","width":"","height":""}],"author":"Lo viste en Los Pol\u00edticos","twitter_card":"summary_large_image","twitter_creator":"@LosPoliticosVer","twitter_site":"@LosPoliticosVer","twitter_misc":{"Escrito por":"Lo viste en Los Pol\u00edticos","Tiempo de lectura":"4 minutos"},"schema":{"@context":"https:\/\/schema.org","@graph":[{"@type":"Article","@id":"https:\/\/lospoliticosveracruz.com\/?p=106195#article","isPartOf":{"@id":"https:\/\/lospoliticosveracruz.com\/?p=106195"},"author":{"name":"Lo viste en Los Pol\u00edticos","@id":"https:\/\/lospoliticosveracruz.com\/#\/schema\/person\/b8702bb0e538456e6efd07080bf2a4a2"},"headline":"TORRES","datePublished":"2023-05-19T13:32:20+00:00","dateModified":"2023-05-19T13:32:36+00:00","mainEntityOfPage":{"@id":"https:\/\/lospoliticosveracruz.com\/?p=106195"},"wordCount":776,"publisher":{"@id":"https:\/\/lospoliticosveracruz.com\/#organization"},"image":{"@id":"https:\/\/lospoliticosveracruz.com\/?p=106195#primaryimage"},"thumbnailUrl":"https:\/\/lospoliticosveracruz.com.mx\/wp-content\/uploads\/2023\/02\/Vinissimo.jpg","keywords":["Cuitl\u00e1huac Garc\u00eda Jim\u00e9nez","INAH","Mar\u00eda Elena Ferral Hern\u00e1ndez","Morena","Poder Judicial de Veracruz","Torre Centro","Veracruz"],"articleSection":["De Opini\u00f3n"],"inLanguage":"es"},{"@type":"WebPage","@id":"https:\/\/lospoliticosveracruz.com\/?p=106195","url":"https:\/\/lospoliticosveracruz.com\/?p=106195","name":"TORRES - Los pol\u00edticos Veracruz","isPartOf":{"@id":"https:\/\/lospoliticosveracruz.com\/#website"},"primaryImageOfPage":{"@id":"https:\/\/lospoliticosveracruz.com\/?p=106195#primaryimage"},"image":{"@id":"https:\/\/lospoliticosveracruz.com\/?p=106195#primaryimage"},"thumbnailUrl":"https:\/\/lospoliticosveracruz.com.mx\/wp-content\/uploads\/2023\/02\/Vinissimo.jpg","datePublished":"2023-05-19T13:32:20+00:00","dateModified":"2023-05-19T13:32:36+00:00","breadcrumb":{"@id":"https:\/\/lospoliticosveracruz.com\/?p=106195#breadcrumb"},"inLanguage":"es","potentialAction":[{"@type":"ReadAction","target":["https:\/\/lospoliticosveracruz.com\/?p=106195"]}]},{"@type":"ImageObject","inLanguage":"es","@id":"https:\/\/lospoliticosveracruz.com\/?p=106195#primaryimage","url":"https:\/\/lospoliticosveracruz.com.mx\/wp-content\/uploads\/2023\/02\/Vinissimo.jpg","contentUrl":"https:\/\/lospoliticosveracruz.com.mx\/wp-content\/uploads\/2023\/02\/Vinissimo.jpg"},{"@type":"BreadcrumbList","@id":"https:\/\/lospoliticosveracruz.com\/?p=106195#breadcrumb","itemListElement":[{"@type":"ListItem","position":1,"name":"Portada","item":"https:\/\/lospoliticosveracruz.com\/"},{"@type":"ListItem","position":2,"name":"TORRES"}]},{"@type":"WebSite","@id":"https:\/\/lospoliticosveracruz.com\/#website","url":"https:\/\/lospoliticosveracruz.com\/","name":"Los pol\u00edticos Veracruz","description":"","publisher":{"@id":"https:\/\/lospoliticosveracruz.com\/#organization"},"potentialAction":[{"@type":"SearchAction","target":{"@type":"EntryPoint","urlTemplate":"https:\/\/lospoliticosveracruz.com\/?s={search_term_string}"},"query-input":{"@type":"PropertyValueSpecification","valueRequired":true,"valueName":"search_term_string"}}],"inLanguage":"es"},{"@type":"Organization","@id":"https:\/\/lospoliticosveracruz.com\/#organization","name":"Los pol\u00edticos Veracruz","url":"https:\/\/lospoliticosveracruz.com\/","logo":{"@type":"ImageObject","inLanguage":"es","@id":"https:\/\/lospoliticosveracruz.com\/#\/schema\/logo\/image\/","url":"https:\/\/lospoliticosveracruz.com\/wp-content\/uploads\/2025\/12\/Logo-Nuevo-LOS-POLITICOS-1.jpg","contentUrl":"https:\/\/lospoliticosveracruz.com\/wp-content\/uploads\/2025\/12\/Logo-Nuevo-LOS-POLITICOS-1.jpg","width":260,"height":70,"caption":"Los pol\u00edticos Veracruz"},"image":{"@id":"https:\/\/lospoliticosveracruz.com\/#\/schema\/logo\/image\/"},"sameAs":["https:\/\/www.facebook.com\/people\/Notimemes-de-los-Polticos\/61565672886568\/","https:\/\/x.com\/LosPoliticosVer"]},{"@type":"Person","@id":"https:\/\/lospoliticosveracruz.com\/#\/schema\/person\/b8702bb0e538456e6efd07080bf2a4a2","name":"Lo viste en Los Pol\u00edticos","image":{"@type":"ImageObject","inLanguage":"es","@id":"https:\/\/secure.gravatar.com\/avatar\/3a8de04a2656d44082be478bd6c086daa447c4651605818287b9532d3d0bd435?s=96&d=mm&r=g","url":"https:\/\/secure.gravatar.com\/avatar\/3a8de04a2656d44082be478bd6c086daa447c4651605818287b9532d3d0bd435?s=96&d=mm&r=g","contentUrl":"https:\/\/secure.gravatar.com\/avatar\/3a8de04a2656d44082be478bd6c086daa447c4651605818287b9532d3d0bd435?s=96&d=mm&r=g","caption":"Lo viste en Los Pol\u00edticos"},"url":"https:\/\/lospoliticosveracruz.com\/?author=2"}]}},"_links":{"self":[{"href":"https:\/\/lospoliticosveracruz.com\/index.php?rest_route=\/wp\/v2\/posts\/106195","targetHints":{"allow":["GET"]}}],"collection":[{"href":"https:\/\/lospoliticosveracruz.com\/index.php?rest_route=\/wp\/v2\/posts"}],"about":[{"href":"https:\/\/lospoliticosveracruz.com\/index.php?rest_route=\/wp\/v2\/types\/post"}],"author":[{"embeddable":true,"href":"https:\/\/lospoliticosveracruz.com\/index.php?rest_route=\/wp\/v2\/users\/2"}],"replies":[{"embeddable":true,"href":"https:\/\/lospoliticosveracruz.com\/index.php?rest_route=%2Fwp%2Fv2%2Fcomments&post=106195"}],"version-history":[{"count":1,"href":"https:\/\/lospoliticosveracruz.com\/index.php?rest_route=\/wp\/v2\/posts\/106195\/revisions"}],"predecessor-version":[{"id":106196,"href":"https:\/\/lospoliticosveracruz.com\/index.php?rest_route=\/wp\/v2\/posts\/106195\/revisions\/106196"}],"wp:attachment":[{"href":"https:\/\/lospoliticosveracruz.com\/index.php?rest_route=%2Fwp%2Fv2%2Fmedia&parent=106195"}],"wp:term":[{"taxonomy":"category","embeddable":true,"href":"https:\/\/lospoliticosveracruz.com\/index.php?rest_route=%2Fwp%2Fv2%2Fcategories&post=106195"},{"taxonomy":"post_tag","embeddable":true,"href":"https:\/\/lospoliticosveracruz.com\/index.php?rest_route=%2Fwp%2Fv2%2Ftags&post=106195"}],"curies":[{"name":"wp","href":"https:\/\/api.w.org\/{rel}","templated":true}]}}