{"id":106200,"date":"2023-05-19T08:43:33","date_gmt":"2023-05-19T13:43:33","guid":{"rendered":"https:\/\/lospoliticosveracruz.com.mx\/?p=106200"},"modified":"2023-05-19T08:43:44","modified_gmt":"2023-05-19T13:43:44","slug":"desacato-y-corrupcion","status":"publish","type":"post","link":"https:\/\/lospoliticosveracruz.com\/?p=106200","title":{"rendered":"DESACATO Y CORRUPCI\u00d3N"},"content":{"rendered":"\n<p><strong>Felipe de Jes\u00fas Fern\u00e1ndez Basilio<br><\/strong><em>Desde a Janela<br><\/em><\/p>\n\n\n\n<p>\u201cYa solo restan un a\u00f1o, cuatro meses y doce d\u00edas para que se vaya a \u2026 su rancho\u201d<\/p>\n\n\n\n<p>Al momento de escribir estas l\u00edneas, est\u00e1 sucediendo algo in\u00e9dito en la historia de M\u00e9xico y es que el presidente de la rep\u00fablica est\u00e1 actuando en franco desacato a una sentencia de la Suprema Corte de Justicia de la Naci\u00f3n, lo cual, si no es frenado de inmediato, se puede convertir en una alteraci\u00f3n al orden constitucional que constituye un tipo de golpe de Estado.<\/p>\n\n\n<div class=\"wp-block-image\">\n<figure class=\"alignleft size-medium\"><a href=\"https:\/\/lospoliticosveracruz.com.mx\/wp-content\/uploads\/2021\/10\/Zacauilt.jpg\"><img decoding=\"async\" src=\"https:\/\/lospoliticosveracruz.com.mx\/wp-content\/uploads\/2021\/10\/Zacauilt-150x300.jpg\" alt=\"\" class=\"wp-image-80558\"\/><\/a><\/figure>\n<\/div>\n\n\n<p><br>En resumen, los hechos ocurrieron de la siguiente manera: la SCJN resuelve una controversia constitucional planteada por el INAI en contra de un decreto del presidente que ordena clasificar como informaci\u00f3n reservada, por ser de seguridad nacional, el monto de los gastos que se erogan en las obras que est\u00e1 llevando a cabo, tales como la refiner\u00eda del pantano y el trenecito destruye selvas.<br>Dicha resoluci\u00f3n, se bas\u00f3 en que un decreto es una norma de jerarqu\u00eda menor, la cual por su naturaleza no puede estar por encima de las de mayor jerarqu\u00eda como las leyes y ni se diga, la constituci\u00f3n, y es que, ese decreto iba en contra de los derechos humanos de petici\u00f3n, a la informaci\u00f3n y al principio de m\u00e1xima publicidad consagrados en la constituci\u00f3n, ya que al pretender reservar todo tipo de informaci\u00f3n relacionada con la obra p\u00fablica del gobierno federal, se vulneran los derechos humanos antes mencionados.<br>Al conocer el sentido de la resoluci\u00f3n, L\u00f3pez Obrador en lugar de acatarla, emite un nuevo decreto en el que vuelve a ordenar la reserva de la informaci\u00f3n relacionada con la obra p\u00fablica que ejecuta el gobierno federal, con lo cual, simplemente ignora a la SCJN y con ella, a la Constituci\u00f3n Pol\u00edtica de los Estados Unidos Mexicanos.<br>Acci\u00f3n que aqu\u00ed y en China es un golpe de Estado; ya que, aunque no se haga uso de la violencia para vulnerar a un poder u \u00f3rgano constitucionalmente aut\u00f3nomo, el simple hecho desobedecer una sentencia constitucional y salirse a la brava del marco legal, ya es un acto golpista en s\u00ed mismo.<br>Ahora bien, \u00bfPor qu\u00e9 el presidente y los secretarios de gobernaci\u00f3n, de la defensa y de marina (el primero por emitirlo y los segundos por refrendarlo), incurren en un acto tan abiertamente irracional?<br>Se puede decir que, porque el presidente es un intento fracasado de dictador que pretende que sus caprichos est\u00e9n por encima de cualquier otra autoridad o que es m\u00e1s h\u00e1bil que los ministros o incluso que ya est\u00e1 perdiendo la salud mental y por ello emite esos decretos.<br>Sin embargo, existe una raz\u00f3n mucho m\u00e1s poderosa para pretender mantener a toda costa la secrec\u00eda en la realizaci\u00f3n de la obra p\u00fablica y esa raz\u00f3n, es la inmensa corrupci\u00f3n que existe en la ejecuci\u00f3n de esos proyectos, s\u00ed, el motor que hace que el presidente y las fuerzas armadas act\u00faen con tal desesperaci\u00f3n, es ocultar los sobreprecios de las obras, la falta de permisos ambientales de los proyectos, el desv\u00edo de fondos en favor de los contratistas, de los pol\u00edticos y de algunos mandos militares vinculados a la auto mal llamada 4t.<br>Y ello es tan evidente, porque no se encuentra una sola raz\u00f3n l\u00f3gica para que el tren maya y el corredor interoce\u00e1nico del istmo de Tehuantepec, los aeropuertos de Tulum (in\u00fatil totalmente, porque est\u00e1 muy cerca el de Canc\u00fan que es enorme), Chetumal y Palenque sean consideradas como obras de seguridad nacional; ya que, para empezar, son obras de car\u00e1cter civil y, por tanto, toda informaci\u00f3n relacionada con ellas debe de ser p\u00fablica y para terminar, no existe enemigo alguno de la patria que se pudiera beneficiar con el descubrimiento de la informaci\u00f3n relacionada con esas obras p\u00fablicas.<br>Bueno s\u00ed, el \u00fanico enemigo de la naci\u00f3n mexicana es el gobierno que fomenta la opacidad con la finalidad de ocultar la corrupci\u00f3n que existe en las obras p\u00fablicas mencionadas; ya que no hay que olvidar que, si se quiere imponer al precio que sea la secrec\u00eda, es porque algo muy serio se necesita esconder a como d\u00e9 lugar.<br>El presidente que prometi\u00f3 eliminar la corrupci\u00f3n, es el mismo al que ante la inminencia del final de su mandato, le urge ocultar la escasa obra p\u00fablica realizada, porque las cuentas no le salen.<br>S\u00ed, la corrupci\u00f3n est\u00e1 desbocada y es la que provoca actos tan irracionales como el franco desacato a la constituci\u00f3n.<br>felfebas@gmail.com<br>Twitter: @FelipeFBasilio<\/p>\n","protected":false},"excerpt":{"rendered":"<p>Felipe de Jes\u00fas Fern\u00e1ndez BasilioDesde a Janela \u201cYa solo restan un a\u00f1o, cuatro meses y doce d\u00edas para que se vaya a \u2026 su rancho\u201d Al momento de escribir estas l\u00edneas, est\u00e1 sucediendo algo in\u00e9dito en la historia de M\u00e9xico y es que el presidente de la rep\u00fablica est\u00e1 actuando en franco desacato a una [&hellip;]<\/p>\n","protected":false},"author":2,"featured_media":0,"comment_status":"closed","ping_status":"closed","sticky":false,"template":"","format":"standard","meta":{"tdm_status":"","tdm_grid_status":"","footnotes":""},"categories":[70],"tags":[17426,12710,10310,3965],"class_list":{"0":"post-106200","1":"post","2":"type-post","3":"status-publish","4":"format-standard","6":"category-de-opinion","7":"tag-4t","8":"tag-felipe-de-jesus-fernandez-basilio","9":"tag-inai","10":"tag-scjn"},"yoast_head":"<!-- This site is optimized with the Yoast SEO plugin v27.4 - https:\/\/yoast.com\/product\/yoast-seo-wordpress\/ -->\n<title>DESACATO Y CORRUPCI\u00d3N - Los pol\u00edticos Veracruz<\/title>\n<meta name=\"robots\" content=\"index, follow, max-snippet:-1, max-image-preview:large, max-video-preview:-1\" \/>\n<link rel=\"canonical\" href=\"https:\/\/lospoliticosveracruz.com\/?p=106200\" \/>\n<meta property=\"og:locale\" content=\"es_ES\" \/>\n<meta property=\"og:type\" content=\"article\" \/>\n<meta property=\"og:title\" content=\"DESACATO Y CORRUPCI\u00d3N - Los pol\u00edticos Veracruz\" \/>\n<meta property=\"og:description\" content=\"Felipe de Jes\u00fas Fern\u00e1ndez BasilioDesde a Janela \u201cYa solo restan un a\u00f1o, cuatro meses y doce d\u00edas para que se vaya a \u2026 su rancho\u201d Al momento de escribir estas l\u00edneas, est\u00e1 sucediendo algo in\u00e9dito en la historia de M\u00e9xico y es que el presidente de la rep\u00fablica est\u00e1 actuando en franco desacato a una [&hellip;]\" \/>\n<meta property=\"og:url\" content=\"https:\/\/lospoliticosveracruz.com\/?p=106200\" \/>\n<meta property=\"og:site_name\" content=\"Los pol\u00edticos Veracruz\" \/>\n<meta property=\"article:publisher\" content=\"https:\/\/www.facebook.com\/people\/Notimemes-de-los-Polticos\/61565672886568\/\" \/>\n<meta property=\"article:published_time\" content=\"2023-05-19T13:43:33+00:00\" \/>\n<meta property=\"article:modified_time\" content=\"2023-05-19T13:43:44+00:00\" \/>\n<meta property=\"og:image\" content=\"https:\/\/lospoliticosveracruz.com.mx\/wp-content\/uploads\/2021\/10\/Zacauilt-150x300.jpg\" \/>\n<meta name=\"author\" content=\"Lo viste en Los Pol\u00edticos\" \/>\n<meta name=\"twitter:card\" content=\"summary_large_image\" \/>\n<meta name=\"twitter:creator\" content=\"@LosPoliticosVer\" \/>\n<meta name=\"twitter:site\" content=\"@LosPoliticosVer\" \/>\n<meta name=\"twitter:label1\" content=\"Escrito por\" \/>\n\t<meta name=\"twitter:data1\" content=\"Lo viste en Los Pol\u00edticos\" \/>\n\t<meta name=\"twitter:label2\" content=\"Tiempo de lectura\" \/>\n\t<meta name=\"twitter:data2\" content=\"4 minutos\" \/>\n<script type=\"application\/ld+json\" class=\"yoast-schema-graph\">{\"@context\":\"https:\\\/\\\/schema.org\",\"@graph\":[{\"@type\":\"Article\",\"@id\":\"https:\\\/\\\/lospoliticosveracruz.com\\\/?p=106200#article\",\"isPartOf\":{\"@id\":\"https:\\\/\\\/lospoliticosveracruz.com\\\/?p=106200\"},\"author\":{\"name\":\"Lo viste en Los Pol\u00edticos\",\"@id\":\"https:\\\/\\\/lospoliticosveracruz.com\\\/#\\\/schema\\\/person\\\/b8702bb0e538456e6efd07080bf2a4a2\"},\"headline\":\"DESACATO Y CORRUPCI\u00d3N\",\"datePublished\":\"2023-05-19T13:43:33+00:00\",\"dateModified\":\"2023-05-19T13:43:44+00:00\",\"mainEntityOfPage\":{\"@id\":\"https:\\\/\\\/lospoliticosveracruz.com\\\/?p=106200\"},\"wordCount\":811,\"publisher\":{\"@id\":\"https:\\\/\\\/lospoliticosveracruz.com\\\/#organization\"},\"image\":{\"@id\":\"https:\\\/\\\/lospoliticosveracruz.com\\\/?p=106200#primaryimage\"},\"thumbnailUrl\":\"https:\\\/\\\/lospoliticosveracruz.com.mx\\\/wp-content\\\/uploads\\\/2021\\\/10\\\/Zacauilt-150x300.jpg\",\"keywords\":[\"4T\",\"Felipe de Jes\u00fas Fern\u00e1ndez Basilio\",\"INAI\",\"SCJN\"],\"articleSection\":[\"De Opini\u00f3n\"],\"inLanguage\":\"es\"},{\"@type\":\"WebPage\",\"@id\":\"https:\\\/\\\/lospoliticosveracruz.com\\\/?p=106200\",\"url\":\"https:\\\/\\\/lospoliticosveracruz.com\\\/?p=106200\",\"name\":\"DESACATO Y CORRUPCI\u00d3N - Los pol\u00edticos Veracruz\",\"isPartOf\":{\"@id\":\"https:\\\/\\\/lospoliticosveracruz.com\\\/#website\"},\"primaryImageOfPage\":{\"@id\":\"https:\\\/\\\/lospoliticosveracruz.com\\\/?p=106200#primaryimage\"},\"image\":{\"@id\":\"https:\\\/\\\/lospoliticosveracruz.com\\\/?p=106200#primaryimage\"},\"thumbnailUrl\":\"https:\\\/\\\/lospoliticosveracruz.com.mx\\\/wp-content\\\/uploads\\\/2021\\\/10\\\/Zacauilt-150x300.jpg\",\"datePublished\":\"2023-05-19T13:43:33+00:00\",\"dateModified\":\"2023-05-19T13:43:44+00:00\",\"breadcrumb\":{\"@id\":\"https:\\\/\\\/lospoliticosveracruz.com\\\/?p=106200#breadcrumb\"},\"inLanguage\":\"es\",\"potentialAction\":[{\"@type\":\"ReadAction\",\"target\":[\"https:\\\/\\\/lospoliticosveracruz.com\\\/?p=106200\"]}]},{\"@type\":\"ImageObject\",\"inLanguage\":\"es\",\"@id\":\"https:\\\/\\\/lospoliticosveracruz.com\\\/?p=106200#primaryimage\",\"url\":\"https:\\\/\\\/lospoliticosveracruz.com.mx\\\/wp-content\\\/uploads\\\/2021\\\/10\\\/Zacauilt-150x300.jpg\",\"contentUrl\":\"https:\\\/\\\/lospoliticosveracruz.com.mx\\\/wp-content\\\/uploads\\\/2021\\\/10\\\/Zacauilt-150x300.jpg\"},{\"@type\":\"BreadcrumbList\",\"@id\":\"https:\\\/\\\/lospoliticosveracruz.com\\\/?p=106200#breadcrumb\",\"itemListElement\":[{\"@type\":\"ListItem\",\"position\":1,\"name\":\"Portada\",\"item\":\"https:\\\/\\\/lospoliticosveracruz.com\\\/\"},{\"@type\":\"ListItem\",\"position\":2,\"name\":\"DESACATO Y CORRUPCI\u00d3N\"}]},{\"@type\":\"WebSite\",\"@id\":\"https:\\\/\\\/lospoliticosveracruz.com\\\/#website\",\"url\":\"https:\\\/\\\/lospoliticosveracruz.com\\\/\",\"name\":\"Los pol\u00edticos Veracruz\",\"description\":\"\",\"publisher\":{\"@id\":\"https:\\\/\\\/lospoliticosveracruz.com\\\/#organization\"},\"potentialAction\":[{\"@type\":\"SearchAction\",\"target\":{\"@type\":\"EntryPoint\",\"urlTemplate\":\"https:\\\/\\\/lospoliticosveracruz.com\\\/?s={search_term_string}\"},\"query-input\":{\"@type\":\"PropertyValueSpecification\",\"valueRequired\":true,\"valueName\":\"search_term_string\"}}],\"inLanguage\":\"es\"},{\"@type\":\"Organization\",\"@id\":\"https:\\\/\\\/lospoliticosveracruz.com\\\/#organization\",\"name\":\"Los pol\u00edticos Veracruz\",\"url\":\"https:\\\/\\\/lospoliticosveracruz.com\\\/\",\"logo\":{\"@type\":\"ImageObject\",\"inLanguage\":\"es\",\"@id\":\"https:\\\/\\\/lospoliticosveracruz.com\\\/#\\\/schema\\\/logo\\\/image\\\/\",\"url\":\"https:\\\/\\\/lospoliticosveracruz.com\\\/wp-content\\\/uploads\\\/2025\\\/12\\\/Logo-Nuevo-LOS-POLITICOS-1.jpg\",\"contentUrl\":\"https:\\\/\\\/lospoliticosveracruz.com\\\/wp-content\\\/uploads\\\/2025\\\/12\\\/Logo-Nuevo-LOS-POLITICOS-1.jpg\",\"width\":260,\"height\":70,\"caption\":\"Los pol\u00edticos Veracruz\"},\"image\":{\"@id\":\"https:\\\/\\\/lospoliticosveracruz.com\\\/#\\\/schema\\\/logo\\\/image\\\/\"},\"sameAs\":[\"https:\\\/\\\/www.facebook.com\\\/people\\\/Notimemes-de-los-Polticos\\\/61565672886568\\\/\",\"https:\\\/\\\/x.com\\\/LosPoliticosVer\"]},{\"@type\":\"Person\",\"@id\":\"https:\\\/\\\/lospoliticosveracruz.com\\\/#\\\/schema\\\/person\\\/b8702bb0e538456e6efd07080bf2a4a2\",\"name\":\"Lo viste en Los Pol\u00edticos\",\"image\":{\"@type\":\"ImageObject\",\"inLanguage\":\"es\",\"@id\":\"https:\\\/\\\/secure.gravatar.com\\\/avatar\\\/3a8de04a2656d44082be478bd6c086daa447c4651605818287b9532d3d0bd435?s=96&d=mm&r=g\",\"url\":\"https:\\\/\\\/secure.gravatar.com\\\/avatar\\\/3a8de04a2656d44082be478bd6c086daa447c4651605818287b9532d3d0bd435?s=96&d=mm&r=g\",\"contentUrl\":\"https:\\\/\\\/secure.gravatar.com\\\/avatar\\\/3a8de04a2656d44082be478bd6c086daa447c4651605818287b9532d3d0bd435?s=96&d=mm&r=g\",\"caption\":\"Lo viste en Los Pol\u00edticos\"},\"url\":\"https:\\\/\\\/lospoliticosveracruz.com\\\/?author=2\"}]}<\/script>\n<!-- \/ Yoast SEO plugin. -->","yoast_head_json":{"title":"DESACATO Y CORRUPCI\u00d3N - Los pol\u00edticos Veracruz","robots":{"index":"index","follow":"follow","max-snippet":"max-snippet:-1","max-image-preview":"max-image-preview:large","max-video-preview":"max-video-preview:-1"},"canonical":"https:\/\/lospoliticosveracruz.com\/?p=106200","og_locale":"es_ES","og_type":"article","og_title":"DESACATO Y CORRUPCI\u00d3N - Los pol\u00edticos Veracruz","og_description":"Felipe de Jes\u00fas Fern\u00e1ndez BasilioDesde a Janela \u201cYa solo restan un a\u00f1o, cuatro meses y doce d\u00edas para que se vaya a \u2026 su rancho\u201d Al momento de escribir estas l\u00edneas, est\u00e1 sucediendo algo in\u00e9dito en la historia de M\u00e9xico y es que el presidente de la rep\u00fablica est\u00e1 actuando en franco desacato a una [&hellip;]","og_url":"https:\/\/lospoliticosveracruz.com\/?p=106200","og_site_name":"Los pol\u00edticos Veracruz","article_publisher":"https:\/\/www.facebook.com\/people\/Notimemes-de-los-Polticos\/61565672886568\/","article_published_time":"2023-05-19T13:43:33+00:00","article_modified_time":"2023-05-19T13:43:44+00:00","og_image":[{"url":"https:\/\/lospoliticosveracruz.com.mx\/wp-content\/uploads\/2021\/10\/Zacauilt-150x300.jpg","type":"","width":"","height":""}],"author":"Lo viste en Los Pol\u00edticos","twitter_card":"summary_large_image","twitter_creator":"@LosPoliticosVer","twitter_site":"@LosPoliticosVer","twitter_misc":{"Escrito por":"Lo viste en Los Pol\u00edticos","Tiempo de lectura":"4 minutos"},"schema":{"@context":"https:\/\/schema.org","@graph":[{"@type":"Article","@id":"https:\/\/lospoliticosveracruz.com\/?p=106200#article","isPartOf":{"@id":"https:\/\/lospoliticosveracruz.com\/?p=106200"},"author":{"name":"Lo viste en Los Pol\u00edticos","@id":"https:\/\/lospoliticosveracruz.com\/#\/schema\/person\/b8702bb0e538456e6efd07080bf2a4a2"},"headline":"DESACATO Y CORRUPCI\u00d3N","datePublished":"2023-05-19T13:43:33+00:00","dateModified":"2023-05-19T13:43:44+00:00","mainEntityOfPage":{"@id":"https:\/\/lospoliticosveracruz.com\/?p=106200"},"wordCount":811,"publisher":{"@id":"https:\/\/lospoliticosveracruz.com\/#organization"},"image":{"@id":"https:\/\/lospoliticosveracruz.com\/?p=106200#primaryimage"},"thumbnailUrl":"https:\/\/lospoliticosveracruz.com.mx\/wp-content\/uploads\/2021\/10\/Zacauilt-150x300.jpg","keywords":["4T","Felipe de Jes\u00fas Fern\u00e1ndez Basilio","INAI","SCJN"],"articleSection":["De Opini\u00f3n"],"inLanguage":"es"},{"@type":"WebPage","@id":"https:\/\/lospoliticosveracruz.com\/?p=106200","url":"https:\/\/lospoliticosveracruz.com\/?p=106200","name":"DESACATO Y CORRUPCI\u00d3N - Los pol\u00edticos Veracruz","isPartOf":{"@id":"https:\/\/lospoliticosveracruz.com\/#website"},"primaryImageOfPage":{"@id":"https:\/\/lospoliticosveracruz.com\/?p=106200#primaryimage"},"image":{"@id":"https:\/\/lospoliticosveracruz.com\/?p=106200#primaryimage"},"thumbnailUrl":"https:\/\/lospoliticosveracruz.com.mx\/wp-content\/uploads\/2021\/10\/Zacauilt-150x300.jpg","datePublished":"2023-05-19T13:43:33+00:00","dateModified":"2023-05-19T13:43:44+00:00","breadcrumb":{"@id":"https:\/\/lospoliticosveracruz.com\/?p=106200#breadcrumb"},"inLanguage":"es","potentialAction":[{"@type":"ReadAction","target":["https:\/\/lospoliticosveracruz.com\/?p=106200"]}]},{"@type":"ImageObject","inLanguage":"es","@id":"https:\/\/lospoliticosveracruz.com\/?p=106200#primaryimage","url":"https:\/\/lospoliticosveracruz.com.mx\/wp-content\/uploads\/2021\/10\/Zacauilt-150x300.jpg","contentUrl":"https:\/\/lospoliticosveracruz.com.mx\/wp-content\/uploads\/2021\/10\/Zacauilt-150x300.jpg"},{"@type":"BreadcrumbList","@id":"https:\/\/lospoliticosveracruz.com\/?p=106200#breadcrumb","itemListElement":[{"@type":"ListItem","position":1,"name":"Portada","item":"https:\/\/lospoliticosveracruz.com\/"},{"@type":"ListItem","position":2,"name":"DESACATO Y CORRUPCI\u00d3N"}]},{"@type":"WebSite","@id":"https:\/\/lospoliticosveracruz.com\/#website","url":"https:\/\/lospoliticosveracruz.com\/","name":"Los pol\u00edticos Veracruz","description":"","publisher":{"@id":"https:\/\/lospoliticosveracruz.com\/#organization"},"potentialAction":[{"@type":"SearchAction","target":{"@type":"EntryPoint","urlTemplate":"https:\/\/lospoliticosveracruz.com\/?s={search_term_string}"},"query-input":{"@type":"PropertyValueSpecification","valueRequired":true,"valueName":"search_term_string"}}],"inLanguage":"es"},{"@type":"Organization","@id":"https:\/\/lospoliticosveracruz.com\/#organization","name":"Los pol\u00edticos Veracruz","url":"https:\/\/lospoliticosveracruz.com\/","logo":{"@type":"ImageObject","inLanguage":"es","@id":"https:\/\/lospoliticosveracruz.com\/#\/schema\/logo\/image\/","url":"https:\/\/lospoliticosveracruz.com\/wp-content\/uploads\/2025\/12\/Logo-Nuevo-LOS-POLITICOS-1.jpg","contentUrl":"https:\/\/lospoliticosveracruz.com\/wp-content\/uploads\/2025\/12\/Logo-Nuevo-LOS-POLITICOS-1.jpg","width":260,"height":70,"caption":"Los pol\u00edticos Veracruz"},"image":{"@id":"https:\/\/lospoliticosveracruz.com\/#\/schema\/logo\/image\/"},"sameAs":["https:\/\/www.facebook.com\/people\/Notimemes-de-los-Polticos\/61565672886568\/","https:\/\/x.com\/LosPoliticosVer"]},{"@type":"Person","@id":"https:\/\/lospoliticosveracruz.com\/#\/schema\/person\/b8702bb0e538456e6efd07080bf2a4a2","name":"Lo viste en Los Pol\u00edticos","image":{"@type":"ImageObject","inLanguage":"es","@id":"https:\/\/secure.gravatar.com\/avatar\/3a8de04a2656d44082be478bd6c086daa447c4651605818287b9532d3d0bd435?s=96&d=mm&r=g","url":"https:\/\/secure.gravatar.com\/avatar\/3a8de04a2656d44082be478bd6c086daa447c4651605818287b9532d3d0bd435?s=96&d=mm&r=g","contentUrl":"https:\/\/secure.gravatar.com\/avatar\/3a8de04a2656d44082be478bd6c086daa447c4651605818287b9532d3d0bd435?s=96&d=mm&r=g","caption":"Lo viste en Los Pol\u00edticos"},"url":"https:\/\/lospoliticosveracruz.com\/?author=2"}]}},"_links":{"self":[{"href":"https:\/\/lospoliticosveracruz.com\/index.php?rest_route=\/wp\/v2\/posts\/106200","targetHints":{"allow":["GET"]}}],"collection":[{"href":"https:\/\/lospoliticosveracruz.com\/index.php?rest_route=\/wp\/v2\/posts"}],"about":[{"href":"https:\/\/lospoliticosveracruz.com\/index.php?rest_route=\/wp\/v2\/types\/post"}],"author":[{"embeddable":true,"href":"https:\/\/lospoliticosveracruz.com\/index.php?rest_route=\/wp\/v2\/users\/2"}],"replies":[{"embeddable":true,"href":"https:\/\/lospoliticosveracruz.com\/index.php?rest_route=%2Fwp%2Fv2%2Fcomments&post=106200"}],"version-history":[{"count":1,"href":"https:\/\/lospoliticosveracruz.com\/index.php?rest_route=\/wp\/v2\/posts\/106200\/revisions"}],"predecessor-version":[{"id":106201,"href":"https:\/\/lospoliticosveracruz.com\/index.php?rest_route=\/wp\/v2\/posts\/106200\/revisions\/106201"}],"wp:attachment":[{"href":"https:\/\/lospoliticosveracruz.com\/index.php?rest_route=%2Fwp%2Fv2%2Fmedia&parent=106200"}],"wp:term":[{"taxonomy":"category","embeddable":true,"href":"https:\/\/lospoliticosveracruz.com\/index.php?rest_route=%2Fwp%2Fv2%2Fcategories&post=106200"},{"taxonomy":"post_tag","embeddable":true,"href":"https:\/\/lospoliticosveracruz.com\/index.php?rest_route=%2Fwp%2Fv2%2Ftags&post=106200"}],"curies":[{"name":"wp","href":"https:\/\/api.w.org\/{rel}","templated":true}]}}