{"id":106202,"date":"2023-05-19T08:47:48","date_gmt":"2023-05-19T13:47:48","guid":{"rendered":"https:\/\/lospoliticosveracruz.com.mx\/?p=106202"},"modified":"2023-05-19T08:48:12","modified_gmt":"2023-05-19T13:48:12","slug":"lama-la-atencion-pepe-al-servilismo-del-poder-judicial","status":"publish","type":"post","link":"https:\/\/lospoliticosveracruz.com\/?p=106202","title":{"rendered":"LLAMA LA ATENCI\u00d3N PEPE al servilismo del Poder Judicial"},"content":{"rendered":"\n<p><strong>Bernardo Guti\u00e9rrez Parra<br><\/strong><em>Desde el Caf\u00e9 <\/em><\/p>\n\n\n\n<p><em><br><\/em>El gobernador Cuitl\u00e1huac Garc\u00eda sabe que miente, pero es tan corto de entendederas el pobrecito que piensa que le creemos sus mentiras. Cada que puede repite que desde que impuso a Ver\u00f3nica Hern\u00e1ndez Giad\u00e1ns como Fiscal estatal, los delincuentes la piensan dos veces antes de cometer sus fechor\u00edas, cuando lo cierto es que la delincuencia anda bien desatada.<\/p>\n\n\n<div class=\"wp-block-image\">\n<figure class=\"alignleft size-medium\"><a href=\"https:\/\/lospoliticosveracruz.com.mx\/wp-content\/uploads\/2021\/10\/WhatsApp-Image-2021-10-02-at-15.20.25.jpeg\"><img loading=\"lazy\" decoding=\"async\" width=\"212\" height=\"300\" src=\"https:\/\/lospoliticosveracruz.com.mx\/wp-content\/uploads\/2021\/10\/WhatsApp-Image-2021-10-02-at-15.20.25-212x300.jpeg\" alt=\"\" class=\"wp-image-80177\" srcset=\"https:\/\/lospoliticosveracruz.com\/wp-content\/uploads\/2021\/10\/WhatsApp-Image-2021-10-02-at-15.20.25-212x300.jpeg 212w, https:\/\/lospoliticosveracruz.com\/wp-content\/uploads\/2021\/10\/WhatsApp-Image-2021-10-02-at-15.20.25-724x1024.jpeg 724w, https:\/\/lospoliticosveracruz.com\/wp-content\/uploads\/2021\/10\/WhatsApp-Image-2021-10-02-at-15.20.25-768x1086.jpeg 768w, https:\/\/lospoliticosveracruz.com\/wp-content\/uploads\/2021\/10\/WhatsApp-Image-2021-10-02-at-15.20.25.jpeg 905w\" sizes=\"auto, (max-width: 212px) 100vw, 212px\" \/><\/a><\/figure>\n<\/div>\n\n\n<p>Meses fueron los que se pas\u00f3 diciendo que el anterior Fiscal Jorge Winckler era un inepto y corrupto que ten\u00eda nexos con la delincuencia. Hasta que lo destituy\u00f3 a la mala y puso en su lugar a Ver\u00f3nica que tiene una prima hermana delincuente, es una inepta y est\u00e1 a lo que \u00e9l le ordene.<\/p>\n\n\n\n<p>El Poder Judicial, todo el Poder Judicial, tiene la misma autonom\u00eda que un ni\u00f1o de pecho. Y para muestra el bot\u00f3n de su presidenta Lisbeth Jim\u00e9nez Aguirre, impuesta por el gobernador\u2026 y a las \u00f3rdenes del se\u00f1or gobernador.<\/p>\n\n\n\n<p>Si alguien duda que Morena lleg\u00f3 a Veracruz para hacer su cacareada transformaci\u00f3n, que vaya a cualquier juzgado para que vea a los jueces (salvo honrosas excepciones) \u201ctransformando\u201d a la justicia. \u201cSi no has cometido ning\u00fan delito te lo inventan y te encarcelan. Si tumbas la acusaci\u00f3n basado en la ley, te inventan otro delito y si se los tumbas te inventan otro y otro y as\u00ed hasta el infinito\u201d.<\/p>\n\n\n\n<p>El abuso de autoridad y la impunidad van de la mano, pero la impunidad es la reina.<\/p>\n\n\n\n<p>En Veracruz los feminicidios son cosa de casi todos los d\u00edas, lo mismo que la impunidad con la que se pasean los feminicidas.<\/p>\n\n\n\n<p>Si se han disparado los asesinatos dolosos, secuestros, levantones y robos, es porque los delincuentes saben que la Fiscal\u00eda Estatal les pela los dientes y en el mejor de los casos (para ellos), detendr\u00e1 a cualquier hijo de vecino al que le cargar\u00e1 el asesinato, el robo o el secuestro.<\/p>\n\n\n\n<p>Esa es la justicia, la nueva y \u201ctransformadora\u201d justicia que impera en Veracruz y que padecen cientos en c\u00e1rceles de la entidad.<\/p>\n\n\n\n<p>Quiz\u00e1 por lo anterior, el legislador federal Jos\u00e9 Francisco Yunes Zorrilla, dijo que la independencia de la Suprema Corte es determinante para eliminar la impunidad cercana al 96 por ciento que existe en Veracruz y el pa\u00eds.<\/p>\n\n\n\n<p>En reuni\u00f3n con abogados en el municipio de Banderilla, Pepe asegur\u00f3 que solo as\u00ed se podr\u00e1 extirpar cualquier intenci\u00f3n de autoritarismo. \u201cEs clave dejar perfectamente en claro que, si no se logra abatir la impunidad, si no se logra en el ejercicio real imponer el marco de derecho, si no hay claridad de que el crimen que se comete debe tener una coacci\u00f3n y debe tener un castigo, todos los males p\u00fablicos de los que nos quejamos seguir\u00e1n existiendo\u201d.<\/p>\n\n\n\n<p>Pepe pidi\u00f3 a la sociedad y a los abogados, generar un conjunto de modificaciones que le den autonom\u00eda al Poder Judicial y logren resolver los problemas de impunidad de manera contundente en beneficio de los veracruzanos.<\/p>\n\n\n\n<p>Dijo que una de las soluciones para enfrentar el problema es fortalecer a las fiscal\u00edas y en su condici\u00f3n de autonom\u00eda, ya que en la actualidad se cumplen excesos ligados a intereses pol\u00edticos de turno. \u201cDebemos entender cu\u00e1l es el acompa\u00f1amiento presupuestal que necesitan la Fiscal\u00eda y el Poder Judicial, c\u00f3mo podemos brindarlos de las tentaciones y c\u00f3mo podemos darle lo suficiente para que puedan cumplir con su importante tarea de manera eficiente\u201d.<\/p>\n\n\n\n<p>Sobre el fallo de la Corte que invalid\u00f3 el \u201cdecretazo\u201d de AMLO con el que pretend\u00eda la reserva de informaci\u00f3n sobre sus proyectos estrat\u00e9gicos, Yunes Zorrilla manifest\u00f3: \u201cSe hizo valer el estado de derecho y hay que reconocerlo. Una de las prioridades que tiene la sociedad mexicana es la transparencia, no puede reutilizarse el recurso de la seguridad nacional para no dar cuentas del uso de los recursos p\u00fablicos y en ese sentido la SCJN cumple con su funci\u00f3n y as\u00ed hay que decirlo. Su funci\u00f3n y su fallo son acordes a lo que est\u00e1n demandando los mexicanos. Uno de los puntos m\u00e1s importantes que necesita Veracruz es restablecer el estado de derecho, eliminar la corrupci\u00f3n y hacer efectivas las libertades\u201d.<\/p>\n\n\n\n<p>Las declaraciones de Pepe Yunes son un firme y rotundo llamado de atenci\u00f3n al Poder Judicial de Veracruz que si bien nunca ha sido aut\u00f3nomo en su totalidad, jam\u00e1s fue tan corrupto, tan servil, ni estuvo tan a los pies del Ejecutivo estatal como en la actualidad.<\/p>\n\n\n\n<p>bernardogup@hotmail.com<\/p>\n","protected":false},"excerpt":{"rendered":"<p>Bernardo Guti\u00e9rrez ParraDesde el Caf\u00e9 El gobernador Cuitl\u00e1huac Garc\u00eda sabe que miente, pero es tan corto de entendederas el pobrecito que piensa que le creemos sus mentiras. Cada que puede repite que desde que impuso a Ver\u00f3nica Hern\u00e1ndez Giad\u00e1ns como Fiscal estatal, los delincuentes la piensan dos veces antes de cometer sus fechor\u00edas, cuando lo [&hellip;]<\/p>\n","protected":false},"author":2,"featured_media":0,"comment_status":"closed","ping_status":"closed","sticky":false,"template":"","format":"standard","meta":{"tdm_status":"","tdm_grid_status":"","footnotes":""},"categories":[70],"tags":[1563,826,6869,1846,38188,1026,195,15165],"class_list":{"0":"post-106202","1":"post","2":"type-post","3":"status-publish","4":"format-standard","6":"category-de-opinion","7":"tag-cuitlahuac-garcia-jimenez","8":"tag-feminicidios","9":"tag-jorge-winckler","10":"tag-jose-francisco-yunes-zorrilla","11":"tag-lisbeth-jimenez-aguirre","12":"tag-morena","13":"tag-veracruz","14":"tag-veronica-hernandez-giadans"},"yoast_head":"<!-- This site is optimized with the Yoast SEO plugin v27.4 - https:\/\/yoast.com\/product\/yoast-seo-wordpress\/ -->\n<title>LLAMA LA ATENCI\u00d3N PEPE al servilismo del Poder Judicial - Los pol\u00edticos Veracruz<\/title>\n<meta name=\"robots\" content=\"index, follow, max-snippet:-1, max-image-preview:large, max-video-preview:-1\" \/>\n<link rel=\"canonical\" href=\"https:\/\/lospoliticosveracruz.com\/?p=106202\" \/>\n<meta property=\"og:locale\" content=\"es_ES\" \/>\n<meta property=\"og:type\" content=\"article\" \/>\n<meta property=\"og:title\" content=\"LLAMA LA ATENCI\u00d3N PEPE al servilismo del Poder Judicial - Los pol\u00edticos Veracruz\" \/>\n<meta property=\"og:description\" content=\"Bernardo Guti\u00e9rrez ParraDesde el Caf\u00e9 El gobernador Cuitl\u00e1huac Garc\u00eda sabe que miente, pero es tan corto de entendederas el pobrecito que piensa que le creemos sus mentiras. Cada que puede repite que desde que impuso a Ver\u00f3nica Hern\u00e1ndez Giad\u00e1ns como Fiscal estatal, los delincuentes la piensan dos veces antes de cometer sus fechor\u00edas, cuando lo [&hellip;]\" \/>\n<meta property=\"og:url\" content=\"https:\/\/lospoliticosveracruz.com\/?p=106202\" \/>\n<meta property=\"og:site_name\" content=\"Los pol\u00edticos Veracruz\" \/>\n<meta property=\"article:publisher\" content=\"https:\/\/www.facebook.com\/people\/Notimemes-de-los-Polticos\/61565672886568\/\" \/>\n<meta property=\"article:published_time\" content=\"2023-05-19T13:47:48+00:00\" \/>\n<meta property=\"article:modified_time\" content=\"2023-05-19T13:48:12+00:00\" \/>\n<meta property=\"og:image\" content=\"https:\/\/lospoliticosveracruz.com.mx\/wp-content\/uploads\/2021\/10\/WhatsApp-Image-2021-10-02-at-15.20.25-212x300.jpeg\" \/>\n<meta name=\"author\" content=\"Lo viste en Los Pol\u00edticos\" \/>\n<meta name=\"twitter:card\" content=\"summary_large_image\" \/>\n<meta name=\"twitter:creator\" content=\"@LosPoliticosVer\" \/>\n<meta name=\"twitter:site\" content=\"@LosPoliticosVer\" \/>\n<meta name=\"twitter:label1\" content=\"Escrito por\" \/>\n\t<meta name=\"twitter:data1\" content=\"Lo viste en Los Pol\u00edticos\" \/>\n\t<meta name=\"twitter:label2\" content=\"Tiempo de lectura\" \/>\n\t<meta name=\"twitter:data2\" content=\"4 minutos\" \/>\n<script type=\"application\/ld+json\" class=\"yoast-schema-graph\">{\"@context\":\"https:\\\/\\\/schema.org\",\"@graph\":[{\"@type\":\"Article\",\"@id\":\"https:\\\/\\\/lospoliticosveracruz.com\\\/?p=106202#article\",\"isPartOf\":{\"@id\":\"https:\\\/\\\/lospoliticosveracruz.com\\\/?p=106202\"},\"author\":{\"name\":\"Lo viste en Los Pol\u00edticos\",\"@id\":\"https:\\\/\\\/lospoliticosveracruz.com\\\/#\\\/schema\\\/person\\\/b8702bb0e538456e6efd07080bf2a4a2\"},\"headline\":\"LLAMA LA ATENCI\u00d3N PEPE al servilismo del Poder Judicial\",\"datePublished\":\"2023-05-19T13:47:48+00:00\",\"dateModified\":\"2023-05-19T13:48:12+00:00\",\"mainEntityOfPage\":{\"@id\":\"https:\\\/\\\/lospoliticosveracruz.com\\\/?p=106202\"},\"wordCount\":792,\"publisher\":{\"@id\":\"https:\\\/\\\/lospoliticosveracruz.com\\\/#organization\"},\"image\":{\"@id\":\"https:\\\/\\\/lospoliticosveracruz.com\\\/?p=106202#primaryimage\"},\"thumbnailUrl\":\"https:\\\/\\\/lospoliticosveracruz.com.mx\\\/wp-content\\\/uploads\\\/2021\\\/10\\\/WhatsApp-Image-2021-10-02-at-15.20.25-212x300.jpeg\",\"keywords\":[\"Cuitl\u00e1huac Garc\u00eda Jim\u00e9nez\",\"feminicidios\",\"Jorge Winckler\",\"Jos\u00e9 Francisco Yunes Zorrilla\",\"Lisbeth Jim\u00e9nez Aguirre\",\"Morena\",\"Veracruz\",\"Ver\u00f3nica Hern\u00e1ndez Giad\u00e1ns\"],\"articleSection\":[\"De Opini\u00f3n\"],\"inLanguage\":\"es\"},{\"@type\":\"WebPage\",\"@id\":\"https:\\\/\\\/lospoliticosveracruz.com\\\/?p=106202\",\"url\":\"https:\\\/\\\/lospoliticosveracruz.com\\\/?p=106202\",\"name\":\"LLAMA LA ATENCI\u00d3N PEPE al servilismo del Poder Judicial - Los pol\u00edticos Veracruz\",\"isPartOf\":{\"@id\":\"https:\\\/\\\/lospoliticosveracruz.com\\\/#website\"},\"primaryImageOfPage\":{\"@id\":\"https:\\\/\\\/lospoliticosveracruz.com\\\/?p=106202#primaryimage\"},\"image\":{\"@id\":\"https:\\\/\\\/lospoliticosveracruz.com\\\/?p=106202#primaryimage\"},\"thumbnailUrl\":\"https:\\\/\\\/lospoliticosveracruz.com.mx\\\/wp-content\\\/uploads\\\/2021\\\/10\\\/WhatsApp-Image-2021-10-02-at-15.20.25-212x300.jpeg\",\"datePublished\":\"2023-05-19T13:47:48+00:00\",\"dateModified\":\"2023-05-19T13:48:12+00:00\",\"breadcrumb\":{\"@id\":\"https:\\\/\\\/lospoliticosveracruz.com\\\/?p=106202#breadcrumb\"},\"inLanguage\":\"es\",\"potentialAction\":[{\"@type\":\"ReadAction\",\"target\":[\"https:\\\/\\\/lospoliticosveracruz.com\\\/?p=106202\"]}]},{\"@type\":\"ImageObject\",\"inLanguage\":\"es\",\"@id\":\"https:\\\/\\\/lospoliticosveracruz.com\\\/?p=106202#primaryimage\",\"url\":\"https:\\\/\\\/lospoliticosveracruz.com.mx\\\/wp-content\\\/uploads\\\/2021\\\/10\\\/WhatsApp-Image-2021-10-02-at-15.20.25-212x300.jpeg\",\"contentUrl\":\"https:\\\/\\\/lospoliticosveracruz.com.mx\\\/wp-content\\\/uploads\\\/2021\\\/10\\\/WhatsApp-Image-2021-10-02-at-15.20.25-212x300.jpeg\"},{\"@type\":\"BreadcrumbList\",\"@id\":\"https:\\\/\\\/lospoliticosveracruz.com\\\/?p=106202#breadcrumb\",\"itemListElement\":[{\"@type\":\"ListItem\",\"position\":1,\"name\":\"Portada\",\"item\":\"https:\\\/\\\/lospoliticosveracruz.com\\\/\"},{\"@type\":\"ListItem\",\"position\":2,\"name\":\"LLAMA LA ATENCI\u00d3N PEPE al servilismo del Poder Judicial\"}]},{\"@type\":\"WebSite\",\"@id\":\"https:\\\/\\\/lospoliticosveracruz.com\\\/#website\",\"url\":\"https:\\\/\\\/lospoliticosveracruz.com\\\/\",\"name\":\"Los pol\u00edticos Veracruz\",\"description\":\"\",\"publisher\":{\"@id\":\"https:\\\/\\\/lospoliticosveracruz.com\\\/#organization\"},\"potentialAction\":[{\"@type\":\"SearchAction\",\"target\":{\"@type\":\"EntryPoint\",\"urlTemplate\":\"https:\\\/\\\/lospoliticosveracruz.com\\\/?s={search_term_string}\"},\"query-input\":{\"@type\":\"PropertyValueSpecification\",\"valueRequired\":true,\"valueName\":\"search_term_string\"}}],\"inLanguage\":\"es\"},{\"@type\":\"Organization\",\"@id\":\"https:\\\/\\\/lospoliticosveracruz.com\\\/#organization\",\"name\":\"Los pol\u00edticos Veracruz\",\"url\":\"https:\\\/\\\/lospoliticosveracruz.com\\\/\",\"logo\":{\"@type\":\"ImageObject\",\"inLanguage\":\"es\",\"@id\":\"https:\\\/\\\/lospoliticosveracruz.com\\\/#\\\/schema\\\/logo\\\/image\\\/\",\"url\":\"https:\\\/\\\/lospoliticosveracruz.com\\\/wp-content\\\/uploads\\\/2025\\\/12\\\/Logo-Nuevo-LOS-POLITICOS-1.jpg\",\"contentUrl\":\"https:\\\/\\\/lospoliticosveracruz.com\\\/wp-content\\\/uploads\\\/2025\\\/12\\\/Logo-Nuevo-LOS-POLITICOS-1.jpg\",\"width\":260,\"height\":70,\"caption\":\"Los pol\u00edticos Veracruz\"},\"image\":{\"@id\":\"https:\\\/\\\/lospoliticosveracruz.com\\\/#\\\/schema\\\/logo\\\/image\\\/\"},\"sameAs\":[\"https:\\\/\\\/www.facebook.com\\\/people\\\/Notimemes-de-los-Polticos\\\/61565672886568\\\/\",\"https:\\\/\\\/x.com\\\/LosPoliticosVer\"]},{\"@type\":\"Person\",\"@id\":\"https:\\\/\\\/lospoliticosveracruz.com\\\/#\\\/schema\\\/person\\\/b8702bb0e538456e6efd07080bf2a4a2\",\"name\":\"Lo viste en Los Pol\u00edticos\",\"image\":{\"@type\":\"ImageObject\",\"inLanguage\":\"es\",\"@id\":\"https:\\\/\\\/secure.gravatar.com\\\/avatar\\\/3a8de04a2656d44082be478bd6c086daa447c4651605818287b9532d3d0bd435?s=96&d=mm&r=g\",\"url\":\"https:\\\/\\\/secure.gravatar.com\\\/avatar\\\/3a8de04a2656d44082be478bd6c086daa447c4651605818287b9532d3d0bd435?s=96&d=mm&r=g\",\"contentUrl\":\"https:\\\/\\\/secure.gravatar.com\\\/avatar\\\/3a8de04a2656d44082be478bd6c086daa447c4651605818287b9532d3d0bd435?s=96&d=mm&r=g\",\"caption\":\"Lo viste en Los Pol\u00edticos\"},\"url\":\"https:\\\/\\\/lospoliticosveracruz.com\\\/?author=2\"}]}<\/script>\n<!-- \/ Yoast SEO plugin. -->","yoast_head_json":{"title":"LLAMA LA ATENCI\u00d3N PEPE al servilismo del Poder Judicial - Los pol\u00edticos Veracruz","robots":{"index":"index","follow":"follow","max-snippet":"max-snippet:-1","max-image-preview":"max-image-preview:large","max-video-preview":"max-video-preview:-1"},"canonical":"https:\/\/lospoliticosveracruz.com\/?p=106202","og_locale":"es_ES","og_type":"article","og_title":"LLAMA LA ATENCI\u00d3N PEPE al servilismo del Poder Judicial - Los pol\u00edticos Veracruz","og_description":"Bernardo Guti\u00e9rrez ParraDesde el Caf\u00e9 El gobernador Cuitl\u00e1huac Garc\u00eda sabe que miente, pero es tan corto de entendederas el pobrecito que piensa que le creemos sus mentiras. Cada que puede repite que desde que impuso a Ver\u00f3nica Hern\u00e1ndez Giad\u00e1ns como Fiscal estatal, los delincuentes la piensan dos veces antes de cometer sus fechor\u00edas, cuando lo [&hellip;]","og_url":"https:\/\/lospoliticosveracruz.com\/?p=106202","og_site_name":"Los pol\u00edticos Veracruz","article_publisher":"https:\/\/www.facebook.com\/people\/Notimemes-de-los-Polticos\/61565672886568\/","article_published_time":"2023-05-19T13:47:48+00:00","article_modified_time":"2023-05-19T13:48:12+00:00","og_image":[{"url":"https:\/\/lospoliticosveracruz.com.mx\/wp-content\/uploads\/2021\/10\/WhatsApp-Image-2021-10-02-at-15.20.25-212x300.jpeg","type":"","width":"","height":""}],"author":"Lo viste en Los Pol\u00edticos","twitter_card":"summary_large_image","twitter_creator":"@LosPoliticosVer","twitter_site":"@LosPoliticosVer","twitter_misc":{"Escrito por":"Lo viste en Los Pol\u00edticos","Tiempo de lectura":"4 minutos"},"schema":{"@context":"https:\/\/schema.org","@graph":[{"@type":"Article","@id":"https:\/\/lospoliticosveracruz.com\/?p=106202#article","isPartOf":{"@id":"https:\/\/lospoliticosveracruz.com\/?p=106202"},"author":{"name":"Lo viste en Los Pol\u00edticos","@id":"https:\/\/lospoliticosveracruz.com\/#\/schema\/person\/b8702bb0e538456e6efd07080bf2a4a2"},"headline":"LLAMA LA ATENCI\u00d3N PEPE al servilismo del Poder Judicial","datePublished":"2023-05-19T13:47:48+00:00","dateModified":"2023-05-19T13:48:12+00:00","mainEntityOfPage":{"@id":"https:\/\/lospoliticosveracruz.com\/?p=106202"},"wordCount":792,"publisher":{"@id":"https:\/\/lospoliticosveracruz.com\/#organization"},"image":{"@id":"https:\/\/lospoliticosveracruz.com\/?p=106202#primaryimage"},"thumbnailUrl":"https:\/\/lospoliticosveracruz.com.mx\/wp-content\/uploads\/2021\/10\/WhatsApp-Image-2021-10-02-at-15.20.25-212x300.jpeg","keywords":["Cuitl\u00e1huac Garc\u00eda Jim\u00e9nez","feminicidios","Jorge Winckler","Jos\u00e9 Francisco Yunes Zorrilla","Lisbeth Jim\u00e9nez Aguirre","Morena","Veracruz","Ver\u00f3nica Hern\u00e1ndez Giad\u00e1ns"],"articleSection":["De Opini\u00f3n"],"inLanguage":"es"},{"@type":"WebPage","@id":"https:\/\/lospoliticosveracruz.com\/?p=106202","url":"https:\/\/lospoliticosveracruz.com\/?p=106202","name":"LLAMA LA ATENCI\u00d3N PEPE al servilismo del Poder Judicial - Los pol\u00edticos Veracruz","isPartOf":{"@id":"https:\/\/lospoliticosveracruz.com\/#website"},"primaryImageOfPage":{"@id":"https:\/\/lospoliticosveracruz.com\/?p=106202#primaryimage"},"image":{"@id":"https:\/\/lospoliticosveracruz.com\/?p=106202#primaryimage"},"thumbnailUrl":"https:\/\/lospoliticosveracruz.com.mx\/wp-content\/uploads\/2021\/10\/WhatsApp-Image-2021-10-02-at-15.20.25-212x300.jpeg","datePublished":"2023-05-19T13:47:48+00:00","dateModified":"2023-05-19T13:48:12+00:00","breadcrumb":{"@id":"https:\/\/lospoliticosveracruz.com\/?p=106202#breadcrumb"},"inLanguage":"es","potentialAction":[{"@type":"ReadAction","target":["https:\/\/lospoliticosveracruz.com\/?p=106202"]}]},{"@type":"ImageObject","inLanguage":"es","@id":"https:\/\/lospoliticosveracruz.com\/?p=106202#primaryimage","url":"https:\/\/lospoliticosveracruz.com.mx\/wp-content\/uploads\/2021\/10\/WhatsApp-Image-2021-10-02-at-15.20.25-212x300.jpeg","contentUrl":"https:\/\/lospoliticosveracruz.com.mx\/wp-content\/uploads\/2021\/10\/WhatsApp-Image-2021-10-02-at-15.20.25-212x300.jpeg"},{"@type":"BreadcrumbList","@id":"https:\/\/lospoliticosveracruz.com\/?p=106202#breadcrumb","itemListElement":[{"@type":"ListItem","position":1,"name":"Portada","item":"https:\/\/lospoliticosveracruz.com\/"},{"@type":"ListItem","position":2,"name":"LLAMA LA ATENCI\u00d3N PEPE al servilismo del Poder Judicial"}]},{"@type":"WebSite","@id":"https:\/\/lospoliticosveracruz.com\/#website","url":"https:\/\/lospoliticosveracruz.com\/","name":"Los pol\u00edticos Veracruz","description":"","publisher":{"@id":"https:\/\/lospoliticosveracruz.com\/#organization"},"potentialAction":[{"@type":"SearchAction","target":{"@type":"EntryPoint","urlTemplate":"https:\/\/lospoliticosveracruz.com\/?s={search_term_string}"},"query-input":{"@type":"PropertyValueSpecification","valueRequired":true,"valueName":"search_term_string"}}],"inLanguage":"es"},{"@type":"Organization","@id":"https:\/\/lospoliticosveracruz.com\/#organization","name":"Los pol\u00edticos Veracruz","url":"https:\/\/lospoliticosveracruz.com\/","logo":{"@type":"ImageObject","inLanguage":"es","@id":"https:\/\/lospoliticosveracruz.com\/#\/schema\/logo\/image\/","url":"https:\/\/lospoliticosveracruz.com\/wp-content\/uploads\/2025\/12\/Logo-Nuevo-LOS-POLITICOS-1.jpg","contentUrl":"https:\/\/lospoliticosveracruz.com\/wp-content\/uploads\/2025\/12\/Logo-Nuevo-LOS-POLITICOS-1.jpg","width":260,"height":70,"caption":"Los pol\u00edticos Veracruz"},"image":{"@id":"https:\/\/lospoliticosveracruz.com\/#\/schema\/logo\/image\/"},"sameAs":["https:\/\/www.facebook.com\/people\/Notimemes-de-los-Polticos\/61565672886568\/","https:\/\/x.com\/LosPoliticosVer"]},{"@type":"Person","@id":"https:\/\/lospoliticosveracruz.com\/#\/schema\/person\/b8702bb0e538456e6efd07080bf2a4a2","name":"Lo viste en Los Pol\u00edticos","image":{"@type":"ImageObject","inLanguage":"es","@id":"https:\/\/secure.gravatar.com\/avatar\/3a8de04a2656d44082be478bd6c086daa447c4651605818287b9532d3d0bd435?s=96&d=mm&r=g","url":"https:\/\/secure.gravatar.com\/avatar\/3a8de04a2656d44082be478bd6c086daa447c4651605818287b9532d3d0bd435?s=96&d=mm&r=g","contentUrl":"https:\/\/secure.gravatar.com\/avatar\/3a8de04a2656d44082be478bd6c086daa447c4651605818287b9532d3d0bd435?s=96&d=mm&r=g","caption":"Lo viste en Los Pol\u00edticos"},"url":"https:\/\/lospoliticosveracruz.com\/?author=2"}]}},"_links":{"self":[{"href":"https:\/\/lospoliticosveracruz.com\/index.php?rest_route=\/wp\/v2\/posts\/106202","targetHints":{"allow":["GET"]}}],"collection":[{"href":"https:\/\/lospoliticosveracruz.com\/index.php?rest_route=\/wp\/v2\/posts"}],"about":[{"href":"https:\/\/lospoliticosveracruz.com\/index.php?rest_route=\/wp\/v2\/types\/post"}],"author":[{"embeddable":true,"href":"https:\/\/lospoliticosveracruz.com\/index.php?rest_route=\/wp\/v2\/users\/2"}],"replies":[{"embeddable":true,"href":"https:\/\/lospoliticosveracruz.com\/index.php?rest_route=%2Fwp%2Fv2%2Fcomments&post=106202"}],"version-history":[{"count":2,"href":"https:\/\/lospoliticosveracruz.com\/index.php?rest_route=\/wp\/v2\/posts\/106202\/revisions"}],"predecessor-version":[{"id":106204,"href":"https:\/\/lospoliticosveracruz.com\/index.php?rest_route=\/wp\/v2\/posts\/106202\/revisions\/106204"}],"wp:attachment":[{"href":"https:\/\/lospoliticosveracruz.com\/index.php?rest_route=%2Fwp%2Fv2%2Fmedia&parent=106202"}],"wp:term":[{"taxonomy":"category","embeddable":true,"href":"https:\/\/lospoliticosveracruz.com\/index.php?rest_route=%2Fwp%2Fv2%2Fcategories&post=106202"},{"taxonomy":"post_tag","embeddable":true,"href":"https:\/\/lospoliticosveracruz.com\/index.php?rest_route=%2Fwp%2Fv2%2Ftags&post=106202"}],"curies":[{"name":"wp","href":"https:\/\/api.w.org\/{rel}","templated":true}]}}