{"id":106206,"date":"2023-05-19T09:20:46","date_gmt":"2023-05-19T14:20:46","guid":{"rendered":"https:\/\/lospoliticosveracruz.com.mx\/?p=106206"},"modified":"2023-05-19T09:20:55","modified_gmt":"2023-05-19T14:20:55","slug":"no-le-pedi-chamba","status":"publish","type":"post","link":"https:\/\/lospoliticosveracruz.com\/?p=106206","title":{"rendered":"NO LE PED\u00cd CHAMBA"},"content":{"rendered":"\n<p><\/p>\n\n\n\n<p><strong>Sergio Gonz\u00e1lez Levet<\/strong><\/p>\n\n\n\n<p><em>Sin tacto<\/em><\/p>\n\n\n\n<p>Un estimado lector me envi\u00f3 cierto mail en el que se muestra de acuerdo conmigo con lo que escrib\u00ed en el \u201cSin tacto\u201d de ayer, respecto de que dan pena ajena las incorrecciones gramaticales en que incurre el gobernador Cuitl\u00e1huac Garc\u00eda cuando publica mensajes en sus redes.<\/p>\n\n\n\n<figure class=\"wp-block-embed is-type-video is-provider-youtube wp-block-embed-youtube wp-embed-aspect-16-9 wp-has-aspect-ratio\"><div class=\"wp-block-embed__wrapper\">\n<iframe loading=\"lazy\" title=\"Cluster Coworking\" width=\"696\" height=\"392\" src=\"https:\/\/www.youtube.com\/embed\/Nxe-vxf8GuY?feature=oembed\" frameborder=\"0\" allow=\"accelerometer; autoplay; clipboard-write; encrypted-media; gyroscope; picture-in-picture; web-share\" referrerpolicy=\"strict-origin-when-cross-origin\" allowfullscreen><\/iframe>\n<\/div><\/figure>\n\n\n\n<p>&nbsp;&nbsp;&nbsp;&nbsp; Coincide conmigo mi corresponsal en que la carta abierta \u201cA la opini\u00f3n p\u00fablica de la gente\u201d, como titul\u00e9 mi entrega de ayer, citando la barbaridad que viene en el texto con el que el Gobernador de Veracruz dio a conocer su postura en contra de la Suprema Corte de Justicia de la Naci\u00f3n.<\/p>\n\n\n\n<p>&nbsp;&nbsp;&nbsp;&nbsp; Sin embargo, me hace una reconvenci\u00f3n que reproduzco a la letra:<\/p>\n\n\n\n<p>&nbsp;&nbsp;&nbsp;&nbsp; \u201cSe\u00f1or Levet, me ocupa que Usted que ha sido un cr\u00edtico del gobierno de Cuitl\u00e1huac, ahora le ande pidiendo chamba como lo hizo expresamente ayer, \u00bfno le dar\u00eda pena trabajar con un gobernador que ha cometido tantos problemas?\u201d<\/p>\n\n\n\n<p>&nbsp;&nbsp;&nbsp;&nbsp; Antes de contestarle a mi estimado lector, pongo aqu\u00ed o que yo escrib\u00ed ayer en el \u00faltimo p\u00e1rrafo de mi columna:<\/p>\n\n\n\n<p>&nbsp;&nbsp;&nbsp;&nbsp; \u201cSe\u00f1or Gobernador, como ling\u00fcista y escritor, desde este espacio me ofrezco a revisar acuciosamente los textos que se vayan a hacer p\u00fablicos de parte de su Gobierno. Estoy a sus \u00f3rdenes, para rescatar la dignidad de Veracruz, cuando menos en este terreno. Y lo har\u00eda de gratis, para que no me vayan a salir con que cobro m\u00e1s que el Presidente.\u201d<\/p>\n\n\n\n<p>&nbsp;&nbsp;&nbsp;&nbsp; Dos cosas tengo que decirle a mi exigente revisor:<\/p>\n\n\n\n<p>&nbsp;&nbsp;&nbsp;&nbsp; 1. Soy un profesional que contrato mi fuerza de trabajo a cambio de un pago, cuando es el caso. Como ling\u00fcista y escritor, me he dedicado toda mi vida laboral a revisar textos que han escrito otras personas, y a redactar otros sobre temas espec\u00edficos que me solicitan.<\/p>\n\n\n\n<p>&nbsp;&nbsp;&nbsp;&nbsp; En innumerables ocasiones he puesto al servicio de otros mi experiencia y mis capacidades. Pero no vendo mis ideas, ni mi libertad, ni mi pensamiento.<\/p>\n\n\n\n<p>&nbsp;&nbsp;&nbsp;&nbsp; 2. No le ped\u00ed trabajo para nada a Cuitl\u00e1huac Garc\u00eda porque soy fiel a mis convicciones (perd\u00f3n que use esta expresi\u00f3n tan desgastada por los pol\u00edticos). Le dije, s\u00ed, que por la dignidad de los paisanos estar\u00eda dispuesto a revisar y corregir los textos que env\u00ede para su publicaci\u00f3n, con el fin de que cuando menos est\u00e9n correctamente redactados y no nos produzcan esa sensaci\u00f3n de rid\u00edculo que venimos padeciendo.<\/p>\n\n\n\n<p>&nbsp;&nbsp;&nbsp;&nbsp; Pero espec\u00edficamente dije que lo har\u00eda sin cobrar nada. No le solicit\u00e9, pues, que me diera un empleo, sino que le ofrec\u00ed al novato mandatario mi concurso y mis habilidades con el fin de mejorar la sintaxis, la ortograf\u00eda y hasta la prosodia de lo que aparezca escrito a su nombre, porque siempre, pero m\u00e1s en los \u00faltimos d\u00edas, en verdad que ha estado de dar l\u00e1stima.<\/p>\n\n\n\n<p>&nbsp;&nbsp;&nbsp;&nbsp; Pero chamba no pido, ni quiero.<\/p>\n\n\n\n<p>sglevet@gmail.com<\/p>\n","protected":false},"excerpt":{"rendered":"<p>Sergio Gonz\u00e1lez Levet Sin tacto Un estimado lector me envi\u00f3 cierto mail en el que se muestra de acuerdo conmigo con lo que escrib\u00ed en el \u201cSin tacto\u201d de ayer, respecto de que dan pena ajena las incorrecciones gramaticales en que incurre el gobernador Cuitl\u00e1huac Garc\u00eda cuando publica mensajes en sus redes. &nbsp;&nbsp;&nbsp;&nbsp; Coincide conmigo [&hellip;]<\/p>\n","protected":false},"author":2,"featured_media":0,"comment_status":"closed","ping_status":"closed","sticky":false,"template":"","format":"standard","meta":{"tdm_status":"","tdm_grid_status":"","footnotes":""},"categories":[70],"tags":[1563,1026,1282],"class_list":{"0":"post-106206","1":"post","2":"type-post","3":"status-publish","4":"format-standard","6":"category-de-opinion","7":"tag-cuitlahuac-garcia-jimenez","8":"tag-morena","9":"tag-sergio-gonzalez-levet"},"yoast_head":"<!-- This site is optimized with the Yoast SEO plugin v27.4 - https:\/\/yoast.com\/product\/yoast-seo-wordpress\/ -->\n<title>NO LE PED\u00cd CHAMBA - Los pol\u00edticos Veracruz<\/title>\n<meta name=\"robots\" content=\"index, follow, max-snippet:-1, max-image-preview:large, max-video-preview:-1\" \/>\n<link rel=\"canonical\" href=\"https:\/\/lospoliticosveracruz.com\/?p=106206\" \/>\n<meta property=\"og:locale\" content=\"es_ES\" \/>\n<meta property=\"og:type\" content=\"article\" \/>\n<meta property=\"og:title\" content=\"NO LE PED\u00cd CHAMBA - Los pol\u00edticos Veracruz\" \/>\n<meta property=\"og:description\" content=\"Sergio Gonz\u00e1lez Levet Sin tacto Un estimado lector me envi\u00f3 cierto mail en el que se muestra de acuerdo conmigo con lo que escrib\u00ed en el \u201cSin tacto\u201d de ayer, respecto de que dan pena ajena las incorrecciones gramaticales en que incurre el gobernador Cuitl\u00e1huac Garc\u00eda cuando publica mensajes en sus redes. &nbsp;&nbsp;&nbsp;&nbsp; Coincide conmigo [&hellip;]\" \/>\n<meta property=\"og:url\" content=\"https:\/\/lospoliticosveracruz.com\/?p=106206\" \/>\n<meta property=\"og:site_name\" content=\"Los pol\u00edticos Veracruz\" \/>\n<meta property=\"article:publisher\" content=\"https:\/\/www.facebook.com\/people\/Notimemes-de-los-Polticos\/61565672886568\/\" \/>\n<meta property=\"article:published_time\" content=\"2023-05-19T14:20:46+00:00\" \/>\n<meta property=\"article:modified_time\" content=\"2023-05-19T14:20:55+00:00\" \/>\n<meta property=\"og:image\" content=\"https:\/\/lospoliticosveracruz.com\/wp-content\/uploads\/2016\/07\/Logo-Dor.jpg\" \/>\n\t<meta property=\"og:image:width\" content=\"200\" \/>\n\t<meta property=\"og:image:height\" content=\"200\" \/>\n\t<meta property=\"og:image:type\" content=\"image\/jpeg\" \/>\n<meta name=\"author\" content=\"Lo viste en Los Pol\u00edticos\" \/>\n<meta name=\"twitter:card\" content=\"summary_large_image\" \/>\n<meta name=\"twitter:creator\" content=\"@LosPoliticosVer\" \/>\n<meta name=\"twitter:site\" content=\"@LosPoliticosVer\" \/>\n<meta name=\"twitter:label1\" content=\"Escrito por\" \/>\n\t<meta name=\"twitter:data1\" content=\"Lo viste en Los Pol\u00edticos\" \/>\n\t<meta name=\"twitter:label2\" content=\"Tiempo de lectura\" \/>\n\t<meta name=\"twitter:data2\" content=\"3 minutos\" \/>\n<script type=\"application\/ld+json\" class=\"yoast-schema-graph\">{\"@context\":\"https:\\\/\\\/schema.org\",\"@graph\":[{\"@type\":\"Article\",\"@id\":\"https:\\\/\\\/lospoliticosveracruz.com\\\/?p=106206#article\",\"isPartOf\":{\"@id\":\"https:\\\/\\\/lospoliticosveracruz.com\\\/?p=106206\"},\"author\":{\"name\":\"Lo viste en Los Pol\u00edticos\",\"@id\":\"https:\\\/\\\/lospoliticosveracruz.com\\\/#\\\/schema\\\/person\\\/b8702bb0e538456e6efd07080bf2a4a2\"},\"headline\":\"NO LE PED\u00cd CHAMBA\",\"datePublished\":\"2023-05-19T14:20:46+00:00\",\"dateModified\":\"2023-05-19T14:20:55+00:00\",\"mainEntityOfPage\":{\"@id\":\"https:\\\/\\\/lospoliticosveracruz.com\\\/?p=106206\"},\"wordCount\":551,\"publisher\":{\"@id\":\"https:\\\/\\\/lospoliticosveracruz.com\\\/#organization\"},\"keywords\":[\"Cuitl\u00e1huac Garc\u00eda Jim\u00e9nez\",\"Morena\",\"Sergio Gonz\u00e1lez Levet\"],\"articleSection\":[\"De Opini\u00f3n\"],\"inLanguage\":\"es\"},{\"@type\":\"WebPage\",\"@id\":\"https:\\\/\\\/lospoliticosveracruz.com\\\/?p=106206\",\"url\":\"https:\\\/\\\/lospoliticosveracruz.com\\\/?p=106206\",\"name\":\"NO LE PED\u00cd CHAMBA - Los pol\u00edticos Veracruz\",\"isPartOf\":{\"@id\":\"https:\\\/\\\/lospoliticosveracruz.com\\\/#website\"},\"datePublished\":\"2023-05-19T14:20:46+00:00\",\"dateModified\":\"2023-05-19T14:20:55+00:00\",\"breadcrumb\":{\"@id\":\"https:\\\/\\\/lospoliticosveracruz.com\\\/?p=106206#breadcrumb\"},\"inLanguage\":\"es\",\"potentialAction\":[{\"@type\":\"ReadAction\",\"target\":[\"https:\\\/\\\/lospoliticosveracruz.com\\\/?p=106206\"]}]},{\"@type\":\"BreadcrumbList\",\"@id\":\"https:\\\/\\\/lospoliticosveracruz.com\\\/?p=106206#breadcrumb\",\"itemListElement\":[{\"@type\":\"ListItem\",\"position\":1,\"name\":\"Portada\",\"item\":\"https:\\\/\\\/lospoliticosveracruz.com\\\/\"},{\"@type\":\"ListItem\",\"position\":2,\"name\":\"NO LE PED\u00cd CHAMBA\"}]},{\"@type\":\"WebSite\",\"@id\":\"https:\\\/\\\/lospoliticosveracruz.com\\\/#website\",\"url\":\"https:\\\/\\\/lospoliticosveracruz.com\\\/\",\"name\":\"Los pol\u00edticos Veracruz\",\"description\":\"\",\"publisher\":{\"@id\":\"https:\\\/\\\/lospoliticosveracruz.com\\\/#organization\"},\"potentialAction\":[{\"@type\":\"SearchAction\",\"target\":{\"@type\":\"EntryPoint\",\"urlTemplate\":\"https:\\\/\\\/lospoliticosveracruz.com\\\/?s={search_term_string}\"},\"query-input\":{\"@type\":\"PropertyValueSpecification\",\"valueRequired\":true,\"valueName\":\"search_term_string\"}}],\"inLanguage\":\"es\"},{\"@type\":\"Organization\",\"@id\":\"https:\\\/\\\/lospoliticosveracruz.com\\\/#organization\",\"name\":\"Los pol\u00edticos Veracruz\",\"url\":\"https:\\\/\\\/lospoliticosveracruz.com\\\/\",\"logo\":{\"@type\":\"ImageObject\",\"inLanguage\":\"es\",\"@id\":\"https:\\\/\\\/lospoliticosveracruz.com\\\/#\\\/schema\\\/logo\\\/image\\\/\",\"url\":\"https:\\\/\\\/lospoliticosveracruz.com\\\/wp-content\\\/uploads\\\/2025\\\/12\\\/Logo-Nuevo-LOS-POLITICOS-1.jpg\",\"contentUrl\":\"https:\\\/\\\/lospoliticosveracruz.com\\\/wp-content\\\/uploads\\\/2025\\\/12\\\/Logo-Nuevo-LOS-POLITICOS-1.jpg\",\"width\":260,\"height\":70,\"caption\":\"Los pol\u00edticos Veracruz\"},\"image\":{\"@id\":\"https:\\\/\\\/lospoliticosveracruz.com\\\/#\\\/schema\\\/logo\\\/image\\\/\"},\"sameAs\":[\"https:\\\/\\\/www.facebook.com\\\/people\\\/Notimemes-de-los-Polticos\\\/61565672886568\\\/\",\"https:\\\/\\\/x.com\\\/LosPoliticosVer\"]},{\"@type\":\"Person\",\"@id\":\"https:\\\/\\\/lospoliticosveracruz.com\\\/#\\\/schema\\\/person\\\/b8702bb0e538456e6efd07080bf2a4a2\",\"name\":\"Lo viste en Los Pol\u00edticos\",\"image\":{\"@type\":\"ImageObject\",\"inLanguage\":\"es\",\"@id\":\"https:\\\/\\\/secure.gravatar.com\\\/avatar\\\/3a8de04a2656d44082be478bd6c086daa447c4651605818287b9532d3d0bd435?s=96&d=mm&r=g\",\"url\":\"https:\\\/\\\/secure.gravatar.com\\\/avatar\\\/3a8de04a2656d44082be478bd6c086daa447c4651605818287b9532d3d0bd435?s=96&d=mm&r=g\",\"contentUrl\":\"https:\\\/\\\/secure.gravatar.com\\\/avatar\\\/3a8de04a2656d44082be478bd6c086daa447c4651605818287b9532d3d0bd435?s=96&d=mm&r=g\",\"caption\":\"Lo viste en Los Pol\u00edticos\"},\"url\":\"https:\\\/\\\/lospoliticosveracruz.com\\\/?author=2\"}]}<\/script>\n<!-- \/ Yoast SEO plugin. -->","yoast_head_json":{"title":"NO LE PED\u00cd CHAMBA - Los pol\u00edticos Veracruz","robots":{"index":"index","follow":"follow","max-snippet":"max-snippet:-1","max-image-preview":"max-image-preview:large","max-video-preview":"max-video-preview:-1"},"canonical":"https:\/\/lospoliticosveracruz.com\/?p=106206","og_locale":"es_ES","og_type":"article","og_title":"NO LE PED\u00cd CHAMBA - Los pol\u00edticos Veracruz","og_description":"Sergio Gonz\u00e1lez Levet Sin tacto Un estimado lector me envi\u00f3 cierto mail en el que se muestra de acuerdo conmigo con lo que escrib\u00ed en el \u201cSin tacto\u201d de ayer, respecto de que dan pena ajena las incorrecciones gramaticales en que incurre el gobernador Cuitl\u00e1huac Garc\u00eda cuando publica mensajes en sus redes. &nbsp;&nbsp;&nbsp;&nbsp; Coincide conmigo [&hellip;]","og_url":"https:\/\/lospoliticosveracruz.com\/?p=106206","og_site_name":"Los pol\u00edticos Veracruz","article_publisher":"https:\/\/www.facebook.com\/people\/Notimemes-de-los-Polticos\/61565672886568\/","article_published_time":"2023-05-19T14:20:46+00:00","article_modified_time":"2023-05-19T14:20:55+00:00","og_image":[{"width":200,"height":200,"url":"https:\/\/lospoliticosveracruz.com\/wp-content\/uploads\/2016\/07\/Logo-Dor.jpg","type":"image\/jpeg"}],"author":"Lo viste en Los Pol\u00edticos","twitter_card":"summary_large_image","twitter_creator":"@LosPoliticosVer","twitter_site":"@LosPoliticosVer","twitter_misc":{"Escrito por":"Lo viste en Los Pol\u00edticos","Tiempo de lectura":"3 minutos"},"schema":{"@context":"https:\/\/schema.org","@graph":[{"@type":"Article","@id":"https:\/\/lospoliticosveracruz.com\/?p=106206#article","isPartOf":{"@id":"https:\/\/lospoliticosveracruz.com\/?p=106206"},"author":{"name":"Lo viste en Los Pol\u00edticos","@id":"https:\/\/lospoliticosveracruz.com\/#\/schema\/person\/b8702bb0e538456e6efd07080bf2a4a2"},"headline":"NO LE PED\u00cd CHAMBA","datePublished":"2023-05-19T14:20:46+00:00","dateModified":"2023-05-19T14:20:55+00:00","mainEntityOfPage":{"@id":"https:\/\/lospoliticosveracruz.com\/?p=106206"},"wordCount":551,"publisher":{"@id":"https:\/\/lospoliticosveracruz.com\/#organization"},"keywords":["Cuitl\u00e1huac Garc\u00eda Jim\u00e9nez","Morena","Sergio Gonz\u00e1lez Levet"],"articleSection":["De Opini\u00f3n"],"inLanguage":"es"},{"@type":"WebPage","@id":"https:\/\/lospoliticosveracruz.com\/?p=106206","url":"https:\/\/lospoliticosveracruz.com\/?p=106206","name":"NO LE PED\u00cd CHAMBA - Los pol\u00edticos Veracruz","isPartOf":{"@id":"https:\/\/lospoliticosveracruz.com\/#website"},"datePublished":"2023-05-19T14:20:46+00:00","dateModified":"2023-05-19T14:20:55+00:00","breadcrumb":{"@id":"https:\/\/lospoliticosveracruz.com\/?p=106206#breadcrumb"},"inLanguage":"es","potentialAction":[{"@type":"ReadAction","target":["https:\/\/lospoliticosveracruz.com\/?p=106206"]}]},{"@type":"BreadcrumbList","@id":"https:\/\/lospoliticosveracruz.com\/?p=106206#breadcrumb","itemListElement":[{"@type":"ListItem","position":1,"name":"Portada","item":"https:\/\/lospoliticosveracruz.com\/"},{"@type":"ListItem","position":2,"name":"NO LE PED\u00cd CHAMBA"}]},{"@type":"WebSite","@id":"https:\/\/lospoliticosveracruz.com\/#website","url":"https:\/\/lospoliticosveracruz.com\/","name":"Los pol\u00edticos Veracruz","description":"","publisher":{"@id":"https:\/\/lospoliticosveracruz.com\/#organization"},"potentialAction":[{"@type":"SearchAction","target":{"@type":"EntryPoint","urlTemplate":"https:\/\/lospoliticosveracruz.com\/?s={search_term_string}"},"query-input":{"@type":"PropertyValueSpecification","valueRequired":true,"valueName":"search_term_string"}}],"inLanguage":"es"},{"@type":"Organization","@id":"https:\/\/lospoliticosveracruz.com\/#organization","name":"Los pol\u00edticos Veracruz","url":"https:\/\/lospoliticosveracruz.com\/","logo":{"@type":"ImageObject","inLanguage":"es","@id":"https:\/\/lospoliticosveracruz.com\/#\/schema\/logo\/image\/","url":"https:\/\/lospoliticosveracruz.com\/wp-content\/uploads\/2025\/12\/Logo-Nuevo-LOS-POLITICOS-1.jpg","contentUrl":"https:\/\/lospoliticosveracruz.com\/wp-content\/uploads\/2025\/12\/Logo-Nuevo-LOS-POLITICOS-1.jpg","width":260,"height":70,"caption":"Los pol\u00edticos Veracruz"},"image":{"@id":"https:\/\/lospoliticosveracruz.com\/#\/schema\/logo\/image\/"},"sameAs":["https:\/\/www.facebook.com\/people\/Notimemes-de-los-Polticos\/61565672886568\/","https:\/\/x.com\/LosPoliticosVer"]},{"@type":"Person","@id":"https:\/\/lospoliticosveracruz.com\/#\/schema\/person\/b8702bb0e538456e6efd07080bf2a4a2","name":"Lo viste en Los Pol\u00edticos","image":{"@type":"ImageObject","inLanguage":"es","@id":"https:\/\/secure.gravatar.com\/avatar\/3a8de04a2656d44082be478bd6c086daa447c4651605818287b9532d3d0bd435?s=96&d=mm&r=g","url":"https:\/\/secure.gravatar.com\/avatar\/3a8de04a2656d44082be478bd6c086daa447c4651605818287b9532d3d0bd435?s=96&d=mm&r=g","contentUrl":"https:\/\/secure.gravatar.com\/avatar\/3a8de04a2656d44082be478bd6c086daa447c4651605818287b9532d3d0bd435?s=96&d=mm&r=g","caption":"Lo viste en Los Pol\u00edticos"},"url":"https:\/\/lospoliticosveracruz.com\/?author=2"}]}},"_links":{"self":[{"href":"https:\/\/lospoliticosveracruz.com\/index.php?rest_route=\/wp\/v2\/posts\/106206","targetHints":{"allow":["GET"]}}],"collection":[{"href":"https:\/\/lospoliticosveracruz.com\/index.php?rest_route=\/wp\/v2\/posts"}],"about":[{"href":"https:\/\/lospoliticosveracruz.com\/index.php?rest_route=\/wp\/v2\/types\/post"}],"author":[{"embeddable":true,"href":"https:\/\/lospoliticosveracruz.com\/index.php?rest_route=\/wp\/v2\/users\/2"}],"replies":[{"embeddable":true,"href":"https:\/\/lospoliticosveracruz.com\/index.php?rest_route=%2Fwp%2Fv2%2Fcomments&post=106206"}],"version-history":[{"count":1,"href":"https:\/\/lospoliticosveracruz.com\/index.php?rest_route=\/wp\/v2\/posts\/106206\/revisions"}],"predecessor-version":[{"id":106207,"href":"https:\/\/lospoliticosveracruz.com\/index.php?rest_route=\/wp\/v2\/posts\/106206\/revisions\/106207"}],"wp:attachment":[{"href":"https:\/\/lospoliticosveracruz.com\/index.php?rest_route=%2Fwp%2Fv2%2Fmedia&parent=106206"}],"wp:term":[{"taxonomy":"category","embeddable":true,"href":"https:\/\/lospoliticosveracruz.com\/index.php?rest_route=%2Fwp%2Fv2%2Fcategories&post=106206"},{"taxonomy":"post_tag","embeddable":true,"href":"https:\/\/lospoliticosveracruz.com\/index.php?rest_route=%2Fwp%2Fv2%2Ftags&post=106206"}],"curies":[{"name":"wp","href":"https:\/\/api.w.org\/{rel}","templated":true}]}}