{"id":106215,"date":"2023-05-19T18:07:34","date_gmt":"2023-05-19T23:07:34","guid":{"rendered":"https:\/\/lospoliticosveracruz.com.mx\/?p=106215"},"modified":"2023-05-19T18:07:39","modified_gmt":"2023-05-19T23:07:39","slug":"una-antena-para-sintonizarnos","status":"publish","type":"post","link":"https:\/\/lospoliticosveracruz.com\/?p=106215","title":{"rendered":"UNA ANTENA PARA SINTONIZARNOS"},"content":{"rendered":"\n<p><strong>Jorge Arturo Rodr\u00edguez<\/strong><\/p>\n\n\n\n<p><em>Tierra de Babel<\/em><\/p>\n\n\n\n<p>A la Memoria de mi querido sobrino,<\/p>\n\n\n\n<p>Edson Gibran Cabrera Rodr\u00edguez.<\/p>\n\n\n\n<p>\u201cDulce ausencia, la muerte\u201d.<\/p>\n\n\n\n<p>Es f\u00e1cil decirlo: si eres pobre, est\u00e1s jodido. Parece un pleonasmo, tautolog\u00eda, perogrullada\u2026 Lo que ustedes decidan, si a\u00fan tienen la oportunidad de decidir por s\u00ed solos, porque a leguas se ve que los que deciden por nosotros, son otros. \u00bfQui\u00e9nes? El poder es encantamiento, encantador, fascina, embrutece, enceguece, arruina, destruye. Mi encantador Renato Leduc escribi\u00f3: \u201cAbolir la pobreza \u2013opinan los banqueros- debe ser el primer paso para lograr nuestro desarrollo econ\u00f3mico\u201d. \u2013Pero no faltan pobres que, a su vez, opinan que el primer paso para abolir la pobreza deber\u00eda ser abolir los bancos.\u201d<\/p>\n\n\n<div class=\"wp-block-image\">\n<figure class=\"alignleft size-medium\"><a href=\"https:\/\/lospoliticosveracruz.com.mx\/wp-content\/uploads\/2021\/10\/WhatsApp-Image-2021-10-02-at-15.20.25.jpeg\"><img loading=\"lazy\" decoding=\"async\" width=\"212\" height=\"300\" src=\"https:\/\/lospoliticosveracruz.com.mx\/wp-content\/uploads\/2021\/10\/WhatsApp-Image-2021-10-02-at-15.20.25-212x300.jpeg\" alt=\"\" class=\"wp-image-80177\" srcset=\"https:\/\/lospoliticosveracruz.com\/wp-content\/uploads\/2021\/10\/WhatsApp-Image-2021-10-02-at-15.20.25-212x300.jpeg 212w, https:\/\/lospoliticosveracruz.com\/wp-content\/uploads\/2021\/10\/WhatsApp-Image-2021-10-02-at-15.20.25-724x1024.jpeg 724w, https:\/\/lospoliticosveracruz.com\/wp-content\/uploads\/2021\/10\/WhatsApp-Image-2021-10-02-at-15.20.25-768x1086.jpeg 768w, https:\/\/lospoliticosveracruz.com\/wp-content\/uploads\/2021\/10\/WhatsApp-Image-2021-10-02-at-15.20.25.jpeg 905w\" sizes=\"auto, (max-width: 212px) 100vw, 212px\" \/><\/a><\/figure>\n<\/div>\n\n\n<p>Sexenios van: sexenios vienen. Y la pobreza sigue ah\u00ed; la miseria. Ahora crece tambi\u00e9n la ignorancia. \u00bfPor qui\u00e9n va usted a votar? Ni se lo piense; ya llegar\u00e1 el momento que le dir\u00e1n qu\u00e9 imagen tachar en la boleta electoral. Si lo que les comento necesita de bases argumentales y etc., para que nos vayamos entendiendo, pos simplemente int\u00e9rnese en internet o volt\u00e9ese a ver a su alrededor. \u00bfQu\u00e9 necesitamos para darnos cuenta de que M\u00e9xico va a la deriva? \u00bfO acaso a\u00fan viven como aut\u00f3matas? No me extra\u00f1ar\u00eda. \u201cNo son los muertos los que asustan; es la incertidumbre\u2026\u201d escribi\u00f3 Ant\u00f3n Ch\u00e9jov en su magn\u00edfico cuento \u201cLos nervios\u201d.<\/p>\n\n\n\n<p>Claro: duele M\u00e9xico. Pero m\u00e1s duele que nos est\u00e9n quitando la libertad. Y lo \u201cpior!\u201d: no hacemos nada, ni p\u00edo. Da risa. Mi estimado Armando Gonz\u00e1lez Torres me coment\u00f3: \u201c\u00a1Basta de que nos manipule el sistema, elijamos con libertad nuestros dogmas y prejuicios!\u201d Y se carcaje\u00f3.<\/p>\n\n\n\n<p>No hace mucho, Salman Rushdie dijo: \u201cCreo que vivimos en un momento en el que la libertad de expresi\u00f3n y la libertad para publicar no se hab\u00eda visto bajo semejante amenaza en los pa\u00edses de Occidente\u201d. Fue cuando recibi\u00f3 el galard\u00f3n Libertad para publicar, otorgado por British Book Award, cuyo jurado se\u00f1al\u00f3: \u201cSe necesita coraje para crear arte, se necesita coraje para decir la verdad al poder. Nadie ha sido m\u00e1s valiente, m\u00e1s brillante en la b\u00fasqueda de la verdad y la libertad art\u00edstica que Salman Rushdie\u201d.<\/p>\n\n\n\n<p>\u00bfD\u00f3nde est\u00e1 nuestra libertad? No lo s\u00e9 de cierto, pero supongo que est\u00e1 secuestrada. \u00a1Pobres de nuestras futuras generaciones!<\/p>\n\n\n\n<p>Pi\u00e9nsenlo tantito: \u201cEn su mente, Jes\u00fas no cargaba una cruz ni llevaba puesta una corona de espinas, sino una antena para poder sintonizar a dios\u201d, escribi\u00f3 Ari Volovich.<\/p>\n\n\n\n<p>Los d\u00edas y los temas<\/p>\n\n\n\n<p>Para no olvidar, les comparto lo siguiente: \u201c\u2026durante el quincuag\u00e9simo octavo aniversario del PRI, en marzo de 1992, don Carlos el Ide\u00f3logo le cambi\u00f3, una vez m\u00e1s, la doctrina al PRI. Con paciencia did\u00e1ctica explic\u00f3 a los pri\u00edstas que el partido oficial de ninguna manera era \u201cestatista absorbente\u201d ni \u201cneoliberal posesivo\u201d; no, hombre, \u00a1era liberal social!, y en 10 puntos demostr\u00f3 que el liberalismo social era la \u00fanica y verdadera panacea que garantizaba la defensa de soberan\u00eda, if you know wat I mean, el Estado, la solidaridad, la libertad, la justicia social, la democracia, la educaci\u00f3n, el campo, los ind\u00edgenas, la alimentaci\u00f3n, la vivienda, la calidad de vida y la salud; hasta las hemorroides curaba. Al final aprovech\u00f3 para echarle porras al presidente del PRI, Luis Donaldo Colosio, lo que se interpret\u00f3 como se\u00f1al de que el Hombre del Pelo Afro era el tapado\u201d. (Jos\u00e9 Agust\u00edn, Tragicomedia mexicana 3).<\/p>\n\n\n\n<p>\u00bfAlgo les recuerda?<\/p>\n\n\n\n<p>De cinismo y anexas<\/p>\n\n\n\n<p>Para no variarle, aqu\u00ed les dejo al genial Alfonso Reyes: \u201c\u00bfConoc\u00e9is el caso Tamazunchale? Tamazunchale, sobre la carretera que une a M\u00e9xico y a Nuevo Laredo, ve pasar los autos, en una y en otra direcci\u00f3n: ya hacia el sur, ya hacia el norte. \u00c9stos corren rumbo a la derecha, y aqu\u00e9llos corren rumbo a la izquierda. Pero, si cruzamos la v\u00eda, aqu\u00e9llos corren rumbo a la izquierda, y \u00e9stos rumbo a la derecha. Ante la dificultad de acomodar en el cerebro estas dos relatividades simult\u00e1neas, se han preguntado algunas personas sinceras de la regi\u00f3n: \u00bfcu\u00e1l es la derecha y cu\u00e1l es la izquierda? Y de aqu\u00ed la crisis que atraviesa la juventud intelectual de Tamazunchale. Esta crisis es el s\u00edmbolo y el compendio de muchas angustias juveniles.\u201d<\/p>\n\n\n\n<p>Hasta la pr\u00f3xima.<\/p>\n","protected":false},"excerpt":{"rendered":"<p>Jorge Arturo Rodr\u00edguez Tierra de Babel A la Memoria de mi querido sobrino, Edson Gibran Cabrera Rodr\u00edguez. \u201cDulce ausencia, la muerte\u201d. Es f\u00e1cil decirlo: si eres pobre, est\u00e1s jodido. Parece un pleonasmo, tautolog\u00eda, perogrullada\u2026 Lo que ustedes decidan, si a\u00fan tienen la oportunidad de decidir por s\u00ed solos, porque a leguas se ve que los [&hellip;]<\/p>\n","protected":false},"author":2,"featured_media":0,"comment_status":"closed","ping_status":"closed","sticky":false,"template":"","format":"standard","meta":{"tdm_status":"","tdm_grid_status":"","footnotes":""},"categories":[70],"tags":[2677],"class_list":{"0":"post-106215","1":"post","2":"type-post","3":"status-publish","4":"format-standard","6":"category-de-opinion","7":"tag-jorge-arturo-rodriguez"},"yoast_head":"<!-- This site is optimized with the Yoast SEO plugin v27.4 - https:\/\/yoast.com\/product\/yoast-seo-wordpress\/ -->\n<title>UNA ANTENA PARA SINTONIZARNOS - Los pol\u00edticos Veracruz<\/title>\n<meta name=\"robots\" content=\"index, follow, max-snippet:-1, max-image-preview:large, max-video-preview:-1\" \/>\n<link rel=\"canonical\" href=\"https:\/\/lospoliticosveracruz.com\/?p=106215\" \/>\n<meta property=\"og:locale\" content=\"es_ES\" \/>\n<meta property=\"og:type\" content=\"article\" \/>\n<meta property=\"og:title\" content=\"UNA ANTENA PARA SINTONIZARNOS - Los pol\u00edticos Veracruz\" \/>\n<meta property=\"og:description\" content=\"Jorge Arturo Rodr\u00edguez Tierra de Babel A la Memoria de mi querido sobrino, Edson Gibran Cabrera Rodr\u00edguez. \u201cDulce ausencia, la muerte\u201d. Es f\u00e1cil decirlo: si eres pobre, est\u00e1s jodido. Parece un pleonasmo, tautolog\u00eda, perogrullada\u2026 Lo que ustedes decidan, si a\u00fan tienen la oportunidad de decidir por s\u00ed solos, porque a leguas se ve que los [&hellip;]\" \/>\n<meta property=\"og:url\" content=\"https:\/\/lospoliticosveracruz.com\/?p=106215\" \/>\n<meta property=\"og:site_name\" content=\"Los pol\u00edticos Veracruz\" \/>\n<meta property=\"article:publisher\" content=\"https:\/\/www.facebook.com\/people\/Notimemes-de-los-Polticos\/61565672886568\/\" \/>\n<meta property=\"article:published_time\" content=\"2023-05-19T23:07:34+00:00\" \/>\n<meta property=\"article:modified_time\" content=\"2023-05-19T23:07:39+00:00\" \/>\n<meta property=\"og:image\" content=\"https:\/\/lospoliticosveracruz.com.mx\/wp-content\/uploads\/2021\/10\/WhatsApp-Image-2021-10-02-at-15.20.25-212x300.jpeg\" \/>\n<meta name=\"author\" content=\"Lo viste en Los Pol\u00edticos\" \/>\n<meta name=\"twitter:card\" content=\"summary_large_image\" \/>\n<meta name=\"twitter:creator\" content=\"@LosPoliticosVer\" \/>\n<meta name=\"twitter:site\" content=\"@LosPoliticosVer\" \/>\n<meta name=\"twitter:label1\" content=\"Escrito por\" \/>\n\t<meta name=\"twitter:data1\" content=\"Lo viste en Los Pol\u00edticos\" \/>\n\t<meta name=\"twitter:label2\" content=\"Tiempo de lectura\" \/>\n\t<meta name=\"twitter:data2\" content=\"4 minutos\" \/>\n<script type=\"application\/ld+json\" class=\"yoast-schema-graph\">{\"@context\":\"https:\\\/\\\/schema.org\",\"@graph\":[{\"@type\":\"Article\",\"@id\":\"https:\\\/\\\/lospoliticosveracruz.com\\\/?p=106215#article\",\"isPartOf\":{\"@id\":\"https:\\\/\\\/lospoliticosveracruz.com\\\/?p=106215\"},\"author\":{\"name\":\"Lo viste en Los Pol\u00edticos\",\"@id\":\"https:\\\/\\\/lospoliticosveracruz.com\\\/#\\\/schema\\\/person\\\/b8702bb0e538456e6efd07080bf2a4a2\"},\"headline\":\"UNA ANTENA PARA SINTONIZARNOS\",\"datePublished\":\"2023-05-19T23:07:34+00:00\",\"dateModified\":\"2023-05-19T23:07:39+00:00\",\"mainEntityOfPage\":{\"@id\":\"https:\\\/\\\/lospoliticosveracruz.com\\\/?p=106215\"},\"wordCount\":759,\"publisher\":{\"@id\":\"https:\\\/\\\/lospoliticosveracruz.com\\\/#organization\"},\"image\":{\"@id\":\"https:\\\/\\\/lospoliticosveracruz.com\\\/?p=106215#primaryimage\"},\"thumbnailUrl\":\"https:\\\/\\\/lospoliticosveracruz.com.mx\\\/wp-content\\\/uploads\\\/2021\\\/10\\\/WhatsApp-Image-2021-10-02-at-15.20.25-212x300.jpeg\",\"keywords\":[\"Jorge Arturo Rodr\u00edguez\"],\"articleSection\":[\"De Opini\u00f3n\"],\"inLanguage\":\"es\"},{\"@type\":\"WebPage\",\"@id\":\"https:\\\/\\\/lospoliticosveracruz.com\\\/?p=106215\",\"url\":\"https:\\\/\\\/lospoliticosveracruz.com\\\/?p=106215\",\"name\":\"UNA ANTENA PARA SINTONIZARNOS - Los pol\u00edticos Veracruz\",\"isPartOf\":{\"@id\":\"https:\\\/\\\/lospoliticosveracruz.com\\\/#website\"},\"primaryImageOfPage\":{\"@id\":\"https:\\\/\\\/lospoliticosveracruz.com\\\/?p=106215#primaryimage\"},\"image\":{\"@id\":\"https:\\\/\\\/lospoliticosveracruz.com\\\/?p=106215#primaryimage\"},\"thumbnailUrl\":\"https:\\\/\\\/lospoliticosveracruz.com.mx\\\/wp-content\\\/uploads\\\/2021\\\/10\\\/WhatsApp-Image-2021-10-02-at-15.20.25-212x300.jpeg\",\"datePublished\":\"2023-05-19T23:07:34+00:00\",\"dateModified\":\"2023-05-19T23:07:39+00:00\",\"breadcrumb\":{\"@id\":\"https:\\\/\\\/lospoliticosveracruz.com\\\/?p=106215#breadcrumb\"},\"inLanguage\":\"es\",\"potentialAction\":[{\"@type\":\"ReadAction\",\"target\":[\"https:\\\/\\\/lospoliticosveracruz.com\\\/?p=106215\"]}]},{\"@type\":\"ImageObject\",\"inLanguage\":\"es\",\"@id\":\"https:\\\/\\\/lospoliticosveracruz.com\\\/?p=106215#primaryimage\",\"url\":\"https:\\\/\\\/lospoliticosveracruz.com.mx\\\/wp-content\\\/uploads\\\/2021\\\/10\\\/WhatsApp-Image-2021-10-02-at-15.20.25-212x300.jpeg\",\"contentUrl\":\"https:\\\/\\\/lospoliticosveracruz.com.mx\\\/wp-content\\\/uploads\\\/2021\\\/10\\\/WhatsApp-Image-2021-10-02-at-15.20.25-212x300.jpeg\"},{\"@type\":\"BreadcrumbList\",\"@id\":\"https:\\\/\\\/lospoliticosveracruz.com\\\/?p=106215#breadcrumb\",\"itemListElement\":[{\"@type\":\"ListItem\",\"position\":1,\"name\":\"Portada\",\"item\":\"https:\\\/\\\/lospoliticosveracruz.com\\\/\"},{\"@type\":\"ListItem\",\"position\":2,\"name\":\"UNA ANTENA PARA SINTONIZARNOS\"}]},{\"@type\":\"WebSite\",\"@id\":\"https:\\\/\\\/lospoliticosveracruz.com\\\/#website\",\"url\":\"https:\\\/\\\/lospoliticosveracruz.com\\\/\",\"name\":\"Los pol\u00edticos Veracruz\",\"description\":\"\",\"publisher\":{\"@id\":\"https:\\\/\\\/lospoliticosveracruz.com\\\/#organization\"},\"potentialAction\":[{\"@type\":\"SearchAction\",\"target\":{\"@type\":\"EntryPoint\",\"urlTemplate\":\"https:\\\/\\\/lospoliticosveracruz.com\\\/?s={search_term_string}\"},\"query-input\":{\"@type\":\"PropertyValueSpecification\",\"valueRequired\":true,\"valueName\":\"search_term_string\"}}],\"inLanguage\":\"es\"},{\"@type\":\"Organization\",\"@id\":\"https:\\\/\\\/lospoliticosveracruz.com\\\/#organization\",\"name\":\"Los pol\u00edticos Veracruz\",\"url\":\"https:\\\/\\\/lospoliticosveracruz.com\\\/\",\"logo\":{\"@type\":\"ImageObject\",\"inLanguage\":\"es\",\"@id\":\"https:\\\/\\\/lospoliticosveracruz.com\\\/#\\\/schema\\\/logo\\\/image\\\/\",\"url\":\"https:\\\/\\\/lospoliticosveracruz.com\\\/wp-content\\\/uploads\\\/2025\\\/12\\\/Logo-Nuevo-LOS-POLITICOS-1.jpg\",\"contentUrl\":\"https:\\\/\\\/lospoliticosveracruz.com\\\/wp-content\\\/uploads\\\/2025\\\/12\\\/Logo-Nuevo-LOS-POLITICOS-1.jpg\",\"width\":260,\"height\":70,\"caption\":\"Los pol\u00edticos Veracruz\"},\"image\":{\"@id\":\"https:\\\/\\\/lospoliticosveracruz.com\\\/#\\\/schema\\\/logo\\\/image\\\/\"},\"sameAs\":[\"https:\\\/\\\/www.facebook.com\\\/people\\\/Notimemes-de-los-Polticos\\\/61565672886568\\\/\",\"https:\\\/\\\/x.com\\\/LosPoliticosVer\"]},{\"@type\":\"Person\",\"@id\":\"https:\\\/\\\/lospoliticosveracruz.com\\\/#\\\/schema\\\/person\\\/b8702bb0e538456e6efd07080bf2a4a2\",\"name\":\"Lo viste en Los Pol\u00edticos\",\"image\":{\"@type\":\"ImageObject\",\"inLanguage\":\"es\",\"@id\":\"https:\\\/\\\/secure.gravatar.com\\\/avatar\\\/3a8de04a2656d44082be478bd6c086daa447c4651605818287b9532d3d0bd435?s=96&d=mm&r=g\",\"url\":\"https:\\\/\\\/secure.gravatar.com\\\/avatar\\\/3a8de04a2656d44082be478bd6c086daa447c4651605818287b9532d3d0bd435?s=96&d=mm&r=g\",\"contentUrl\":\"https:\\\/\\\/secure.gravatar.com\\\/avatar\\\/3a8de04a2656d44082be478bd6c086daa447c4651605818287b9532d3d0bd435?s=96&d=mm&r=g\",\"caption\":\"Lo viste en Los Pol\u00edticos\"},\"url\":\"https:\\\/\\\/lospoliticosveracruz.com\\\/?author=2\"}]}<\/script>\n<!-- \/ Yoast SEO plugin. -->","yoast_head_json":{"title":"UNA ANTENA PARA SINTONIZARNOS - Los pol\u00edticos Veracruz","robots":{"index":"index","follow":"follow","max-snippet":"max-snippet:-1","max-image-preview":"max-image-preview:large","max-video-preview":"max-video-preview:-1"},"canonical":"https:\/\/lospoliticosveracruz.com\/?p=106215","og_locale":"es_ES","og_type":"article","og_title":"UNA ANTENA PARA SINTONIZARNOS - Los pol\u00edticos Veracruz","og_description":"Jorge Arturo Rodr\u00edguez Tierra de Babel A la Memoria de mi querido sobrino, Edson Gibran Cabrera Rodr\u00edguez. \u201cDulce ausencia, la muerte\u201d. Es f\u00e1cil decirlo: si eres pobre, est\u00e1s jodido. Parece un pleonasmo, tautolog\u00eda, perogrullada\u2026 Lo que ustedes decidan, si a\u00fan tienen la oportunidad de decidir por s\u00ed solos, porque a leguas se ve que los [&hellip;]","og_url":"https:\/\/lospoliticosveracruz.com\/?p=106215","og_site_name":"Los pol\u00edticos Veracruz","article_publisher":"https:\/\/www.facebook.com\/people\/Notimemes-de-los-Polticos\/61565672886568\/","article_published_time":"2023-05-19T23:07:34+00:00","article_modified_time":"2023-05-19T23:07:39+00:00","og_image":[{"url":"https:\/\/lospoliticosveracruz.com.mx\/wp-content\/uploads\/2021\/10\/WhatsApp-Image-2021-10-02-at-15.20.25-212x300.jpeg","type":"","width":"","height":""}],"author":"Lo viste en Los Pol\u00edticos","twitter_card":"summary_large_image","twitter_creator":"@LosPoliticosVer","twitter_site":"@LosPoliticosVer","twitter_misc":{"Escrito por":"Lo viste en Los Pol\u00edticos","Tiempo de lectura":"4 minutos"},"schema":{"@context":"https:\/\/schema.org","@graph":[{"@type":"Article","@id":"https:\/\/lospoliticosveracruz.com\/?p=106215#article","isPartOf":{"@id":"https:\/\/lospoliticosveracruz.com\/?p=106215"},"author":{"name":"Lo viste en Los Pol\u00edticos","@id":"https:\/\/lospoliticosveracruz.com\/#\/schema\/person\/b8702bb0e538456e6efd07080bf2a4a2"},"headline":"UNA ANTENA PARA SINTONIZARNOS","datePublished":"2023-05-19T23:07:34+00:00","dateModified":"2023-05-19T23:07:39+00:00","mainEntityOfPage":{"@id":"https:\/\/lospoliticosveracruz.com\/?p=106215"},"wordCount":759,"publisher":{"@id":"https:\/\/lospoliticosveracruz.com\/#organization"},"image":{"@id":"https:\/\/lospoliticosveracruz.com\/?p=106215#primaryimage"},"thumbnailUrl":"https:\/\/lospoliticosveracruz.com.mx\/wp-content\/uploads\/2021\/10\/WhatsApp-Image-2021-10-02-at-15.20.25-212x300.jpeg","keywords":["Jorge Arturo Rodr\u00edguez"],"articleSection":["De Opini\u00f3n"],"inLanguage":"es"},{"@type":"WebPage","@id":"https:\/\/lospoliticosveracruz.com\/?p=106215","url":"https:\/\/lospoliticosveracruz.com\/?p=106215","name":"UNA ANTENA PARA SINTONIZARNOS - Los pol\u00edticos Veracruz","isPartOf":{"@id":"https:\/\/lospoliticosveracruz.com\/#website"},"primaryImageOfPage":{"@id":"https:\/\/lospoliticosveracruz.com\/?p=106215#primaryimage"},"image":{"@id":"https:\/\/lospoliticosveracruz.com\/?p=106215#primaryimage"},"thumbnailUrl":"https:\/\/lospoliticosveracruz.com.mx\/wp-content\/uploads\/2021\/10\/WhatsApp-Image-2021-10-02-at-15.20.25-212x300.jpeg","datePublished":"2023-05-19T23:07:34+00:00","dateModified":"2023-05-19T23:07:39+00:00","breadcrumb":{"@id":"https:\/\/lospoliticosveracruz.com\/?p=106215#breadcrumb"},"inLanguage":"es","potentialAction":[{"@type":"ReadAction","target":["https:\/\/lospoliticosveracruz.com\/?p=106215"]}]},{"@type":"ImageObject","inLanguage":"es","@id":"https:\/\/lospoliticosveracruz.com\/?p=106215#primaryimage","url":"https:\/\/lospoliticosveracruz.com.mx\/wp-content\/uploads\/2021\/10\/WhatsApp-Image-2021-10-02-at-15.20.25-212x300.jpeg","contentUrl":"https:\/\/lospoliticosveracruz.com.mx\/wp-content\/uploads\/2021\/10\/WhatsApp-Image-2021-10-02-at-15.20.25-212x300.jpeg"},{"@type":"BreadcrumbList","@id":"https:\/\/lospoliticosveracruz.com\/?p=106215#breadcrumb","itemListElement":[{"@type":"ListItem","position":1,"name":"Portada","item":"https:\/\/lospoliticosveracruz.com\/"},{"@type":"ListItem","position":2,"name":"UNA ANTENA PARA SINTONIZARNOS"}]},{"@type":"WebSite","@id":"https:\/\/lospoliticosveracruz.com\/#website","url":"https:\/\/lospoliticosveracruz.com\/","name":"Los pol\u00edticos Veracruz","description":"","publisher":{"@id":"https:\/\/lospoliticosveracruz.com\/#organization"},"potentialAction":[{"@type":"SearchAction","target":{"@type":"EntryPoint","urlTemplate":"https:\/\/lospoliticosveracruz.com\/?s={search_term_string}"},"query-input":{"@type":"PropertyValueSpecification","valueRequired":true,"valueName":"search_term_string"}}],"inLanguage":"es"},{"@type":"Organization","@id":"https:\/\/lospoliticosveracruz.com\/#organization","name":"Los pol\u00edticos Veracruz","url":"https:\/\/lospoliticosveracruz.com\/","logo":{"@type":"ImageObject","inLanguage":"es","@id":"https:\/\/lospoliticosveracruz.com\/#\/schema\/logo\/image\/","url":"https:\/\/lospoliticosveracruz.com\/wp-content\/uploads\/2025\/12\/Logo-Nuevo-LOS-POLITICOS-1.jpg","contentUrl":"https:\/\/lospoliticosveracruz.com\/wp-content\/uploads\/2025\/12\/Logo-Nuevo-LOS-POLITICOS-1.jpg","width":260,"height":70,"caption":"Los pol\u00edticos Veracruz"},"image":{"@id":"https:\/\/lospoliticosveracruz.com\/#\/schema\/logo\/image\/"},"sameAs":["https:\/\/www.facebook.com\/people\/Notimemes-de-los-Polticos\/61565672886568\/","https:\/\/x.com\/LosPoliticosVer"]},{"@type":"Person","@id":"https:\/\/lospoliticosveracruz.com\/#\/schema\/person\/b8702bb0e538456e6efd07080bf2a4a2","name":"Lo viste en Los Pol\u00edticos","image":{"@type":"ImageObject","inLanguage":"es","@id":"https:\/\/secure.gravatar.com\/avatar\/3a8de04a2656d44082be478bd6c086daa447c4651605818287b9532d3d0bd435?s=96&d=mm&r=g","url":"https:\/\/secure.gravatar.com\/avatar\/3a8de04a2656d44082be478bd6c086daa447c4651605818287b9532d3d0bd435?s=96&d=mm&r=g","contentUrl":"https:\/\/secure.gravatar.com\/avatar\/3a8de04a2656d44082be478bd6c086daa447c4651605818287b9532d3d0bd435?s=96&d=mm&r=g","caption":"Lo viste en Los Pol\u00edticos"},"url":"https:\/\/lospoliticosveracruz.com\/?author=2"}]}},"_links":{"self":[{"href":"https:\/\/lospoliticosveracruz.com\/index.php?rest_route=\/wp\/v2\/posts\/106215","targetHints":{"allow":["GET"]}}],"collection":[{"href":"https:\/\/lospoliticosveracruz.com\/index.php?rest_route=\/wp\/v2\/posts"}],"about":[{"href":"https:\/\/lospoliticosveracruz.com\/index.php?rest_route=\/wp\/v2\/types\/post"}],"author":[{"embeddable":true,"href":"https:\/\/lospoliticosveracruz.com\/index.php?rest_route=\/wp\/v2\/users\/2"}],"replies":[{"embeddable":true,"href":"https:\/\/lospoliticosveracruz.com\/index.php?rest_route=%2Fwp%2Fv2%2Fcomments&post=106215"}],"version-history":[{"count":1,"href":"https:\/\/lospoliticosveracruz.com\/index.php?rest_route=\/wp\/v2\/posts\/106215\/revisions"}],"predecessor-version":[{"id":106217,"href":"https:\/\/lospoliticosveracruz.com\/index.php?rest_route=\/wp\/v2\/posts\/106215\/revisions\/106217"}],"wp:attachment":[{"href":"https:\/\/lospoliticosveracruz.com\/index.php?rest_route=%2Fwp%2Fv2%2Fmedia&parent=106215"}],"wp:term":[{"taxonomy":"category","embeddable":true,"href":"https:\/\/lospoliticosveracruz.com\/index.php?rest_route=%2Fwp%2Fv2%2Fcategories&post=106215"},{"taxonomy":"post_tag","embeddable":true,"href":"https:\/\/lospoliticosveracruz.com\/index.php?rest_route=%2Fwp%2Fv2%2Ftags&post=106215"}],"curies":[{"name":"wp","href":"https:\/\/api.w.org\/{rel}","templated":true}]}}