{"id":106296,"date":"2023-05-22T13:21:12","date_gmt":"2023-05-22T18:21:12","guid":{"rendered":"https:\/\/lospoliticosveracruz.com.mx\/?p=106296"},"modified":"2023-05-22T13:21:22","modified_gmt":"2023-05-22T18:21:22","slug":"el-retorno-al-estado-de-policia","status":"publish","type":"post","link":"https:\/\/lospoliticosveracruz.com\/?p=106296","title":{"rendered":"EL RETORNO AL ESTADO DE POLIC\u00cdA"},"content":{"rendered":"\n<p><strong>Inocencio Y\u00e1\u00f1ez Vicencio<\/strong><\/p>\n\n\n\n<p>Nadie espera que en la calle se distinga entre Estado Legal y Estado de Derecho y menos a \u00e9ste con Estado Constitucional.\u00a0\u00a0Pero si asistimos a una reuni\u00f3n de abogados, no s\u00f3lo lo esperamos, lo exigimos. Lamentable que los que consideramos expertos no sepan cuando hablan de uno o de otro.<\/p>\n\n\n<div class=\"wp-block-image\">\n<figure class=\"alignleft size-full is-resized\"><a href=\"https:\/\/lospoliticosveracruz.com.mx\/wp-content\/uploads\/2023\/02\/Vinissimo.jpg\"><img loading=\"lazy\" decoding=\"async\" src=\"https:\/\/lospoliticosveracruz.com.mx\/wp-content\/uploads\/2023\/02\/Vinissimo.jpg\" alt=\"\" class=\"wp-image-102752\" width=\"175\" height=\"178\"\/><\/a><\/figure>\n<\/div>\n\n\n<p>Desde luego fue muy nutritiva la casu\u00edstica, sabiendo que lo particular es m\u00e1s rico que lo general. Pero necesitamos relacionar\u00a0\u00a0los casos y hechos particulares y llavarlos a la sistematizaci\u00f3n. Es imprescindible contar con un adecuado aparato conceptual y metodol\u00f3gico. Para defender el Estado de derecho es fundamental comprenderlo, hist\u00f3ricamente, descriptivamente y en su teor\u00eda. Entre quienes trabajan este concepto tenemos principalmente a Elias Diaz, Gregorio\u00a0\u00a0Paces-Barba, A. E. P\u00e9rez Lu\u00f1o, Rafael De Asis, Liborio Hierro, M. Fioravanti, L. Ferrajoli, Jacques Chevallier&#8230;No es f\u00e1cil\u00a0\u00a0tener claro su contorno. El eminente maestro Gregorio Peces- Barba dice que no debe hacerse diferencia entre Estado de derecho y Estado Constitucional. Rafael De Asis nos habla de modelos de Estado de derecho. Don Pablo Lucas Verd\u00fa afirma que Robert\u00a0\u00a0von Mohl, acu\u00f1\u00f3 el concepto, cuando fue quien lo populariz\u00f3 pero quien lo acu\u00f1\u00f3 en 1798 fue Johann Wilhelm Placidus, dice Chevaliar que utilizo este neologismo para calificar la Escuela Kantiana, que toma su forma en el t\u00e9rmino de Rechtsstaat, pr\u00f3ximo de la Rule of law brit\u00e1nica. Kant ya hab\u00eda dicho que el Estado se realiza a trav\u00e9s del derecho, principio que llega al paroxismo con H. Kelsen, quien termina disolviendo el Estado en el derecho. Nos advierte Chavallier que: \u00bb a diferencia de la Rule of law, el Estdado de derecho fue concebido, en lo fundamental, de manera formal, independientemente de todo caracter &#8216; sustancial&#8217; o &#8216; procesal\u00bb. Muy importante si tomamos\u00a0\u00a0en cuenta que nuestro sistema jur\u00eddico no se funda en el derecho com\u00fan. En la reuni\u00f3n del pasado 18, que tuvo como inviatado al diputado Jos\u00e9 F Yunes Zorrilla, quien con su magistral intervenci\u00f3n, demostr\u00f3, una vez m\u00e1s\u00a0\u00a0ser el pol\u00edtico m\u00e1s preperado, honesto y templado qie tiene Veracruz, adem\u00e1s, bien recibidas las propuestas de Antonio Barat P\u00e9rez y la intervenci\u00f3n muy anal\u00edtica de Manlio Fabio Cazar\u00edn. Ojala hubiera ha habido m\u00e1s\u00a0\u00a0piezas en la direcci\u00f3n de esas tres.\u00a0<\/p>\n\n\n\n<p>A los ojos de sus te\u00f3ricos- nos dice el erudito Chevallier- la caracter\u00edstica esencial del Rechtsstaat radica en sus relaciones con los administrados, y en todo lo referente al estatus individual de los mismos, el Estado act\u00faa sobre la base de reglas generales, de normas prexistentes. Esta exigencia adquiere su verdadero sentido con relaci\u00f3n a la administraci\u00f3n y constituye el principio fundamental de diferenciaci\u00f3n&nbsp;&nbsp;entre el Estado de derecho ( Rechtsstaat) y el Estado de Polic\u00eda ( Polizeistaat ).<\/p>\n\n\n\n<p>Por eso me gust\u00f3 que Manlio Fabio Cazar\u00edn, enfatizara que los ciudadanos tenemos derecho a una buena administraci\u00f3n. No comparto que llame a ese derecho un derecho humano, porque conforme a&nbsp;&nbsp;la filosof\u00eda liberal los derechos humanos son anteriores al Estado y solo se reconocen, en tanto los derechos ciudadanos los otorga la organizaci\u00f3n pol\u00edtica a la se pertenece. No ignoro la brillante refutaci\u00f3n que hizo el&nbsp;&nbsp;&nbsp;llamado por Maurice&nbsp;&nbsp;Hauriou ( de orientaci\u00f3n cristiana), el anarquista de la c\u00e1tedra Leon Duguit, al sostener que los derechos individuales tiene su fuente en la relaci\u00f3n social o solidaridad. En com\u00fan mandar todo al casillero de los derechos humanos, pero no se trata de un error menor porque recordemos que la concepci\u00f3n hegem\u00f3nica es la considerarlos como derechos naturales y por ello inmodificables, inalterables, intocables y eternos, con lo cual se ponen fuera del alcance de la soberan\u00eda, no obstante que el enfrentamiento entre la revelaci\u00f3n y la raz\u00f3n se inclinara a favor de esta \u00faltima. Debate no sellado desde el momento que vemos que el mismo Monreal, acaba de invocar la revelaci\u00f3n como fuente. No est\u00e1 por dem\u00e1s hacer un correcto deslindo, m\u00e1s viendo que los oscurantistas est\u00e1n al acecho.<\/p>\n\n\n\n<p>En su libro El Estado de Derecho, el reputado Chavallier nos dice que: Como el Estado de derecho, y a diferencia del gobierno desp\u00f3tico o arbitrario, el Estado de Polic\u00eda acuerda un amplio espacio al derecho: pero este es un derecho puramente instrumental, respecto del cual la administraci\u00f3n dispone de un pleno dominio, sin estar sometido al respecto de normas superiores que se impondr\u00edan a ella; sirviendo a imponer obligaciones a los admistrados, sin ser, a su turno, fuente de obligaciones para la administraci\u00f3n, el es la expresi\u00f3n y la sinopsis de todo el poder administrativo.&nbsp;&nbsp;El Estado de Polic\u00eda est\u00e1 fundado sobre los buenos deseos del Pr\u00edncipe: no hay ni veradero l\u00edmite jur\u00eddico en la ejecuci\u00f3n del poder, , ni real protecci\u00f3n&nbsp;&nbsp;de los ciudadanos contra el poder.<\/p>\n\n\n\n<p>No creo que halla mejor espejo a este texto, que la quiebra de las instituciones republicanas que hoy vive M\u00e9xico.&nbsp;&nbsp;<\/p>\n\n\n\n<p>En un Estado Constitucional&nbsp;&nbsp;el Tribunal Constitucional&nbsp;&nbsp;no ejerce ni suple la soberan\u00eda al velar que una ley reglamentaria o un acto administrativo violente precisamente la Norma Superior que garantiza el Estado democr\u00e1tico&nbsp;&nbsp;y su legalidad. Hoy, como bien lo afirma R. Dworkin, en su libro: Los Derechos en Serio, los operadores del derecho resuelven las contrversias conforme a reglas y principios vinculantes. Eso si conforme a la letra y al esp\u00edritu del derecho. Son arbitros, raz\u00f3n por la cual es mentira que en M\u00e9xico alguna vez han sido electos de manera directa, porque no pueden ser representantes de partidos, no pueden llegar a la Corte con compromisos pol\u00edticos, porque al ser \u00c1RBITROS, deben ser parciales, para que sus resoluciones respondan a la justicia.<\/p>\n\n\n\n<p>El principio liberal de que los ciudadanos pueden hacer todo lo que no les prohibe la ley, mientras los gobernantes \u00fanicamente pueden llevar a cabo lo que expresamente les manda la ley, coloca al gobierno de Amlo como pr\u00f3fugo de la justicia desde el dia que organiz\u00f3 consultas al margen de la ley y al gobernador Cuitlahuac Garc\u00eda Jim\u00e9nez, como un delincuente reincidente al realizar un bloqueo a la SCJN, por la ruptura formal del Estado de derecho y hacernos retroceder a un simple Estado de Polic\u00eda, por lo cual debe ser juzgado y condenado.<\/p>\n","protected":false},"excerpt":{"rendered":"<p>Inocencio Y\u00e1\u00f1ez Vicencio Nadie espera que en la calle se distinga entre Estado Legal y Estado de Derecho y menos a \u00e9ste con Estado Constitucional.\u00a0\u00a0Pero si asistimos a una reuni\u00f3n de abogados, no s\u00f3lo lo esperamos, lo exigimos. Lamentable que los que consideramos expertos no sepan cuando hablan de uno o de otro. Desde luego [&hellip;]<\/p>\n","protected":false},"author":2,"featured_media":0,"comment_status":"closed","ping_status":"closed","sticky":false,"template":"","format":"standard","meta":{"tdm_status":"","tdm_grid_status":"","footnotes":""},"categories":[70],"tags":[1563,8256,1026,3965,195],"class_list":{"0":"post-106296","1":"post","2":"type-post","3":"status-publish","4":"format-standard","6":"category-de-opinion","7":"tag-cuitlahuac-garcia-jimenez","8":"tag-inocencio-yanez-vicencio","9":"tag-morena","10":"tag-scjn","11":"tag-veracruz"},"yoast_head":"<!-- This site is optimized with the Yoast SEO plugin v27.4 - https:\/\/yoast.com\/product\/yoast-seo-wordpress\/ -->\n<title>EL RETORNO AL ESTADO DE POLIC\u00cdA - Los pol\u00edticos Veracruz<\/title>\n<meta name=\"robots\" content=\"index, follow, max-snippet:-1, max-image-preview:large, max-video-preview:-1\" \/>\n<link rel=\"canonical\" href=\"https:\/\/lospoliticosveracruz.com\/?p=106296\" \/>\n<meta property=\"og:locale\" content=\"es_ES\" \/>\n<meta property=\"og:type\" content=\"article\" \/>\n<meta property=\"og:title\" content=\"EL RETORNO AL ESTADO DE POLIC\u00cdA - Los pol\u00edticos Veracruz\" \/>\n<meta property=\"og:description\" content=\"Inocencio Y\u00e1\u00f1ez Vicencio Nadie espera que en la calle se distinga entre Estado Legal y Estado de Derecho y menos a \u00e9ste con Estado Constitucional.\u00a0\u00a0Pero si asistimos a una reuni\u00f3n de abogados, no s\u00f3lo lo esperamos, lo exigimos. Lamentable que los que consideramos expertos no sepan cuando hablan de uno o de otro. Desde luego [&hellip;]\" \/>\n<meta property=\"og:url\" content=\"https:\/\/lospoliticosveracruz.com\/?p=106296\" \/>\n<meta property=\"og:site_name\" content=\"Los pol\u00edticos Veracruz\" \/>\n<meta property=\"article:publisher\" content=\"https:\/\/www.facebook.com\/people\/Notimemes-de-los-Polticos\/61565672886568\/\" \/>\n<meta property=\"article:published_time\" content=\"2023-05-22T18:21:12+00:00\" \/>\n<meta property=\"article:modified_time\" content=\"2023-05-22T18:21:22+00:00\" \/>\n<meta property=\"og:image\" content=\"https:\/\/lospoliticosveracruz.com.mx\/wp-content\/uploads\/2023\/02\/Vinissimo.jpg\" \/>\n<meta name=\"author\" content=\"Lo viste en Los Pol\u00edticos\" \/>\n<meta name=\"twitter:card\" content=\"summary_large_image\" \/>\n<meta name=\"twitter:creator\" content=\"@LosPoliticosVer\" \/>\n<meta name=\"twitter:site\" content=\"@LosPoliticosVer\" \/>\n<meta name=\"twitter:label1\" content=\"Escrito por\" \/>\n\t<meta name=\"twitter:data1\" content=\"Lo viste en Los Pol\u00edticos\" \/>\n\t<meta name=\"twitter:label2\" content=\"Tiempo de lectura\" \/>\n\t<meta name=\"twitter:data2\" content=\"6 minutos\" \/>\n<script type=\"application\/ld+json\" class=\"yoast-schema-graph\">{\"@context\":\"https:\\\/\\\/schema.org\",\"@graph\":[{\"@type\":\"Article\",\"@id\":\"https:\\\/\\\/lospoliticosveracruz.com\\\/?p=106296#article\",\"isPartOf\":{\"@id\":\"https:\\\/\\\/lospoliticosveracruz.com\\\/?p=106296\"},\"author\":{\"name\":\"Lo viste en Los Pol\u00edticos\",\"@id\":\"https:\\\/\\\/lospoliticosveracruz.com\\\/#\\\/schema\\\/person\\\/b8702bb0e538456e6efd07080bf2a4a2\"},\"headline\":\"EL RETORNO AL ESTADO DE POLIC\u00cdA\",\"datePublished\":\"2023-05-22T18:21:12+00:00\",\"dateModified\":\"2023-05-22T18:21:22+00:00\",\"mainEntityOfPage\":{\"@id\":\"https:\\\/\\\/lospoliticosveracruz.com\\\/?p=106296\"},\"wordCount\":1116,\"publisher\":{\"@id\":\"https:\\\/\\\/lospoliticosveracruz.com\\\/#organization\"},\"image\":{\"@id\":\"https:\\\/\\\/lospoliticosveracruz.com\\\/?p=106296#primaryimage\"},\"thumbnailUrl\":\"https:\\\/\\\/lospoliticosveracruz.com.mx\\\/wp-content\\\/uploads\\\/2023\\\/02\\\/Vinissimo.jpg\",\"keywords\":[\"Cuitl\u00e1huac Garc\u00eda Jim\u00e9nez\",\"Inocencio Y\u00e1\u00f1ez Vicencio\",\"Morena\",\"SCJN\",\"Veracruz\"],\"articleSection\":[\"De Opini\u00f3n\"],\"inLanguage\":\"es\"},{\"@type\":\"WebPage\",\"@id\":\"https:\\\/\\\/lospoliticosveracruz.com\\\/?p=106296\",\"url\":\"https:\\\/\\\/lospoliticosveracruz.com\\\/?p=106296\",\"name\":\"EL RETORNO AL ESTADO DE POLIC\u00cdA - Los pol\u00edticos Veracruz\",\"isPartOf\":{\"@id\":\"https:\\\/\\\/lospoliticosveracruz.com\\\/#website\"},\"primaryImageOfPage\":{\"@id\":\"https:\\\/\\\/lospoliticosveracruz.com\\\/?p=106296#primaryimage\"},\"image\":{\"@id\":\"https:\\\/\\\/lospoliticosveracruz.com\\\/?p=106296#primaryimage\"},\"thumbnailUrl\":\"https:\\\/\\\/lospoliticosveracruz.com.mx\\\/wp-content\\\/uploads\\\/2023\\\/02\\\/Vinissimo.jpg\",\"datePublished\":\"2023-05-22T18:21:12+00:00\",\"dateModified\":\"2023-05-22T18:21:22+00:00\",\"breadcrumb\":{\"@id\":\"https:\\\/\\\/lospoliticosveracruz.com\\\/?p=106296#breadcrumb\"},\"inLanguage\":\"es\",\"potentialAction\":[{\"@type\":\"ReadAction\",\"target\":[\"https:\\\/\\\/lospoliticosveracruz.com\\\/?p=106296\"]}]},{\"@type\":\"ImageObject\",\"inLanguage\":\"es\",\"@id\":\"https:\\\/\\\/lospoliticosveracruz.com\\\/?p=106296#primaryimage\",\"url\":\"https:\\\/\\\/lospoliticosveracruz.com.mx\\\/wp-content\\\/uploads\\\/2023\\\/02\\\/Vinissimo.jpg\",\"contentUrl\":\"https:\\\/\\\/lospoliticosveracruz.com.mx\\\/wp-content\\\/uploads\\\/2023\\\/02\\\/Vinissimo.jpg\"},{\"@type\":\"BreadcrumbList\",\"@id\":\"https:\\\/\\\/lospoliticosveracruz.com\\\/?p=106296#breadcrumb\",\"itemListElement\":[{\"@type\":\"ListItem\",\"position\":1,\"name\":\"Portada\",\"item\":\"https:\\\/\\\/lospoliticosveracruz.com\\\/\"},{\"@type\":\"ListItem\",\"position\":2,\"name\":\"EL RETORNO AL ESTADO DE POLIC\u00cdA\"}]},{\"@type\":\"WebSite\",\"@id\":\"https:\\\/\\\/lospoliticosveracruz.com\\\/#website\",\"url\":\"https:\\\/\\\/lospoliticosveracruz.com\\\/\",\"name\":\"Los pol\u00edticos Veracruz\",\"description\":\"\",\"publisher\":{\"@id\":\"https:\\\/\\\/lospoliticosveracruz.com\\\/#organization\"},\"potentialAction\":[{\"@type\":\"SearchAction\",\"target\":{\"@type\":\"EntryPoint\",\"urlTemplate\":\"https:\\\/\\\/lospoliticosveracruz.com\\\/?s={search_term_string}\"},\"query-input\":{\"@type\":\"PropertyValueSpecification\",\"valueRequired\":true,\"valueName\":\"search_term_string\"}}],\"inLanguage\":\"es\"},{\"@type\":\"Organization\",\"@id\":\"https:\\\/\\\/lospoliticosveracruz.com\\\/#organization\",\"name\":\"Los pol\u00edticos Veracruz\",\"url\":\"https:\\\/\\\/lospoliticosveracruz.com\\\/\",\"logo\":{\"@type\":\"ImageObject\",\"inLanguage\":\"es\",\"@id\":\"https:\\\/\\\/lospoliticosveracruz.com\\\/#\\\/schema\\\/logo\\\/image\\\/\",\"url\":\"https:\\\/\\\/lospoliticosveracruz.com\\\/wp-content\\\/uploads\\\/2025\\\/12\\\/Logo-Nuevo-LOS-POLITICOS-1.jpg\",\"contentUrl\":\"https:\\\/\\\/lospoliticosveracruz.com\\\/wp-content\\\/uploads\\\/2025\\\/12\\\/Logo-Nuevo-LOS-POLITICOS-1.jpg\",\"width\":260,\"height\":70,\"caption\":\"Los pol\u00edticos Veracruz\"},\"image\":{\"@id\":\"https:\\\/\\\/lospoliticosveracruz.com\\\/#\\\/schema\\\/logo\\\/image\\\/\"},\"sameAs\":[\"https:\\\/\\\/www.facebook.com\\\/people\\\/Notimemes-de-los-Polticos\\\/61565672886568\\\/\",\"https:\\\/\\\/x.com\\\/LosPoliticosVer\"]},{\"@type\":\"Person\",\"@id\":\"https:\\\/\\\/lospoliticosveracruz.com\\\/#\\\/schema\\\/person\\\/b8702bb0e538456e6efd07080bf2a4a2\",\"name\":\"Lo viste en Los Pol\u00edticos\",\"image\":{\"@type\":\"ImageObject\",\"inLanguage\":\"es\",\"@id\":\"https:\\\/\\\/secure.gravatar.com\\\/avatar\\\/3a8de04a2656d44082be478bd6c086daa447c4651605818287b9532d3d0bd435?s=96&d=mm&r=g\",\"url\":\"https:\\\/\\\/secure.gravatar.com\\\/avatar\\\/3a8de04a2656d44082be478bd6c086daa447c4651605818287b9532d3d0bd435?s=96&d=mm&r=g\",\"contentUrl\":\"https:\\\/\\\/secure.gravatar.com\\\/avatar\\\/3a8de04a2656d44082be478bd6c086daa447c4651605818287b9532d3d0bd435?s=96&d=mm&r=g\",\"caption\":\"Lo viste en Los Pol\u00edticos\"},\"url\":\"https:\\\/\\\/lospoliticosveracruz.com\\\/?author=2\"}]}<\/script>\n<!-- \/ Yoast SEO plugin. -->","yoast_head_json":{"title":"EL RETORNO AL ESTADO DE POLIC\u00cdA - Los pol\u00edticos Veracruz","robots":{"index":"index","follow":"follow","max-snippet":"max-snippet:-1","max-image-preview":"max-image-preview:large","max-video-preview":"max-video-preview:-1"},"canonical":"https:\/\/lospoliticosveracruz.com\/?p=106296","og_locale":"es_ES","og_type":"article","og_title":"EL RETORNO AL ESTADO DE POLIC\u00cdA - Los pol\u00edticos Veracruz","og_description":"Inocencio Y\u00e1\u00f1ez Vicencio Nadie espera que en la calle se distinga entre Estado Legal y Estado de Derecho y menos a \u00e9ste con Estado Constitucional.\u00a0\u00a0Pero si asistimos a una reuni\u00f3n de abogados, no s\u00f3lo lo esperamos, lo exigimos. Lamentable que los que consideramos expertos no sepan cuando hablan de uno o de otro. Desde luego [&hellip;]","og_url":"https:\/\/lospoliticosveracruz.com\/?p=106296","og_site_name":"Los pol\u00edticos Veracruz","article_publisher":"https:\/\/www.facebook.com\/people\/Notimemes-de-los-Polticos\/61565672886568\/","article_published_time":"2023-05-22T18:21:12+00:00","article_modified_time":"2023-05-22T18:21:22+00:00","og_image":[{"url":"https:\/\/lospoliticosveracruz.com.mx\/wp-content\/uploads\/2023\/02\/Vinissimo.jpg","type":"","width":"","height":""}],"author":"Lo viste en Los Pol\u00edticos","twitter_card":"summary_large_image","twitter_creator":"@LosPoliticosVer","twitter_site":"@LosPoliticosVer","twitter_misc":{"Escrito por":"Lo viste en Los Pol\u00edticos","Tiempo de lectura":"6 minutos"},"schema":{"@context":"https:\/\/schema.org","@graph":[{"@type":"Article","@id":"https:\/\/lospoliticosveracruz.com\/?p=106296#article","isPartOf":{"@id":"https:\/\/lospoliticosveracruz.com\/?p=106296"},"author":{"name":"Lo viste en Los Pol\u00edticos","@id":"https:\/\/lospoliticosveracruz.com\/#\/schema\/person\/b8702bb0e538456e6efd07080bf2a4a2"},"headline":"EL RETORNO AL ESTADO DE POLIC\u00cdA","datePublished":"2023-05-22T18:21:12+00:00","dateModified":"2023-05-22T18:21:22+00:00","mainEntityOfPage":{"@id":"https:\/\/lospoliticosveracruz.com\/?p=106296"},"wordCount":1116,"publisher":{"@id":"https:\/\/lospoliticosveracruz.com\/#organization"},"image":{"@id":"https:\/\/lospoliticosveracruz.com\/?p=106296#primaryimage"},"thumbnailUrl":"https:\/\/lospoliticosveracruz.com.mx\/wp-content\/uploads\/2023\/02\/Vinissimo.jpg","keywords":["Cuitl\u00e1huac Garc\u00eda Jim\u00e9nez","Inocencio Y\u00e1\u00f1ez Vicencio","Morena","SCJN","Veracruz"],"articleSection":["De Opini\u00f3n"],"inLanguage":"es"},{"@type":"WebPage","@id":"https:\/\/lospoliticosveracruz.com\/?p=106296","url":"https:\/\/lospoliticosveracruz.com\/?p=106296","name":"EL RETORNO AL ESTADO DE POLIC\u00cdA - Los pol\u00edticos Veracruz","isPartOf":{"@id":"https:\/\/lospoliticosveracruz.com\/#website"},"primaryImageOfPage":{"@id":"https:\/\/lospoliticosveracruz.com\/?p=106296#primaryimage"},"image":{"@id":"https:\/\/lospoliticosveracruz.com\/?p=106296#primaryimage"},"thumbnailUrl":"https:\/\/lospoliticosveracruz.com.mx\/wp-content\/uploads\/2023\/02\/Vinissimo.jpg","datePublished":"2023-05-22T18:21:12+00:00","dateModified":"2023-05-22T18:21:22+00:00","breadcrumb":{"@id":"https:\/\/lospoliticosveracruz.com\/?p=106296#breadcrumb"},"inLanguage":"es","potentialAction":[{"@type":"ReadAction","target":["https:\/\/lospoliticosveracruz.com\/?p=106296"]}]},{"@type":"ImageObject","inLanguage":"es","@id":"https:\/\/lospoliticosveracruz.com\/?p=106296#primaryimage","url":"https:\/\/lospoliticosveracruz.com.mx\/wp-content\/uploads\/2023\/02\/Vinissimo.jpg","contentUrl":"https:\/\/lospoliticosveracruz.com.mx\/wp-content\/uploads\/2023\/02\/Vinissimo.jpg"},{"@type":"BreadcrumbList","@id":"https:\/\/lospoliticosveracruz.com\/?p=106296#breadcrumb","itemListElement":[{"@type":"ListItem","position":1,"name":"Portada","item":"https:\/\/lospoliticosveracruz.com\/"},{"@type":"ListItem","position":2,"name":"EL RETORNO AL ESTADO DE POLIC\u00cdA"}]},{"@type":"WebSite","@id":"https:\/\/lospoliticosveracruz.com\/#website","url":"https:\/\/lospoliticosveracruz.com\/","name":"Los pol\u00edticos Veracruz","description":"","publisher":{"@id":"https:\/\/lospoliticosveracruz.com\/#organization"},"potentialAction":[{"@type":"SearchAction","target":{"@type":"EntryPoint","urlTemplate":"https:\/\/lospoliticosveracruz.com\/?s={search_term_string}"},"query-input":{"@type":"PropertyValueSpecification","valueRequired":true,"valueName":"search_term_string"}}],"inLanguage":"es"},{"@type":"Organization","@id":"https:\/\/lospoliticosveracruz.com\/#organization","name":"Los pol\u00edticos Veracruz","url":"https:\/\/lospoliticosveracruz.com\/","logo":{"@type":"ImageObject","inLanguage":"es","@id":"https:\/\/lospoliticosveracruz.com\/#\/schema\/logo\/image\/","url":"https:\/\/lospoliticosveracruz.com\/wp-content\/uploads\/2025\/12\/Logo-Nuevo-LOS-POLITICOS-1.jpg","contentUrl":"https:\/\/lospoliticosveracruz.com\/wp-content\/uploads\/2025\/12\/Logo-Nuevo-LOS-POLITICOS-1.jpg","width":260,"height":70,"caption":"Los pol\u00edticos Veracruz"},"image":{"@id":"https:\/\/lospoliticosveracruz.com\/#\/schema\/logo\/image\/"},"sameAs":["https:\/\/www.facebook.com\/people\/Notimemes-de-los-Polticos\/61565672886568\/","https:\/\/x.com\/LosPoliticosVer"]},{"@type":"Person","@id":"https:\/\/lospoliticosveracruz.com\/#\/schema\/person\/b8702bb0e538456e6efd07080bf2a4a2","name":"Lo viste en Los Pol\u00edticos","image":{"@type":"ImageObject","inLanguage":"es","@id":"https:\/\/secure.gravatar.com\/avatar\/3a8de04a2656d44082be478bd6c086daa447c4651605818287b9532d3d0bd435?s=96&d=mm&r=g","url":"https:\/\/secure.gravatar.com\/avatar\/3a8de04a2656d44082be478bd6c086daa447c4651605818287b9532d3d0bd435?s=96&d=mm&r=g","contentUrl":"https:\/\/secure.gravatar.com\/avatar\/3a8de04a2656d44082be478bd6c086daa447c4651605818287b9532d3d0bd435?s=96&d=mm&r=g","caption":"Lo viste en Los Pol\u00edticos"},"url":"https:\/\/lospoliticosveracruz.com\/?author=2"}]}},"_links":{"self":[{"href":"https:\/\/lospoliticosveracruz.com\/index.php?rest_route=\/wp\/v2\/posts\/106296","targetHints":{"allow":["GET"]}}],"collection":[{"href":"https:\/\/lospoliticosveracruz.com\/index.php?rest_route=\/wp\/v2\/posts"}],"about":[{"href":"https:\/\/lospoliticosveracruz.com\/index.php?rest_route=\/wp\/v2\/types\/post"}],"author":[{"embeddable":true,"href":"https:\/\/lospoliticosveracruz.com\/index.php?rest_route=\/wp\/v2\/users\/2"}],"replies":[{"embeddable":true,"href":"https:\/\/lospoliticosveracruz.com\/index.php?rest_route=%2Fwp%2Fv2%2Fcomments&post=106296"}],"version-history":[{"count":1,"href":"https:\/\/lospoliticosveracruz.com\/index.php?rest_route=\/wp\/v2\/posts\/106296\/revisions"}],"predecessor-version":[{"id":106297,"href":"https:\/\/lospoliticosveracruz.com\/index.php?rest_route=\/wp\/v2\/posts\/106296\/revisions\/106297"}],"wp:attachment":[{"href":"https:\/\/lospoliticosveracruz.com\/index.php?rest_route=%2Fwp%2Fv2%2Fmedia&parent=106296"}],"wp:term":[{"taxonomy":"category","embeddable":true,"href":"https:\/\/lospoliticosveracruz.com\/index.php?rest_route=%2Fwp%2Fv2%2Fcategories&post=106296"},{"taxonomy":"post_tag","embeddable":true,"href":"https:\/\/lospoliticosveracruz.com\/index.php?rest_route=%2Fwp%2Fv2%2Ftags&post=106296"}],"curies":[{"name":"wp","href":"https:\/\/api.w.org\/{rel}","templated":true}]}}