{"id":106342,"date":"2023-05-23T08:57:14","date_gmt":"2023-05-23T13:57:14","guid":{"rendered":"https:\/\/lospoliticosveracruz.com.mx\/?p=106342"},"modified":"2023-05-23T08:57:23","modified_gmt":"2023-05-23T13:57:23","slug":"morena-puntero-en-encuestas","status":"publish","type":"post","link":"https:\/\/lospoliticosveracruz.com\/?p=106342","title":{"rendered":"MORENA, PUNTERO EN ENCUESTAS"},"content":{"rendered":"\n<p><\/p>\n\n\n\n<p><strong>Yair Ademar Dom\u00ednguez<br><\/strong><em>Punto y Coma<\/em><\/p>\n\n\n\n<p>En un estudio de opini\u00f3n reciente, realizado por un medio de comunicaci\u00f3n de circulaci\u00f3n nacional, se indica que el Movimiento de Regeneraci\u00f3n Nacional \u201cy sus aspirantes a la candidatura presidencial conservan una s\u00f3lida ventaja sobre la oposici\u00f3n rumbo a la elecci\u00f3n del pr\u00f3ximo a\u00f1o\u201d, lo que habla del buen trabajo que se est\u00e1 realizando en todo el territorio nacional.<\/p>\n\n\n\n<figure class=\"wp-block-image size-large\"><a href=\"https:\/\/lospoliticosveracruz.com.mx\/wp-content\/uploads\/2016\/07\/Seguro-Julio-Cerecedo-2.jpg\"><img decoding=\"async\" src=\"https:\/\/lospoliticosveracruz.com.mx\/wp-content\/uploads\/2016\/07\/Seguro-Julio-Cerecedo-2-1024x381.jpg\" alt=\"\" class=\"wp-image-105879\"\/><\/a><\/figure>\n\n\n\n<p>Es verdad que existe una oposici\u00f3n que se ha venido agrupando, para contrarrestar este efecto, de un mandato que le ha dado prioridad a la gente, a los hombres y mujeres de esta naci\u00f3n, por encima de las \u00e9lites, acostumbradas siempre a lucrar con el poder p\u00fablico, pero este estudio pinta un buen escenario para este movimiento que ha venido consolid\u00e1ndose en el pa\u00eds.<\/p>\n\n\n\n<p>La encuesta de Buend\u00eda &amp; M\u00e1rquez realizada para este medio, indica que considerando a los partidos pol\u00edticos de manera individual, la fragmentaci\u00f3n del voto opositor coloca a Morena a una distancia significativa de los dem\u00e1s institutos pol\u00edticos. Morena lidera la preferencia electoral con boleta gen\u00e9rica (usando emblemas de los partidos sin nombres de candidatos) con 41% de las preferencias, mientras que PAN y PRI obtienen 14% y 12%, respectivamente. Les siguen los dem\u00e1s partidos con porcentajes que rondan entre 3% y 5%. Por su parte, 19% de los encuestados no ofreci\u00f3 respuesta a la pregunta de intenci\u00f3n de voto.<\/p>\n\n\n\n<p>Estas cifras reflejan tambi\u00e9n la opini\u00f3n de los ciudadanos hacia los partidos tradicionales. PRI, PAN y PRD son los institutos que reciben m\u00e1s opiniones negativas que positivas (con balances de -27, -11 y -14 puntos, respectivamente). En contraste, casi siete de cada 10 entrevistados manifestaron tener buena opini\u00f3n de Morena. Al comparar las cifras de intenci\u00f3n de voto y opini\u00f3n de los partidos, se deduce que aunque Morena no es la primera opci\u00f3n de la mayor\u00eda del electorado, tampoco despierta un rechazo generalizado. Es decir, al menos en t\u00e9rminos del sistema de partidos, no hay evidencia de polarizaci\u00f3n, indica el estudio.<\/p>\n\n\n\n<p>La moneda est\u00e1 en el aire. Interesantes los resultados de este estudio. Habr\u00eda que esperar los tiempos, pero en tanto, se ve y se siente la fortaleza del Movimiento de Regeneraci\u00f3n Nacional en todo el pa\u00eds.<\/p>\n\n\n\n<p><strong>Huele a podrido en la SCJN<\/strong><\/p>\n\n\n\n<p>\u201cAlgo huele a podrido en Dinamarca\u201d. La frase de William Shakespeare en Hamlet bien se podr\u00eda aplicar a lo que sucede en la Suprema Corte de Justicia de la Naci\u00f3n. \u201cAlgo huele a podrido\u201d. S\u00ed, los intereses neoliberales llegaron al m\u00e1ximo tribunal del pa\u00eds, quien intenta sobrevivir para seguir manteniendo al antiguo r\u00e9gimen de mentiras y latrocinios. Son los mismos que intentaron manipular al Instituto Nacional Electoral, son los mismos que salen a las marchas, disfrazados de \u201cpueblo\u201d, cuando en realidad pertenecen a la \u00e9lite que empobreci\u00f3 a este pa\u00eds.<\/p>\n\n\n\n<p>El presidente Andr\u00e9s Manuel L\u00f3pez Obrador los ha venido desenmascarando los intereses de Claudio X. Gonz\u00e1lez y de estos ap\u00e1tridas, hombres y mujeres de privilegios, que se han topado con pared, porque la determinaci\u00f3n del mandatario mexicano y del Movimiento de Regeneraci\u00f3n Nacional es ingente y est\u00e1 dispuesta a llegar hasta las \u00faltimas consecuencias para defender la soberan\u00eda de la naci\u00f3n desde el pueblo.<\/p>\n\n\n\n<p>\u00abNosotros por el voto llegamos aqu\u00ed (a la Presidencia), pero el Poder Judicial se hered\u00f3 del antiguo r\u00e9gimen y est\u00e1 intacto, es el Poder Judicial de siempre y hay que renovarlo, como obedece a los intereses del antiguo r\u00e9gimen es un poder para proteger privilegios de una minor\u00eda, no para proteger al pueblo y para defender a delincuentes de cuello blanco y de la delincuencia organizada\u00bb, expres\u00f3 el jefe de las instituciones del pa\u00eds.<\/p>\n\n\n\n<p>Comentarios: Facebook Yair Ademar Dominguez Twitter @YairAdemar<\/p>\n","protected":false},"excerpt":{"rendered":"<p>Yair Ademar Dom\u00ednguezPunto y Coma En un estudio de opini\u00f3n reciente, realizado por un medio de comunicaci\u00f3n de circulaci\u00f3n nacional, se indica que el Movimiento de Regeneraci\u00f3n Nacional \u201cy sus aspirantes a la candidatura presidencial conservan una s\u00f3lida ventaja sobre la oposici\u00f3n rumbo a la elecci\u00f3n del pr\u00f3ximo a\u00f1o\u201d, lo que habla del buen trabajo [&hellip;]<\/p>\n","protected":false},"author":2,"featured_media":0,"comment_status":"closed","ping_status":"closed","sticky":false,"template":"","format":"standard","meta":{"tdm_status":"","tdm_grid_status":"","footnotes":""},"categories":[70],"tags":[618,1026,2212,24777,251,6361,20652],"class_list":{"0":"post-106342","1":"post","2":"type-post","3":"status-publish","4":"format-standard","6":"category-de-opinion","7":"tag-andres-manuel-lopez-obrador","8":"tag-morena","9":"tag-movimiento-de-regeneracion-nacional","10":"tag-pan-y-prd","11":"tag-pri","12":"tag-suprema-corte-de-justicia-de-la-nacion","13":"tag-yair-ademar-dominguez"},"yoast_head":"<!-- This site is optimized with the Yoast SEO plugin v27.4 - https:\/\/yoast.com\/product\/yoast-seo-wordpress\/ -->\n<title>MORENA, PUNTERO EN ENCUESTAS - Los pol\u00edticos Veracruz<\/title>\n<meta name=\"robots\" content=\"index, follow, max-snippet:-1, max-image-preview:large, max-video-preview:-1\" \/>\n<link rel=\"canonical\" href=\"https:\/\/lospoliticosveracruz.com\/?p=106342\" \/>\n<meta property=\"og:locale\" content=\"es_ES\" \/>\n<meta property=\"og:type\" content=\"article\" \/>\n<meta property=\"og:title\" content=\"MORENA, PUNTERO EN ENCUESTAS - Los pol\u00edticos Veracruz\" \/>\n<meta property=\"og:description\" content=\"Yair Ademar Dom\u00ednguezPunto y Coma En un estudio de opini\u00f3n reciente, realizado por un medio de comunicaci\u00f3n de circulaci\u00f3n nacional, se indica que el Movimiento de Regeneraci\u00f3n Nacional \u201cy sus aspirantes a la candidatura presidencial conservan una s\u00f3lida ventaja sobre la oposici\u00f3n rumbo a la elecci\u00f3n del pr\u00f3ximo a\u00f1o\u201d, lo que habla del buen trabajo [&hellip;]\" \/>\n<meta property=\"og:url\" content=\"https:\/\/lospoliticosveracruz.com\/?p=106342\" \/>\n<meta property=\"og:site_name\" content=\"Los pol\u00edticos Veracruz\" \/>\n<meta property=\"article:publisher\" content=\"https:\/\/www.facebook.com\/people\/Notimemes-de-los-Polticos\/61565672886568\/\" \/>\n<meta property=\"article:published_time\" content=\"2023-05-23T13:57:14+00:00\" \/>\n<meta property=\"article:modified_time\" content=\"2023-05-23T13:57:23+00:00\" \/>\n<meta property=\"og:image\" content=\"https:\/\/lospoliticosveracruz.com.mx\/wp-content\/uploads\/2016\/07\/Seguro-Julio-Cerecedo-2-1024x381.jpg\" \/>\n<meta name=\"author\" content=\"Lo viste en Los Pol\u00edticos\" \/>\n<meta name=\"twitter:card\" content=\"summary_large_image\" \/>\n<meta name=\"twitter:creator\" content=\"@LosPoliticosVer\" \/>\n<meta name=\"twitter:site\" content=\"@LosPoliticosVer\" \/>\n<meta name=\"twitter:label1\" content=\"Escrito por\" \/>\n\t<meta name=\"twitter:data1\" content=\"Lo viste en Los Pol\u00edticos\" \/>\n\t<meta name=\"twitter:label2\" content=\"Tiempo de lectura\" \/>\n\t<meta name=\"twitter:data2\" content=\"3 minutos\" \/>\n<script type=\"application\/ld+json\" class=\"yoast-schema-graph\">{\"@context\":\"https:\\\/\\\/schema.org\",\"@graph\":[{\"@type\":\"Article\",\"@id\":\"https:\\\/\\\/lospoliticosveracruz.com\\\/?p=106342#article\",\"isPartOf\":{\"@id\":\"https:\\\/\\\/lospoliticosveracruz.com\\\/?p=106342\"},\"author\":{\"name\":\"Lo viste en Los Pol\u00edticos\",\"@id\":\"https:\\\/\\\/lospoliticosveracruz.com\\\/#\\\/schema\\\/person\\\/b8702bb0e538456e6efd07080bf2a4a2\"},\"headline\":\"MORENA, PUNTERO EN ENCUESTAS\",\"datePublished\":\"2023-05-23T13:57:14+00:00\",\"dateModified\":\"2023-05-23T13:57:23+00:00\",\"mainEntityOfPage\":{\"@id\":\"https:\\\/\\\/lospoliticosveracruz.com\\\/?p=106342\"},\"wordCount\":658,\"publisher\":{\"@id\":\"https:\\\/\\\/lospoliticosveracruz.com\\\/#organization\"},\"image\":{\"@id\":\"https:\\\/\\\/lospoliticosveracruz.com\\\/?p=106342#primaryimage\"},\"thumbnailUrl\":\"https:\\\/\\\/lospoliticosveracruz.com.mx\\\/wp-content\\\/uploads\\\/2016\\\/07\\\/Seguro-Julio-Cerecedo-2-1024x381.jpg\",\"keywords\":[\"Andr\u00e9s Manuel L\u00f3pez Obrador\",\"Morena\",\"Movimiento de Regeneraci\u00f3n Nacional\",\"PAN y PRD\",\"PRI\",\"Suprema Corte de Justicia de la Naci\u00f3n\",\"Yair Ademar Dom\u00ednguez\"],\"articleSection\":[\"De Opini\u00f3n\"],\"inLanguage\":\"es\"},{\"@type\":\"WebPage\",\"@id\":\"https:\\\/\\\/lospoliticosveracruz.com\\\/?p=106342\",\"url\":\"https:\\\/\\\/lospoliticosveracruz.com\\\/?p=106342\",\"name\":\"MORENA, PUNTERO EN ENCUESTAS - Los pol\u00edticos Veracruz\",\"isPartOf\":{\"@id\":\"https:\\\/\\\/lospoliticosveracruz.com\\\/#website\"},\"primaryImageOfPage\":{\"@id\":\"https:\\\/\\\/lospoliticosveracruz.com\\\/?p=106342#primaryimage\"},\"image\":{\"@id\":\"https:\\\/\\\/lospoliticosveracruz.com\\\/?p=106342#primaryimage\"},\"thumbnailUrl\":\"https:\\\/\\\/lospoliticosveracruz.com.mx\\\/wp-content\\\/uploads\\\/2016\\\/07\\\/Seguro-Julio-Cerecedo-2-1024x381.jpg\",\"datePublished\":\"2023-05-23T13:57:14+00:00\",\"dateModified\":\"2023-05-23T13:57:23+00:00\",\"breadcrumb\":{\"@id\":\"https:\\\/\\\/lospoliticosveracruz.com\\\/?p=106342#breadcrumb\"},\"inLanguage\":\"es\",\"potentialAction\":[{\"@type\":\"ReadAction\",\"target\":[\"https:\\\/\\\/lospoliticosveracruz.com\\\/?p=106342\"]}]},{\"@type\":\"ImageObject\",\"inLanguage\":\"es\",\"@id\":\"https:\\\/\\\/lospoliticosveracruz.com\\\/?p=106342#primaryimage\",\"url\":\"https:\\\/\\\/lospoliticosveracruz.com.mx\\\/wp-content\\\/uploads\\\/2016\\\/07\\\/Seguro-Julio-Cerecedo-2-1024x381.jpg\",\"contentUrl\":\"https:\\\/\\\/lospoliticosveracruz.com.mx\\\/wp-content\\\/uploads\\\/2016\\\/07\\\/Seguro-Julio-Cerecedo-2-1024x381.jpg\"},{\"@type\":\"BreadcrumbList\",\"@id\":\"https:\\\/\\\/lospoliticosveracruz.com\\\/?p=106342#breadcrumb\",\"itemListElement\":[{\"@type\":\"ListItem\",\"position\":1,\"name\":\"Portada\",\"item\":\"https:\\\/\\\/lospoliticosveracruz.com\\\/\"},{\"@type\":\"ListItem\",\"position\":2,\"name\":\"MORENA, PUNTERO EN ENCUESTAS\"}]},{\"@type\":\"WebSite\",\"@id\":\"https:\\\/\\\/lospoliticosveracruz.com\\\/#website\",\"url\":\"https:\\\/\\\/lospoliticosveracruz.com\\\/\",\"name\":\"Los pol\u00edticos Veracruz\",\"description\":\"\",\"publisher\":{\"@id\":\"https:\\\/\\\/lospoliticosveracruz.com\\\/#organization\"},\"potentialAction\":[{\"@type\":\"SearchAction\",\"target\":{\"@type\":\"EntryPoint\",\"urlTemplate\":\"https:\\\/\\\/lospoliticosveracruz.com\\\/?s={search_term_string}\"},\"query-input\":{\"@type\":\"PropertyValueSpecification\",\"valueRequired\":true,\"valueName\":\"search_term_string\"}}],\"inLanguage\":\"es\"},{\"@type\":\"Organization\",\"@id\":\"https:\\\/\\\/lospoliticosveracruz.com\\\/#organization\",\"name\":\"Los pol\u00edticos Veracruz\",\"url\":\"https:\\\/\\\/lospoliticosveracruz.com\\\/\",\"logo\":{\"@type\":\"ImageObject\",\"inLanguage\":\"es\",\"@id\":\"https:\\\/\\\/lospoliticosveracruz.com\\\/#\\\/schema\\\/logo\\\/image\\\/\",\"url\":\"https:\\\/\\\/lospoliticosveracruz.com\\\/wp-content\\\/uploads\\\/2025\\\/12\\\/Logo-Nuevo-LOS-POLITICOS-1.jpg\",\"contentUrl\":\"https:\\\/\\\/lospoliticosveracruz.com\\\/wp-content\\\/uploads\\\/2025\\\/12\\\/Logo-Nuevo-LOS-POLITICOS-1.jpg\",\"width\":260,\"height\":70,\"caption\":\"Los pol\u00edticos Veracruz\"},\"image\":{\"@id\":\"https:\\\/\\\/lospoliticosveracruz.com\\\/#\\\/schema\\\/logo\\\/image\\\/\"},\"sameAs\":[\"https:\\\/\\\/www.facebook.com\\\/people\\\/Notimemes-de-los-Polticos\\\/61565672886568\\\/\",\"https:\\\/\\\/x.com\\\/LosPoliticosVer\"]},{\"@type\":\"Person\",\"@id\":\"https:\\\/\\\/lospoliticosveracruz.com\\\/#\\\/schema\\\/person\\\/b8702bb0e538456e6efd07080bf2a4a2\",\"name\":\"Lo viste en Los Pol\u00edticos\",\"image\":{\"@type\":\"ImageObject\",\"inLanguage\":\"es\",\"@id\":\"https:\\\/\\\/secure.gravatar.com\\\/avatar\\\/3a8de04a2656d44082be478bd6c086daa447c4651605818287b9532d3d0bd435?s=96&d=mm&r=g\",\"url\":\"https:\\\/\\\/secure.gravatar.com\\\/avatar\\\/3a8de04a2656d44082be478bd6c086daa447c4651605818287b9532d3d0bd435?s=96&d=mm&r=g\",\"contentUrl\":\"https:\\\/\\\/secure.gravatar.com\\\/avatar\\\/3a8de04a2656d44082be478bd6c086daa447c4651605818287b9532d3d0bd435?s=96&d=mm&r=g\",\"caption\":\"Lo viste en Los Pol\u00edticos\"},\"url\":\"https:\\\/\\\/lospoliticosveracruz.com\\\/?author=2\"}]}<\/script>\n<!-- \/ Yoast SEO plugin. -->","yoast_head_json":{"title":"MORENA, PUNTERO EN ENCUESTAS - Los pol\u00edticos Veracruz","robots":{"index":"index","follow":"follow","max-snippet":"max-snippet:-1","max-image-preview":"max-image-preview:large","max-video-preview":"max-video-preview:-1"},"canonical":"https:\/\/lospoliticosveracruz.com\/?p=106342","og_locale":"es_ES","og_type":"article","og_title":"MORENA, PUNTERO EN ENCUESTAS - Los pol\u00edticos Veracruz","og_description":"Yair Ademar Dom\u00ednguezPunto y Coma En un estudio de opini\u00f3n reciente, realizado por un medio de comunicaci\u00f3n de circulaci\u00f3n nacional, se indica que el Movimiento de Regeneraci\u00f3n Nacional \u201cy sus aspirantes a la candidatura presidencial conservan una s\u00f3lida ventaja sobre la oposici\u00f3n rumbo a la elecci\u00f3n del pr\u00f3ximo a\u00f1o\u201d, lo que habla del buen trabajo [&hellip;]","og_url":"https:\/\/lospoliticosveracruz.com\/?p=106342","og_site_name":"Los pol\u00edticos Veracruz","article_publisher":"https:\/\/www.facebook.com\/people\/Notimemes-de-los-Polticos\/61565672886568\/","article_published_time":"2023-05-23T13:57:14+00:00","article_modified_time":"2023-05-23T13:57:23+00:00","og_image":[{"url":"https:\/\/lospoliticosveracruz.com.mx\/wp-content\/uploads\/2016\/07\/Seguro-Julio-Cerecedo-2-1024x381.jpg","type":"","width":"","height":""}],"author":"Lo viste en Los Pol\u00edticos","twitter_card":"summary_large_image","twitter_creator":"@LosPoliticosVer","twitter_site":"@LosPoliticosVer","twitter_misc":{"Escrito por":"Lo viste en Los Pol\u00edticos","Tiempo de lectura":"3 minutos"},"schema":{"@context":"https:\/\/schema.org","@graph":[{"@type":"Article","@id":"https:\/\/lospoliticosveracruz.com\/?p=106342#article","isPartOf":{"@id":"https:\/\/lospoliticosveracruz.com\/?p=106342"},"author":{"name":"Lo viste en Los Pol\u00edticos","@id":"https:\/\/lospoliticosveracruz.com\/#\/schema\/person\/b8702bb0e538456e6efd07080bf2a4a2"},"headline":"MORENA, PUNTERO EN ENCUESTAS","datePublished":"2023-05-23T13:57:14+00:00","dateModified":"2023-05-23T13:57:23+00:00","mainEntityOfPage":{"@id":"https:\/\/lospoliticosveracruz.com\/?p=106342"},"wordCount":658,"publisher":{"@id":"https:\/\/lospoliticosveracruz.com\/#organization"},"image":{"@id":"https:\/\/lospoliticosveracruz.com\/?p=106342#primaryimage"},"thumbnailUrl":"https:\/\/lospoliticosveracruz.com.mx\/wp-content\/uploads\/2016\/07\/Seguro-Julio-Cerecedo-2-1024x381.jpg","keywords":["Andr\u00e9s Manuel L\u00f3pez Obrador","Morena","Movimiento de Regeneraci\u00f3n Nacional","PAN y PRD","PRI","Suprema Corte de Justicia de la Naci\u00f3n","Yair Ademar Dom\u00ednguez"],"articleSection":["De Opini\u00f3n"],"inLanguage":"es"},{"@type":"WebPage","@id":"https:\/\/lospoliticosveracruz.com\/?p=106342","url":"https:\/\/lospoliticosveracruz.com\/?p=106342","name":"MORENA, PUNTERO EN ENCUESTAS - Los pol\u00edticos Veracruz","isPartOf":{"@id":"https:\/\/lospoliticosveracruz.com\/#website"},"primaryImageOfPage":{"@id":"https:\/\/lospoliticosveracruz.com\/?p=106342#primaryimage"},"image":{"@id":"https:\/\/lospoliticosveracruz.com\/?p=106342#primaryimage"},"thumbnailUrl":"https:\/\/lospoliticosveracruz.com.mx\/wp-content\/uploads\/2016\/07\/Seguro-Julio-Cerecedo-2-1024x381.jpg","datePublished":"2023-05-23T13:57:14+00:00","dateModified":"2023-05-23T13:57:23+00:00","breadcrumb":{"@id":"https:\/\/lospoliticosveracruz.com\/?p=106342#breadcrumb"},"inLanguage":"es","potentialAction":[{"@type":"ReadAction","target":["https:\/\/lospoliticosveracruz.com\/?p=106342"]}]},{"@type":"ImageObject","inLanguage":"es","@id":"https:\/\/lospoliticosveracruz.com\/?p=106342#primaryimage","url":"https:\/\/lospoliticosveracruz.com.mx\/wp-content\/uploads\/2016\/07\/Seguro-Julio-Cerecedo-2-1024x381.jpg","contentUrl":"https:\/\/lospoliticosveracruz.com.mx\/wp-content\/uploads\/2016\/07\/Seguro-Julio-Cerecedo-2-1024x381.jpg"},{"@type":"BreadcrumbList","@id":"https:\/\/lospoliticosveracruz.com\/?p=106342#breadcrumb","itemListElement":[{"@type":"ListItem","position":1,"name":"Portada","item":"https:\/\/lospoliticosveracruz.com\/"},{"@type":"ListItem","position":2,"name":"MORENA, PUNTERO EN ENCUESTAS"}]},{"@type":"WebSite","@id":"https:\/\/lospoliticosveracruz.com\/#website","url":"https:\/\/lospoliticosveracruz.com\/","name":"Los pol\u00edticos Veracruz","description":"","publisher":{"@id":"https:\/\/lospoliticosveracruz.com\/#organization"},"potentialAction":[{"@type":"SearchAction","target":{"@type":"EntryPoint","urlTemplate":"https:\/\/lospoliticosveracruz.com\/?s={search_term_string}"},"query-input":{"@type":"PropertyValueSpecification","valueRequired":true,"valueName":"search_term_string"}}],"inLanguage":"es"},{"@type":"Organization","@id":"https:\/\/lospoliticosveracruz.com\/#organization","name":"Los pol\u00edticos Veracruz","url":"https:\/\/lospoliticosveracruz.com\/","logo":{"@type":"ImageObject","inLanguage":"es","@id":"https:\/\/lospoliticosveracruz.com\/#\/schema\/logo\/image\/","url":"https:\/\/lospoliticosveracruz.com\/wp-content\/uploads\/2025\/12\/Logo-Nuevo-LOS-POLITICOS-1.jpg","contentUrl":"https:\/\/lospoliticosveracruz.com\/wp-content\/uploads\/2025\/12\/Logo-Nuevo-LOS-POLITICOS-1.jpg","width":260,"height":70,"caption":"Los pol\u00edticos Veracruz"},"image":{"@id":"https:\/\/lospoliticosveracruz.com\/#\/schema\/logo\/image\/"},"sameAs":["https:\/\/www.facebook.com\/people\/Notimemes-de-los-Polticos\/61565672886568\/","https:\/\/x.com\/LosPoliticosVer"]},{"@type":"Person","@id":"https:\/\/lospoliticosveracruz.com\/#\/schema\/person\/b8702bb0e538456e6efd07080bf2a4a2","name":"Lo viste en Los Pol\u00edticos","image":{"@type":"ImageObject","inLanguage":"es","@id":"https:\/\/secure.gravatar.com\/avatar\/3a8de04a2656d44082be478bd6c086daa447c4651605818287b9532d3d0bd435?s=96&d=mm&r=g","url":"https:\/\/secure.gravatar.com\/avatar\/3a8de04a2656d44082be478bd6c086daa447c4651605818287b9532d3d0bd435?s=96&d=mm&r=g","contentUrl":"https:\/\/secure.gravatar.com\/avatar\/3a8de04a2656d44082be478bd6c086daa447c4651605818287b9532d3d0bd435?s=96&d=mm&r=g","caption":"Lo viste en Los Pol\u00edticos"},"url":"https:\/\/lospoliticosveracruz.com\/?author=2"}]}},"_links":{"self":[{"href":"https:\/\/lospoliticosveracruz.com\/index.php?rest_route=\/wp\/v2\/posts\/106342","targetHints":{"allow":["GET"]}}],"collection":[{"href":"https:\/\/lospoliticosveracruz.com\/index.php?rest_route=\/wp\/v2\/posts"}],"about":[{"href":"https:\/\/lospoliticosveracruz.com\/index.php?rest_route=\/wp\/v2\/types\/post"}],"author":[{"embeddable":true,"href":"https:\/\/lospoliticosveracruz.com\/index.php?rest_route=\/wp\/v2\/users\/2"}],"replies":[{"embeddable":true,"href":"https:\/\/lospoliticosveracruz.com\/index.php?rest_route=%2Fwp%2Fv2%2Fcomments&post=106342"}],"version-history":[{"count":1,"href":"https:\/\/lospoliticosveracruz.com\/index.php?rest_route=\/wp\/v2\/posts\/106342\/revisions"}],"predecessor-version":[{"id":106343,"href":"https:\/\/lospoliticosveracruz.com\/index.php?rest_route=\/wp\/v2\/posts\/106342\/revisions\/106343"}],"wp:attachment":[{"href":"https:\/\/lospoliticosveracruz.com\/index.php?rest_route=%2Fwp%2Fv2%2Fmedia&parent=106342"}],"wp:term":[{"taxonomy":"category","embeddable":true,"href":"https:\/\/lospoliticosveracruz.com\/index.php?rest_route=%2Fwp%2Fv2%2Fcategories&post=106342"},{"taxonomy":"post_tag","embeddable":true,"href":"https:\/\/lospoliticosveracruz.com\/index.php?rest_route=%2Fwp%2Fv2%2Ftags&post=106342"}],"curies":[{"name":"wp","href":"https:\/\/api.w.org\/{rel}","templated":true}]}}