{"id":106359,"date":"2023-05-23T14:49:12","date_gmt":"2023-05-23T19:49:12","guid":{"rendered":"https:\/\/lospoliticosveracruz.com.mx\/?p=106359"},"modified":"2023-05-23T14:49:23","modified_gmt":"2023-05-23T19:49:23","slug":"morena-va-por-la-cabeza-de-norma-pina","status":"publish","type":"post","link":"https:\/\/lospoliticosveracruz.com\/?p=106359","title":{"rendered":"MORENA VA POR LA CABEZA DE NORMA PI\u00d1A"},"content":{"rendered":"\n<p><\/p>\n\n\n\n<p><strong>Inocencio Y\u00e1\u00f1ez Vicencio<\/strong><\/p>\n\n\n\n<p>Cuitlahuac Garc\u00eda Jim\u00e9nez , escogi\u00f3 el peor camino para quedar bien con su amo, con su Amlo. Se puede aprobar con el silencio, con la matraca, desviando la atenci\u00f3n, ocup\u00e1ndose de otros temas, pero no tengo duda que el gobernador sabe que no habiendo hecho nada por el \u00bb bienestar\u00bb de sus ciudadanos, no le queda m\u00e1s que demostrar a su pastor que si no alcanza a cubrir el 10 por ciento de capacidad si lograr\u00e1 el 90 por ciento de lealtad canina, sin importar su abyecci\u00f3n. Es un hecho irrefutable que hoy en Veracruz hay abrazos para la delincuencial organizada y c\u00e1rcel para el que se resista a los abusos de sus autoridades. Es un hecho que en la entidad tenemos m\u00e1s cr\u00edmenes dolosos que en cualquier otra \u00e9poca. Es un hecho que a la justicia callejera que le precedi\u00f3 le ha seguido una justicia vern\u00e1cula. Es un hecho que que las mujeres veracruzanas no tienen seguridad, pero si acoso y hostigamiento de sus autoridades. Es un hecho que su cantaleta de que no tiene pacto con el crimen organizado lo desmiente la cesi\u00f3n de terrreno a las bandas delictivas. Es un hecho que el cobro de piso por la delincuencia asfixia como nunca al comercio formal e informal. Es un hecho que la incopetencia y la corrupci\u00f3n han llevado que el Estado no tenga el monopolio de la fuerza ni la exclusividad del cobro de impuestos ni la jurisdicci\u00f3n territorial.<br>A veces pretendemos fingir demencia y olvidar que las palabras son s\u00edmbolos y que nos comunicamos de muchas formas. Humberto Eco, nos lo ilustra. Si el ata\u00fad que llevaron los funcionarios del gobierno de Veracruz, ahora que le pusieron el cerco a la SCJN hubiera contenido la imagen de su sede hubiera sido de por si un grave atentado contra la Rep\u00fablica, pero al contener la imagen de la Ministra presidenta del M\u00e1ximo Tribunal, es evidente que es una amenaza contra su vida. El mensaje macabro e insolente del subsecretario del gobierno de Amlo, no deja dudas de que han dado la orden de que se ejecute o sea ejecutado por un \u00bb quedabien\u00bb. El escenario est\u00e1 puesto.<br>El gobernador de Veracruz, no puede ignorar que cuenta con recursos jur\u00eddicos para apelar cualquier fallo. Obviamente no puede impugnar una resoluci\u00f3n final, porque entonces ser\u00eda un cuento de nunca acabar. Como autoridad la ley es muy clara en darle las funciones y potestades correspondientes a su cargo. Las potestades no vienen de las urnas. Las elecciones son para determinar qui\u00e9n debe ocupar tal o cual funcion, pero en una sociedad organizada pol\u00edtica y jur\u00eddicamente, sus poderes vienen del Estatuto Jur\u00eddico, el cual s\u00f3lo puede cambiarse por un procedimiento m\u00e1s complejo que el de la ley ordinaria y es quien hace las funciones de Tribunal Constitucional, unitaria o en forma dispersa, quien, sin que ello signifique ejercer soberan\u00eda, haga justicia constitucional velando que una mayor\u00eda no calificada produzca una decisi\u00f3n que contradiga la voluntad soberana del constituyente, lo que no significa, repito, que ejerza soberan\u00eda, todo lo contraria, como hoy lo hace la Suprema Corte, simplente vigila que se respete la soberan\u00eda expresada en la Constituci\u00f3n. Al realizar constantemente actividades que le manada la ley, el gobernador Cuitlahuac, delinque.<br>Cuitlahuac viola la ley al hacer campa\u00f1a a favor de su corcholata, viola la ley al enviar funcionarios de su gobierno a apoyar a Delfina, pero su acci\u00f3n contra la SCJN no s\u00f3lo viola la ley al hacer algo que no le mandata la ley sino que se inscribe en una estrategia para destruir la Rep\u00fablica. Dentro del inmenso cat\u00e1logo de obras de teor\u00edas del Estado que tratan de recubrir el Estado liberal como un Estado neutral, la m\u00e1s acreditada es la de Georg Jellinek, que dice que el Estado se autolimita, lo que seguramente es posible en la democracia directa o en la ausencia de gobierno de Rousseau, pero no donde el Estado es concebido como un aparato de la sociedad y no la sociedad misma, por eso tengo la certeza que donde el poder est\u00e1 institucionalizado, separado de la sociedad, debe limitarse por el derecho. Ya la misma Rosa Luxemburgo insisti\u00f3 ante Lenin, en la necesidad de limitarlo por v\u00eda de los derechos humanos si no quer\u00eda que fracasara la Revoluci\u00f3n. El otro elemento en que Locke y Montesquieu, pusieron el acento es la teor\u00eda de la divisi\u00f3n de poderes. Reclamar que el Titular del poder Ejecutivo tenga sometido al poder legislativo y no lo contradiga el poder judicial, conforme a la teor\u00eda republicana, es destruir, en nuestro caso, la Rep\u00fablica y en su lugar instataurar el despotismo. Eso es lo que verdaderamente buscan Cuitlahuac y compa\u00f1\u00eda.<br>Es hora de preguntarse \u00bf c\u00f3mo llegamos hasta aqu\u00ed? Primeramente por no exigir que se fustiga entre buenos y malos pol\u00edticos. Poner en un mismo casillero a todos los pol\u00edticos y de paso atribuirle males a la pol\u00edtica que no le corresponden abon\u00f3 a que los populistas hicieran pol\u00edtica atacando la pol\u00edtica. Morena, Movimiento Ciudadano\u2026les bast\u00f3 situarse fuera de la pol\u00edtica para capitalizar toda la campa\u00f1a que desde la televisi\u00f3n, el cine, la comedia, la prensa, el p\u00falpito, realizaron contra la pol\u00edtica, sin negar lo que los mismos pol\u00edticos hicieron para desprestigiar su actividad, con el objeto de trasladar la sede de las decisiones pol\u00edticas al mercado o el culto. Quienes entendemos la pol\u00edtica como una acci\u00f3n concertada en busca del bien com\u00fan, un bien com\u00fan que no viene de fuera, que mediante el dialogo, la deliberaci\u00f3n, el consenso y el acuerdo se construye, sabe que necitamos rescatar la pol\u00edtica del fango en que ha sido sumida para seguir encauzado las diferencias y lograr una sociedad menos injusta. No estoy de acuerdo con Luis Villoro, que dice que el valor del poder depende de a qu\u00e9 causa sirva, para mi el poder pol\u00edtico, es pol\u00edtico cuando sirve a la pol\u00edtica, es decir, al bien p\u00fablico y cuando se pone al servicio personal o de un bolsillo, ya no es pol\u00edtico. Por eso urge llamar por su nombre al que desarrolla una tarea considerada pol\u00edtica y se aparta del servicio p\u00fablico. Ese hay que llamarlo por su nombre: delincuente \u00bf o no se\u00f1or Cuitlahuac?<br>Amlo ha entrado en p\u00e1nico. Guglielmo Ferrero, en su cl\u00e1sico libro: Poder, nos dice que los gobernados tienen miedo a la represi\u00f3n pero tambi\u00e9n los gobernantes tienen miedo a que se subleven los sometidos. El gobierno morenista tiene miedo a perder las pr\u00f3ximas elecciones, porque sabe que un gobierno que no fuera de sus corcholatas, lo har\u00eda rendir cuentas de sus m\u00faltiples fechor\u00edas y atropellos y terminar\u00eda en la c\u00e1rcel.<br>Amlo, Cuitlahuac y todos los morenistas, est\u00e1n trabajando desde que arribaron al poder en 2018, para perpetuarse en \u00e9l, pertrech\u00e1ndose no de razones o argumentos sino de pertrechos para una guerra verbal y material: descalificando a sus oponentes y a todo el que no se sume al coro de aduladores, persiguiendo a los empresarios que no le entren a los moches, desacreditando y manipulando a los \u00f3rganos aut\u00f3nomos, enga\u00f1ando que Amlo tiene un sueldo de 150 mil pesos, cuando cobra m\u00e1s de 400 mil pesos, para chantajerar, tener abrazos para el crimen organizado y represi\u00f3n para sus adversarios, utilizando estas bandas para levantar en la costa del Pac\u00edfico a la estructura electoral de los partidos que no le son afines, reclutar v\u00e1ndalos, prparar sus panchos Villa y sus Asambleas de Barrios, los vagoneros del Metro, la Guardia Nacional, corromper a las fuerzas armadas para que no le sean leal a la Naci\u00f3n sino a su persona, sus brigadas y sus mascotas, para inhibir a sus contrincantes y llegado el caso, para salvarnos de la corrupci\u00f3n, darse un autogolpe \u00bb temporal \u00ab.<br>No permitamos que Amlo, nos ponga su agenda. Ocuparnos de cualquier tema que hoy no tenga como prop\u00f3sito denunciar la inminente asonada de Amlo, es colaborar con los golpistas. Se puede escribir a favor de Morena por miedo a perder una pensi\u00f3n o una d\u00e1diva cualquiera, se puede escribir por alguna expectativa de mejora, se puede escribir para salir del anonimato, se puede escribir para promoverse, se puede escribir por intereses confesados o no, pero quien est\u00e9 dispuesto a rechazar las brutales amenazas contra la Ministra Presidenta y a defender la Rep\u00fablica y a la democracias no podemos distraernos. M\u00e1s tarde que temprano haremos el recuento de quien si y quien no trabaj\u00f3 para defender los valores e instituciones de nuestra organizaci\u00f3n jur\u00eddico pol\u00edtica. Nada tan est\u00e9tico como la congruencia, como nada es tan repugnante como los bandazos sean pol\u00edticos o ideol\u00f3gicos. A estas alturas ya sabemos quienes llam\u00e1ndose la verdadera oposici\u00f3n ayudan al tirano a destruir nuestro pais. Ni los morenista ni los esquiroles de Dante, podr\u00e1n contra la Rep\u00fablica, porque como dijera Ju\u00e1rez, esa reacci\u00f3n est\u00e1 moralmente derrotada.<\/p>\n","protected":false},"excerpt":{"rendered":"<p>Inocencio Y\u00e1\u00f1ez Vicencio Cuitlahuac Garc\u00eda Jim\u00e9nez , escogi\u00f3 el peor camino para quedar bien con su amo, con su Amlo. Se puede aprobar con el silencio, con la matraca, desviando la atenci\u00f3n, ocup\u00e1ndose de otros temas, pero no tengo duda que el gobernador sabe que no habiendo hecho nada por el \u00bb bienestar\u00bb de sus [&hellip;]<\/p>\n","protected":false},"author":2,"featured_media":0,"comment_status":"closed","ping_status":"closed","sticky":false,"template":"","format":"standard","meta":{"tdm_status":"","tdm_grid_status":"","footnotes":""},"categories":[70],"tags":[1563,8256,1026,3965,195],"class_list":{"0":"post-106359","1":"post","2":"type-post","3":"status-publish","4":"format-standard","6":"category-de-opinion","7":"tag-cuitlahuac-garcia-jimenez","8":"tag-inocencio-yanez-vicencio","9":"tag-morena","10":"tag-scjn","11":"tag-veracruz"},"yoast_head":"<!-- This site is optimized with the Yoast SEO plugin v27.4 - https:\/\/yoast.com\/product\/yoast-seo-wordpress\/ -->\n<title>MORENA VA POR LA CABEZA DE NORMA PI\u00d1A - Los pol\u00edticos Veracruz<\/title>\n<meta name=\"robots\" content=\"index, follow, max-snippet:-1, max-image-preview:large, max-video-preview:-1\" \/>\n<link rel=\"canonical\" href=\"https:\/\/lospoliticosveracruz.com\/?p=106359\" \/>\n<meta property=\"og:locale\" content=\"es_ES\" \/>\n<meta property=\"og:type\" content=\"article\" \/>\n<meta property=\"og:title\" content=\"MORENA VA POR LA CABEZA DE NORMA PI\u00d1A - Los pol\u00edticos Veracruz\" \/>\n<meta property=\"og:description\" content=\"Inocencio Y\u00e1\u00f1ez Vicencio Cuitlahuac Garc\u00eda Jim\u00e9nez , escogi\u00f3 el peor camino para quedar bien con su amo, con su Amlo. Se puede aprobar con el silencio, con la matraca, desviando la atenci\u00f3n, ocup\u00e1ndose de otros temas, pero no tengo duda que el gobernador sabe que no habiendo hecho nada por el \u00bb bienestar\u00bb de sus [&hellip;]\" \/>\n<meta property=\"og:url\" content=\"https:\/\/lospoliticosveracruz.com\/?p=106359\" \/>\n<meta property=\"og:site_name\" content=\"Los pol\u00edticos Veracruz\" \/>\n<meta property=\"article:publisher\" content=\"https:\/\/www.facebook.com\/people\/Notimemes-de-los-Polticos\/61565672886568\/\" \/>\n<meta property=\"article:published_time\" content=\"2023-05-23T19:49:12+00:00\" \/>\n<meta property=\"article:modified_time\" content=\"2023-05-23T19:49:23+00:00\" \/>\n<meta property=\"og:image\" content=\"https:\/\/lospoliticosveracruz.com\/wp-content\/uploads\/2016\/07\/Logo-Dor.jpg\" \/>\n\t<meta property=\"og:image:width\" content=\"200\" \/>\n\t<meta property=\"og:image:height\" content=\"200\" \/>\n\t<meta property=\"og:image:type\" content=\"image\/jpeg\" \/>\n<meta name=\"author\" content=\"Lo viste en Los Pol\u00edticos\" \/>\n<meta name=\"twitter:card\" content=\"summary_large_image\" \/>\n<meta name=\"twitter:creator\" content=\"@LosPoliticosVer\" \/>\n<meta name=\"twitter:site\" content=\"@LosPoliticosVer\" \/>\n<meta name=\"twitter:label1\" content=\"Escrito por\" \/>\n\t<meta name=\"twitter:data1\" content=\"Lo viste en Los Pol\u00edticos\" \/>\n\t<meta name=\"twitter:label2\" content=\"Tiempo de lectura\" \/>\n\t<meta name=\"twitter:data2\" content=\"8 minutos\" \/>\n<script type=\"application\/ld+json\" class=\"yoast-schema-graph\">{\"@context\":\"https:\\\/\\\/schema.org\",\"@graph\":[{\"@type\":\"Article\",\"@id\":\"https:\\\/\\\/lospoliticosveracruz.com\\\/?p=106359#article\",\"isPartOf\":{\"@id\":\"https:\\\/\\\/lospoliticosveracruz.com\\\/?p=106359\"},\"author\":{\"name\":\"Lo viste en Los Pol\u00edticos\",\"@id\":\"https:\\\/\\\/lospoliticosveracruz.com\\\/#\\\/schema\\\/person\\\/b8702bb0e538456e6efd07080bf2a4a2\"},\"headline\":\"MORENA VA POR LA CABEZA DE NORMA PI\u00d1A\",\"datePublished\":\"2023-05-23T19:49:12+00:00\",\"dateModified\":\"2023-05-23T19:49:23+00:00\",\"mainEntityOfPage\":{\"@id\":\"https:\\\/\\\/lospoliticosveracruz.com\\\/?p=106359\"},\"wordCount\":1575,\"publisher\":{\"@id\":\"https:\\\/\\\/lospoliticosveracruz.com\\\/#organization\"},\"keywords\":[\"Cuitl\u00e1huac Garc\u00eda Jim\u00e9nez\",\"Inocencio Y\u00e1\u00f1ez Vicencio\",\"Morena\",\"SCJN\",\"Veracruz\"],\"articleSection\":[\"De Opini\u00f3n\"],\"inLanguage\":\"es\"},{\"@type\":\"WebPage\",\"@id\":\"https:\\\/\\\/lospoliticosveracruz.com\\\/?p=106359\",\"url\":\"https:\\\/\\\/lospoliticosveracruz.com\\\/?p=106359\",\"name\":\"MORENA VA POR LA CABEZA DE NORMA PI\u00d1A - Los pol\u00edticos Veracruz\",\"isPartOf\":{\"@id\":\"https:\\\/\\\/lospoliticosveracruz.com\\\/#website\"},\"datePublished\":\"2023-05-23T19:49:12+00:00\",\"dateModified\":\"2023-05-23T19:49:23+00:00\",\"breadcrumb\":{\"@id\":\"https:\\\/\\\/lospoliticosveracruz.com\\\/?p=106359#breadcrumb\"},\"inLanguage\":\"es\",\"potentialAction\":[{\"@type\":\"ReadAction\",\"target\":[\"https:\\\/\\\/lospoliticosveracruz.com\\\/?p=106359\"]}]},{\"@type\":\"BreadcrumbList\",\"@id\":\"https:\\\/\\\/lospoliticosveracruz.com\\\/?p=106359#breadcrumb\",\"itemListElement\":[{\"@type\":\"ListItem\",\"position\":1,\"name\":\"Portada\",\"item\":\"https:\\\/\\\/lospoliticosveracruz.com\\\/\"},{\"@type\":\"ListItem\",\"position\":2,\"name\":\"MORENA VA POR LA CABEZA DE NORMA PI\u00d1A\"}]},{\"@type\":\"WebSite\",\"@id\":\"https:\\\/\\\/lospoliticosveracruz.com\\\/#website\",\"url\":\"https:\\\/\\\/lospoliticosveracruz.com\\\/\",\"name\":\"Los pol\u00edticos Veracruz\",\"description\":\"\",\"publisher\":{\"@id\":\"https:\\\/\\\/lospoliticosveracruz.com\\\/#organization\"},\"potentialAction\":[{\"@type\":\"SearchAction\",\"target\":{\"@type\":\"EntryPoint\",\"urlTemplate\":\"https:\\\/\\\/lospoliticosveracruz.com\\\/?s={search_term_string}\"},\"query-input\":{\"@type\":\"PropertyValueSpecification\",\"valueRequired\":true,\"valueName\":\"search_term_string\"}}],\"inLanguage\":\"es\"},{\"@type\":\"Organization\",\"@id\":\"https:\\\/\\\/lospoliticosveracruz.com\\\/#organization\",\"name\":\"Los pol\u00edticos Veracruz\",\"url\":\"https:\\\/\\\/lospoliticosveracruz.com\\\/\",\"logo\":{\"@type\":\"ImageObject\",\"inLanguage\":\"es\",\"@id\":\"https:\\\/\\\/lospoliticosveracruz.com\\\/#\\\/schema\\\/logo\\\/image\\\/\",\"url\":\"https:\\\/\\\/lospoliticosveracruz.com\\\/wp-content\\\/uploads\\\/2025\\\/12\\\/Logo-Nuevo-LOS-POLITICOS-1.jpg\",\"contentUrl\":\"https:\\\/\\\/lospoliticosveracruz.com\\\/wp-content\\\/uploads\\\/2025\\\/12\\\/Logo-Nuevo-LOS-POLITICOS-1.jpg\",\"width\":260,\"height\":70,\"caption\":\"Los pol\u00edticos Veracruz\"},\"image\":{\"@id\":\"https:\\\/\\\/lospoliticosveracruz.com\\\/#\\\/schema\\\/logo\\\/image\\\/\"},\"sameAs\":[\"https:\\\/\\\/www.facebook.com\\\/people\\\/Notimemes-de-los-Polticos\\\/61565672886568\\\/\",\"https:\\\/\\\/x.com\\\/LosPoliticosVer\"]},{\"@type\":\"Person\",\"@id\":\"https:\\\/\\\/lospoliticosveracruz.com\\\/#\\\/schema\\\/person\\\/b8702bb0e538456e6efd07080bf2a4a2\",\"name\":\"Lo viste en Los Pol\u00edticos\",\"image\":{\"@type\":\"ImageObject\",\"inLanguage\":\"es\",\"@id\":\"https:\\\/\\\/secure.gravatar.com\\\/avatar\\\/3a8de04a2656d44082be478bd6c086daa447c4651605818287b9532d3d0bd435?s=96&d=mm&r=g\",\"url\":\"https:\\\/\\\/secure.gravatar.com\\\/avatar\\\/3a8de04a2656d44082be478bd6c086daa447c4651605818287b9532d3d0bd435?s=96&d=mm&r=g\",\"contentUrl\":\"https:\\\/\\\/secure.gravatar.com\\\/avatar\\\/3a8de04a2656d44082be478bd6c086daa447c4651605818287b9532d3d0bd435?s=96&d=mm&r=g\",\"caption\":\"Lo viste en Los Pol\u00edticos\"},\"url\":\"https:\\\/\\\/lospoliticosveracruz.com\\\/?author=2\"}]}<\/script>\n<!-- \/ Yoast SEO plugin. -->","yoast_head_json":{"title":"MORENA VA POR LA CABEZA DE NORMA PI\u00d1A - Los pol\u00edticos Veracruz","robots":{"index":"index","follow":"follow","max-snippet":"max-snippet:-1","max-image-preview":"max-image-preview:large","max-video-preview":"max-video-preview:-1"},"canonical":"https:\/\/lospoliticosveracruz.com\/?p=106359","og_locale":"es_ES","og_type":"article","og_title":"MORENA VA POR LA CABEZA DE NORMA PI\u00d1A - Los pol\u00edticos Veracruz","og_description":"Inocencio Y\u00e1\u00f1ez Vicencio Cuitlahuac Garc\u00eda Jim\u00e9nez , escogi\u00f3 el peor camino para quedar bien con su amo, con su Amlo. Se puede aprobar con el silencio, con la matraca, desviando la atenci\u00f3n, ocup\u00e1ndose de otros temas, pero no tengo duda que el gobernador sabe que no habiendo hecho nada por el \u00bb bienestar\u00bb de sus [&hellip;]","og_url":"https:\/\/lospoliticosveracruz.com\/?p=106359","og_site_name":"Los pol\u00edticos Veracruz","article_publisher":"https:\/\/www.facebook.com\/people\/Notimemes-de-los-Polticos\/61565672886568\/","article_published_time":"2023-05-23T19:49:12+00:00","article_modified_time":"2023-05-23T19:49:23+00:00","og_image":[{"width":200,"height":200,"url":"https:\/\/lospoliticosveracruz.com\/wp-content\/uploads\/2016\/07\/Logo-Dor.jpg","type":"image\/jpeg"}],"author":"Lo viste en Los Pol\u00edticos","twitter_card":"summary_large_image","twitter_creator":"@LosPoliticosVer","twitter_site":"@LosPoliticosVer","twitter_misc":{"Escrito por":"Lo viste en Los Pol\u00edticos","Tiempo de lectura":"8 minutos"},"schema":{"@context":"https:\/\/schema.org","@graph":[{"@type":"Article","@id":"https:\/\/lospoliticosveracruz.com\/?p=106359#article","isPartOf":{"@id":"https:\/\/lospoliticosveracruz.com\/?p=106359"},"author":{"name":"Lo viste en Los Pol\u00edticos","@id":"https:\/\/lospoliticosveracruz.com\/#\/schema\/person\/b8702bb0e538456e6efd07080bf2a4a2"},"headline":"MORENA VA POR LA CABEZA DE NORMA PI\u00d1A","datePublished":"2023-05-23T19:49:12+00:00","dateModified":"2023-05-23T19:49:23+00:00","mainEntityOfPage":{"@id":"https:\/\/lospoliticosveracruz.com\/?p=106359"},"wordCount":1575,"publisher":{"@id":"https:\/\/lospoliticosveracruz.com\/#organization"},"keywords":["Cuitl\u00e1huac Garc\u00eda Jim\u00e9nez","Inocencio Y\u00e1\u00f1ez Vicencio","Morena","SCJN","Veracruz"],"articleSection":["De Opini\u00f3n"],"inLanguage":"es"},{"@type":"WebPage","@id":"https:\/\/lospoliticosveracruz.com\/?p=106359","url":"https:\/\/lospoliticosveracruz.com\/?p=106359","name":"MORENA VA POR LA CABEZA DE NORMA PI\u00d1A - Los pol\u00edticos Veracruz","isPartOf":{"@id":"https:\/\/lospoliticosveracruz.com\/#website"},"datePublished":"2023-05-23T19:49:12+00:00","dateModified":"2023-05-23T19:49:23+00:00","breadcrumb":{"@id":"https:\/\/lospoliticosveracruz.com\/?p=106359#breadcrumb"},"inLanguage":"es","potentialAction":[{"@type":"ReadAction","target":["https:\/\/lospoliticosveracruz.com\/?p=106359"]}]},{"@type":"BreadcrumbList","@id":"https:\/\/lospoliticosveracruz.com\/?p=106359#breadcrumb","itemListElement":[{"@type":"ListItem","position":1,"name":"Portada","item":"https:\/\/lospoliticosveracruz.com\/"},{"@type":"ListItem","position":2,"name":"MORENA VA POR LA CABEZA DE NORMA PI\u00d1A"}]},{"@type":"WebSite","@id":"https:\/\/lospoliticosveracruz.com\/#website","url":"https:\/\/lospoliticosveracruz.com\/","name":"Los pol\u00edticos Veracruz","description":"","publisher":{"@id":"https:\/\/lospoliticosveracruz.com\/#organization"},"potentialAction":[{"@type":"SearchAction","target":{"@type":"EntryPoint","urlTemplate":"https:\/\/lospoliticosveracruz.com\/?s={search_term_string}"},"query-input":{"@type":"PropertyValueSpecification","valueRequired":true,"valueName":"search_term_string"}}],"inLanguage":"es"},{"@type":"Organization","@id":"https:\/\/lospoliticosveracruz.com\/#organization","name":"Los pol\u00edticos Veracruz","url":"https:\/\/lospoliticosveracruz.com\/","logo":{"@type":"ImageObject","inLanguage":"es","@id":"https:\/\/lospoliticosveracruz.com\/#\/schema\/logo\/image\/","url":"https:\/\/lospoliticosveracruz.com\/wp-content\/uploads\/2025\/12\/Logo-Nuevo-LOS-POLITICOS-1.jpg","contentUrl":"https:\/\/lospoliticosveracruz.com\/wp-content\/uploads\/2025\/12\/Logo-Nuevo-LOS-POLITICOS-1.jpg","width":260,"height":70,"caption":"Los pol\u00edticos Veracruz"},"image":{"@id":"https:\/\/lospoliticosveracruz.com\/#\/schema\/logo\/image\/"},"sameAs":["https:\/\/www.facebook.com\/people\/Notimemes-de-los-Polticos\/61565672886568\/","https:\/\/x.com\/LosPoliticosVer"]},{"@type":"Person","@id":"https:\/\/lospoliticosveracruz.com\/#\/schema\/person\/b8702bb0e538456e6efd07080bf2a4a2","name":"Lo viste en Los Pol\u00edticos","image":{"@type":"ImageObject","inLanguage":"es","@id":"https:\/\/secure.gravatar.com\/avatar\/3a8de04a2656d44082be478bd6c086daa447c4651605818287b9532d3d0bd435?s=96&d=mm&r=g","url":"https:\/\/secure.gravatar.com\/avatar\/3a8de04a2656d44082be478bd6c086daa447c4651605818287b9532d3d0bd435?s=96&d=mm&r=g","contentUrl":"https:\/\/secure.gravatar.com\/avatar\/3a8de04a2656d44082be478bd6c086daa447c4651605818287b9532d3d0bd435?s=96&d=mm&r=g","caption":"Lo viste en Los Pol\u00edticos"},"url":"https:\/\/lospoliticosveracruz.com\/?author=2"}]}},"_links":{"self":[{"href":"https:\/\/lospoliticosveracruz.com\/index.php?rest_route=\/wp\/v2\/posts\/106359","targetHints":{"allow":["GET"]}}],"collection":[{"href":"https:\/\/lospoliticosveracruz.com\/index.php?rest_route=\/wp\/v2\/posts"}],"about":[{"href":"https:\/\/lospoliticosveracruz.com\/index.php?rest_route=\/wp\/v2\/types\/post"}],"author":[{"embeddable":true,"href":"https:\/\/lospoliticosveracruz.com\/index.php?rest_route=\/wp\/v2\/users\/2"}],"replies":[{"embeddable":true,"href":"https:\/\/lospoliticosveracruz.com\/index.php?rest_route=%2Fwp%2Fv2%2Fcomments&post=106359"}],"version-history":[{"count":1,"href":"https:\/\/lospoliticosveracruz.com\/index.php?rest_route=\/wp\/v2\/posts\/106359\/revisions"}],"predecessor-version":[{"id":106360,"href":"https:\/\/lospoliticosveracruz.com\/index.php?rest_route=\/wp\/v2\/posts\/106359\/revisions\/106360"}],"wp:attachment":[{"href":"https:\/\/lospoliticosveracruz.com\/index.php?rest_route=%2Fwp%2Fv2%2Fmedia&parent=106359"}],"wp:term":[{"taxonomy":"category","embeddable":true,"href":"https:\/\/lospoliticosveracruz.com\/index.php?rest_route=%2Fwp%2Fv2%2Fcategories&post=106359"},{"taxonomy":"post_tag","embeddable":true,"href":"https:\/\/lospoliticosveracruz.com\/index.php?rest_route=%2Fwp%2Fv2%2Ftags&post=106359"}],"curies":[{"name":"wp","href":"https:\/\/api.w.org\/{rel}","templated":true}]}}