{"id":106383,"date":"2023-05-24T01:12:00","date_gmt":"2023-05-24T06:12:00","guid":{"rendered":"https:\/\/lospoliticosveracruz.com.mx\/?p=106383"},"modified":"2023-05-23T23:16:59","modified_gmt":"2023-05-24T04:16:59","slug":"4-7","status":"publish","type":"post","link":"https:\/\/lospoliticosveracruz.com\/?p=106383","title":{"rendered":"4.7"},"content":{"rendered":"\n<p><strong>Guadalupe H. Mar<br><\/strong><em>Mira Pol\u00edtica<\/em><\/p>\n\n\n\n<p>HOMICIDIOS AL D\u00cdA \u2026 Datos del gobierno federal revelan que, en los meses de enero a abril de este a\u00f1o, o primer cuatrimestre de 2023, en el estado de Veracruz se cometieron 268 homicidios dolosos o provocado intencionalmente, de los cuales 159 de ellos, que representan casi el 60 por ciento del total, se perpetraron con arma de fuego.<\/p>\n\n\n<div class=\"wp-block-image\">\n<figure class=\"alignleft size-medium\"><a href=\"https:\/\/lospoliticosveracruz.com.mx\/wp-content\/uploads\/2021\/10\/Zacauilt.jpg\"><img decoding=\"async\" src=\"https:\/\/lospoliticosveracruz.com.mx\/wp-content\/uploads\/2021\/10\/Zacauilt-150x300.jpg\" alt=\"\" class=\"wp-image-80558\"\/><\/a><\/figure>\n<\/div>\n\n\n<p><br>Las fr\u00edas e incuestionables cifras de asesinados con armas de fuego en la entidad veracruzana durante los meses de enero a abril, permiten inferir que, en ese periodo, cada d\u00eda fue muerta a balazos al menos una persona, una diariamente.<br>Que conste, estamos hablando solamente de personas asesinadas en Veracruz con arma de fuego, durante el primer cuatrimestre de este a\u00f1o.<br>Lo aclaramos porque los datos del gobierno federal se\u00f1alan que en los primeros cuatro meses de este a\u00f1o, se reportaron 580 homicidios en total, o sea, estad\u00edsticamente hablando, son 4.7 por d\u00eda.<br>Por ello amables lectoras y lectores, result\u00f3 ir\u00f3nico que hace unos d\u00edas el gobernador de todos los veracruzanos, el ingeniero mec\u00e1nico electricista Cuitl\u00e1huac Garc\u00eda Jim\u00e9nez haya encabezado una no tan voluntaria manifestaci\u00f3n all\u00e1 en la Ciudad de M\u00e9xico para protestar cargando ata\u00fades de cart\u00f3n, en contra de los ministros del Poder Judicial de la federaci\u00f3n.<br>Ir\u00f3nico que las disque 10 mil personas que \u201cvoluntariamente\u201d viajaron a la capital del pa\u00eds para acompa\u00f1ar al mandatario de todos los veracruzanos a protestar cargando ata\u00fades frente a la sede de la Suprema Corte de Justicia de la Naci\u00f3n, los hayan cargado con tanto comedimiento, convencidos de que en Veracruz el tener una funeraria es buen negocio.<br><strong>RECONTRAPORCIERTO \u2026<\/strong> Los carga ata\u00fades andan tan apurados en hablar de la paja en el ojo ajeno, que han olvidado su responsabilidad constitucional de dar seguridad a todos los veracruzanos por igual. \u00daltimamente olvidaron a los de la zona norte del estado donde los asesinatos con armas de fuego se suceden pr\u00e1cticamente a diario.<br>As\u00ed, por ejemplo, el pasado lunes por la noche, un par de sujetos portando no una, sino varias armas de fuego, ingresaron a un bar del municipio de Poza Rica donde dispararon contra los comensales, matando a uno de ellos e hiriendo a otro m\u00e1s.<br>Estos disque hechos aislados se est\u00e1n sucediendo continuamente en la zona norte del estado de Veracruz, en la centro y en el sur tambi\u00e9n.<br><strong>LAMENTABLE P\u00c9RDIDA \u2026<\/strong> Nuestro sentido p\u00e9same a la familia de Luis Fernando Ortega Echavarr\u00eda, conocido como \u201cFer Fons\u201d, quien falleci\u00f3 el pasado lunes luego de permanecer varios d\u00edas hospitalizado.<br>Fernando, quien fuera uno de los m\u00e1s destacados de nuestros alumnos en la Facultad de Ciencias y T\u00e9cnicas de la Comunicaci\u00f3n de la Universidad Veracruzana, se cre\u00f3 su propio espacio en esta tan competida profesi\u00f3n y pese a su juventud demostr\u00f3 que cuando se quiere, se puede.<br>Con sus videograbaciones de \u201cLa Panza de Fer\u201d, este joven oriundo de Poza Rica de Hidalgo, sent\u00f3 precedente y se convirti\u00f3 en ejemplo de la importancia de la especializaci\u00f3n period\u00edstica.<br>En verdad extra\u00f1aremos a \u201cFer Fons\u201d como el mismo se hac\u00eda llamar, por quien pedimos descanso eterno y para su familia, pronta resignaci\u00f3n.<br><strong>AUN ES PRIMAVERA \u2026<\/strong> En la ciudad de Xalapa son cada vez m\u00e1s frecuentes las protestas de vecinos de diversas colonias por la falta de suministro de agua potable, que se incrementa a la par con el desinter\u00e9s de las autoridades del sector.<br>La Giralda, Xallitic, El Olmo, Puente de Triana son las colonias donde sus habitantes se quejan que llevan casi una semana sin el servicio de agua potable, por lo que se han unido y acordado manifestarse p\u00fablicamente de ser necesario para que los atienden y doten del vital l\u00edquido.<br>D\u00cdGALO SIN MIEDO \u2026 Al correo electr\u00f3nico guadalupehmar@yahoo.com<\/p>\n","protected":false},"excerpt":{"rendered":"<p>Guadalupe H. MarMira Pol\u00edtica HOMICIDIOS AL D\u00cdA \u2026 Datos del gobierno federal revelan que, en los meses de enero a abril de este a\u00f1o, o primer cuatrimestre de 2023, en el estado de Veracruz se cometieron 268 homicidios dolosos o provocado intencionalmente, de los cuales 159 de ellos, que representan casi el 60 por ciento [&hellip;]<\/p>\n","protected":false},"author":2,"featured_media":0,"comment_status":"closed","ping_status":"closed","sticky":false,"template":"","format":"standard","meta":{"tdm_status":"","tdm_grid_status":"","footnotes":""},"categories":[70],"tags":[1563,38224,1606,8679,38223,1026,360,195,96],"class_list":{"0":"post-106383","1":"post","2":"type-post","3":"status-publish","4":"format-standard","6":"category-de-opinion","7":"tag-cuitlahuac-garcia-jimenez","8":"tag-fer-fons","9":"tag-guadalupe-h-mar","10":"tag-homicidios-dolosos","11":"tag-luis-fernando-ortega-echavarria","12":"tag-morena","13":"tag-seguridad","14":"tag-veracruz","15":"tag-xalapa"},"yoast_head":"<!-- This site is optimized with the Yoast SEO plugin v27.4 - https:\/\/yoast.com\/product\/yoast-seo-wordpress\/ -->\n<title>4.7 - Los pol\u00edticos Veracruz<\/title>\n<meta name=\"robots\" content=\"index, follow, max-snippet:-1, max-image-preview:large, max-video-preview:-1\" \/>\n<link rel=\"canonical\" href=\"https:\/\/lospoliticosveracruz.com\/?p=106383\" \/>\n<meta property=\"og:locale\" content=\"es_ES\" \/>\n<meta property=\"og:type\" content=\"article\" \/>\n<meta property=\"og:title\" content=\"4.7 - Los pol\u00edticos Veracruz\" \/>\n<meta property=\"og:description\" content=\"Guadalupe H. MarMira Pol\u00edtica HOMICIDIOS AL D\u00cdA \u2026 Datos del gobierno federal revelan que, en los meses de enero a abril de este a\u00f1o, o primer cuatrimestre de 2023, en el estado de Veracruz se cometieron 268 homicidios dolosos o provocado intencionalmente, de los cuales 159 de ellos, que representan casi el 60 por ciento [&hellip;]\" \/>\n<meta property=\"og:url\" content=\"https:\/\/lospoliticosveracruz.com\/?p=106383\" \/>\n<meta property=\"og:site_name\" content=\"Los pol\u00edticos Veracruz\" \/>\n<meta property=\"article:publisher\" content=\"https:\/\/www.facebook.com\/people\/Notimemes-de-los-Polticos\/61565672886568\/\" \/>\n<meta property=\"article:published_time\" content=\"2023-05-24T06:12:00+00:00\" \/>\n<meta property=\"og:image\" content=\"https:\/\/lospoliticosveracruz.com.mx\/wp-content\/uploads\/2021\/10\/Zacauilt-150x300.jpg\" \/>\n<meta name=\"author\" content=\"Lo viste en Los Pol\u00edticos\" \/>\n<meta name=\"twitter:card\" content=\"summary_large_image\" \/>\n<meta name=\"twitter:creator\" content=\"@LosPoliticosVer\" \/>\n<meta name=\"twitter:site\" content=\"@LosPoliticosVer\" \/>\n<meta name=\"twitter:label1\" content=\"Escrito por\" \/>\n\t<meta name=\"twitter:data1\" content=\"Lo viste en Los Pol\u00edticos\" \/>\n\t<meta name=\"twitter:label2\" content=\"Tiempo de lectura\" \/>\n\t<meta name=\"twitter:data2\" content=\"3 minutos\" \/>\n<script type=\"application\/ld+json\" class=\"yoast-schema-graph\">{\"@context\":\"https:\\\/\\\/schema.org\",\"@graph\":[{\"@type\":\"Article\",\"@id\":\"https:\\\/\\\/lospoliticosveracruz.com\\\/?p=106383#article\",\"isPartOf\":{\"@id\":\"https:\\\/\\\/lospoliticosveracruz.com\\\/?p=106383\"},\"author\":{\"name\":\"Lo viste en Los Pol\u00edticos\",\"@id\":\"https:\\\/\\\/lospoliticosveracruz.com\\\/#\\\/schema\\\/person\\\/b8702bb0e538456e6efd07080bf2a4a2\"},\"headline\":\"4.7\",\"datePublished\":\"2023-05-24T06:12:00+00:00\",\"mainEntityOfPage\":{\"@id\":\"https:\\\/\\\/lospoliticosveracruz.com\\\/?p=106383\"},\"wordCount\":662,\"publisher\":{\"@id\":\"https:\\\/\\\/lospoliticosveracruz.com\\\/#organization\"},\"image\":{\"@id\":\"https:\\\/\\\/lospoliticosveracruz.com\\\/?p=106383#primaryimage\"},\"thumbnailUrl\":\"https:\\\/\\\/lospoliticosveracruz.com.mx\\\/wp-content\\\/uploads\\\/2021\\\/10\\\/Zacauilt-150x300.jpg\",\"keywords\":[\"Cuitl\u00e1huac Garc\u00eda Jim\u00e9nez\",\"Fer Fons\",\"Guadalupe H. Mar\",\"Homicidios dolosos\",\"Luis Fernando Ortega Echavarr\u00eda\",\"Morena\",\"Seguridad\",\"Veracruz\",\"Xalapa\"],\"articleSection\":[\"De Opini\u00f3n\"],\"inLanguage\":\"es\"},{\"@type\":\"WebPage\",\"@id\":\"https:\\\/\\\/lospoliticosveracruz.com\\\/?p=106383\",\"url\":\"https:\\\/\\\/lospoliticosveracruz.com\\\/?p=106383\",\"name\":\"4.7 - Los pol\u00edticos Veracruz\",\"isPartOf\":{\"@id\":\"https:\\\/\\\/lospoliticosveracruz.com\\\/#website\"},\"primaryImageOfPage\":{\"@id\":\"https:\\\/\\\/lospoliticosveracruz.com\\\/?p=106383#primaryimage\"},\"image\":{\"@id\":\"https:\\\/\\\/lospoliticosveracruz.com\\\/?p=106383#primaryimage\"},\"thumbnailUrl\":\"https:\\\/\\\/lospoliticosveracruz.com.mx\\\/wp-content\\\/uploads\\\/2021\\\/10\\\/Zacauilt-150x300.jpg\",\"datePublished\":\"2023-05-24T06:12:00+00:00\",\"breadcrumb\":{\"@id\":\"https:\\\/\\\/lospoliticosveracruz.com\\\/?p=106383#breadcrumb\"},\"inLanguage\":\"es\",\"potentialAction\":[{\"@type\":\"ReadAction\",\"target\":[\"https:\\\/\\\/lospoliticosveracruz.com\\\/?p=106383\"]}]},{\"@type\":\"ImageObject\",\"inLanguage\":\"es\",\"@id\":\"https:\\\/\\\/lospoliticosveracruz.com\\\/?p=106383#primaryimage\",\"url\":\"https:\\\/\\\/lospoliticosveracruz.com.mx\\\/wp-content\\\/uploads\\\/2021\\\/10\\\/Zacauilt-150x300.jpg\",\"contentUrl\":\"https:\\\/\\\/lospoliticosveracruz.com.mx\\\/wp-content\\\/uploads\\\/2021\\\/10\\\/Zacauilt-150x300.jpg\"},{\"@type\":\"BreadcrumbList\",\"@id\":\"https:\\\/\\\/lospoliticosveracruz.com\\\/?p=106383#breadcrumb\",\"itemListElement\":[{\"@type\":\"ListItem\",\"position\":1,\"name\":\"Portada\",\"item\":\"https:\\\/\\\/lospoliticosveracruz.com\\\/\"},{\"@type\":\"ListItem\",\"position\":2,\"name\":\"4.7\"}]},{\"@type\":\"WebSite\",\"@id\":\"https:\\\/\\\/lospoliticosveracruz.com\\\/#website\",\"url\":\"https:\\\/\\\/lospoliticosveracruz.com\\\/\",\"name\":\"Los pol\u00edticos Veracruz\",\"description\":\"\",\"publisher\":{\"@id\":\"https:\\\/\\\/lospoliticosveracruz.com\\\/#organization\"},\"potentialAction\":[{\"@type\":\"SearchAction\",\"target\":{\"@type\":\"EntryPoint\",\"urlTemplate\":\"https:\\\/\\\/lospoliticosveracruz.com\\\/?s={search_term_string}\"},\"query-input\":{\"@type\":\"PropertyValueSpecification\",\"valueRequired\":true,\"valueName\":\"search_term_string\"}}],\"inLanguage\":\"es\"},{\"@type\":\"Organization\",\"@id\":\"https:\\\/\\\/lospoliticosveracruz.com\\\/#organization\",\"name\":\"Los pol\u00edticos Veracruz\",\"url\":\"https:\\\/\\\/lospoliticosveracruz.com\\\/\",\"logo\":{\"@type\":\"ImageObject\",\"inLanguage\":\"es\",\"@id\":\"https:\\\/\\\/lospoliticosveracruz.com\\\/#\\\/schema\\\/logo\\\/image\\\/\",\"url\":\"https:\\\/\\\/lospoliticosveracruz.com\\\/wp-content\\\/uploads\\\/2025\\\/12\\\/Logo-Nuevo-LOS-POLITICOS-1.jpg\",\"contentUrl\":\"https:\\\/\\\/lospoliticosveracruz.com\\\/wp-content\\\/uploads\\\/2025\\\/12\\\/Logo-Nuevo-LOS-POLITICOS-1.jpg\",\"width\":260,\"height\":70,\"caption\":\"Los pol\u00edticos Veracruz\"},\"image\":{\"@id\":\"https:\\\/\\\/lospoliticosveracruz.com\\\/#\\\/schema\\\/logo\\\/image\\\/\"},\"sameAs\":[\"https:\\\/\\\/www.facebook.com\\\/people\\\/Notimemes-de-los-Polticos\\\/61565672886568\\\/\",\"https:\\\/\\\/x.com\\\/LosPoliticosVer\"]},{\"@type\":\"Person\",\"@id\":\"https:\\\/\\\/lospoliticosveracruz.com\\\/#\\\/schema\\\/person\\\/b8702bb0e538456e6efd07080bf2a4a2\",\"name\":\"Lo viste en Los Pol\u00edticos\",\"image\":{\"@type\":\"ImageObject\",\"inLanguage\":\"es\",\"@id\":\"https:\\\/\\\/secure.gravatar.com\\\/avatar\\\/3a8de04a2656d44082be478bd6c086daa447c4651605818287b9532d3d0bd435?s=96&d=mm&r=g\",\"url\":\"https:\\\/\\\/secure.gravatar.com\\\/avatar\\\/3a8de04a2656d44082be478bd6c086daa447c4651605818287b9532d3d0bd435?s=96&d=mm&r=g\",\"contentUrl\":\"https:\\\/\\\/secure.gravatar.com\\\/avatar\\\/3a8de04a2656d44082be478bd6c086daa447c4651605818287b9532d3d0bd435?s=96&d=mm&r=g\",\"caption\":\"Lo viste en Los Pol\u00edticos\"},\"url\":\"https:\\\/\\\/lospoliticosveracruz.com\\\/?author=2\"}]}<\/script>\n<!-- \/ Yoast SEO plugin. -->","yoast_head_json":{"title":"4.7 - Los pol\u00edticos Veracruz","robots":{"index":"index","follow":"follow","max-snippet":"max-snippet:-1","max-image-preview":"max-image-preview:large","max-video-preview":"max-video-preview:-1"},"canonical":"https:\/\/lospoliticosveracruz.com\/?p=106383","og_locale":"es_ES","og_type":"article","og_title":"4.7 - Los pol\u00edticos Veracruz","og_description":"Guadalupe H. MarMira Pol\u00edtica HOMICIDIOS AL D\u00cdA \u2026 Datos del gobierno federal revelan que, en los meses de enero a abril de este a\u00f1o, o primer cuatrimestre de 2023, en el estado de Veracruz se cometieron 268 homicidios dolosos o provocado intencionalmente, de los cuales 159 de ellos, que representan casi el 60 por ciento [&hellip;]","og_url":"https:\/\/lospoliticosveracruz.com\/?p=106383","og_site_name":"Los pol\u00edticos Veracruz","article_publisher":"https:\/\/www.facebook.com\/people\/Notimemes-de-los-Polticos\/61565672886568\/","article_published_time":"2023-05-24T06:12:00+00:00","og_image":[{"url":"https:\/\/lospoliticosveracruz.com.mx\/wp-content\/uploads\/2021\/10\/Zacauilt-150x300.jpg","type":"","width":"","height":""}],"author":"Lo viste en Los Pol\u00edticos","twitter_card":"summary_large_image","twitter_creator":"@LosPoliticosVer","twitter_site":"@LosPoliticosVer","twitter_misc":{"Escrito por":"Lo viste en Los Pol\u00edticos","Tiempo de lectura":"3 minutos"},"schema":{"@context":"https:\/\/schema.org","@graph":[{"@type":"Article","@id":"https:\/\/lospoliticosveracruz.com\/?p=106383#article","isPartOf":{"@id":"https:\/\/lospoliticosveracruz.com\/?p=106383"},"author":{"name":"Lo viste en Los Pol\u00edticos","@id":"https:\/\/lospoliticosveracruz.com\/#\/schema\/person\/b8702bb0e538456e6efd07080bf2a4a2"},"headline":"4.7","datePublished":"2023-05-24T06:12:00+00:00","mainEntityOfPage":{"@id":"https:\/\/lospoliticosveracruz.com\/?p=106383"},"wordCount":662,"publisher":{"@id":"https:\/\/lospoliticosveracruz.com\/#organization"},"image":{"@id":"https:\/\/lospoliticosveracruz.com\/?p=106383#primaryimage"},"thumbnailUrl":"https:\/\/lospoliticosveracruz.com.mx\/wp-content\/uploads\/2021\/10\/Zacauilt-150x300.jpg","keywords":["Cuitl\u00e1huac Garc\u00eda Jim\u00e9nez","Fer Fons","Guadalupe H. Mar","Homicidios dolosos","Luis Fernando Ortega Echavarr\u00eda","Morena","Seguridad","Veracruz","Xalapa"],"articleSection":["De Opini\u00f3n"],"inLanguage":"es"},{"@type":"WebPage","@id":"https:\/\/lospoliticosveracruz.com\/?p=106383","url":"https:\/\/lospoliticosveracruz.com\/?p=106383","name":"4.7 - Los pol\u00edticos Veracruz","isPartOf":{"@id":"https:\/\/lospoliticosveracruz.com\/#website"},"primaryImageOfPage":{"@id":"https:\/\/lospoliticosveracruz.com\/?p=106383#primaryimage"},"image":{"@id":"https:\/\/lospoliticosveracruz.com\/?p=106383#primaryimage"},"thumbnailUrl":"https:\/\/lospoliticosveracruz.com.mx\/wp-content\/uploads\/2021\/10\/Zacauilt-150x300.jpg","datePublished":"2023-05-24T06:12:00+00:00","breadcrumb":{"@id":"https:\/\/lospoliticosveracruz.com\/?p=106383#breadcrumb"},"inLanguage":"es","potentialAction":[{"@type":"ReadAction","target":["https:\/\/lospoliticosveracruz.com\/?p=106383"]}]},{"@type":"ImageObject","inLanguage":"es","@id":"https:\/\/lospoliticosveracruz.com\/?p=106383#primaryimage","url":"https:\/\/lospoliticosveracruz.com.mx\/wp-content\/uploads\/2021\/10\/Zacauilt-150x300.jpg","contentUrl":"https:\/\/lospoliticosveracruz.com.mx\/wp-content\/uploads\/2021\/10\/Zacauilt-150x300.jpg"},{"@type":"BreadcrumbList","@id":"https:\/\/lospoliticosveracruz.com\/?p=106383#breadcrumb","itemListElement":[{"@type":"ListItem","position":1,"name":"Portada","item":"https:\/\/lospoliticosveracruz.com\/"},{"@type":"ListItem","position":2,"name":"4.7"}]},{"@type":"WebSite","@id":"https:\/\/lospoliticosveracruz.com\/#website","url":"https:\/\/lospoliticosveracruz.com\/","name":"Los pol\u00edticos Veracruz","description":"","publisher":{"@id":"https:\/\/lospoliticosveracruz.com\/#organization"},"potentialAction":[{"@type":"SearchAction","target":{"@type":"EntryPoint","urlTemplate":"https:\/\/lospoliticosveracruz.com\/?s={search_term_string}"},"query-input":{"@type":"PropertyValueSpecification","valueRequired":true,"valueName":"search_term_string"}}],"inLanguage":"es"},{"@type":"Organization","@id":"https:\/\/lospoliticosveracruz.com\/#organization","name":"Los pol\u00edticos Veracruz","url":"https:\/\/lospoliticosveracruz.com\/","logo":{"@type":"ImageObject","inLanguage":"es","@id":"https:\/\/lospoliticosveracruz.com\/#\/schema\/logo\/image\/","url":"https:\/\/lospoliticosveracruz.com\/wp-content\/uploads\/2025\/12\/Logo-Nuevo-LOS-POLITICOS-1.jpg","contentUrl":"https:\/\/lospoliticosveracruz.com\/wp-content\/uploads\/2025\/12\/Logo-Nuevo-LOS-POLITICOS-1.jpg","width":260,"height":70,"caption":"Los pol\u00edticos Veracruz"},"image":{"@id":"https:\/\/lospoliticosveracruz.com\/#\/schema\/logo\/image\/"},"sameAs":["https:\/\/www.facebook.com\/people\/Notimemes-de-los-Polticos\/61565672886568\/","https:\/\/x.com\/LosPoliticosVer"]},{"@type":"Person","@id":"https:\/\/lospoliticosveracruz.com\/#\/schema\/person\/b8702bb0e538456e6efd07080bf2a4a2","name":"Lo viste en Los Pol\u00edticos","image":{"@type":"ImageObject","inLanguage":"es","@id":"https:\/\/secure.gravatar.com\/avatar\/3a8de04a2656d44082be478bd6c086daa447c4651605818287b9532d3d0bd435?s=96&d=mm&r=g","url":"https:\/\/secure.gravatar.com\/avatar\/3a8de04a2656d44082be478bd6c086daa447c4651605818287b9532d3d0bd435?s=96&d=mm&r=g","contentUrl":"https:\/\/secure.gravatar.com\/avatar\/3a8de04a2656d44082be478bd6c086daa447c4651605818287b9532d3d0bd435?s=96&d=mm&r=g","caption":"Lo viste en Los Pol\u00edticos"},"url":"https:\/\/lospoliticosveracruz.com\/?author=2"}]}},"_links":{"self":[{"href":"https:\/\/lospoliticosveracruz.com\/index.php?rest_route=\/wp\/v2\/posts\/106383","targetHints":{"allow":["GET"]}}],"collection":[{"href":"https:\/\/lospoliticosveracruz.com\/index.php?rest_route=\/wp\/v2\/posts"}],"about":[{"href":"https:\/\/lospoliticosveracruz.com\/index.php?rest_route=\/wp\/v2\/types\/post"}],"author":[{"embeddable":true,"href":"https:\/\/lospoliticosveracruz.com\/index.php?rest_route=\/wp\/v2\/users\/2"}],"replies":[{"embeddable":true,"href":"https:\/\/lospoliticosveracruz.com\/index.php?rest_route=%2Fwp%2Fv2%2Fcomments&post=106383"}],"version-history":[{"count":1,"href":"https:\/\/lospoliticosveracruz.com\/index.php?rest_route=\/wp\/v2\/posts\/106383\/revisions"}],"predecessor-version":[{"id":106384,"href":"https:\/\/lospoliticosveracruz.com\/index.php?rest_route=\/wp\/v2\/posts\/106383\/revisions\/106384"}],"wp:attachment":[{"href":"https:\/\/lospoliticosveracruz.com\/index.php?rest_route=%2Fwp%2Fv2%2Fmedia&parent=106383"}],"wp:term":[{"taxonomy":"category","embeddable":true,"href":"https:\/\/lospoliticosveracruz.com\/index.php?rest_route=%2Fwp%2Fv2%2Fcategories&post=106383"},{"taxonomy":"post_tag","embeddable":true,"href":"https:\/\/lospoliticosveracruz.com\/index.php?rest_route=%2Fwp%2Fv2%2Ftags&post=106383"}],"curies":[{"name":"wp","href":"https:\/\/api.w.org\/{rel}","templated":true}]}}