{"id":106509,"date":"2023-05-26T22:23:55","date_gmt":"2023-05-27T03:23:55","guid":{"rendered":"https:\/\/lospoliticosveracruz.com.mx\/?p=106509"},"modified":"2023-05-26T22:23:59","modified_gmt":"2023-05-27T03:23:59","slug":"la-encuesta-2","status":"publish","type":"post","link":"https:\/\/lospoliticosveracruz.com\/?p=106509","title":{"rendered":"LA ENCUESTA"},"content":{"rendered":"\n<p>Como mecanismo de selecci\u00f3n interna en Morena<\/p>\n\n\n\n<p><strong>Jos\u00e9 Luis Enr\u00edquez Ambell<br><\/strong><em>Caf\u00e9 de Ma\u00f1ana<\/em><\/p>\n\n\n\n<p>El m\u00e9todo \u00fanico que el Presidente de M\u00e9xico Don Andr\u00e9s Manuel L\u00f3pez Obrador, acepta y reconoce como el mecanismo en MORENA para elegir a sus candidatos es \u00abla encuesta.\u00bb<\/p>\n\n\n<div class=\"wp-block-image\">\n<figure class=\"alignleft size-medium\"><a href=\"https:\/\/lospoliticosveracruz.com.mx\/wp-content\/uploads\/2021\/10\/Zacauilt.jpg\"><img decoding=\"async\" src=\"https:\/\/lospoliticosveracruz.com.mx\/wp-content\/uploads\/2021\/10\/Zacauilt-150x300.jpg\" alt=\"\" class=\"wp-image-80558\"\/><\/a><\/figure>\n<\/div>\n\n\n<p>Cabe recordar que el dise\u00f1o creado para realizar una encuesta,- casi de cualquier naturaleza,- tambi\u00e9n requiere de una estrategia, que vaya acompa\u00f1ada de la metodolog\u00eda y sus herramientas, pero adem\u00e1s, que favorezca a ubicar el universo objetivo que ofrezca la mejor relevancia para medir y demostrar.<\/p>\n\n\n\n<p>En ese sentido \u00ablos Cuatro Fant\u00e1sticos\u00bb que el Presidente destap\u00f3 desde hace meses para la sucesi\u00f3n; Claudia, Ad\u00e1n Augusto, Marcelo y Ricardo &#8211; supondr\u00eda &#8211; habr\u00e1n de estar de acuerdo en todo el procedimiento para la investigaci\u00f3n y el lavantamiento cuantitativo que lleve a recopilar la informaci\u00f3n previa o previas de encuestas y el cuestionario dise\u00f1ado y autorizado por ellos, pues de no ser de esa manera puede llevar a sospechar de una medici\u00f3n \u00abdedo-cr\u00e1tica.\u00bb<\/p>\n\n\n\n<p>Muy independiente a la medici\u00f3n que de por s\u00ed reviste el mecanismo, la verdadera encuesta que busca el Presidente &#8211; as\u00ed lo creo &#8211; radica en la confianza, lealtad y honorabilidad de qui\u00e9n le garantice a su juicio, la continuidad del legado hist\u00f3rico que hoy encabeza, sitio que edific\u00f3 en poco m\u00e1s de tres d\u00e9cadas, y al que no se le debe regatear que posee un alto nivel de aceptaci\u00f3n social y electoral en un segmento de la poblaci\u00f3n, pero que tiene varias vertientes sensibles y hasta ahora visibles.<\/p>\n\n\n\n<p>La primera, es que sus cuatro cartas no tienen ni parece que puedan alcanzar la cantidad de votos que obtuvo en 2018; Segundo, el proselitismo abierto que hoy se aprecia &#8211; con un elevado costo en el humor social &#8211; observo que aumentar\u00e1 despu\u00e9s de la reciente reuni\u00f3n con los gobernadores de Morena; Tercero, la decisi\u00f3n de \u00abla encuesta dedo-cr\u00e1tica,\u00bb ser\u00e1 resultado de \u00abla metodolog\u00eda\u00bb y \u00ablas herramientas\u00bb o sea, \u00ablealtad y disciplina\u00bb en el devenir; y Cuatro, los diagn\u00f3sticos en el quehacer pol\u00edtico cambian de un momento a otro, entre otras variables.<\/p>\n\n\n\n<p>En la cuarta vertiente, hay que tener en el radar que en la misma jornada para la elecci\u00f3n presidencial del 2 de Junio en 2024 y adem\u00e1s de la elecci\u00f3n de 128 Senadores y 500 Diputados Federales, tambi\u00e9n habr\u00e1 elecciones para renovar 9 Gobernadores de los Estados; Chiapas, Cdmx, Guanajuato, Jalisco, Morelos, Puebla, Tabasco, Veracruz y Yucat\u00e1n, y en todos sus diputados locales, cuando menos.<\/p>\n\n\n\n<p><strong>UN CAF\u00c9 CON DOBLE CARGA<\/strong><\/p>\n\n\n\n<p>De acuerdo con la informaci\u00f3n que por el momento est\u00e1 en el resorte, entre lo que viene diciendo el Presidente L\u00f3pez Obrador y personajes de Morena; Mario Delgado, Alfonso Durazo, Claudia, Ad\u00e1n, Marcelo y Ricardo, entre otras cabezas visibles en el r\u00e9gimen, el pr\u00f3ximo verano &#8211; julio y agosto &#8211; estar\u00edan por definir a casi todos sus abanderados para las elecciones del 2024 en el orden federal, al menos en torno a la Presidencia.<\/p>\n\n\n\n<p><strong>DE SOBREMESA<\/strong><\/p>\n\n\n\n<p>Veracruz resulta muy estrat\u00e9gico para la elecci\u00f3n venidera en el EdoMex., y as\u00ed como cada mes el Presidente har\u00e1 giras por tierras jarochas de aqu\u00ed hasta el final de su mandato, las cuatro figuras de Morena por la candidatura interna, creo que igualmente estar\u00e1n aumentando su \u00abturismo pre-electoral\u00bb en esta bendita tierra, \u00fanico manicomio con vista al mar y palmeras, dicho esto con humor.<\/p>\n\n\n\n<p><strong>UN CAF\u00c9 PARA LLEVAR<\/strong><\/p>\n\n\n\n<p>\u00abLa serenidad le vendr\u00eda mejor a\u00fan en la etapa de alta tensi\u00f3n, a m\u00e1s de uno de los servidores p\u00fablicos de la actual administraci\u00f3n p\u00fablica en Veracruz.\u00bb<\/p>\n\n\n\n<p><strong>UN LECHERO LIGHT DIVORCIADO<\/strong><\/p>\n\n\n\n<p>Las v\u00edas del ferrocarril que existen por la geograf\u00eda Veracruzana, seguir\u00e1n siendo tema de la agenda presente y futura.<\/p>\n\n\n\n<p>\u00a1 ES CUANTO !<\/p>\n\n\n\n<p>enriquezambell@gmail.com<\/p>\n","protected":false},"excerpt":{"rendered":"<p>Como mecanismo de selecci\u00f3n interna en Morena Jos\u00e9 Luis Enr\u00edquez AmbellCaf\u00e9 de Ma\u00f1ana El m\u00e9todo \u00fanico que el Presidente de M\u00e9xico Don Andr\u00e9s Manuel L\u00f3pez Obrador, acepta y reconoce como el mecanismo en MORENA para elegir a sus candidatos es \u00abla encuesta.\u00bb Cabe recordar que el dise\u00f1o creado para realizar una encuesta,- casi de cualquier [&hellip;]<\/p>\n","protected":false},"author":2,"featured_media":0,"comment_status":"closed","ping_status":"closed","sticky":false,"template":"","format":"standard","meta":{"tdm_status":"","tdm_grid_status":"","footnotes":""},"categories":[70],"tags":[618,38253,8383,14703,12596,1026],"class_list":{"0":"post-106509","1":"post","2":"type-post","3":"status-publish","4":"format-standard","6":"category-de-opinion","7":"tag-andres-manuel-lopez-obrador","8":"tag-claudia","9":"tag-jose-luis-enriquez-ambell","10":"tag-marcelo-ebrard","11":"tag-mario-delgado","12":"tag-morena"},"yoast_head":"<!-- This site is optimized with the Yoast SEO plugin v27.4 - https:\/\/yoast.com\/product\/yoast-seo-wordpress\/ -->\n<title>LA ENCUESTA - Los pol\u00edticos Veracruz<\/title>\n<meta name=\"robots\" content=\"index, follow, max-snippet:-1, max-image-preview:large, max-video-preview:-1\" \/>\n<link rel=\"canonical\" href=\"https:\/\/lospoliticosveracruz.com\/?p=106509\" \/>\n<meta property=\"og:locale\" content=\"es_ES\" \/>\n<meta property=\"og:type\" content=\"article\" \/>\n<meta property=\"og:title\" content=\"LA ENCUESTA - Los pol\u00edticos Veracruz\" \/>\n<meta property=\"og:description\" content=\"Como mecanismo de selecci\u00f3n interna en Morena Jos\u00e9 Luis Enr\u00edquez AmbellCaf\u00e9 de Ma\u00f1ana El m\u00e9todo \u00fanico que el Presidente de M\u00e9xico Don Andr\u00e9s Manuel L\u00f3pez Obrador, acepta y reconoce como el mecanismo en MORENA para elegir a sus candidatos es \u00abla encuesta.\u00bb Cabe recordar que el dise\u00f1o creado para realizar una encuesta,- casi de cualquier [&hellip;]\" \/>\n<meta property=\"og:url\" content=\"https:\/\/lospoliticosveracruz.com\/?p=106509\" \/>\n<meta property=\"og:site_name\" content=\"Los pol\u00edticos Veracruz\" \/>\n<meta property=\"article:publisher\" content=\"https:\/\/www.facebook.com\/people\/Notimemes-de-los-Polticos\/61565672886568\/\" \/>\n<meta property=\"article:published_time\" content=\"2023-05-27T03:23:55+00:00\" \/>\n<meta property=\"article:modified_time\" content=\"2023-05-27T03:23:59+00:00\" \/>\n<meta property=\"og:image\" content=\"https:\/\/lospoliticosveracruz.com.mx\/wp-content\/uploads\/2021\/10\/Zacauilt-150x300.jpg\" \/>\n<meta name=\"author\" content=\"Lo viste en Los Pol\u00edticos\" \/>\n<meta name=\"twitter:card\" content=\"summary_large_image\" \/>\n<meta name=\"twitter:creator\" content=\"@LosPoliticosVer\" \/>\n<meta name=\"twitter:site\" content=\"@LosPoliticosVer\" \/>\n<meta name=\"twitter:label1\" content=\"Escrito por\" \/>\n\t<meta name=\"twitter:data1\" content=\"Lo viste en Los Pol\u00edticos\" \/>\n\t<meta name=\"twitter:label2\" content=\"Tiempo de lectura\" \/>\n\t<meta name=\"twitter:data2\" content=\"3 minutos\" \/>\n<script type=\"application\/ld+json\" class=\"yoast-schema-graph\">{\"@context\":\"https:\\\/\\\/schema.org\",\"@graph\":[{\"@type\":\"Article\",\"@id\":\"https:\\\/\\\/lospoliticosveracruz.com\\\/?p=106509#article\",\"isPartOf\":{\"@id\":\"https:\\\/\\\/lospoliticosveracruz.com\\\/?p=106509\"},\"author\":{\"name\":\"Lo viste en Los Pol\u00edticos\",\"@id\":\"https:\\\/\\\/lospoliticosveracruz.com\\\/#\\\/schema\\\/person\\\/b8702bb0e538456e6efd07080bf2a4a2\"},\"headline\":\"LA ENCUESTA\",\"datePublished\":\"2023-05-27T03:23:55+00:00\",\"dateModified\":\"2023-05-27T03:23:59+00:00\",\"mainEntityOfPage\":{\"@id\":\"https:\\\/\\\/lospoliticosveracruz.com\\\/?p=106509\"},\"wordCount\":672,\"publisher\":{\"@id\":\"https:\\\/\\\/lospoliticosveracruz.com\\\/#organization\"},\"image\":{\"@id\":\"https:\\\/\\\/lospoliticosveracruz.com\\\/?p=106509#primaryimage\"},\"thumbnailUrl\":\"https:\\\/\\\/lospoliticosveracruz.com.mx\\\/wp-content\\\/uploads\\\/2021\\\/10\\\/Zacauilt-150x300.jpg\",\"keywords\":[\"Andr\u00e9s Manuel L\u00f3pez Obrador\",\"Claudia\",\"Jos\u00e9 Luis Enr\u00edquez Ambell\",\"Marcelo Ebrard\",\"Mario Delgado\",\"Morena\"],\"articleSection\":[\"De Opini\u00f3n\"],\"inLanguage\":\"es\"},{\"@type\":\"WebPage\",\"@id\":\"https:\\\/\\\/lospoliticosveracruz.com\\\/?p=106509\",\"url\":\"https:\\\/\\\/lospoliticosveracruz.com\\\/?p=106509\",\"name\":\"LA ENCUESTA - Los pol\u00edticos Veracruz\",\"isPartOf\":{\"@id\":\"https:\\\/\\\/lospoliticosveracruz.com\\\/#website\"},\"primaryImageOfPage\":{\"@id\":\"https:\\\/\\\/lospoliticosveracruz.com\\\/?p=106509#primaryimage\"},\"image\":{\"@id\":\"https:\\\/\\\/lospoliticosveracruz.com\\\/?p=106509#primaryimage\"},\"thumbnailUrl\":\"https:\\\/\\\/lospoliticosveracruz.com.mx\\\/wp-content\\\/uploads\\\/2021\\\/10\\\/Zacauilt-150x300.jpg\",\"datePublished\":\"2023-05-27T03:23:55+00:00\",\"dateModified\":\"2023-05-27T03:23:59+00:00\",\"breadcrumb\":{\"@id\":\"https:\\\/\\\/lospoliticosveracruz.com\\\/?p=106509#breadcrumb\"},\"inLanguage\":\"es\",\"potentialAction\":[{\"@type\":\"ReadAction\",\"target\":[\"https:\\\/\\\/lospoliticosveracruz.com\\\/?p=106509\"]}]},{\"@type\":\"ImageObject\",\"inLanguage\":\"es\",\"@id\":\"https:\\\/\\\/lospoliticosveracruz.com\\\/?p=106509#primaryimage\",\"url\":\"https:\\\/\\\/lospoliticosveracruz.com.mx\\\/wp-content\\\/uploads\\\/2021\\\/10\\\/Zacauilt-150x300.jpg\",\"contentUrl\":\"https:\\\/\\\/lospoliticosveracruz.com.mx\\\/wp-content\\\/uploads\\\/2021\\\/10\\\/Zacauilt-150x300.jpg\"},{\"@type\":\"BreadcrumbList\",\"@id\":\"https:\\\/\\\/lospoliticosveracruz.com\\\/?p=106509#breadcrumb\",\"itemListElement\":[{\"@type\":\"ListItem\",\"position\":1,\"name\":\"Portada\",\"item\":\"https:\\\/\\\/lospoliticosveracruz.com\\\/\"},{\"@type\":\"ListItem\",\"position\":2,\"name\":\"LA ENCUESTA\"}]},{\"@type\":\"WebSite\",\"@id\":\"https:\\\/\\\/lospoliticosveracruz.com\\\/#website\",\"url\":\"https:\\\/\\\/lospoliticosveracruz.com\\\/\",\"name\":\"Los pol\u00edticos Veracruz\",\"description\":\"\",\"publisher\":{\"@id\":\"https:\\\/\\\/lospoliticosveracruz.com\\\/#organization\"},\"potentialAction\":[{\"@type\":\"SearchAction\",\"target\":{\"@type\":\"EntryPoint\",\"urlTemplate\":\"https:\\\/\\\/lospoliticosveracruz.com\\\/?s={search_term_string}\"},\"query-input\":{\"@type\":\"PropertyValueSpecification\",\"valueRequired\":true,\"valueName\":\"search_term_string\"}}],\"inLanguage\":\"es\"},{\"@type\":\"Organization\",\"@id\":\"https:\\\/\\\/lospoliticosveracruz.com\\\/#organization\",\"name\":\"Los pol\u00edticos Veracruz\",\"url\":\"https:\\\/\\\/lospoliticosveracruz.com\\\/\",\"logo\":{\"@type\":\"ImageObject\",\"inLanguage\":\"es\",\"@id\":\"https:\\\/\\\/lospoliticosveracruz.com\\\/#\\\/schema\\\/logo\\\/image\\\/\",\"url\":\"https:\\\/\\\/lospoliticosveracruz.com\\\/wp-content\\\/uploads\\\/2025\\\/12\\\/Logo-Nuevo-LOS-POLITICOS-1.jpg\",\"contentUrl\":\"https:\\\/\\\/lospoliticosveracruz.com\\\/wp-content\\\/uploads\\\/2025\\\/12\\\/Logo-Nuevo-LOS-POLITICOS-1.jpg\",\"width\":260,\"height\":70,\"caption\":\"Los pol\u00edticos Veracruz\"},\"image\":{\"@id\":\"https:\\\/\\\/lospoliticosveracruz.com\\\/#\\\/schema\\\/logo\\\/image\\\/\"},\"sameAs\":[\"https:\\\/\\\/www.facebook.com\\\/people\\\/Notimemes-de-los-Polticos\\\/61565672886568\\\/\",\"https:\\\/\\\/x.com\\\/LosPoliticosVer\"]},{\"@type\":\"Person\",\"@id\":\"https:\\\/\\\/lospoliticosveracruz.com\\\/#\\\/schema\\\/person\\\/b8702bb0e538456e6efd07080bf2a4a2\",\"name\":\"Lo viste en Los Pol\u00edticos\",\"image\":{\"@type\":\"ImageObject\",\"inLanguage\":\"es\",\"@id\":\"https:\\\/\\\/secure.gravatar.com\\\/avatar\\\/3a8de04a2656d44082be478bd6c086daa447c4651605818287b9532d3d0bd435?s=96&d=mm&r=g\",\"url\":\"https:\\\/\\\/secure.gravatar.com\\\/avatar\\\/3a8de04a2656d44082be478bd6c086daa447c4651605818287b9532d3d0bd435?s=96&d=mm&r=g\",\"contentUrl\":\"https:\\\/\\\/secure.gravatar.com\\\/avatar\\\/3a8de04a2656d44082be478bd6c086daa447c4651605818287b9532d3d0bd435?s=96&d=mm&r=g\",\"caption\":\"Lo viste en Los Pol\u00edticos\"},\"url\":\"https:\\\/\\\/lospoliticosveracruz.com\\\/?author=2\"}]}<\/script>\n<!-- \/ Yoast SEO plugin. -->","yoast_head_json":{"title":"LA ENCUESTA - Los pol\u00edticos Veracruz","robots":{"index":"index","follow":"follow","max-snippet":"max-snippet:-1","max-image-preview":"max-image-preview:large","max-video-preview":"max-video-preview:-1"},"canonical":"https:\/\/lospoliticosveracruz.com\/?p=106509","og_locale":"es_ES","og_type":"article","og_title":"LA ENCUESTA - Los pol\u00edticos Veracruz","og_description":"Como mecanismo de selecci\u00f3n interna en Morena Jos\u00e9 Luis Enr\u00edquez AmbellCaf\u00e9 de Ma\u00f1ana El m\u00e9todo \u00fanico que el Presidente de M\u00e9xico Don Andr\u00e9s Manuel L\u00f3pez Obrador, acepta y reconoce como el mecanismo en MORENA para elegir a sus candidatos es \u00abla encuesta.\u00bb Cabe recordar que el dise\u00f1o creado para realizar una encuesta,- casi de cualquier [&hellip;]","og_url":"https:\/\/lospoliticosveracruz.com\/?p=106509","og_site_name":"Los pol\u00edticos Veracruz","article_publisher":"https:\/\/www.facebook.com\/people\/Notimemes-de-los-Polticos\/61565672886568\/","article_published_time":"2023-05-27T03:23:55+00:00","article_modified_time":"2023-05-27T03:23:59+00:00","og_image":[{"url":"https:\/\/lospoliticosveracruz.com.mx\/wp-content\/uploads\/2021\/10\/Zacauilt-150x300.jpg","type":"","width":"","height":""}],"author":"Lo viste en Los Pol\u00edticos","twitter_card":"summary_large_image","twitter_creator":"@LosPoliticosVer","twitter_site":"@LosPoliticosVer","twitter_misc":{"Escrito por":"Lo viste en Los Pol\u00edticos","Tiempo de lectura":"3 minutos"},"schema":{"@context":"https:\/\/schema.org","@graph":[{"@type":"Article","@id":"https:\/\/lospoliticosveracruz.com\/?p=106509#article","isPartOf":{"@id":"https:\/\/lospoliticosveracruz.com\/?p=106509"},"author":{"name":"Lo viste en Los Pol\u00edticos","@id":"https:\/\/lospoliticosveracruz.com\/#\/schema\/person\/b8702bb0e538456e6efd07080bf2a4a2"},"headline":"LA ENCUESTA","datePublished":"2023-05-27T03:23:55+00:00","dateModified":"2023-05-27T03:23:59+00:00","mainEntityOfPage":{"@id":"https:\/\/lospoliticosveracruz.com\/?p=106509"},"wordCount":672,"publisher":{"@id":"https:\/\/lospoliticosveracruz.com\/#organization"},"image":{"@id":"https:\/\/lospoliticosveracruz.com\/?p=106509#primaryimage"},"thumbnailUrl":"https:\/\/lospoliticosveracruz.com.mx\/wp-content\/uploads\/2021\/10\/Zacauilt-150x300.jpg","keywords":["Andr\u00e9s Manuel L\u00f3pez Obrador","Claudia","Jos\u00e9 Luis Enr\u00edquez Ambell","Marcelo Ebrard","Mario Delgado","Morena"],"articleSection":["De Opini\u00f3n"],"inLanguage":"es"},{"@type":"WebPage","@id":"https:\/\/lospoliticosveracruz.com\/?p=106509","url":"https:\/\/lospoliticosveracruz.com\/?p=106509","name":"LA ENCUESTA - Los pol\u00edticos Veracruz","isPartOf":{"@id":"https:\/\/lospoliticosveracruz.com\/#website"},"primaryImageOfPage":{"@id":"https:\/\/lospoliticosveracruz.com\/?p=106509#primaryimage"},"image":{"@id":"https:\/\/lospoliticosveracruz.com\/?p=106509#primaryimage"},"thumbnailUrl":"https:\/\/lospoliticosveracruz.com.mx\/wp-content\/uploads\/2021\/10\/Zacauilt-150x300.jpg","datePublished":"2023-05-27T03:23:55+00:00","dateModified":"2023-05-27T03:23:59+00:00","breadcrumb":{"@id":"https:\/\/lospoliticosveracruz.com\/?p=106509#breadcrumb"},"inLanguage":"es","potentialAction":[{"@type":"ReadAction","target":["https:\/\/lospoliticosveracruz.com\/?p=106509"]}]},{"@type":"ImageObject","inLanguage":"es","@id":"https:\/\/lospoliticosveracruz.com\/?p=106509#primaryimage","url":"https:\/\/lospoliticosveracruz.com.mx\/wp-content\/uploads\/2021\/10\/Zacauilt-150x300.jpg","contentUrl":"https:\/\/lospoliticosveracruz.com.mx\/wp-content\/uploads\/2021\/10\/Zacauilt-150x300.jpg"},{"@type":"BreadcrumbList","@id":"https:\/\/lospoliticosveracruz.com\/?p=106509#breadcrumb","itemListElement":[{"@type":"ListItem","position":1,"name":"Portada","item":"https:\/\/lospoliticosveracruz.com\/"},{"@type":"ListItem","position":2,"name":"LA ENCUESTA"}]},{"@type":"WebSite","@id":"https:\/\/lospoliticosveracruz.com\/#website","url":"https:\/\/lospoliticosveracruz.com\/","name":"Los pol\u00edticos Veracruz","description":"","publisher":{"@id":"https:\/\/lospoliticosveracruz.com\/#organization"},"potentialAction":[{"@type":"SearchAction","target":{"@type":"EntryPoint","urlTemplate":"https:\/\/lospoliticosveracruz.com\/?s={search_term_string}"},"query-input":{"@type":"PropertyValueSpecification","valueRequired":true,"valueName":"search_term_string"}}],"inLanguage":"es"},{"@type":"Organization","@id":"https:\/\/lospoliticosveracruz.com\/#organization","name":"Los pol\u00edticos Veracruz","url":"https:\/\/lospoliticosveracruz.com\/","logo":{"@type":"ImageObject","inLanguage":"es","@id":"https:\/\/lospoliticosveracruz.com\/#\/schema\/logo\/image\/","url":"https:\/\/lospoliticosveracruz.com\/wp-content\/uploads\/2025\/12\/Logo-Nuevo-LOS-POLITICOS-1.jpg","contentUrl":"https:\/\/lospoliticosveracruz.com\/wp-content\/uploads\/2025\/12\/Logo-Nuevo-LOS-POLITICOS-1.jpg","width":260,"height":70,"caption":"Los pol\u00edticos Veracruz"},"image":{"@id":"https:\/\/lospoliticosveracruz.com\/#\/schema\/logo\/image\/"},"sameAs":["https:\/\/www.facebook.com\/people\/Notimemes-de-los-Polticos\/61565672886568\/","https:\/\/x.com\/LosPoliticosVer"]},{"@type":"Person","@id":"https:\/\/lospoliticosveracruz.com\/#\/schema\/person\/b8702bb0e538456e6efd07080bf2a4a2","name":"Lo viste en Los Pol\u00edticos","image":{"@type":"ImageObject","inLanguage":"es","@id":"https:\/\/secure.gravatar.com\/avatar\/3a8de04a2656d44082be478bd6c086daa447c4651605818287b9532d3d0bd435?s=96&d=mm&r=g","url":"https:\/\/secure.gravatar.com\/avatar\/3a8de04a2656d44082be478bd6c086daa447c4651605818287b9532d3d0bd435?s=96&d=mm&r=g","contentUrl":"https:\/\/secure.gravatar.com\/avatar\/3a8de04a2656d44082be478bd6c086daa447c4651605818287b9532d3d0bd435?s=96&d=mm&r=g","caption":"Lo viste en Los Pol\u00edticos"},"url":"https:\/\/lospoliticosveracruz.com\/?author=2"}]}},"_links":{"self":[{"href":"https:\/\/lospoliticosveracruz.com\/index.php?rest_route=\/wp\/v2\/posts\/106509","targetHints":{"allow":["GET"]}}],"collection":[{"href":"https:\/\/lospoliticosveracruz.com\/index.php?rest_route=\/wp\/v2\/posts"}],"about":[{"href":"https:\/\/lospoliticosveracruz.com\/index.php?rest_route=\/wp\/v2\/types\/post"}],"author":[{"embeddable":true,"href":"https:\/\/lospoliticosveracruz.com\/index.php?rest_route=\/wp\/v2\/users\/2"}],"replies":[{"embeddable":true,"href":"https:\/\/lospoliticosveracruz.com\/index.php?rest_route=%2Fwp%2Fv2%2Fcomments&post=106509"}],"version-history":[{"count":1,"href":"https:\/\/lospoliticosveracruz.com\/index.php?rest_route=\/wp\/v2\/posts\/106509\/revisions"}],"predecessor-version":[{"id":106510,"href":"https:\/\/lospoliticosveracruz.com\/index.php?rest_route=\/wp\/v2\/posts\/106509\/revisions\/106510"}],"wp:attachment":[{"href":"https:\/\/lospoliticosveracruz.com\/index.php?rest_route=%2Fwp%2Fv2%2Fmedia&parent=106509"}],"wp:term":[{"taxonomy":"category","embeddable":true,"href":"https:\/\/lospoliticosveracruz.com\/index.php?rest_route=%2Fwp%2Fv2%2Fcategories&post=106509"},{"taxonomy":"post_tag","embeddable":true,"href":"https:\/\/lospoliticosveracruz.com\/index.php?rest_route=%2Fwp%2Fv2%2Ftags&post=106509"}],"curies":[{"name":"wp","href":"https:\/\/api.w.org\/{rel}","templated":true}]}}