{"id":106514,"date":"2023-05-27T09:52:42","date_gmt":"2023-05-27T14:52:42","guid":{"rendered":"https:\/\/lospoliticosveracruz.com.mx\/?p=106514"},"modified":"2023-05-27T09:52:48","modified_gmt":"2023-05-27T14:52:48","slug":"morena-en-riesgo-en-2024","status":"publish","type":"post","link":"https:\/\/lospoliticosveracruz.com\/?p=106514","title":{"rendered":"MORENA, EN RIESGO EN 2024"},"content":{"rendered":"\n<p><strong>Ricardo Chua<\/strong><\/p>\n\n\n\n<p><em>Sale y Vale<\/em><\/p>\n\n\n\n<p>A pesar de que en la oposici\u00f3n a nivel nacional no se han puesto de acuerdo, de qui\u00e9n podr\u00eda ser el candidato a la Presidencia de M\u00e9xico y de los conflictos que puede generarse en los pr\u00f3ximos meses por ese tema.. Lo mismo sucede en la sucesi\u00f3n estatal en las 9 entidades del pa\u00eds, que se ver\u00e1n inmerso en este proceso local, entre ellos Veracruz, donde&nbsp;&nbsp;no hay un aspirante que levante la unidad de todos los organismos de oposici\u00f3n.. Pero aun as\u00ed MORENA corre el riesgo de perder varios de estos Estados&#8230;<\/p>\n\n\n\n<p><a href=\"https:\/\/youtu.be\/Nxe-vxf8GuY\"><\/a><\/p>\n\n\n\n<figure class=\"wp-block-embed is-type-video is-provider-youtube wp-block-embed-youtube wp-embed-aspect-16-9 wp-has-aspect-ratio\"><div class=\"wp-block-embed__wrapper\">\n<iframe loading=\"lazy\" title=\"Cluster Coworking\" width=\"696\" height=\"392\" src=\"https:\/\/www.youtube.com\/embed\/Nxe-vxf8GuY?feature=oembed\" frameborder=\"0\" allow=\"accelerometer; autoplay; clipboard-write; encrypted-media; gyroscope; picture-in-picture; web-share\" referrerpolicy=\"strict-origin-when-cross-origin\" allowfullscreen><\/iframe>\n<\/div><\/figure>\n\n\n\n<p>El problema es que el voto decisivo, el de la clase media y el de los grupos de la sociedad civil, ya es evidente que no le dar\u00e1n el voto a MORENA.. Hay hartazgo como en su momento le sucedi\u00f3 al PRI y luego al PAN.. Ya no tienen inter\u00e9s que un pol\u00edtico emanado de MORENA los gobierne.. Al menos en 6 de los 9 estados donde se renovar\u00e1 la gubernatura: Puebla, Veracruz, CDMX, Jalisco, Yucat\u00e1n y Guanajuato.. S\u00f3lo Chiapas, Morelos y Tabasco, le podr\u00edan dar el voto de confianza a MORENA.. Los otros est\u00e1n en duda..<\/p>\n\n\n\n<p>El tema es que el 56 por ciento de la poblaci\u00f3n de esos estados, son de clase media alta y baja.. Lo cual significa que es el sector m\u00e1s afectado por las acciones tomadas por los gobiernos de MORENA.. Lo que hace peligrar la continuidad de la 4T en Veracruz.. Ya que ese sector de la sociedad est\u00e1 dispuesto a votar por cualquier otra opci\u00f3n electoral, s\u00f3lo que no sea de MORENA, en pocas palabras, votar\u00edan por cualquier candidato de la oposici\u00f3n s\u00f3lo que no sea de los Morenos..<\/p>\n\n\n\n<p>Quiz\u00e1s por esa raz\u00f3n, quer\u00eda Andr\u00e9s Manuel L\u00f3pez Obrador meterle la \u00abmano\u00bb al INE para que como \u00ab\u00e1rbitro\u00bb, les pitar\u00e1 un penalti en el \u00faltimo momento.. Pero eso ya no suceder\u00e1.. A lo mejor, con lo que trae MORENA le puede alcanzar con una votaci\u00f3n cerrada ganar la Presidencia de M\u00e9xico.. Pero no as\u00ed en algunos estados bajo su poder desde el 2018&#8230; As\u00ed que con menos gobernadores aliados, con un Congreso Federal sin mayor\u00eda simple&#8230; El pr\u00f3ximo Presidente se la podr\u00e1 ver muy dif\u00edcil&#8230; Gracias a AMLO&#8230; Habr\u00e1 que esperar.. AMEN&#8230;&nbsp;&nbsp; &nbsp;<\/p>\n\n\n\n<p><strong>EL EFECTO CAZAR\u00cdN&#8230;<\/strong> Lo que ha quedado en Veracruz, es que el presidente de la Junta de Coordinaci\u00f3n Pol\u00edtica del Congreso del Estado, Juan Javier G\u00f3mez Cazar\u00edn, se ha convertido en el principal ACTIVO pol\u00edtico de MORENA, por encima de Cuitl\u00e1huac Garcia, Eric Cisneros Burgos o que Eleazar Guerrero P\u00e9rez, que trae bajo su mando bastantes cantidades de recursos p\u00fablicos de SEFIPLAN.. Pero aun con todo y el poder pol\u00edtico y econ\u00f3mico que tienen el de Hueyapan de Ocampo, le ha \u00abganado el brinco\u00bb&#8230;<\/p>\n\n\n\n<p>En primera, ya con su famosa \u00abLey Nahle\u00bb la Suprema Corte de Justicia de la Naci\u00f3n, le aval\u00f3 que una persona con 5 a\u00f1os con residencia en Veracruz, puede ser candidato a gobernador.. Luego con activismo pol\u00edtico, logr\u00f3 \u00abdesmembrar\u00bb al PAN en el Congreso Local y les \u00abarrebat\u00f3\u00bb dos diputados locales&#8230; Oth\u00f3n Hern\u00e1ndez&nbsp;&nbsp;y Hugo Hern\u00e1ndez Saavedra, diputados locales se fueron del PAN.. Lo que es una realidad es que logr\u00f3 hacer todo el trabajo en el Congreso del Estado para lograr estas dos \u00abrenuncias\u00bb de esos legisladores locales, hoy ex panistas..<\/p>\n\n\n\n<p>Por eso, Roc\u00edo Nahle, secretar\u00eda de Energ\u00eda, lo trae de \u00abdamo de compa\u00f1\u00eda\u00bb&#8230; Se ha vuelto su principal operador..&nbsp;&nbsp;Y luego con la movilizaci\u00f3n de los diputados locales de varios estados del pa\u00eds, a protestar a la sede de la Suprema Corte de Justicia de la Naci\u00f3n en CDMX.. Pese a todo lo que pas\u00f3 alrededor del evento, con el asunto de los insultos y los ata\u00fades.. Cazar\u00edn elev\u00f3 sus \u00abbonos\u00bb en MORENA.. Gran parte de esa convocatoria fue por \u00e9l, no por el gobernador de Veracruz..&nbsp;<\/p>\n\n\n\n<p>El caso es que en Veracruz, G\u00f3mez Cazarin repite la misma dosis, que hizo su hermano, Alejandro G\u00f3mez Cazarin, en Campeche&#8230; Que tiene el mismo cargo como Presidente de la Junta de Coordinaci\u00f3n Pol\u00edtica del Congreso Local en el estado que gobierna, Layda Sansores.. Esto le puede costar muchos enconos al interior de MORENA, que ha demostrado ser un partido \u00abCanibal\u00bb.. Si Cazar\u00edn logra superar ese tema.. Se fortalecer\u00e1 como el principal activo de MORENA y qui\u00e9n quiera un cargo de elecci\u00f3n popular, tendr\u00e1 que negociar con \u00e9l&#8230; AMEN..&nbsp;<\/p>\n\n\n\n<p><strong>MASTOGRAF\u00cdAS GRATUITAS..<\/strong> Una loable labor la que realiza el empresario, Guillermo Herreda, qui\u00e9n contin\u00faa con el apoyo a las mujeres medellinenses, no es solo en fechas especiales, ya que su asociaci\u00f3n MEMO, tiene una campa\u00f1a permanente de apoyos en conjunto con el \u00abHospital Covadonga\u00bb de Boca del R\u00edo, donde se est\u00e1n realizando mastograf\u00edas gratuitas, con la finalidad de que mujeres de escasos recursos puedan acceder a estos estudios que pueden salvarles la vida..<\/p>\n\n\n\n<p>Pero no s\u00f3lo es eso.. Tambi\u00e9n esta asociaci\u00f3n est\u00e1 apoyando a estas mujeres para que se les haga grandes descuentos econ\u00f3micos en los estudios, hospitalizaci\u00f3n e imagenolog\u00eda, adem\u00e1s de operaciones de \u00abcataratas\u00bb y labio leporino..&nbsp;&nbsp;Ya que hay otros descuentos en las compras en farmacias y para los hombres habr\u00e1 capacitaciones que vendr\u00e1n en pr\u00f3ximos meses para cursos de electricidad, mec\u00e1nica el\u00e9ctrica y apoyos a microempresas&#8230; Loable labor&#8230; Sin palabras.. AMEN<\/p>\n","protected":false},"excerpt":{"rendered":"<p>Ricardo Chua Sale y Vale A pesar de que en la oposici\u00f3n a nivel nacional no se han puesto de acuerdo, de qui\u00e9n podr\u00eda ser el candidato a la Presidencia de M\u00e9xico y de los conflictos que puede generarse en los pr\u00f3ximos meses por ese tema.. Lo mismo sucede en la sucesi\u00f3n estatal en las [&hellip;]<\/p>\n","protected":false},"author":2,"featured_media":0,"comment_status":"closed","ping_status":"closed","sticky":false,"template":"","format":"standard","meta":{"tdm_status":"","tdm_grid_status":"","footnotes":""},"categories":[70],"tags":[618,1563,13912,12695,1026,195],"class_list":{"0":"post-106514","1":"post","2":"type-post","3":"status-publish","4":"format-standard","6":"category-de-opinion","7":"tag-andres-manuel-lopez-obrador","8":"tag-cuitlahuac-garcia-jimenez","9":"tag-eleazar-guerrero-perez","10":"tag-juan-javier-gomez-cazarin","11":"tag-morena","12":"tag-veracruz"},"yoast_head":"<!-- This site is optimized with the Yoast SEO plugin v27.4 - https:\/\/yoast.com\/product\/yoast-seo-wordpress\/ -->\n<title>MORENA, EN RIESGO EN 2024 - Los pol\u00edticos Veracruz<\/title>\n<meta name=\"robots\" content=\"index, follow, max-snippet:-1, max-image-preview:large, max-video-preview:-1\" \/>\n<link rel=\"canonical\" href=\"https:\/\/lospoliticosveracruz.com\/?p=106514\" \/>\n<meta property=\"og:locale\" content=\"es_ES\" \/>\n<meta property=\"og:type\" content=\"article\" \/>\n<meta property=\"og:title\" content=\"MORENA, EN RIESGO EN 2024 - Los pol\u00edticos Veracruz\" \/>\n<meta property=\"og:description\" content=\"Ricardo Chua Sale y Vale A pesar de que en la oposici\u00f3n a nivel nacional no se han puesto de acuerdo, de qui\u00e9n podr\u00eda ser el candidato a la Presidencia de M\u00e9xico y de los conflictos que puede generarse en los pr\u00f3ximos meses por ese tema.. Lo mismo sucede en la sucesi\u00f3n estatal en las [&hellip;]\" \/>\n<meta property=\"og:url\" content=\"https:\/\/lospoliticosveracruz.com\/?p=106514\" \/>\n<meta property=\"og:site_name\" content=\"Los pol\u00edticos Veracruz\" \/>\n<meta property=\"article:publisher\" content=\"https:\/\/www.facebook.com\/people\/Notimemes-de-los-Polticos\/61565672886568\/\" \/>\n<meta property=\"article:published_time\" content=\"2023-05-27T14:52:42+00:00\" \/>\n<meta property=\"article:modified_time\" content=\"2023-05-27T14:52:48+00:00\" \/>\n<meta property=\"og:image\" content=\"https:\/\/lospoliticosveracruz.com\/wp-content\/uploads\/2016\/07\/Logo-Dor.jpg\" \/>\n\t<meta property=\"og:image:width\" content=\"200\" \/>\n\t<meta property=\"og:image:height\" content=\"200\" \/>\n\t<meta property=\"og:image:type\" content=\"image\/jpeg\" \/>\n<meta name=\"author\" content=\"Lo viste en Los Pol\u00edticos\" \/>\n<meta name=\"twitter:card\" content=\"summary_large_image\" \/>\n<meta name=\"twitter:creator\" content=\"@LosPoliticosVer\" \/>\n<meta name=\"twitter:site\" content=\"@LosPoliticosVer\" \/>\n<meta name=\"twitter:label1\" content=\"Escrito por\" \/>\n\t<meta name=\"twitter:data1\" content=\"Lo viste en Los Pol\u00edticos\" \/>\n\t<meta name=\"twitter:label2\" content=\"Tiempo de lectura\" \/>\n\t<meta name=\"twitter:data2\" content=\"5 minutos\" \/>\n<script type=\"application\/ld+json\" class=\"yoast-schema-graph\">{\"@context\":\"https:\\\/\\\/schema.org\",\"@graph\":[{\"@type\":\"Article\",\"@id\":\"https:\\\/\\\/lospoliticosveracruz.com\\\/?p=106514#article\",\"isPartOf\":{\"@id\":\"https:\\\/\\\/lospoliticosveracruz.com\\\/?p=106514\"},\"author\":{\"name\":\"Lo viste en Los Pol\u00edticos\",\"@id\":\"https:\\\/\\\/lospoliticosveracruz.com\\\/#\\\/schema\\\/person\\\/b8702bb0e538456e6efd07080bf2a4a2\"},\"headline\":\"MORENA, EN RIESGO EN 2024\",\"datePublished\":\"2023-05-27T14:52:42+00:00\",\"dateModified\":\"2023-05-27T14:52:48+00:00\",\"mainEntityOfPage\":{\"@id\":\"https:\\\/\\\/lospoliticosveracruz.com\\\/?p=106514\"},\"wordCount\":973,\"publisher\":{\"@id\":\"https:\\\/\\\/lospoliticosveracruz.com\\\/#organization\"},\"keywords\":[\"Andr\u00e9s Manuel L\u00f3pez Obrador\",\"Cuitl\u00e1huac Garc\u00eda Jim\u00e9nez\",\"Eleazar Guerrero P\u00e9rez\",\"Juan Javier G\u00f3mez Cazar\u00edn\",\"Morena\",\"Veracruz\"],\"articleSection\":[\"De Opini\u00f3n\"],\"inLanguage\":\"es\"},{\"@type\":\"WebPage\",\"@id\":\"https:\\\/\\\/lospoliticosveracruz.com\\\/?p=106514\",\"url\":\"https:\\\/\\\/lospoliticosveracruz.com\\\/?p=106514\",\"name\":\"MORENA, EN RIESGO EN 2024 - Los pol\u00edticos Veracruz\",\"isPartOf\":{\"@id\":\"https:\\\/\\\/lospoliticosveracruz.com\\\/#website\"},\"datePublished\":\"2023-05-27T14:52:42+00:00\",\"dateModified\":\"2023-05-27T14:52:48+00:00\",\"breadcrumb\":{\"@id\":\"https:\\\/\\\/lospoliticosveracruz.com\\\/?p=106514#breadcrumb\"},\"inLanguage\":\"es\",\"potentialAction\":[{\"@type\":\"ReadAction\",\"target\":[\"https:\\\/\\\/lospoliticosveracruz.com\\\/?p=106514\"]}]},{\"@type\":\"BreadcrumbList\",\"@id\":\"https:\\\/\\\/lospoliticosveracruz.com\\\/?p=106514#breadcrumb\",\"itemListElement\":[{\"@type\":\"ListItem\",\"position\":1,\"name\":\"Portada\",\"item\":\"https:\\\/\\\/lospoliticosveracruz.com\\\/\"},{\"@type\":\"ListItem\",\"position\":2,\"name\":\"MORENA, EN RIESGO EN 2024\"}]},{\"@type\":\"WebSite\",\"@id\":\"https:\\\/\\\/lospoliticosveracruz.com\\\/#website\",\"url\":\"https:\\\/\\\/lospoliticosveracruz.com\\\/\",\"name\":\"Los pol\u00edticos Veracruz\",\"description\":\"\",\"publisher\":{\"@id\":\"https:\\\/\\\/lospoliticosveracruz.com\\\/#organization\"},\"potentialAction\":[{\"@type\":\"SearchAction\",\"target\":{\"@type\":\"EntryPoint\",\"urlTemplate\":\"https:\\\/\\\/lospoliticosveracruz.com\\\/?s={search_term_string}\"},\"query-input\":{\"@type\":\"PropertyValueSpecification\",\"valueRequired\":true,\"valueName\":\"search_term_string\"}}],\"inLanguage\":\"es\"},{\"@type\":\"Organization\",\"@id\":\"https:\\\/\\\/lospoliticosveracruz.com\\\/#organization\",\"name\":\"Los pol\u00edticos Veracruz\",\"url\":\"https:\\\/\\\/lospoliticosveracruz.com\\\/\",\"logo\":{\"@type\":\"ImageObject\",\"inLanguage\":\"es\",\"@id\":\"https:\\\/\\\/lospoliticosveracruz.com\\\/#\\\/schema\\\/logo\\\/image\\\/\",\"url\":\"https:\\\/\\\/lospoliticosveracruz.com\\\/wp-content\\\/uploads\\\/2025\\\/12\\\/Logo-Nuevo-LOS-POLITICOS-1.jpg\",\"contentUrl\":\"https:\\\/\\\/lospoliticosveracruz.com\\\/wp-content\\\/uploads\\\/2025\\\/12\\\/Logo-Nuevo-LOS-POLITICOS-1.jpg\",\"width\":260,\"height\":70,\"caption\":\"Los pol\u00edticos Veracruz\"},\"image\":{\"@id\":\"https:\\\/\\\/lospoliticosveracruz.com\\\/#\\\/schema\\\/logo\\\/image\\\/\"},\"sameAs\":[\"https:\\\/\\\/www.facebook.com\\\/people\\\/Notimemes-de-los-Polticos\\\/61565672886568\\\/\",\"https:\\\/\\\/x.com\\\/LosPoliticosVer\"]},{\"@type\":\"Person\",\"@id\":\"https:\\\/\\\/lospoliticosveracruz.com\\\/#\\\/schema\\\/person\\\/b8702bb0e538456e6efd07080bf2a4a2\",\"name\":\"Lo viste en Los Pol\u00edticos\",\"image\":{\"@type\":\"ImageObject\",\"inLanguage\":\"es\",\"@id\":\"https:\\\/\\\/secure.gravatar.com\\\/avatar\\\/3a8de04a2656d44082be478bd6c086daa447c4651605818287b9532d3d0bd435?s=96&d=mm&r=g\",\"url\":\"https:\\\/\\\/secure.gravatar.com\\\/avatar\\\/3a8de04a2656d44082be478bd6c086daa447c4651605818287b9532d3d0bd435?s=96&d=mm&r=g\",\"contentUrl\":\"https:\\\/\\\/secure.gravatar.com\\\/avatar\\\/3a8de04a2656d44082be478bd6c086daa447c4651605818287b9532d3d0bd435?s=96&d=mm&r=g\",\"caption\":\"Lo viste en Los Pol\u00edticos\"},\"url\":\"https:\\\/\\\/lospoliticosveracruz.com\\\/?author=2\"}]}<\/script>\n<!-- \/ Yoast SEO plugin. -->","yoast_head_json":{"title":"MORENA, EN RIESGO EN 2024 - Los pol\u00edticos Veracruz","robots":{"index":"index","follow":"follow","max-snippet":"max-snippet:-1","max-image-preview":"max-image-preview:large","max-video-preview":"max-video-preview:-1"},"canonical":"https:\/\/lospoliticosveracruz.com\/?p=106514","og_locale":"es_ES","og_type":"article","og_title":"MORENA, EN RIESGO EN 2024 - Los pol\u00edticos Veracruz","og_description":"Ricardo Chua Sale y Vale A pesar de que en la oposici\u00f3n a nivel nacional no se han puesto de acuerdo, de qui\u00e9n podr\u00eda ser el candidato a la Presidencia de M\u00e9xico y de los conflictos que puede generarse en los pr\u00f3ximos meses por ese tema.. Lo mismo sucede en la sucesi\u00f3n estatal en las [&hellip;]","og_url":"https:\/\/lospoliticosveracruz.com\/?p=106514","og_site_name":"Los pol\u00edticos Veracruz","article_publisher":"https:\/\/www.facebook.com\/people\/Notimemes-de-los-Polticos\/61565672886568\/","article_published_time":"2023-05-27T14:52:42+00:00","article_modified_time":"2023-05-27T14:52:48+00:00","og_image":[{"width":200,"height":200,"url":"https:\/\/lospoliticosveracruz.com\/wp-content\/uploads\/2016\/07\/Logo-Dor.jpg","type":"image\/jpeg"}],"author":"Lo viste en Los Pol\u00edticos","twitter_card":"summary_large_image","twitter_creator":"@LosPoliticosVer","twitter_site":"@LosPoliticosVer","twitter_misc":{"Escrito por":"Lo viste en Los Pol\u00edticos","Tiempo de lectura":"5 minutos"},"schema":{"@context":"https:\/\/schema.org","@graph":[{"@type":"Article","@id":"https:\/\/lospoliticosveracruz.com\/?p=106514#article","isPartOf":{"@id":"https:\/\/lospoliticosveracruz.com\/?p=106514"},"author":{"name":"Lo viste en Los Pol\u00edticos","@id":"https:\/\/lospoliticosveracruz.com\/#\/schema\/person\/b8702bb0e538456e6efd07080bf2a4a2"},"headline":"MORENA, EN RIESGO EN 2024","datePublished":"2023-05-27T14:52:42+00:00","dateModified":"2023-05-27T14:52:48+00:00","mainEntityOfPage":{"@id":"https:\/\/lospoliticosveracruz.com\/?p=106514"},"wordCount":973,"publisher":{"@id":"https:\/\/lospoliticosveracruz.com\/#organization"},"keywords":["Andr\u00e9s Manuel L\u00f3pez Obrador","Cuitl\u00e1huac Garc\u00eda Jim\u00e9nez","Eleazar Guerrero P\u00e9rez","Juan Javier G\u00f3mez Cazar\u00edn","Morena","Veracruz"],"articleSection":["De Opini\u00f3n"],"inLanguage":"es"},{"@type":"WebPage","@id":"https:\/\/lospoliticosveracruz.com\/?p=106514","url":"https:\/\/lospoliticosveracruz.com\/?p=106514","name":"MORENA, EN RIESGO EN 2024 - Los pol\u00edticos Veracruz","isPartOf":{"@id":"https:\/\/lospoliticosveracruz.com\/#website"},"datePublished":"2023-05-27T14:52:42+00:00","dateModified":"2023-05-27T14:52:48+00:00","breadcrumb":{"@id":"https:\/\/lospoliticosveracruz.com\/?p=106514#breadcrumb"},"inLanguage":"es","potentialAction":[{"@type":"ReadAction","target":["https:\/\/lospoliticosveracruz.com\/?p=106514"]}]},{"@type":"BreadcrumbList","@id":"https:\/\/lospoliticosveracruz.com\/?p=106514#breadcrumb","itemListElement":[{"@type":"ListItem","position":1,"name":"Portada","item":"https:\/\/lospoliticosveracruz.com\/"},{"@type":"ListItem","position":2,"name":"MORENA, EN RIESGO EN 2024"}]},{"@type":"WebSite","@id":"https:\/\/lospoliticosveracruz.com\/#website","url":"https:\/\/lospoliticosveracruz.com\/","name":"Los pol\u00edticos Veracruz","description":"","publisher":{"@id":"https:\/\/lospoliticosveracruz.com\/#organization"},"potentialAction":[{"@type":"SearchAction","target":{"@type":"EntryPoint","urlTemplate":"https:\/\/lospoliticosveracruz.com\/?s={search_term_string}"},"query-input":{"@type":"PropertyValueSpecification","valueRequired":true,"valueName":"search_term_string"}}],"inLanguage":"es"},{"@type":"Organization","@id":"https:\/\/lospoliticosveracruz.com\/#organization","name":"Los pol\u00edticos Veracruz","url":"https:\/\/lospoliticosveracruz.com\/","logo":{"@type":"ImageObject","inLanguage":"es","@id":"https:\/\/lospoliticosveracruz.com\/#\/schema\/logo\/image\/","url":"https:\/\/lospoliticosveracruz.com\/wp-content\/uploads\/2025\/12\/Logo-Nuevo-LOS-POLITICOS-1.jpg","contentUrl":"https:\/\/lospoliticosveracruz.com\/wp-content\/uploads\/2025\/12\/Logo-Nuevo-LOS-POLITICOS-1.jpg","width":260,"height":70,"caption":"Los pol\u00edticos Veracruz"},"image":{"@id":"https:\/\/lospoliticosveracruz.com\/#\/schema\/logo\/image\/"},"sameAs":["https:\/\/www.facebook.com\/people\/Notimemes-de-los-Polticos\/61565672886568\/","https:\/\/x.com\/LosPoliticosVer"]},{"@type":"Person","@id":"https:\/\/lospoliticosveracruz.com\/#\/schema\/person\/b8702bb0e538456e6efd07080bf2a4a2","name":"Lo viste en Los Pol\u00edticos","image":{"@type":"ImageObject","inLanguage":"es","@id":"https:\/\/secure.gravatar.com\/avatar\/3a8de04a2656d44082be478bd6c086daa447c4651605818287b9532d3d0bd435?s=96&d=mm&r=g","url":"https:\/\/secure.gravatar.com\/avatar\/3a8de04a2656d44082be478bd6c086daa447c4651605818287b9532d3d0bd435?s=96&d=mm&r=g","contentUrl":"https:\/\/secure.gravatar.com\/avatar\/3a8de04a2656d44082be478bd6c086daa447c4651605818287b9532d3d0bd435?s=96&d=mm&r=g","caption":"Lo viste en Los Pol\u00edticos"},"url":"https:\/\/lospoliticosveracruz.com\/?author=2"}]}},"_links":{"self":[{"href":"https:\/\/lospoliticosveracruz.com\/index.php?rest_route=\/wp\/v2\/posts\/106514","targetHints":{"allow":["GET"]}}],"collection":[{"href":"https:\/\/lospoliticosveracruz.com\/index.php?rest_route=\/wp\/v2\/posts"}],"about":[{"href":"https:\/\/lospoliticosveracruz.com\/index.php?rest_route=\/wp\/v2\/types\/post"}],"author":[{"embeddable":true,"href":"https:\/\/lospoliticosveracruz.com\/index.php?rest_route=\/wp\/v2\/users\/2"}],"replies":[{"embeddable":true,"href":"https:\/\/lospoliticosveracruz.com\/index.php?rest_route=%2Fwp%2Fv2%2Fcomments&post=106514"}],"version-history":[{"count":1,"href":"https:\/\/lospoliticosveracruz.com\/index.php?rest_route=\/wp\/v2\/posts\/106514\/revisions"}],"predecessor-version":[{"id":106516,"href":"https:\/\/lospoliticosveracruz.com\/index.php?rest_route=\/wp\/v2\/posts\/106514\/revisions\/106516"}],"wp:attachment":[{"href":"https:\/\/lospoliticosveracruz.com\/index.php?rest_route=%2Fwp%2Fv2%2Fmedia&parent=106514"}],"wp:term":[{"taxonomy":"category","embeddable":true,"href":"https:\/\/lospoliticosveracruz.com\/index.php?rest_route=%2Fwp%2Fv2%2Fcategories&post=106514"},{"taxonomy":"post_tag","embeddable":true,"href":"https:\/\/lospoliticosveracruz.com\/index.php?rest_route=%2Fwp%2Fv2%2Ftags&post=106514"}],"curies":[{"name":"wp","href":"https:\/\/api.w.org\/{rel}","templated":true}]}}