{"id":106534,"date":"2023-05-28T10:49:10","date_gmt":"2023-05-28T15:49:10","guid":{"rendered":"https:\/\/lospoliticosveracruz.com.mx\/?p=106534"},"modified":"2023-05-28T10:49:17","modified_gmt":"2023-05-28T15:49:17","slug":"el-precio-de-vivir","status":"publish","type":"post","link":"https:\/\/lospoliticosveracruz.com\/?p=106534","title":{"rendered":"EL PRECIO DE VIVIR"},"content":{"rendered":"\n<p><\/p>\n\n\n\n<p><strong>Miguel Valera<\/strong><\/p>\n\n\n\n<p><em>Relatos dominicales<\/em><\/p>\n\n\n\n<p>Conoc\u00ed a&nbsp;Juvencio&nbsp;cuando cruzaba el umbral de la madurez. Era un hombre recio, fuerte,&nbsp;que se hab\u00eda forjado desde abajo, como empleado de Ferrocarriles Nacionales de M\u00e9xico. A pesar de que ya iba encarrerado, en 1999 una decisi\u00f3n del gobierno en turno \u2014que privatiz\u00f3 esa paraestatal\u2014 como Forrest Gump, el personaje de Winston Groom, detuvo su carrera en la a\u00fan soleada tarde de su vida. Nunca se desanim\u00f3.<\/p>\n\n\n\n<p>\u00bfC\u00f3mo le haces?, le pregunt\u00e9 una tarde calurosa, en el umbral del verano, mientras nos tom\u00e1bamos un caldo de erizo de mar en un bar de ese puerto que amaba tanto. \u201c\u00c9chatelo todo. Este caldo es buen\u00edsimo, es afrodisiaco\u201d, coment\u00f3, al lado de una cerveza&nbsp;\u00e1mbar,&nbsp;sudada. S\u00ed, le contest\u00e9 serio, recordando una clase con mi maestro Francisco Mora, en Paso de Ovejas: s\u00e9 que tiene un alto contenido en f\u00f3sforo y potasio, propiedades muy buenas para las c\u00e9lulas nerviosas y para disminuir la tensi\u00f3n arterial.&nbsp;<\/p>\n\n\n\n<p>Se sonri\u00f3 y detuvo el sarcasmo ante mi lapsus de erudici\u00f3n. \u201cS\u00ed hombre, tienes raz\u00f3n, pero sobre todo este caldo se te va directo a los \u2018tenates\u2019; es bueno para atender a las damas aqu\u00ed en el puerto\u201d, sentenci\u00f3. Una carcajada sonora interrumpi\u00f3 la solemne clase de qu\u00edmica org\u00e1nica. Comimos negrillo a la veracruzana, su plato favorito y pelamos camarones hasta que los botones de la camisa nos detuvieron.<\/p>\n\n\n\n<p>Las muchas veces que lo encontr\u00e9 \u2014y siempre se lo dec\u00eda\u2014 me emocionaba su manera de ver la vida, su optimismo, su persistencia ante las adversidades. Mira, me solt\u00f3 un d\u00eda, en la vida hay que chingarle. La \u00fanica calma que vivimos y no siempre, es cuando estamos en el vientre de la madre y cuando somos ni\u00f1os, si es que tuvimos la suerte de\u00a0contar con padres a nuestro lado, pero de ah\u00ed todo es chingarle, ch\u00edngale a la escuela, ch\u00edngale a trabajar, ch\u00edngale para llevar el gasto a la casa, ch\u00edngale para vivir. Esa es la vida. No es f\u00e1cil, es una chinga, insisti\u00f3, pero es lo m\u00e1s ching\u00f3n que nos ha podido pasar hasta ahora, me dec\u00eda.<\/p>\n\n\n\n<p>Yo lo escuchaba con mucho inter\u00e9s. Siempre ten\u00eda una respuesta para todo, una salida, una soluci\u00f3n. Lo \u00fanico que no tiene soluci\u00f3n, me repet\u00eda, como lugar com\u00fan, es la muerte. \u201cPero sabes, me comentaba quedito en ciertas ocasiones, sobre todo cuando ya llevaba algunas cervezas entre pecho y espalda, quiz\u00e1 haya eternidad, un cielo, un para\u00edso y entonces ese s\u00ed tiene que ser m\u00e1s ching\u00f3n que esto que vivimos ac\u00e1\u201d.&nbsp;<\/p>\n\n\n\n<p>Nunca olvidar\u00e9 sus ense\u00f1anzas y la m\u00e1s grande, cuando lo vi en el lecho de muerte. Sab\u00eda que ten\u00eda que \u201cestirar la pata\u201d, como&nbsp;sol\u00eda decir. Esa tarde que lo&nbsp;fui a ver, me dijo: \u201cel precio de vivir es la muerte; no hay de otra mi Maikol, as\u00ed que no te apendejes y vive; no pierdas el tiempo en tonter\u00edas. Lo que se puede arreglar, arr\u00e9glalo y lo que no, ah\u00ed d\u00e9jalo. Un viejo sacerdote me dijo alguna vez que el que hace lo que puede, hace lo que debe;&nbsp;eso tenemos que hacer, as\u00ed que no te me ag\u00fcites,&nbsp;vete al Morro a chingarte unas cervezas,&nbsp;unos camarones en mi nombre. Y un favor, cuando me vaya dile a toda la flota que no anden&nbsp;de magdalenas chillando por aqu\u00ed y por all\u00e1; que vivan, porque tarde o temprano les tocar\u00e1\u201d.<\/p>\n\n\n\n<p>Desde ese d\u00eda y hasta ahora, no olvido las ense\u00f1anzas del buen Juvencio, las tardes de mariscos y cervezas, las caminatas por el malec\u00f3n y sobre todo sus palabras, \u201cel precio de vivir es la muerte y hay que vivir, antes de que nos llegue la hora\u201d.<\/p>\n","protected":false},"excerpt":{"rendered":"<p>Miguel Valera Relatos dominicales Conoc\u00ed a&nbsp;Juvencio&nbsp;cuando cruzaba el umbral de la madurez. Era un hombre recio, fuerte,&nbsp;que se hab\u00eda forjado desde abajo, como empleado de Ferrocarriles Nacionales de M\u00e9xico. A pesar de que ya iba encarrerado, en 1999 una decisi\u00f3n del gobierno en turno \u2014que privatiz\u00f3 esa paraestatal\u2014 como Forrest Gump, el personaje de Winston [&hellip;]<\/p>\n","protected":false},"author":2,"featured_media":0,"comment_status":"closed","ping_status":"closed","sticky":false,"template":"","format":"standard","meta":{"tdm_status":"","tdm_grid_status":"","footnotes":""},"categories":[70],"tags":[38260,9776,195],"class_list":{"0":"post-106534","1":"post","2":"type-post","3":"status-publish","4":"format-standard","6":"category-de-opinion","7":"tag-juvencio","8":"tag-miguel-valera","9":"tag-veracruz"},"yoast_head":"<!-- This site is optimized with the Yoast SEO plugin v27.4 - https:\/\/yoast.com\/product\/yoast-seo-wordpress\/ -->\n<title>EL PRECIO DE VIVIR - Los pol\u00edticos Veracruz<\/title>\n<meta name=\"robots\" content=\"index, follow, max-snippet:-1, max-image-preview:large, max-video-preview:-1\" \/>\n<link rel=\"canonical\" href=\"https:\/\/lospoliticosveracruz.com\/?p=106534\" \/>\n<meta property=\"og:locale\" content=\"es_ES\" \/>\n<meta property=\"og:type\" content=\"article\" \/>\n<meta property=\"og:title\" content=\"EL PRECIO DE VIVIR - Los pol\u00edticos Veracruz\" \/>\n<meta property=\"og:description\" content=\"Miguel Valera Relatos dominicales Conoc\u00ed a&nbsp;Juvencio&nbsp;cuando cruzaba el umbral de la madurez. Era un hombre recio, fuerte,&nbsp;que se hab\u00eda forjado desde abajo, como empleado de Ferrocarriles Nacionales de M\u00e9xico. A pesar de que ya iba encarrerado, en 1999 una decisi\u00f3n del gobierno en turno \u2014que privatiz\u00f3 esa paraestatal\u2014 como Forrest Gump, el personaje de Winston [&hellip;]\" \/>\n<meta property=\"og:url\" content=\"https:\/\/lospoliticosveracruz.com\/?p=106534\" \/>\n<meta property=\"og:site_name\" content=\"Los pol\u00edticos Veracruz\" \/>\n<meta property=\"article:publisher\" content=\"https:\/\/www.facebook.com\/people\/Notimemes-de-los-Polticos\/61565672886568\/\" \/>\n<meta property=\"article:published_time\" content=\"2023-05-28T15:49:10+00:00\" \/>\n<meta property=\"article:modified_time\" content=\"2023-05-28T15:49:17+00:00\" \/>\n<meta property=\"og:image\" content=\"https:\/\/lospoliticosveracruz.com\/wp-content\/uploads\/2016\/07\/Logo-Dor.jpg\" \/>\n\t<meta property=\"og:image:width\" content=\"200\" \/>\n\t<meta property=\"og:image:height\" content=\"200\" \/>\n\t<meta property=\"og:image:type\" content=\"image\/jpeg\" \/>\n<meta name=\"author\" content=\"Lo viste en Los Pol\u00edticos\" \/>\n<meta name=\"twitter:card\" content=\"summary_large_image\" \/>\n<meta name=\"twitter:creator\" content=\"@LosPoliticosVer\" \/>\n<meta name=\"twitter:site\" content=\"@LosPoliticosVer\" \/>\n<meta name=\"twitter:label1\" content=\"Escrito por\" \/>\n\t<meta name=\"twitter:data1\" content=\"Lo viste en Los Pol\u00edticos\" \/>\n\t<meta name=\"twitter:label2\" content=\"Tiempo de lectura\" \/>\n\t<meta name=\"twitter:data2\" content=\"3 minutos\" \/>\n<script type=\"application\/ld+json\" class=\"yoast-schema-graph\">{\"@context\":\"https:\\\/\\\/schema.org\",\"@graph\":[{\"@type\":\"Article\",\"@id\":\"https:\\\/\\\/lospoliticosveracruz.com\\\/?p=106534#article\",\"isPartOf\":{\"@id\":\"https:\\\/\\\/lospoliticosveracruz.com\\\/?p=106534\"},\"author\":{\"name\":\"Lo viste en Los Pol\u00edticos\",\"@id\":\"https:\\\/\\\/lospoliticosveracruz.com\\\/#\\\/schema\\\/person\\\/b8702bb0e538456e6efd07080bf2a4a2\"},\"headline\":\"EL PRECIO DE VIVIR\",\"datePublished\":\"2023-05-28T15:49:10+00:00\",\"dateModified\":\"2023-05-28T15:49:17+00:00\",\"mainEntityOfPage\":{\"@id\":\"https:\\\/\\\/lospoliticosveracruz.com\\\/?p=106534\"},\"wordCount\":670,\"publisher\":{\"@id\":\"https:\\\/\\\/lospoliticosveracruz.com\\\/#organization\"},\"keywords\":[\"Juvencio\",\"Miguel Valera\",\"Veracruz\"],\"articleSection\":[\"De Opini\u00f3n\"],\"inLanguage\":\"es\"},{\"@type\":\"WebPage\",\"@id\":\"https:\\\/\\\/lospoliticosveracruz.com\\\/?p=106534\",\"url\":\"https:\\\/\\\/lospoliticosveracruz.com\\\/?p=106534\",\"name\":\"EL PRECIO DE VIVIR - Los pol\u00edticos Veracruz\",\"isPartOf\":{\"@id\":\"https:\\\/\\\/lospoliticosveracruz.com\\\/#website\"},\"datePublished\":\"2023-05-28T15:49:10+00:00\",\"dateModified\":\"2023-05-28T15:49:17+00:00\",\"breadcrumb\":{\"@id\":\"https:\\\/\\\/lospoliticosveracruz.com\\\/?p=106534#breadcrumb\"},\"inLanguage\":\"es\",\"potentialAction\":[{\"@type\":\"ReadAction\",\"target\":[\"https:\\\/\\\/lospoliticosveracruz.com\\\/?p=106534\"]}]},{\"@type\":\"BreadcrumbList\",\"@id\":\"https:\\\/\\\/lospoliticosveracruz.com\\\/?p=106534#breadcrumb\",\"itemListElement\":[{\"@type\":\"ListItem\",\"position\":1,\"name\":\"Portada\",\"item\":\"https:\\\/\\\/lospoliticosveracruz.com\\\/\"},{\"@type\":\"ListItem\",\"position\":2,\"name\":\"EL PRECIO DE VIVIR\"}]},{\"@type\":\"WebSite\",\"@id\":\"https:\\\/\\\/lospoliticosveracruz.com\\\/#website\",\"url\":\"https:\\\/\\\/lospoliticosveracruz.com\\\/\",\"name\":\"Los pol\u00edticos Veracruz\",\"description\":\"\",\"publisher\":{\"@id\":\"https:\\\/\\\/lospoliticosveracruz.com\\\/#organization\"},\"potentialAction\":[{\"@type\":\"SearchAction\",\"target\":{\"@type\":\"EntryPoint\",\"urlTemplate\":\"https:\\\/\\\/lospoliticosveracruz.com\\\/?s={search_term_string}\"},\"query-input\":{\"@type\":\"PropertyValueSpecification\",\"valueRequired\":true,\"valueName\":\"search_term_string\"}}],\"inLanguage\":\"es\"},{\"@type\":\"Organization\",\"@id\":\"https:\\\/\\\/lospoliticosveracruz.com\\\/#organization\",\"name\":\"Los pol\u00edticos Veracruz\",\"url\":\"https:\\\/\\\/lospoliticosveracruz.com\\\/\",\"logo\":{\"@type\":\"ImageObject\",\"inLanguage\":\"es\",\"@id\":\"https:\\\/\\\/lospoliticosveracruz.com\\\/#\\\/schema\\\/logo\\\/image\\\/\",\"url\":\"https:\\\/\\\/lospoliticosveracruz.com\\\/wp-content\\\/uploads\\\/2025\\\/12\\\/Logo-Nuevo-LOS-POLITICOS-1.jpg\",\"contentUrl\":\"https:\\\/\\\/lospoliticosveracruz.com\\\/wp-content\\\/uploads\\\/2025\\\/12\\\/Logo-Nuevo-LOS-POLITICOS-1.jpg\",\"width\":260,\"height\":70,\"caption\":\"Los pol\u00edticos Veracruz\"},\"image\":{\"@id\":\"https:\\\/\\\/lospoliticosveracruz.com\\\/#\\\/schema\\\/logo\\\/image\\\/\"},\"sameAs\":[\"https:\\\/\\\/www.facebook.com\\\/people\\\/Notimemes-de-los-Polticos\\\/61565672886568\\\/\",\"https:\\\/\\\/x.com\\\/LosPoliticosVer\"]},{\"@type\":\"Person\",\"@id\":\"https:\\\/\\\/lospoliticosveracruz.com\\\/#\\\/schema\\\/person\\\/b8702bb0e538456e6efd07080bf2a4a2\",\"name\":\"Lo viste en Los Pol\u00edticos\",\"image\":{\"@type\":\"ImageObject\",\"inLanguage\":\"es\",\"@id\":\"https:\\\/\\\/secure.gravatar.com\\\/avatar\\\/3a8de04a2656d44082be478bd6c086daa447c4651605818287b9532d3d0bd435?s=96&d=mm&r=g\",\"url\":\"https:\\\/\\\/secure.gravatar.com\\\/avatar\\\/3a8de04a2656d44082be478bd6c086daa447c4651605818287b9532d3d0bd435?s=96&d=mm&r=g\",\"contentUrl\":\"https:\\\/\\\/secure.gravatar.com\\\/avatar\\\/3a8de04a2656d44082be478bd6c086daa447c4651605818287b9532d3d0bd435?s=96&d=mm&r=g\",\"caption\":\"Lo viste en Los Pol\u00edticos\"},\"url\":\"https:\\\/\\\/lospoliticosveracruz.com\\\/?author=2\"}]}<\/script>\n<!-- \/ Yoast SEO plugin. -->","yoast_head_json":{"title":"EL PRECIO DE VIVIR - Los pol\u00edticos Veracruz","robots":{"index":"index","follow":"follow","max-snippet":"max-snippet:-1","max-image-preview":"max-image-preview:large","max-video-preview":"max-video-preview:-1"},"canonical":"https:\/\/lospoliticosveracruz.com\/?p=106534","og_locale":"es_ES","og_type":"article","og_title":"EL PRECIO DE VIVIR - Los pol\u00edticos Veracruz","og_description":"Miguel Valera Relatos dominicales Conoc\u00ed a&nbsp;Juvencio&nbsp;cuando cruzaba el umbral de la madurez. Era un hombre recio, fuerte,&nbsp;que se hab\u00eda forjado desde abajo, como empleado de Ferrocarriles Nacionales de M\u00e9xico. A pesar de que ya iba encarrerado, en 1999 una decisi\u00f3n del gobierno en turno \u2014que privatiz\u00f3 esa paraestatal\u2014 como Forrest Gump, el personaje de Winston [&hellip;]","og_url":"https:\/\/lospoliticosveracruz.com\/?p=106534","og_site_name":"Los pol\u00edticos Veracruz","article_publisher":"https:\/\/www.facebook.com\/people\/Notimemes-de-los-Polticos\/61565672886568\/","article_published_time":"2023-05-28T15:49:10+00:00","article_modified_time":"2023-05-28T15:49:17+00:00","og_image":[{"width":200,"height":200,"url":"https:\/\/lospoliticosveracruz.com\/wp-content\/uploads\/2016\/07\/Logo-Dor.jpg","type":"image\/jpeg"}],"author":"Lo viste en Los Pol\u00edticos","twitter_card":"summary_large_image","twitter_creator":"@LosPoliticosVer","twitter_site":"@LosPoliticosVer","twitter_misc":{"Escrito por":"Lo viste en Los Pol\u00edticos","Tiempo de lectura":"3 minutos"},"schema":{"@context":"https:\/\/schema.org","@graph":[{"@type":"Article","@id":"https:\/\/lospoliticosveracruz.com\/?p=106534#article","isPartOf":{"@id":"https:\/\/lospoliticosveracruz.com\/?p=106534"},"author":{"name":"Lo viste en Los Pol\u00edticos","@id":"https:\/\/lospoliticosveracruz.com\/#\/schema\/person\/b8702bb0e538456e6efd07080bf2a4a2"},"headline":"EL PRECIO DE VIVIR","datePublished":"2023-05-28T15:49:10+00:00","dateModified":"2023-05-28T15:49:17+00:00","mainEntityOfPage":{"@id":"https:\/\/lospoliticosveracruz.com\/?p=106534"},"wordCount":670,"publisher":{"@id":"https:\/\/lospoliticosveracruz.com\/#organization"},"keywords":["Juvencio","Miguel Valera","Veracruz"],"articleSection":["De Opini\u00f3n"],"inLanguage":"es"},{"@type":"WebPage","@id":"https:\/\/lospoliticosveracruz.com\/?p=106534","url":"https:\/\/lospoliticosveracruz.com\/?p=106534","name":"EL PRECIO DE VIVIR - Los pol\u00edticos Veracruz","isPartOf":{"@id":"https:\/\/lospoliticosveracruz.com\/#website"},"datePublished":"2023-05-28T15:49:10+00:00","dateModified":"2023-05-28T15:49:17+00:00","breadcrumb":{"@id":"https:\/\/lospoliticosveracruz.com\/?p=106534#breadcrumb"},"inLanguage":"es","potentialAction":[{"@type":"ReadAction","target":["https:\/\/lospoliticosveracruz.com\/?p=106534"]}]},{"@type":"BreadcrumbList","@id":"https:\/\/lospoliticosveracruz.com\/?p=106534#breadcrumb","itemListElement":[{"@type":"ListItem","position":1,"name":"Portada","item":"https:\/\/lospoliticosveracruz.com\/"},{"@type":"ListItem","position":2,"name":"EL PRECIO DE VIVIR"}]},{"@type":"WebSite","@id":"https:\/\/lospoliticosveracruz.com\/#website","url":"https:\/\/lospoliticosveracruz.com\/","name":"Los pol\u00edticos Veracruz","description":"","publisher":{"@id":"https:\/\/lospoliticosveracruz.com\/#organization"},"potentialAction":[{"@type":"SearchAction","target":{"@type":"EntryPoint","urlTemplate":"https:\/\/lospoliticosveracruz.com\/?s={search_term_string}"},"query-input":{"@type":"PropertyValueSpecification","valueRequired":true,"valueName":"search_term_string"}}],"inLanguage":"es"},{"@type":"Organization","@id":"https:\/\/lospoliticosveracruz.com\/#organization","name":"Los pol\u00edticos Veracruz","url":"https:\/\/lospoliticosveracruz.com\/","logo":{"@type":"ImageObject","inLanguage":"es","@id":"https:\/\/lospoliticosveracruz.com\/#\/schema\/logo\/image\/","url":"https:\/\/lospoliticosveracruz.com\/wp-content\/uploads\/2025\/12\/Logo-Nuevo-LOS-POLITICOS-1.jpg","contentUrl":"https:\/\/lospoliticosveracruz.com\/wp-content\/uploads\/2025\/12\/Logo-Nuevo-LOS-POLITICOS-1.jpg","width":260,"height":70,"caption":"Los pol\u00edticos Veracruz"},"image":{"@id":"https:\/\/lospoliticosveracruz.com\/#\/schema\/logo\/image\/"},"sameAs":["https:\/\/www.facebook.com\/people\/Notimemes-de-los-Polticos\/61565672886568\/","https:\/\/x.com\/LosPoliticosVer"]},{"@type":"Person","@id":"https:\/\/lospoliticosveracruz.com\/#\/schema\/person\/b8702bb0e538456e6efd07080bf2a4a2","name":"Lo viste en Los Pol\u00edticos","image":{"@type":"ImageObject","inLanguage":"es","@id":"https:\/\/secure.gravatar.com\/avatar\/3a8de04a2656d44082be478bd6c086daa447c4651605818287b9532d3d0bd435?s=96&d=mm&r=g","url":"https:\/\/secure.gravatar.com\/avatar\/3a8de04a2656d44082be478bd6c086daa447c4651605818287b9532d3d0bd435?s=96&d=mm&r=g","contentUrl":"https:\/\/secure.gravatar.com\/avatar\/3a8de04a2656d44082be478bd6c086daa447c4651605818287b9532d3d0bd435?s=96&d=mm&r=g","caption":"Lo viste en Los Pol\u00edticos"},"url":"https:\/\/lospoliticosveracruz.com\/?author=2"}]}},"_links":{"self":[{"href":"https:\/\/lospoliticosveracruz.com\/index.php?rest_route=\/wp\/v2\/posts\/106534","targetHints":{"allow":["GET"]}}],"collection":[{"href":"https:\/\/lospoliticosveracruz.com\/index.php?rest_route=\/wp\/v2\/posts"}],"about":[{"href":"https:\/\/lospoliticosveracruz.com\/index.php?rest_route=\/wp\/v2\/types\/post"}],"author":[{"embeddable":true,"href":"https:\/\/lospoliticosveracruz.com\/index.php?rest_route=\/wp\/v2\/users\/2"}],"replies":[{"embeddable":true,"href":"https:\/\/lospoliticosveracruz.com\/index.php?rest_route=%2Fwp%2Fv2%2Fcomments&post=106534"}],"version-history":[{"count":1,"href":"https:\/\/lospoliticosveracruz.com\/index.php?rest_route=\/wp\/v2\/posts\/106534\/revisions"}],"predecessor-version":[{"id":106536,"href":"https:\/\/lospoliticosveracruz.com\/index.php?rest_route=\/wp\/v2\/posts\/106534\/revisions\/106536"}],"wp:attachment":[{"href":"https:\/\/lospoliticosveracruz.com\/index.php?rest_route=%2Fwp%2Fv2%2Fmedia&parent=106534"}],"wp:term":[{"taxonomy":"category","embeddable":true,"href":"https:\/\/lospoliticosveracruz.com\/index.php?rest_route=%2Fwp%2Fv2%2Fcategories&post=106534"},{"taxonomy":"post_tag","embeddable":true,"href":"https:\/\/lospoliticosveracruz.com\/index.php?rest_route=%2Fwp%2Fv2%2Ftags&post=106534"}],"curies":[{"name":"wp","href":"https:\/\/api.w.org\/{rel}","templated":true}]}}