{"id":106537,"date":"2023-05-28T13:34:16","date_gmt":"2023-05-28T18:34:16","guid":{"rendered":"https:\/\/lospoliticosveracruz.com.mx\/?p=106537"},"modified":"2023-05-28T13:34:20","modified_gmt":"2023-05-28T18:34:20","slug":"nelly","status":"publish","type":"post","link":"https:\/\/lospoliticosveracruz.com\/?p=106537","title":{"rendered":"NELLY"},"content":{"rendered":"\n<p>Historias de Vida, \u00e9se fue el tema de la reuni\u00f3n h\u00edbrida que sostuvo Juntas Venciendo el C\u00e1ncer Coatepec este pasado s\u00e1bado, donde se le dio la bienvenida a Nelly, una nueva integrante, una nueva guerrera, una nueva hermana, una nueva amiga\u2026<\/p>\n\n\n\n<p>Nelly se enter\u00f3 del grupo Juvecan a trav\u00e9s de Rosy, la tanat\u00f3loga de cabececera de estas Guerreras, ya que son vecinas en Cerro Gordo, lugar del que cuentan maravillas.<\/p>\n\n\n\n<p>All\u00e1 en Cerro Gordo, Nelly vende pollo y tiene una manera de ser muy especial, pues a\u00fan con los efectos de la quimioterapia, todos los d\u00edas se planta en su mesa de trabajo para saludar y ser saludada por sus vecinas, siempre con una sonrisa en la cara.<\/p>\n\n\n\n<p>Su problema empez\u00f3 cuando se descubri\u00f3 una \u201cbolita\u201d en la mama derecha y acudiendo a su m\u00e9dico, \u00e9ste le dio algo para desinflamar, advirti\u00e9ndole que si no desaparec\u00eda, le tendr\u00edan que hacer una mastograf\u00eda, lo que se cumpli\u00f3 dos semanas despu\u00e9s.<\/p>\n\n\n\n<p>Al recoger sus resultados, la doctora la alarm\u00f3 pues la hizo sentir que se trataba de algo \u201ccatastr\u00f3fico\u201d, parecido a como tener un \u201cmonstruo\u201d en su pecho. Su cuerpo se enfri\u00f3, la boca se le puso seca y se bloque\u00f3, al grado que no pudo llorar hasta que una conocida la abraz\u00f3 y entonces ambas soltaron el llanto.<\/p>\n\n\n\n<p>En el CECan aceleraron los tr\u00e1mites y as\u00ed iniciaron con quimioterapia, la cual ya est\u00e1 por terminar, raz\u00f3n por la que hizo su presentaci\u00f3n ante Juvecan con una pa\u00f1oleta que todav\u00eda no se atreve a quitar ni delante de sus hijos.<\/p>\n\n\n\n<p>Nelly conoci\u00f3 as\u00ed a sus nuevas amigas, a sus nuevas compa\u00f1eras, a estas guerreras que le contaron tambi\u00e9n sus experiencias y dieron tambi\u00e9n esas oportunas orientaciones y consejos como el que no escuche los comentarios de pasilllo que alientan a tomar el caldo de zopilote o las c\u00e1psulas de v\u00edbora\u2026 s\u00ed, es cierto, hay hierbas medicinales que ayudan pero no curan y por razones de seguridad y salud, todo tiene que ser recomendando por el m\u00e9dico.<\/p>\n\n\n\n<p>Juvecan le habla tambi\u00e9n sobre los aspectos psicol\u00f3gicos y espirituales y no deja de sorprender en Nelly su buena actitud.<\/p>\n\n\n\n<p>A Nelly se le ofrece una peluca para que se sienta mejor y se le entrega la bolsa de recuperaci\u00f3n pues est\u00e1 pr\u00f3xima a la cirug\u00eda y necesita estar preparada; primero, haciendo un duelo y despidi\u00e9ndose de la mama, aceptando que no hay otra opci\u00f3n; y segundo, tiene que aprender los ejercicios para que su rehabilitaci\u00f3n sea m\u00e1s r\u00e1pida.<\/p>\n\n\n\n<p>La tensi\u00f3n se rompe un poco cuando las Guerreras de Juvecan hablan de sus an\u00e9cdotas chuscas sobre las pr\u00f3tesis y la falta de la mama, un lenguaje que s\u00f3lo ellas entienden.<\/p>\n\n\n\n<p>Finalmente se le ofrece un aplauso nutrido a Nelly, tanto de las presentes como de las compa\u00f1eras en plataforma y abrazos emp\u00e1ticos de cada una de las asistentes.<\/p>\n","protected":false},"excerpt":{"rendered":"<p>Historias de Vida, \u00e9se fue el tema de la reuni\u00f3n h\u00edbrida que sostuvo Juntas Venciendo el C\u00e1ncer Coatepec este pasado s\u00e1bado, donde se le dio la bienvenida a Nelly, una nueva integrante, una nueva guerrera, una nueva hermana, una nueva amiga\u2026 Nelly se enter\u00f3 del grupo Juvecan a trav\u00e9s de Rosy, la tanat\u00f3loga de cabececera [&hellip;]<\/p>\n","protected":false},"author":2,"featured_media":0,"comment_status":"closed","ping_status":"closed","sticky":false,"template":"","format":"standard","meta":{"tdm_status":"","tdm_grid_status":"","footnotes":""},"categories":[72],"tags":[4884,277,11887,6414],"class_list":{"0":"post-106537","1":"post","2":"type-post","3":"status-publish","4":"format-standard","6":"category-palomazos","7":"tag-cancer-de-mama","8":"tag-coatepec","9":"tag-grupo-juvecan","10":"tag-juntas-venciendo-el-cancer"},"yoast_head":"<!-- This site is optimized with the Yoast SEO plugin v27.4 - https:\/\/yoast.com\/product\/yoast-seo-wordpress\/ -->\n<title>NELLY - Los pol\u00edticos Veracruz<\/title>\n<meta name=\"robots\" content=\"index, follow, max-snippet:-1, max-image-preview:large, max-video-preview:-1\" \/>\n<link rel=\"canonical\" href=\"https:\/\/lospoliticosveracruz.com\/?p=106537\" \/>\n<meta property=\"og:locale\" content=\"es_ES\" \/>\n<meta property=\"og:type\" content=\"article\" \/>\n<meta property=\"og:title\" content=\"NELLY - Los pol\u00edticos Veracruz\" \/>\n<meta property=\"og:description\" content=\"Historias de Vida, \u00e9se fue el tema de la reuni\u00f3n h\u00edbrida que sostuvo Juntas Venciendo el C\u00e1ncer Coatepec este pasado s\u00e1bado, donde se le dio la bienvenida a Nelly, una nueva integrante, una nueva guerrera, una nueva hermana, una nueva amiga\u2026 Nelly se enter\u00f3 del grupo Juvecan a trav\u00e9s de Rosy, la tanat\u00f3loga de cabececera [&hellip;]\" \/>\n<meta property=\"og:url\" content=\"https:\/\/lospoliticosveracruz.com\/?p=106537\" \/>\n<meta property=\"og:site_name\" content=\"Los pol\u00edticos Veracruz\" \/>\n<meta property=\"article:publisher\" content=\"https:\/\/www.facebook.com\/people\/Notimemes-de-los-Polticos\/61565672886568\/\" \/>\n<meta property=\"article:published_time\" content=\"2023-05-28T18:34:16+00:00\" \/>\n<meta property=\"article:modified_time\" content=\"2023-05-28T18:34:20+00:00\" \/>\n<meta property=\"og:image\" content=\"https:\/\/lospoliticosveracruz.com\/wp-content\/uploads\/2016\/07\/Logo-Dor.jpg\" \/>\n\t<meta property=\"og:image:width\" content=\"200\" \/>\n\t<meta property=\"og:image:height\" content=\"200\" \/>\n\t<meta property=\"og:image:type\" content=\"image\/jpeg\" \/>\n<meta name=\"author\" content=\"Lo viste en Los Pol\u00edticos\" \/>\n<meta name=\"twitter:card\" content=\"summary_large_image\" \/>\n<meta name=\"twitter:creator\" content=\"@LosPoliticosVer\" \/>\n<meta name=\"twitter:site\" content=\"@LosPoliticosVer\" \/>\n<meta name=\"twitter:label1\" content=\"Escrito por\" \/>\n\t<meta name=\"twitter:data1\" content=\"Lo viste en Los Pol\u00edticos\" \/>\n\t<meta name=\"twitter:label2\" content=\"Tiempo de lectura\" \/>\n\t<meta name=\"twitter:data2\" content=\"3 minutos\" \/>\n<script type=\"application\/ld+json\" class=\"yoast-schema-graph\">{\"@context\":\"https:\\\/\\\/schema.org\",\"@graph\":[{\"@type\":\"Article\",\"@id\":\"https:\\\/\\\/lospoliticosveracruz.com\\\/?p=106537#article\",\"isPartOf\":{\"@id\":\"https:\\\/\\\/lospoliticosveracruz.com\\\/?p=106537\"},\"author\":{\"name\":\"Lo viste en Los Pol\u00edticos\",\"@id\":\"https:\\\/\\\/lospoliticosveracruz.com\\\/#\\\/schema\\\/person\\\/b8702bb0e538456e6efd07080bf2a4a2\"},\"headline\":\"NELLY\",\"datePublished\":\"2023-05-28T18:34:16+00:00\",\"dateModified\":\"2023-05-28T18:34:20+00:00\",\"mainEntityOfPage\":{\"@id\":\"https:\\\/\\\/lospoliticosveracruz.com\\\/?p=106537\"},\"wordCount\":515,\"publisher\":{\"@id\":\"https:\\\/\\\/lospoliticosveracruz.com\\\/#organization\"},\"keywords\":[\"c\u00e1ncer de mama\",\"Coatepec\",\"Grupo Juvecan\",\"Juntas Venciendo el C\u00e1ncer\"],\"articleSection\":[\"Palomazos\"],\"inLanguage\":\"es\"},{\"@type\":\"WebPage\",\"@id\":\"https:\\\/\\\/lospoliticosveracruz.com\\\/?p=106537\",\"url\":\"https:\\\/\\\/lospoliticosveracruz.com\\\/?p=106537\",\"name\":\"NELLY - Los pol\u00edticos Veracruz\",\"isPartOf\":{\"@id\":\"https:\\\/\\\/lospoliticosveracruz.com\\\/#website\"},\"datePublished\":\"2023-05-28T18:34:16+00:00\",\"dateModified\":\"2023-05-28T18:34:20+00:00\",\"breadcrumb\":{\"@id\":\"https:\\\/\\\/lospoliticosveracruz.com\\\/?p=106537#breadcrumb\"},\"inLanguage\":\"es\",\"potentialAction\":[{\"@type\":\"ReadAction\",\"target\":[\"https:\\\/\\\/lospoliticosveracruz.com\\\/?p=106537\"]}]},{\"@type\":\"BreadcrumbList\",\"@id\":\"https:\\\/\\\/lospoliticosveracruz.com\\\/?p=106537#breadcrumb\",\"itemListElement\":[{\"@type\":\"ListItem\",\"position\":1,\"name\":\"Portada\",\"item\":\"https:\\\/\\\/lospoliticosveracruz.com\\\/\"},{\"@type\":\"ListItem\",\"position\":2,\"name\":\"NELLY\"}]},{\"@type\":\"WebSite\",\"@id\":\"https:\\\/\\\/lospoliticosveracruz.com\\\/#website\",\"url\":\"https:\\\/\\\/lospoliticosveracruz.com\\\/\",\"name\":\"Los pol\u00edticos Veracruz\",\"description\":\"\",\"publisher\":{\"@id\":\"https:\\\/\\\/lospoliticosveracruz.com\\\/#organization\"},\"potentialAction\":[{\"@type\":\"SearchAction\",\"target\":{\"@type\":\"EntryPoint\",\"urlTemplate\":\"https:\\\/\\\/lospoliticosveracruz.com\\\/?s={search_term_string}\"},\"query-input\":{\"@type\":\"PropertyValueSpecification\",\"valueRequired\":true,\"valueName\":\"search_term_string\"}}],\"inLanguage\":\"es\"},{\"@type\":\"Organization\",\"@id\":\"https:\\\/\\\/lospoliticosveracruz.com\\\/#organization\",\"name\":\"Los pol\u00edticos Veracruz\",\"url\":\"https:\\\/\\\/lospoliticosveracruz.com\\\/\",\"logo\":{\"@type\":\"ImageObject\",\"inLanguage\":\"es\",\"@id\":\"https:\\\/\\\/lospoliticosveracruz.com\\\/#\\\/schema\\\/logo\\\/image\\\/\",\"url\":\"https:\\\/\\\/lospoliticosveracruz.com\\\/wp-content\\\/uploads\\\/2025\\\/12\\\/Logo-Nuevo-LOS-POLITICOS-1.jpg\",\"contentUrl\":\"https:\\\/\\\/lospoliticosveracruz.com\\\/wp-content\\\/uploads\\\/2025\\\/12\\\/Logo-Nuevo-LOS-POLITICOS-1.jpg\",\"width\":260,\"height\":70,\"caption\":\"Los pol\u00edticos Veracruz\"},\"image\":{\"@id\":\"https:\\\/\\\/lospoliticosveracruz.com\\\/#\\\/schema\\\/logo\\\/image\\\/\"},\"sameAs\":[\"https:\\\/\\\/www.facebook.com\\\/people\\\/Notimemes-de-los-Polticos\\\/61565672886568\\\/\",\"https:\\\/\\\/x.com\\\/LosPoliticosVer\"]},{\"@type\":\"Person\",\"@id\":\"https:\\\/\\\/lospoliticosveracruz.com\\\/#\\\/schema\\\/person\\\/b8702bb0e538456e6efd07080bf2a4a2\",\"name\":\"Lo viste en Los Pol\u00edticos\",\"image\":{\"@type\":\"ImageObject\",\"inLanguage\":\"es\",\"@id\":\"https:\\\/\\\/secure.gravatar.com\\\/avatar\\\/3a8de04a2656d44082be478bd6c086daa447c4651605818287b9532d3d0bd435?s=96&d=mm&r=g\",\"url\":\"https:\\\/\\\/secure.gravatar.com\\\/avatar\\\/3a8de04a2656d44082be478bd6c086daa447c4651605818287b9532d3d0bd435?s=96&d=mm&r=g\",\"contentUrl\":\"https:\\\/\\\/secure.gravatar.com\\\/avatar\\\/3a8de04a2656d44082be478bd6c086daa447c4651605818287b9532d3d0bd435?s=96&d=mm&r=g\",\"caption\":\"Lo viste en Los Pol\u00edticos\"},\"url\":\"https:\\\/\\\/lospoliticosveracruz.com\\\/?author=2\"}]}<\/script>\n<!-- \/ Yoast SEO plugin. -->","yoast_head_json":{"title":"NELLY - Los pol\u00edticos Veracruz","robots":{"index":"index","follow":"follow","max-snippet":"max-snippet:-1","max-image-preview":"max-image-preview:large","max-video-preview":"max-video-preview:-1"},"canonical":"https:\/\/lospoliticosveracruz.com\/?p=106537","og_locale":"es_ES","og_type":"article","og_title":"NELLY - Los pol\u00edticos Veracruz","og_description":"Historias de Vida, \u00e9se fue el tema de la reuni\u00f3n h\u00edbrida que sostuvo Juntas Venciendo el C\u00e1ncer Coatepec este pasado s\u00e1bado, donde se le dio la bienvenida a Nelly, una nueva integrante, una nueva guerrera, una nueva hermana, una nueva amiga\u2026 Nelly se enter\u00f3 del grupo Juvecan a trav\u00e9s de Rosy, la tanat\u00f3loga de cabececera [&hellip;]","og_url":"https:\/\/lospoliticosveracruz.com\/?p=106537","og_site_name":"Los pol\u00edticos Veracruz","article_publisher":"https:\/\/www.facebook.com\/people\/Notimemes-de-los-Polticos\/61565672886568\/","article_published_time":"2023-05-28T18:34:16+00:00","article_modified_time":"2023-05-28T18:34:20+00:00","og_image":[{"width":200,"height":200,"url":"https:\/\/lospoliticosveracruz.com\/wp-content\/uploads\/2016\/07\/Logo-Dor.jpg","type":"image\/jpeg"}],"author":"Lo viste en Los Pol\u00edticos","twitter_card":"summary_large_image","twitter_creator":"@LosPoliticosVer","twitter_site":"@LosPoliticosVer","twitter_misc":{"Escrito por":"Lo viste en Los Pol\u00edticos","Tiempo de lectura":"3 minutos"},"schema":{"@context":"https:\/\/schema.org","@graph":[{"@type":"Article","@id":"https:\/\/lospoliticosveracruz.com\/?p=106537#article","isPartOf":{"@id":"https:\/\/lospoliticosveracruz.com\/?p=106537"},"author":{"name":"Lo viste en Los Pol\u00edticos","@id":"https:\/\/lospoliticosveracruz.com\/#\/schema\/person\/b8702bb0e538456e6efd07080bf2a4a2"},"headline":"NELLY","datePublished":"2023-05-28T18:34:16+00:00","dateModified":"2023-05-28T18:34:20+00:00","mainEntityOfPage":{"@id":"https:\/\/lospoliticosveracruz.com\/?p=106537"},"wordCount":515,"publisher":{"@id":"https:\/\/lospoliticosveracruz.com\/#organization"},"keywords":["c\u00e1ncer de mama","Coatepec","Grupo Juvecan","Juntas Venciendo el C\u00e1ncer"],"articleSection":["Palomazos"],"inLanguage":"es"},{"@type":"WebPage","@id":"https:\/\/lospoliticosveracruz.com\/?p=106537","url":"https:\/\/lospoliticosveracruz.com\/?p=106537","name":"NELLY - Los pol\u00edticos Veracruz","isPartOf":{"@id":"https:\/\/lospoliticosveracruz.com\/#website"},"datePublished":"2023-05-28T18:34:16+00:00","dateModified":"2023-05-28T18:34:20+00:00","breadcrumb":{"@id":"https:\/\/lospoliticosveracruz.com\/?p=106537#breadcrumb"},"inLanguage":"es","potentialAction":[{"@type":"ReadAction","target":["https:\/\/lospoliticosveracruz.com\/?p=106537"]}]},{"@type":"BreadcrumbList","@id":"https:\/\/lospoliticosveracruz.com\/?p=106537#breadcrumb","itemListElement":[{"@type":"ListItem","position":1,"name":"Portada","item":"https:\/\/lospoliticosveracruz.com\/"},{"@type":"ListItem","position":2,"name":"NELLY"}]},{"@type":"WebSite","@id":"https:\/\/lospoliticosveracruz.com\/#website","url":"https:\/\/lospoliticosveracruz.com\/","name":"Los pol\u00edticos Veracruz","description":"","publisher":{"@id":"https:\/\/lospoliticosveracruz.com\/#organization"},"potentialAction":[{"@type":"SearchAction","target":{"@type":"EntryPoint","urlTemplate":"https:\/\/lospoliticosveracruz.com\/?s={search_term_string}"},"query-input":{"@type":"PropertyValueSpecification","valueRequired":true,"valueName":"search_term_string"}}],"inLanguage":"es"},{"@type":"Organization","@id":"https:\/\/lospoliticosveracruz.com\/#organization","name":"Los pol\u00edticos Veracruz","url":"https:\/\/lospoliticosveracruz.com\/","logo":{"@type":"ImageObject","inLanguage":"es","@id":"https:\/\/lospoliticosveracruz.com\/#\/schema\/logo\/image\/","url":"https:\/\/lospoliticosveracruz.com\/wp-content\/uploads\/2025\/12\/Logo-Nuevo-LOS-POLITICOS-1.jpg","contentUrl":"https:\/\/lospoliticosveracruz.com\/wp-content\/uploads\/2025\/12\/Logo-Nuevo-LOS-POLITICOS-1.jpg","width":260,"height":70,"caption":"Los pol\u00edticos Veracruz"},"image":{"@id":"https:\/\/lospoliticosveracruz.com\/#\/schema\/logo\/image\/"},"sameAs":["https:\/\/www.facebook.com\/people\/Notimemes-de-los-Polticos\/61565672886568\/","https:\/\/x.com\/LosPoliticosVer"]},{"@type":"Person","@id":"https:\/\/lospoliticosveracruz.com\/#\/schema\/person\/b8702bb0e538456e6efd07080bf2a4a2","name":"Lo viste en Los Pol\u00edticos","image":{"@type":"ImageObject","inLanguage":"es","@id":"https:\/\/secure.gravatar.com\/avatar\/3a8de04a2656d44082be478bd6c086daa447c4651605818287b9532d3d0bd435?s=96&d=mm&r=g","url":"https:\/\/secure.gravatar.com\/avatar\/3a8de04a2656d44082be478bd6c086daa447c4651605818287b9532d3d0bd435?s=96&d=mm&r=g","contentUrl":"https:\/\/secure.gravatar.com\/avatar\/3a8de04a2656d44082be478bd6c086daa447c4651605818287b9532d3d0bd435?s=96&d=mm&r=g","caption":"Lo viste en Los Pol\u00edticos"},"url":"https:\/\/lospoliticosveracruz.com\/?author=2"}]}},"_links":{"self":[{"href":"https:\/\/lospoliticosveracruz.com\/index.php?rest_route=\/wp\/v2\/posts\/106537","targetHints":{"allow":["GET"]}}],"collection":[{"href":"https:\/\/lospoliticosveracruz.com\/index.php?rest_route=\/wp\/v2\/posts"}],"about":[{"href":"https:\/\/lospoliticosveracruz.com\/index.php?rest_route=\/wp\/v2\/types\/post"}],"author":[{"embeddable":true,"href":"https:\/\/lospoliticosveracruz.com\/index.php?rest_route=\/wp\/v2\/users\/2"}],"replies":[{"embeddable":true,"href":"https:\/\/lospoliticosveracruz.com\/index.php?rest_route=%2Fwp%2Fv2%2Fcomments&post=106537"}],"version-history":[{"count":1,"href":"https:\/\/lospoliticosveracruz.com\/index.php?rest_route=\/wp\/v2\/posts\/106537\/revisions"}],"predecessor-version":[{"id":106539,"href":"https:\/\/lospoliticosveracruz.com\/index.php?rest_route=\/wp\/v2\/posts\/106537\/revisions\/106539"}],"wp:attachment":[{"href":"https:\/\/lospoliticosveracruz.com\/index.php?rest_route=%2Fwp%2Fv2%2Fmedia&parent=106537"}],"wp:term":[{"taxonomy":"category","embeddable":true,"href":"https:\/\/lospoliticosveracruz.com\/index.php?rest_route=%2Fwp%2Fv2%2Fcategories&post=106537"},{"taxonomy":"post_tag","embeddable":true,"href":"https:\/\/lospoliticosveracruz.com\/index.php?rest_route=%2Fwp%2Fv2%2Ftags&post=106537"}],"curies":[{"name":"wp","href":"https:\/\/api.w.org\/{rel}","templated":true}]}}