{"id":106544,"date":"2023-05-28T18:07:17","date_gmt":"2023-05-28T23:07:17","guid":{"rendered":"https:\/\/lospoliticosveracruz.com.mx\/?p=106544"},"modified":"2023-05-28T18:07:21","modified_gmt":"2023-05-28T23:07:21","slug":"derecho-a-la-desconexion-digital","status":"publish","type":"post","link":"https:\/\/lospoliticosveracruz.com\/?p=106544","title":{"rendered":"DERECHO A LA DESCONEXI\u00d3N DIGITAL"},"content":{"rendered":"\n<p><br><strong>Jos\u00e9 Luis Enr\u00edquez Ambell<\/strong><\/p>\n\n\n\n<p><em>Caf\u00e9 de Ma\u00f1ana<\/em><\/p>\n\n\n\n<p><\/p>\n\n\n\n<p>En el derecho laboral contempor\u00e1neo, se entiende \u00abel derecho a la desconexi\u00f3n digital\u00bb como&nbsp;la libertad del trabajador y trabajadora de no tener que conectarse a ning\u00fan dispositivo digital o software corporativo, mientras est\u00e9 en per\u00edodos de descanso o vacaciones, o fuera del horario laboral en cualquier momento que as\u00ed lo sea.<\/p>\n\n\n\n<p>El Art. 68 de la Ley Federal del Trabajo, nos dice que las horas de trabajo de car\u00e1cter extraordinario se pagar\u00e1n con un ciento por ciento m\u00e1s del salario que corresponda a las horas de la jornada.<\/p>\n\n\n\n<p>Ahora bien, la ley federal del trabajo no proh\u00edbe como tal el uso del celular en el trabajo,- tema a revisar por el Congreso de la Uni\u00f3n,- pero si prev\u00e9 medidas de seguridad e higiene que se deben de llevar en la fuente laboral. Y es que entre las ense\u00f1anzas que aporto el Covid nos puso de manifiesto, que es posible asegurar la operatividad de los empleos y las empresas a trav\u00e9s del uso de las herramientas tecnol\u00f3gicas.&nbsp;Sin embargo, vivir como ahora sucede en un \u00abmundo hiperconectado\u00bb tambi\u00e9n ha dificultado que tanto las personas, como las empresas establezcan claramente la frontera y el l\u00edmite entre los horarios del empleo y los de la vida personal.<\/p>\n\n\n\n<p>Por ello, se aprob\u00f3 el decreto para incluir en la Ley Federal del Trabajo, el derecho a la desconexi\u00f3n digital, como acci\u00f3n en beneficio de los trabajadores en M\u00e9xico, pues el concepto es de muy reciente aparici\u00f3n y va direccionado a que la ley observe e indique cu\u00e1les son todos sus beneficios personales y empresariales.<\/p>\n\n\n\n<p>El trabajo de ahora y para el futuro a ra\u00edz de la PANDEMIA ha dado origen a este derecho; la desconexi\u00f3n digital, y para ello su regulaci\u00f3n en el entorno laboral lleva a perspectivas en lo general desde un triple punto de vista: 1) Social, por cuanto a que protege la tutela f\u00edsica y moral del trabajador; 2) Jur\u00eddico, al imponer l\u00edmites a la duraci\u00f3n del trabajo; y 3) Econ\u00f3mico, en cuanto a la duraci\u00f3n del trabajo excesivo que puede llegar a repercutir sobre los costos de la producci\u00f3n y beneficios de la empresa.\u00bb<\/p>\n\n\n\n<p>El \u201cDerecho a la Desconexi\u00f3n Digital\u00bb &#8211; (DDD)- se regula en M\u00e9xico desde enero del 2021 en la Ley Federal del Trabajo (LFT), art\u00edculo 330-E fracci\u00f3n VI donde le da al patr\u00f3n \u201cobligaciones especiales\u201d, como \u201crespetar el derecho a la desconexi\u00f3n de las personas, como son sus trabajadoras en la modalidad del teletrabajo al t\u00e9rmino de la jornada laboral\u201d, y esto a decir de legisladores federales resulta un gran salto en la modernidad, pero no lo es tanto pues, o nadie lo respeta o pocos saben esto, pues poco se dice o hace al respecto.<\/p>\n\n\n\n<p>UN CAF\u00c9 CON DOBLE CARGA<\/p>\n\n\n\n<p>Ser\u00e1 necesario ampliar la regulaci\u00f3n legal de la DESCONEXI\u00d3N DIGITAL EN M\u00c9XICO. De entrada a los superiores les importa poco que sus empleados usen equipos de telefon\u00eda y comunicaci\u00f3n de orden personal para actividades del trabajo en horarios ordinarios, extras y fuera de las \u00e1reas laborales, y esto es una culpabilidad mutua por la delgada frontera que existe como separaci\u00f3n en la relaci\u00f3n contractual y laboral.<\/p>\n\n\n\n<p>DE SOBREMESA<\/p>\n\n\n\n<p>La&nbsp;\u00abreforma de teletrabajo\u00bb&nbsp;a\u00fan no logra precisar sanciones por incumplimiento de las nuevas disposiciones como la desconexi\u00f3n digital. Y la falta de multas espec\u00edficas limitan que la fuerza laboral tenga garantizado sus derechos en el trabajo remoto e incluso el Senado ya aprob\u00f3 extender este derecho a todas las personas trabajadoras sin importar si se desempe\u00f1an o no en&nbsp;home office, y falta ver lo que al respecto hacen en la C\u00e1mara de Diputados. El tema es de un gran avance y actualizaci\u00f3n, pero ojal\u00e1 logre acuerdos favorables para todos en el corto plazo.<\/p>\n\n\n\n<p>UN CAF\u00c9 PARA LLEVAR<\/p>\n\n\n\n<p>La (OIT) Organizaci\u00f3n Internacional del Trabajo y la OccMundial, coinciden que al rededor del 70 % de organismos ya reconocen que \u00abser\u00e1 dif\u00edcil&nbsp;no molestar a las personas despu\u00e9s de su jornada,\u00bb pues las responsabilidades en todos los escenarios exceden el horario de trabajo establecido, lo que complica garantizar el derecho de los trabajadores al descanso y a no ser molestados fuera del horario que comprende su jornada laboral, aunque la multa puede parecer baja, la Ley Federal del Trabajo refiere que las sanciones pueden fijarse&nbsp;por cada trabajador afectado&nbsp;cuando la omisi\u00f3n perjudique a m\u00e1s de uno de los empleados.<\/p>\n\n\n\n<p>UN LECHERO LIGHT DIVORCIADO<\/p>\n\n\n\n<p>El teletrabajo puede generar condiciones en las que hay una&nbsp;sobrecarga en la disponibilidad de los trabajadores,&nbsp;que ahora se ven obligados a vivir atados al celular o a la computadora, y tambi\u00e9n llevan a otras afectaciones en materia de salud; sobrecargas que exceden las capacidades el trabajador, falta de control sobre el trabajo, jornadas muy superiores a las estipuladas por la Ley, alteraciones entre jornadas diurnas, vespertinas y nocturnas sin periodos de recuperaci\u00f3n o descanso, interferencia en la relaci\u00f3n trabajo-familia, relaciones negativas en el ambiente laboral, estr\u00e9s, entre otras.<\/p>\n\n\n\n<p>De ah\u00ed que ahora exista la NORMA 035 por los factores de riesgo psicosocial, el eje de la \u201cley antiestr\u00e9s,\u00bb pero esto ser\u00e1 tema en un pr\u00f3ximo Caf\u00e9 de Olla con Canela y Piloncillo o Panela.<\/p>\n\n\n\n<p>\u00a1 ES CUANTO !<\/p>\n\n\n\n<p>enriquezambell@gmail.com<\/p>\n","protected":false},"excerpt":{"rendered":"<p>Jos\u00e9 Luis Enr\u00edquez Ambell Caf\u00e9 de Ma\u00f1ana En el derecho laboral contempor\u00e1neo, se entiende \u00abel derecho a la desconexi\u00f3n digital\u00bb como&nbsp;la libertad del trabajador y trabajadora de no tener que conectarse a ning\u00fan dispositivo digital o software corporativo, mientras est\u00e9 en per\u00edodos de descanso o vacaciones, o fuera del horario laboral en cualquier momento que [&hellip;]<\/p>\n","protected":false},"author":2,"featured_media":0,"comment_status":"closed","ping_status":"closed","sticky":false,"template":"","format":"standard","meta":{"tdm_status":"","tdm_grid_status":"","footnotes":""},"categories":[70],"tags":[38262],"class_list":{"0":"post-106544","1":"post","2":"type-post","3":"status-publish","4":"format-standard","6":"category-de-opinion","7":"tag-desconexion-digital"},"yoast_head":"<!-- This site is optimized with the Yoast SEO plugin v27.4 - https:\/\/yoast.com\/product\/yoast-seo-wordpress\/ -->\n<title>DERECHO A LA DESCONEXI\u00d3N DIGITAL - Los pol\u00edticos Veracruz<\/title>\n<meta name=\"robots\" content=\"index, follow, max-snippet:-1, max-image-preview:large, max-video-preview:-1\" \/>\n<link rel=\"canonical\" href=\"https:\/\/lospoliticosveracruz.com\/?p=106544\" \/>\n<meta property=\"og:locale\" content=\"es_ES\" \/>\n<meta property=\"og:type\" content=\"article\" \/>\n<meta property=\"og:title\" content=\"DERECHO A LA DESCONEXI\u00d3N DIGITAL - Los pol\u00edticos Veracruz\" \/>\n<meta property=\"og:description\" content=\"Jos\u00e9 Luis Enr\u00edquez Ambell Caf\u00e9 de Ma\u00f1ana En el derecho laboral contempor\u00e1neo, se entiende \u00abel derecho a la desconexi\u00f3n digital\u00bb como&nbsp;la libertad del trabajador y trabajadora de no tener que conectarse a ning\u00fan dispositivo digital o software corporativo, mientras est\u00e9 en per\u00edodos de descanso o vacaciones, o fuera del horario laboral en cualquier momento que [&hellip;]\" \/>\n<meta property=\"og:url\" content=\"https:\/\/lospoliticosveracruz.com\/?p=106544\" \/>\n<meta property=\"og:site_name\" content=\"Los pol\u00edticos Veracruz\" \/>\n<meta property=\"article:publisher\" content=\"https:\/\/www.facebook.com\/people\/Notimemes-de-los-Polticos\/61565672886568\/\" \/>\n<meta property=\"article:published_time\" content=\"2023-05-28T23:07:17+00:00\" \/>\n<meta property=\"article:modified_time\" content=\"2023-05-28T23:07:21+00:00\" \/>\n<meta property=\"og:image\" content=\"https:\/\/lospoliticosveracruz.com\/wp-content\/uploads\/2016\/07\/Logo-Dor.jpg\" \/>\n\t<meta property=\"og:image:width\" content=\"200\" \/>\n\t<meta property=\"og:image:height\" content=\"200\" \/>\n\t<meta property=\"og:image:type\" content=\"image\/jpeg\" \/>\n<meta name=\"author\" content=\"Lo viste en Los Pol\u00edticos\" \/>\n<meta name=\"twitter:card\" content=\"summary_large_image\" \/>\n<meta name=\"twitter:creator\" content=\"@LosPoliticosVer\" \/>\n<meta name=\"twitter:site\" content=\"@LosPoliticosVer\" \/>\n<meta name=\"twitter:label1\" content=\"Escrito por\" \/>\n\t<meta name=\"twitter:data1\" content=\"Lo viste en Los Pol\u00edticos\" \/>\n\t<meta name=\"twitter:label2\" content=\"Tiempo de lectura\" \/>\n\t<meta name=\"twitter:data2\" content=\"5 minutos\" \/>\n<script type=\"application\/ld+json\" class=\"yoast-schema-graph\">{\"@context\":\"https:\\\/\\\/schema.org\",\"@graph\":[{\"@type\":\"Article\",\"@id\":\"https:\\\/\\\/lospoliticosveracruz.com\\\/?p=106544#article\",\"isPartOf\":{\"@id\":\"https:\\\/\\\/lospoliticosveracruz.com\\\/?p=106544\"},\"author\":{\"name\":\"Lo viste en Los Pol\u00edticos\",\"@id\":\"https:\\\/\\\/lospoliticosveracruz.com\\\/#\\\/schema\\\/person\\\/b8702bb0e538456e6efd07080bf2a4a2\"},\"headline\":\"DERECHO A LA DESCONEXI\u00d3N DIGITAL\",\"datePublished\":\"2023-05-28T23:07:17+00:00\",\"dateModified\":\"2023-05-28T23:07:21+00:00\",\"mainEntityOfPage\":{\"@id\":\"https:\\\/\\\/lospoliticosveracruz.com\\\/?p=106544\"},\"wordCount\":937,\"publisher\":{\"@id\":\"https:\\\/\\\/lospoliticosveracruz.com\\\/#organization\"},\"keywords\":[\"Desconexi\u00f3n digital\"],\"articleSection\":[\"De Opini\u00f3n\"],\"inLanguage\":\"es\"},{\"@type\":\"WebPage\",\"@id\":\"https:\\\/\\\/lospoliticosveracruz.com\\\/?p=106544\",\"url\":\"https:\\\/\\\/lospoliticosveracruz.com\\\/?p=106544\",\"name\":\"DERECHO A LA DESCONEXI\u00d3N DIGITAL - Los pol\u00edticos Veracruz\",\"isPartOf\":{\"@id\":\"https:\\\/\\\/lospoliticosveracruz.com\\\/#website\"},\"datePublished\":\"2023-05-28T23:07:17+00:00\",\"dateModified\":\"2023-05-28T23:07:21+00:00\",\"breadcrumb\":{\"@id\":\"https:\\\/\\\/lospoliticosveracruz.com\\\/?p=106544#breadcrumb\"},\"inLanguage\":\"es\",\"potentialAction\":[{\"@type\":\"ReadAction\",\"target\":[\"https:\\\/\\\/lospoliticosveracruz.com\\\/?p=106544\"]}]},{\"@type\":\"BreadcrumbList\",\"@id\":\"https:\\\/\\\/lospoliticosveracruz.com\\\/?p=106544#breadcrumb\",\"itemListElement\":[{\"@type\":\"ListItem\",\"position\":1,\"name\":\"Portada\",\"item\":\"https:\\\/\\\/lospoliticosveracruz.com\\\/\"},{\"@type\":\"ListItem\",\"position\":2,\"name\":\"DERECHO A LA DESCONEXI\u00d3N DIGITAL\"}]},{\"@type\":\"WebSite\",\"@id\":\"https:\\\/\\\/lospoliticosveracruz.com\\\/#website\",\"url\":\"https:\\\/\\\/lospoliticosveracruz.com\\\/\",\"name\":\"Los pol\u00edticos Veracruz\",\"description\":\"\",\"publisher\":{\"@id\":\"https:\\\/\\\/lospoliticosveracruz.com\\\/#organization\"},\"potentialAction\":[{\"@type\":\"SearchAction\",\"target\":{\"@type\":\"EntryPoint\",\"urlTemplate\":\"https:\\\/\\\/lospoliticosveracruz.com\\\/?s={search_term_string}\"},\"query-input\":{\"@type\":\"PropertyValueSpecification\",\"valueRequired\":true,\"valueName\":\"search_term_string\"}}],\"inLanguage\":\"es\"},{\"@type\":\"Organization\",\"@id\":\"https:\\\/\\\/lospoliticosveracruz.com\\\/#organization\",\"name\":\"Los pol\u00edticos Veracruz\",\"url\":\"https:\\\/\\\/lospoliticosveracruz.com\\\/\",\"logo\":{\"@type\":\"ImageObject\",\"inLanguage\":\"es\",\"@id\":\"https:\\\/\\\/lospoliticosveracruz.com\\\/#\\\/schema\\\/logo\\\/image\\\/\",\"url\":\"https:\\\/\\\/lospoliticosveracruz.com\\\/wp-content\\\/uploads\\\/2025\\\/12\\\/Logo-Nuevo-LOS-POLITICOS-1.jpg\",\"contentUrl\":\"https:\\\/\\\/lospoliticosveracruz.com\\\/wp-content\\\/uploads\\\/2025\\\/12\\\/Logo-Nuevo-LOS-POLITICOS-1.jpg\",\"width\":260,\"height\":70,\"caption\":\"Los pol\u00edticos Veracruz\"},\"image\":{\"@id\":\"https:\\\/\\\/lospoliticosveracruz.com\\\/#\\\/schema\\\/logo\\\/image\\\/\"},\"sameAs\":[\"https:\\\/\\\/www.facebook.com\\\/people\\\/Notimemes-de-los-Polticos\\\/61565672886568\\\/\",\"https:\\\/\\\/x.com\\\/LosPoliticosVer\"]},{\"@type\":\"Person\",\"@id\":\"https:\\\/\\\/lospoliticosveracruz.com\\\/#\\\/schema\\\/person\\\/b8702bb0e538456e6efd07080bf2a4a2\",\"name\":\"Lo viste en Los Pol\u00edticos\",\"image\":{\"@type\":\"ImageObject\",\"inLanguage\":\"es\",\"@id\":\"https:\\\/\\\/secure.gravatar.com\\\/avatar\\\/3a8de04a2656d44082be478bd6c086daa447c4651605818287b9532d3d0bd435?s=96&d=mm&r=g\",\"url\":\"https:\\\/\\\/secure.gravatar.com\\\/avatar\\\/3a8de04a2656d44082be478bd6c086daa447c4651605818287b9532d3d0bd435?s=96&d=mm&r=g\",\"contentUrl\":\"https:\\\/\\\/secure.gravatar.com\\\/avatar\\\/3a8de04a2656d44082be478bd6c086daa447c4651605818287b9532d3d0bd435?s=96&d=mm&r=g\",\"caption\":\"Lo viste en Los Pol\u00edticos\"},\"url\":\"https:\\\/\\\/lospoliticosveracruz.com\\\/?author=2\"}]}<\/script>\n<!-- \/ Yoast SEO plugin. -->","yoast_head_json":{"title":"DERECHO A LA DESCONEXI\u00d3N DIGITAL - Los pol\u00edticos Veracruz","robots":{"index":"index","follow":"follow","max-snippet":"max-snippet:-1","max-image-preview":"max-image-preview:large","max-video-preview":"max-video-preview:-1"},"canonical":"https:\/\/lospoliticosveracruz.com\/?p=106544","og_locale":"es_ES","og_type":"article","og_title":"DERECHO A LA DESCONEXI\u00d3N DIGITAL - Los pol\u00edticos Veracruz","og_description":"Jos\u00e9 Luis Enr\u00edquez Ambell Caf\u00e9 de Ma\u00f1ana En el derecho laboral contempor\u00e1neo, se entiende \u00abel derecho a la desconexi\u00f3n digital\u00bb como&nbsp;la libertad del trabajador y trabajadora de no tener que conectarse a ning\u00fan dispositivo digital o software corporativo, mientras est\u00e9 en per\u00edodos de descanso o vacaciones, o fuera del horario laboral en cualquier momento que [&hellip;]","og_url":"https:\/\/lospoliticosveracruz.com\/?p=106544","og_site_name":"Los pol\u00edticos Veracruz","article_publisher":"https:\/\/www.facebook.com\/people\/Notimemes-de-los-Polticos\/61565672886568\/","article_published_time":"2023-05-28T23:07:17+00:00","article_modified_time":"2023-05-28T23:07:21+00:00","og_image":[{"width":200,"height":200,"url":"https:\/\/lospoliticosveracruz.com\/wp-content\/uploads\/2016\/07\/Logo-Dor.jpg","type":"image\/jpeg"}],"author":"Lo viste en Los Pol\u00edticos","twitter_card":"summary_large_image","twitter_creator":"@LosPoliticosVer","twitter_site":"@LosPoliticosVer","twitter_misc":{"Escrito por":"Lo viste en Los Pol\u00edticos","Tiempo de lectura":"5 minutos"},"schema":{"@context":"https:\/\/schema.org","@graph":[{"@type":"Article","@id":"https:\/\/lospoliticosveracruz.com\/?p=106544#article","isPartOf":{"@id":"https:\/\/lospoliticosveracruz.com\/?p=106544"},"author":{"name":"Lo viste en Los Pol\u00edticos","@id":"https:\/\/lospoliticosveracruz.com\/#\/schema\/person\/b8702bb0e538456e6efd07080bf2a4a2"},"headline":"DERECHO A LA DESCONEXI\u00d3N DIGITAL","datePublished":"2023-05-28T23:07:17+00:00","dateModified":"2023-05-28T23:07:21+00:00","mainEntityOfPage":{"@id":"https:\/\/lospoliticosveracruz.com\/?p=106544"},"wordCount":937,"publisher":{"@id":"https:\/\/lospoliticosveracruz.com\/#organization"},"keywords":["Desconexi\u00f3n digital"],"articleSection":["De Opini\u00f3n"],"inLanguage":"es"},{"@type":"WebPage","@id":"https:\/\/lospoliticosveracruz.com\/?p=106544","url":"https:\/\/lospoliticosveracruz.com\/?p=106544","name":"DERECHO A LA DESCONEXI\u00d3N DIGITAL - Los pol\u00edticos Veracruz","isPartOf":{"@id":"https:\/\/lospoliticosveracruz.com\/#website"},"datePublished":"2023-05-28T23:07:17+00:00","dateModified":"2023-05-28T23:07:21+00:00","breadcrumb":{"@id":"https:\/\/lospoliticosveracruz.com\/?p=106544#breadcrumb"},"inLanguage":"es","potentialAction":[{"@type":"ReadAction","target":["https:\/\/lospoliticosveracruz.com\/?p=106544"]}]},{"@type":"BreadcrumbList","@id":"https:\/\/lospoliticosveracruz.com\/?p=106544#breadcrumb","itemListElement":[{"@type":"ListItem","position":1,"name":"Portada","item":"https:\/\/lospoliticosveracruz.com\/"},{"@type":"ListItem","position":2,"name":"DERECHO A LA DESCONEXI\u00d3N DIGITAL"}]},{"@type":"WebSite","@id":"https:\/\/lospoliticosveracruz.com\/#website","url":"https:\/\/lospoliticosveracruz.com\/","name":"Los pol\u00edticos Veracruz","description":"","publisher":{"@id":"https:\/\/lospoliticosveracruz.com\/#organization"},"potentialAction":[{"@type":"SearchAction","target":{"@type":"EntryPoint","urlTemplate":"https:\/\/lospoliticosveracruz.com\/?s={search_term_string}"},"query-input":{"@type":"PropertyValueSpecification","valueRequired":true,"valueName":"search_term_string"}}],"inLanguage":"es"},{"@type":"Organization","@id":"https:\/\/lospoliticosveracruz.com\/#organization","name":"Los pol\u00edticos Veracruz","url":"https:\/\/lospoliticosveracruz.com\/","logo":{"@type":"ImageObject","inLanguage":"es","@id":"https:\/\/lospoliticosveracruz.com\/#\/schema\/logo\/image\/","url":"https:\/\/lospoliticosveracruz.com\/wp-content\/uploads\/2025\/12\/Logo-Nuevo-LOS-POLITICOS-1.jpg","contentUrl":"https:\/\/lospoliticosveracruz.com\/wp-content\/uploads\/2025\/12\/Logo-Nuevo-LOS-POLITICOS-1.jpg","width":260,"height":70,"caption":"Los pol\u00edticos Veracruz"},"image":{"@id":"https:\/\/lospoliticosveracruz.com\/#\/schema\/logo\/image\/"},"sameAs":["https:\/\/www.facebook.com\/people\/Notimemes-de-los-Polticos\/61565672886568\/","https:\/\/x.com\/LosPoliticosVer"]},{"@type":"Person","@id":"https:\/\/lospoliticosveracruz.com\/#\/schema\/person\/b8702bb0e538456e6efd07080bf2a4a2","name":"Lo viste en Los Pol\u00edticos","image":{"@type":"ImageObject","inLanguage":"es","@id":"https:\/\/secure.gravatar.com\/avatar\/3a8de04a2656d44082be478bd6c086daa447c4651605818287b9532d3d0bd435?s=96&d=mm&r=g","url":"https:\/\/secure.gravatar.com\/avatar\/3a8de04a2656d44082be478bd6c086daa447c4651605818287b9532d3d0bd435?s=96&d=mm&r=g","contentUrl":"https:\/\/secure.gravatar.com\/avatar\/3a8de04a2656d44082be478bd6c086daa447c4651605818287b9532d3d0bd435?s=96&d=mm&r=g","caption":"Lo viste en Los Pol\u00edticos"},"url":"https:\/\/lospoliticosveracruz.com\/?author=2"}]}},"_links":{"self":[{"href":"https:\/\/lospoliticosveracruz.com\/index.php?rest_route=\/wp\/v2\/posts\/106544","targetHints":{"allow":["GET"]}}],"collection":[{"href":"https:\/\/lospoliticosveracruz.com\/index.php?rest_route=\/wp\/v2\/posts"}],"about":[{"href":"https:\/\/lospoliticosveracruz.com\/index.php?rest_route=\/wp\/v2\/types\/post"}],"author":[{"embeddable":true,"href":"https:\/\/lospoliticosveracruz.com\/index.php?rest_route=\/wp\/v2\/users\/2"}],"replies":[{"embeddable":true,"href":"https:\/\/lospoliticosveracruz.com\/index.php?rest_route=%2Fwp%2Fv2%2Fcomments&post=106544"}],"version-history":[{"count":1,"href":"https:\/\/lospoliticosveracruz.com\/index.php?rest_route=\/wp\/v2\/posts\/106544\/revisions"}],"predecessor-version":[{"id":106545,"href":"https:\/\/lospoliticosveracruz.com\/index.php?rest_route=\/wp\/v2\/posts\/106544\/revisions\/106545"}],"wp:attachment":[{"href":"https:\/\/lospoliticosveracruz.com\/index.php?rest_route=%2Fwp%2Fv2%2Fmedia&parent=106544"}],"wp:term":[{"taxonomy":"category","embeddable":true,"href":"https:\/\/lospoliticosveracruz.com\/index.php?rest_route=%2Fwp%2Fv2%2Fcategories&post=106544"},{"taxonomy":"post_tag","embeddable":true,"href":"https:\/\/lospoliticosveracruz.com\/index.php?rest_route=%2Fwp%2Fv2%2Ftags&post=106544"}],"curies":[{"name":"wp","href":"https:\/\/api.w.org\/{rel}","templated":true}]}}