{"id":106567,"date":"2023-05-29T08:47:17","date_gmt":"2023-05-29T13:47:17","guid":{"rendered":"https:\/\/lospoliticosveracruz.com.mx\/?p=106567"},"modified":"2023-05-29T08:47:25","modified_gmt":"2023-05-29T13:47:25","slug":"viridiana","status":"publish","type":"post","link":"https:\/\/lospoliticosveracruz.com\/?p=106567","title":{"rendered":"VIRIDIANA"},"content":{"rendered":"\n<p><\/p>\n\n\n\n<p><strong>Omar Z\u00fa\u00f1iga<br><\/strong><em>De Primera Mano<\/em><\/p>\n\n\n\n<p>El viernes pasado en primeras horas de la ma\u00f1ana, nos desayunamos con la noticia de la detenci\u00f3n de Viridiana Bret\u00f3n Feito, exalcaldesa de Ixhuatl\u00e1n del Caf\u00e9 en el periodo inmediato anterior, a donde lleg\u00f3 abanderada por el PAN.<br>Exdirectora de medios impresos, viene de la brega period\u00edstica, desde abajo, como la mayor\u00eda de los que hemos tenido esa responsabilidad, (salvo algunas excepciones por ah\u00ed de las que reci\u00e9n me enter\u00e9, pero eso es harina de otro costal).<\/p>\n\n\n<div class=\"wp-block-image\">\n<figure class=\"alignleft size-medium\"><a href=\"https:\/\/lospoliticosveracruz.com.mx\/wp-content\/uploads\/2021\/10\/Zacauilt.jpg\"><img decoding=\"async\" src=\"https:\/\/lospoliticosveracruz.com.mx\/wp-content\/uploads\/2021\/10\/Zacauilt-150x300.jpg\" alt=\"\" class=\"wp-image-80558\"\/><\/a><\/figure>\n<\/div>\n\n\n<p><br>A Viridiana la quisieron empapelar desde su paso por la alcald\u00eda, sin embargo sali\u00f3 airosa y solvent\u00f3 en tiempo y forma las observaciones que tuvo en sus cuentas p\u00fablicas, es decir, ya no pudieron buscarle alguna responsabilidad por ah\u00ed.<br>Entonces, como ya no hab\u00eda otro chance, le imputaron el delito de \u201cestragos\u201d, por su probable participaci\u00f3n en un incendio en agravio de Agroindustrias de M\u00e9xico durante una protesta de cafeticultores en enero de 2022, en Huatusco, es decir, cuando ella ya no era alcaldesa.<br>El delito de estragos es uno de los much\u00edsimos delitos que no se encuentran dentro del cat\u00e1logo que ameritan prisi\u00f3n preventiva, sin embargo el juez de la causa se avent\u00f3 la puntada (para variar), seg\u00fan el bolet\u00edn oficial de la Fiscal\u00eda General del Estado, de dictarle un a\u00f1o de prisi\u00f3n preventiva oficiosa, ni necesaria ni justificada, NO; estas dos las podr\u00edan haber argumentado para taparle el ojo al macho alegando alguna chicanada legal, pero ni siquiera eso, la oficiosa, como si fuera un criminal peligroso, en abierta violaci\u00f3n a sus derechos humanos.<br>Para documentar el optimismo y por si alguien ten\u00eda duda de que este es un tema pol\u00edtico m\u00e1s que jur\u00eddico, el mismo viernes, el gobernador Cuitl\u00e1huac Garc\u00eda en Coatzacoalcos, festinaba esta detenci\u00f3n casi de manera simult\u00e1nea a que se estaba ejecutando, como un gran logro de su administraci\u00f3n.<br>Ni siquiera se preocupan en guardar las formas.<br>Y decimos que la de Viridiana Bret\u00f3n Feito es una detenci\u00f3n pol\u00edtica m\u00e1s, pues para nadie es un secreto que su chamba como alcaldesa fue buena y es una persona bien recordada en su pueblo, que recibi\u00f3 ofertas de Morena para ser abanderada a diputada y para sumarse a trabajar con ellos, sin embargo estas \u201cgenerosas ofertas\u201d fueron rechazadas por Viridiana. Esto no cay\u00f3 bien en la Hoguera de las Vanidades.<br>Por si fuera poco, se sum\u00f3 al equipo de trabajo del actual vicecoordinador del Congreso de la Uni\u00f3n y fuerte aspirante a quedarse con la candidatura de Morena al gobierno de Veracruz en 2024, el diputado minatitleco Sergio Guti\u00e9rrez Luna, que se ubica ya a la cabeza en las preferencias dentro del partido guinda sobre la corcholata del gobierno del estado, la zacatecana Roc\u00edo Nahle. Esto cay\u00f3 peor.<br>Los odios personales de quien gobierna Veracruz se imponen una vez m\u00e1s sobre la ley y la raz\u00f3n.<br>Ver\u00f3nica Hern\u00e1ndez Giad\u00e1ns, fiscal general de Veracruz al final del d\u00eda debe obedecer las \u00f3rdenes de quien la (im)puso en la FGE, sin embargo no deja de sorprender que ni siquiera pueda imponer el argumento jur\u00eddico en una cuesti\u00f3n de g\u00e9nero, pues como ella, Viridiana tambi\u00e9n es madre de familia, soltera y sost\u00e9n de sus hijas, lo mismo que la magistrada presidenta del TSJE Lisbeth Aurelia Jim\u00e9nez Aguirre.<br>No decimos ni pedimos tampoco que haya impunidad, si Viridiana hizo algo que pague, pero que se haga conforme a derecho, con respeto al debido proceso y a sus derechos humanos, no como parte de un revanchismo producto de una persona enferma.<br>No terminan de entender que est\u00e1n a un paso de quedarse fuera del pinche poder y que invariablemente, los carniceros de hoy, ser\u00e1n las reses de ma\u00f1ana, candidatos s\u00ed, pero a pasar una larga temporada en Pacho Viejo y eso, estimada lectora, lector, son m\u00e1s que buenos deseos, mucho m\u00e1s, tic, tac\u2026<\/p>\n\n\n\n<hr class=\"wp-block-separator has-alpha-channel-opacity\"\/>\n\n\n\n<p>Para documentar el optimismo, Verito Hern\u00e1ndez Giad\u00e1ns boletina por sus canales oficiales su \u201cgira de trabajo\u201d por Otatitl\u00e1n este fin de semana, donde se inaugur\u00f3 con bombo y platillo un remedo de atractivo tur\u00edstico llamado \u201cel expreso de la cuenca\u201d, usando as\u00ed recursos p\u00fablicos en un tema que nada tiene que ver con su encargo; lo dicho ni las formas guardan\u2026<\/p>\n\n\n\n<hr class=\"wp-block-separator has-alpha-channel-opacity\"\/>\n\n\n\n<p>Un abrazo solidario para nuestra amiga Janneth Saucedo Ram\u00edrez, coordinadora estatal del movimiento Morena Progresista, que respalda la candidatura presidencial del canciller Marcelo Ebrard Casaub\u00f3n.<br>Janneth sufri\u00f3 un aparatoso accidente el viernes pasado cuando se dirig\u00eda de la Ciudad de M\u00e9xico a Xalapa a atender su apretada agenda de trabajo.<br>A pesar de que fue p\u00e9rdida total de su autom\u00f3vil, salv\u00f3 la vida y se encuentra en convalecencia.<br>Desde aqu\u00ed los mejores deseos de una pronta recuperaci\u00f3n para la chambeadora e inquieta Janneth. \u00a1\u00c1nimo que falta mucho!<\/p>\n\n\n\n<hr class=\"wp-block-separator has-alpha-channel-opacity\"\/>\n\n\n\n<p>Hace algunos a\u00f1os estuve internado de una enfermedad muy hija de la chingada que me tuvo hospitalizado un par de semanas con pron\u00f3stico reservado.<br>En ese lapso, entre broma y broma, coment\u00e9 con un entra\u00f1able amigo mi antojo por comer un chileatole de panza con pata de res; recib\u00ed nuevamente su visita al d\u00eda siguiente, lleg\u00f3 cargando una una bolsa y con el mensaje: -te manda esto mi mam\u00e1, mi lic, para que le entres-, abri\u00f3 aquellos tupper y me encontr\u00e9 con un caldo extraordinario de panza con pata de res que metieron de contrabando al nosocomio, tortillas incluidas.<br>No miento cuando aseguro que fue de las mejores comidas que he dado en mi vida, a pesar de las circunstancias y el sobresalto de que llegara alguna enfermera o m\u00e9dico de guardia, a pesar de que aquella habitaci\u00f3n hab\u00eda quedado totalmente impregnada del aroma inconfundible de este platillo t\u00edpico de nuestra vasta gastronom\u00eda\u2026, imposible de negar. \u00a1Un platillo soberbio!<br>Mi amigo: el maestro Walter Palmeros Barradas y su mam\u00e1, a quien le debo aquella pancita, do\u00f1a Elena Barradas, acaba de dejar este plano dimensional.<br>Un abrazo fuerte maestro. Elenita ya descansa en paz\u2026<\/p>\n\n\n\n<p>deprimera.mano@gmail.com<\/p>\n","protected":false},"excerpt":{"rendered":"<p>Omar Z\u00fa\u00f1igaDe Primera Mano El viernes pasado en primeras horas de la ma\u00f1ana, nos desayunamos con la noticia de la detenci\u00f3n de Viridiana Bret\u00f3n Feito, exalcaldesa de Ixhuatl\u00e1n del Caf\u00e9 en el periodo inmediato anterior, a donde lleg\u00f3 abanderada por el PAN.Exdirectora de medios impresos, viene de la brega period\u00edstica, desde abajo, como la mayor\u00eda [&hellip;]<\/p>\n","protected":false},"author":2,"featured_media":0,"comment_status":"closed","ping_status":"closed","sticky":false,"template":"","format":"standard","meta":{"tdm_status":"","tdm_grid_status":"","footnotes":""},"categories":[70],"tags":[23985,1563,2398,37169,36463,15105,1026,28705,3578,16147,195,15165,9188],"class_list":{"0":"post-106567","1":"post","2":"type-post","3":"status-publish","4":"format-standard","6":"category-de-opinion","7":"tag-cafeticultores","8":"tag-cuitlahuac-garcia-jimenez","9":"tag-huatusco","10":"tag-janneth-saucedo-ramirez","11":"tag-lisbeth-aurelia-jimenez-aguirre","12":"tag-marcelo-ebrard-casaubon","13":"tag-morena","14":"tag-omar-zuniga","15":"tag-rocio-nahle","16":"tag-sergio-gutierrez-luna","17":"tag-veracruz","18":"tag-veronica-hernandez-giadans","19":"tag-viridiana-breton-feito"},"yoast_head":"<!-- This site is optimized with the Yoast SEO plugin v27.4 - https:\/\/yoast.com\/product\/yoast-seo-wordpress\/ -->\n<title>VIRIDIANA - Los pol\u00edticos Veracruz<\/title>\n<meta name=\"robots\" content=\"index, follow, max-snippet:-1, max-image-preview:large, max-video-preview:-1\" \/>\n<link rel=\"canonical\" href=\"https:\/\/lospoliticosveracruz.com\/?p=106567\" \/>\n<meta property=\"og:locale\" content=\"es_ES\" \/>\n<meta property=\"og:type\" content=\"article\" \/>\n<meta property=\"og:title\" content=\"VIRIDIANA - Los pol\u00edticos Veracruz\" \/>\n<meta property=\"og:description\" content=\"Omar Z\u00fa\u00f1igaDe Primera Mano El viernes pasado en primeras horas de la ma\u00f1ana, nos desayunamos con la noticia de la detenci\u00f3n de Viridiana Bret\u00f3n Feito, exalcaldesa de Ixhuatl\u00e1n del Caf\u00e9 en el periodo inmediato anterior, a donde lleg\u00f3 abanderada por el PAN.Exdirectora de medios impresos, viene de la brega period\u00edstica, desde abajo, como la mayor\u00eda [&hellip;]\" \/>\n<meta property=\"og:url\" content=\"https:\/\/lospoliticosveracruz.com\/?p=106567\" \/>\n<meta property=\"og:site_name\" content=\"Los pol\u00edticos Veracruz\" \/>\n<meta property=\"article:publisher\" content=\"https:\/\/www.facebook.com\/people\/Notimemes-de-los-Polticos\/61565672886568\/\" \/>\n<meta property=\"article:published_time\" content=\"2023-05-29T13:47:17+00:00\" \/>\n<meta property=\"article:modified_time\" content=\"2023-05-29T13:47:25+00:00\" \/>\n<meta property=\"og:image\" content=\"https:\/\/lospoliticosveracruz.com.mx\/wp-content\/uploads\/2021\/10\/Zacauilt-150x300.jpg\" \/>\n<meta name=\"author\" content=\"Lo viste en Los Pol\u00edticos\" \/>\n<meta name=\"twitter:card\" content=\"summary_large_image\" \/>\n<meta name=\"twitter:creator\" content=\"@LosPoliticosVer\" \/>\n<meta name=\"twitter:site\" content=\"@LosPoliticosVer\" \/>\n<meta name=\"twitter:label1\" content=\"Escrito por\" \/>\n\t<meta name=\"twitter:data1\" content=\"Lo viste en Los Pol\u00edticos\" \/>\n\t<meta name=\"twitter:label2\" content=\"Tiempo de lectura\" \/>\n\t<meta name=\"twitter:data2\" content=\"5 minutos\" \/>\n<script type=\"application\/ld+json\" class=\"yoast-schema-graph\">{\"@context\":\"https:\\\/\\\/schema.org\",\"@graph\":[{\"@type\":\"Article\",\"@id\":\"https:\\\/\\\/lospoliticosveracruz.com\\\/?p=106567#article\",\"isPartOf\":{\"@id\":\"https:\\\/\\\/lospoliticosveracruz.com\\\/?p=106567\"},\"author\":{\"name\":\"Lo viste en Los Pol\u00edticos\",\"@id\":\"https:\\\/\\\/lospoliticosveracruz.com\\\/#\\\/schema\\\/person\\\/b8702bb0e538456e6efd07080bf2a4a2\"},\"headline\":\"VIRIDIANA\",\"datePublished\":\"2023-05-29T13:47:17+00:00\",\"dateModified\":\"2023-05-29T13:47:25+00:00\",\"mainEntityOfPage\":{\"@id\":\"https:\\\/\\\/lospoliticosveracruz.com\\\/?p=106567\"},\"wordCount\":1056,\"publisher\":{\"@id\":\"https:\\\/\\\/lospoliticosveracruz.com\\\/#organization\"},\"image\":{\"@id\":\"https:\\\/\\\/lospoliticosveracruz.com\\\/?p=106567#primaryimage\"},\"thumbnailUrl\":\"https:\\\/\\\/lospoliticosveracruz.com.mx\\\/wp-content\\\/uploads\\\/2021\\\/10\\\/Zacauilt-150x300.jpg\",\"keywords\":[\"cafeticultores\",\"Cuitl\u00e1huac Garc\u00eda Jim\u00e9nez\",\"Huatusco\",\"Janneth Saucedo Ram\u00edrez\",\"Lisbeth Aurelia Jim\u00e9nez Aguirre\",\"Marcelo Ebrard Casaub\u00f3n\",\"Morena\",\"Omar Z\u00fa\u00f1iga\",\"Roc\u00edo Nahle\",\"Sergio Guti\u00e9rrez Luna\",\"Veracruz\",\"Ver\u00f3nica Hern\u00e1ndez Giad\u00e1ns\",\"Viridiana Bret\u00f3n Feito\"],\"articleSection\":[\"De Opini\u00f3n\"],\"inLanguage\":\"es\"},{\"@type\":\"WebPage\",\"@id\":\"https:\\\/\\\/lospoliticosveracruz.com\\\/?p=106567\",\"url\":\"https:\\\/\\\/lospoliticosveracruz.com\\\/?p=106567\",\"name\":\"VIRIDIANA - Los pol\u00edticos Veracruz\",\"isPartOf\":{\"@id\":\"https:\\\/\\\/lospoliticosveracruz.com\\\/#website\"},\"primaryImageOfPage\":{\"@id\":\"https:\\\/\\\/lospoliticosveracruz.com\\\/?p=106567#primaryimage\"},\"image\":{\"@id\":\"https:\\\/\\\/lospoliticosveracruz.com\\\/?p=106567#primaryimage\"},\"thumbnailUrl\":\"https:\\\/\\\/lospoliticosveracruz.com.mx\\\/wp-content\\\/uploads\\\/2021\\\/10\\\/Zacauilt-150x300.jpg\",\"datePublished\":\"2023-05-29T13:47:17+00:00\",\"dateModified\":\"2023-05-29T13:47:25+00:00\",\"breadcrumb\":{\"@id\":\"https:\\\/\\\/lospoliticosveracruz.com\\\/?p=106567#breadcrumb\"},\"inLanguage\":\"es\",\"potentialAction\":[{\"@type\":\"ReadAction\",\"target\":[\"https:\\\/\\\/lospoliticosveracruz.com\\\/?p=106567\"]}]},{\"@type\":\"ImageObject\",\"inLanguage\":\"es\",\"@id\":\"https:\\\/\\\/lospoliticosveracruz.com\\\/?p=106567#primaryimage\",\"url\":\"https:\\\/\\\/lospoliticosveracruz.com.mx\\\/wp-content\\\/uploads\\\/2021\\\/10\\\/Zacauilt-150x300.jpg\",\"contentUrl\":\"https:\\\/\\\/lospoliticosveracruz.com.mx\\\/wp-content\\\/uploads\\\/2021\\\/10\\\/Zacauilt-150x300.jpg\"},{\"@type\":\"BreadcrumbList\",\"@id\":\"https:\\\/\\\/lospoliticosveracruz.com\\\/?p=106567#breadcrumb\",\"itemListElement\":[{\"@type\":\"ListItem\",\"position\":1,\"name\":\"Portada\",\"item\":\"https:\\\/\\\/lospoliticosveracruz.com\\\/\"},{\"@type\":\"ListItem\",\"position\":2,\"name\":\"VIRIDIANA\"}]},{\"@type\":\"WebSite\",\"@id\":\"https:\\\/\\\/lospoliticosveracruz.com\\\/#website\",\"url\":\"https:\\\/\\\/lospoliticosveracruz.com\\\/\",\"name\":\"Los pol\u00edticos Veracruz\",\"description\":\"\",\"publisher\":{\"@id\":\"https:\\\/\\\/lospoliticosveracruz.com\\\/#organization\"},\"potentialAction\":[{\"@type\":\"SearchAction\",\"target\":{\"@type\":\"EntryPoint\",\"urlTemplate\":\"https:\\\/\\\/lospoliticosveracruz.com\\\/?s={search_term_string}\"},\"query-input\":{\"@type\":\"PropertyValueSpecification\",\"valueRequired\":true,\"valueName\":\"search_term_string\"}}],\"inLanguage\":\"es\"},{\"@type\":\"Organization\",\"@id\":\"https:\\\/\\\/lospoliticosveracruz.com\\\/#organization\",\"name\":\"Los pol\u00edticos Veracruz\",\"url\":\"https:\\\/\\\/lospoliticosveracruz.com\\\/\",\"logo\":{\"@type\":\"ImageObject\",\"inLanguage\":\"es\",\"@id\":\"https:\\\/\\\/lospoliticosveracruz.com\\\/#\\\/schema\\\/logo\\\/image\\\/\",\"url\":\"https:\\\/\\\/lospoliticosveracruz.com\\\/wp-content\\\/uploads\\\/2025\\\/12\\\/Logo-Nuevo-LOS-POLITICOS-1.jpg\",\"contentUrl\":\"https:\\\/\\\/lospoliticosveracruz.com\\\/wp-content\\\/uploads\\\/2025\\\/12\\\/Logo-Nuevo-LOS-POLITICOS-1.jpg\",\"width\":260,\"height\":70,\"caption\":\"Los pol\u00edticos Veracruz\"},\"image\":{\"@id\":\"https:\\\/\\\/lospoliticosveracruz.com\\\/#\\\/schema\\\/logo\\\/image\\\/\"},\"sameAs\":[\"https:\\\/\\\/www.facebook.com\\\/people\\\/Notimemes-de-los-Polticos\\\/61565672886568\\\/\",\"https:\\\/\\\/x.com\\\/LosPoliticosVer\"]},{\"@type\":\"Person\",\"@id\":\"https:\\\/\\\/lospoliticosveracruz.com\\\/#\\\/schema\\\/person\\\/b8702bb0e538456e6efd07080bf2a4a2\",\"name\":\"Lo viste en Los Pol\u00edticos\",\"image\":{\"@type\":\"ImageObject\",\"inLanguage\":\"es\",\"@id\":\"https:\\\/\\\/secure.gravatar.com\\\/avatar\\\/3a8de04a2656d44082be478bd6c086daa447c4651605818287b9532d3d0bd435?s=96&d=mm&r=g\",\"url\":\"https:\\\/\\\/secure.gravatar.com\\\/avatar\\\/3a8de04a2656d44082be478bd6c086daa447c4651605818287b9532d3d0bd435?s=96&d=mm&r=g\",\"contentUrl\":\"https:\\\/\\\/secure.gravatar.com\\\/avatar\\\/3a8de04a2656d44082be478bd6c086daa447c4651605818287b9532d3d0bd435?s=96&d=mm&r=g\",\"caption\":\"Lo viste en Los Pol\u00edticos\"},\"url\":\"https:\\\/\\\/lospoliticosveracruz.com\\\/?author=2\"}]}<\/script>\n<!-- \/ Yoast SEO plugin. -->","yoast_head_json":{"title":"VIRIDIANA - Los pol\u00edticos Veracruz","robots":{"index":"index","follow":"follow","max-snippet":"max-snippet:-1","max-image-preview":"max-image-preview:large","max-video-preview":"max-video-preview:-1"},"canonical":"https:\/\/lospoliticosveracruz.com\/?p=106567","og_locale":"es_ES","og_type":"article","og_title":"VIRIDIANA - Los pol\u00edticos Veracruz","og_description":"Omar Z\u00fa\u00f1igaDe Primera Mano El viernes pasado en primeras horas de la ma\u00f1ana, nos desayunamos con la noticia de la detenci\u00f3n de Viridiana Bret\u00f3n Feito, exalcaldesa de Ixhuatl\u00e1n del Caf\u00e9 en el periodo inmediato anterior, a donde lleg\u00f3 abanderada por el PAN.Exdirectora de medios impresos, viene de la brega period\u00edstica, desde abajo, como la mayor\u00eda [&hellip;]","og_url":"https:\/\/lospoliticosveracruz.com\/?p=106567","og_site_name":"Los pol\u00edticos Veracruz","article_publisher":"https:\/\/www.facebook.com\/people\/Notimemes-de-los-Polticos\/61565672886568\/","article_published_time":"2023-05-29T13:47:17+00:00","article_modified_time":"2023-05-29T13:47:25+00:00","og_image":[{"url":"https:\/\/lospoliticosveracruz.com.mx\/wp-content\/uploads\/2021\/10\/Zacauilt-150x300.jpg","type":"","width":"","height":""}],"author":"Lo viste en Los Pol\u00edticos","twitter_card":"summary_large_image","twitter_creator":"@LosPoliticosVer","twitter_site":"@LosPoliticosVer","twitter_misc":{"Escrito por":"Lo viste en Los Pol\u00edticos","Tiempo de lectura":"5 minutos"},"schema":{"@context":"https:\/\/schema.org","@graph":[{"@type":"Article","@id":"https:\/\/lospoliticosveracruz.com\/?p=106567#article","isPartOf":{"@id":"https:\/\/lospoliticosveracruz.com\/?p=106567"},"author":{"name":"Lo viste en Los Pol\u00edticos","@id":"https:\/\/lospoliticosveracruz.com\/#\/schema\/person\/b8702bb0e538456e6efd07080bf2a4a2"},"headline":"VIRIDIANA","datePublished":"2023-05-29T13:47:17+00:00","dateModified":"2023-05-29T13:47:25+00:00","mainEntityOfPage":{"@id":"https:\/\/lospoliticosveracruz.com\/?p=106567"},"wordCount":1056,"publisher":{"@id":"https:\/\/lospoliticosveracruz.com\/#organization"},"image":{"@id":"https:\/\/lospoliticosveracruz.com\/?p=106567#primaryimage"},"thumbnailUrl":"https:\/\/lospoliticosveracruz.com.mx\/wp-content\/uploads\/2021\/10\/Zacauilt-150x300.jpg","keywords":["cafeticultores","Cuitl\u00e1huac Garc\u00eda Jim\u00e9nez","Huatusco","Janneth Saucedo Ram\u00edrez","Lisbeth Aurelia Jim\u00e9nez Aguirre","Marcelo Ebrard Casaub\u00f3n","Morena","Omar Z\u00fa\u00f1iga","Roc\u00edo Nahle","Sergio Guti\u00e9rrez Luna","Veracruz","Ver\u00f3nica Hern\u00e1ndez Giad\u00e1ns","Viridiana Bret\u00f3n Feito"],"articleSection":["De Opini\u00f3n"],"inLanguage":"es"},{"@type":"WebPage","@id":"https:\/\/lospoliticosveracruz.com\/?p=106567","url":"https:\/\/lospoliticosveracruz.com\/?p=106567","name":"VIRIDIANA - Los pol\u00edticos Veracruz","isPartOf":{"@id":"https:\/\/lospoliticosveracruz.com\/#website"},"primaryImageOfPage":{"@id":"https:\/\/lospoliticosveracruz.com\/?p=106567#primaryimage"},"image":{"@id":"https:\/\/lospoliticosveracruz.com\/?p=106567#primaryimage"},"thumbnailUrl":"https:\/\/lospoliticosveracruz.com.mx\/wp-content\/uploads\/2021\/10\/Zacauilt-150x300.jpg","datePublished":"2023-05-29T13:47:17+00:00","dateModified":"2023-05-29T13:47:25+00:00","breadcrumb":{"@id":"https:\/\/lospoliticosveracruz.com\/?p=106567#breadcrumb"},"inLanguage":"es","potentialAction":[{"@type":"ReadAction","target":["https:\/\/lospoliticosveracruz.com\/?p=106567"]}]},{"@type":"ImageObject","inLanguage":"es","@id":"https:\/\/lospoliticosveracruz.com\/?p=106567#primaryimage","url":"https:\/\/lospoliticosveracruz.com.mx\/wp-content\/uploads\/2021\/10\/Zacauilt-150x300.jpg","contentUrl":"https:\/\/lospoliticosveracruz.com.mx\/wp-content\/uploads\/2021\/10\/Zacauilt-150x300.jpg"},{"@type":"BreadcrumbList","@id":"https:\/\/lospoliticosveracruz.com\/?p=106567#breadcrumb","itemListElement":[{"@type":"ListItem","position":1,"name":"Portada","item":"https:\/\/lospoliticosveracruz.com\/"},{"@type":"ListItem","position":2,"name":"VIRIDIANA"}]},{"@type":"WebSite","@id":"https:\/\/lospoliticosveracruz.com\/#website","url":"https:\/\/lospoliticosveracruz.com\/","name":"Los pol\u00edticos Veracruz","description":"","publisher":{"@id":"https:\/\/lospoliticosveracruz.com\/#organization"},"potentialAction":[{"@type":"SearchAction","target":{"@type":"EntryPoint","urlTemplate":"https:\/\/lospoliticosveracruz.com\/?s={search_term_string}"},"query-input":{"@type":"PropertyValueSpecification","valueRequired":true,"valueName":"search_term_string"}}],"inLanguage":"es"},{"@type":"Organization","@id":"https:\/\/lospoliticosveracruz.com\/#organization","name":"Los pol\u00edticos Veracruz","url":"https:\/\/lospoliticosveracruz.com\/","logo":{"@type":"ImageObject","inLanguage":"es","@id":"https:\/\/lospoliticosveracruz.com\/#\/schema\/logo\/image\/","url":"https:\/\/lospoliticosveracruz.com\/wp-content\/uploads\/2025\/12\/Logo-Nuevo-LOS-POLITICOS-1.jpg","contentUrl":"https:\/\/lospoliticosveracruz.com\/wp-content\/uploads\/2025\/12\/Logo-Nuevo-LOS-POLITICOS-1.jpg","width":260,"height":70,"caption":"Los pol\u00edticos Veracruz"},"image":{"@id":"https:\/\/lospoliticosveracruz.com\/#\/schema\/logo\/image\/"},"sameAs":["https:\/\/www.facebook.com\/people\/Notimemes-de-los-Polticos\/61565672886568\/","https:\/\/x.com\/LosPoliticosVer"]},{"@type":"Person","@id":"https:\/\/lospoliticosveracruz.com\/#\/schema\/person\/b8702bb0e538456e6efd07080bf2a4a2","name":"Lo viste en Los Pol\u00edticos","image":{"@type":"ImageObject","inLanguage":"es","@id":"https:\/\/secure.gravatar.com\/avatar\/3a8de04a2656d44082be478bd6c086daa447c4651605818287b9532d3d0bd435?s=96&d=mm&r=g","url":"https:\/\/secure.gravatar.com\/avatar\/3a8de04a2656d44082be478bd6c086daa447c4651605818287b9532d3d0bd435?s=96&d=mm&r=g","contentUrl":"https:\/\/secure.gravatar.com\/avatar\/3a8de04a2656d44082be478bd6c086daa447c4651605818287b9532d3d0bd435?s=96&d=mm&r=g","caption":"Lo viste en Los Pol\u00edticos"},"url":"https:\/\/lospoliticosveracruz.com\/?author=2"}]}},"_links":{"self":[{"href":"https:\/\/lospoliticosveracruz.com\/index.php?rest_route=\/wp\/v2\/posts\/106567","targetHints":{"allow":["GET"]}}],"collection":[{"href":"https:\/\/lospoliticosveracruz.com\/index.php?rest_route=\/wp\/v2\/posts"}],"about":[{"href":"https:\/\/lospoliticosveracruz.com\/index.php?rest_route=\/wp\/v2\/types\/post"}],"author":[{"embeddable":true,"href":"https:\/\/lospoliticosveracruz.com\/index.php?rest_route=\/wp\/v2\/users\/2"}],"replies":[{"embeddable":true,"href":"https:\/\/lospoliticosveracruz.com\/index.php?rest_route=%2Fwp%2Fv2%2Fcomments&post=106567"}],"version-history":[{"count":1,"href":"https:\/\/lospoliticosveracruz.com\/index.php?rest_route=\/wp\/v2\/posts\/106567\/revisions"}],"predecessor-version":[{"id":106568,"href":"https:\/\/lospoliticosveracruz.com\/index.php?rest_route=\/wp\/v2\/posts\/106567\/revisions\/106568"}],"wp:attachment":[{"href":"https:\/\/lospoliticosveracruz.com\/index.php?rest_route=%2Fwp%2Fv2%2Fmedia&parent=106567"}],"wp:term":[{"taxonomy":"category","embeddable":true,"href":"https:\/\/lospoliticosveracruz.com\/index.php?rest_route=%2Fwp%2Fv2%2Fcategories&post=106567"},{"taxonomy":"post_tag","embeddable":true,"href":"https:\/\/lospoliticosveracruz.com\/index.php?rest_route=%2Fwp%2Fv2%2Ftags&post=106567"}],"curies":[{"name":"wp","href":"https:\/\/api.w.org\/{rel}","templated":true}]}}