{"id":106628,"date":"2023-05-30T08:51:58","date_gmt":"2023-05-30T13:51:58","guid":{"rendered":"https:\/\/lospoliticosveracruz.com.mx\/?p=106628"},"modified":"2023-05-30T08:52:05","modified_gmt":"2023-05-30T13:52:05","slug":"echenle-ganas","status":"publish","type":"post","link":"https:\/\/lospoliticosveracruz.com\/?p=106628","title":{"rendered":"\u00a1ECHENLE GANAS!"},"content":{"rendered":"\n<p><\/p>\n\n\n\n<p><strong>Yair Ademar Dom\u00ednguez<\/strong><\/p>\n\n\n\n<p><em>Punto y Coma<\/em>\u00a0<\/p>\n\n\n\n<p>M\u00e9xico vive una etapa hist\u00f3rica \u00fanica de euforia democr\u00e1tica, de libertades, de participaci\u00f3n ciudadana. Hoy, hasta los que nunca sal\u00edan a la calle a manifestarse, lo hacen. Antes, acomodados en sus lujosas oficinas, ve\u00edan pasar el tiempo, llenando sus bolsillos, con el saqueo de las riquezas del pa\u00eds, con una pol\u00edtica disfrazada de \u201cmodernidad\u201d que no era otra cosa que robo en despoblado, el saqueo de la naci\u00f3n. Le llamaban pomposamente, neoliberalismo econ\u00f3mico.<\/p>\n\n\n<div class=\"wp-block-image\">\n<figure class=\"alignleft size-medium\"><a href=\"https:\/\/lospoliticosveracruz.com.mx\/wp-content\/uploads\/2021\/10\/Zacauilt.jpg\"><img decoding=\"async\" src=\"https:\/\/lospoliticosveracruz.com.mx\/wp-content\/uploads\/2021\/10\/Zacauilt-150x300.jpg\" alt=\"\" class=\"wp-image-80558\"\/><\/a><\/figure>\n<\/div>\n\n\n<p>Y ayer, un grupo de estos ciudadanos, que se manifest\u00f3 a favor de la corrupci\u00f3n que impera en la Suprema Corte de Justicia de la Naci\u00f3n, agredi\u00f3 a otros ciudadanos, que con el mismo derecho, mostraron su inconformidad por el p\u00e9simo desempe\u00f1o de las y los ministros de esta instancia judicial. En un pa\u00eds donde todos tenemos derecho a manifestarnos, el acto es reprobable y as\u00ed lo calific\u00f3 el propio presidente Andr\u00e9s Manuel L\u00f3pez Obrador este lunes.<\/p>\n\n\n\n<p>\u201cNo debieron ir a provocar y a quitarles mantas. Hay que respetar esto. No creo yo que eso sea correcto. Hay que evitar la confrontaci\u00f3n, hay que evitar eso. Ya cuando se llega a eso es porque no se tiene la raz\u00f3n. El que usa la fuerza es porque no tiene capacidad para convencer y hay que ver qui\u00e9nes son. No para perseguirlos, no para reprimirlos. Tan es as\u00ed que no hab\u00eda ni polic\u00eda, porque hay libertades, \u00a1como nunca! No se desaloja a nadie, no se reprime a nadie. No es como antes\u201d, dijo en la conferencia de prensa ma\u00f1anera.<\/p>\n\n\n\n<p>Si tenemos memoria, como lo hemos puntualizado en otras ocasiones, el Movimiento de Regeneraci\u00f3n Nacional (MORENA) se construy\u00f3 desde las bases, desde abajo y fue gracias a la movilizaci\u00f3n del pueblo que se conquistaron estos derechos. As\u00ed que el mandatario mexicano es coherente al exponer su postura sobre este derecho que \u00e9l hizo valer y que sufri\u00f3 en carne propia, por la represi\u00f3n que sufri\u00f3 de parte de los gobiernos neoliberales.<\/p>\n\n\n\n<p>\u201cYo recuerdo que a nosotros nos prohibieron usar el Z\u00f3calo durante mucho tiempo. Y recuerdo c\u00f3mo hab\u00eda tambi\u00e9n un plant\u00f3n de maestros y se fueron y les tumbaron las casas. Hace poco. Eso ya no sucede\u201d, coment\u00f3 para tildar de \u201cautoritarios\u201d a los conservadores. En el hecho violento de este domingo se vio muy claro. As\u00ed son ellos, de corte \u201cfascista\u201d, intolerantes, que se creen poseedores absolutos de la verdad y ahora, due\u00f1o de las calles y plazas que el Movimiento de la 4T conquist\u00f3 en una lucha que dur\u00f3 d\u00e9cadas.&nbsp;<\/p>\n\n\n\n<p>Tienen que echarle m\u00e1s ganas y ojal\u00e1 lo hagan. Si de verdad aman y les interesa este pa\u00eds, que se fleten a trabajar por \u00e9l, que dejen la comodidad de sus casas y de sus negocios y que construyan desde abajo, porque la grandeza de este pa\u00eds requiere de la voluntad y el esfuerzo de todos. Pero se ve dif\u00edcil, porque les interesa seguir defendiendo a instancias corruptas como la Suprema Corte de Justicia de la Naci\u00f3n, porque ah\u00ed est\u00e1n los privilegios que han perdido.<\/p>\n\n\n\n<p>*<strong>Delfina G\u00f3mez, a la delantera en EDOMEX<\/strong>*<\/p>\n\n\n\n<p>Una nueva encuesta de un diario capitalino, que por cierto se ha dedicado a denostar a la 4T, se\u00f1ala, con datos de una encuesta elaborada por Enkoll, que Delfina G\u00f3mez \u00c1lvarez, abanderada de MORENA-PT-PVEM a la gubernatura del Estado de M\u00e9xico, se mantiene a la delantera con el 59% de las preferencias del voto. Alejandra del Moral, aspirante de PAN-PRI-PRD se encuentra agonizante, muy lejos ya de la ex secretaria de educaci\u00f3n. Este hecho, demuestra, que el movimiento fundado por el presidente Andr\u00e9s Manuel L\u00f3pez Obrador se ha venido consolidando y est\u00e1 m\u00e1s fuerte que nunca.&nbsp;<\/p>\n\n\n\n<p>Comentarios: Facebook Yair Ademar Dominguez Twitter @YairAdemar<\/p>\n","protected":false},"excerpt":{"rendered":"<p>Yair Ademar Dom\u00ednguez Punto y Coma\u00a0 M\u00e9xico vive una etapa hist\u00f3rica \u00fanica de euforia democr\u00e1tica, de libertades, de participaci\u00f3n ciudadana. Hoy, hasta los que nunca sal\u00edan a la calle a manifestarse, lo hacen. Antes, acomodados en sus lujosas oficinas, ve\u00edan pasar el tiempo, llenando sus bolsillos, con el saqueo de las riquezas del pa\u00eds, con [&hellip;]<\/p>\n","protected":false},"author":2,"featured_media":0,"comment_status":"closed","ping_status":"closed","sticky":false,"template":"","format":"standard","meta":{"tdm_status":"","tdm_grid_status":"","footnotes":""},"categories":[70],"tags":[20652],"class_list":{"0":"post-106628","1":"post","2":"type-post","3":"status-publish","4":"format-standard","6":"category-de-opinion","7":"tag-yair-ademar-dominguez"},"yoast_head":"<!-- This site is optimized with the Yoast SEO plugin v27.4 - https:\/\/yoast.com\/product\/yoast-seo-wordpress\/ -->\n<title>\u00a1ECHENLE GANAS! - Los pol\u00edticos Veracruz<\/title>\n<meta name=\"robots\" content=\"index, follow, max-snippet:-1, max-image-preview:large, max-video-preview:-1\" \/>\n<link rel=\"canonical\" href=\"https:\/\/lospoliticosveracruz.com\/?p=106628\" \/>\n<meta property=\"og:locale\" content=\"es_ES\" \/>\n<meta property=\"og:type\" content=\"article\" \/>\n<meta property=\"og:title\" content=\"\u00a1ECHENLE GANAS! - Los pol\u00edticos Veracruz\" \/>\n<meta property=\"og:description\" content=\"Yair Ademar Dom\u00ednguez Punto y Coma\u00a0 M\u00e9xico vive una etapa hist\u00f3rica \u00fanica de euforia democr\u00e1tica, de libertades, de participaci\u00f3n ciudadana. Hoy, hasta los que nunca sal\u00edan a la calle a manifestarse, lo hacen. Antes, acomodados en sus lujosas oficinas, ve\u00edan pasar el tiempo, llenando sus bolsillos, con el saqueo de las riquezas del pa\u00eds, con [&hellip;]\" \/>\n<meta property=\"og:url\" content=\"https:\/\/lospoliticosveracruz.com\/?p=106628\" \/>\n<meta property=\"og:site_name\" content=\"Los pol\u00edticos Veracruz\" \/>\n<meta property=\"article:publisher\" content=\"https:\/\/www.facebook.com\/people\/Notimemes-de-los-Polticos\/61565672886568\/\" \/>\n<meta property=\"article:published_time\" content=\"2023-05-30T13:51:58+00:00\" \/>\n<meta property=\"article:modified_time\" content=\"2023-05-30T13:52:05+00:00\" \/>\n<meta property=\"og:image\" content=\"https:\/\/lospoliticosveracruz.com.mx\/wp-content\/uploads\/2021\/10\/Zacauilt-150x300.jpg\" \/>\n<meta name=\"author\" content=\"Lo viste en Los Pol\u00edticos\" \/>\n<meta name=\"twitter:card\" content=\"summary_large_image\" \/>\n<meta name=\"twitter:creator\" content=\"@LosPoliticosVer\" \/>\n<meta name=\"twitter:site\" content=\"@LosPoliticosVer\" \/>\n<meta name=\"twitter:label1\" content=\"Escrito por\" \/>\n\t<meta name=\"twitter:data1\" content=\"Lo viste en Los Pol\u00edticos\" \/>\n\t<meta name=\"twitter:label2\" content=\"Tiempo de lectura\" \/>\n\t<meta name=\"twitter:data2\" content=\"3 minutos\" \/>\n<script type=\"application\/ld+json\" class=\"yoast-schema-graph\">{\"@context\":\"https:\\\/\\\/schema.org\",\"@graph\":[{\"@type\":\"Article\",\"@id\":\"https:\\\/\\\/lospoliticosveracruz.com\\\/?p=106628#article\",\"isPartOf\":{\"@id\":\"https:\\\/\\\/lospoliticosveracruz.com\\\/?p=106628\"},\"author\":{\"name\":\"Lo viste en Los Pol\u00edticos\",\"@id\":\"https:\\\/\\\/lospoliticosveracruz.com\\\/#\\\/schema\\\/person\\\/b8702bb0e538456e6efd07080bf2a4a2\"},\"headline\":\"\u00a1ECHENLE GANAS!\",\"datePublished\":\"2023-05-30T13:51:58+00:00\",\"dateModified\":\"2023-05-30T13:52:05+00:00\",\"mainEntityOfPage\":{\"@id\":\"https:\\\/\\\/lospoliticosveracruz.com\\\/?p=106628\"},\"wordCount\":664,\"publisher\":{\"@id\":\"https:\\\/\\\/lospoliticosveracruz.com\\\/#organization\"},\"image\":{\"@id\":\"https:\\\/\\\/lospoliticosveracruz.com\\\/?p=106628#primaryimage\"},\"thumbnailUrl\":\"https:\\\/\\\/lospoliticosveracruz.com.mx\\\/wp-content\\\/uploads\\\/2021\\\/10\\\/Zacauilt-150x300.jpg\",\"keywords\":[\"Yair Ademar Dom\u00ednguez\"],\"articleSection\":[\"De Opini\u00f3n\"],\"inLanguage\":\"es\"},{\"@type\":\"WebPage\",\"@id\":\"https:\\\/\\\/lospoliticosveracruz.com\\\/?p=106628\",\"url\":\"https:\\\/\\\/lospoliticosveracruz.com\\\/?p=106628\",\"name\":\"\u00a1ECHENLE GANAS! - Los pol\u00edticos Veracruz\",\"isPartOf\":{\"@id\":\"https:\\\/\\\/lospoliticosveracruz.com\\\/#website\"},\"primaryImageOfPage\":{\"@id\":\"https:\\\/\\\/lospoliticosveracruz.com\\\/?p=106628#primaryimage\"},\"image\":{\"@id\":\"https:\\\/\\\/lospoliticosveracruz.com\\\/?p=106628#primaryimage\"},\"thumbnailUrl\":\"https:\\\/\\\/lospoliticosveracruz.com.mx\\\/wp-content\\\/uploads\\\/2021\\\/10\\\/Zacauilt-150x300.jpg\",\"datePublished\":\"2023-05-30T13:51:58+00:00\",\"dateModified\":\"2023-05-30T13:52:05+00:00\",\"breadcrumb\":{\"@id\":\"https:\\\/\\\/lospoliticosveracruz.com\\\/?p=106628#breadcrumb\"},\"inLanguage\":\"es\",\"potentialAction\":[{\"@type\":\"ReadAction\",\"target\":[\"https:\\\/\\\/lospoliticosveracruz.com\\\/?p=106628\"]}]},{\"@type\":\"ImageObject\",\"inLanguage\":\"es\",\"@id\":\"https:\\\/\\\/lospoliticosveracruz.com\\\/?p=106628#primaryimage\",\"url\":\"https:\\\/\\\/lospoliticosveracruz.com.mx\\\/wp-content\\\/uploads\\\/2021\\\/10\\\/Zacauilt-150x300.jpg\",\"contentUrl\":\"https:\\\/\\\/lospoliticosveracruz.com.mx\\\/wp-content\\\/uploads\\\/2021\\\/10\\\/Zacauilt-150x300.jpg\"},{\"@type\":\"BreadcrumbList\",\"@id\":\"https:\\\/\\\/lospoliticosveracruz.com\\\/?p=106628#breadcrumb\",\"itemListElement\":[{\"@type\":\"ListItem\",\"position\":1,\"name\":\"Portada\",\"item\":\"https:\\\/\\\/lospoliticosveracruz.com\\\/\"},{\"@type\":\"ListItem\",\"position\":2,\"name\":\"\u00a1ECHENLE GANAS!\"}]},{\"@type\":\"WebSite\",\"@id\":\"https:\\\/\\\/lospoliticosveracruz.com\\\/#website\",\"url\":\"https:\\\/\\\/lospoliticosveracruz.com\\\/\",\"name\":\"Los pol\u00edticos Veracruz\",\"description\":\"\",\"publisher\":{\"@id\":\"https:\\\/\\\/lospoliticosveracruz.com\\\/#organization\"},\"potentialAction\":[{\"@type\":\"SearchAction\",\"target\":{\"@type\":\"EntryPoint\",\"urlTemplate\":\"https:\\\/\\\/lospoliticosveracruz.com\\\/?s={search_term_string}\"},\"query-input\":{\"@type\":\"PropertyValueSpecification\",\"valueRequired\":true,\"valueName\":\"search_term_string\"}}],\"inLanguage\":\"es\"},{\"@type\":\"Organization\",\"@id\":\"https:\\\/\\\/lospoliticosveracruz.com\\\/#organization\",\"name\":\"Los pol\u00edticos Veracruz\",\"url\":\"https:\\\/\\\/lospoliticosveracruz.com\\\/\",\"logo\":{\"@type\":\"ImageObject\",\"inLanguage\":\"es\",\"@id\":\"https:\\\/\\\/lospoliticosveracruz.com\\\/#\\\/schema\\\/logo\\\/image\\\/\",\"url\":\"https:\\\/\\\/lospoliticosveracruz.com\\\/wp-content\\\/uploads\\\/2025\\\/12\\\/Logo-Nuevo-LOS-POLITICOS-1.jpg\",\"contentUrl\":\"https:\\\/\\\/lospoliticosveracruz.com\\\/wp-content\\\/uploads\\\/2025\\\/12\\\/Logo-Nuevo-LOS-POLITICOS-1.jpg\",\"width\":260,\"height\":70,\"caption\":\"Los pol\u00edticos Veracruz\"},\"image\":{\"@id\":\"https:\\\/\\\/lospoliticosveracruz.com\\\/#\\\/schema\\\/logo\\\/image\\\/\"},\"sameAs\":[\"https:\\\/\\\/www.facebook.com\\\/people\\\/Notimemes-de-los-Polticos\\\/61565672886568\\\/\",\"https:\\\/\\\/x.com\\\/LosPoliticosVer\"]},{\"@type\":\"Person\",\"@id\":\"https:\\\/\\\/lospoliticosveracruz.com\\\/#\\\/schema\\\/person\\\/b8702bb0e538456e6efd07080bf2a4a2\",\"name\":\"Lo viste en Los Pol\u00edticos\",\"image\":{\"@type\":\"ImageObject\",\"inLanguage\":\"es\",\"@id\":\"https:\\\/\\\/secure.gravatar.com\\\/avatar\\\/3a8de04a2656d44082be478bd6c086daa447c4651605818287b9532d3d0bd435?s=96&d=mm&r=g\",\"url\":\"https:\\\/\\\/secure.gravatar.com\\\/avatar\\\/3a8de04a2656d44082be478bd6c086daa447c4651605818287b9532d3d0bd435?s=96&d=mm&r=g\",\"contentUrl\":\"https:\\\/\\\/secure.gravatar.com\\\/avatar\\\/3a8de04a2656d44082be478bd6c086daa447c4651605818287b9532d3d0bd435?s=96&d=mm&r=g\",\"caption\":\"Lo viste en Los Pol\u00edticos\"},\"url\":\"https:\\\/\\\/lospoliticosveracruz.com\\\/?author=2\"}]}<\/script>\n<!-- \/ Yoast SEO plugin. -->","yoast_head_json":{"title":"\u00a1ECHENLE GANAS! - Los pol\u00edticos Veracruz","robots":{"index":"index","follow":"follow","max-snippet":"max-snippet:-1","max-image-preview":"max-image-preview:large","max-video-preview":"max-video-preview:-1"},"canonical":"https:\/\/lospoliticosveracruz.com\/?p=106628","og_locale":"es_ES","og_type":"article","og_title":"\u00a1ECHENLE GANAS! - Los pol\u00edticos Veracruz","og_description":"Yair Ademar Dom\u00ednguez Punto y Coma\u00a0 M\u00e9xico vive una etapa hist\u00f3rica \u00fanica de euforia democr\u00e1tica, de libertades, de participaci\u00f3n ciudadana. Hoy, hasta los que nunca sal\u00edan a la calle a manifestarse, lo hacen. Antes, acomodados en sus lujosas oficinas, ve\u00edan pasar el tiempo, llenando sus bolsillos, con el saqueo de las riquezas del pa\u00eds, con [&hellip;]","og_url":"https:\/\/lospoliticosveracruz.com\/?p=106628","og_site_name":"Los pol\u00edticos Veracruz","article_publisher":"https:\/\/www.facebook.com\/people\/Notimemes-de-los-Polticos\/61565672886568\/","article_published_time":"2023-05-30T13:51:58+00:00","article_modified_time":"2023-05-30T13:52:05+00:00","og_image":[{"url":"https:\/\/lospoliticosveracruz.com.mx\/wp-content\/uploads\/2021\/10\/Zacauilt-150x300.jpg","type":"","width":"","height":""}],"author":"Lo viste en Los Pol\u00edticos","twitter_card":"summary_large_image","twitter_creator":"@LosPoliticosVer","twitter_site":"@LosPoliticosVer","twitter_misc":{"Escrito por":"Lo viste en Los Pol\u00edticos","Tiempo de lectura":"3 minutos"},"schema":{"@context":"https:\/\/schema.org","@graph":[{"@type":"Article","@id":"https:\/\/lospoliticosveracruz.com\/?p=106628#article","isPartOf":{"@id":"https:\/\/lospoliticosveracruz.com\/?p=106628"},"author":{"name":"Lo viste en Los Pol\u00edticos","@id":"https:\/\/lospoliticosveracruz.com\/#\/schema\/person\/b8702bb0e538456e6efd07080bf2a4a2"},"headline":"\u00a1ECHENLE GANAS!","datePublished":"2023-05-30T13:51:58+00:00","dateModified":"2023-05-30T13:52:05+00:00","mainEntityOfPage":{"@id":"https:\/\/lospoliticosveracruz.com\/?p=106628"},"wordCount":664,"publisher":{"@id":"https:\/\/lospoliticosveracruz.com\/#organization"},"image":{"@id":"https:\/\/lospoliticosveracruz.com\/?p=106628#primaryimage"},"thumbnailUrl":"https:\/\/lospoliticosveracruz.com.mx\/wp-content\/uploads\/2021\/10\/Zacauilt-150x300.jpg","keywords":["Yair Ademar Dom\u00ednguez"],"articleSection":["De Opini\u00f3n"],"inLanguage":"es"},{"@type":"WebPage","@id":"https:\/\/lospoliticosveracruz.com\/?p=106628","url":"https:\/\/lospoliticosveracruz.com\/?p=106628","name":"\u00a1ECHENLE GANAS! - Los pol\u00edticos Veracruz","isPartOf":{"@id":"https:\/\/lospoliticosveracruz.com\/#website"},"primaryImageOfPage":{"@id":"https:\/\/lospoliticosveracruz.com\/?p=106628#primaryimage"},"image":{"@id":"https:\/\/lospoliticosveracruz.com\/?p=106628#primaryimage"},"thumbnailUrl":"https:\/\/lospoliticosveracruz.com.mx\/wp-content\/uploads\/2021\/10\/Zacauilt-150x300.jpg","datePublished":"2023-05-30T13:51:58+00:00","dateModified":"2023-05-30T13:52:05+00:00","breadcrumb":{"@id":"https:\/\/lospoliticosveracruz.com\/?p=106628#breadcrumb"},"inLanguage":"es","potentialAction":[{"@type":"ReadAction","target":["https:\/\/lospoliticosveracruz.com\/?p=106628"]}]},{"@type":"ImageObject","inLanguage":"es","@id":"https:\/\/lospoliticosveracruz.com\/?p=106628#primaryimage","url":"https:\/\/lospoliticosveracruz.com.mx\/wp-content\/uploads\/2021\/10\/Zacauilt-150x300.jpg","contentUrl":"https:\/\/lospoliticosveracruz.com.mx\/wp-content\/uploads\/2021\/10\/Zacauilt-150x300.jpg"},{"@type":"BreadcrumbList","@id":"https:\/\/lospoliticosveracruz.com\/?p=106628#breadcrumb","itemListElement":[{"@type":"ListItem","position":1,"name":"Portada","item":"https:\/\/lospoliticosveracruz.com\/"},{"@type":"ListItem","position":2,"name":"\u00a1ECHENLE GANAS!"}]},{"@type":"WebSite","@id":"https:\/\/lospoliticosveracruz.com\/#website","url":"https:\/\/lospoliticosveracruz.com\/","name":"Los pol\u00edticos Veracruz","description":"","publisher":{"@id":"https:\/\/lospoliticosveracruz.com\/#organization"},"potentialAction":[{"@type":"SearchAction","target":{"@type":"EntryPoint","urlTemplate":"https:\/\/lospoliticosveracruz.com\/?s={search_term_string}"},"query-input":{"@type":"PropertyValueSpecification","valueRequired":true,"valueName":"search_term_string"}}],"inLanguage":"es"},{"@type":"Organization","@id":"https:\/\/lospoliticosveracruz.com\/#organization","name":"Los pol\u00edticos Veracruz","url":"https:\/\/lospoliticosveracruz.com\/","logo":{"@type":"ImageObject","inLanguage":"es","@id":"https:\/\/lospoliticosveracruz.com\/#\/schema\/logo\/image\/","url":"https:\/\/lospoliticosveracruz.com\/wp-content\/uploads\/2025\/12\/Logo-Nuevo-LOS-POLITICOS-1.jpg","contentUrl":"https:\/\/lospoliticosveracruz.com\/wp-content\/uploads\/2025\/12\/Logo-Nuevo-LOS-POLITICOS-1.jpg","width":260,"height":70,"caption":"Los pol\u00edticos Veracruz"},"image":{"@id":"https:\/\/lospoliticosveracruz.com\/#\/schema\/logo\/image\/"},"sameAs":["https:\/\/www.facebook.com\/people\/Notimemes-de-los-Polticos\/61565672886568\/","https:\/\/x.com\/LosPoliticosVer"]},{"@type":"Person","@id":"https:\/\/lospoliticosveracruz.com\/#\/schema\/person\/b8702bb0e538456e6efd07080bf2a4a2","name":"Lo viste en Los Pol\u00edticos","image":{"@type":"ImageObject","inLanguage":"es","@id":"https:\/\/secure.gravatar.com\/avatar\/3a8de04a2656d44082be478bd6c086daa447c4651605818287b9532d3d0bd435?s=96&d=mm&r=g","url":"https:\/\/secure.gravatar.com\/avatar\/3a8de04a2656d44082be478bd6c086daa447c4651605818287b9532d3d0bd435?s=96&d=mm&r=g","contentUrl":"https:\/\/secure.gravatar.com\/avatar\/3a8de04a2656d44082be478bd6c086daa447c4651605818287b9532d3d0bd435?s=96&d=mm&r=g","caption":"Lo viste en Los Pol\u00edticos"},"url":"https:\/\/lospoliticosveracruz.com\/?author=2"}]}},"_links":{"self":[{"href":"https:\/\/lospoliticosveracruz.com\/index.php?rest_route=\/wp\/v2\/posts\/106628","targetHints":{"allow":["GET"]}}],"collection":[{"href":"https:\/\/lospoliticosveracruz.com\/index.php?rest_route=\/wp\/v2\/posts"}],"about":[{"href":"https:\/\/lospoliticosveracruz.com\/index.php?rest_route=\/wp\/v2\/types\/post"}],"author":[{"embeddable":true,"href":"https:\/\/lospoliticosveracruz.com\/index.php?rest_route=\/wp\/v2\/users\/2"}],"replies":[{"embeddable":true,"href":"https:\/\/lospoliticosveracruz.com\/index.php?rest_route=%2Fwp%2Fv2%2Fcomments&post=106628"}],"version-history":[{"count":1,"href":"https:\/\/lospoliticosveracruz.com\/index.php?rest_route=\/wp\/v2\/posts\/106628\/revisions"}],"predecessor-version":[{"id":106629,"href":"https:\/\/lospoliticosveracruz.com\/index.php?rest_route=\/wp\/v2\/posts\/106628\/revisions\/106629"}],"wp:attachment":[{"href":"https:\/\/lospoliticosveracruz.com\/index.php?rest_route=%2Fwp%2Fv2%2Fmedia&parent=106628"}],"wp:term":[{"taxonomy":"category","embeddable":true,"href":"https:\/\/lospoliticosveracruz.com\/index.php?rest_route=%2Fwp%2Fv2%2Fcategories&post=106628"},{"taxonomy":"post_tag","embeddable":true,"href":"https:\/\/lospoliticosveracruz.com\/index.php?rest_route=%2Fwp%2Fv2%2Ftags&post=106628"}],"curies":[{"name":"wp","href":"https:\/\/api.w.org\/{rel}","templated":true}]}}