{"id":106730,"date":"2023-06-01T13:16:04","date_gmt":"2023-06-01T18:16:04","guid":{"rendered":"https:\/\/lospoliticosveracruz.com.mx\/?p=106730"},"modified":"2023-06-01T13:16:17","modified_gmt":"2023-06-01T18:16:17","slug":"la-crisis-de-la-pesca-veracruzana","status":"publish","type":"post","link":"https:\/\/lospoliticosveracruz.com\/?p=106730","title":{"rendered":"LA CRISIS DE LA PESCA VERACRUZANA"},"content":{"rendered":"\n<p><strong>Luis Alberto Romero<br><\/strong><em>Hora cero<\/em><\/p>\n\n\n\n<p>Lo ocurrido en los a\u00f1os recientes con la pesca en Veracruz debe llamar la atenci\u00f3n porque se trata de una actividad primaria que genera empleos a miles de personas.<\/p>\n\n\n<div class=\"wp-block-image\">\n<figure class=\"alignleft size-full is-resized\"><a href=\"https:\/\/lospoliticosveracruz.com.mx\/wp-content\/uploads\/2023\/02\/Vinissimo.jpg\"><img loading=\"lazy\" decoding=\"async\" src=\"https:\/\/lospoliticosveracruz.com.mx\/wp-content\/uploads\/2023\/02\/Vinissimo.jpg\" alt=\"\" class=\"wp-image-102752\" width=\"175\" height=\"178\"\/><\/a><\/figure>\n<\/div>\n\n\n<p>De acuerdo con datos de la Comisi\u00f3n Nacional de Acuacultura y Pesca, actualizados a 2021, Veracruz ha registrado una reducci\u00f3n importante en su producci\u00f3n de pesca en peso vivo.<\/p>\n\n\n\n<p>La fuente establece que entre 2015 y 2018, la producci\u00f3n pesquera veracruzana se mantuvo alrededor de las 100 mil toneladas. En 2018, la entidad lleg\u00f3 a 103 mil 913 toneladas, todo un r\u00e9cord.<\/p>\n\n\n\n<p>Sin embargo, al cierre de 2019, la producci\u00f3n pesquera se hab\u00eda desplomado en Veracruz, a tan solo 41 mil 697 toneladas.<\/p>\n\n\n\n<p>En un a\u00f1o, entre 2018 y 2019, la pesca en la entidad perdi\u00f3 m\u00e1s de 65 por ciento.<\/p>\n\n\n\n<p>En 2021, la producci\u00f3n registrada fue de 44 mil 914 toneladas en peso vivo; ello indica un estancamiento en comparaci\u00f3n con la ca\u00edda abrupta de la producci\u00f3n entre 2018 y 2019.<\/p>\n\n\n\n<p>Los cambios m\u00e1s notables se registran en la pesca de osti\u00f3n: la captura en 2018 fue de 22 mil 798 toneladas, con lo que se super\u00f3 la media anual de alrededor de 20 mil 000 toneladas de los a\u00f1os anteriores. Sin embargo, al finalizar 2019, solo se reportaron 7 mil 009 toneladas de pesca de ostiones.<\/p>\n\n\n\n<p>Un panorama muy similar se presenta en el caso de la mojarra: en 2018 se report\u00f3 una captura de 12 mil 386 toneladas, manteniendo una media de 10 mil toneladas en a\u00f1os anteriores. En contraste, durante 2021 solo se produjeron 3 mil 472 toneladas de mojarra.<\/p>\n\n\n\n<p>Este declive en la producci\u00f3n pesquera ha llevado a una disminuci\u00f3n en la participaci\u00f3n porcentual de Veracruz en la producci\u00f3n nacional; la entidad pas\u00f3 del 4.81 por ciento en 2018, a 2.33 en 2021.<\/p>\n\n\n\n<p>Dicho escenario parece estar relacionado m\u00e1s con una reducci\u00f3n dr\u00e1stica en la poblaci\u00f3n de pescadores registrados, que con cambios en la disponibilidad de peces.<\/p>\n\n\n\n<p>En 2018, la poblaci\u00f3n de pescadores veracruzanos ascend\u00eda a 36 mil 003, pero para finales de 2019 esa cifra ya se hab\u00eda reducido a 24 mil 214; y al finalizar 2021, solo se contabilizaban 24 105.<\/p>\n\n\n\n<p>Pero no s\u00f3lo cayeron la producci\u00f3n y el n\u00famero de pescadores, tambi\u00e9n se registr\u00f3 en Veracruz un m\u00ednimo hist\u00f3rico en cuanto al valor de la producci\u00f3n pesquera.<\/p>\n\n\n\n<p>De acuerdo con los datos disponibles, en 2021 el valor de la producci\u00f3n s\u00f3lo alcanz\u00f3 los 973 millones 447 mil pesos, lo cual refleja una ca\u00edda significativa en comparaci\u00f3n con a\u00f1os anteriores: con 2018, por ejemplo, se report\u00f3 un valor de producci\u00f3n de 2 mil 058 millones 995 mil pesos.<\/p>\n\n\n\n<p>En pocas palabras, el valor de la producci\u00f3n pesquera veracruzana se redujo en m\u00e1s de la mitad.<\/p>\n\n\n\n<p>Son datos que provocan preocupaci\u00f3n por la realidad que enfrenta el sector pesquero en Veracruz; la combinaci\u00f3n de una disminuci\u00f3n en la producci\u00f3n en peso vivo; la reducci\u00f3n en el valor econ\u00f3mico de la pesca; y la baja en el n\u00famero de personas que se dedican a esta actividad. @luisromero85<\/p>\n\n\n\n<p><\/p>\n","protected":false},"excerpt":{"rendered":"<p>Luis Alberto RomeroHora cero Lo ocurrido en los a\u00f1os recientes con la pesca en Veracruz debe llamar la atenci\u00f3n porque se trata de una actividad primaria que genera empleos a miles de personas. De acuerdo con datos de la Comisi\u00f3n Nacional de Acuacultura y Pesca, actualizados a 2021, Veracruz ha registrado una reducci\u00f3n importante en [&hellip;]<\/p>\n","protected":false},"author":2,"featured_media":0,"comment_status":"closed","ping_status":"closed","sticky":false,"template":"","format":"standard","meta":{"tdm_status":"","tdm_grid_status":"","footnotes":""},"categories":[70],"tags":[38296,2669,20850],"class_list":{"0":"post-106730","1":"post","2":"type-post","3":"status-publish","4":"format-standard","6":"category-de-opinion","7":"tag-comision-nacional-de-acuacultura","8":"tag-luis-alberto-romero","9":"tag-produccion-pesquera"},"yoast_head":"<!-- This site is optimized with the Yoast SEO plugin v27.4 - https:\/\/yoast.com\/product\/yoast-seo-wordpress\/ -->\n<title>LA CRISIS DE LA PESCA VERACRUZANA - Los pol\u00edticos Veracruz<\/title>\n<meta name=\"robots\" content=\"index, follow, max-snippet:-1, max-image-preview:large, max-video-preview:-1\" \/>\n<link rel=\"canonical\" href=\"https:\/\/lospoliticosveracruz.com\/?p=106730\" \/>\n<meta property=\"og:locale\" content=\"es_ES\" \/>\n<meta property=\"og:type\" content=\"article\" \/>\n<meta property=\"og:title\" content=\"LA CRISIS DE LA PESCA VERACRUZANA - Los pol\u00edticos Veracruz\" \/>\n<meta property=\"og:description\" content=\"Luis Alberto RomeroHora cero Lo ocurrido en los a\u00f1os recientes con la pesca en Veracruz debe llamar la atenci\u00f3n porque se trata de una actividad primaria que genera empleos a miles de personas. De acuerdo con datos de la Comisi\u00f3n Nacional de Acuacultura y Pesca, actualizados a 2021, Veracruz ha registrado una reducci\u00f3n importante en [&hellip;]\" \/>\n<meta property=\"og:url\" content=\"https:\/\/lospoliticosveracruz.com\/?p=106730\" \/>\n<meta property=\"og:site_name\" content=\"Los pol\u00edticos Veracruz\" \/>\n<meta property=\"article:publisher\" content=\"https:\/\/www.facebook.com\/people\/Notimemes-de-los-Polticos\/61565672886568\/\" \/>\n<meta property=\"article:published_time\" content=\"2023-06-01T18:16:04+00:00\" \/>\n<meta property=\"article:modified_time\" content=\"2023-06-01T18:16:17+00:00\" \/>\n<meta property=\"og:image\" content=\"https:\/\/lospoliticosveracruz.com.mx\/wp-content\/uploads\/2023\/02\/Vinissimo.jpg\" \/>\n<meta name=\"author\" content=\"Lo viste en Los Pol\u00edticos\" \/>\n<meta name=\"twitter:card\" content=\"summary_large_image\" \/>\n<meta name=\"twitter:creator\" content=\"@LosPoliticosVer\" \/>\n<meta name=\"twitter:site\" content=\"@LosPoliticosVer\" \/>\n<meta name=\"twitter:label1\" content=\"Escrito por\" \/>\n\t<meta name=\"twitter:data1\" content=\"Lo viste en Los Pol\u00edticos\" \/>\n\t<meta name=\"twitter:label2\" content=\"Tiempo de lectura\" \/>\n\t<meta name=\"twitter:data2\" content=\"3 minutos\" \/>\n<script type=\"application\/ld+json\" class=\"yoast-schema-graph\">{\"@context\":\"https:\\\/\\\/schema.org\",\"@graph\":[{\"@type\":\"Article\",\"@id\":\"https:\\\/\\\/lospoliticosveracruz.com\\\/?p=106730#article\",\"isPartOf\":{\"@id\":\"https:\\\/\\\/lospoliticosveracruz.com\\\/?p=106730\"},\"author\":{\"name\":\"Lo viste en Los Pol\u00edticos\",\"@id\":\"https:\\\/\\\/lospoliticosveracruz.com\\\/#\\\/schema\\\/person\\\/b8702bb0e538456e6efd07080bf2a4a2\"},\"headline\":\"LA CRISIS DE LA PESCA VERACRUZANA\",\"datePublished\":\"2023-06-01T18:16:04+00:00\",\"dateModified\":\"2023-06-01T18:16:17+00:00\",\"mainEntityOfPage\":{\"@id\":\"https:\\\/\\\/lospoliticosveracruz.com\\\/?p=106730\"},\"wordCount\":511,\"publisher\":{\"@id\":\"https:\\\/\\\/lospoliticosveracruz.com\\\/#organization\"},\"image\":{\"@id\":\"https:\\\/\\\/lospoliticosveracruz.com\\\/?p=106730#primaryimage\"},\"thumbnailUrl\":\"https:\\\/\\\/lospoliticosveracruz.com.mx\\\/wp-content\\\/uploads\\\/2023\\\/02\\\/Vinissimo.jpg\",\"keywords\":[\"Comisi\u00f3n Nacional de Acuacultura\",\"Luis Alberto Romero\",\"Producci\u00f3n pesquera\"],\"articleSection\":[\"De Opini\u00f3n\"],\"inLanguage\":\"es\"},{\"@type\":\"WebPage\",\"@id\":\"https:\\\/\\\/lospoliticosveracruz.com\\\/?p=106730\",\"url\":\"https:\\\/\\\/lospoliticosveracruz.com\\\/?p=106730\",\"name\":\"LA CRISIS DE LA PESCA VERACRUZANA - Los pol\u00edticos Veracruz\",\"isPartOf\":{\"@id\":\"https:\\\/\\\/lospoliticosveracruz.com\\\/#website\"},\"primaryImageOfPage\":{\"@id\":\"https:\\\/\\\/lospoliticosveracruz.com\\\/?p=106730#primaryimage\"},\"image\":{\"@id\":\"https:\\\/\\\/lospoliticosveracruz.com\\\/?p=106730#primaryimage\"},\"thumbnailUrl\":\"https:\\\/\\\/lospoliticosveracruz.com.mx\\\/wp-content\\\/uploads\\\/2023\\\/02\\\/Vinissimo.jpg\",\"datePublished\":\"2023-06-01T18:16:04+00:00\",\"dateModified\":\"2023-06-01T18:16:17+00:00\",\"breadcrumb\":{\"@id\":\"https:\\\/\\\/lospoliticosveracruz.com\\\/?p=106730#breadcrumb\"},\"inLanguage\":\"es\",\"potentialAction\":[{\"@type\":\"ReadAction\",\"target\":[\"https:\\\/\\\/lospoliticosveracruz.com\\\/?p=106730\"]}]},{\"@type\":\"ImageObject\",\"inLanguage\":\"es\",\"@id\":\"https:\\\/\\\/lospoliticosveracruz.com\\\/?p=106730#primaryimage\",\"url\":\"https:\\\/\\\/lospoliticosveracruz.com.mx\\\/wp-content\\\/uploads\\\/2023\\\/02\\\/Vinissimo.jpg\",\"contentUrl\":\"https:\\\/\\\/lospoliticosveracruz.com.mx\\\/wp-content\\\/uploads\\\/2023\\\/02\\\/Vinissimo.jpg\"},{\"@type\":\"BreadcrumbList\",\"@id\":\"https:\\\/\\\/lospoliticosveracruz.com\\\/?p=106730#breadcrumb\",\"itemListElement\":[{\"@type\":\"ListItem\",\"position\":1,\"name\":\"Portada\",\"item\":\"https:\\\/\\\/lospoliticosveracruz.com\\\/\"},{\"@type\":\"ListItem\",\"position\":2,\"name\":\"LA CRISIS DE LA PESCA VERACRUZANA\"}]},{\"@type\":\"WebSite\",\"@id\":\"https:\\\/\\\/lospoliticosveracruz.com\\\/#website\",\"url\":\"https:\\\/\\\/lospoliticosveracruz.com\\\/\",\"name\":\"Los pol\u00edticos Veracruz\",\"description\":\"\",\"publisher\":{\"@id\":\"https:\\\/\\\/lospoliticosveracruz.com\\\/#organization\"},\"potentialAction\":[{\"@type\":\"SearchAction\",\"target\":{\"@type\":\"EntryPoint\",\"urlTemplate\":\"https:\\\/\\\/lospoliticosveracruz.com\\\/?s={search_term_string}\"},\"query-input\":{\"@type\":\"PropertyValueSpecification\",\"valueRequired\":true,\"valueName\":\"search_term_string\"}}],\"inLanguage\":\"es\"},{\"@type\":\"Organization\",\"@id\":\"https:\\\/\\\/lospoliticosveracruz.com\\\/#organization\",\"name\":\"Los pol\u00edticos Veracruz\",\"url\":\"https:\\\/\\\/lospoliticosveracruz.com\\\/\",\"logo\":{\"@type\":\"ImageObject\",\"inLanguage\":\"es\",\"@id\":\"https:\\\/\\\/lospoliticosveracruz.com\\\/#\\\/schema\\\/logo\\\/image\\\/\",\"url\":\"https:\\\/\\\/lospoliticosveracruz.com\\\/wp-content\\\/uploads\\\/2025\\\/12\\\/Logo-Nuevo-LOS-POLITICOS-1.jpg\",\"contentUrl\":\"https:\\\/\\\/lospoliticosveracruz.com\\\/wp-content\\\/uploads\\\/2025\\\/12\\\/Logo-Nuevo-LOS-POLITICOS-1.jpg\",\"width\":260,\"height\":70,\"caption\":\"Los pol\u00edticos Veracruz\"},\"image\":{\"@id\":\"https:\\\/\\\/lospoliticosveracruz.com\\\/#\\\/schema\\\/logo\\\/image\\\/\"},\"sameAs\":[\"https:\\\/\\\/www.facebook.com\\\/people\\\/Notimemes-de-los-Polticos\\\/61565672886568\\\/\",\"https:\\\/\\\/x.com\\\/LosPoliticosVer\"]},{\"@type\":\"Person\",\"@id\":\"https:\\\/\\\/lospoliticosveracruz.com\\\/#\\\/schema\\\/person\\\/b8702bb0e538456e6efd07080bf2a4a2\",\"name\":\"Lo viste en Los Pol\u00edticos\",\"image\":{\"@type\":\"ImageObject\",\"inLanguage\":\"es\",\"@id\":\"https:\\\/\\\/secure.gravatar.com\\\/avatar\\\/3a8de04a2656d44082be478bd6c086daa447c4651605818287b9532d3d0bd435?s=96&d=mm&r=g\",\"url\":\"https:\\\/\\\/secure.gravatar.com\\\/avatar\\\/3a8de04a2656d44082be478bd6c086daa447c4651605818287b9532d3d0bd435?s=96&d=mm&r=g\",\"contentUrl\":\"https:\\\/\\\/secure.gravatar.com\\\/avatar\\\/3a8de04a2656d44082be478bd6c086daa447c4651605818287b9532d3d0bd435?s=96&d=mm&r=g\",\"caption\":\"Lo viste en Los Pol\u00edticos\"},\"url\":\"https:\\\/\\\/lospoliticosveracruz.com\\\/?author=2\"}]}<\/script>\n<!-- \/ Yoast SEO plugin. -->","yoast_head_json":{"title":"LA CRISIS DE LA PESCA VERACRUZANA - Los pol\u00edticos Veracruz","robots":{"index":"index","follow":"follow","max-snippet":"max-snippet:-1","max-image-preview":"max-image-preview:large","max-video-preview":"max-video-preview:-1"},"canonical":"https:\/\/lospoliticosveracruz.com\/?p=106730","og_locale":"es_ES","og_type":"article","og_title":"LA CRISIS DE LA PESCA VERACRUZANA - Los pol\u00edticos Veracruz","og_description":"Luis Alberto RomeroHora cero Lo ocurrido en los a\u00f1os recientes con la pesca en Veracruz debe llamar la atenci\u00f3n porque se trata de una actividad primaria que genera empleos a miles de personas. De acuerdo con datos de la Comisi\u00f3n Nacional de Acuacultura y Pesca, actualizados a 2021, Veracruz ha registrado una reducci\u00f3n importante en [&hellip;]","og_url":"https:\/\/lospoliticosveracruz.com\/?p=106730","og_site_name":"Los pol\u00edticos Veracruz","article_publisher":"https:\/\/www.facebook.com\/people\/Notimemes-de-los-Polticos\/61565672886568\/","article_published_time":"2023-06-01T18:16:04+00:00","article_modified_time":"2023-06-01T18:16:17+00:00","og_image":[{"url":"https:\/\/lospoliticosveracruz.com.mx\/wp-content\/uploads\/2023\/02\/Vinissimo.jpg","type":"","width":"","height":""}],"author":"Lo viste en Los Pol\u00edticos","twitter_card":"summary_large_image","twitter_creator":"@LosPoliticosVer","twitter_site":"@LosPoliticosVer","twitter_misc":{"Escrito por":"Lo viste en Los Pol\u00edticos","Tiempo de lectura":"3 minutos"},"schema":{"@context":"https:\/\/schema.org","@graph":[{"@type":"Article","@id":"https:\/\/lospoliticosveracruz.com\/?p=106730#article","isPartOf":{"@id":"https:\/\/lospoliticosveracruz.com\/?p=106730"},"author":{"name":"Lo viste en Los Pol\u00edticos","@id":"https:\/\/lospoliticosveracruz.com\/#\/schema\/person\/b8702bb0e538456e6efd07080bf2a4a2"},"headline":"LA CRISIS DE LA PESCA VERACRUZANA","datePublished":"2023-06-01T18:16:04+00:00","dateModified":"2023-06-01T18:16:17+00:00","mainEntityOfPage":{"@id":"https:\/\/lospoliticosveracruz.com\/?p=106730"},"wordCount":511,"publisher":{"@id":"https:\/\/lospoliticosveracruz.com\/#organization"},"image":{"@id":"https:\/\/lospoliticosveracruz.com\/?p=106730#primaryimage"},"thumbnailUrl":"https:\/\/lospoliticosveracruz.com.mx\/wp-content\/uploads\/2023\/02\/Vinissimo.jpg","keywords":["Comisi\u00f3n Nacional de Acuacultura","Luis Alberto Romero","Producci\u00f3n pesquera"],"articleSection":["De Opini\u00f3n"],"inLanguage":"es"},{"@type":"WebPage","@id":"https:\/\/lospoliticosveracruz.com\/?p=106730","url":"https:\/\/lospoliticosveracruz.com\/?p=106730","name":"LA CRISIS DE LA PESCA VERACRUZANA - Los pol\u00edticos Veracruz","isPartOf":{"@id":"https:\/\/lospoliticosveracruz.com\/#website"},"primaryImageOfPage":{"@id":"https:\/\/lospoliticosveracruz.com\/?p=106730#primaryimage"},"image":{"@id":"https:\/\/lospoliticosveracruz.com\/?p=106730#primaryimage"},"thumbnailUrl":"https:\/\/lospoliticosveracruz.com.mx\/wp-content\/uploads\/2023\/02\/Vinissimo.jpg","datePublished":"2023-06-01T18:16:04+00:00","dateModified":"2023-06-01T18:16:17+00:00","breadcrumb":{"@id":"https:\/\/lospoliticosveracruz.com\/?p=106730#breadcrumb"},"inLanguage":"es","potentialAction":[{"@type":"ReadAction","target":["https:\/\/lospoliticosveracruz.com\/?p=106730"]}]},{"@type":"ImageObject","inLanguage":"es","@id":"https:\/\/lospoliticosveracruz.com\/?p=106730#primaryimage","url":"https:\/\/lospoliticosveracruz.com.mx\/wp-content\/uploads\/2023\/02\/Vinissimo.jpg","contentUrl":"https:\/\/lospoliticosveracruz.com.mx\/wp-content\/uploads\/2023\/02\/Vinissimo.jpg"},{"@type":"BreadcrumbList","@id":"https:\/\/lospoliticosveracruz.com\/?p=106730#breadcrumb","itemListElement":[{"@type":"ListItem","position":1,"name":"Portada","item":"https:\/\/lospoliticosveracruz.com\/"},{"@type":"ListItem","position":2,"name":"LA CRISIS DE LA PESCA VERACRUZANA"}]},{"@type":"WebSite","@id":"https:\/\/lospoliticosveracruz.com\/#website","url":"https:\/\/lospoliticosveracruz.com\/","name":"Los pol\u00edticos Veracruz","description":"","publisher":{"@id":"https:\/\/lospoliticosveracruz.com\/#organization"},"potentialAction":[{"@type":"SearchAction","target":{"@type":"EntryPoint","urlTemplate":"https:\/\/lospoliticosveracruz.com\/?s={search_term_string}"},"query-input":{"@type":"PropertyValueSpecification","valueRequired":true,"valueName":"search_term_string"}}],"inLanguage":"es"},{"@type":"Organization","@id":"https:\/\/lospoliticosveracruz.com\/#organization","name":"Los pol\u00edticos Veracruz","url":"https:\/\/lospoliticosveracruz.com\/","logo":{"@type":"ImageObject","inLanguage":"es","@id":"https:\/\/lospoliticosveracruz.com\/#\/schema\/logo\/image\/","url":"https:\/\/lospoliticosveracruz.com\/wp-content\/uploads\/2025\/12\/Logo-Nuevo-LOS-POLITICOS-1.jpg","contentUrl":"https:\/\/lospoliticosveracruz.com\/wp-content\/uploads\/2025\/12\/Logo-Nuevo-LOS-POLITICOS-1.jpg","width":260,"height":70,"caption":"Los pol\u00edticos Veracruz"},"image":{"@id":"https:\/\/lospoliticosveracruz.com\/#\/schema\/logo\/image\/"},"sameAs":["https:\/\/www.facebook.com\/people\/Notimemes-de-los-Polticos\/61565672886568\/","https:\/\/x.com\/LosPoliticosVer"]},{"@type":"Person","@id":"https:\/\/lospoliticosveracruz.com\/#\/schema\/person\/b8702bb0e538456e6efd07080bf2a4a2","name":"Lo viste en Los Pol\u00edticos","image":{"@type":"ImageObject","inLanguage":"es","@id":"https:\/\/secure.gravatar.com\/avatar\/3a8de04a2656d44082be478bd6c086daa447c4651605818287b9532d3d0bd435?s=96&d=mm&r=g","url":"https:\/\/secure.gravatar.com\/avatar\/3a8de04a2656d44082be478bd6c086daa447c4651605818287b9532d3d0bd435?s=96&d=mm&r=g","contentUrl":"https:\/\/secure.gravatar.com\/avatar\/3a8de04a2656d44082be478bd6c086daa447c4651605818287b9532d3d0bd435?s=96&d=mm&r=g","caption":"Lo viste en Los Pol\u00edticos"},"url":"https:\/\/lospoliticosveracruz.com\/?author=2"}]}},"_links":{"self":[{"href":"https:\/\/lospoliticosveracruz.com\/index.php?rest_route=\/wp\/v2\/posts\/106730","targetHints":{"allow":["GET"]}}],"collection":[{"href":"https:\/\/lospoliticosveracruz.com\/index.php?rest_route=\/wp\/v2\/posts"}],"about":[{"href":"https:\/\/lospoliticosveracruz.com\/index.php?rest_route=\/wp\/v2\/types\/post"}],"author":[{"embeddable":true,"href":"https:\/\/lospoliticosveracruz.com\/index.php?rest_route=\/wp\/v2\/users\/2"}],"replies":[{"embeddable":true,"href":"https:\/\/lospoliticosveracruz.com\/index.php?rest_route=%2Fwp%2Fv2%2Fcomments&post=106730"}],"version-history":[{"count":1,"href":"https:\/\/lospoliticosveracruz.com\/index.php?rest_route=\/wp\/v2\/posts\/106730\/revisions"}],"predecessor-version":[{"id":106732,"href":"https:\/\/lospoliticosveracruz.com\/index.php?rest_route=\/wp\/v2\/posts\/106730\/revisions\/106732"}],"wp:attachment":[{"href":"https:\/\/lospoliticosveracruz.com\/index.php?rest_route=%2Fwp%2Fv2%2Fmedia&parent=106730"}],"wp:term":[{"taxonomy":"category","embeddable":true,"href":"https:\/\/lospoliticosveracruz.com\/index.php?rest_route=%2Fwp%2Fv2%2Fcategories&post=106730"},{"taxonomy":"post_tag","embeddable":true,"href":"https:\/\/lospoliticosveracruz.com\/index.php?rest_route=%2Fwp%2Fv2%2Ftags&post=106730"}],"curies":[{"name":"wp","href":"https:\/\/api.w.org\/{rel}","templated":true}]}}