{"id":106740,"date":"2023-06-01T22:08:24","date_gmt":"2023-06-02T03:08:24","guid":{"rendered":"https:\/\/lospoliticosveracruz.com.mx\/?p=106740"},"modified":"2023-06-01T22:08:29","modified_gmt":"2023-06-02T03:08:29","slug":"emergencia-ambiental","status":"publish","type":"post","link":"https:\/\/lospoliticosveracruz.com\/?p=106740","title":{"rendered":"EMERGENCIA AMBIENTAL"},"content":{"rendered":"\n<p><\/p>\n\n\n\n<p><strong>Enrique Yasser Pompeyo<br><\/strong><em>Mesa de Redacci\u00f3n<\/em><\/p>\n\n\n\n<p>De acuerdo con el World Resource Institute (Instituto de Recursos Mundiales), el estr\u00e9s h\u00eddrico es la relaci\u00f3n entre el consumo y el suministro del agua. En ese sentido, se prev\u00e9 que en nuestro pa\u00eds se experimentar\u00e1n temperaturas que colocar\u00e1n a M\u00e9xico con nivel alto o extremadamente alto para el a\u00f1o 2040.<\/p>\n\n\n\n<figure class=\"wp-block-embed is-type-video is-provider-youtube wp-block-embed-youtube wp-embed-aspect-16-9 wp-has-aspect-ratio\"><div class=\"wp-block-embed__wrapper\">\n<iframe loading=\"lazy\" title=\"Cluster Coworking\" width=\"696\" height=\"392\" src=\"https:\/\/www.youtube.com\/embed\/Nxe-vxf8GuY?feature=oembed\" frameborder=\"0\" allow=\"accelerometer; autoplay; clipboard-write; encrypted-media; gyroscope; picture-in-picture; web-share\" referrerpolicy=\"strict-origin-when-cross-origin\" allowfullscreen><\/iframe>\n<\/div><\/figure>\n\n\n\n<p>En ese contexto, el Colectivo Ciudadano Regi\u00f3n Coatepec ve con preocupaci\u00f3n la falta de una pol\u00edtica ambiental que resguarde eficazmente los patrimonios naturales, que ordene la convivencia entre crecimiento econ\u00f3mico o urbano, que d\u00e9 protecci\u00f3n a la flora y fauna, con la necesidad de dar claridad en la aplicaci\u00f3n de las normas que rigen en relaci\u00f3n con el medio ambiente.<\/p>\n\n\n\n<p>En nuestra regi\u00f3n se hace evidente que se enfrentan problemas de agua, los r\u00edos se secan, las especulaciones inmobiliarias detonan por modificaciones de uso del suelo fuera de cualquier respeto legal, adem\u00e1s de que hay invasi\u00f3n de terrenos en zonas de conservaci\u00f3n y autorizaciones de reactivaci\u00f3n; por ejemplo, de una mina de p\u00e9treos en el predio Las Lajas de la comunidad de Chopantla que se encuentra en una Unidad de Gesti\u00f3n Ambiental del Ordenamiento Ecol\u00f3gico de los municipios conurbados de Xalapa.<\/p>\n\n\n\n<p>Por ello, el Colectivo Ciudadano busca que los distintos \u00f3rdenes de gobierno atiendan los problemas que se generan alrededor de comportamientos sociales e institucionales que, por sus caracter\u00edsticas, no dan posibilidades de contener los deterioros que recibe la naturaleza y se vuelven parte de la emergencia global enmarcada en el calentamiento global y el cambio clim\u00e1tico.<\/p>\n\n\n\n<p>De tal forma que es necesario que la agenda social se vuelva tema central de di\u00e1logo entre los ciudadanos, que involucre a la autoridad y sus acciones se reflejen en resultados favorables para todos.<\/p>\n\n\n\n<p>As\u00ed, el Colectivo Ciudadano Regi\u00f3n Coatepec organiza el Primer Foro por la Emergencia Ambiental y el Cambio Clim\u00e1tico, en un marco de di\u00e1logo entre expertos acerca de estos temas y ciudadanos interesados en conocer y participar en la construcci\u00f3n de soluciones afines a la problem\u00e1tica enfrentada.<\/p>\n\n\n\n<p>El foro se realizar\u00e1 en Coatepec el pr\u00f3ximo 4 de julio a partir de las 09:00 horas, en el Sal\u00f3n Tex\u00edn, ubicado en la salida hacia Xico.<\/p>\n\n\n\n<p>La ponencia magistral estar\u00e1 a cargo de la doctora Lina Pohl Alfaro, quien es representante de la FAO en M\u00e9xico.<\/p>\n\n\n\n<p>Adem\u00e1s, se realizar\u00e1n cuatro mesas de trabajo centradas en los siguientes temas: 1. Agua, vida y sostenibilidad; 2. Tierra, producci\u00f3n, conservaci\u00f3n y ordenamiento urbano; 3. Aire, contaminaci\u00f3n ambiental y cambio clim\u00e1tico; 4. Pol\u00edticas p\u00fablicas y participaci\u00f3n ciudadana.<\/p>\n\n\n\n<p>El foro mostrar\u00e1 los resultados de los trabajos en una relator\u00eda que ser\u00e1 puesta a disposici\u00f3n de manera digital para consulta de los interesados.<\/p>\n\n\n\n<p>Las bases para conocer los detalles y participar en el foro se dar\u00e1n a conocer el pr\u00f3ximo lunes 5 de junio, D\u00eda Mundial del Medio Ambiente en el siguiente enlace: <strong><em><a href=\"https:\/\/www.facebook.com\/ColectivoCiudadanoRegionCoatepec?mibextid=ZbWKwL\">https:\/\/www.facebook.com\/ColectivoCiudadanoRegionCoatepec?mibextid=ZbWKwL<\/a><\/em><\/strong><\/p>\n\n\n\n<p>enriquepompeyo@hotmail.com<\/p>\n","protected":false},"excerpt":{"rendered":"<p>Enrique Yasser PompeyoMesa de Redacci\u00f3n De acuerdo con el World Resource Institute (Instituto de Recursos Mundiales), el estr\u00e9s h\u00eddrico es la relaci\u00f3n entre el consumo y el suministro del agua. En ese sentido, se prev\u00e9 que en nuestro pa\u00eds se experimentar\u00e1n temperaturas que colocar\u00e1n a M\u00e9xico con nivel alto o extremadamente alto para el a\u00f1o [&hellip;]<\/p>\n","protected":false},"author":2,"featured_media":0,"comment_status":"closed","ping_status":"closed","sticky":false,"template":"","format":"standard","meta":{"tdm_status":"","tdm_grid_status":"","footnotes":""},"categories":[70],"tags":[37348,38299,33844,38298],"class_list":{"0":"post-106740","1":"post","2":"type-post","3":"status-publish","4":"format-standard","6":"category-de-opinion","7":"tag-colectivo-ciudadano-region-coatepec","8":"tag-emergencia-ambiental","9":"tag-estres-hidrico","10":"tag-instituto-de-recursos-mundiales"},"yoast_head":"<!-- This site is optimized with the Yoast SEO plugin v27.4 - https:\/\/yoast.com\/product\/yoast-seo-wordpress\/ -->\n<title>EMERGENCIA AMBIENTAL - Los pol\u00edticos Veracruz<\/title>\n<meta name=\"robots\" content=\"index, follow, max-snippet:-1, max-image-preview:large, max-video-preview:-1\" \/>\n<link rel=\"canonical\" href=\"https:\/\/lospoliticosveracruz.com\/?p=106740\" \/>\n<meta property=\"og:locale\" content=\"es_ES\" \/>\n<meta property=\"og:type\" content=\"article\" \/>\n<meta property=\"og:title\" content=\"EMERGENCIA AMBIENTAL - Los pol\u00edticos Veracruz\" \/>\n<meta property=\"og:description\" content=\"Enrique Yasser PompeyoMesa de Redacci\u00f3n De acuerdo con el World Resource Institute (Instituto de Recursos Mundiales), el estr\u00e9s h\u00eddrico es la relaci\u00f3n entre el consumo y el suministro del agua. En ese sentido, se prev\u00e9 que en nuestro pa\u00eds se experimentar\u00e1n temperaturas que colocar\u00e1n a M\u00e9xico con nivel alto o extremadamente alto para el a\u00f1o [&hellip;]\" \/>\n<meta property=\"og:url\" content=\"https:\/\/lospoliticosveracruz.com\/?p=106740\" \/>\n<meta property=\"og:site_name\" content=\"Los pol\u00edticos Veracruz\" \/>\n<meta property=\"article:publisher\" content=\"https:\/\/www.facebook.com\/people\/Notimemes-de-los-Polticos\/61565672886568\/\" \/>\n<meta property=\"article:published_time\" content=\"2023-06-02T03:08:24+00:00\" \/>\n<meta property=\"article:modified_time\" content=\"2023-06-02T03:08:29+00:00\" \/>\n<meta property=\"og:image\" content=\"https:\/\/lospoliticosveracruz.com\/wp-content\/uploads\/2016\/07\/Logo-Dor.jpg\" \/>\n\t<meta property=\"og:image:width\" content=\"200\" \/>\n\t<meta property=\"og:image:height\" content=\"200\" \/>\n\t<meta property=\"og:image:type\" content=\"image\/jpeg\" \/>\n<meta name=\"author\" content=\"Lo viste en Los Pol\u00edticos\" \/>\n<meta name=\"twitter:card\" content=\"summary_large_image\" \/>\n<meta name=\"twitter:creator\" content=\"@LosPoliticosVer\" \/>\n<meta name=\"twitter:site\" content=\"@LosPoliticosVer\" \/>\n<meta name=\"twitter:label1\" content=\"Escrito por\" \/>\n\t<meta name=\"twitter:data1\" content=\"Lo viste en Los Pol\u00edticos\" \/>\n\t<meta name=\"twitter:label2\" content=\"Tiempo de lectura\" \/>\n\t<meta name=\"twitter:data2\" content=\"3 minutos\" \/>\n<script type=\"application\/ld+json\" class=\"yoast-schema-graph\">{\"@context\":\"https:\\\/\\\/schema.org\",\"@graph\":[{\"@type\":\"Article\",\"@id\":\"https:\\\/\\\/lospoliticosveracruz.com\\\/?p=106740#article\",\"isPartOf\":{\"@id\":\"https:\\\/\\\/lospoliticosveracruz.com\\\/?p=106740\"},\"author\":{\"name\":\"Lo viste en Los Pol\u00edticos\",\"@id\":\"https:\\\/\\\/lospoliticosveracruz.com\\\/#\\\/schema\\\/person\\\/b8702bb0e538456e6efd07080bf2a4a2\"},\"headline\":\"EMERGENCIA AMBIENTAL\",\"datePublished\":\"2023-06-02T03:08:24+00:00\",\"dateModified\":\"2023-06-02T03:08:29+00:00\",\"mainEntityOfPage\":{\"@id\":\"https:\\\/\\\/lospoliticosveracruz.com\\\/?p=106740\"},\"wordCount\":532,\"publisher\":{\"@id\":\"https:\\\/\\\/lospoliticosveracruz.com\\\/#organization\"},\"keywords\":[\"Colectivo Ciudadano Regi\u00f3n Coatepec\",\"Emergencia Ambiental\",\"Estr\u00e9s H\u00eddrico\",\"Instituto de Recursos Mundiales\"],\"articleSection\":[\"De Opini\u00f3n\"],\"inLanguage\":\"es\"},{\"@type\":\"WebPage\",\"@id\":\"https:\\\/\\\/lospoliticosveracruz.com\\\/?p=106740\",\"url\":\"https:\\\/\\\/lospoliticosveracruz.com\\\/?p=106740\",\"name\":\"EMERGENCIA AMBIENTAL - Los pol\u00edticos Veracruz\",\"isPartOf\":{\"@id\":\"https:\\\/\\\/lospoliticosveracruz.com\\\/#website\"},\"datePublished\":\"2023-06-02T03:08:24+00:00\",\"dateModified\":\"2023-06-02T03:08:29+00:00\",\"breadcrumb\":{\"@id\":\"https:\\\/\\\/lospoliticosveracruz.com\\\/?p=106740#breadcrumb\"},\"inLanguage\":\"es\",\"potentialAction\":[{\"@type\":\"ReadAction\",\"target\":[\"https:\\\/\\\/lospoliticosveracruz.com\\\/?p=106740\"]}]},{\"@type\":\"BreadcrumbList\",\"@id\":\"https:\\\/\\\/lospoliticosveracruz.com\\\/?p=106740#breadcrumb\",\"itemListElement\":[{\"@type\":\"ListItem\",\"position\":1,\"name\":\"Portada\",\"item\":\"https:\\\/\\\/lospoliticosveracruz.com\\\/\"},{\"@type\":\"ListItem\",\"position\":2,\"name\":\"EMERGENCIA AMBIENTAL\"}]},{\"@type\":\"WebSite\",\"@id\":\"https:\\\/\\\/lospoliticosveracruz.com\\\/#website\",\"url\":\"https:\\\/\\\/lospoliticosveracruz.com\\\/\",\"name\":\"Los pol\u00edticos Veracruz\",\"description\":\"\",\"publisher\":{\"@id\":\"https:\\\/\\\/lospoliticosveracruz.com\\\/#organization\"},\"potentialAction\":[{\"@type\":\"SearchAction\",\"target\":{\"@type\":\"EntryPoint\",\"urlTemplate\":\"https:\\\/\\\/lospoliticosveracruz.com\\\/?s={search_term_string}\"},\"query-input\":{\"@type\":\"PropertyValueSpecification\",\"valueRequired\":true,\"valueName\":\"search_term_string\"}}],\"inLanguage\":\"es\"},{\"@type\":\"Organization\",\"@id\":\"https:\\\/\\\/lospoliticosveracruz.com\\\/#organization\",\"name\":\"Los pol\u00edticos Veracruz\",\"url\":\"https:\\\/\\\/lospoliticosveracruz.com\\\/\",\"logo\":{\"@type\":\"ImageObject\",\"inLanguage\":\"es\",\"@id\":\"https:\\\/\\\/lospoliticosveracruz.com\\\/#\\\/schema\\\/logo\\\/image\\\/\",\"url\":\"https:\\\/\\\/lospoliticosveracruz.com\\\/wp-content\\\/uploads\\\/2025\\\/12\\\/Logo-Nuevo-LOS-POLITICOS-1.jpg\",\"contentUrl\":\"https:\\\/\\\/lospoliticosveracruz.com\\\/wp-content\\\/uploads\\\/2025\\\/12\\\/Logo-Nuevo-LOS-POLITICOS-1.jpg\",\"width\":260,\"height\":70,\"caption\":\"Los pol\u00edticos Veracruz\"},\"image\":{\"@id\":\"https:\\\/\\\/lospoliticosveracruz.com\\\/#\\\/schema\\\/logo\\\/image\\\/\"},\"sameAs\":[\"https:\\\/\\\/www.facebook.com\\\/people\\\/Notimemes-de-los-Polticos\\\/61565672886568\\\/\",\"https:\\\/\\\/x.com\\\/LosPoliticosVer\"]},{\"@type\":\"Person\",\"@id\":\"https:\\\/\\\/lospoliticosveracruz.com\\\/#\\\/schema\\\/person\\\/b8702bb0e538456e6efd07080bf2a4a2\",\"name\":\"Lo viste en Los Pol\u00edticos\",\"image\":{\"@type\":\"ImageObject\",\"inLanguage\":\"es\",\"@id\":\"https:\\\/\\\/secure.gravatar.com\\\/avatar\\\/3a8de04a2656d44082be478bd6c086daa447c4651605818287b9532d3d0bd435?s=96&d=mm&r=g\",\"url\":\"https:\\\/\\\/secure.gravatar.com\\\/avatar\\\/3a8de04a2656d44082be478bd6c086daa447c4651605818287b9532d3d0bd435?s=96&d=mm&r=g\",\"contentUrl\":\"https:\\\/\\\/secure.gravatar.com\\\/avatar\\\/3a8de04a2656d44082be478bd6c086daa447c4651605818287b9532d3d0bd435?s=96&d=mm&r=g\",\"caption\":\"Lo viste en Los Pol\u00edticos\"},\"url\":\"https:\\\/\\\/lospoliticosveracruz.com\\\/?author=2\"}]}<\/script>\n<!-- \/ Yoast SEO plugin. -->","yoast_head_json":{"title":"EMERGENCIA AMBIENTAL - Los pol\u00edticos Veracruz","robots":{"index":"index","follow":"follow","max-snippet":"max-snippet:-1","max-image-preview":"max-image-preview:large","max-video-preview":"max-video-preview:-1"},"canonical":"https:\/\/lospoliticosveracruz.com\/?p=106740","og_locale":"es_ES","og_type":"article","og_title":"EMERGENCIA AMBIENTAL - Los pol\u00edticos Veracruz","og_description":"Enrique Yasser PompeyoMesa de Redacci\u00f3n De acuerdo con el World Resource Institute (Instituto de Recursos Mundiales), el estr\u00e9s h\u00eddrico es la relaci\u00f3n entre el consumo y el suministro del agua. En ese sentido, se prev\u00e9 que en nuestro pa\u00eds se experimentar\u00e1n temperaturas que colocar\u00e1n a M\u00e9xico con nivel alto o extremadamente alto para el a\u00f1o [&hellip;]","og_url":"https:\/\/lospoliticosveracruz.com\/?p=106740","og_site_name":"Los pol\u00edticos Veracruz","article_publisher":"https:\/\/www.facebook.com\/people\/Notimemes-de-los-Polticos\/61565672886568\/","article_published_time":"2023-06-02T03:08:24+00:00","article_modified_time":"2023-06-02T03:08:29+00:00","og_image":[{"width":200,"height":200,"url":"https:\/\/lospoliticosveracruz.com\/wp-content\/uploads\/2016\/07\/Logo-Dor.jpg","type":"image\/jpeg"}],"author":"Lo viste en Los Pol\u00edticos","twitter_card":"summary_large_image","twitter_creator":"@LosPoliticosVer","twitter_site":"@LosPoliticosVer","twitter_misc":{"Escrito por":"Lo viste en Los Pol\u00edticos","Tiempo de lectura":"3 minutos"},"schema":{"@context":"https:\/\/schema.org","@graph":[{"@type":"Article","@id":"https:\/\/lospoliticosveracruz.com\/?p=106740#article","isPartOf":{"@id":"https:\/\/lospoliticosveracruz.com\/?p=106740"},"author":{"name":"Lo viste en Los Pol\u00edticos","@id":"https:\/\/lospoliticosveracruz.com\/#\/schema\/person\/b8702bb0e538456e6efd07080bf2a4a2"},"headline":"EMERGENCIA AMBIENTAL","datePublished":"2023-06-02T03:08:24+00:00","dateModified":"2023-06-02T03:08:29+00:00","mainEntityOfPage":{"@id":"https:\/\/lospoliticosveracruz.com\/?p=106740"},"wordCount":532,"publisher":{"@id":"https:\/\/lospoliticosveracruz.com\/#organization"},"keywords":["Colectivo Ciudadano Regi\u00f3n Coatepec","Emergencia Ambiental","Estr\u00e9s H\u00eddrico","Instituto de Recursos Mundiales"],"articleSection":["De Opini\u00f3n"],"inLanguage":"es"},{"@type":"WebPage","@id":"https:\/\/lospoliticosveracruz.com\/?p=106740","url":"https:\/\/lospoliticosveracruz.com\/?p=106740","name":"EMERGENCIA AMBIENTAL - Los pol\u00edticos Veracruz","isPartOf":{"@id":"https:\/\/lospoliticosveracruz.com\/#website"},"datePublished":"2023-06-02T03:08:24+00:00","dateModified":"2023-06-02T03:08:29+00:00","breadcrumb":{"@id":"https:\/\/lospoliticosveracruz.com\/?p=106740#breadcrumb"},"inLanguage":"es","potentialAction":[{"@type":"ReadAction","target":["https:\/\/lospoliticosveracruz.com\/?p=106740"]}]},{"@type":"BreadcrumbList","@id":"https:\/\/lospoliticosveracruz.com\/?p=106740#breadcrumb","itemListElement":[{"@type":"ListItem","position":1,"name":"Portada","item":"https:\/\/lospoliticosveracruz.com\/"},{"@type":"ListItem","position":2,"name":"EMERGENCIA AMBIENTAL"}]},{"@type":"WebSite","@id":"https:\/\/lospoliticosveracruz.com\/#website","url":"https:\/\/lospoliticosveracruz.com\/","name":"Los pol\u00edticos Veracruz","description":"","publisher":{"@id":"https:\/\/lospoliticosveracruz.com\/#organization"},"potentialAction":[{"@type":"SearchAction","target":{"@type":"EntryPoint","urlTemplate":"https:\/\/lospoliticosveracruz.com\/?s={search_term_string}"},"query-input":{"@type":"PropertyValueSpecification","valueRequired":true,"valueName":"search_term_string"}}],"inLanguage":"es"},{"@type":"Organization","@id":"https:\/\/lospoliticosveracruz.com\/#organization","name":"Los pol\u00edticos Veracruz","url":"https:\/\/lospoliticosveracruz.com\/","logo":{"@type":"ImageObject","inLanguage":"es","@id":"https:\/\/lospoliticosveracruz.com\/#\/schema\/logo\/image\/","url":"https:\/\/lospoliticosveracruz.com\/wp-content\/uploads\/2025\/12\/Logo-Nuevo-LOS-POLITICOS-1.jpg","contentUrl":"https:\/\/lospoliticosveracruz.com\/wp-content\/uploads\/2025\/12\/Logo-Nuevo-LOS-POLITICOS-1.jpg","width":260,"height":70,"caption":"Los pol\u00edticos Veracruz"},"image":{"@id":"https:\/\/lospoliticosveracruz.com\/#\/schema\/logo\/image\/"},"sameAs":["https:\/\/www.facebook.com\/people\/Notimemes-de-los-Polticos\/61565672886568\/","https:\/\/x.com\/LosPoliticosVer"]},{"@type":"Person","@id":"https:\/\/lospoliticosveracruz.com\/#\/schema\/person\/b8702bb0e538456e6efd07080bf2a4a2","name":"Lo viste en Los Pol\u00edticos","image":{"@type":"ImageObject","inLanguage":"es","@id":"https:\/\/secure.gravatar.com\/avatar\/3a8de04a2656d44082be478bd6c086daa447c4651605818287b9532d3d0bd435?s=96&d=mm&r=g","url":"https:\/\/secure.gravatar.com\/avatar\/3a8de04a2656d44082be478bd6c086daa447c4651605818287b9532d3d0bd435?s=96&d=mm&r=g","contentUrl":"https:\/\/secure.gravatar.com\/avatar\/3a8de04a2656d44082be478bd6c086daa447c4651605818287b9532d3d0bd435?s=96&d=mm&r=g","caption":"Lo viste en Los Pol\u00edticos"},"url":"https:\/\/lospoliticosveracruz.com\/?author=2"}]}},"_links":{"self":[{"href":"https:\/\/lospoliticosveracruz.com\/index.php?rest_route=\/wp\/v2\/posts\/106740","targetHints":{"allow":["GET"]}}],"collection":[{"href":"https:\/\/lospoliticosveracruz.com\/index.php?rest_route=\/wp\/v2\/posts"}],"about":[{"href":"https:\/\/lospoliticosveracruz.com\/index.php?rest_route=\/wp\/v2\/types\/post"}],"author":[{"embeddable":true,"href":"https:\/\/lospoliticosveracruz.com\/index.php?rest_route=\/wp\/v2\/users\/2"}],"replies":[{"embeddable":true,"href":"https:\/\/lospoliticosveracruz.com\/index.php?rest_route=%2Fwp%2Fv2%2Fcomments&post=106740"}],"version-history":[{"count":1,"href":"https:\/\/lospoliticosveracruz.com\/index.php?rest_route=\/wp\/v2\/posts\/106740\/revisions"}],"predecessor-version":[{"id":106742,"href":"https:\/\/lospoliticosveracruz.com\/index.php?rest_route=\/wp\/v2\/posts\/106740\/revisions\/106742"}],"wp:attachment":[{"href":"https:\/\/lospoliticosveracruz.com\/index.php?rest_route=%2Fwp%2Fv2%2Fmedia&parent=106740"}],"wp:term":[{"taxonomy":"category","embeddable":true,"href":"https:\/\/lospoliticosveracruz.com\/index.php?rest_route=%2Fwp%2Fv2%2Fcategories&post=106740"},{"taxonomy":"post_tag","embeddable":true,"href":"https:\/\/lospoliticosveracruz.com\/index.php?rest_route=%2Fwp%2Fv2%2Ftags&post=106740"}],"curies":[{"name":"wp","href":"https:\/\/api.w.org\/{rel}","templated":true}]}}