{"id":106746,"date":"2023-06-01T22:47:37","date_gmt":"2023-06-02T03:47:37","guid":{"rendered":"https:\/\/lospoliticosveracruz.com.mx\/?p=106746"},"modified":"2023-06-01T22:47:42","modified_gmt":"2023-06-02T03:47:42","slug":"deberia-existir-relacion-armoniosa-entre-poderes","status":"publish","type":"post","link":"https:\/\/lospoliticosveracruz.com\/?p=106746","title":{"rendered":"DEBER\u00cdA EXISTIR RELACI\u00d3N ARMONIOSA ENTRE PODERES"},"content":{"rendered":"\n<p><strong>Jos\u00e9 Luis Enr\u00edquez Ambell<br><\/strong><em>Caf\u00e9 de Ma\u00f1ana<\/em><\/p>\n\n\n\n<p>\u00abCuando las personas viven en armon\u00eda entre s\u00ed,&nbsp;evitando discutir y pelear, as\u00ed se permanece en paz\u201d.<\/p>\n\n\n\n<p>Las visiones y enfoques diferentes de los actores pol\u00edticos, p\u00fablicos, sociales y financieros en M\u00e9xico, creo y pienso que no deben caer en \u00abla confusi\u00f3n\u00bb y mucho menos en \u00abla confrontaci\u00f3n\u201d.<\/p>\n\n\n\n<figure class=\"wp-block-image size-large\"><a href=\"https:\/\/lospoliticosveracruz.com.mx\/wp-content\/uploads\/2016\/07\/Seguro-Julio-Cerecedo-2.jpg\"><img decoding=\"async\" src=\"https:\/\/lospoliticosveracruz.com.mx\/wp-content\/uploads\/2016\/07\/Seguro-Julio-Cerecedo-2-1024x381.jpg\" alt=\"\" class=\"wp-image-105879\"\/><\/a><\/figure>\n\n\n\n<p>Creo tambi\u00e9n que toda diferencia de \u00f3ptica, entre actores, no debe llevar a confundirles en quienes son sus rivales, adversarios o enemigos. Y muy a pesar que las fronteras entre los tres Poderes de la Uni\u00f3n, as\u00ed como en las entidades federativas es bastante delgada, es lo suficientemente amplia para pasarla, cruzarla o pisar sin el m\u00ednimo respeto.<\/p>\n\n\n\n<p>Las diferencias que se est\u00e1n presentando entre los Poderes de la Uni\u00f3n, no son un buen mensaje para el estado de derecho y la estabilidad social que deben promover y procurar,- como objetivo b\u00e1sico,- las instituciones de la Rep\u00fablica, estados y municipios.<\/p>\n\n\n\n<p>Tengo la creencia que todo el que sea hombre o mujer de poder, debe saber que en todo momento prevalecen las reglas; claras y escritas, y tambi\u00e9n a veces las no escribas, pero siempre que haya caballeros y donde el respeto es la mejor letra, palabra y firma, como buen seguidor de la doctrina de Don Benito Ju\u00e1rez, el Presidente de M\u00e9xico Don Andr\u00e9s Manuel L\u00f3pez Obrador, creo, la serenidad le vendr\u00eda mejor a\u00fan en esta etapa de alta tensi\u00f3n que se vive, pues encabeza el destino de todos, no de una corriente de pensamiento o partido.<\/p>\n\n\n\n<p>Por lo pronto, la Suprema Corte de Justicia de la Naci\u00f3n parece estar bajo el asedio del Poder Ejecutivo y todo el arsenal del Presidente de la Rep\u00fablica y del obradurismo en todas las versiones y expresiones.<\/p>\n\n\n\n<p>Desde la ma\u00f1anera y Congresos federal y estatales en el pa\u00eds, la amenza a los Ministros y Ministras como a jueces y magistrados locales, pareciera seguir\u00e1n bajo manifestaciones, entre violentas y medi\u00e1ticas, pero estar\u00e1n con ataques frente a todos ellos quien sabe hasta cuando.<\/p>\n\n\n\n<p><strong>UN CAF\u00c9 CON DOBLE CARGA<\/strong><\/p>\n\n\n\n<p>El torpedeo al Poder Judicial de parte del Poder Ejecutivo y Legislativo, continuar\u00e1 y adelanta judicializarse el proceso transexenal del 2024, quiz\u00e1 m\u00e1s all\u00e1 de los tiempos legales.<\/p>\n\n\n\n<p><strong>DE SOBREMESA<\/strong><\/p>\n\n\n\n<p>El r\u00e9gimen descansa en la voluntad de millones de votos obtenidos en el 2018 y que a la fecha pareciera no ser igual, sin querer decir que no representa a la ciudadan\u00eda en M\u00e9xico, pero promover que la Corte no es leg\u00edtima por no ser electa en las urnas, no es argumento para justificar las agresiones.<\/p>\n\n\n\n<p><strong>UN CAF\u00c9 PARA LLEVAR<\/strong><\/p>\n\n\n\n<p>Entendiendo a la 4T como una expresi\u00f3n del llamado obradorismo, cimiento que pretende destruir, derribar y modificar a la Suprema Corte, as\u00ed como a algunos de los organismos constitucionalmente aut\u00f3nomos, a toda costa y a cualquier costo, sin una reflexi\u00f3n profunda y seria; resulta contrario a la \u00e9poca y convicci\u00f3n democr\u00e1tica que vive M\u00e9xico en los recientes a\u00f1os.<\/p>\n\n\n\n<p><strong>UN LECHERO LIGHT DIVORCIADO<\/strong><\/p>\n\n\n\n<p>\u00abA veces las funciones de los Poderes de la Uni\u00f3n en M\u00e9xico -seg\u00fan la historia- lleva a disgustos, distanciamientos, incomodidades y diferencias, pero no precisamente al agravio que vulnere el respeto o malos deseos entre ellos\u201d, le o\u00ed decir a mi exjefe Gonzalo Martinez Corbal\u00e1 (QEPD) hombre de izquierda y amplios conceptos de la pol\u00edtica.<\/p>\n\n\n\n<p><strong>CAF\u00c9 DE OLLA CON CANELA Y PANELA<\/strong><\/p>\n\n\n\n<p>Muchas felicidades al portal de noticias cr\u00f3nicadelpoder.com y sus directivos; Felipe Hakim Sim\u00f3n, Francisco Saucedo Ram\u00edrez y Marco Aurelio Gonz\u00e1lez Gama en ocasi\u00f3n de sus primeros XV a\u00f1os de vida entre los medios comunicaci\u00f3n, en momentos de una alta competencia leal y aleccionadora en la digitalizaci\u00f3n de la informaci\u00f3n en todos sus g\u00e9neros.<\/p>\n\n\n\n<p>\u00a1 ES CUANTO !<\/p>\n\n\n\n<p>enriquezambell@gmail.com<\/p>\n","protected":false},"excerpt":{"rendered":"<p>Jos\u00e9 Luis Enr\u00edquez AmbellCaf\u00e9 de Ma\u00f1ana \u00abCuando las personas viven en armon\u00eda entre s\u00ed,&nbsp;evitando discutir y pelear, as\u00ed se permanece en paz\u201d. Las visiones y enfoques diferentes de los actores pol\u00edticos, p\u00fablicos, sociales y financieros en M\u00e9xico, creo y pienso que no deben caer en \u00abla confusi\u00f3n\u00bb y mucho menos en \u00abla confrontaci\u00f3n\u201d. Creo tambi\u00e9n [&hellip;]<\/p>\n","protected":false},"author":2,"featured_media":0,"comment_status":"closed","ping_status":"closed","sticky":false,"template":"","format":"standard","meta":{"tdm_status":"","tdm_grid_status":"","footnotes":""},"categories":[70],"tags":[618,8383,1026,6361],"class_list":{"0":"post-106746","1":"post","2":"type-post","3":"status-publish","4":"format-standard","6":"category-de-opinion","7":"tag-andres-manuel-lopez-obrador","8":"tag-jose-luis-enriquez-ambell","9":"tag-morena","10":"tag-suprema-corte-de-justicia-de-la-nacion"},"yoast_head":"<!-- This site is optimized with the Yoast SEO plugin v27.4 - https:\/\/yoast.com\/product\/yoast-seo-wordpress\/ -->\n<title>DEBER\u00cdA EXISTIR RELACI\u00d3N ARMONIOSA ENTRE PODERES - Los pol\u00edticos Veracruz<\/title>\n<meta name=\"robots\" content=\"index, follow, max-snippet:-1, max-image-preview:large, max-video-preview:-1\" \/>\n<link rel=\"canonical\" href=\"https:\/\/lospoliticosveracruz.com\/?p=106746\" \/>\n<meta property=\"og:locale\" content=\"es_ES\" \/>\n<meta property=\"og:type\" content=\"article\" \/>\n<meta property=\"og:title\" content=\"DEBER\u00cdA EXISTIR RELACI\u00d3N ARMONIOSA ENTRE PODERES - Los pol\u00edticos Veracruz\" \/>\n<meta property=\"og:description\" content=\"Jos\u00e9 Luis Enr\u00edquez AmbellCaf\u00e9 de Ma\u00f1ana \u00abCuando las personas viven en armon\u00eda entre s\u00ed,&nbsp;evitando discutir y pelear, as\u00ed se permanece en paz\u201d. Las visiones y enfoques diferentes de los actores pol\u00edticos, p\u00fablicos, sociales y financieros en M\u00e9xico, creo y pienso que no deben caer en \u00abla confusi\u00f3n\u00bb y mucho menos en \u00abla confrontaci\u00f3n\u201d. Creo tambi\u00e9n [&hellip;]\" \/>\n<meta property=\"og:url\" content=\"https:\/\/lospoliticosveracruz.com\/?p=106746\" \/>\n<meta property=\"og:site_name\" content=\"Los pol\u00edticos Veracruz\" \/>\n<meta property=\"article:publisher\" content=\"https:\/\/www.facebook.com\/people\/Notimemes-de-los-Polticos\/61565672886568\/\" \/>\n<meta property=\"article:published_time\" content=\"2023-06-02T03:47:37+00:00\" \/>\n<meta property=\"article:modified_time\" content=\"2023-06-02T03:47:42+00:00\" \/>\n<meta property=\"og:image\" content=\"https:\/\/lospoliticosveracruz.com.mx\/wp-content\/uploads\/2016\/07\/Seguro-Julio-Cerecedo-2-1024x381.jpg\" \/>\n<meta name=\"author\" content=\"Lo viste en Los Pol\u00edticos\" \/>\n<meta name=\"twitter:card\" content=\"summary_large_image\" \/>\n<meta name=\"twitter:creator\" content=\"@LosPoliticosVer\" \/>\n<meta name=\"twitter:site\" content=\"@LosPoliticosVer\" \/>\n<meta name=\"twitter:label1\" content=\"Escrito por\" \/>\n\t<meta name=\"twitter:data1\" content=\"Lo viste en Los Pol\u00edticos\" \/>\n\t<meta name=\"twitter:label2\" content=\"Tiempo de lectura\" \/>\n\t<meta name=\"twitter:data2\" content=\"3 minutos\" \/>\n<script type=\"application\/ld+json\" class=\"yoast-schema-graph\">{\"@context\":\"https:\\\/\\\/schema.org\",\"@graph\":[{\"@type\":\"Article\",\"@id\":\"https:\\\/\\\/lospoliticosveracruz.com\\\/?p=106746#article\",\"isPartOf\":{\"@id\":\"https:\\\/\\\/lospoliticosveracruz.com\\\/?p=106746\"},\"author\":{\"name\":\"Lo viste en Los Pol\u00edticos\",\"@id\":\"https:\\\/\\\/lospoliticosveracruz.com\\\/#\\\/schema\\\/person\\\/b8702bb0e538456e6efd07080bf2a4a2\"},\"headline\":\"DEBER\u00cdA EXISTIR RELACI\u00d3N ARMONIOSA ENTRE PODERES\",\"datePublished\":\"2023-06-02T03:47:37+00:00\",\"dateModified\":\"2023-06-02T03:47:42+00:00\",\"mainEntityOfPage\":{\"@id\":\"https:\\\/\\\/lospoliticosveracruz.com\\\/?p=106746\"},\"wordCount\":676,\"publisher\":{\"@id\":\"https:\\\/\\\/lospoliticosveracruz.com\\\/#organization\"},\"image\":{\"@id\":\"https:\\\/\\\/lospoliticosveracruz.com\\\/?p=106746#primaryimage\"},\"thumbnailUrl\":\"https:\\\/\\\/lospoliticosveracruz.com.mx\\\/wp-content\\\/uploads\\\/2016\\\/07\\\/Seguro-Julio-Cerecedo-2-1024x381.jpg\",\"keywords\":[\"Andr\u00e9s Manuel L\u00f3pez Obrador\",\"Jos\u00e9 Luis Enr\u00edquez Ambell\",\"Morena\",\"Suprema Corte de Justicia de la Naci\u00f3n\"],\"articleSection\":[\"De Opini\u00f3n\"],\"inLanguage\":\"es\"},{\"@type\":\"WebPage\",\"@id\":\"https:\\\/\\\/lospoliticosveracruz.com\\\/?p=106746\",\"url\":\"https:\\\/\\\/lospoliticosveracruz.com\\\/?p=106746\",\"name\":\"DEBER\u00cdA EXISTIR RELACI\u00d3N ARMONIOSA ENTRE PODERES - Los pol\u00edticos Veracruz\",\"isPartOf\":{\"@id\":\"https:\\\/\\\/lospoliticosveracruz.com\\\/#website\"},\"primaryImageOfPage\":{\"@id\":\"https:\\\/\\\/lospoliticosveracruz.com\\\/?p=106746#primaryimage\"},\"image\":{\"@id\":\"https:\\\/\\\/lospoliticosveracruz.com\\\/?p=106746#primaryimage\"},\"thumbnailUrl\":\"https:\\\/\\\/lospoliticosveracruz.com.mx\\\/wp-content\\\/uploads\\\/2016\\\/07\\\/Seguro-Julio-Cerecedo-2-1024x381.jpg\",\"datePublished\":\"2023-06-02T03:47:37+00:00\",\"dateModified\":\"2023-06-02T03:47:42+00:00\",\"breadcrumb\":{\"@id\":\"https:\\\/\\\/lospoliticosveracruz.com\\\/?p=106746#breadcrumb\"},\"inLanguage\":\"es\",\"potentialAction\":[{\"@type\":\"ReadAction\",\"target\":[\"https:\\\/\\\/lospoliticosveracruz.com\\\/?p=106746\"]}]},{\"@type\":\"ImageObject\",\"inLanguage\":\"es\",\"@id\":\"https:\\\/\\\/lospoliticosveracruz.com\\\/?p=106746#primaryimage\",\"url\":\"https:\\\/\\\/lospoliticosveracruz.com.mx\\\/wp-content\\\/uploads\\\/2016\\\/07\\\/Seguro-Julio-Cerecedo-2-1024x381.jpg\",\"contentUrl\":\"https:\\\/\\\/lospoliticosveracruz.com.mx\\\/wp-content\\\/uploads\\\/2016\\\/07\\\/Seguro-Julio-Cerecedo-2-1024x381.jpg\"},{\"@type\":\"BreadcrumbList\",\"@id\":\"https:\\\/\\\/lospoliticosveracruz.com\\\/?p=106746#breadcrumb\",\"itemListElement\":[{\"@type\":\"ListItem\",\"position\":1,\"name\":\"Portada\",\"item\":\"https:\\\/\\\/lospoliticosveracruz.com\\\/\"},{\"@type\":\"ListItem\",\"position\":2,\"name\":\"DEBER\u00cdA EXISTIR RELACI\u00d3N ARMONIOSA ENTRE PODERES\"}]},{\"@type\":\"WebSite\",\"@id\":\"https:\\\/\\\/lospoliticosveracruz.com\\\/#website\",\"url\":\"https:\\\/\\\/lospoliticosveracruz.com\\\/\",\"name\":\"Los pol\u00edticos Veracruz\",\"description\":\"\",\"publisher\":{\"@id\":\"https:\\\/\\\/lospoliticosveracruz.com\\\/#organization\"},\"potentialAction\":[{\"@type\":\"SearchAction\",\"target\":{\"@type\":\"EntryPoint\",\"urlTemplate\":\"https:\\\/\\\/lospoliticosveracruz.com\\\/?s={search_term_string}\"},\"query-input\":{\"@type\":\"PropertyValueSpecification\",\"valueRequired\":true,\"valueName\":\"search_term_string\"}}],\"inLanguage\":\"es\"},{\"@type\":\"Organization\",\"@id\":\"https:\\\/\\\/lospoliticosveracruz.com\\\/#organization\",\"name\":\"Los pol\u00edticos Veracruz\",\"url\":\"https:\\\/\\\/lospoliticosveracruz.com\\\/\",\"logo\":{\"@type\":\"ImageObject\",\"inLanguage\":\"es\",\"@id\":\"https:\\\/\\\/lospoliticosveracruz.com\\\/#\\\/schema\\\/logo\\\/image\\\/\",\"url\":\"https:\\\/\\\/lospoliticosveracruz.com\\\/wp-content\\\/uploads\\\/2025\\\/12\\\/Logo-Nuevo-LOS-POLITICOS-1.jpg\",\"contentUrl\":\"https:\\\/\\\/lospoliticosveracruz.com\\\/wp-content\\\/uploads\\\/2025\\\/12\\\/Logo-Nuevo-LOS-POLITICOS-1.jpg\",\"width\":260,\"height\":70,\"caption\":\"Los pol\u00edticos Veracruz\"},\"image\":{\"@id\":\"https:\\\/\\\/lospoliticosveracruz.com\\\/#\\\/schema\\\/logo\\\/image\\\/\"},\"sameAs\":[\"https:\\\/\\\/www.facebook.com\\\/people\\\/Notimemes-de-los-Polticos\\\/61565672886568\\\/\",\"https:\\\/\\\/x.com\\\/LosPoliticosVer\"]},{\"@type\":\"Person\",\"@id\":\"https:\\\/\\\/lospoliticosveracruz.com\\\/#\\\/schema\\\/person\\\/b8702bb0e538456e6efd07080bf2a4a2\",\"name\":\"Lo viste en Los Pol\u00edticos\",\"image\":{\"@type\":\"ImageObject\",\"inLanguage\":\"es\",\"@id\":\"https:\\\/\\\/secure.gravatar.com\\\/avatar\\\/3a8de04a2656d44082be478bd6c086daa447c4651605818287b9532d3d0bd435?s=96&d=mm&r=g\",\"url\":\"https:\\\/\\\/secure.gravatar.com\\\/avatar\\\/3a8de04a2656d44082be478bd6c086daa447c4651605818287b9532d3d0bd435?s=96&d=mm&r=g\",\"contentUrl\":\"https:\\\/\\\/secure.gravatar.com\\\/avatar\\\/3a8de04a2656d44082be478bd6c086daa447c4651605818287b9532d3d0bd435?s=96&d=mm&r=g\",\"caption\":\"Lo viste en Los Pol\u00edticos\"},\"url\":\"https:\\\/\\\/lospoliticosveracruz.com\\\/?author=2\"}]}<\/script>\n<!-- \/ Yoast SEO plugin. -->","yoast_head_json":{"title":"DEBER\u00cdA EXISTIR RELACI\u00d3N ARMONIOSA ENTRE PODERES - Los pol\u00edticos Veracruz","robots":{"index":"index","follow":"follow","max-snippet":"max-snippet:-1","max-image-preview":"max-image-preview:large","max-video-preview":"max-video-preview:-1"},"canonical":"https:\/\/lospoliticosveracruz.com\/?p=106746","og_locale":"es_ES","og_type":"article","og_title":"DEBER\u00cdA EXISTIR RELACI\u00d3N ARMONIOSA ENTRE PODERES - Los pol\u00edticos Veracruz","og_description":"Jos\u00e9 Luis Enr\u00edquez AmbellCaf\u00e9 de Ma\u00f1ana \u00abCuando las personas viven en armon\u00eda entre s\u00ed,&nbsp;evitando discutir y pelear, as\u00ed se permanece en paz\u201d. Las visiones y enfoques diferentes de los actores pol\u00edticos, p\u00fablicos, sociales y financieros en M\u00e9xico, creo y pienso que no deben caer en \u00abla confusi\u00f3n\u00bb y mucho menos en \u00abla confrontaci\u00f3n\u201d. Creo tambi\u00e9n [&hellip;]","og_url":"https:\/\/lospoliticosveracruz.com\/?p=106746","og_site_name":"Los pol\u00edticos Veracruz","article_publisher":"https:\/\/www.facebook.com\/people\/Notimemes-de-los-Polticos\/61565672886568\/","article_published_time":"2023-06-02T03:47:37+00:00","article_modified_time":"2023-06-02T03:47:42+00:00","og_image":[{"url":"https:\/\/lospoliticosveracruz.com.mx\/wp-content\/uploads\/2016\/07\/Seguro-Julio-Cerecedo-2-1024x381.jpg","type":"","width":"","height":""}],"author":"Lo viste en Los Pol\u00edticos","twitter_card":"summary_large_image","twitter_creator":"@LosPoliticosVer","twitter_site":"@LosPoliticosVer","twitter_misc":{"Escrito por":"Lo viste en Los Pol\u00edticos","Tiempo de lectura":"3 minutos"},"schema":{"@context":"https:\/\/schema.org","@graph":[{"@type":"Article","@id":"https:\/\/lospoliticosveracruz.com\/?p=106746#article","isPartOf":{"@id":"https:\/\/lospoliticosveracruz.com\/?p=106746"},"author":{"name":"Lo viste en Los Pol\u00edticos","@id":"https:\/\/lospoliticosveracruz.com\/#\/schema\/person\/b8702bb0e538456e6efd07080bf2a4a2"},"headline":"DEBER\u00cdA EXISTIR RELACI\u00d3N ARMONIOSA ENTRE PODERES","datePublished":"2023-06-02T03:47:37+00:00","dateModified":"2023-06-02T03:47:42+00:00","mainEntityOfPage":{"@id":"https:\/\/lospoliticosveracruz.com\/?p=106746"},"wordCount":676,"publisher":{"@id":"https:\/\/lospoliticosveracruz.com\/#organization"},"image":{"@id":"https:\/\/lospoliticosveracruz.com\/?p=106746#primaryimage"},"thumbnailUrl":"https:\/\/lospoliticosveracruz.com.mx\/wp-content\/uploads\/2016\/07\/Seguro-Julio-Cerecedo-2-1024x381.jpg","keywords":["Andr\u00e9s Manuel L\u00f3pez Obrador","Jos\u00e9 Luis Enr\u00edquez Ambell","Morena","Suprema Corte de Justicia de la Naci\u00f3n"],"articleSection":["De Opini\u00f3n"],"inLanguage":"es"},{"@type":"WebPage","@id":"https:\/\/lospoliticosveracruz.com\/?p=106746","url":"https:\/\/lospoliticosveracruz.com\/?p=106746","name":"DEBER\u00cdA EXISTIR RELACI\u00d3N ARMONIOSA ENTRE PODERES - Los pol\u00edticos Veracruz","isPartOf":{"@id":"https:\/\/lospoliticosveracruz.com\/#website"},"primaryImageOfPage":{"@id":"https:\/\/lospoliticosveracruz.com\/?p=106746#primaryimage"},"image":{"@id":"https:\/\/lospoliticosveracruz.com\/?p=106746#primaryimage"},"thumbnailUrl":"https:\/\/lospoliticosveracruz.com.mx\/wp-content\/uploads\/2016\/07\/Seguro-Julio-Cerecedo-2-1024x381.jpg","datePublished":"2023-06-02T03:47:37+00:00","dateModified":"2023-06-02T03:47:42+00:00","breadcrumb":{"@id":"https:\/\/lospoliticosveracruz.com\/?p=106746#breadcrumb"},"inLanguage":"es","potentialAction":[{"@type":"ReadAction","target":["https:\/\/lospoliticosveracruz.com\/?p=106746"]}]},{"@type":"ImageObject","inLanguage":"es","@id":"https:\/\/lospoliticosveracruz.com\/?p=106746#primaryimage","url":"https:\/\/lospoliticosveracruz.com.mx\/wp-content\/uploads\/2016\/07\/Seguro-Julio-Cerecedo-2-1024x381.jpg","contentUrl":"https:\/\/lospoliticosveracruz.com.mx\/wp-content\/uploads\/2016\/07\/Seguro-Julio-Cerecedo-2-1024x381.jpg"},{"@type":"BreadcrumbList","@id":"https:\/\/lospoliticosveracruz.com\/?p=106746#breadcrumb","itemListElement":[{"@type":"ListItem","position":1,"name":"Portada","item":"https:\/\/lospoliticosveracruz.com\/"},{"@type":"ListItem","position":2,"name":"DEBER\u00cdA EXISTIR RELACI\u00d3N ARMONIOSA ENTRE PODERES"}]},{"@type":"WebSite","@id":"https:\/\/lospoliticosveracruz.com\/#website","url":"https:\/\/lospoliticosveracruz.com\/","name":"Los pol\u00edticos Veracruz","description":"","publisher":{"@id":"https:\/\/lospoliticosveracruz.com\/#organization"},"potentialAction":[{"@type":"SearchAction","target":{"@type":"EntryPoint","urlTemplate":"https:\/\/lospoliticosveracruz.com\/?s={search_term_string}"},"query-input":{"@type":"PropertyValueSpecification","valueRequired":true,"valueName":"search_term_string"}}],"inLanguage":"es"},{"@type":"Organization","@id":"https:\/\/lospoliticosveracruz.com\/#organization","name":"Los pol\u00edticos Veracruz","url":"https:\/\/lospoliticosveracruz.com\/","logo":{"@type":"ImageObject","inLanguage":"es","@id":"https:\/\/lospoliticosveracruz.com\/#\/schema\/logo\/image\/","url":"https:\/\/lospoliticosveracruz.com\/wp-content\/uploads\/2025\/12\/Logo-Nuevo-LOS-POLITICOS-1.jpg","contentUrl":"https:\/\/lospoliticosveracruz.com\/wp-content\/uploads\/2025\/12\/Logo-Nuevo-LOS-POLITICOS-1.jpg","width":260,"height":70,"caption":"Los pol\u00edticos Veracruz"},"image":{"@id":"https:\/\/lospoliticosveracruz.com\/#\/schema\/logo\/image\/"},"sameAs":["https:\/\/www.facebook.com\/people\/Notimemes-de-los-Polticos\/61565672886568\/","https:\/\/x.com\/LosPoliticosVer"]},{"@type":"Person","@id":"https:\/\/lospoliticosveracruz.com\/#\/schema\/person\/b8702bb0e538456e6efd07080bf2a4a2","name":"Lo viste en Los Pol\u00edticos","image":{"@type":"ImageObject","inLanguage":"es","@id":"https:\/\/secure.gravatar.com\/avatar\/3a8de04a2656d44082be478bd6c086daa447c4651605818287b9532d3d0bd435?s=96&d=mm&r=g","url":"https:\/\/secure.gravatar.com\/avatar\/3a8de04a2656d44082be478bd6c086daa447c4651605818287b9532d3d0bd435?s=96&d=mm&r=g","contentUrl":"https:\/\/secure.gravatar.com\/avatar\/3a8de04a2656d44082be478bd6c086daa447c4651605818287b9532d3d0bd435?s=96&d=mm&r=g","caption":"Lo viste en Los Pol\u00edticos"},"url":"https:\/\/lospoliticosveracruz.com\/?author=2"}]}},"_links":{"self":[{"href":"https:\/\/lospoliticosveracruz.com\/index.php?rest_route=\/wp\/v2\/posts\/106746","targetHints":{"allow":["GET"]}}],"collection":[{"href":"https:\/\/lospoliticosveracruz.com\/index.php?rest_route=\/wp\/v2\/posts"}],"about":[{"href":"https:\/\/lospoliticosveracruz.com\/index.php?rest_route=\/wp\/v2\/types\/post"}],"author":[{"embeddable":true,"href":"https:\/\/lospoliticosveracruz.com\/index.php?rest_route=\/wp\/v2\/users\/2"}],"replies":[{"embeddable":true,"href":"https:\/\/lospoliticosveracruz.com\/index.php?rest_route=%2Fwp%2Fv2%2Fcomments&post=106746"}],"version-history":[{"count":1,"href":"https:\/\/lospoliticosveracruz.com\/index.php?rest_route=\/wp\/v2\/posts\/106746\/revisions"}],"predecessor-version":[{"id":106747,"href":"https:\/\/lospoliticosveracruz.com\/index.php?rest_route=\/wp\/v2\/posts\/106746\/revisions\/106747"}],"wp:attachment":[{"href":"https:\/\/lospoliticosveracruz.com\/index.php?rest_route=%2Fwp%2Fv2%2Fmedia&parent=106746"}],"wp:term":[{"taxonomy":"category","embeddable":true,"href":"https:\/\/lospoliticosveracruz.com\/index.php?rest_route=%2Fwp%2Fv2%2Fcategories&post=106746"},{"taxonomy":"post_tag","embeddable":true,"href":"https:\/\/lospoliticosveracruz.com\/index.php?rest_route=%2Fwp%2Fv2%2Ftags&post=106746"}],"curies":[{"name":"wp","href":"https:\/\/api.w.org\/{rel}","templated":true}]}}