{"id":106748,"date":"2023-06-02T08:43:43","date_gmt":"2023-06-02T13:43:43","guid":{"rendered":"https:\/\/lospoliticosveracruz.com.mx\/?p=106748"},"modified":"2023-06-02T08:43:47","modified_gmt":"2023-06-02T13:43:47","slug":"el-calendario-presidencial-de-morena","status":"publish","type":"post","link":"https:\/\/lospoliticosveracruz.com\/?p=106748","title":{"rendered":"EL CALENDARIO PRESIDENCIAL DE MORENA\u2026"},"content":{"rendered":"\n<p><\/p>\n\n\n\n<p><strong>Ricardo Chua<br><\/strong><em>Sale y Vale<br><\/em>Seg\u00fan \u00abGarganta Profunda\u00bb el calendario del partido MORENA para la elecci\u00f3n de candidato a la Presidencia de M\u00e9xico\u2026 Viene de la siguiente manera: Del pr\u00f3ximo 8 al 15 de junio de este a\u00f1o, se emite la convocatoria para registro de todos los que ser\u00e1n aspirantes presidenciales por este partido\u2026 Luego viene el 20 de junio, la inscripci\u00f3n de aspirantes\u2026 Y SIGUE..<\/p>\n\n\n<div class=\"wp-block-image\">\n<figure class=\"alignleft size-full is-resized\"><a href=\"https:\/\/lospoliticosveracruz.com.mx\/wp-content\/uploads\/2023\/02\/Vinissimo.jpg\"><img loading=\"lazy\" decoding=\"async\" src=\"https:\/\/lospoliticosveracruz.com.mx\/wp-content\/uploads\/2023\/02\/Vinissimo.jpg\" alt=\"\" class=\"wp-image-102752\" width=\"175\" height=\"178\"\/><\/a><\/figure>\n<\/div>\n\n\n<p>Luego de esas dos fechas viene que del 21 de junio al 21 de julio, se llevar\u00e1 a cabo la primera encuesta nacional de posicionamiento de como est\u00e1n los aspirantes presidenciales.. Despu\u00e9s, el 23 de julio, se van a anunciar estos resultados de la primera encuesta nacional\u2026. Inmediatamente de conocerlos, se va a pasar del 21 de julio al 21 de agosto, para que se haga una segunda encuesta de posicionamiento de los precandidatos de MORENA en todo el pa\u00eds..<\/p>\n\n\n\n<p>Acabado este tr\u00e1mite\u2026 Viene que el 23 de agosto, se dar\u00e1 el anuncio de estos resultados de la segunda encuesta de posicionamiento\u2026 Despu\u00e9s de ello, para evitar \u00e1nimos \u00abcaldeados\u00bb al interior.. Se esperar\u00e1 hasta el Primero de septiembre para que despu\u00e9s del Quinto Informe del Presidente, Andr\u00e9s Manuel L\u00f3pez Obrador, en evento que lleve a cabo con sus simpatizantes y partido MORENA, se har\u00e1 alusi\u00f3n a todos estos resultados de las encuestas\u2026<\/p>\n\n\n\n<p>Para que durante estos meses.. Del 23 de agosto al 23 de noviembre, se lleve a cabo una III encuesta nacional\u2026 Misma que el d\u00eda 25 de noviembre, se har\u00e1 el anuncio de los resultados generales de las tres encuestas realizadas a los precandidatos presidenciales\u2026 Y ah\u00ed pr\u00e1cticamente a finales de noviembre se va a conocer qui\u00e9n ser\u00e1 el candidato Presidencial de este partido pol\u00edtico con el aval de L\u00f3pez Obrador.. Todo estar\u00e1 \u00abplanchado\u00bb..<\/p>\n\n\n\n<p>Lo que no se sabe bien en este momento.. Es cu\u00e1l ser\u00e1 el m\u00e9todo de la encuesta.. Ya que los \u00abaprietes\u00bb entre todos los aspirantes Morenos y Palacio Nacional est\u00e1n ya muy buenos en CDMX.. As\u00ed que en noviembre pr\u00f3ximo se definir\u00e1 el futuro del pa\u00eds, de la continuidad de la 4T\u2026 Y de qui\u00e9n fue la opci\u00f3n de L\u00f3pez Obrador: La incondicional, El Carnal, el hermano o el aliado transitorio.. S\u00f3lo ellos 4: Claudia, Marcelo, Ad\u00e1n Augusto y Monreal.. Los dem\u00e1s no existen..<\/p>\n\n\n\n<p>Pero lo que tambi\u00e9n es un hecho, es que una vez que salga el tema de las \u00abcorcholatas\u00bb Presidenciales\u2026 Se van a ir con el tema de la selecci\u00f3n de los 9 aspirantes a gobernador en los estados del pa\u00eds, donde habr\u00e1 elecciones locales en 2024\u2026 Entre ellos, incluido Veracruz.. La convocatoria para los precandidatos a gobernador, sale en el mes de septiembre y de ah\u00ed arrancan con todo\u2026<\/p>\n\n\n\n<p>Tambi\u00e9n \u00abGarganta Profunda\u00bb puntualiz\u00f3 que las encuestas en Veracruz y en los otros 8 estados donde habr\u00e1 elecciones en 2024, ser\u00e1n los meses de octubre, noviembre y diciembre\u2026 Para que en ese mes, se tenga con certeza qui\u00e9nes ser\u00e1n los aspirantes oficiales de MORENA y tengan tiempo de realizar la \u00abOperaci\u00f3n Cicatriz\u00bb con los personajes que pueden quedar molestos en estas entidades porque no fueron tomados en cuenta\u2026 HA DESENTERRAR LAS \u00abHACHAS\u00bb DE GUERRA..<\/p>\n\n\n\n<p><strong>LO QUE SE SABE DE LAS \u00abCORCHOLATAS\u00bb Y PALACIO NACIONAL..<\/strong> \u00abGarganta Profunda\u00bb advierte que todo apunta que el aspirante elegido como candidato a la Presidencia por MORENA ser\u00e1: Ad\u00e1n Augusto L\u00f3pez Hern\u00e1ndez, secretario de Gobernaci\u00f3n, porque aunque ganen en el Estado de M\u00e9xico.. Claudia Sheinbaum esta muy, pero muy lenta.. Y pues Ad\u00e1n lo traen corriendo en varias cosas.. Por eso, \u00e9l puede ser el \u00abtapado\u00bb de AMLO\u2026<\/p>\n\n\n\n<p>De Marcelo Ebrard se sabe que est\u00e1 descartado por completo.. Se habla que le van a ofrecer una senadur\u00eda para que se quede como l\u00edder de la c\u00e1mara alta del Congreso de la Uni\u00f3n.. Pero \u00abChelo\u00bb anda muy raro, un d\u00eda muy 4T y al otro anda muy Movimiento Ciudadano.. Pero en este momento, lo que es una realidad es que todo el panorama est\u00e1 muy difuso\u2026 Pero la semana que viene que ya sale la convocatoria, se despejaran muchas dudas\u2026<\/p>\n\n\n\n<p>Pero lo real es que Marchello sale muy bien en todas las encuestas y que hasta mejor de lo que lo ponen\u2026 Pero el canciller s\u00f3lo cometi\u00f3 el error de llamarse \u00absucesor\u00bb cuando el Presidente actual, no recib\u00eda a\u00fan su constancia de mayor\u00eda en 2018.. Y se sabe que eso en el \u00abcanon\u00bb pol\u00edtico\u2026 Es tu muerte pol\u00edtica aunado con el video de Pio L\u00f3pez Obrador, que sale a pedir a la gente que se sume a Marcelo\u2026<\/p>\n\n\n\n<p>Marcelo no record\u00f3 que Pio L\u00f3pez Obrador, representa la corrupci\u00f3n e impunidad andante del gobierno de la 4T.. Esto quiere decir que Ebrard seguir\u00e1 \u00abcobijando\u00bb a la corrupci\u00f3n e impunidad para el PAN o PRD.. Si pensaban en hacer alianza con MC y despu\u00e9s del apoyo de P\u00edo con ese video, se le cae toda forma de credibilidad\u2026 Fue una forma de marcarles su \u00abterritorio\u00bb al Presidente.. Pero muy a la mala..<\/p>\n\n\n\n<p>La lectura es decir Marcelo es mio a los dem\u00e1s de parte de AMLO.. Pero al propio Marcelo le dice que no te vas a ir a ning\u00fan lado\u2026 Esta canijo en las encuestas pero por capricho no es.. Y en la \u00abantropolog\u00eda\u00bb Marcelo est\u00e1 en la aceptaci\u00f3n y la de Claudia est\u00e1 en la incertidumbre al igual que Ad\u00e1n Augusto.. Aqu\u00ed el tema es la marca, MORENA es una marca fuerte ya.. Te la quitan y no vales\u2026 El ejemplo fue Ricardo Mejia, \u00e9l hab\u00eda ganado la encuesta, pero decidi\u00f3 irse por PT y nom\u00e1s no\u2026 EL QUE ENTENDI\u00d3, ENTENDI\u00d3\u2026<\/p>\n","protected":false},"excerpt":{"rendered":"<p>Ricardo ChuaSale y ValeSeg\u00fan \u00abGarganta Profunda\u00bb el calendario del partido MORENA para la elecci\u00f3n de candidato a la Presidencia de M\u00e9xico\u2026 Viene de la siguiente manera: Del pr\u00f3ximo 8 al 15 de junio de este a\u00f1o, se emite la convocatoria para registro de todos los que ser\u00e1n aspirantes presidenciales por este partido\u2026 Luego viene el [&hellip;]<\/p>\n","protected":false},"author":2,"featured_media":0,"comment_status":"closed","ping_status":"closed","sticky":false,"template":"","format":"standard","meta":{"tdm_status":"","tdm_grid_status":"","footnotes":""},"categories":[70],"tags":[618,38253,9627,21915,14703,22227,1026,2327],"class_list":{"0":"post-106748","1":"post","2":"type-post","3":"status-publish","4":"format-standard","6":"category-de-opinion","7":"tag-andres-manuel-lopez-obrador","8":"tag-claudia","9":"tag-claudia-sheinbaum","10":"tag-marcelo","11":"tag-marcelo-ebrard","12":"tag-monreal","13":"tag-morena","14":"tag-movimiento-ciudadano"},"yoast_head":"<!-- This site is optimized with the Yoast SEO plugin v27.4 - https:\/\/yoast.com\/product\/yoast-seo-wordpress\/ -->\n<title>EL CALENDARIO PRESIDENCIAL DE MORENA\u2026 - Los pol\u00edticos Veracruz<\/title>\n<meta name=\"robots\" content=\"index, follow, max-snippet:-1, max-image-preview:large, max-video-preview:-1\" \/>\n<link rel=\"canonical\" href=\"https:\/\/lospoliticosveracruz.com\/?p=106748\" \/>\n<meta property=\"og:locale\" content=\"es_ES\" \/>\n<meta property=\"og:type\" content=\"article\" \/>\n<meta property=\"og:title\" content=\"EL CALENDARIO PRESIDENCIAL DE MORENA\u2026 - Los pol\u00edticos Veracruz\" \/>\n<meta property=\"og:description\" content=\"Ricardo ChuaSale y ValeSeg\u00fan \u00abGarganta Profunda\u00bb el calendario del partido MORENA para la elecci\u00f3n de candidato a la Presidencia de M\u00e9xico\u2026 Viene de la siguiente manera: Del pr\u00f3ximo 8 al 15 de junio de este a\u00f1o, se emite la convocatoria para registro de todos los que ser\u00e1n aspirantes presidenciales por este partido\u2026 Luego viene el [&hellip;]\" \/>\n<meta property=\"og:url\" content=\"https:\/\/lospoliticosveracruz.com\/?p=106748\" \/>\n<meta property=\"og:site_name\" content=\"Los pol\u00edticos Veracruz\" \/>\n<meta property=\"article:publisher\" content=\"https:\/\/www.facebook.com\/people\/Notimemes-de-los-Polticos\/61565672886568\/\" \/>\n<meta property=\"article:published_time\" content=\"2023-06-02T13:43:43+00:00\" \/>\n<meta property=\"article:modified_time\" content=\"2023-06-02T13:43:47+00:00\" \/>\n<meta property=\"og:image\" content=\"https:\/\/lospoliticosveracruz.com.mx\/wp-content\/uploads\/2023\/02\/Vinissimo.jpg\" \/>\n<meta name=\"author\" content=\"Lo viste en Los Pol\u00edticos\" \/>\n<meta name=\"twitter:card\" content=\"summary_large_image\" \/>\n<meta name=\"twitter:creator\" content=\"@LosPoliticosVer\" \/>\n<meta name=\"twitter:site\" content=\"@LosPoliticosVer\" \/>\n<meta name=\"twitter:label1\" content=\"Escrito por\" \/>\n\t<meta name=\"twitter:data1\" content=\"Lo viste en Los Pol\u00edticos\" \/>\n\t<meta name=\"twitter:label2\" content=\"Tiempo de lectura\" \/>\n\t<meta name=\"twitter:data2\" content=\"5 minutos\" \/>\n<script type=\"application\/ld+json\" class=\"yoast-schema-graph\">{\"@context\":\"https:\\\/\\\/schema.org\",\"@graph\":[{\"@type\":\"Article\",\"@id\":\"https:\\\/\\\/lospoliticosveracruz.com\\\/?p=106748#article\",\"isPartOf\":{\"@id\":\"https:\\\/\\\/lospoliticosveracruz.com\\\/?p=106748\"},\"author\":{\"name\":\"Lo viste en Los Pol\u00edticos\",\"@id\":\"https:\\\/\\\/lospoliticosveracruz.com\\\/#\\\/schema\\\/person\\\/b8702bb0e538456e6efd07080bf2a4a2\"},\"headline\":\"EL CALENDARIO PRESIDENCIAL DE MORENA\u2026\",\"datePublished\":\"2023-06-02T13:43:43+00:00\",\"dateModified\":\"2023-06-02T13:43:47+00:00\",\"mainEntityOfPage\":{\"@id\":\"https:\\\/\\\/lospoliticosveracruz.com\\\/?p=106748\"},\"wordCount\":976,\"publisher\":{\"@id\":\"https:\\\/\\\/lospoliticosveracruz.com\\\/#organization\"},\"image\":{\"@id\":\"https:\\\/\\\/lospoliticosveracruz.com\\\/?p=106748#primaryimage\"},\"thumbnailUrl\":\"https:\\\/\\\/lospoliticosveracruz.com.mx\\\/wp-content\\\/uploads\\\/2023\\\/02\\\/Vinissimo.jpg\",\"keywords\":[\"Andr\u00e9s Manuel L\u00f3pez Obrador\",\"Claudia\",\"Claudia Sheinbaum\",\"Marcelo\",\"Marcelo Ebrard\",\"Monreal\",\"Morena\",\"Movimiento Ciudadano\"],\"articleSection\":[\"De Opini\u00f3n\"],\"inLanguage\":\"es\"},{\"@type\":\"WebPage\",\"@id\":\"https:\\\/\\\/lospoliticosveracruz.com\\\/?p=106748\",\"url\":\"https:\\\/\\\/lospoliticosveracruz.com\\\/?p=106748\",\"name\":\"EL CALENDARIO PRESIDENCIAL DE MORENA\u2026 - Los pol\u00edticos Veracruz\",\"isPartOf\":{\"@id\":\"https:\\\/\\\/lospoliticosveracruz.com\\\/#website\"},\"primaryImageOfPage\":{\"@id\":\"https:\\\/\\\/lospoliticosveracruz.com\\\/?p=106748#primaryimage\"},\"image\":{\"@id\":\"https:\\\/\\\/lospoliticosveracruz.com\\\/?p=106748#primaryimage\"},\"thumbnailUrl\":\"https:\\\/\\\/lospoliticosveracruz.com.mx\\\/wp-content\\\/uploads\\\/2023\\\/02\\\/Vinissimo.jpg\",\"datePublished\":\"2023-06-02T13:43:43+00:00\",\"dateModified\":\"2023-06-02T13:43:47+00:00\",\"breadcrumb\":{\"@id\":\"https:\\\/\\\/lospoliticosveracruz.com\\\/?p=106748#breadcrumb\"},\"inLanguage\":\"es\",\"potentialAction\":[{\"@type\":\"ReadAction\",\"target\":[\"https:\\\/\\\/lospoliticosveracruz.com\\\/?p=106748\"]}]},{\"@type\":\"ImageObject\",\"inLanguage\":\"es\",\"@id\":\"https:\\\/\\\/lospoliticosveracruz.com\\\/?p=106748#primaryimage\",\"url\":\"https:\\\/\\\/lospoliticosveracruz.com.mx\\\/wp-content\\\/uploads\\\/2023\\\/02\\\/Vinissimo.jpg\",\"contentUrl\":\"https:\\\/\\\/lospoliticosveracruz.com.mx\\\/wp-content\\\/uploads\\\/2023\\\/02\\\/Vinissimo.jpg\"},{\"@type\":\"BreadcrumbList\",\"@id\":\"https:\\\/\\\/lospoliticosveracruz.com\\\/?p=106748#breadcrumb\",\"itemListElement\":[{\"@type\":\"ListItem\",\"position\":1,\"name\":\"Portada\",\"item\":\"https:\\\/\\\/lospoliticosveracruz.com\\\/\"},{\"@type\":\"ListItem\",\"position\":2,\"name\":\"EL CALENDARIO PRESIDENCIAL DE MORENA\u2026\"}]},{\"@type\":\"WebSite\",\"@id\":\"https:\\\/\\\/lospoliticosveracruz.com\\\/#website\",\"url\":\"https:\\\/\\\/lospoliticosveracruz.com\\\/\",\"name\":\"Los pol\u00edticos Veracruz\",\"description\":\"\",\"publisher\":{\"@id\":\"https:\\\/\\\/lospoliticosveracruz.com\\\/#organization\"},\"potentialAction\":[{\"@type\":\"SearchAction\",\"target\":{\"@type\":\"EntryPoint\",\"urlTemplate\":\"https:\\\/\\\/lospoliticosveracruz.com\\\/?s={search_term_string}\"},\"query-input\":{\"@type\":\"PropertyValueSpecification\",\"valueRequired\":true,\"valueName\":\"search_term_string\"}}],\"inLanguage\":\"es\"},{\"@type\":\"Organization\",\"@id\":\"https:\\\/\\\/lospoliticosveracruz.com\\\/#organization\",\"name\":\"Los pol\u00edticos Veracruz\",\"url\":\"https:\\\/\\\/lospoliticosveracruz.com\\\/\",\"logo\":{\"@type\":\"ImageObject\",\"inLanguage\":\"es\",\"@id\":\"https:\\\/\\\/lospoliticosveracruz.com\\\/#\\\/schema\\\/logo\\\/image\\\/\",\"url\":\"https:\\\/\\\/lospoliticosveracruz.com\\\/wp-content\\\/uploads\\\/2025\\\/12\\\/Logo-Nuevo-LOS-POLITICOS-1.jpg\",\"contentUrl\":\"https:\\\/\\\/lospoliticosveracruz.com\\\/wp-content\\\/uploads\\\/2025\\\/12\\\/Logo-Nuevo-LOS-POLITICOS-1.jpg\",\"width\":260,\"height\":70,\"caption\":\"Los pol\u00edticos Veracruz\"},\"image\":{\"@id\":\"https:\\\/\\\/lospoliticosveracruz.com\\\/#\\\/schema\\\/logo\\\/image\\\/\"},\"sameAs\":[\"https:\\\/\\\/www.facebook.com\\\/people\\\/Notimemes-de-los-Polticos\\\/61565672886568\\\/\",\"https:\\\/\\\/x.com\\\/LosPoliticosVer\"]},{\"@type\":\"Person\",\"@id\":\"https:\\\/\\\/lospoliticosveracruz.com\\\/#\\\/schema\\\/person\\\/b8702bb0e538456e6efd07080bf2a4a2\",\"name\":\"Lo viste en Los Pol\u00edticos\",\"image\":{\"@type\":\"ImageObject\",\"inLanguage\":\"es\",\"@id\":\"https:\\\/\\\/secure.gravatar.com\\\/avatar\\\/3a8de04a2656d44082be478bd6c086daa447c4651605818287b9532d3d0bd435?s=96&d=mm&r=g\",\"url\":\"https:\\\/\\\/secure.gravatar.com\\\/avatar\\\/3a8de04a2656d44082be478bd6c086daa447c4651605818287b9532d3d0bd435?s=96&d=mm&r=g\",\"contentUrl\":\"https:\\\/\\\/secure.gravatar.com\\\/avatar\\\/3a8de04a2656d44082be478bd6c086daa447c4651605818287b9532d3d0bd435?s=96&d=mm&r=g\",\"caption\":\"Lo viste en Los Pol\u00edticos\"},\"url\":\"https:\\\/\\\/lospoliticosveracruz.com\\\/?author=2\"}]}<\/script>\n<!-- \/ Yoast SEO plugin. -->","yoast_head_json":{"title":"EL CALENDARIO PRESIDENCIAL DE MORENA\u2026 - Los pol\u00edticos Veracruz","robots":{"index":"index","follow":"follow","max-snippet":"max-snippet:-1","max-image-preview":"max-image-preview:large","max-video-preview":"max-video-preview:-1"},"canonical":"https:\/\/lospoliticosveracruz.com\/?p=106748","og_locale":"es_ES","og_type":"article","og_title":"EL CALENDARIO PRESIDENCIAL DE MORENA\u2026 - Los pol\u00edticos Veracruz","og_description":"Ricardo ChuaSale y ValeSeg\u00fan \u00abGarganta Profunda\u00bb el calendario del partido MORENA para la elecci\u00f3n de candidato a la Presidencia de M\u00e9xico\u2026 Viene de la siguiente manera: Del pr\u00f3ximo 8 al 15 de junio de este a\u00f1o, se emite la convocatoria para registro de todos los que ser\u00e1n aspirantes presidenciales por este partido\u2026 Luego viene el [&hellip;]","og_url":"https:\/\/lospoliticosveracruz.com\/?p=106748","og_site_name":"Los pol\u00edticos Veracruz","article_publisher":"https:\/\/www.facebook.com\/people\/Notimemes-de-los-Polticos\/61565672886568\/","article_published_time":"2023-06-02T13:43:43+00:00","article_modified_time":"2023-06-02T13:43:47+00:00","og_image":[{"url":"https:\/\/lospoliticosveracruz.com.mx\/wp-content\/uploads\/2023\/02\/Vinissimo.jpg","type":"","width":"","height":""}],"author":"Lo viste en Los Pol\u00edticos","twitter_card":"summary_large_image","twitter_creator":"@LosPoliticosVer","twitter_site":"@LosPoliticosVer","twitter_misc":{"Escrito por":"Lo viste en Los Pol\u00edticos","Tiempo de lectura":"5 minutos"},"schema":{"@context":"https:\/\/schema.org","@graph":[{"@type":"Article","@id":"https:\/\/lospoliticosveracruz.com\/?p=106748#article","isPartOf":{"@id":"https:\/\/lospoliticosveracruz.com\/?p=106748"},"author":{"name":"Lo viste en Los Pol\u00edticos","@id":"https:\/\/lospoliticosveracruz.com\/#\/schema\/person\/b8702bb0e538456e6efd07080bf2a4a2"},"headline":"EL CALENDARIO PRESIDENCIAL DE MORENA\u2026","datePublished":"2023-06-02T13:43:43+00:00","dateModified":"2023-06-02T13:43:47+00:00","mainEntityOfPage":{"@id":"https:\/\/lospoliticosveracruz.com\/?p=106748"},"wordCount":976,"publisher":{"@id":"https:\/\/lospoliticosveracruz.com\/#organization"},"image":{"@id":"https:\/\/lospoliticosveracruz.com\/?p=106748#primaryimage"},"thumbnailUrl":"https:\/\/lospoliticosveracruz.com.mx\/wp-content\/uploads\/2023\/02\/Vinissimo.jpg","keywords":["Andr\u00e9s Manuel L\u00f3pez Obrador","Claudia","Claudia Sheinbaum","Marcelo","Marcelo Ebrard","Monreal","Morena","Movimiento Ciudadano"],"articleSection":["De Opini\u00f3n"],"inLanguage":"es"},{"@type":"WebPage","@id":"https:\/\/lospoliticosveracruz.com\/?p=106748","url":"https:\/\/lospoliticosveracruz.com\/?p=106748","name":"EL CALENDARIO PRESIDENCIAL DE MORENA\u2026 - Los pol\u00edticos Veracruz","isPartOf":{"@id":"https:\/\/lospoliticosveracruz.com\/#website"},"primaryImageOfPage":{"@id":"https:\/\/lospoliticosveracruz.com\/?p=106748#primaryimage"},"image":{"@id":"https:\/\/lospoliticosveracruz.com\/?p=106748#primaryimage"},"thumbnailUrl":"https:\/\/lospoliticosveracruz.com.mx\/wp-content\/uploads\/2023\/02\/Vinissimo.jpg","datePublished":"2023-06-02T13:43:43+00:00","dateModified":"2023-06-02T13:43:47+00:00","breadcrumb":{"@id":"https:\/\/lospoliticosveracruz.com\/?p=106748#breadcrumb"},"inLanguage":"es","potentialAction":[{"@type":"ReadAction","target":["https:\/\/lospoliticosveracruz.com\/?p=106748"]}]},{"@type":"ImageObject","inLanguage":"es","@id":"https:\/\/lospoliticosveracruz.com\/?p=106748#primaryimage","url":"https:\/\/lospoliticosveracruz.com.mx\/wp-content\/uploads\/2023\/02\/Vinissimo.jpg","contentUrl":"https:\/\/lospoliticosveracruz.com.mx\/wp-content\/uploads\/2023\/02\/Vinissimo.jpg"},{"@type":"BreadcrumbList","@id":"https:\/\/lospoliticosveracruz.com\/?p=106748#breadcrumb","itemListElement":[{"@type":"ListItem","position":1,"name":"Portada","item":"https:\/\/lospoliticosveracruz.com\/"},{"@type":"ListItem","position":2,"name":"EL CALENDARIO PRESIDENCIAL DE MORENA\u2026"}]},{"@type":"WebSite","@id":"https:\/\/lospoliticosveracruz.com\/#website","url":"https:\/\/lospoliticosveracruz.com\/","name":"Los pol\u00edticos Veracruz","description":"","publisher":{"@id":"https:\/\/lospoliticosveracruz.com\/#organization"},"potentialAction":[{"@type":"SearchAction","target":{"@type":"EntryPoint","urlTemplate":"https:\/\/lospoliticosveracruz.com\/?s={search_term_string}"},"query-input":{"@type":"PropertyValueSpecification","valueRequired":true,"valueName":"search_term_string"}}],"inLanguage":"es"},{"@type":"Organization","@id":"https:\/\/lospoliticosveracruz.com\/#organization","name":"Los pol\u00edticos Veracruz","url":"https:\/\/lospoliticosveracruz.com\/","logo":{"@type":"ImageObject","inLanguage":"es","@id":"https:\/\/lospoliticosveracruz.com\/#\/schema\/logo\/image\/","url":"https:\/\/lospoliticosveracruz.com\/wp-content\/uploads\/2025\/12\/Logo-Nuevo-LOS-POLITICOS-1.jpg","contentUrl":"https:\/\/lospoliticosveracruz.com\/wp-content\/uploads\/2025\/12\/Logo-Nuevo-LOS-POLITICOS-1.jpg","width":260,"height":70,"caption":"Los pol\u00edticos Veracruz"},"image":{"@id":"https:\/\/lospoliticosveracruz.com\/#\/schema\/logo\/image\/"},"sameAs":["https:\/\/www.facebook.com\/people\/Notimemes-de-los-Polticos\/61565672886568\/","https:\/\/x.com\/LosPoliticosVer"]},{"@type":"Person","@id":"https:\/\/lospoliticosveracruz.com\/#\/schema\/person\/b8702bb0e538456e6efd07080bf2a4a2","name":"Lo viste en Los Pol\u00edticos","image":{"@type":"ImageObject","inLanguage":"es","@id":"https:\/\/secure.gravatar.com\/avatar\/3a8de04a2656d44082be478bd6c086daa447c4651605818287b9532d3d0bd435?s=96&d=mm&r=g","url":"https:\/\/secure.gravatar.com\/avatar\/3a8de04a2656d44082be478bd6c086daa447c4651605818287b9532d3d0bd435?s=96&d=mm&r=g","contentUrl":"https:\/\/secure.gravatar.com\/avatar\/3a8de04a2656d44082be478bd6c086daa447c4651605818287b9532d3d0bd435?s=96&d=mm&r=g","caption":"Lo viste en Los Pol\u00edticos"},"url":"https:\/\/lospoliticosveracruz.com\/?author=2"}]}},"_links":{"self":[{"href":"https:\/\/lospoliticosveracruz.com\/index.php?rest_route=\/wp\/v2\/posts\/106748","targetHints":{"allow":["GET"]}}],"collection":[{"href":"https:\/\/lospoliticosveracruz.com\/index.php?rest_route=\/wp\/v2\/posts"}],"about":[{"href":"https:\/\/lospoliticosveracruz.com\/index.php?rest_route=\/wp\/v2\/types\/post"}],"author":[{"embeddable":true,"href":"https:\/\/lospoliticosveracruz.com\/index.php?rest_route=\/wp\/v2\/users\/2"}],"replies":[{"embeddable":true,"href":"https:\/\/lospoliticosveracruz.com\/index.php?rest_route=%2Fwp%2Fv2%2Fcomments&post=106748"}],"version-history":[{"count":1,"href":"https:\/\/lospoliticosveracruz.com\/index.php?rest_route=\/wp\/v2\/posts\/106748\/revisions"}],"predecessor-version":[{"id":106750,"href":"https:\/\/lospoliticosveracruz.com\/index.php?rest_route=\/wp\/v2\/posts\/106748\/revisions\/106750"}],"wp:attachment":[{"href":"https:\/\/lospoliticosveracruz.com\/index.php?rest_route=%2Fwp%2Fv2%2Fmedia&parent=106748"}],"wp:term":[{"taxonomy":"category","embeddable":true,"href":"https:\/\/lospoliticosveracruz.com\/index.php?rest_route=%2Fwp%2Fv2%2Fcategories&post=106748"},{"taxonomy":"post_tag","embeddable":true,"href":"https:\/\/lospoliticosveracruz.com\/index.php?rest_route=%2Fwp%2Fv2%2Ftags&post=106748"}],"curies":[{"name":"wp","href":"https:\/\/api.w.org\/{rel}","templated":true}]}}