{"id":106795,"date":"2023-06-04T15:51:08","date_gmt":"2023-06-04T20:51:08","guid":{"rendered":"https:\/\/lospoliticosveracruz.com.mx\/?p=106795"},"modified":"2023-06-04T15:51:16","modified_gmt":"2023-06-04T20:51:16","slug":"sigan-ejemplo-de-medellin","status":"publish","type":"post","link":"https:\/\/lospoliticosveracruz.com\/?p=106795","title":{"rendered":"SIGAN EJEMPLO DE MEDELL\u00cdN!"},"content":{"rendered":"\n<p><em>Veracruz<\/em><\/p>\n\n\n\n<p>La diputada federal Rosa Mar\u00eda Hern\u00e1ndez Espejo celebr\u00f3 que despu\u00e9s de varios meses de un exhaustivo an\u00e1lisis, el alcalde Marcos Isle\u00f1o Andrade haya tomado la decisi\u00f3n de separar a Medell\u00edn de la sociedad con Grupo M\u00c1S y de hacerse cargo de forma directa del abasto de agua en su municipio.<\/p>\n\n\n\n<p>La legisladora morenista sostuvo que esta determinaci\u00f3n -muy acorde con los principios de la Cuarta Transformaci\u00f3n-, deber\u00eda ser copiada por la alcaldesa de Veracruz, Patricia Lobeira de Yunes, cuyo municipio es el principal socio de la malograda compa\u00f1\u00eda espa\u00f1ola.<\/p>\n\n\n\n<p>Como se sabe, son casi cinco mil denuncias de los usuarios ante la PROFECO en contra de Grupo M\u00c1S.<\/p>\n\n\n\n<p>La mayor\u00eda est\u00e1n sustentadas en la evidente contaminaci\u00f3n del agua potable -la cual llega a los hogares en color caf\u00e9 oscuro-, ademas de elevadas tarifas, cortes y suspensi\u00f3n de servicios y deficiente operaci\u00f3n en los procesos de saneamiento de las aguas residuales.<\/p>\n\n\n\n<p>A decir de la diputada federal Rosa Mar\u00eda Hern\u00e1ndez Espejo, las miles de quejas de los ciudadanos, se suman a la falta de rendici\u00f3n de cuentas por parte de la empresa espa\u00f1ola, la cual, desde que inici\u00f3 operaciones en el 2015, ha incumplido con los compromisos de inversi\u00f3n, que ascienden a 500 millones de pesos anuales.<\/p>\n\n\n\n<p>\u201cYo por eso celebro que el alcalde Marcos Isle\u00f1o haya tomado la decisi\u00f3n de salirse de esa sociedad. Por pl\u00e1ticas que hemos tenido, s\u00e9 muy bien que desde hace varios meses ha venido analizando la forma de salirse sin que haya consecuencias legales y sin que los ciudadanos salgan afectados con el servicio. Con esa decisi\u00f3n est\u00e1 sentando un precedente muy importante y se est\u00e1 dando un paso crucial para beneficio de miles de medellinenses y de veracruzanos en general\u201d, expres\u00f3 la legisladora.<\/p>\n\n\n\n<p>Acciones como \u00e9stas, agreg\u00f3 Hern\u00e1ndez Espejo, demuestran el inter\u00e9s del presidente medellinense por escuchar las demandas de los miles de ciudadanos que diariamente padecen el p\u00e9simo servicio del organismo operador del agua.<\/p>\n","protected":false},"excerpt":{"rendered":"<p>Veracruz La diputada federal Rosa Mar\u00eda Hern\u00e1ndez Espejo celebr\u00f3 que despu\u00e9s de varios meses de un exhaustivo an\u00e1lisis, el alcalde Marcos Isle\u00f1o Andrade haya tomado la decisi\u00f3n de separar a Medell\u00edn de la sociedad con Grupo M\u00c1S y de hacerse cargo de forma directa del abasto de agua en su municipio. La legisladora morenista sostuvo [&hellip;]<\/p>\n","protected":false},"author":2,"featured_media":0,"comment_status":"closed","ping_status":"closed","sticky":false,"template":"","format":"standard","meta":{"tdm_status":"","tdm_grid_status":"","footnotes":""},"categories":[1],"tags":[28048,18727,1026,28226,11900,195],"class_list":{"0":"post-106795","1":"post","2":"type-post","3":"status-publish","4":"format-standard","6":"category-sin-categoria","7":"tag-grupo-mas-2","8":"tag-marcos-isleno-andrade","9":"tag-morena","10":"tag-paty-lobeira-de-yunes","11":"tag-rosa-maria-hernandez-espejo","12":"tag-veracruz"},"yoast_head":"<!-- This site is optimized with the Yoast SEO plugin v27.4 - https:\/\/yoast.com\/product\/yoast-seo-wordpress\/ -->\n<title>SIGAN EJEMPLO DE MEDELL\u00cdN! - Los pol\u00edticos Veracruz<\/title>\n<meta name=\"robots\" content=\"index, follow, max-snippet:-1, max-image-preview:large, max-video-preview:-1\" \/>\n<link rel=\"canonical\" href=\"https:\/\/lospoliticosveracruz.com\/?p=106795\" \/>\n<meta property=\"og:locale\" content=\"es_ES\" \/>\n<meta property=\"og:type\" content=\"article\" \/>\n<meta property=\"og:title\" content=\"SIGAN EJEMPLO DE MEDELL\u00cdN! - Los pol\u00edticos Veracruz\" \/>\n<meta property=\"og:description\" content=\"Veracruz La diputada federal Rosa Mar\u00eda Hern\u00e1ndez Espejo celebr\u00f3 que despu\u00e9s de varios meses de un exhaustivo an\u00e1lisis, el alcalde Marcos Isle\u00f1o Andrade haya tomado la decisi\u00f3n de separar a Medell\u00edn de la sociedad con Grupo M\u00c1S y de hacerse cargo de forma directa del abasto de agua en su municipio. La legisladora morenista sostuvo [&hellip;]\" \/>\n<meta property=\"og:url\" content=\"https:\/\/lospoliticosveracruz.com\/?p=106795\" \/>\n<meta property=\"og:site_name\" content=\"Los pol\u00edticos Veracruz\" \/>\n<meta property=\"article:publisher\" content=\"https:\/\/www.facebook.com\/people\/Notimemes-de-los-Polticos\/61565672886568\/\" \/>\n<meta property=\"article:published_time\" content=\"2023-06-04T20:51:08+00:00\" \/>\n<meta property=\"article:modified_time\" content=\"2023-06-04T20:51:16+00:00\" \/>\n<meta property=\"og:image\" content=\"https:\/\/lospoliticosveracruz.com\/wp-content\/uploads\/2016\/07\/Logo-Dor.jpg\" \/>\n\t<meta property=\"og:image:width\" content=\"200\" \/>\n\t<meta property=\"og:image:height\" content=\"200\" \/>\n\t<meta property=\"og:image:type\" content=\"image\/jpeg\" \/>\n<meta name=\"author\" content=\"Lo viste en Los Pol\u00edticos\" \/>\n<meta name=\"twitter:card\" content=\"summary_large_image\" \/>\n<meta name=\"twitter:creator\" content=\"@LosPoliticosVer\" \/>\n<meta name=\"twitter:site\" content=\"@LosPoliticosVer\" \/>\n<meta name=\"twitter:label1\" content=\"Escrito por\" \/>\n\t<meta name=\"twitter:data1\" content=\"Lo viste en Los Pol\u00edticos\" \/>\n\t<meta name=\"twitter:label2\" content=\"Tiempo de lectura\" \/>\n\t<meta name=\"twitter:data2\" content=\"2 minutos\" \/>\n<script type=\"application\/ld+json\" class=\"yoast-schema-graph\">{\"@context\":\"https:\\\/\\\/schema.org\",\"@graph\":[{\"@type\":\"Article\",\"@id\":\"https:\\\/\\\/lospoliticosveracruz.com\\\/?p=106795#article\",\"isPartOf\":{\"@id\":\"https:\\\/\\\/lospoliticosveracruz.com\\\/?p=106795\"},\"author\":{\"name\":\"Lo viste en Los Pol\u00edticos\",\"@id\":\"https:\\\/\\\/lospoliticosveracruz.com\\\/#\\\/schema\\\/person\\\/b8702bb0e538456e6efd07080bf2a4a2\"},\"headline\":\"SIGAN EJEMPLO DE MEDELL\u00cdN!\",\"datePublished\":\"2023-06-04T20:51:08+00:00\",\"dateModified\":\"2023-06-04T20:51:16+00:00\",\"mainEntityOfPage\":{\"@id\":\"https:\\\/\\\/lospoliticosveracruz.com\\\/?p=106795\"},\"wordCount\":356,\"publisher\":{\"@id\":\"https:\\\/\\\/lospoliticosveracruz.com\\\/#organization\"},\"keywords\":[\"Grupo M\u00e1s\",\"Marcos Isle\u00f1o Andrade\",\"Morena\",\"Paty Lobeira de Yunes\",\"Rosa Mar\u00eda Hern\u00e1ndez Espejo\",\"Veracruz\"],\"inLanguage\":\"es\"},{\"@type\":\"WebPage\",\"@id\":\"https:\\\/\\\/lospoliticosveracruz.com\\\/?p=106795\",\"url\":\"https:\\\/\\\/lospoliticosveracruz.com\\\/?p=106795\",\"name\":\"SIGAN EJEMPLO DE MEDELL\u00cdN! - Los pol\u00edticos Veracruz\",\"isPartOf\":{\"@id\":\"https:\\\/\\\/lospoliticosveracruz.com\\\/#website\"},\"datePublished\":\"2023-06-04T20:51:08+00:00\",\"dateModified\":\"2023-06-04T20:51:16+00:00\",\"breadcrumb\":{\"@id\":\"https:\\\/\\\/lospoliticosveracruz.com\\\/?p=106795#breadcrumb\"},\"inLanguage\":\"es\",\"potentialAction\":[{\"@type\":\"ReadAction\",\"target\":[\"https:\\\/\\\/lospoliticosveracruz.com\\\/?p=106795\"]}]},{\"@type\":\"BreadcrumbList\",\"@id\":\"https:\\\/\\\/lospoliticosveracruz.com\\\/?p=106795#breadcrumb\",\"itemListElement\":[{\"@type\":\"ListItem\",\"position\":1,\"name\":\"Portada\",\"item\":\"https:\\\/\\\/lospoliticosveracruz.com\\\/\"},{\"@type\":\"ListItem\",\"position\":2,\"name\":\"SIGAN EJEMPLO DE MEDELL\u00cdN!\"}]},{\"@type\":\"WebSite\",\"@id\":\"https:\\\/\\\/lospoliticosveracruz.com\\\/#website\",\"url\":\"https:\\\/\\\/lospoliticosveracruz.com\\\/\",\"name\":\"Los pol\u00edticos Veracruz\",\"description\":\"\",\"publisher\":{\"@id\":\"https:\\\/\\\/lospoliticosveracruz.com\\\/#organization\"},\"potentialAction\":[{\"@type\":\"SearchAction\",\"target\":{\"@type\":\"EntryPoint\",\"urlTemplate\":\"https:\\\/\\\/lospoliticosveracruz.com\\\/?s={search_term_string}\"},\"query-input\":{\"@type\":\"PropertyValueSpecification\",\"valueRequired\":true,\"valueName\":\"search_term_string\"}}],\"inLanguage\":\"es\"},{\"@type\":\"Organization\",\"@id\":\"https:\\\/\\\/lospoliticosveracruz.com\\\/#organization\",\"name\":\"Los pol\u00edticos Veracruz\",\"url\":\"https:\\\/\\\/lospoliticosveracruz.com\\\/\",\"logo\":{\"@type\":\"ImageObject\",\"inLanguage\":\"es\",\"@id\":\"https:\\\/\\\/lospoliticosveracruz.com\\\/#\\\/schema\\\/logo\\\/image\\\/\",\"url\":\"https:\\\/\\\/lospoliticosveracruz.com\\\/wp-content\\\/uploads\\\/2025\\\/12\\\/Logo-Nuevo-LOS-POLITICOS-1.jpg\",\"contentUrl\":\"https:\\\/\\\/lospoliticosveracruz.com\\\/wp-content\\\/uploads\\\/2025\\\/12\\\/Logo-Nuevo-LOS-POLITICOS-1.jpg\",\"width\":260,\"height\":70,\"caption\":\"Los pol\u00edticos Veracruz\"},\"image\":{\"@id\":\"https:\\\/\\\/lospoliticosveracruz.com\\\/#\\\/schema\\\/logo\\\/image\\\/\"},\"sameAs\":[\"https:\\\/\\\/www.facebook.com\\\/people\\\/Notimemes-de-los-Polticos\\\/61565672886568\\\/\",\"https:\\\/\\\/x.com\\\/LosPoliticosVer\"]},{\"@type\":\"Person\",\"@id\":\"https:\\\/\\\/lospoliticosveracruz.com\\\/#\\\/schema\\\/person\\\/b8702bb0e538456e6efd07080bf2a4a2\",\"name\":\"Lo viste en Los Pol\u00edticos\",\"image\":{\"@type\":\"ImageObject\",\"inLanguage\":\"es\",\"@id\":\"https:\\\/\\\/secure.gravatar.com\\\/avatar\\\/3a8de04a2656d44082be478bd6c086daa447c4651605818287b9532d3d0bd435?s=96&d=mm&r=g\",\"url\":\"https:\\\/\\\/secure.gravatar.com\\\/avatar\\\/3a8de04a2656d44082be478bd6c086daa447c4651605818287b9532d3d0bd435?s=96&d=mm&r=g\",\"contentUrl\":\"https:\\\/\\\/secure.gravatar.com\\\/avatar\\\/3a8de04a2656d44082be478bd6c086daa447c4651605818287b9532d3d0bd435?s=96&d=mm&r=g\",\"caption\":\"Lo viste en Los Pol\u00edticos\"},\"url\":\"https:\\\/\\\/lospoliticosveracruz.com\\\/?author=2\"}]}<\/script>\n<!-- \/ Yoast SEO plugin. -->","yoast_head_json":{"title":"SIGAN EJEMPLO DE MEDELL\u00cdN! - Los pol\u00edticos Veracruz","robots":{"index":"index","follow":"follow","max-snippet":"max-snippet:-1","max-image-preview":"max-image-preview:large","max-video-preview":"max-video-preview:-1"},"canonical":"https:\/\/lospoliticosveracruz.com\/?p=106795","og_locale":"es_ES","og_type":"article","og_title":"SIGAN EJEMPLO DE MEDELL\u00cdN! - Los pol\u00edticos Veracruz","og_description":"Veracruz La diputada federal Rosa Mar\u00eda Hern\u00e1ndez Espejo celebr\u00f3 que despu\u00e9s de varios meses de un exhaustivo an\u00e1lisis, el alcalde Marcos Isle\u00f1o Andrade haya tomado la decisi\u00f3n de separar a Medell\u00edn de la sociedad con Grupo M\u00c1S y de hacerse cargo de forma directa del abasto de agua en su municipio. La legisladora morenista sostuvo [&hellip;]","og_url":"https:\/\/lospoliticosveracruz.com\/?p=106795","og_site_name":"Los pol\u00edticos Veracruz","article_publisher":"https:\/\/www.facebook.com\/people\/Notimemes-de-los-Polticos\/61565672886568\/","article_published_time":"2023-06-04T20:51:08+00:00","article_modified_time":"2023-06-04T20:51:16+00:00","og_image":[{"width":200,"height":200,"url":"https:\/\/lospoliticosveracruz.com\/wp-content\/uploads\/2016\/07\/Logo-Dor.jpg","type":"image\/jpeg"}],"author":"Lo viste en Los Pol\u00edticos","twitter_card":"summary_large_image","twitter_creator":"@LosPoliticosVer","twitter_site":"@LosPoliticosVer","twitter_misc":{"Escrito por":"Lo viste en Los Pol\u00edticos","Tiempo de lectura":"2 minutos"},"schema":{"@context":"https:\/\/schema.org","@graph":[{"@type":"Article","@id":"https:\/\/lospoliticosveracruz.com\/?p=106795#article","isPartOf":{"@id":"https:\/\/lospoliticosveracruz.com\/?p=106795"},"author":{"name":"Lo viste en Los Pol\u00edticos","@id":"https:\/\/lospoliticosveracruz.com\/#\/schema\/person\/b8702bb0e538456e6efd07080bf2a4a2"},"headline":"SIGAN EJEMPLO DE MEDELL\u00cdN!","datePublished":"2023-06-04T20:51:08+00:00","dateModified":"2023-06-04T20:51:16+00:00","mainEntityOfPage":{"@id":"https:\/\/lospoliticosveracruz.com\/?p=106795"},"wordCount":356,"publisher":{"@id":"https:\/\/lospoliticosveracruz.com\/#organization"},"keywords":["Grupo M\u00e1s","Marcos Isle\u00f1o Andrade","Morena","Paty Lobeira de Yunes","Rosa Mar\u00eda Hern\u00e1ndez Espejo","Veracruz"],"inLanguage":"es"},{"@type":"WebPage","@id":"https:\/\/lospoliticosveracruz.com\/?p=106795","url":"https:\/\/lospoliticosveracruz.com\/?p=106795","name":"SIGAN EJEMPLO DE MEDELL\u00cdN! - Los pol\u00edticos Veracruz","isPartOf":{"@id":"https:\/\/lospoliticosveracruz.com\/#website"},"datePublished":"2023-06-04T20:51:08+00:00","dateModified":"2023-06-04T20:51:16+00:00","breadcrumb":{"@id":"https:\/\/lospoliticosveracruz.com\/?p=106795#breadcrumb"},"inLanguage":"es","potentialAction":[{"@type":"ReadAction","target":["https:\/\/lospoliticosveracruz.com\/?p=106795"]}]},{"@type":"BreadcrumbList","@id":"https:\/\/lospoliticosveracruz.com\/?p=106795#breadcrumb","itemListElement":[{"@type":"ListItem","position":1,"name":"Portada","item":"https:\/\/lospoliticosveracruz.com\/"},{"@type":"ListItem","position":2,"name":"SIGAN EJEMPLO DE MEDELL\u00cdN!"}]},{"@type":"WebSite","@id":"https:\/\/lospoliticosveracruz.com\/#website","url":"https:\/\/lospoliticosveracruz.com\/","name":"Los pol\u00edticos Veracruz","description":"","publisher":{"@id":"https:\/\/lospoliticosveracruz.com\/#organization"},"potentialAction":[{"@type":"SearchAction","target":{"@type":"EntryPoint","urlTemplate":"https:\/\/lospoliticosveracruz.com\/?s={search_term_string}"},"query-input":{"@type":"PropertyValueSpecification","valueRequired":true,"valueName":"search_term_string"}}],"inLanguage":"es"},{"@type":"Organization","@id":"https:\/\/lospoliticosveracruz.com\/#organization","name":"Los pol\u00edticos Veracruz","url":"https:\/\/lospoliticosveracruz.com\/","logo":{"@type":"ImageObject","inLanguage":"es","@id":"https:\/\/lospoliticosveracruz.com\/#\/schema\/logo\/image\/","url":"https:\/\/lospoliticosveracruz.com\/wp-content\/uploads\/2025\/12\/Logo-Nuevo-LOS-POLITICOS-1.jpg","contentUrl":"https:\/\/lospoliticosveracruz.com\/wp-content\/uploads\/2025\/12\/Logo-Nuevo-LOS-POLITICOS-1.jpg","width":260,"height":70,"caption":"Los pol\u00edticos Veracruz"},"image":{"@id":"https:\/\/lospoliticosveracruz.com\/#\/schema\/logo\/image\/"},"sameAs":["https:\/\/www.facebook.com\/people\/Notimemes-de-los-Polticos\/61565672886568\/","https:\/\/x.com\/LosPoliticosVer"]},{"@type":"Person","@id":"https:\/\/lospoliticosveracruz.com\/#\/schema\/person\/b8702bb0e538456e6efd07080bf2a4a2","name":"Lo viste en Los Pol\u00edticos","image":{"@type":"ImageObject","inLanguage":"es","@id":"https:\/\/secure.gravatar.com\/avatar\/3a8de04a2656d44082be478bd6c086daa447c4651605818287b9532d3d0bd435?s=96&d=mm&r=g","url":"https:\/\/secure.gravatar.com\/avatar\/3a8de04a2656d44082be478bd6c086daa447c4651605818287b9532d3d0bd435?s=96&d=mm&r=g","contentUrl":"https:\/\/secure.gravatar.com\/avatar\/3a8de04a2656d44082be478bd6c086daa447c4651605818287b9532d3d0bd435?s=96&d=mm&r=g","caption":"Lo viste en Los Pol\u00edticos"},"url":"https:\/\/lospoliticosveracruz.com\/?author=2"}]}},"_links":{"self":[{"href":"https:\/\/lospoliticosveracruz.com\/index.php?rest_route=\/wp\/v2\/posts\/106795","targetHints":{"allow":["GET"]}}],"collection":[{"href":"https:\/\/lospoliticosveracruz.com\/index.php?rest_route=\/wp\/v2\/posts"}],"about":[{"href":"https:\/\/lospoliticosveracruz.com\/index.php?rest_route=\/wp\/v2\/types\/post"}],"author":[{"embeddable":true,"href":"https:\/\/lospoliticosveracruz.com\/index.php?rest_route=\/wp\/v2\/users\/2"}],"replies":[{"embeddable":true,"href":"https:\/\/lospoliticosveracruz.com\/index.php?rest_route=%2Fwp%2Fv2%2Fcomments&post=106795"}],"version-history":[{"count":1,"href":"https:\/\/lospoliticosveracruz.com\/index.php?rest_route=\/wp\/v2\/posts\/106795\/revisions"}],"predecessor-version":[{"id":106797,"href":"https:\/\/lospoliticosveracruz.com\/index.php?rest_route=\/wp\/v2\/posts\/106795\/revisions\/106797"}],"wp:attachment":[{"href":"https:\/\/lospoliticosveracruz.com\/index.php?rest_route=%2Fwp%2Fv2%2Fmedia&parent=106795"}],"wp:term":[{"taxonomy":"category","embeddable":true,"href":"https:\/\/lospoliticosveracruz.com\/index.php?rest_route=%2Fwp%2Fv2%2Fcategories&post=106795"},{"taxonomy":"post_tag","embeddable":true,"href":"https:\/\/lospoliticosveracruz.com\/index.php?rest_route=%2Fwp%2Fv2%2Ftags&post=106795"}],"curies":[{"name":"wp","href":"https:\/\/api.w.org\/{rel}","templated":true}]}}