{"id":106803,"date":"2023-06-04T20:53:00","date_gmt":"2023-06-05T01:53:00","guid":{"rendered":"https:\/\/lospoliticosveracruz.com.mx\/?p=106803"},"modified":"2023-06-04T20:53:12","modified_gmt":"2023-06-05T01:53:12","slug":"perote-el-impulso-de-delfino-ortega","status":"publish","type":"post","link":"https:\/\/lospoliticosveracruz.com\/?p=106803","title":{"rendered":"PEROTE, EL IMPULSO DE DELFINO ORTEGA"},"content":{"rendered":"\n<p><\/p>\n\n\n\n<p>Perote, el impulso de Delfino Ortega<\/p>\n\n\n\n<p><strong>Enrique Yasser Pompeyo<\/strong><\/p>\n\n\n\n<p><em>Mesa de Redacci\u00f3n<\/em><\/p>\n\n\n\n<p>En a\u00f1o y medio, la actual administraci\u00f3n municipal que encabeza Delfino Ortega Mart\u00ednez ha sentado las bases para construir un Perote m\u00e1s fuerte y din\u00e1mico.<\/p>\n\n\n\n<p>Hace unas semanas, el alcalde hizo un anuncio que marca un antes y un despu\u00e9s en la historia del municipio, lo que reafirma su compromiso de seguir trabajando por el progreso de la comunidad.<\/p>\n\n\n\n<p>La empresa CEMIX realizar\u00e1 una inversi\u00f3n hist\u00f3rica de 120 millones de pesos, que no s\u00f3lo impulsar\u00e1 el progreso local, sino que tambi\u00e9n crear\u00e1 alrededor de 500 empleos directos e indirectos.<\/p>\n\n\n\n<p>La llegada de CEMIX a la ciudad de Perote ha generado alegr\u00eda y satisfacci\u00f3n.<\/p>\n\n\n\n<p>La compa\u00f1\u00eda, reconocida por su compromiso con el medio ambiente y su responsabilidad educativa y social, ha depositado su confianza en el potencial y el futuro de Perote.<\/p>\n\n\n\n<p>De manera que esta asociaci\u00f3n estrat\u00e9gica promete traer consigo una serie de beneficios significativos, tanto para la comunidad como para la econom\u00eda local.<\/p>\n\n\n\n<p>As\u00ed, entre expectativas y entusiasmo, el alcalde Delfino Ortega Mart\u00ednez llev\u00f3 a cabo uno de los banderazos de obra m\u00e1s relevantes del municipio.<\/p>\n\n\n\n<p>El edil estuvo acompa\u00f1ado por H\u00e9ctor Abella Yunes, director general de CEMIX, cuyo liderazgo ha sido fundamental para hacer realidad este proyecto. Tambi\u00e9n se cont\u00f3 con la presencia de Jorge Romero Larios, director de Operaciones de CEMIX, pieza clave en la implementaci\u00f3n de esta inversi\u00f3n de gran envergadura.<\/p>\n\n\n\n<p>Adem\u00e1s, acudi\u00f3 Dorheny Garc\u00eda Cayetano, secretaria del Trabajo, Previsi\u00f3n Social y Productividad de Veracruz, as\u00ed como Salvador Alc\u00e1ntara Sol\u00f3rzano, director para la Atracci\u00f3n de Inversiones de la SEDECOP.<\/p>\n\n\n\n<p>La inversi\u00f3n de CEMIX y el respaldo de destacadas figuras demuestran la confianza en el potencial y la visi\u00f3n compartida de construir un futuro pr\u00f3spero y lleno de oportunidades para todos los perote\u00f1os.<\/p>\n\n\n\n<p>Con este importante anuncio, el alcalde Delfino Ortega Mart\u00ednez posiciona a Perote como un municipio en constante crecimiento y desarrollo.<\/p>\n\n\n\n<p>enriquepompeyo@hotmail.com<\/p>\n","protected":false},"excerpt":{"rendered":"<p>Perote, el impulso de Delfino Ortega Enrique Yasser Pompeyo Mesa de Redacci\u00f3n En a\u00f1o y medio, la actual administraci\u00f3n municipal que encabeza Delfino Ortega Mart\u00ednez ha sentado las bases para construir un Perote m\u00e1s fuerte y din\u00e1mico. Hace unas semanas, el alcalde hizo un anuncio que marca un antes y un despu\u00e9s en la historia [&hellip;]<\/p>\n","protected":false},"author":2,"featured_media":0,"comment_status":"closed","ping_status":"closed","sticky":false,"template":"","format":"standard","meta":{"tdm_status":"","tdm_grid_status":"","footnotes":""},"categories":[70],"tags":[38308,27776,13952,246,148,195],"class_list":{"0":"post-106803","1":"post","2":"type-post","3":"status-publish","4":"format-standard","6":"category-de-opinion","7":"tag-cemix","8":"tag-delfino-ortega-martinez-2","9":"tag-dorheny-garcia-cayetano","10":"tag-pepe-yunes-zorrilla","11":"tag-perote","12":"tag-veracruz"},"yoast_head":"<!-- This site is optimized with the Yoast SEO plugin v27.4 - https:\/\/yoast.com\/product\/yoast-seo-wordpress\/ -->\n<title>PEROTE, EL IMPULSO DE DELFINO ORTEGA - Los pol\u00edticos Veracruz<\/title>\n<meta name=\"robots\" content=\"index, follow, max-snippet:-1, max-image-preview:large, max-video-preview:-1\" \/>\n<link rel=\"canonical\" href=\"https:\/\/lospoliticosveracruz.com\/?p=106803\" \/>\n<meta property=\"og:locale\" content=\"es_ES\" \/>\n<meta property=\"og:type\" content=\"article\" \/>\n<meta property=\"og:title\" content=\"PEROTE, EL IMPULSO DE DELFINO ORTEGA - Los pol\u00edticos Veracruz\" \/>\n<meta property=\"og:description\" content=\"Perote, el impulso de Delfino Ortega Enrique Yasser Pompeyo Mesa de Redacci\u00f3n En a\u00f1o y medio, la actual administraci\u00f3n municipal que encabeza Delfino Ortega Mart\u00ednez ha sentado las bases para construir un Perote m\u00e1s fuerte y din\u00e1mico. Hace unas semanas, el alcalde hizo un anuncio que marca un antes y un despu\u00e9s en la historia [&hellip;]\" \/>\n<meta property=\"og:url\" content=\"https:\/\/lospoliticosveracruz.com\/?p=106803\" \/>\n<meta property=\"og:site_name\" content=\"Los pol\u00edticos Veracruz\" \/>\n<meta property=\"article:publisher\" content=\"https:\/\/www.facebook.com\/people\/Notimemes-de-los-Polticos\/61565672886568\/\" \/>\n<meta property=\"article:published_time\" content=\"2023-06-05T01:53:00+00:00\" \/>\n<meta property=\"article:modified_time\" content=\"2023-06-05T01:53:12+00:00\" \/>\n<meta property=\"og:image\" content=\"https:\/\/lospoliticosveracruz.com\/wp-content\/uploads\/2016\/07\/Logo-Dor.jpg\" \/>\n\t<meta property=\"og:image:width\" content=\"200\" \/>\n\t<meta property=\"og:image:height\" content=\"200\" \/>\n\t<meta property=\"og:image:type\" content=\"image\/jpeg\" \/>\n<meta name=\"author\" content=\"Lo viste en Los Pol\u00edticos\" \/>\n<meta name=\"twitter:card\" content=\"summary_large_image\" \/>\n<meta name=\"twitter:creator\" content=\"@LosPoliticosVer\" \/>\n<meta name=\"twitter:site\" content=\"@LosPoliticosVer\" \/>\n<meta name=\"twitter:label1\" content=\"Escrito por\" \/>\n\t<meta name=\"twitter:data1\" content=\"Lo viste en Los Pol\u00edticos\" \/>\n\t<meta name=\"twitter:label2\" content=\"Tiempo de lectura\" \/>\n\t<meta name=\"twitter:data2\" content=\"2 minutos\" \/>\n<script type=\"application\/ld+json\" class=\"yoast-schema-graph\">{\"@context\":\"https:\\\/\\\/schema.org\",\"@graph\":[{\"@type\":\"Article\",\"@id\":\"https:\\\/\\\/lospoliticosveracruz.com\\\/?p=106803#article\",\"isPartOf\":{\"@id\":\"https:\\\/\\\/lospoliticosveracruz.com\\\/?p=106803\"},\"author\":{\"name\":\"Lo viste en Los Pol\u00edticos\",\"@id\":\"https:\\\/\\\/lospoliticosveracruz.com\\\/#\\\/schema\\\/person\\\/b8702bb0e538456e6efd07080bf2a4a2\"},\"headline\":\"PEROTE, EL IMPULSO DE DELFINO ORTEGA\",\"datePublished\":\"2023-06-05T01:53:00+00:00\",\"dateModified\":\"2023-06-05T01:53:12+00:00\",\"mainEntityOfPage\":{\"@id\":\"https:\\\/\\\/lospoliticosveracruz.com\\\/?p=106803\"},\"wordCount\":360,\"publisher\":{\"@id\":\"https:\\\/\\\/lospoliticosveracruz.com\\\/#organization\"},\"keywords\":[\"Cemix\",\"Delfino Ortega Mart\u00ednez\",\"Dorheny Garc\u00eda Cayetano\",\"Pepe Yunes Zorrilla\",\"Perote\",\"Veracruz\"],\"articleSection\":[\"De Opini\u00f3n\"],\"inLanguage\":\"es\"},{\"@type\":\"WebPage\",\"@id\":\"https:\\\/\\\/lospoliticosveracruz.com\\\/?p=106803\",\"url\":\"https:\\\/\\\/lospoliticosveracruz.com\\\/?p=106803\",\"name\":\"PEROTE, EL IMPULSO DE DELFINO ORTEGA - Los pol\u00edticos Veracruz\",\"isPartOf\":{\"@id\":\"https:\\\/\\\/lospoliticosveracruz.com\\\/#website\"},\"datePublished\":\"2023-06-05T01:53:00+00:00\",\"dateModified\":\"2023-06-05T01:53:12+00:00\",\"breadcrumb\":{\"@id\":\"https:\\\/\\\/lospoliticosveracruz.com\\\/?p=106803#breadcrumb\"},\"inLanguage\":\"es\",\"potentialAction\":[{\"@type\":\"ReadAction\",\"target\":[\"https:\\\/\\\/lospoliticosveracruz.com\\\/?p=106803\"]}]},{\"@type\":\"BreadcrumbList\",\"@id\":\"https:\\\/\\\/lospoliticosveracruz.com\\\/?p=106803#breadcrumb\",\"itemListElement\":[{\"@type\":\"ListItem\",\"position\":1,\"name\":\"Portada\",\"item\":\"https:\\\/\\\/lospoliticosveracruz.com\\\/\"},{\"@type\":\"ListItem\",\"position\":2,\"name\":\"PEROTE, EL IMPULSO DE DELFINO ORTEGA\"}]},{\"@type\":\"WebSite\",\"@id\":\"https:\\\/\\\/lospoliticosveracruz.com\\\/#website\",\"url\":\"https:\\\/\\\/lospoliticosveracruz.com\\\/\",\"name\":\"Los pol\u00edticos Veracruz\",\"description\":\"\",\"publisher\":{\"@id\":\"https:\\\/\\\/lospoliticosveracruz.com\\\/#organization\"},\"potentialAction\":[{\"@type\":\"SearchAction\",\"target\":{\"@type\":\"EntryPoint\",\"urlTemplate\":\"https:\\\/\\\/lospoliticosveracruz.com\\\/?s={search_term_string}\"},\"query-input\":{\"@type\":\"PropertyValueSpecification\",\"valueRequired\":true,\"valueName\":\"search_term_string\"}}],\"inLanguage\":\"es\"},{\"@type\":\"Organization\",\"@id\":\"https:\\\/\\\/lospoliticosveracruz.com\\\/#organization\",\"name\":\"Los pol\u00edticos Veracruz\",\"url\":\"https:\\\/\\\/lospoliticosveracruz.com\\\/\",\"logo\":{\"@type\":\"ImageObject\",\"inLanguage\":\"es\",\"@id\":\"https:\\\/\\\/lospoliticosveracruz.com\\\/#\\\/schema\\\/logo\\\/image\\\/\",\"url\":\"https:\\\/\\\/lospoliticosveracruz.com\\\/wp-content\\\/uploads\\\/2025\\\/12\\\/Logo-Nuevo-LOS-POLITICOS-1.jpg\",\"contentUrl\":\"https:\\\/\\\/lospoliticosveracruz.com\\\/wp-content\\\/uploads\\\/2025\\\/12\\\/Logo-Nuevo-LOS-POLITICOS-1.jpg\",\"width\":260,\"height\":70,\"caption\":\"Los pol\u00edticos Veracruz\"},\"image\":{\"@id\":\"https:\\\/\\\/lospoliticosveracruz.com\\\/#\\\/schema\\\/logo\\\/image\\\/\"},\"sameAs\":[\"https:\\\/\\\/www.facebook.com\\\/people\\\/Notimemes-de-los-Polticos\\\/61565672886568\\\/\",\"https:\\\/\\\/x.com\\\/LosPoliticosVer\"]},{\"@type\":\"Person\",\"@id\":\"https:\\\/\\\/lospoliticosveracruz.com\\\/#\\\/schema\\\/person\\\/b8702bb0e538456e6efd07080bf2a4a2\",\"name\":\"Lo viste en Los Pol\u00edticos\",\"image\":{\"@type\":\"ImageObject\",\"inLanguage\":\"es\",\"@id\":\"https:\\\/\\\/secure.gravatar.com\\\/avatar\\\/3a8de04a2656d44082be478bd6c086daa447c4651605818287b9532d3d0bd435?s=96&d=mm&r=g\",\"url\":\"https:\\\/\\\/secure.gravatar.com\\\/avatar\\\/3a8de04a2656d44082be478bd6c086daa447c4651605818287b9532d3d0bd435?s=96&d=mm&r=g\",\"contentUrl\":\"https:\\\/\\\/secure.gravatar.com\\\/avatar\\\/3a8de04a2656d44082be478bd6c086daa447c4651605818287b9532d3d0bd435?s=96&d=mm&r=g\",\"caption\":\"Lo viste en Los Pol\u00edticos\"},\"url\":\"https:\\\/\\\/lospoliticosveracruz.com\\\/?author=2\"}]}<\/script>\n<!-- \/ Yoast SEO plugin. -->","yoast_head_json":{"title":"PEROTE, EL IMPULSO DE DELFINO ORTEGA - Los pol\u00edticos Veracruz","robots":{"index":"index","follow":"follow","max-snippet":"max-snippet:-1","max-image-preview":"max-image-preview:large","max-video-preview":"max-video-preview:-1"},"canonical":"https:\/\/lospoliticosveracruz.com\/?p=106803","og_locale":"es_ES","og_type":"article","og_title":"PEROTE, EL IMPULSO DE DELFINO ORTEGA - Los pol\u00edticos Veracruz","og_description":"Perote, el impulso de Delfino Ortega Enrique Yasser Pompeyo Mesa de Redacci\u00f3n En a\u00f1o y medio, la actual administraci\u00f3n municipal que encabeza Delfino Ortega Mart\u00ednez ha sentado las bases para construir un Perote m\u00e1s fuerte y din\u00e1mico. Hace unas semanas, el alcalde hizo un anuncio que marca un antes y un despu\u00e9s en la historia [&hellip;]","og_url":"https:\/\/lospoliticosveracruz.com\/?p=106803","og_site_name":"Los pol\u00edticos Veracruz","article_publisher":"https:\/\/www.facebook.com\/people\/Notimemes-de-los-Polticos\/61565672886568\/","article_published_time":"2023-06-05T01:53:00+00:00","article_modified_time":"2023-06-05T01:53:12+00:00","og_image":[{"width":200,"height":200,"url":"https:\/\/lospoliticosveracruz.com\/wp-content\/uploads\/2016\/07\/Logo-Dor.jpg","type":"image\/jpeg"}],"author":"Lo viste en Los Pol\u00edticos","twitter_card":"summary_large_image","twitter_creator":"@LosPoliticosVer","twitter_site":"@LosPoliticosVer","twitter_misc":{"Escrito por":"Lo viste en Los Pol\u00edticos","Tiempo de lectura":"2 minutos"},"schema":{"@context":"https:\/\/schema.org","@graph":[{"@type":"Article","@id":"https:\/\/lospoliticosveracruz.com\/?p=106803#article","isPartOf":{"@id":"https:\/\/lospoliticosveracruz.com\/?p=106803"},"author":{"name":"Lo viste en Los Pol\u00edticos","@id":"https:\/\/lospoliticosveracruz.com\/#\/schema\/person\/b8702bb0e538456e6efd07080bf2a4a2"},"headline":"PEROTE, EL IMPULSO DE DELFINO ORTEGA","datePublished":"2023-06-05T01:53:00+00:00","dateModified":"2023-06-05T01:53:12+00:00","mainEntityOfPage":{"@id":"https:\/\/lospoliticosveracruz.com\/?p=106803"},"wordCount":360,"publisher":{"@id":"https:\/\/lospoliticosveracruz.com\/#organization"},"keywords":["Cemix","Delfino Ortega Mart\u00ednez","Dorheny Garc\u00eda Cayetano","Pepe Yunes Zorrilla","Perote","Veracruz"],"articleSection":["De Opini\u00f3n"],"inLanguage":"es"},{"@type":"WebPage","@id":"https:\/\/lospoliticosveracruz.com\/?p=106803","url":"https:\/\/lospoliticosveracruz.com\/?p=106803","name":"PEROTE, EL IMPULSO DE DELFINO ORTEGA - Los pol\u00edticos Veracruz","isPartOf":{"@id":"https:\/\/lospoliticosveracruz.com\/#website"},"datePublished":"2023-06-05T01:53:00+00:00","dateModified":"2023-06-05T01:53:12+00:00","breadcrumb":{"@id":"https:\/\/lospoliticosveracruz.com\/?p=106803#breadcrumb"},"inLanguage":"es","potentialAction":[{"@type":"ReadAction","target":["https:\/\/lospoliticosveracruz.com\/?p=106803"]}]},{"@type":"BreadcrumbList","@id":"https:\/\/lospoliticosveracruz.com\/?p=106803#breadcrumb","itemListElement":[{"@type":"ListItem","position":1,"name":"Portada","item":"https:\/\/lospoliticosveracruz.com\/"},{"@type":"ListItem","position":2,"name":"PEROTE, EL IMPULSO DE DELFINO ORTEGA"}]},{"@type":"WebSite","@id":"https:\/\/lospoliticosveracruz.com\/#website","url":"https:\/\/lospoliticosveracruz.com\/","name":"Los pol\u00edticos Veracruz","description":"","publisher":{"@id":"https:\/\/lospoliticosveracruz.com\/#organization"},"potentialAction":[{"@type":"SearchAction","target":{"@type":"EntryPoint","urlTemplate":"https:\/\/lospoliticosveracruz.com\/?s={search_term_string}"},"query-input":{"@type":"PropertyValueSpecification","valueRequired":true,"valueName":"search_term_string"}}],"inLanguage":"es"},{"@type":"Organization","@id":"https:\/\/lospoliticosveracruz.com\/#organization","name":"Los pol\u00edticos Veracruz","url":"https:\/\/lospoliticosveracruz.com\/","logo":{"@type":"ImageObject","inLanguage":"es","@id":"https:\/\/lospoliticosveracruz.com\/#\/schema\/logo\/image\/","url":"https:\/\/lospoliticosveracruz.com\/wp-content\/uploads\/2025\/12\/Logo-Nuevo-LOS-POLITICOS-1.jpg","contentUrl":"https:\/\/lospoliticosveracruz.com\/wp-content\/uploads\/2025\/12\/Logo-Nuevo-LOS-POLITICOS-1.jpg","width":260,"height":70,"caption":"Los pol\u00edticos Veracruz"},"image":{"@id":"https:\/\/lospoliticosveracruz.com\/#\/schema\/logo\/image\/"},"sameAs":["https:\/\/www.facebook.com\/people\/Notimemes-de-los-Polticos\/61565672886568\/","https:\/\/x.com\/LosPoliticosVer"]},{"@type":"Person","@id":"https:\/\/lospoliticosveracruz.com\/#\/schema\/person\/b8702bb0e538456e6efd07080bf2a4a2","name":"Lo viste en Los Pol\u00edticos","image":{"@type":"ImageObject","inLanguage":"es","@id":"https:\/\/secure.gravatar.com\/avatar\/3a8de04a2656d44082be478bd6c086daa447c4651605818287b9532d3d0bd435?s=96&d=mm&r=g","url":"https:\/\/secure.gravatar.com\/avatar\/3a8de04a2656d44082be478bd6c086daa447c4651605818287b9532d3d0bd435?s=96&d=mm&r=g","contentUrl":"https:\/\/secure.gravatar.com\/avatar\/3a8de04a2656d44082be478bd6c086daa447c4651605818287b9532d3d0bd435?s=96&d=mm&r=g","caption":"Lo viste en Los Pol\u00edticos"},"url":"https:\/\/lospoliticosveracruz.com\/?author=2"}]}},"_links":{"self":[{"href":"https:\/\/lospoliticosveracruz.com\/index.php?rest_route=\/wp\/v2\/posts\/106803","targetHints":{"allow":["GET"]}}],"collection":[{"href":"https:\/\/lospoliticosveracruz.com\/index.php?rest_route=\/wp\/v2\/posts"}],"about":[{"href":"https:\/\/lospoliticosveracruz.com\/index.php?rest_route=\/wp\/v2\/types\/post"}],"author":[{"embeddable":true,"href":"https:\/\/lospoliticosveracruz.com\/index.php?rest_route=\/wp\/v2\/users\/2"}],"replies":[{"embeddable":true,"href":"https:\/\/lospoliticosveracruz.com\/index.php?rest_route=%2Fwp%2Fv2%2Fcomments&post=106803"}],"version-history":[{"count":1,"href":"https:\/\/lospoliticosveracruz.com\/index.php?rest_route=\/wp\/v2\/posts\/106803\/revisions"}],"predecessor-version":[{"id":106805,"href":"https:\/\/lospoliticosveracruz.com\/index.php?rest_route=\/wp\/v2\/posts\/106803\/revisions\/106805"}],"wp:attachment":[{"href":"https:\/\/lospoliticosveracruz.com\/index.php?rest_route=%2Fwp%2Fv2%2Fmedia&parent=106803"}],"wp:term":[{"taxonomy":"category","embeddable":true,"href":"https:\/\/lospoliticosveracruz.com\/index.php?rest_route=%2Fwp%2Fv2%2Fcategories&post=106803"},{"taxonomy":"post_tag","embeddable":true,"href":"https:\/\/lospoliticosveracruz.com\/index.php?rest_route=%2Fwp%2Fv2%2Ftags&post=106803"}],"curies":[{"name":"wp","href":"https:\/\/api.w.org\/{rel}","templated":true}]}}