{"id":106806,"date":"2023-06-05T08:20:32","date_gmt":"2023-06-05T13:20:32","guid":{"rendered":"https:\/\/lospoliticosveracruz.com.mx\/?p=106806"},"modified":"2023-06-05T08:20:39","modified_gmt":"2023-06-05T13:20:39","slug":"llegaron","status":"publish","type":"post","link":"https:\/\/lospoliticosveracruz.com\/?p=106806","title":{"rendered":"LLEGARON"},"content":{"rendered":"\n<p><strong>Guadalupe H. Mar<\/strong><\/p>\n\n\n\n<p><em>Mira Pol\u00edtica\u00a0<\/em><\/p>\n\n\n\n<p>LADRONES FOR\u00c1NEOS \u2026 Desde hace varios d\u00edas hemos conocido a trav\u00e9s de las benditas redes sociales, que vecinos de diversos fraccionamientos del municipio de Boca del R\u00edo dan cuenta de que sus autom\u00f3viles fueron desvalijados durante las noches por ladrones especializados en computadoras de autos, calaveras de veh\u00edculos de lujo y de bayonetas para medir los niveles de aceite en los motores.<\/p>\n\n\n\n<p><a href=\"https:\/\/youtu.be\/Nxe-vxf8GuY\"><\/a><\/p>\n\n\n\n<figure class=\"wp-block-embed is-type-video is-provider-youtube wp-block-embed-youtube wp-embed-aspect-16-9 wp-has-aspect-ratio\"><div class=\"wp-block-embed__wrapper\">\n<iframe loading=\"lazy\" title=\"Cluster Coworking\" width=\"696\" height=\"392\" src=\"https:\/\/www.youtube.com\/embed\/Nxe-vxf8GuY?feature=oembed\" frameborder=\"0\" allow=\"accelerometer; autoplay; clipboard-write; encrypted-media; gyroscope; picture-in-picture; web-share\" referrerpolicy=\"strict-origin-when-cross-origin\" allowfullscreen><\/iframe>\n<\/div><\/figure>\n\n\n\n<p>Estos cacos no tienen l\u00edmite pues se reporta que han desvalijado incluso taxis de modelos atrasados, particularmente de la marca Nissan, que como todos los hurtados sus propietarios dejan estacionados cada noche en la calle.<\/p>\n\n\n\n<p>El \u00faltimo caso reportado en las benditas redes sociales fue en el fraccionamiento \u201cEl Morro\u201d del municipio de Boca del R\u00edo, donde los ladrones desvalijaron 10 autom\u00f3viles tanto de media como alta gama, esto durante la noche del martes, sin que obviamente nadie se diera cuenta, lo que habla de que los cacos no son improvisados, sino profesionales del hurto.<\/p>\n\n\n\n<p>Tan profesionales que desactivan las alarmas de los autos en segundos, por lo que nadie se da cuenta que est\u00e1n \u201ctrabajando\u201d a deshoras.<\/p>\n\n\n\n<p>Este singular tipo de robos a autom\u00f3viles se han reportado tambi\u00e9n en los fraccionamientos Reforma, H\u00edpico, Casas Tamsa, Las Vegas, as\u00ed como en otras colonias, todas del municipio boque\u00f1o, por cierto.<\/p>\n\n\n\n<p>Aqu\u00ed entre nos, porque es un secreto a voces, se habla que a la banda de desvalijadores de autopartes se les conoce como \u201cLos Poblanos\u201d o \u201cLos Chilangos\u201d, por provenir de aquellas latitudes a donde llevan lo robado para revenderlo en el mercado negro.<\/p>\n\n\n\n<p>Y es un secreto a voces porque oficialmente no se tiene ninguna versi\u00f3n de parte de la autoridad veracruzana y boque\u00f1a.<\/p>\n\n\n\n<p>D\u00e9jennos decirles amables lectoras y lectores que este tipo de robos a veh\u00edculos automotores no son nada nuevo en la zona conurbada Veracruz \u2013 Boca del R\u00edo, para nada. Baste recordar que espor\u00e1dicamente vecinos de zonas como Lagos de Puente Moreno en el municipio de Medell\u00edn de Bravo, se quejan de que durante las noches les robaron las llantas de sus autom\u00f3viles estacionados al frente de sus residencias.<\/p>\n\n\n\n<p>Que tal operaci\u00f3n la hacen los cacos con tanto silencio que ni los perros se despiertan, pues utilizan equipos sofisticados para quitar los birlos de las llantas, esos que a nosotros nos cuesta tanto trabajo desatornillar a grado tal que nos subimos a la llave de cruz para hacer presi\u00f3n.<\/p>\n\n\n\n<p>Por ende, estamos hablando de una, esta si bien organizada banda de ladrones que vienen al municipio boque\u00f1o por dos obvias razones; una, la falta de vigilancia policiaca y dos, porque aqu\u00ed circulan muchos autos de lujo.<\/p>\n\n\n\n<p>La pregunta obligada ante estos casos es \u00bfhasta cu\u00e1ndo los vecinos de los fraccionamientos boque\u00f1os podr\u00e1n volver a dormir tranquilos?<\/p>\n\n\n\n<p><strong>CUANDO LA PARTERA ES MALA \u2026<\/strong> Rumbo al quinto a\u00f1o de su gobierno, el pasado jueves uno de junio, el presidente de la rep\u00fablica Andr\u00e9s Manuel L\u00f3pez Obrador reconoci\u00f3 en su perorata ma\u00f1anera que en su administraci\u00f3n se rompi\u00f3 el r\u00e9cord de homicidios registrados en la rep\u00fablica mexicana, pero como es su costumbre, culp\u00f3 al pasado de esta grave situaci\u00f3n.<\/p>\n\n\n\n<p>Para darnos una idea de lo grave que es el homicidio en M\u00e9xico, en el primer cuatrimestre de este a\u00f1o, o sea de enero a abril, hubo nueve mil 912 asesinatos, un promedio de 83 al d\u00eda.<\/p>\n\n\n\n<p>Lo que no dijo el ciudadano presidente de la rep\u00fablica es qu\u00e9 har\u00e1 en lo que resta de su gobierno para enfrentar este grave hecho, sobre todo al comprobar que los abrazos no fueron efectivos, a diferencia de los balazos.<\/p>\n\n\n\n<p>D\u00cdGALO SIN MIEDO \u2026 Al correo electr\u00f3nico guadalupehmar@yahoo.com<\/p>\n","protected":false},"excerpt":{"rendered":"<p>Guadalupe H. Mar Mira Pol\u00edtica\u00a0 LADRONES FOR\u00c1NEOS \u2026 Desde hace varios d\u00edas hemos conocido a trav\u00e9s de las benditas redes sociales, que vecinos de diversos fraccionamientos del municipio de Boca del R\u00edo dan cuenta de que sus autom\u00f3viles fueron desvalijados durante las noches por ladrones especializados en computadoras de autos, calaveras de veh\u00edculos de lujo [&hellip;]<\/p>\n","protected":false},"author":2,"featured_media":0,"comment_status":"closed","ping_status":"closed","sticky":false,"template":"","format":"standard","meta":{"tdm_status":"","tdm_grid_status":"","footnotes":""},"categories":[70],"tags":[618,1606,1026,195],"class_list":{"0":"post-106806","1":"post","2":"type-post","3":"status-publish","4":"format-standard","6":"category-de-opinion","7":"tag-andres-manuel-lopez-obrador","8":"tag-guadalupe-h-mar","9":"tag-morena","10":"tag-veracruz"},"yoast_head":"<!-- This site is optimized with the Yoast SEO plugin v27.4 - https:\/\/yoast.com\/product\/yoast-seo-wordpress\/ -->\n<title>LLEGARON - Los pol\u00edticos Veracruz<\/title>\n<meta name=\"robots\" content=\"index, follow, max-snippet:-1, max-image-preview:large, max-video-preview:-1\" \/>\n<link rel=\"canonical\" href=\"https:\/\/lospoliticosveracruz.com\/?p=106806\" \/>\n<meta property=\"og:locale\" content=\"es_ES\" \/>\n<meta property=\"og:type\" content=\"article\" \/>\n<meta property=\"og:title\" content=\"LLEGARON - Los pol\u00edticos Veracruz\" \/>\n<meta property=\"og:description\" content=\"Guadalupe H. Mar Mira Pol\u00edtica\u00a0 LADRONES FOR\u00c1NEOS \u2026 Desde hace varios d\u00edas hemos conocido a trav\u00e9s de las benditas redes sociales, que vecinos de diversos fraccionamientos del municipio de Boca del R\u00edo dan cuenta de que sus autom\u00f3viles fueron desvalijados durante las noches por ladrones especializados en computadoras de autos, calaveras de veh\u00edculos de lujo [&hellip;]\" \/>\n<meta property=\"og:url\" content=\"https:\/\/lospoliticosveracruz.com\/?p=106806\" \/>\n<meta property=\"og:site_name\" content=\"Los pol\u00edticos Veracruz\" \/>\n<meta property=\"article:publisher\" content=\"https:\/\/www.facebook.com\/people\/Notimemes-de-los-Polticos\/61565672886568\/\" \/>\n<meta property=\"article:published_time\" content=\"2023-06-05T13:20:32+00:00\" \/>\n<meta property=\"article:modified_time\" content=\"2023-06-05T13:20:39+00:00\" \/>\n<meta property=\"og:image\" content=\"https:\/\/lospoliticosveracruz.com\/wp-content\/uploads\/2016\/07\/Logo-Dor.jpg\" \/>\n\t<meta property=\"og:image:width\" content=\"200\" \/>\n\t<meta property=\"og:image:height\" content=\"200\" \/>\n\t<meta property=\"og:image:type\" content=\"image\/jpeg\" \/>\n<meta name=\"author\" content=\"Lo viste en Los Pol\u00edticos\" \/>\n<meta name=\"twitter:card\" content=\"summary_large_image\" \/>\n<meta name=\"twitter:creator\" content=\"@LosPoliticosVer\" \/>\n<meta name=\"twitter:site\" content=\"@LosPoliticosVer\" \/>\n<meta name=\"twitter:label1\" content=\"Escrito por\" \/>\n\t<meta name=\"twitter:data1\" content=\"Lo viste en Los Pol\u00edticos\" \/>\n\t<meta name=\"twitter:label2\" content=\"Tiempo de lectura\" \/>\n\t<meta name=\"twitter:data2\" content=\"3 minutos\" \/>\n<script type=\"application\/ld+json\" class=\"yoast-schema-graph\">{\"@context\":\"https:\\\/\\\/schema.org\",\"@graph\":[{\"@type\":\"Article\",\"@id\":\"https:\\\/\\\/lospoliticosveracruz.com\\\/?p=106806#article\",\"isPartOf\":{\"@id\":\"https:\\\/\\\/lospoliticosveracruz.com\\\/?p=106806\"},\"author\":{\"name\":\"Lo viste en Los Pol\u00edticos\",\"@id\":\"https:\\\/\\\/lospoliticosveracruz.com\\\/#\\\/schema\\\/person\\\/b8702bb0e538456e6efd07080bf2a4a2\"},\"headline\":\"LLEGARON\",\"datePublished\":\"2023-06-05T13:20:32+00:00\",\"dateModified\":\"2023-06-05T13:20:39+00:00\",\"mainEntityOfPage\":{\"@id\":\"https:\\\/\\\/lospoliticosveracruz.com\\\/?p=106806\"},\"wordCount\":646,\"publisher\":{\"@id\":\"https:\\\/\\\/lospoliticosveracruz.com\\\/#organization\"},\"keywords\":[\"Andr\u00e9s Manuel L\u00f3pez Obrador\",\"Guadalupe H. Mar\",\"Morena\",\"Veracruz\"],\"articleSection\":[\"De Opini\u00f3n\"],\"inLanguage\":\"es\"},{\"@type\":\"WebPage\",\"@id\":\"https:\\\/\\\/lospoliticosveracruz.com\\\/?p=106806\",\"url\":\"https:\\\/\\\/lospoliticosveracruz.com\\\/?p=106806\",\"name\":\"LLEGARON - Los pol\u00edticos Veracruz\",\"isPartOf\":{\"@id\":\"https:\\\/\\\/lospoliticosveracruz.com\\\/#website\"},\"datePublished\":\"2023-06-05T13:20:32+00:00\",\"dateModified\":\"2023-06-05T13:20:39+00:00\",\"breadcrumb\":{\"@id\":\"https:\\\/\\\/lospoliticosveracruz.com\\\/?p=106806#breadcrumb\"},\"inLanguage\":\"es\",\"potentialAction\":[{\"@type\":\"ReadAction\",\"target\":[\"https:\\\/\\\/lospoliticosveracruz.com\\\/?p=106806\"]}]},{\"@type\":\"BreadcrumbList\",\"@id\":\"https:\\\/\\\/lospoliticosveracruz.com\\\/?p=106806#breadcrumb\",\"itemListElement\":[{\"@type\":\"ListItem\",\"position\":1,\"name\":\"Portada\",\"item\":\"https:\\\/\\\/lospoliticosveracruz.com\\\/\"},{\"@type\":\"ListItem\",\"position\":2,\"name\":\"LLEGARON\"}]},{\"@type\":\"WebSite\",\"@id\":\"https:\\\/\\\/lospoliticosveracruz.com\\\/#website\",\"url\":\"https:\\\/\\\/lospoliticosveracruz.com\\\/\",\"name\":\"Los pol\u00edticos Veracruz\",\"description\":\"\",\"publisher\":{\"@id\":\"https:\\\/\\\/lospoliticosveracruz.com\\\/#organization\"},\"potentialAction\":[{\"@type\":\"SearchAction\",\"target\":{\"@type\":\"EntryPoint\",\"urlTemplate\":\"https:\\\/\\\/lospoliticosveracruz.com\\\/?s={search_term_string}\"},\"query-input\":{\"@type\":\"PropertyValueSpecification\",\"valueRequired\":true,\"valueName\":\"search_term_string\"}}],\"inLanguage\":\"es\"},{\"@type\":\"Organization\",\"@id\":\"https:\\\/\\\/lospoliticosveracruz.com\\\/#organization\",\"name\":\"Los pol\u00edticos Veracruz\",\"url\":\"https:\\\/\\\/lospoliticosveracruz.com\\\/\",\"logo\":{\"@type\":\"ImageObject\",\"inLanguage\":\"es\",\"@id\":\"https:\\\/\\\/lospoliticosveracruz.com\\\/#\\\/schema\\\/logo\\\/image\\\/\",\"url\":\"https:\\\/\\\/lospoliticosveracruz.com\\\/wp-content\\\/uploads\\\/2025\\\/12\\\/Logo-Nuevo-LOS-POLITICOS-1.jpg\",\"contentUrl\":\"https:\\\/\\\/lospoliticosveracruz.com\\\/wp-content\\\/uploads\\\/2025\\\/12\\\/Logo-Nuevo-LOS-POLITICOS-1.jpg\",\"width\":260,\"height\":70,\"caption\":\"Los pol\u00edticos Veracruz\"},\"image\":{\"@id\":\"https:\\\/\\\/lospoliticosveracruz.com\\\/#\\\/schema\\\/logo\\\/image\\\/\"},\"sameAs\":[\"https:\\\/\\\/www.facebook.com\\\/people\\\/Notimemes-de-los-Polticos\\\/61565672886568\\\/\",\"https:\\\/\\\/x.com\\\/LosPoliticosVer\"]},{\"@type\":\"Person\",\"@id\":\"https:\\\/\\\/lospoliticosveracruz.com\\\/#\\\/schema\\\/person\\\/b8702bb0e538456e6efd07080bf2a4a2\",\"name\":\"Lo viste en Los Pol\u00edticos\",\"image\":{\"@type\":\"ImageObject\",\"inLanguage\":\"es\",\"@id\":\"https:\\\/\\\/secure.gravatar.com\\\/avatar\\\/3a8de04a2656d44082be478bd6c086daa447c4651605818287b9532d3d0bd435?s=96&d=mm&r=g\",\"url\":\"https:\\\/\\\/secure.gravatar.com\\\/avatar\\\/3a8de04a2656d44082be478bd6c086daa447c4651605818287b9532d3d0bd435?s=96&d=mm&r=g\",\"contentUrl\":\"https:\\\/\\\/secure.gravatar.com\\\/avatar\\\/3a8de04a2656d44082be478bd6c086daa447c4651605818287b9532d3d0bd435?s=96&d=mm&r=g\",\"caption\":\"Lo viste en Los Pol\u00edticos\"},\"url\":\"https:\\\/\\\/lospoliticosveracruz.com\\\/?author=2\"}]}<\/script>\n<!-- \/ Yoast SEO plugin. -->","yoast_head_json":{"title":"LLEGARON - Los pol\u00edticos Veracruz","robots":{"index":"index","follow":"follow","max-snippet":"max-snippet:-1","max-image-preview":"max-image-preview:large","max-video-preview":"max-video-preview:-1"},"canonical":"https:\/\/lospoliticosveracruz.com\/?p=106806","og_locale":"es_ES","og_type":"article","og_title":"LLEGARON - Los pol\u00edticos Veracruz","og_description":"Guadalupe H. Mar Mira Pol\u00edtica\u00a0 LADRONES FOR\u00c1NEOS \u2026 Desde hace varios d\u00edas hemos conocido a trav\u00e9s de las benditas redes sociales, que vecinos de diversos fraccionamientos del municipio de Boca del R\u00edo dan cuenta de que sus autom\u00f3viles fueron desvalijados durante las noches por ladrones especializados en computadoras de autos, calaveras de veh\u00edculos de lujo [&hellip;]","og_url":"https:\/\/lospoliticosveracruz.com\/?p=106806","og_site_name":"Los pol\u00edticos Veracruz","article_publisher":"https:\/\/www.facebook.com\/people\/Notimemes-de-los-Polticos\/61565672886568\/","article_published_time":"2023-06-05T13:20:32+00:00","article_modified_time":"2023-06-05T13:20:39+00:00","og_image":[{"width":200,"height":200,"url":"https:\/\/lospoliticosveracruz.com\/wp-content\/uploads\/2016\/07\/Logo-Dor.jpg","type":"image\/jpeg"}],"author":"Lo viste en Los Pol\u00edticos","twitter_card":"summary_large_image","twitter_creator":"@LosPoliticosVer","twitter_site":"@LosPoliticosVer","twitter_misc":{"Escrito por":"Lo viste en Los Pol\u00edticos","Tiempo de lectura":"3 minutos"},"schema":{"@context":"https:\/\/schema.org","@graph":[{"@type":"Article","@id":"https:\/\/lospoliticosveracruz.com\/?p=106806#article","isPartOf":{"@id":"https:\/\/lospoliticosveracruz.com\/?p=106806"},"author":{"name":"Lo viste en Los Pol\u00edticos","@id":"https:\/\/lospoliticosveracruz.com\/#\/schema\/person\/b8702bb0e538456e6efd07080bf2a4a2"},"headline":"LLEGARON","datePublished":"2023-06-05T13:20:32+00:00","dateModified":"2023-06-05T13:20:39+00:00","mainEntityOfPage":{"@id":"https:\/\/lospoliticosveracruz.com\/?p=106806"},"wordCount":646,"publisher":{"@id":"https:\/\/lospoliticosveracruz.com\/#organization"},"keywords":["Andr\u00e9s Manuel L\u00f3pez Obrador","Guadalupe H. Mar","Morena","Veracruz"],"articleSection":["De Opini\u00f3n"],"inLanguage":"es"},{"@type":"WebPage","@id":"https:\/\/lospoliticosveracruz.com\/?p=106806","url":"https:\/\/lospoliticosveracruz.com\/?p=106806","name":"LLEGARON - Los pol\u00edticos Veracruz","isPartOf":{"@id":"https:\/\/lospoliticosveracruz.com\/#website"},"datePublished":"2023-06-05T13:20:32+00:00","dateModified":"2023-06-05T13:20:39+00:00","breadcrumb":{"@id":"https:\/\/lospoliticosveracruz.com\/?p=106806#breadcrumb"},"inLanguage":"es","potentialAction":[{"@type":"ReadAction","target":["https:\/\/lospoliticosveracruz.com\/?p=106806"]}]},{"@type":"BreadcrumbList","@id":"https:\/\/lospoliticosveracruz.com\/?p=106806#breadcrumb","itemListElement":[{"@type":"ListItem","position":1,"name":"Portada","item":"https:\/\/lospoliticosveracruz.com\/"},{"@type":"ListItem","position":2,"name":"LLEGARON"}]},{"@type":"WebSite","@id":"https:\/\/lospoliticosveracruz.com\/#website","url":"https:\/\/lospoliticosveracruz.com\/","name":"Los pol\u00edticos Veracruz","description":"","publisher":{"@id":"https:\/\/lospoliticosveracruz.com\/#organization"},"potentialAction":[{"@type":"SearchAction","target":{"@type":"EntryPoint","urlTemplate":"https:\/\/lospoliticosveracruz.com\/?s={search_term_string}"},"query-input":{"@type":"PropertyValueSpecification","valueRequired":true,"valueName":"search_term_string"}}],"inLanguage":"es"},{"@type":"Organization","@id":"https:\/\/lospoliticosveracruz.com\/#organization","name":"Los pol\u00edticos Veracruz","url":"https:\/\/lospoliticosveracruz.com\/","logo":{"@type":"ImageObject","inLanguage":"es","@id":"https:\/\/lospoliticosveracruz.com\/#\/schema\/logo\/image\/","url":"https:\/\/lospoliticosveracruz.com\/wp-content\/uploads\/2025\/12\/Logo-Nuevo-LOS-POLITICOS-1.jpg","contentUrl":"https:\/\/lospoliticosveracruz.com\/wp-content\/uploads\/2025\/12\/Logo-Nuevo-LOS-POLITICOS-1.jpg","width":260,"height":70,"caption":"Los pol\u00edticos Veracruz"},"image":{"@id":"https:\/\/lospoliticosveracruz.com\/#\/schema\/logo\/image\/"},"sameAs":["https:\/\/www.facebook.com\/people\/Notimemes-de-los-Polticos\/61565672886568\/","https:\/\/x.com\/LosPoliticosVer"]},{"@type":"Person","@id":"https:\/\/lospoliticosveracruz.com\/#\/schema\/person\/b8702bb0e538456e6efd07080bf2a4a2","name":"Lo viste en Los Pol\u00edticos","image":{"@type":"ImageObject","inLanguage":"es","@id":"https:\/\/secure.gravatar.com\/avatar\/3a8de04a2656d44082be478bd6c086daa447c4651605818287b9532d3d0bd435?s=96&d=mm&r=g","url":"https:\/\/secure.gravatar.com\/avatar\/3a8de04a2656d44082be478bd6c086daa447c4651605818287b9532d3d0bd435?s=96&d=mm&r=g","contentUrl":"https:\/\/secure.gravatar.com\/avatar\/3a8de04a2656d44082be478bd6c086daa447c4651605818287b9532d3d0bd435?s=96&d=mm&r=g","caption":"Lo viste en Los Pol\u00edticos"},"url":"https:\/\/lospoliticosveracruz.com\/?author=2"}]}},"_links":{"self":[{"href":"https:\/\/lospoliticosveracruz.com\/index.php?rest_route=\/wp\/v2\/posts\/106806","targetHints":{"allow":["GET"]}}],"collection":[{"href":"https:\/\/lospoliticosveracruz.com\/index.php?rest_route=\/wp\/v2\/posts"}],"about":[{"href":"https:\/\/lospoliticosveracruz.com\/index.php?rest_route=\/wp\/v2\/types\/post"}],"author":[{"embeddable":true,"href":"https:\/\/lospoliticosveracruz.com\/index.php?rest_route=\/wp\/v2\/users\/2"}],"replies":[{"embeddable":true,"href":"https:\/\/lospoliticosveracruz.com\/index.php?rest_route=%2Fwp%2Fv2%2Fcomments&post=106806"}],"version-history":[{"count":1,"href":"https:\/\/lospoliticosveracruz.com\/index.php?rest_route=\/wp\/v2\/posts\/106806\/revisions"}],"predecessor-version":[{"id":106807,"href":"https:\/\/lospoliticosveracruz.com\/index.php?rest_route=\/wp\/v2\/posts\/106806\/revisions\/106807"}],"wp:attachment":[{"href":"https:\/\/lospoliticosveracruz.com\/index.php?rest_route=%2Fwp%2Fv2%2Fmedia&parent=106806"}],"wp:term":[{"taxonomy":"category","embeddable":true,"href":"https:\/\/lospoliticosveracruz.com\/index.php?rest_route=%2Fwp%2Fv2%2Fcategories&post=106806"},{"taxonomy":"post_tag","embeddable":true,"href":"https:\/\/lospoliticosveracruz.com\/index.php?rest_route=%2Fwp%2Fv2%2Ftags&post=106806"}],"curies":[{"name":"wp","href":"https:\/\/api.w.org\/{rel}","templated":true}]}}