{"id":106808,"date":"2023-06-05T08:25:26","date_gmt":"2023-06-05T13:25:26","guid":{"rendered":"https:\/\/lospoliticosveracruz.com.mx\/?p=106808"},"modified":"2023-06-05T08:25:35","modified_gmt":"2023-06-05T13:25:35","slug":"15-derrotas-al-hilo-solo-las-aguanta-el-pri","status":"publish","type":"post","link":"https:\/\/lospoliticosveracruz.com\/?p=106808","title":{"rendered":"15 DERROTAS AL HILO SOLO LAS AGUANTA EL PRI"},"content":{"rendered":"\n<p><br><strong>Bernardo Guti\u00e9rrez Parra<\/strong><br><em>Desde el Caf\u00e9<\/em><\/p>\n\n\n\n<p>Con 15 gubernaturas perdidas desde que tom\u00f3 el liderazgo del PRI, Alejandro \u201cAlito\u201d Moreno se ha convertido en el peor dirigente de ese partido en su historia. Y como no se piensa ir hasta despu\u00e9s del 2024, es tiempo de que los priistas lo manden a su casa porque la derrota en el Estado de M\u00e9xico dej\u00f3 al tricolor en calidad de fiambre; en partido casi testimonial. Y otra derrota m\u00e1s, donde sea, lo convertir\u00e1 en un partido netamente local.<\/p>\n\n\n<div class=\"wp-block-image\">\n<figure class=\"alignleft size-full is-resized\"><a href=\"https:\/\/lospoliticosveracruz.com.mx\/wp-content\/uploads\/2023\/02\/Vinissimo.jpg\"><img loading=\"lazy\" decoding=\"async\" src=\"https:\/\/lospoliticosveracruz.com.mx\/wp-content\/uploads\/2023\/02\/Vinissimo.jpg\" alt=\"\" class=\"wp-image-102752\" width=\"175\" height=\"178\"\/><\/a><\/figure>\n<\/div>\n\n\n<p>Si Alito ten\u00eda esperanzas de ser quien escogiera al candidato de la alianza a la presidencia de la Rep\u00fablica (candidatura para la que ya se hab\u00eda apuntado), a partir de este domingo por la noche la batuta cambi\u00f3 de due\u00f1o y el panista Marko Cort\u00e9s es el nuevo director de la desafinada orquesta.<\/p>\n\n\n\n<p>Esta nueva derrota del tricolor, ahora en el Estado de M\u00e9xico donde la morenista Delfina G\u00f3mez triunf\u00f3 sobre la aliancista Alejandra del Moral, le pegar\u00e1 de lleno al candidato de la oposici\u00f3n en Veracruz que ya no ser\u00e1 elegido por el PRI, sino que ser\u00e1 ungido por el PAN.<\/p>\n\n\n\n<p>El problema es que ni fundiendo a todos los aspirantes panistas se har\u00e1 un candidato o candidata digno de enfrentar al abanderado o abanderada de Morena, aunque esta sea Roc\u00edo Nahle.<\/p>\n\n\n\n<p>El \u00fanico aspirante con los atributos necesarios para sacar a Morena de Veracruz es el priista Jos\u00e9 Francisco Yunes Zorrilla, pero sin \u00e9l en las boletas habr\u00e1 Morena para rato en la entidad. Al menos hasta el 2030.<\/p>\n\n\n\n<p>No se necesita ser \u00e9mulo de Nostradamus para saber que despu\u00e9s de lo que pas\u00f3 en el Estado de M\u00e9xico, ni al PAN ni al PRD les interesar\u00e1 tener de aliado al PRI de Alito y buscar\u00e1n gui\u00f1arle el ojo a Movimiento Ciudadano que con su 7 por ciento de las preferencias electorales, (menos del 18 por ciento con que cuenta el vapuleado PRI), tratar\u00e1 de hacer su roncha y buscar\u00e1 nombrar candidato a la presidencia e incidir en las candidaturas a las gubernaturas.<\/p>\n\n\n\n<p>Urge que alguien le diga a Alejandro Moreno que ya estuvo suave, que 15 derrotas al hilo no las aguanta nadie, ni los due\u00f1os de un club de futbol llanero.<\/p>\n\n\n\n<p>Urge que los delegados y l\u00edderes estatales que le deben el puesto a \u00e9l, lo inviten a marcharse no s\u00f3lo por el bien de la alianza, sino por el bien del partido al que ha llevado a la indigencia territorial.<\/p>\n\n\n\n<p>Quiz\u00e1 alegue en su defensa que Alejandra del Moral no era su candidata, pero eso es lo de menos. Alejandra fue la abanderada del PRI, el PRI es el partido que \u00e9l dirige y perdi\u00f3 en el Estado de M\u00e9xico. Si bien la derrotada fue Alejandra, tambi\u00e9n lo es Alito porque el descalabro en el basti\u00f3n m\u00e1s importante del priismo va a su record de perdedor.<\/p>\n\n\n\n<p>El campechano no s\u00f3lo ha perdido gas sino su liderazgo, pero no lo quiere ver as\u00ed.<\/p>\n\n\n\n<p>Si a partir de hoy su presencia s\u00f3lo ser\u00e1 testimonial en las reuniones que sostenga con los dirigentes del PAN y PRD, si no tendr\u00e1 voz ni voto, si los priistas de la base est\u00e1n exigiendo por amor a Dios ya se vaya \u00bfa qu\u00e9 se queda en el PRI?<\/p>\n\n\n\n<p>El PRI, o lo que est\u00e1 quedando del partido, no necesita de Alito sino de su renuncia en la mano. Un nuevo dirigente, el que sea, no es que vaya a sacar del hoyo al tricolor de la noche a la ma\u00f1ana, pero ser\u00e1 un interlocutor aceptado por el PAN, PRD y eventualmente por Movimiento Ciudadano rumbo al 24.<\/p>\n\n\n\n<p>El PRI aguanta todo y lo ha demostrado a lo largo de 94 a\u00f1os; menos a los p\u00e9simos dirigentes.<\/p>\n\n\n\n<p>Si Alejandro Moreno insiste en seguir \u201cdirigi\u00e9ndolo\u00bb, el PRI se quedar\u00e1 solo el pr\u00f3ximo a\u00f1o. Y de ah\u00ed a su extinci\u00f3n no habr\u00e1 m\u00e1s que un paso.<\/p>\n\n\n\n<p>Aguas.<\/p>\n\n\n\n<p>bernardogup@hotmail.com<\/p>\n","protected":false},"excerpt":{"rendered":"<p>Bernardo Guti\u00e9rrez ParraDesde el Caf\u00e9 Con 15 gubernaturas perdidas desde que tom\u00f3 el liderazgo del PRI, Alejandro \u201cAlito\u201d Moreno se ha convertido en el peor dirigente de ese partido en su historia. Y como no se piensa ir hasta despu\u00e9s del 2024, es tiempo de que los priistas lo manden a su casa porque la [&hellip;]<\/p>\n","protected":false},"author":2,"featured_media":0,"comment_status":"closed","ping_status":"closed","sticky":false,"template":"","format":"standard","meta":{"tdm_status":"","tdm_grid_status":"","footnotes":""},"categories":[70],"tags":[7622,12562,251],"class_list":{"0":"post-106808","1":"post","2":"type-post","3":"status-publish","4":"format-standard","6":"category-de-opinion","7":"tag-delfina-gomez","8":"tag-marko-cortes","9":"tag-pri"},"yoast_head":"<!-- This site is optimized with the Yoast SEO plugin v27.4 - https:\/\/yoast.com\/product\/yoast-seo-wordpress\/ -->\n<title>15 DERROTAS AL HILO SOLO LAS AGUANTA EL PRI - Los pol\u00edticos Veracruz<\/title>\n<meta name=\"robots\" content=\"index, follow, max-snippet:-1, max-image-preview:large, max-video-preview:-1\" \/>\n<link rel=\"canonical\" href=\"https:\/\/lospoliticosveracruz.com\/?p=106808\" \/>\n<meta property=\"og:locale\" content=\"es_ES\" \/>\n<meta property=\"og:type\" content=\"article\" \/>\n<meta property=\"og:title\" content=\"15 DERROTAS AL HILO SOLO LAS AGUANTA EL PRI - Los pol\u00edticos Veracruz\" \/>\n<meta property=\"og:description\" content=\"Bernardo Guti\u00e9rrez ParraDesde el Caf\u00e9 Con 15 gubernaturas perdidas desde que tom\u00f3 el liderazgo del PRI, Alejandro \u201cAlito\u201d Moreno se ha convertido en el peor dirigente de ese partido en su historia. Y como no se piensa ir hasta despu\u00e9s del 2024, es tiempo de que los priistas lo manden a su casa porque la [&hellip;]\" \/>\n<meta property=\"og:url\" content=\"https:\/\/lospoliticosveracruz.com\/?p=106808\" \/>\n<meta property=\"og:site_name\" content=\"Los pol\u00edticos Veracruz\" \/>\n<meta property=\"article:publisher\" content=\"https:\/\/www.facebook.com\/people\/Notimemes-de-los-Polticos\/61565672886568\/\" \/>\n<meta property=\"article:published_time\" content=\"2023-06-05T13:25:26+00:00\" \/>\n<meta property=\"article:modified_time\" content=\"2023-06-05T13:25:35+00:00\" \/>\n<meta property=\"og:image\" content=\"https:\/\/lospoliticosveracruz.com.mx\/wp-content\/uploads\/2023\/02\/Vinissimo.jpg\" \/>\n<meta name=\"author\" content=\"Lo viste en Los Pol\u00edticos\" \/>\n<meta name=\"twitter:card\" content=\"summary_large_image\" \/>\n<meta name=\"twitter:creator\" content=\"@LosPoliticosVer\" \/>\n<meta name=\"twitter:site\" content=\"@LosPoliticosVer\" \/>\n<meta name=\"twitter:label1\" content=\"Escrito por\" \/>\n\t<meta name=\"twitter:data1\" content=\"Lo viste en Los Pol\u00edticos\" \/>\n\t<meta name=\"twitter:label2\" content=\"Tiempo de lectura\" \/>\n\t<meta name=\"twitter:data2\" content=\"3 minutos\" \/>\n<script type=\"application\/ld+json\" class=\"yoast-schema-graph\">{\"@context\":\"https:\\\/\\\/schema.org\",\"@graph\":[{\"@type\":\"Article\",\"@id\":\"https:\\\/\\\/lospoliticosveracruz.com\\\/?p=106808#article\",\"isPartOf\":{\"@id\":\"https:\\\/\\\/lospoliticosveracruz.com\\\/?p=106808\"},\"author\":{\"name\":\"Lo viste en Los Pol\u00edticos\",\"@id\":\"https:\\\/\\\/lospoliticosveracruz.com\\\/#\\\/schema\\\/person\\\/b8702bb0e538456e6efd07080bf2a4a2\"},\"headline\":\"15 DERROTAS AL HILO SOLO LAS AGUANTA EL PRI\",\"datePublished\":\"2023-06-05T13:25:26+00:00\",\"dateModified\":\"2023-06-05T13:25:35+00:00\",\"mainEntityOfPage\":{\"@id\":\"https:\\\/\\\/lospoliticosveracruz.com\\\/?p=106808\"},\"wordCount\":687,\"publisher\":{\"@id\":\"https:\\\/\\\/lospoliticosveracruz.com\\\/#organization\"},\"image\":{\"@id\":\"https:\\\/\\\/lospoliticosveracruz.com\\\/?p=106808#primaryimage\"},\"thumbnailUrl\":\"https:\\\/\\\/lospoliticosveracruz.com.mx\\\/wp-content\\\/uploads\\\/2023\\\/02\\\/Vinissimo.jpg\",\"keywords\":[\"Delfina G\u00f3mez\",\"Marko Cort\u00e9s\",\"PRI\"],\"articleSection\":[\"De Opini\u00f3n\"],\"inLanguage\":\"es\"},{\"@type\":\"WebPage\",\"@id\":\"https:\\\/\\\/lospoliticosveracruz.com\\\/?p=106808\",\"url\":\"https:\\\/\\\/lospoliticosveracruz.com\\\/?p=106808\",\"name\":\"15 DERROTAS AL HILO SOLO LAS AGUANTA EL PRI - Los pol\u00edticos Veracruz\",\"isPartOf\":{\"@id\":\"https:\\\/\\\/lospoliticosveracruz.com\\\/#website\"},\"primaryImageOfPage\":{\"@id\":\"https:\\\/\\\/lospoliticosveracruz.com\\\/?p=106808#primaryimage\"},\"image\":{\"@id\":\"https:\\\/\\\/lospoliticosveracruz.com\\\/?p=106808#primaryimage\"},\"thumbnailUrl\":\"https:\\\/\\\/lospoliticosveracruz.com.mx\\\/wp-content\\\/uploads\\\/2023\\\/02\\\/Vinissimo.jpg\",\"datePublished\":\"2023-06-05T13:25:26+00:00\",\"dateModified\":\"2023-06-05T13:25:35+00:00\",\"breadcrumb\":{\"@id\":\"https:\\\/\\\/lospoliticosveracruz.com\\\/?p=106808#breadcrumb\"},\"inLanguage\":\"es\",\"potentialAction\":[{\"@type\":\"ReadAction\",\"target\":[\"https:\\\/\\\/lospoliticosveracruz.com\\\/?p=106808\"]}]},{\"@type\":\"ImageObject\",\"inLanguage\":\"es\",\"@id\":\"https:\\\/\\\/lospoliticosveracruz.com\\\/?p=106808#primaryimage\",\"url\":\"https:\\\/\\\/lospoliticosveracruz.com.mx\\\/wp-content\\\/uploads\\\/2023\\\/02\\\/Vinissimo.jpg\",\"contentUrl\":\"https:\\\/\\\/lospoliticosveracruz.com.mx\\\/wp-content\\\/uploads\\\/2023\\\/02\\\/Vinissimo.jpg\"},{\"@type\":\"BreadcrumbList\",\"@id\":\"https:\\\/\\\/lospoliticosveracruz.com\\\/?p=106808#breadcrumb\",\"itemListElement\":[{\"@type\":\"ListItem\",\"position\":1,\"name\":\"Portada\",\"item\":\"https:\\\/\\\/lospoliticosveracruz.com\\\/\"},{\"@type\":\"ListItem\",\"position\":2,\"name\":\"15 DERROTAS AL HILO SOLO LAS AGUANTA EL PRI\"}]},{\"@type\":\"WebSite\",\"@id\":\"https:\\\/\\\/lospoliticosveracruz.com\\\/#website\",\"url\":\"https:\\\/\\\/lospoliticosveracruz.com\\\/\",\"name\":\"Los pol\u00edticos Veracruz\",\"description\":\"\",\"publisher\":{\"@id\":\"https:\\\/\\\/lospoliticosveracruz.com\\\/#organization\"},\"potentialAction\":[{\"@type\":\"SearchAction\",\"target\":{\"@type\":\"EntryPoint\",\"urlTemplate\":\"https:\\\/\\\/lospoliticosveracruz.com\\\/?s={search_term_string}\"},\"query-input\":{\"@type\":\"PropertyValueSpecification\",\"valueRequired\":true,\"valueName\":\"search_term_string\"}}],\"inLanguage\":\"es\"},{\"@type\":\"Organization\",\"@id\":\"https:\\\/\\\/lospoliticosveracruz.com\\\/#organization\",\"name\":\"Los pol\u00edticos Veracruz\",\"url\":\"https:\\\/\\\/lospoliticosveracruz.com\\\/\",\"logo\":{\"@type\":\"ImageObject\",\"inLanguage\":\"es\",\"@id\":\"https:\\\/\\\/lospoliticosveracruz.com\\\/#\\\/schema\\\/logo\\\/image\\\/\",\"url\":\"https:\\\/\\\/lospoliticosveracruz.com\\\/wp-content\\\/uploads\\\/2025\\\/12\\\/Logo-Nuevo-LOS-POLITICOS-1.jpg\",\"contentUrl\":\"https:\\\/\\\/lospoliticosveracruz.com\\\/wp-content\\\/uploads\\\/2025\\\/12\\\/Logo-Nuevo-LOS-POLITICOS-1.jpg\",\"width\":260,\"height\":70,\"caption\":\"Los pol\u00edticos Veracruz\"},\"image\":{\"@id\":\"https:\\\/\\\/lospoliticosveracruz.com\\\/#\\\/schema\\\/logo\\\/image\\\/\"},\"sameAs\":[\"https:\\\/\\\/www.facebook.com\\\/people\\\/Notimemes-de-los-Polticos\\\/61565672886568\\\/\",\"https:\\\/\\\/x.com\\\/LosPoliticosVer\"]},{\"@type\":\"Person\",\"@id\":\"https:\\\/\\\/lospoliticosveracruz.com\\\/#\\\/schema\\\/person\\\/b8702bb0e538456e6efd07080bf2a4a2\",\"name\":\"Lo viste en Los Pol\u00edticos\",\"image\":{\"@type\":\"ImageObject\",\"inLanguage\":\"es\",\"@id\":\"https:\\\/\\\/secure.gravatar.com\\\/avatar\\\/3a8de04a2656d44082be478bd6c086daa447c4651605818287b9532d3d0bd435?s=96&d=mm&r=g\",\"url\":\"https:\\\/\\\/secure.gravatar.com\\\/avatar\\\/3a8de04a2656d44082be478bd6c086daa447c4651605818287b9532d3d0bd435?s=96&d=mm&r=g\",\"contentUrl\":\"https:\\\/\\\/secure.gravatar.com\\\/avatar\\\/3a8de04a2656d44082be478bd6c086daa447c4651605818287b9532d3d0bd435?s=96&d=mm&r=g\",\"caption\":\"Lo viste en Los Pol\u00edticos\"},\"url\":\"https:\\\/\\\/lospoliticosveracruz.com\\\/?author=2\"}]}<\/script>\n<!-- \/ Yoast SEO plugin. -->","yoast_head_json":{"title":"15 DERROTAS AL HILO SOLO LAS AGUANTA EL PRI - Los pol\u00edticos Veracruz","robots":{"index":"index","follow":"follow","max-snippet":"max-snippet:-1","max-image-preview":"max-image-preview:large","max-video-preview":"max-video-preview:-1"},"canonical":"https:\/\/lospoliticosveracruz.com\/?p=106808","og_locale":"es_ES","og_type":"article","og_title":"15 DERROTAS AL HILO SOLO LAS AGUANTA EL PRI - Los pol\u00edticos Veracruz","og_description":"Bernardo Guti\u00e9rrez ParraDesde el Caf\u00e9 Con 15 gubernaturas perdidas desde que tom\u00f3 el liderazgo del PRI, Alejandro \u201cAlito\u201d Moreno se ha convertido en el peor dirigente de ese partido en su historia. Y como no se piensa ir hasta despu\u00e9s del 2024, es tiempo de que los priistas lo manden a su casa porque la [&hellip;]","og_url":"https:\/\/lospoliticosveracruz.com\/?p=106808","og_site_name":"Los pol\u00edticos Veracruz","article_publisher":"https:\/\/www.facebook.com\/people\/Notimemes-de-los-Polticos\/61565672886568\/","article_published_time":"2023-06-05T13:25:26+00:00","article_modified_time":"2023-06-05T13:25:35+00:00","og_image":[{"url":"https:\/\/lospoliticosveracruz.com.mx\/wp-content\/uploads\/2023\/02\/Vinissimo.jpg","type":"","width":"","height":""}],"author":"Lo viste en Los Pol\u00edticos","twitter_card":"summary_large_image","twitter_creator":"@LosPoliticosVer","twitter_site":"@LosPoliticosVer","twitter_misc":{"Escrito por":"Lo viste en Los Pol\u00edticos","Tiempo de lectura":"3 minutos"},"schema":{"@context":"https:\/\/schema.org","@graph":[{"@type":"Article","@id":"https:\/\/lospoliticosveracruz.com\/?p=106808#article","isPartOf":{"@id":"https:\/\/lospoliticosveracruz.com\/?p=106808"},"author":{"name":"Lo viste en Los Pol\u00edticos","@id":"https:\/\/lospoliticosveracruz.com\/#\/schema\/person\/b8702bb0e538456e6efd07080bf2a4a2"},"headline":"15 DERROTAS AL HILO SOLO LAS AGUANTA EL PRI","datePublished":"2023-06-05T13:25:26+00:00","dateModified":"2023-06-05T13:25:35+00:00","mainEntityOfPage":{"@id":"https:\/\/lospoliticosveracruz.com\/?p=106808"},"wordCount":687,"publisher":{"@id":"https:\/\/lospoliticosveracruz.com\/#organization"},"image":{"@id":"https:\/\/lospoliticosveracruz.com\/?p=106808#primaryimage"},"thumbnailUrl":"https:\/\/lospoliticosveracruz.com.mx\/wp-content\/uploads\/2023\/02\/Vinissimo.jpg","keywords":["Delfina G\u00f3mez","Marko Cort\u00e9s","PRI"],"articleSection":["De Opini\u00f3n"],"inLanguage":"es"},{"@type":"WebPage","@id":"https:\/\/lospoliticosveracruz.com\/?p=106808","url":"https:\/\/lospoliticosveracruz.com\/?p=106808","name":"15 DERROTAS AL HILO SOLO LAS AGUANTA EL PRI - Los pol\u00edticos Veracruz","isPartOf":{"@id":"https:\/\/lospoliticosveracruz.com\/#website"},"primaryImageOfPage":{"@id":"https:\/\/lospoliticosveracruz.com\/?p=106808#primaryimage"},"image":{"@id":"https:\/\/lospoliticosveracruz.com\/?p=106808#primaryimage"},"thumbnailUrl":"https:\/\/lospoliticosveracruz.com.mx\/wp-content\/uploads\/2023\/02\/Vinissimo.jpg","datePublished":"2023-06-05T13:25:26+00:00","dateModified":"2023-06-05T13:25:35+00:00","breadcrumb":{"@id":"https:\/\/lospoliticosveracruz.com\/?p=106808#breadcrumb"},"inLanguage":"es","potentialAction":[{"@type":"ReadAction","target":["https:\/\/lospoliticosveracruz.com\/?p=106808"]}]},{"@type":"ImageObject","inLanguage":"es","@id":"https:\/\/lospoliticosveracruz.com\/?p=106808#primaryimage","url":"https:\/\/lospoliticosveracruz.com.mx\/wp-content\/uploads\/2023\/02\/Vinissimo.jpg","contentUrl":"https:\/\/lospoliticosveracruz.com.mx\/wp-content\/uploads\/2023\/02\/Vinissimo.jpg"},{"@type":"BreadcrumbList","@id":"https:\/\/lospoliticosveracruz.com\/?p=106808#breadcrumb","itemListElement":[{"@type":"ListItem","position":1,"name":"Portada","item":"https:\/\/lospoliticosveracruz.com\/"},{"@type":"ListItem","position":2,"name":"15 DERROTAS AL HILO SOLO LAS AGUANTA EL PRI"}]},{"@type":"WebSite","@id":"https:\/\/lospoliticosveracruz.com\/#website","url":"https:\/\/lospoliticosveracruz.com\/","name":"Los pol\u00edticos Veracruz","description":"","publisher":{"@id":"https:\/\/lospoliticosveracruz.com\/#organization"},"potentialAction":[{"@type":"SearchAction","target":{"@type":"EntryPoint","urlTemplate":"https:\/\/lospoliticosveracruz.com\/?s={search_term_string}"},"query-input":{"@type":"PropertyValueSpecification","valueRequired":true,"valueName":"search_term_string"}}],"inLanguage":"es"},{"@type":"Organization","@id":"https:\/\/lospoliticosveracruz.com\/#organization","name":"Los pol\u00edticos Veracruz","url":"https:\/\/lospoliticosveracruz.com\/","logo":{"@type":"ImageObject","inLanguage":"es","@id":"https:\/\/lospoliticosveracruz.com\/#\/schema\/logo\/image\/","url":"https:\/\/lospoliticosveracruz.com\/wp-content\/uploads\/2025\/12\/Logo-Nuevo-LOS-POLITICOS-1.jpg","contentUrl":"https:\/\/lospoliticosveracruz.com\/wp-content\/uploads\/2025\/12\/Logo-Nuevo-LOS-POLITICOS-1.jpg","width":260,"height":70,"caption":"Los pol\u00edticos Veracruz"},"image":{"@id":"https:\/\/lospoliticosveracruz.com\/#\/schema\/logo\/image\/"},"sameAs":["https:\/\/www.facebook.com\/people\/Notimemes-de-los-Polticos\/61565672886568\/","https:\/\/x.com\/LosPoliticosVer"]},{"@type":"Person","@id":"https:\/\/lospoliticosveracruz.com\/#\/schema\/person\/b8702bb0e538456e6efd07080bf2a4a2","name":"Lo viste en Los Pol\u00edticos","image":{"@type":"ImageObject","inLanguage":"es","@id":"https:\/\/secure.gravatar.com\/avatar\/3a8de04a2656d44082be478bd6c086daa447c4651605818287b9532d3d0bd435?s=96&d=mm&r=g","url":"https:\/\/secure.gravatar.com\/avatar\/3a8de04a2656d44082be478bd6c086daa447c4651605818287b9532d3d0bd435?s=96&d=mm&r=g","contentUrl":"https:\/\/secure.gravatar.com\/avatar\/3a8de04a2656d44082be478bd6c086daa447c4651605818287b9532d3d0bd435?s=96&d=mm&r=g","caption":"Lo viste en Los Pol\u00edticos"},"url":"https:\/\/lospoliticosveracruz.com\/?author=2"}]}},"_links":{"self":[{"href":"https:\/\/lospoliticosveracruz.com\/index.php?rest_route=\/wp\/v2\/posts\/106808","targetHints":{"allow":["GET"]}}],"collection":[{"href":"https:\/\/lospoliticosveracruz.com\/index.php?rest_route=\/wp\/v2\/posts"}],"about":[{"href":"https:\/\/lospoliticosveracruz.com\/index.php?rest_route=\/wp\/v2\/types\/post"}],"author":[{"embeddable":true,"href":"https:\/\/lospoliticosveracruz.com\/index.php?rest_route=\/wp\/v2\/users\/2"}],"replies":[{"embeddable":true,"href":"https:\/\/lospoliticosveracruz.com\/index.php?rest_route=%2Fwp%2Fv2%2Fcomments&post=106808"}],"version-history":[{"count":1,"href":"https:\/\/lospoliticosveracruz.com\/index.php?rest_route=\/wp\/v2\/posts\/106808\/revisions"}],"predecessor-version":[{"id":106809,"href":"https:\/\/lospoliticosveracruz.com\/index.php?rest_route=\/wp\/v2\/posts\/106808\/revisions\/106809"}],"wp:attachment":[{"href":"https:\/\/lospoliticosveracruz.com\/index.php?rest_route=%2Fwp%2Fv2%2Fmedia&parent=106808"}],"wp:term":[{"taxonomy":"category","embeddable":true,"href":"https:\/\/lospoliticosveracruz.com\/index.php?rest_route=%2Fwp%2Fv2%2Fcategories&post=106808"},{"taxonomy":"post_tag","embeddable":true,"href":"https:\/\/lospoliticosveracruz.com\/index.php?rest_route=%2Fwp%2Fv2%2Ftags&post=106808"}],"curies":[{"name":"wp","href":"https:\/\/api.w.org\/{rel}","templated":true}]}}