{"id":106884,"date":"2023-06-06T08:45:30","date_gmt":"2023-06-06T13:45:30","guid":{"rendered":"https:\/\/lospoliticosveracruz.com.mx\/?p=106884"},"modified":"2023-06-06T08:45:38","modified_gmt":"2023-06-06T13:45:38","slug":"lo-pagara-con-dios-el-senor-gobernador","status":"publish","type":"post","link":"https:\/\/lospoliticosveracruz.com\/?p=106884","title":{"rendered":"\u00bfLO PAGAR\u00c1 CON DIOS EL SE\u00d1OR GOBERNADOR?"},"content":{"rendered":"\n<p><strong>Bernardo Guti\u00e9rrez Parra\u00a0<\/strong><\/p>\n\n\n\n<p><em>Desde el Caf\u00e9<\/em><\/p>\n\n\n\n<p>En las postrimer\u00edas del gobierno de Javier Duarte, cuando Veracruz estaba hecho pedazos, se realiz\u00f3 la en\u00e9sima manifestaci\u00f3n de jubilados en la Plaza Lerdo que exig\u00edan el dinero de sus pensiones.\u00a0<br><\/p>\n\n\n<div class=\"wp-block-image\">\n<figure class=\"alignleft size-full is-resized\"><a href=\"https:\/\/lospoliticosveracruz.com.mx\/wp-content\/uploads\/2023\/02\/Vinissimo.jpg\"><img loading=\"lazy\" decoding=\"async\" src=\"https:\/\/lospoliticosveracruz.com.mx\/wp-content\/uploads\/2023\/02\/Vinissimo.jpg\" alt=\"\" class=\"wp-image-102752\" width=\"175\" height=\"178\"\/><\/a><\/figure>\n<\/div>\n\n\n<p>La nota period\u00edstica que rescat\u00e9 aquella ma\u00f1ana fue la de una ancianita que se desprendi\u00f3 del grueso del grupo, se par\u00f3 bajo el balc\u00f3n de Palacio de Gobierno por donde se asomaba de vez en cuando Javier Duarte y dijo con voz apenas audible: \u201cEsta infamia que nos haces la vas a pagar con Dios, se\u00f1or gobernador\u201d.&nbsp;&nbsp;<\/p>\n\n\n\n<p>Ignoro si con la prisi\u00f3n que est\u00e1 purgando Javier el Se\u00f1or le est\u00e9 pasando la factura por el dinero que les birl\u00f3 a los jubilados, pero de que algo est\u00e1 pagando de eso no hay duda.&nbsp;<\/p>\n\n\n\n<p>Esta semana el portal de noticias NV Periodismo de Investigaci\u00f3n, sac\u00f3 a la luz un reportaje sobre los pol\u00edticos que han enviado a la c\u00e1rcel el gobernador Cuitl\u00e1huac Garc\u00eda, el secretario de Gobierno Eric Cisneros y la Fiscal Ver\u00f3nica Hern\u00e1ndez Giad\u00e1ns y que no son otra cosa que presos pol\u00edticos.&nbsp;<\/p>\n\n\n\n<p>La lista la encabeza Rogelio Franco y le siguen al menos media docena. Todos acusados injustamente, todos con delitos inventados que han echado legalmente para abajo, pero (a excepci\u00f3n de Jos\u00e9 Manuel del R\u00edo Virgen) todos siguen en prisi\u00f3n.&nbsp;<\/p>\n\n\n\n<p>\u201cLa persecuci\u00f3n pol\u00edtica en Veracruz utiliza las mismas herramientas del poder, algunas m\u00e1s temidas que otras: la fuerza, la c\u00e1rcel, la amenaza, el acoso, el exilio y el ostracismo. Y en la mayor\u00eda de los casos los presuntos culpables resultan ser las v\u00edctimas\u201d, dice el reportaje firmado por el periodista Luis Dom\u00ednguez Rangel.&nbsp;<\/p>\n\n\n\n<p>Dom\u00ednguez agrega: \u201cLa verdad ante los ojos de la sociedad es ineludible; el Ejecutivo usa el poder para controlar, contener, acusar y encarcelar sin pruebas, pero tambi\u00e9n sin existir ning\u00fan delito. Esto adem\u00e1s ha dado paso a la destrucci\u00f3n de carreras profesionales y pol\u00edticas, vida social, separaci\u00f3n de familias y dolor\u201d.&nbsp;&nbsp;<\/p>\n\n\n\n<p>A Jos\u00e9 Manuel del R\u00edo Virgen el gobierno le fabric\u00f3 la autor\u00eda intelectual de un asesinato cuando no hubo siquiera un testigo de o\u00eddas que lo se\u00f1alara. Tito Delf\u00edn Cano, que se aprestaba a ser dirigente estatal del PAN, fue acusado de abuso de autoridad, incumplimiento de un deber legal y fraude.&nbsp;<\/p>\n\n\n\n<p>Fabi\u00e1n C\u00e1rdenas, alcalde electo de Lerdo de Tejada por el partido Morena, fue detenido por el delito de secuestro a pesar de que la presunta v\u00edctima declar\u00f3 que nunca fue privado de su libertad.&nbsp;<\/p>\n\n\n\n<p>Gregorio G\u00f3mez Mart\u00ednez que fuera candidato de la alianza PAN-PRI-PRD a la alcald\u00eda de Tihuatl\u00e1n, fue detenido por posesi\u00f3n de arma de fuego, posesi\u00f3n de un veh\u00edculo robado y ultrajes a la autoridad, cuando una c\u00e1mara de video grab\u00f3 que las autoridades presuntamente ultrajadas lo subieron a golpes a una camioneta.&nbsp;<\/p>\n\n\n\n<p>Sin duda el caso m\u00e1s grave por lo arbitrario (aunque las arriba mencionadas tambi\u00e9n han sido detenciones arbitrarias)), fue la aprehensi\u00f3n de la periodista y ex alcaldesa de Ixhuatl\u00e1n del Caf\u00e9, Viridiana Bret\u00f3n Feito y cuatro l\u00edderes cafetaleros acusados de quemar un beneficio del Caf\u00e9 en enero del 2022.&nbsp;<\/p>\n\n\n\n<p>La lista de presos pol\u00edticos es larga lector, las pruebas endebles o inventadas, pero para el gobierno estatal son culpables y punto.&nbsp;<\/p>\n\n\n\n<p>Este fin de semana Cuitl\u00e1huac y sus \u201cjusticieros\u201d cometieron un ultraje m\u00e1s al ordenar la detenci\u00f3n de la juez de control Ang\u00e9lica S\u00e1nchez Hern\u00e1ndez, acusada por el gobernador de dejar en libertad a Itiel Palacios Garc\u00eda alias el Compa Playa, presunto asesino del diputado local Juan Carlos Molina.&nbsp;<\/p>\n\n\n\n<p>Para ello, Cuitl\u00e1huac cont\u00f3 con la complicidad de la Presidenta del Tribunal Superior de Justicia de Veracruz, Aurelia Jim\u00e9nez Aguirre, que traicion\u00f3 a la juez y la entreg\u00f3 al Ejecutivo estatal.&nbsp;<\/p>\n\n\n\n<p>Los abogados del acusado demostraron que el d\u00eda del asesinato Itiel estaba en una fiesta infantil en Le\u00f3n Guanajuato y as\u00ed lo atestiguaron al menos veinte asistentes al evento. Por esa y otras inconsistencias en el proceso, un juez orden\u00f3 su inmediata libertad.&nbsp;<\/p>\n\n\n\n<p>Cuando Itiel sal\u00eda de la prisi\u00f3n de Ramos Arizpe, Coahuila (porque hasta all\u00e1 lo mandaron), agentes de la Fiscal\u00eda veracruzana lo acusaron de un par de asesinatos en Playa Vicente y lo regresaron a su celda.&nbsp;&nbsp;<\/p>\n\n\n\n<p>Nuevamente los abogados hicieron su chamba y un togado federal orden\u00f3 a Ang\u00e9lica S\u00e1nchez su inmediata libertad. Y la juez acat\u00f3 la orden.&nbsp;<\/p>\n\n\n\n<p>La ahora detenida dijo a trav\u00e9s de su hija que orden\u00f3 la libertad de Itiel Palacios \u201cpor los defectos en la investigaci\u00f3n de la Fiscal\u00eda de Veracruz\u201d. Pero admiti\u00f3 que \u201csu pecado\u201d fue no informarle a la magistrada presidenta Aurelia Jim\u00e9nez sobre la decisi\u00f3n que hab\u00eda tomado.&nbsp;<\/p>\n\n\n\n<p>Y la encarcelaron.&nbsp;<\/p>\n\n\n\n<p>No s\u00e9 si te has dado cuenta lector, pero cada vez que la Fiscal\u00eda de Ver\u00f3nica Hern\u00e1ndez Giad\u00e1ns mete la pata (lo que sucede con alarmante frecuencia), Cuitl\u00e1huac Garc\u00eda le echa la culpa a los jueces.&nbsp;&nbsp;<\/p>\n\n\n\n<p>\u00bfAng\u00e9lica S\u00e1nchez es una presa pol\u00edtica? No. Es una funcionaria que por cumplir con su deber est\u00e1 injustamente encarcelada.<\/p>\n\n\n\n<p>Estos son solo unos ejemplos de la represi\u00f3n que ejerce el gobierno estatal contra opositores, adversarios, pol\u00edticos, funcionarios que cumplen con su trabajo y hasta contra cualquier hijo de vecino.&nbsp;<\/p>\n\n\n\n<p>\u00bfSer\u00e1 que alguna vez Cuitl\u00e1huac, Eric y Ver\u00f3nica paguen ante Dios por su ignominiosa represi\u00f3n, crueldad y abuso de autoridad? Qui\u00e9n sabe. Pero con que paguen ante la justicia, hasta el mismo Creador se dar\u00e1 por bien servido.&nbsp;<\/p>\n\n\n\n<p>bernardogup@hotmail.com<\/p>\n","protected":false},"excerpt":{"rendered":"<p>Bernardo Guti\u00e9rrez Parra\u00a0 Desde el Caf\u00e9 En las postrimer\u00edas del gobierno de Javier Duarte, cuando Veracruz estaba hecho pedazos, se realiz\u00f3 la en\u00e9sima manifestaci\u00f3n de jubilados en la Plaza Lerdo que exig\u00edan el dinero de sus pensiones.\u00a0 La nota period\u00edstica que rescat\u00e9 aquella ma\u00f1ana fue la de una ancianita que se desprendi\u00f3 del grueso del [&hellip;]<\/p>\n","protected":false},"author":2,"featured_media":0,"comment_status":"closed","ping_status":"closed","sticky":false,"template":"","format":"standard","meta":{"tdm_status":"","tdm_grid_status":"","footnotes":""},"categories":[70],"tags":[38328,1563,12299,9252,260,36463,1026,808,7518,195,15165,9188],"class_list":{"0":"post-106884","1":"post","2":"type-post","3":"status-publish","4":"format-standard","6":"category-de-opinion","7":"tag-angelica-sanchez-hernandez","8":"tag-cuitlahuac-garcia-jimenez","9":"tag-eric-cisneros-burgos","10":"tag-gregorio-gomez-martinez","11":"tag-javier-duarte-de-ochoa","12":"tag-lisbeth-aurelia-jimenez-aguirre","13":"tag-morena","14":"tag-rogelio-franco-castan","15":"tag-tito-delfin-cano","16":"tag-veracruz","17":"tag-veronica-hernandez-giadans","18":"tag-viridiana-breton-feito"},"yoast_head":"<!-- This site is optimized with the Yoast SEO plugin v27.4 - https:\/\/yoast.com\/product\/yoast-seo-wordpress\/ -->\n<title>\u00bfLO PAGAR\u00c1 CON DIOS EL SE\u00d1OR GOBERNADOR? - Los pol\u00edticos Veracruz<\/title>\n<meta name=\"robots\" content=\"index, follow, max-snippet:-1, max-image-preview:large, max-video-preview:-1\" \/>\n<link rel=\"canonical\" href=\"https:\/\/lospoliticosveracruz.com\/?p=106884\" \/>\n<meta property=\"og:locale\" content=\"es_ES\" \/>\n<meta property=\"og:type\" content=\"article\" \/>\n<meta property=\"og:title\" content=\"\u00bfLO PAGAR\u00c1 CON DIOS EL SE\u00d1OR GOBERNADOR? - Los pol\u00edticos Veracruz\" \/>\n<meta property=\"og:description\" content=\"Bernardo Guti\u00e9rrez Parra\u00a0 Desde el Caf\u00e9 En las postrimer\u00edas del gobierno de Javier Duarte, cuando Veracruz estaba hecho pedazos, se realiz\u00f3 la en\u00e9sima manifestaci\u00f3n de jubilados en la Plaza Lerdo que exig\u00edan el dinero de sus pensiones.\u00a0 La nota period\u00edstica que rescat\u00e9 aquella ma\u00f1ana fue la de una ancianita que se desprendi\u00f3 del grueso del [&hellip;]\" \/>\n<meta property=\"og:url\" content=\"https:\/\/lospoliticosveracruz.com\/?p=106884\" \/>\n<meta property=\"og:site_name\" content=\"Los pol\u00edticos Veracruz\" \/>\n<meta property=\"article:publisher\" content=\"https:\/\/www.facebook.com\/people\/Notimemes-de-los-Polticos\/61565672886568\/\" \/>\n<meta property=\"article:published_time\" content=\"2023-06-06T13:45:30+00:00\" \/>\n<meta property=\"article:modified_time\" content=\"2023-06-06T13:45:38+00:00\" \/>\n<meta property=\"og:image\" content=\"https:\/\/lospoliticosveracruz.com.mx\/wp-content\/uploads\/2023\/02\/Vinissimo.jpg\" \/>\n<meta name=\"author\" content=\"Lo viste en Los Pol\u00edticos\" \/>\n<meta name=\"twitter:card\" content=\"summary_large_image\" \/>\n<meta name=\"twitter:creator\" content=\"@LosPoliticosVer\" \/>\n<meta name=\"twitter:site\" content=\"@LosPoliticosVer\" \/>\n<meta name=\"twitter:label1\" content=\"Escrito por\" \/>\n\t<meta name=\"twitter:data1\" content=\"Lo viste en Los Pol\u00edticos\" \/>\n\t<meta name=\"twitter:label2\" content=\"Tiempo de lectura\" \/>\n\t<meta name=\"twitter:data2\" content=\"5 minutos\" \/>\n<script type=\"application\/ld+json\" class=\"yoast-schema-graph\">{\"@context\":\"https:\\\/\\\/schema.org\",\"@graph\":[{\"@type\":\"Article\",\"@id\":\"https:\\\/\\\/lospoliticosveracruz.com\\\/?p=106884#article\",\"isPartOf\":{\"@id\":\"https:\\\/\\\/lospoliticosveracruz.com\\\/?p=106884\"},\"author\":{\"name\":\"Lo viste en Los Pol\u00edticos\",\"@id\":\"https:\\\/\\\/lospoliticosveracruz.com\\\/#\\\/schema\\\/person\\\/b8702bb0e538456e6efd07080bf2a4a2\"},\"headline\":\"\u00bfLO PAGAR\u00c1 CON DIOS EL SE\u00d1OR GOBERNADOR?\",\"datePublished\":\"2023-06-06T13:45:30+00:00\",\"dateModified\":\"2023-06-06T13:45:38+00:00\",\"mainEntityOfPage\":{\"@id\":\"https:\\\/\\\/lospoliticosveracruz.com\\\/?p=106884\"},\"wordCount\":1017,\"publisher\":{\"@id\":\"https:\\\/\\\/lospoliticosveracruz.com\\\/#organization\"},\"image\":{\"@id\":\"https:\\\/\\\/lospoliticosveracruz.com\\\/?p=106884#primaryimage\"},\"thumbnailUrl\":\"https:\\\/\\\/lospoliticosveracruz.com.mx\\\/wp-content\\\/uploads\\\/2023\\\/02\\\/Vinissimo.jpg\",\"keywords\":[\"Ang\u00e9lica S\u00e1nchez Hern\u00e1ndez\",\"Cuitl\u00e1huac Garc\u00eda Jim\u00e9nez\",\"Eric Cisneros Burgos\",\"Gregorio G\u00f3mez Mart\u00ednez\",\"Javier Duarte de Ochoa\",\"Lisbeth Aurelia Jim\u00e9nez Aguirre\",\"Morena\",\"Rogelio Franco Cast\u00e1n\",\"Tito Delf\u00edn Cano\",\"Veracruz\",\"Ver\u00f3nica Hern\u00e1ndez Giad\u00e1ns\",\"Viridiana Bret\u00f3n Feito\"],\"articleSection\":[\"De Opini\u00f3n\"],\"inLanguage\":\"es\"},{\"@type\":\"WebPage\",\"@id\":\"https:\\\/\\\/lospoliticosveracruz.com\\\/?p=106884\",\"url\":\"https:\\\/\\\/lospoliticosveracruz.com\\\/?p=106884\",\"name\":\"\u00bfLO PAGAR\u00c1 CON DIOS EL SE\u00d1OR GOBERNADOR? - Los pol\u00edticos Veracruz\",\"isPartOf\":{\"@id\":\"https:\\\/\\\/lospoliticosveracruz.com\\\/#website\"},\"primaryImageOfPage\":{\"@id\":\"https:\\\/\\\/lospoliticosveracruz.com\\\/?p=106884#primaryimage\"},\"image\":{\"@id\":\"https:\\\/\\\/lospoliticosveracruz.com\\\/?p=106884#primaryimage\"},\"thumbnailUrl\":\"https:\\\/\\\/lospoliticosveracruz.com.mx\\\/wp-content\\\/uploads\\\/2023\\\/02\\\/Vinissimo.jpg\",\"datePublished\":\"2023-06-06T13:45:30+00:00\",\"dateModified\":\"2023-06-06T13:45:38+00:00\",\"breadcrumb\":{\"@id\":\"https:\\\/\\\/lospoliticosveracruz.com\\\/?p=106884#breadcrumb\"},\"inLanguage\":\"es\",\"potentialAction\":[{\"@type\":\"ReadAction\",\"target\":[\"https:\\\/\\\/lospoliticosveracruz.com\\\/?p=106884\"]}]},{\"@type\":\"ImageObject\",\"inLanguage\":\"es\",\"@id\":\"https:\\\/\\\/lospoliticosveracruz.com\\\/?p=106884#primaryimage\",\"url\":\"https:\\\/\\\/lospoliticosveracruz.com.mx\\\/wp-content\\\/uploads\\\/2023\\\/02\\\/Vinissimo.jpg\",\"contentUrl\":\"https:\\\/\\\/lospoliticosveracruz.com.mx\\\/wp-content\\\/uploads\\\/2023\\\/02\\\/Vinissimo.jpg\"},{\"@type\":\"BreadcrumbList\",\"@id\":\"https:\\\/\\\/lospoliticosveracruz.com\\\/?p=106884#breadcrumb\",\"itemListElement\":[{\"@type\":\"ListItem\",\"position\":1,\"name\":\"Portada\",\"item\":\"https:\\\/\\\/lospoliticosveracruz.com\\\/\"},{\"@type\":\"ListItem\",\"position\":2,\"name\":\"\u00bfLO PAGAR\u00c1 CON DIOS EL SE\u00d1OR GOBERNADOR?\"}]},{\"@type\":\"WebSite\",\"@id\":\"https:\\\/\\\/lospoliticosveracruz.com\\\/#website\",\"url\":\"https:\\\/\\\/lospoliticosveracruz.com\\\/\",\"name\":\"Los pol\u00edticos Veracruz\",\"description\":\"\",\"publisher\":{\"@id\":\"https:\\\/\\\/lospoliticosveracruz.com\\\/#organization\"},\"potentialAction\":[{\"@type\":\"SearchAction\",\"target\":{\"@type\":\"EntryPoint\",\"urlTemplate\":\"https:\\\/\\\/lospoliticosveracruz.com\\\/?s={search_term_string}\"},\"query-input\":{\"@type\":\"PropertyValueSpecification\",\"valueRequired\":true,\"valueName\":\"search_term_string\"}}],\"inLanguage\":\"es\"},{\"@type\":\"Organization\",\"@id\":\"https:\\\/\\\/lospoliticosveracruz.com\\\/#organization\",\"name\":\"Los pol\u00edticos Veracruz\",\"url\":\"https:\\\/\\\/lospoliticosveracruz.com\\\/\",\"logo\":{\"@type\":\"ImageObject\",\"inLanguage\":\"es\",\"@id\":\"https:\\\/\\\/lospoliticosveracruz.com\\\/#\\\/schema\\\/logo\\\/image\\\/\",\"url\":\"https:\\\/\\\/lospoliticosveracruz.com\\\/wp-content\\\/uploads\\\/2025\\\/12\\\/Logo-Nuevo-LOS-POLITICOS-1.jpg\",\"contentUrl\":\"https:\\\/\\\/lospoliticosveracruz.com\\\/wp-content\\\/uploads\\\/2025\\\/12\\\/Logo-Nuevo-LOS-POLITICOS-1.jpg\",\"width\":260,\"height\":70,\"caption\":\"Los pol\u00edticos Veracruz\"},\"image\":{\"@id\":\"https:\\\/\\\/lospoliticosveracruz.com\\\/#\\\/schema\\\/logo\\\/image\\\/\"},\"sameAs\":[\"https:\\\/\\\/www.facebook.com\\\/people\\\/Notimemes-de-los-Polticos\\\/61565672886568\\\/\",\"https:\\\/\\\/x.com\\\/LosPoliticosVer\"]},{\"@type\":\"Person\",\"@id\":\"https:\\\/\\\/lospoliticosveracruz.com\\\/#\\\/schema\\\/person\\\/b8702bb0e538456e6efd07080bf2a4a2\",\"name\":\"Lo viste en Los Pol\u00edticos\",\"image\":{\"@type\":\"ImageObject\",\"inLanguage\":\"es\",\"@id\":\"https:\\\/\\\/secure.gravatar.com\\\/avatar\\\/3a8de04a2656d44082be478bd6c086daa447c4651605818287b9532d3d0bd435?s=96&d=mm&r=g\",\"url\":\"https:\\\/\\\/secure.gravatar.com\\\/avatar\\\/3a8de04a2656d44082be478bd6c086daa447c4651605818287b9532d3d0bd435?s=96&d=mm&r=g\",\"contentUrl\":\"https:\\\/\\\/secure.gravatar.com\\\/avatar\\\/3a8de04a2656d44082be478bd6c086daa447c4651605818287b9532d3d0bd435?s=96&d=mm&r=g\",\"caption\":\"Lo viste en Los Pol\u00edticos\"},\"url\":\"https:\\\/\\\/lospoliticosveracruz.com\\\/?author=2\"}]}<\/script>\n<!-- \/ Yoast SEO plugin. -->","yoast_head_json":{"title":"\u00bfLO PAGAR\u00c1 CON DIOS EL SE\u00d1OR GOBERNADOR? - Los pol\u00edticos Veracruz","robots":{"index":"index","follow":"follow","max-snippet":"max-snippet:-1","max-image-preview":"max-image-preview:large","max-video-preview":"max-video-preview:-1"},"canonical":"https:\/\/lospoliticosveracruz.com\/?p=106884","og_locale":"es_ES","og_type":"article","og_title":"\u00bfLO PAGAR\u00c1 CON DIOS EL SE\u00d1OR GOBERNADOR? - Los pol\u00edticos Veracruz","og_description":"Bernardo Guti\u00e9rrez Parra\u00a0 Desde el Caf\u00e9 En las postrimer\u00edas del gobierno de Javier Duarte, cuando Veracruz estaba hecho pedazos, se realiz\u00f3 la en\u00e9sima manifestaci\u00f3n de jubilados en la Plaza Lerdo que exig\u00edan el dinero de sus pensiones.\u00a0 La nota period\u00edstica que rescat\u00e9 aquella ma\u00f1ana fue la de una ancianita que se desprendi\u00f3 del grueso del [&hellip;]","og_url":"https:\/\/lospoliticosveracruz.com\/?p=106884","og_site_name":"Los pol\u00edticos Veracruz","article_publisher":"https:\/\/www.facebook.com\/people\/Notimemes-de-los-Polticos\/61565672886568\/","article_published_time":"2023-06-06T13:45:30+00:00","article_modified_time":"2023-06-06T13:45:38+00:00","og_image":[{"url":"https:\/\/lospoliticosveracruz.com.mx\/wp-content\/uploads\/2023\/02\/Vinissimo.jpg","type":"","width":"","height":""}],"author":"Lo viste en Los Pol\u00edticos","twitter_card":"summary_large_image","twitter_creator":"@LosPoliticosVer","twitter_site":"@LosPoliticosVer","twitter_misc":{"Escrito por":"Lo viste en Los Pol\u00edticos","Tiempo de lectura":"5 minutos"},"schema":{"@context":"https:\/\/schema.org","@graph":[{"@type":"Article","@id":"https:\/\/lospoliticosveracruz.com\/?p=106884#article","isPartOf":{"@id":"https:\/\/lospoliticosveracruz.com\/?p=106884"},"author":{"name":"Lo viste en Los Pol\u00edticos","@id":"https:\/\/lospoliticosveracruz.com\/#\/schema\/person\/b8702bb0e538456e6efd07080bf2a4a2"},"headline":"\u00bfLO PAGAR\u00c1 CON DIOS EL SE\u00d1OR GOBERNADOR?","datePublished":"2023-06-06T13:45:30+00:00","dateModified":"2023-06-06T13:45:38+00:00","mainEntityOfPage":{"@id":"https:\/\/lospoliticosveracruz.com\/?p=106884"},"wordCount":1017,"publisher":{"@id":"https:\/\/lospoliticosveracruz.com\/#organization"},"image":{"@id":"https:\/\/lospoliticosveracruz.com\/?p=106884#primaryimage"},"thumbnailUrl":"https:\/\/lospoliticosveracruz.com.mx\/wp-content\/uploads\/2023\/02\/Vinissimo.jpg","keywords":["Ang\u00e9lica S\u00e1nchez Hern\u00e1ndez","Cuitl\u00e1huac Garc\u00eda Jim\u00e9nez","Eric Cisneros Burgos","Gregorio G\u00f3mez Mart\u00ednez","Javier Duarte de Ochoa","Lisbeth Aurelia Jim\u00e9nez Aguirre","Morena","Rogelio Franco Cast\u00e1n","Tito Delf\u00edn Cano","Veracruz","Ver\u00f3nica Hern\u00e1ndez Giad\u00e1ns","Viridiana Bret\u00f3n Feito"],"articleSection":["De Opini\u00f3n"],"inLanguage":"es"},{"@type":"WebPage","@id":"https:\/\/lospoliticosveracruz.com\/?p=106884","url":"https:\/\/lospoliticosveracruz.com\/?p=106884","name":"\u00bfLO PAGAR\u00c1 CON DIOS EL SE\u00d1OR GOBERNADOR? - Los pol\u00edticos Veracruz","isPartOf":{"@id":"https:\/\/lospoliticosveracruz.com\/#website"},"primaryImageOfPage":{"@id":"https:\/\/lospoliticosveracruz.com\/?p=106884#primaryimage"},"image":{"@id":"https:\/\/lospoliticosveracruz.com\/?p=106884#primaryimage"},"thumbnailUrl":"https:\/\/lospoliticosveracruz.com.mx\/wp-content\/uploads\/2023\/02\/Vinissimo.jpg","datePublished":"2023-06-06T13:45:30+00:00","dateModified":"2023-06-06T13:45:38+00:00","breadcrumb":{"@id":"https:\/\/lospoliticosveracruz.com\/?p=106884#breadcrumb"},"inLanguage":"es","potentialAction":[{"@type":"ReadAction","target":["https:\/\/lospoliticosveracruz.com\/?p=106884"]}]},{"@type":"ImageObject","inLanguage":"es","@id":"https:\/\/lospoliticosveracruz.com\/?p=106884#primaryimage","url":"https:\/\/lospoliticosveracruz.com.mx\/wp-content\/uploads\/2023\/02\/Vinissimo.jpg","contentUrl":"https:\/\/lospoliticosveracruz.com.mx\/wp-content\/uploads\/2023\/02\/Vinissimo.jpg"},{"@type":"BreadcrumbList","@id":"https:\/\/lospoliticosveracruz.com\/?p=106884#breadcrumb","itemListElement":[{"@type":"ListItem","position":1,"name":"Portada","item":"https:\/\/lospoliticosveracruz.com\/"},{"@type":"ListItem","position":2,"name":"\u00bfLO PAGAR\u00c1 CON DIOS EL SE\u00d1OR GOBERNADOR?"}]},{"@type":"WebSite","@id":"https:\/\/lospoliticosveracruz.com\/#website","url":"https:\/\/lospoliticosveracruz.com\/","name":"Los pol\u00edticos Veracruz","description":"","publisher":{"@id":"https:\/\/lospoliticosveracruz.com\/#organization"},"potentialAction":[{"@type":"SearchAction","target":{"@type":"EntryPoint","urlTemplate":"https:\/\/lospoliticosveracruz.com\/?s={search_term_string}"},"query-input":{"@type":"PropertyValueSpecification","valueRequired":true,"valueName":"search_term_string"}}],"inLanguage":"es"},{"@type":"Organization","@id":"https:\/\/lospoliticosveracruz.com\/#organization","name":"Los pol\u00edticos Veracruz","url":"https:\/\/lospoliticosveracruz.com\/","logo":{"@type":"ImageObject","inLanguage":"es","@id":"https:\/\/lospoliticosveracruz.com\/#\/schema\/logo\/image\/","url":"https:\/\/lospoliticosveracruz.com\/wp-content\/uploads\/2025\/12\/Logo-Nuevo-LOS-POLITICOS-1.jpg","contentUrl":"https:\/\/lospoliticosveracruz.com\/wp-content\/uploads\/2025\/12\/Logo-Nuevo-LOS-POLITICOS-1.jpg","width":260,"height":70,"caption":"Los pol\u00edticos Veracruz"},"image":{"@id":"https:\/\/lospoliticosveracruz.com\/#\/schema\/logo\/image\/"},"sameAs":["https:\/\/www.facebook.com\/people\/Notimemes-de-los-Polticos\/61565672886568\/","https:\/\/x.com\/LosPoliticosVer"]},{"@type":"Person","@id":"https:\/\/lospoliticosveracruz.com\/#\/schema\/person\/b8702bb0e538456e6efd07080bf2a4a2","name":"Lo viste en Los Pol\u00edticos","image":{"@type":"ImageObject","inLanguage":"es","@id":"https:\/\/secure.gravatar.com\/avatar\/3a8de04a2656d44082be478bd6c086daa447c4651605818287b9532d3d0bd435?s=96&d=mm&r=g","url":"https:\/\/secure.gravatar.com\/avatar\/3a8de04a2656d44082be478bd6c086daa447c4651605818287b9532d3d0bd435?s=96&d=mm&r=g","contentUrl":"https:\/\/secure.gravatar.com\/avatar\/3a8de04a2656d44082be478bd6c086daa447c4651605818287b9532d3d0bd435?s=96&d=mm&r=g","caption":"Lo viste en Los Pol\u00edticos"},"url":"https:\/\/lospoliticosveracruz.com\/?author=2"}]}},"_links":{"self":[{"href":"https:\/\/lospoliticosveracruz.com\/index.php?rest_route=\/wp\/v2\/posts\/106884","targetHints":{"allow":["GET"]}}],"collection":[{"href":"https:\/\/lospoliticosveracruz.com\/index.php?rest_route=\/wp\/v2\/posts"}],"about":[{"href":"https:\/\/lospoliticosveracruz.com\/index.php?rest_route=\/wp\/v2\/types\/post"}],"author":[{"embeddable":true,"href":"https:\/\/lospoliticosveracruz.com\/index.php?rest_route=\/wp\/v2\/users\/2"}],"replies":[{"embeddable":true,"href":"https:\/\/lospoliticosveracruz.com\/index.php?rest_route=%2Fwp%2Fv2%2Fcomments&post=106884"}],"version-history":[{"count":1,"href":"https:\/\/lospoliticosveracruz.com\/index.php?rest_route=\/wp\/v2\/posts\/106884\/revisions"}],"predecessor-version":[{"id":106885,"href":"https:\/\/lospoliticosveracruz.com\/index.php?rest_route=\/wp\/v2\/posts\/106884\/revisions\/106885"}],"wp:attachment":[{"href":"https:\/\/lospoliticosveracruz.com\/index.php?rest_route=%2Fwp%2Fv2%2Fmedia&parent=106884"}],"wp:term":[{"taxonomy":"category","embeddable":true,"href":"https:\/\/lospoliticosveracruz.com\/index.php?rest_route=%2Fwp%2Fv2%2Fcategories&post=106884"},{"taxonomy":"post_tag","embeddable":true,"href":"https:\/\/lospoliticosveracruz.com\/index.php?rest_route=%2Fwp%2Fv2%2Ftags&post=106884"}],"curies":[{"name":"wp","href":"https:\/\/api.w.org\/{rel}","templated":true}]}}