{"id":106939,"date":"2023-06-07T08:49:33","date_gmt":"2023-06-07T13:49:33","guid":{"rendered":"https:\/\/lospoliticosveracruz.com.mx\/?p=106939"},"modified":"2023-06-07T08:50:24","modified_gmt":"2023-06-07T13:50:24","slug":"se-nos-va-marcelo-burlado-y-enganado","status":"publish","type":"post","link":"https:\/\/lospoliticosveracruz.com\/?p=106939","title":{"rendered":"SE NOS VA MARCELO BURLADO Y ENGA\u00d1ADO"},"content":{"rendered":"\n<p><\/p>\n\n\n\n<p><strong>Bernardo Guti\u00e9rrez Parra<br><\/strong><em>Desde el Caf\u00e9<\/em><\/p>\n\n\n\n<p>Desde su primer d\u00eda en la canciller\u00eda, Marcelo Ebrard crey\u00f3 inocentemente que su siguiente paso en la pol\u00edtica ser\u00eda llegar a Palacio Nacional con la banda tricolor terciada al pecho. Y c\u00f3mo no pensar as\u00ed si su amigo Andr\u00e9s Manuel L\u00f3pez Obrador le hab\u00eda prometido la candidatura a la presidencia despu\u00e9s de que el propio Marcelo declin\u00f3 a su favor en 2012.<\/p>\n\n\n<div class=\"wp-block-image\">\n<figure class=\"alignleft size-medium\"><a href=\"https:\/\/lospoliticosveracruz.com.mx\/wp-content\/uploads\/2021\/10\/WhatsApp-Image-2021-10-02-at-15.20.25.jpeg\"><img loading=\"lazy\" decoding=\"async\" width=\"212\" height=\"300\" src=\"https:\/\/lospoliticosveracruz.com.mx\/wp-content\/uploads\/2021\/10\/WhatsApp-Image-2021-10-02-at-15.20.25-212x300.jpeg\" alt=\"\" class=\"wp-image-80177\" srcset=\"https:\/\/lospoliticosveracruz.com\/wp-content\/uploads\/2021\/10\/WhatsApp-Image-2021-10-02-at-15.20.25-212x300.jpeg 212w, https:\/\/lospoliticosveracruz.com\/wp-content\/uploads\/2021\/10\/WhatsApp-Image-2021-10-02-at-15.20.25-724x1024.jpeg 724w, https:\/\/lospoliticosveracruz.com\/wp-content\/uploads\/2021\/10\/WhatsApp-Image-2021-10-02-at-15.20.25-768x1086.jpeg 768w, https:\/\/lospoliticosveracruz.com\/wp-content\/uploads\/2021\/10\/WhatsApp-Image-2021-10-02-at-15.20.25.jpeg 905w\" sizes=\"auto, (max-width: 212px) 100vw, 212px\" \/><\/a><\/figure>\n<\/div>\n\n\n<p>Pero Andr\u00e9s Manuel lo enga\u00f1\u00f3 y hasta ahora la cay\u00f3 el veinte al canciller.<\/p>\n\n\n\n<p>Desesperado porque sabe que no ser\u00e1 el candidato del tabasque\u00f1o, este martes anunci\u00f3 su renuncia a la Secretar\u00eda de Relaciones Exteriores. Y se va por la libre a ver si en una de esas Andr\u00e9s Manuel cambia de parecer y le da la candidatura que le tiene reservada a Claudia Sheinbaum.<\/p>\n\n\n\n<p>\u00bfQu\u00e9 har\u00e1 Marcelo en las semanas por venir?<\/p>\n\n\n\n<p>El rid\u00edculo.<\/p>\n\n\n\n<p>En vano recorrer\u00e1 el pa\u00eds, en vano aglutinar\u00e1 voluntades, en vano ganar\u00e1 adherentes y en vano encabezar\u00e1 encuestas porque la decisi\u00f3n ya est\u00e1 tomada y \u00e9l no ser\u00e1 el elegido.<\/p>\n\n\n\n<p>Y sin el apoyo de L\u00f3pez Obrador no llegar\u00e1 a ninguna parte.<\/p>\n\n\n\n<p>Quiz\u00e1 tenga cabida en Movimiento Ciudadano, pero el 7 por ciento de votos que tiene ese partido adem\u00e1s de que ir\u00e1 en solitario en los pr\u00f3ximos comicios, no le servir\u00e1n de nada para llegar a la presidencia.<\/p>\n\n\n\n<p>En la Alianza PAN-PRI-PRD de plano lo botaron bien feo antes de que tocara la puerta.<\/p>\n\n\n\n<p>\u201cNing\u00fan retazo de Morena tiene cabida en la Coalici\u00f3n Va por M\u00e9xico. Va por M\u00e9xico no le va a abrir la puerta al oportunismo para nada\u201d le mand\u00f3 decir Alejandro Moreno el dirigente del PRI.<\/p>\n\n\n\n<p>Mala suerte para el a\u00fan canciller al que se le est\u00e1n cerrando las puertas y las compuertas antes de comenzar formalmente su precampa\u00f1a.<\/p>\n\n\n\n<p>Pero el tipo es terco y obcecado porque est\u00e1 apostando a que Andr\u00e9s Manuel lo voltee a ver aunque sea de \u00faltimo minuto.<\/p>\n\n\n\n<p>El problema es que ese milagro no ocurrir\u00e1.<\/p>\n\n\n\n<p>L\u00f3pez Obrador tiene a su elegida que es Claudia; su plan B que es Ad\u00e1n Augusto L\u00f3pez y el Plan C que puede ser cualquier pelagatos del gabinete o incluso alg\u00fan gobernador. Y si el plan D no contempla a Ricardo Monreal mucho menos a Marcelo Ebrard.<\/p>\n\n\n\n<p>Desde hace meses dije que el presidente le sacar\u00eda todo el jugo posible a este pol\u00edtico brillante, inteligente, capaz y pragm\u00e1tico para despu\u00e9s darle una patada en el trasero. Pero no tuvo que llegar a ese extremo porque Marcelo solito se va.<\/p>\n\n\n\n<p>El canciller har\u00e1 efectiva su renuncia el pr\u00f3ximo d\u00eda 12 y de ah\u00ed pal real todo ser\u00e1 de bajada para el mejor funcionario del gabinete obradorista. De esta manera cerrar\u00e1 su ciclo en su dilatada carrera pol\u00edtica que comenz\u00f3 muy joven, siendo el brazo derecho de Manuel Camacho Sol\u00eds y el ni\u00f1o genio en el sexenio de Carlos Salinas de Gortari.<\/p>\n\n\n\n<p>Marcelo se va burlado y enga\u00f1ado, pero debe entender que as\u00ed es esto del abarrote.<\/p>\n\n\n\n<p>Adi\u00f3s Marcelo, adi\u00f3s.<\/p>\n\n\n\n<p><strong>Ram\u00f3n Reyes, un liderazgo joven para el PRI<\/strong><\/p>\n\n\n\n<p>El pr\u00f3ximo candidato de la alianza PAN-PRI-PRD a la gubernatura de Veracruz siempre s\u00ed saldr\u00e1 de las filas del PRI, pero si desea alzarse con el triunfo deber\u00e1 caminar mucho y recorrer la entidad palmo a palmo, al ras del suelo, municipio por municipio, comunidad por comunidad y casa por casa presentando su proyecto pol\u00edtico y social a los ciudadanos, me dijo Ram\u00f3n Reyes Viveros, secretario de Comunicaci\u00f3n Institucional y Estrat\u00e9gica del PRI estatal.<\/p>\n\n\n\n<p>Ram\u00f3n sabe que no es haciendo pol\u00edtica de caf\u00e9 como el candidato de la oposici\u00f3n echar\u00e1 a Morena de Veracruz, sino sudando la camiseta: \u201cHay que volvernos a acercar a la gente, hay que repartir tr\u00edpticos con el mensaje de nuestro candidato hasta en las comunidades m\u00e1s apartadas. Hay que ir a los votantes y no esperar a que ellos vengan a nosotros\u201d.<\/p>\n\n\n\n<p>Tras las elecciones del domingo anterior donde el PRI gan\u00f3 por paliza en Coahuila, pero fue derrotado en el Estado de M\u00e9xico, casi todo mundo pronunci\u00f3 el requiescant in pace por el tricolor, hasta que se conocieron los n\u00fameros finales y el gran perdedor fue el PAN que pas\u00f3 de noche en Coahuila y obtuvo 1 mill\u00f3n 100 mil votos menos que el PRI en el Estado de M\u00e9xico. Por lo anterior, el tricolor sigue siendo el fiel de la balanza de la Alianza y ser\u00e1 mano a la hora de elegir a los candidatos para el 2024.<\/p>\n\n\n\n<p>En el caso de Veracruz y antes de seleccionar al candidato a la gubernatura, el PRI se apresta a nombrar a su nuevo dirigente tras la salida de Marlon Ram\u00edrez el pasado 14 de mayo. Y hay dos opciones: la primera es que se nombre a un delegado estatal con funciones de presidente hasta despu\u00e9s de los comicios del 2024 y \u00e9ste podr\u00eda ser Marlon. Y la segunda es que se emita la convocatoria para elegir al nuevo dirigente.<\/p>\n\n\n\n<p>Ram\u00f3n Reyes que aparte de ser el responsable de la comunicaci\u00f3n del tricolor es diputado local suplente y consejero nacional del PRI, levant\u00f3 la mano para sustituir a Marlon.<\/p>\n\n\n\n<p>Reyes Viveros es un joven pol\u00edtico veracruzano, ingeniero ambiental que milita en el partido desde los 16 a\u00f1os y ha dedicado su vida a la administraci\u00f3n p\u00fablica. Su tesis es que el servidor p\u00fablico debe dedicarse a servir sin distingo de colores, gobernar para todos y servir a todos los partidos.<\/p>\n\n\n\n<p>En entrevista concedida a un portal de noticias, dijo que el partido debe entender su nueva din\u00e1mica, y la din\u00e1mica del PRI es en este momento de sencillez y humildad. Agreg\u00f3 que ser\u00eda un error buscar la presidencia por sentirse importante o indispensable sin entender que la labor de un buen l\u00edder es servirle a la militancia.<\/p>\n\n\n\n<p>\u201cLo que la gente nos reclama hoy es que alcemos la voz y digamos qu\u00e9 no se est\u00e1 haciendo en materia de salud, transporte, en el campo que lo tenemos abandonado totalmente. Y si nosotros observamos que nuestro l\u00edder, nuestro presidente se queda callado, vamos a volver a caer en la desesperanza porque la oposici\u00f3n tiene que argumentar, debatir, contrastar y si no lo hace, si no te manifiestas de esa forma, entonces no eres oposici\u00f3n y tampoco vas a volver a ser una opci\u00f3n para la ciudadan\u00eda. Y el PRI naci\u00f3 para gobernar, el PRI es el pueblo hecho partido\u201d enfatiz\u00f3.<\/p>\n\n\n\n<p>Dijo que es muy importante para el PRI y los priistas \u201cdarnos cuenta que estamos en el momento crucial en que la toma de decisiones en el partido se d\u00e9 con perspectiva de cambio. Tenemos que salir a una contienda fortalecidos, cercanos a la ciudadan\u00eda, debemos de caminar, escuchar a la gente en los taxis, en los camiones, en los campos de futbol. Debemos hacer labor social en las cl\u00ednicas, las penitenciar\u00edas y los distintos lugares donde la gente est\u00e1 siendo maltratada\u201d.<\/p>\n\n\n\n<p>Este es en s\u00edntesis lector, el proyecto que trae bajo el brazo el joven Ram\u00f3n Reyes Viveros para mejorar al PRI y por ende a la sociedad veracruzana.<\/p>\n\n\n\n<p>bernardogup@hotmail.com<\/p>\n","protected":false},"excerpt":{"rendered":"<p>Bernardo Guti\u00e9rrez ParraDesde el Caf\u00e9 Desde su primer d\u00eda en la canciller\u00eda, Marcelo Ebrard crey\u00f3 inocentemente que su siguiente paso en la pol\u00edtica ser\u00eda llegar a Palacio Nacional con la banda tricolor terciada al pecho. Y c\u00f3mo no pensar as\u00ed si su amigo Andr\u00e9s Manuel L\u00f3pez Obrador le hab\u00eda prometido la candidatura a la presidencia [&hellip;]<\/p>\n","protected":false},"author":2,"featured_media":0,"comment_status":"closed","ping_status":"closed","sticky":false,"template":"","format":"standard","meta":{"tdm_status":"","tdm_grid_status":"","footnotes":""},"categories":[70],"tags":[34206,14703,36489],"class_list":{"0":"post-106939","1":"post","2":"type-post","3":"status-publish","4":"format-standard","6":"category-de-opinion","7":"tag-bernardo-gutierrez-parra","8":"tag-marcelo-ebrard","9":"tag-ramon-reyes-viveros"},"yoast_head":"<!-- This site is optimized with the Yoast SEO plugin v27.4 - https:\/\/yoast.com\/product\/yoast-seo-wordpress\/ -->\n<title>SE NOS VA MARCELO BURLADO Y ENGA\u00d1ADO - Los pol\u00edticos Veracruz<\/title>\n<meta name=\"robots\" content=\"index, follow, max-snippet:-1, max-image-preview:large, max-video-preview:-1\" \/>\n<link rel=\"canonical\" href=\"https:\/\/lospoliticosveracruz.com\/?p=106939\" \/>\n<meta property=\"og:locale\" content=\"es_ES\" \/>\n<meta property=\"og:type\" content=\"article\" \/>\n<meta property=\"og:title\" content=\"SE NOS VA MARCELO BURLADO Y ENGA\u00d1ADO - Los pol\u00edticos Veracruz\" \/>\n<meta property=\"og:description\" content=\"Bernardo Guti\u00e9rrez ParraDesde el Caf\u00e9 Desde su primer d\u00eda en la canciller\u00eda, Marcelo Ebrard crey\u00f3 inocentemente que su siguiente paso en la pol\u00edtica ser\u00eda llegar a Palacio Nacional con la banda tricolor terciada al pecho. Y c\u00f3mo no pensar as\u00ed si su amigo Andr\u00e9s Manuel L\u00f3pez Obrador le hab\u00eda prometido la candidatura a la presidencia [&hellip;]\" \/>\n<meta property=\"og:url\" content=\"https:\/\/lospoliticosveracruz.com\/?p=106939\" \/>\n<meta property=\"og:site_name\" content=\"Los pol\u00edticos Veracruz\" \/>\n<meta property=\"article:publisher\" content=\"https:\/\/www.facebook.com\/people\/Notimemes-de-los-Polticos\/61565672886568\/\" \/>\n<meta property=\"article:published_time\" content=\"2023-06-07T13:49:33+00:00\" \/>\n<meta property=\"article:modified_time\" content=\"2023-06-07T13:50:24+00:00\" \/>\n<meta property=\"og:image\" content=\"https:\/\/lospoliticosveracruz.com.mx\/wp-content\/uploads\/2021\/10\/WhatsApp-Image-2021-10-02-at-15.20.25-212x300.jpeg\" \/>\n<meta name=\"author\" content=\"Lo viste en Los Pol\u00edticos\" \/>\n<meta name=\"twitter:card\" content=\"summary_large_image\" \/>\n<meta name=\"twitter:creator\" content=\"@LosPoliticosVer\" \/>\n<meta name=\"twitter:site\" content=\"@LosPoliticosVer\" \/>\n<meta name=\"twitter:label1\" content=\"Escrito por\" \/>\n\t<meta name=\"twitter:data1\" content=\"Lo viste en Los Pol\u00edticos\" \/>\n\t<meta name=\"twitter:label2\" content=\"Tiempo de lectura\" \/>\n\t<meta name=\"twitter:data2\" content=\"6 minutos\" \/>\n<script type=\"application\/ld+json\" class=\"yoast-schema-graph\">{\"@context\":\"https:\\\/\\\/schema.org\",\"@graph\":[{\"@type\":\"Article\",\"@id\":\"https:\\\/\\\/lospoliticosveracruz.com\\\/?p=106939#article\",\"isPartOf\":{\"@id\":\"https:\\\/\\\/lospoliticosveracruz.com\\\/?p=106939\"},\"author\":{\"name\":\"Lo viste en Los Pol\u00edticos\",\"@id\":\"https:\\\/\\\/lospoliticosveracruz.com\\\/#\\\/schema\\\/person\\\/b8702bb0e538456e6efd07080bf2a4a2\"},\"headline\":\"SE NOS VA MARCELO BURLADO Y ENGA\u00d1ADO\",\"datePublished\":\"2023-06-07T13:49:33+00:00\",\"dateModified\":\"2023-06-07T13:50:24+00:00\",\"mainEntityOfPage\":{\"@id\":\"https:\\\/\\\/lospoliticosveracruz.com\\\/?p=106939\"},\"wordCount\":1252,\"publisher\":{\"@id\":\"https:\\\/\\\/lospoliticosveracruz.com\\\/#organization\"},\"image\":{\"@id\":\"https:\\\/\\\/lospoliticosveracruz.com\\\/?p=106939#primaryimage\"},\"thumbnailUrl\":\"https:\\\/\\\/lospoliticosveracruz.com.mx\\\/wp-content\\\/uploads\\\/2021\\\/10\\\/WhatsApp-Image-2021-10-02-at-15.20.25-212x300.jpeg\",\"keywords\":[\"Bernardo Guti\u00e9rrez Parra\",\"Marcelo Ebrard\",\"Ram\u00f3n Reyes Viveros\"],\"articleSection\":[\"De Opini\u00f3n\"],\"inLanguage\":\"es\"},{\"@type\":\"WebPage\",\"@id\":\"https:\\\/\\\/lospoliticosveracruz.com\\\/?p=106939\",\"url\":\"https:\\\/\\\/lospoliticosveracruz.com\\\/?p=106939\",\"name\":\"SE NOS VA MARCELO BURLADO Y ENGA\u00d1ADO - Los pol\u00edticos Veracruz\",\"isPartOf\":{\"@id\":\"https:\\\/\\\/lospoliticosveracruz.com\\\/#website\"},\"primaryImageOfPage\":{\"@id\":\"https:\\\/\\\/lospoliticosveracruz.com\\\/?p=106939#primaryimage\"},\"image\":{\"@id\":\"https:\\\/\\\/lospoliticosveracruz.com\\\/?p=106939#primaryimage\"},\"thumbnailUrl\":\"https:\\\/\\\/lospoliticosveracruz.com.mx\\\/wp-content\\\/uploads\\\/2021\\\/10\\\/WhatsApp-Image-2021-10-02-at-15.20.25-212x300.jpeg\",\"datePublished\":\"2023-06-07T13:49:33+00:00\",\"dateModified\":\"2023-06-07T13:50:24+00:00\",\"breadcrumb\":{\"@id\":\"https:\\\/\\\/lospoliticosveracruz.com\\\/?p=106939#breadcrumb\"},\"inLanguage\":\"es\",\"potentialAction\":[{\"@type\":\"ReadAction\",\"target\":[\"https:\\\/\\\/lospoliticosveracruz.com\\\/?p=106939\"]}]},{\"@type\":\"ImageObject\",\"inLanguage\":\"es\",\"@id\":\"https:\\\/\\\/lospoliticosveracruz.com\\\/?p=106939#primaryimage\",\"url\":\"https:\\\/\\\/lospoliticosveracruz.com.mx\\\/wp-content\\\/uploads\\\/2021\\\/10\\\/WhatsApp-Image-2021-10-02-at-15.20.25-212x300.jpeg\",\"contentUrl\":\"https:\\\/\\\/lospoliticosveracruz.com.mx\\\/wp-content\\\/uploads\\\/2021\\\/10\\\/WhatsApp-Image-2021-10-02-at-15.20.25-212x300.jpeg\"},{\"@type\":\"BreadcrumbList\",\"@id\":\"https:\\\/\\\/lospoliticosveracruz.com\\\/?p=106939#breadcrumb\",\"itemListElement\":[{\"@type\":\"ListItem\",\"position\":1,\"name\":\"Portada\",\"item\":\"https:\\\/\\\/lospoliticosveracruz.com\\\/\"},{\"@type\":\"ListItem\",\"position\":2,\"name\":\"SE NOS VA MARCELO BURLADO Y ENGA\u00d1ADO\"}]},{\"@type\":\"WebSite\",\"@id\":\"https:\\\/\\\/lospoliticosveracruz.com\\\/#website\",\"url\":\"https:\\\/\\\/lospoliticosveracruz.com\\\/\",\"name\":\"Los pol\u00edticos Veracruz\",\"description\":\"\",\"publisher\":{\"@id\":\"https:\\\/\\\/lospoliticosveracruz.com\\\/#organization\"},\"potentialAction\":[{\"@type\":\"SearchAction\",\"target\":{\"@type\":\"EntryPoint\",\"urlTemplate\":\"https:\\\/\\\/lospoliticosveracruz.com\\\/?s={search_term_string}\"},\"query-input\":{\"@type\":\"PropertyValueSpecification\",\"valueRequired\":true,\"valueName\":\"search_term_string\"}}],\"inLanguage\":\"es\"},{\"@type\":\"Organization\",\"@id\":\"https:\\\/\\\/lospoliticosveracruz.com\\\/#organization\",\"name\":\"Los pol\u00edticos Veracruz\",\"url\":\"https:\\\/\\\/lospoliticosveracruz.com\\\/\",\"logo\":{\"@type\":\"ImageObject\",\"inLanguage\":\"es\",\"@id\":\"https:\\\/\\\/lospoliticosveracruz.com\\\/#\\\/schema\\\/logo\\\/image\\\/\",\"url\":\"https:\\\/\\\/lospoliticosveracruz.com\\\/wp-content\\\/uploads\\\/2025\\\/12\\\/Logo-Nuevo-LOS-POLITICOS-1.jpg\",\"contentUrl\":\"https:\\\/\\\/lospoliticosveracruz.com\\\/wp-content\\\/uploads\\\/2025\\\/12\\\/Logo-Nuevo-LOS-POLITICOS-1.jpg\",\"width\":260,\"height\":70,\"caption\":\"Los pol\u00edticos Veracruz\"},\"image\":{\"@id\":\"https:\\\/\\\/lospoliticosveracruz.com\\\/#\\\/schema\\\/logo\\\/image\\\/\"},\"sameAs\":[\"https:\\\/\\\/www.facebook.com\\\/people\\\/Notimemes-de-los-Polticos\\\/61565672886568\\\/\",\"https:\\\/\\\/x.com\\\/LosPoliticosVer\"]},{\"@type\":\"Person\",\"@id\":\"https:\\\/\\\/lospoliticosveracruz.com\\\/#\\\/schema\\\/person\\\/b8702bb0e538456e6efd07080bf2a4a2\",\"name\":\"Lo viste en Los Pol\u00edticos\",\"image\":{\"@type\":\"ImageObject\",\"inLanguage\":\"es\",\"@id\":\"https:\\\/\\\/secure.gravatar.com\\\/avatar\\\/3a8de04a2656d44082be478bd6c086daa447c4651605818287b9532d3d0bd435?s=96&d=mm&r=g\",\"url\":\"https:\\\/\\\/secure.gravatar.com\\\/avatar\\\/3a8de04a2656d44082be478bd6c086daa447c4651605818287b9532d3d0bd435?s=96&d=mm&r=g\",\"contentUrl\":\"https:\\\/\\\/secure.gravatar.com\\\/avatar\\\/3a8de04a2656d44082be478bd6c086daa447c4651605818287b9532d3d0bd435?s=96&d=mm&r=g\",\"caption\":\"Lo viste en Los Pol\u00edticos\"},\"url\":\"https:\\\/\\\/lospoliticosveracruz.com\\\/?author=2\"}]}<\/script>\n<!-- \/ Yoast SEO plugin. -->","yoast_head_json":{"title":"SE NOS VA MARCELO BURLADO Y ENGA\u00d1ADO - Los pol\u00edticos Veracruz","robots":{"index":"index","follow":"follow","max-snippet":"max-snippet:-1","max-image-preview":"max-image-preview:large","max-video-preview":"max-video-preview:-1"},"canonical":"https:\/\/lospoliticosveracruz.com\/?p=106939","og_locale":"es_ES","og_type":"article","og_title":"SE NOS VA MARCELO BURLADO Y ENGA\u00d1ADO - Los pol\u00edticos Veracruz","og_description":"Bernardo Guti\u00e9rrez ParraDesde el Caf\u00e9 Desde su primer d\u00eda en la canciller\u00eda, Marcelo Ebrard crey\u00f3 inocentemente que su siguiente paso en la pol\u00edtica ser\u00eda llegar a Palacio Nacional con la banda tricolor terciada al pecho. Y c\u00f3mo no pensar as\u00ed si su amigo Andr\u00e9s Manuel L\u00f3pez Obrador le hab\u00eda prometido la candidatura a la presidencia [&hellip;]","og_url":"https:\/\/lospoliticosveracruz.com\/?p=106939","og_site_name":"Los pol\u00edticos Veracruz","article_publisher":"https:\/\/www.facebook.com\/people\/Notimemes-de-los-Polticos\/61565672886568\/","article_published_time":"2023-06-07T13:49:33+00:00","article_modified_time":"2023-06-07T13:50:24+00:00","og_image":[{"url":"https:\/\/lospoliticosveracruz.com.mx\/wp-content\/uploads\/2021\/10\/WhatsApp-Image-2021-10-02-at-15.20.25-212x300.jpeg","type":"","width":"","height":""}],"author":"Lo viste en Los Pol\u00edticos","twitter_card":"summary_large_image","twitter_creator":"@LosPoliticosVer","twitter_site":"@LosPoliticosVer","twitter_misc":{"Escrito por":"Lo viste en Los Pol\u00edticos","Tiempo de lectura":"6 minutos"},"schema":{"@context":"https:\/\/schema.org","@graph":[{"@type":"Article","@id":"https:\/\/lospoliticosveracruz.com\/?p=106939#article","isPartOf":{"@id":"https:\/\/lospoliticosveracruz.com\/?p=106939"},"author":{"name":"Lo viste en Los Pol\u00edticos","@id":"https:\/\/lospoliticosveracruz.com\/#\/schema\/person\/b8702bb0e538456e6efd07080bf2a4a2"},"headline":"SE NOS VA MARCELO BURLADO Y ENGA\u00d1ADO","datePublished":"2023-06-07T13:49:33+00:00","dateModified":"2023-06-07T13:50:24+00:00","mainEntityOfPage":{"@id":"https:\/\/lospoliticosveracruz.com\/?p=106939"},"wordCount":1252,"publisher":{"@id":"https:\/\/lospoliticosveracruz.com\/#organization"},"image":{"@id":"https:\/\/lospoliticosveracruz.com\/?p=106939#primaryimage"},"thumbnailUrl":"https:\/\/lospoliticosveracruz.com.mx\/wp-content\/uploads\/2021\/10\/WhatsApp-Image-2021-10-02-at-15.20.25-212x300.jpeg","keywords":["Bernardo Guti\u00e9rrez Parra","Marcelo Ebrard","Ram\u00f3n Reyes Viveros"],"articleSection":["De Opini\u00f3n"],"inLanguage":"es"},{"@type":"WebPage","@id":"https:\/\/lospoliticosveracruz.com\/?p=106939","url":"https:\/\/lospoliticosveracruz.com\/?p=106939","name":"SE NOS VA MARCELO BURLADO Y ENGA\u00d1ADO - Los pol\u00edticos Veracruz","isPartOf":{"@id":"https:\/\/lospoliticosveracruz.com\/#website"},"primaryImageOfPage":{"@id":"https:\/\/lospoliticosveracruz.com\/?p=106939#primaryimage"},"image":{"@id":"https:\/\/lospoliticosveracruz.com\/?p=106939#primaryimage"},"thumbnailUrl":"https:\/\/lospoliticosveracruz.com.mx\/wp-content\/uploads\/2021\/10\/WhatsApp-Image-2021-10-02-at-15.20.25-212x300.jpeg","datePublished":"2023-06-07T13:49:33+00:00","dateModified":"2023-06-07T13:50:24+00:00","breadcrumb":{"@id":"https:\/\/lospoliticosveracruz.com\/?p=106939#breadcrumb"},"inLanguage":"es","potentialAction":[{"@type":"ReadAction","target":["https:\/\/lospoliticosveracruz.com\/?p=106939"]}]},{"@type":"ImageObject","inLanguage":"es","@id":"https:\/\/lospoliticosveracruz.com\/?p=106939#primaryimage","url":"https:\/\/lospoliticosveracruz.com.mx\/wp-content\/uploads\/2021\/10\/WhatsApp-Image-2021-10-02-at-15.20.25-212x300.jpeg","contentUrl":"https:\/\/lospoliticosveracruz.com.mx\/wp-content\/uploads\/2021\/10\/WhatsApp-Image-2021-10-02-at-15.20.25-212x300.jpeg"},{"@type":"BreadcrumbList","@id":"https:\/\/lospoliticosveracruz.com\/?p=106939#breadcrumb","itemListElement":[{"@type":"ListItem","position":1,"name":"Portada","item":"https:\/\/lospoliticosveracruz.com\/"},{"@type":"ListItem","position":2,"name":"SE NOS VA MARCELO BURLADO Y ENGA\u00d1ADO"}]},{"@type":"WebSite","@id":"https:\/\/lospoliticosveracruz.com\/#website","url":"https:\/\/lospoliticosveracruz.com\/","name":"Los pol\u00edticos Veracruz","description":"","publisher":{"@id":"https:\/\/lospoliticosveracruz.com\/#organization"},"potentialAction":[{"@type":"SearchAction","target":{"@type":"EntryPoint","urlTemplate":"https:\/\/lospoliticosveracruz.com\/?s={search_term_string}"},"query-input":{"@type":"PropertyValueSpecification","valueRequired":true,"valueName":"search_term_string"}}],"inLanguage":"es"},{"@type":"Organization","@id":"https:\/\/lospoliticosveracruz.com\/#organization","name":"Los pol\u00edticos Veracruz","url":"https:\/\/lospoliticosveracruz.com\/","logo":{"@type":"ImageObject","inLanguage":"es","@id":"https:\/\/lospoliticosveracruz.com\/#\/schema\/logo\/image\/","url":"https:\/\/lospoliticosveracruz.com\/wp-content\/uploads\/2025\/12\/Logo-Nuevo-LOS-POLITICOS-1.jpg","contentUrl":"https:\/\/lospoliticosveracruz.com\/wp-content\/uploads\/2025\/12\/Logo-Nuevo-LOS-POLITICOS-1.jpg","width":260,"height":70,"caption":"Los pol\u00edticos Veracruz"},"image":{"@id":"https:\/\/lospoliticosveracruz.com\/#\/schema\/logo\/image\/"},"sameAs":["https:\/\/www.facebook.com\/people\/Notimemes-de-los-Polticos\/61565672886568\/","https:\/\/x.com\/LosPoliticosVer"]},{"@type":"Person","@id":"https:\/\/lospoliticosveracruz.com\/#\/schema\/person\/b8702bb0e538456e6efd07080bf2a4a2","name":"Lo viste en Los Pol\u00edticos","image":{"@type":"ImageObject","inLanguage":"es","@id":"https:\/\/secure.gravatar.com\/avatar\/3a8de04a2656d44082be478bd6c086daa447c4651605818287b9532d3d0bd435?s=96&d=mm&r=g","url":"https:\/\/secure.gravatar.com\/avatar\/3a8de04a2656d44082be478bd6c086daa447c4651605818287b9532d3d0bd435?s=96&d=mm&r=g","contentUrl":"https:\/\/secure.gravatar.com\/avatar\/3a8de04a2656d44082be478bd6c086daa447c4651605818287b9532d3d0bd435?s=96&d=mm&r=g","caption":"Lo viste en Los Pol\u00edticos"},"url":"https:\/\/lospoliticosveracruz.com\/?author=2"}]}},"_links":{"self":[{"href":"https:\/\/lospoliticosveracruz.com\/index.php?rest_route=\/wp\/v2\/posts\/106939","targetHints":{"allow":["GET"]}}],"collection":[{"href":"https:\/\/lospoliticosveracruz.com\/index.php?rest_route=\/wp\/v2\/posts"}],"about":[{"href":"https:\/\/lospoliticosveracruz.com\/index.php?rest_route=\/wp\/v2\/types\/post"}],"author":[{"embeddable":true,"href":"https:\/\/lospoliticosveracruz.com\/index.php?rest_route=\/wp\/v2\/users\/2"}],"replies":[{"embeddable":true,"href":"https:\/\/lospoliticosveracruz.com\/index.php?rest_route=%2Fwp%2Fv2%2Fcomments&post=106939"}],"version-history":[{"count":1,"href":"https:\/\/lospoliticosveracruz.com\/index.php?rest_route=\/wp\/v2\/posts\/106939\/revisions"}],"predecessor-version":[{"id":106940,"href":"https:\/\/lospoliticosveracruz.com\/index.php?rest_route=\/wp\/v2\/posts\/106939\/revisions\/106940"}],"wp:attachment":[{"href":"https:\/\/lospoliticosveracruz.com\/index.php?rest_route=%2Fwp%2Fv2%2Fmedia&parent=106939"}],"wp:term":[{"taxonomy":"category","embeddable":true,"href":"https:\/\/lospoliticosveracruz.com\/index.php?rest_route=%2Fwp%2Fv2%2Fcategories&post=106939"},{"taxonomy":"post_tag","embeddable":true,"href":"https:\/\/lospoliticosveracruz.com\/index.php?rest_route=%2Fwp%2Fv2%2Ftags&post=106939"}],"curies":[{"name":"wp","href":"https:\/\/api.w.org\/{rel}","templated":true}]}}