{"id":106943,"date":"2023-06-07T08:59:36","date_gmt":"2023-06-07T13:59:36","guid":{"rendered":"https:\/\/lospoliticosveracruz.com.mx\/?p=106943"},"modified":"2023-06-07T08:59:41","modified_gmt":"2023-06-07T13:59:41","slug":"el-rollo-y-el-arroz","status":"publish","type":"post","link":"https:\/\/lospoliticosveracruz.com\/?p=106943","title":{"rendered":"EL ROLLO Y EL ARROZ"},"content":{"rendered":"\n<p><\/p>\n\n\n\n<p><strong>Sergio Gonz\u00e1lez Levet<\/strong><\/p>\n\n\n\n<p><em>Sin tacto<\/em><\/p>\n\n\n\n<p>El 6 de febrero de este a\u00f1o ocurri\u00f3 un terremoto que afect\u00f3 seriamente a Turqu\u00eda y a Siria. Tuvo una magnitud de 7.8 en la escala de Richter y una intensidad extrema de XII en el modo de medici\u00f3n de Mercalli. Fue el segundo m\u00e1s fuerte en la historia de esa regi\u00f3n, que se ubica en la frontera entre Asia y Europa, pues s\u00f3lo se le comparan el de Erzican en 1939 de la misma magnitud y uno consignado como de enorme magnitud en Anatolia del norte en 1668.<\/p>\n\n\n<div class=\"wp-block-image\">\n<figure class=\"alignleft size-full is-resized\"><a href=\"https:\/\/lospoliticosveracruz.com.mx\/wp-content\/uploads\/2023\/02\/Vinissimo.jpg\"><img loading=\"lazy\" decoding=\"async\" src=\"https:\/\/lospoliticosveracruz.com.mx\/wp-content\/uploads\/2023\/02\/Vinissimo.jpg\" alt=\"\" class=\"wp-image-102752\" width=\"175\" height=\"178\"\/><\/a><\/figure>\n<\/div>\n\n\n<p>&nbsp;&nbsp;&nbsp;&nbsp; Hasta el 10 de marzo, se hab\u00edan registrado m\u00e1s de 59 mil muertes: 51 mil en Turqu\u00eda y 8 mil en Siria. La lista de heridos fue de 115 mil en los dos pa\u00edses, y m\u00e1s de 4 millones de edificaciones resultaron afectadas.<\/p>\n\n\n\n<p>&nbsp;&nbsp;&nbsp;&nbsp; Fue un terremoto mort\u00edfero que afect\u00f3 grandemente, y por eso los gobiernos de los dos pa\u00edses afectados solicitaron la ayuda internacional.<\/p>\n\n\n\n<p>&nbsp;&nbsp;&nbsp;&nbsp; La tradicional solidaridad de M\u00e9xico no se pod\u00eda quedar atr\u00e1s, y de inmediato se organizaron lugares de acopio para que los ciudadanos del pueblo bueno y honrado acudieran a aportar sus donativos en especie. Miles, decenas de miles pusieron su granito de arena en ayuda de los hermanos en desgracia.<\/p>\n\n\n\n<p>&nbsp;&nbsp;&nbsp;&nbsp; El Gobierno de la Ciudad de M\u00e9xico, que preside Claudia Sheinbaum, instal\u00f3 centros para la recepci\u00f3n de la invicta caridad de nuestra raza. Se report\u00f3 que en los primeros d\u00edas se hab\u00eda conseguido obtener 30 toneladas de alimentos s\u00f3lidos, agua potable embotellada y otros insumos.<\/p>\n\n\n\n<p>&nbsp;&nbsp;&nbsp;&nbsp; Y se inform\u00f3 oficialmente que toda esa ayuda se hab\u00eda concentrado en el AIFA, desde donde hab\u00eda salido hacia Turqu\u00eda en aviones del ej\u00e9rcito.<\/p>\n\n\n\n<p>&nbsp;&nbsp;&nbsp;&nbsp; Peeeeero\u2026<\/p>\n\n\n\n<p>&nbsp;&nbsp;&nbsp;&nbsp; La periodista Pamela Cerdeira don\u00f3 de su peculio rollos de papel higi\u00e9nico y bolsas arroz. Y resulta que como buena reportera que es, tuvo la ocurrencia de poner sendos chips en un paquete de papel y en una bolsa de arroz, seg\u00fan consigna en un video que es viral en Youtube desde hace alg\u00fan tiempo.<\/p>\n\n\n\n<p>&nbsp;&nbsp;&nbsp;&nbsp; Algunos d\u00edas despu\u00e9s, la ilustre colega se puso a investigar en d\u00f3nde estaban los chips que hab\u00eda instalado, e hizo un descubrimiento ins\u00f3lito.<\/p>\n\n\n\n<p>&nbsp;&nbsp;&nbsp;&nbsp; Resulta que el papel higi\u00e9nico no estaba en Turqu\u00eda, como hab\u00eda presumido el Gobierno de la CdMx, sino en un local de un mercado de Tacuba, en donde estaba a la venta al p\u00fablico, y el arroz permanec\u00eda en un banco de alimentos de un diputado, cuyo nombre no consigna, pero que seguramente milita en las filas del partido Morena.<\/p>\n\n\n\n<p>&nbsp;&nbsp;&nbsp;&nbsp; Ese es el destino de la caridad popular, que la Cuarta Transformaci\u00f3n termina desviando para hacer un negocio realmente inmoral.<\/p>\n\n\n\n<p>&nbsp;&nbsp;&nbsp;&nbsp; S\u00ed, no son como los de antes, \u00a1son mucho peores!<\/p>\n\n\n\n<p>sglevet@gmail.com<\/p>\n","protected":false},"excerpt":{"rendered":"<p>Sergio Gonz\u00e1lez Levet Sin tacto El 6 de febrero de este a\u00f1o ocurri\u00f3 un terremoto que afect\u00f3 seriamente a Turqu\u00eda y a Siria. Tuvo una magnitud de 7.8 en la escala de Richter y una intensidad extrema de XII en el modo de medici\u00f3n de Mercalli. Fue el segundo m\u00e1s fuerte en la historia de [&hellip;]<\/p>\n","protected":false},"author":2,"featured_media":0,"comment_status":"closed","ping_status":"closed","sticky":false,"template":"","format":"standard","meta":{"tdm_status":"","tdm_grid_status":"","footnotes":""},"categories":[70],"tags":[9627,12744],"class_list":{"0":"post-106943","1":"post","2":"type-post","3":"status-publish","4":"format-standard","6":"category-de-opinion","7":"tag-claudia-sheinbaum","8":"tag-cuarta-transformacion"},"yoast_head":"<!-- This site is optimized with the Yoast SEO plugin v27.4 - https:\/\/yoast.com\/product\/yoast-seo-wordpress\/ -->\n<title>EL ROLLO Y EL ARROZ - Los pol\u00edticos Veracruz<\/title>\n<meta name=\"robots\" content=\"index, follow, max-snippet:-1, max-image-preview:large, max-video-preview:-1\" \/>\n<link rel=\"canonical\" href=\"https:\/\/lospoliticosveracruz.com\/?p=106943\" \/>\n<meta property=\"og:locale\" content=\"es_ES\" \/>\n<meta property=\"og:type\" content=\"article\" \/>\n<meta property=\"og:title\" content=\"EL ROLLO Y EL ARROZ - Los pol\u00edticos Veracruz\" \/>\n<meta property=\"og:description\" content=\"Sergio Gonz\u00e1lez Levet Sin tacto El 6 de febrero de este a\u00f1o ocurri\u00f3 un terremoto que afect\u00f3 seriamente a Turqu\u00eda y a Siria. Tuvo una magnitud de 7.8 en la escala de Richter y una intensidad extrema de XII en el modo de medici\u00f3n de Mercalli. Fue el segundo m\u00e1s fuerte en la historia de [&hellip;]\" \/>\n<meta property=\"og:url\" content=\"https:\/\/lospoliticosveracruz.com\/?p=106943\" \/>\n<meta property=\"og:site_name\" content=\"Los pol\u00edticos Veracruz\" \/>\n<meta property=\"article:publisher\" content=\"https:\/\/www.facebook.com\/people\/Notimemes-de-los-Polticos\/61565672886568\/\" \/>\n<meta property=\"article:published_time\" content=\"2023-06-07T13:59:36+00:00\" \/>\n<meta property=\"article:modified_time\" content=\"2023-06-07T13:59:41+00:00\" \/>\n<meta property=\"og:image\" content=\"https:\/\/lospoliticosveracruz.com.mx\/wp-content\/uploads\/2023\/02\/Vinissimo.jpg\" \/>\n<meta name=\"author\" content=\"Lo viste en Los Pol\u00edticos\" \/>\n<meta name=\"twitter:card\" content=\"summary_large_image\" \/>\n<meta name=\"twitter:creator\" content=\"@LosPoliticosVer\" \/>\n<meta name=\"twitter:site\" content=\"@LosPoliticosVer\" \/>\n<meta name=\"twitter:label1\" content=\"Escrito por\" \/>\n\t<meta name=\"twitter:data1\" content=\"Lo viste en Los Pol\u00edticos\" \/>\n\t<meta name=\"twitter:label2\" content=\"Tiempo de lectura\" \/>\n\t<meta name=\"twitter:data2\" content=\"3 minutos\" \/>\n<script type=\"application\/ld+json\" class=\"yoast-schema-graph\">{\"@context\":\"https:\\\/\\\/schema.org\",\"@graph\":[{\"@type\":\"Article\",\"@id\":\"https:\\\/\\\/lospoliticosveracruz.com\\\/?p=106943#article\",\"isPartOf\":{\"@id\":\"https:\\\/\\\/lospoliticosveracruz.com\\\/?p=106943\"},\"author\":{\"name\":\"Lo viste en Los Pol\u00edticos\",\"@id\":\"https:\\\/\\\/lospoliticosveracruz.com\\\/#\\\/schema\\\/person\\\/b8702bb0e538456e6efd07080bf2a4a2\"},\"headline\":\"EL ROLLO Y EL ARROZ\",\"datePublished\":\"2023-06-07T13:59:36+00:00\",\"dateModified\":\"2023-06-07T13:59:41+00:00\",\"mainEntityOfPage\":{\"@id\":\"https:\\\/\\\/lospoliticosveracruz.com\\\/?p=106943\"},\"wordCount\":527,\"publisher\":{\"@id\":\"https:\\\/\\\/lospoliticosveracruz.com\\\/#organization\"},\"image\":{\"@id\":\"https:\\\/\\\/lospoliticosveracruz.com\\\/?p=106943#primaryimage\"},\"thumbnailUrl\":\"https:\\\/\\\/lospoliticosveracruz.com.mx\\\/wp-content\\\/uploads\\\/2023\\\/02\\\/Vinissimo.jpg\",\"keywords\":[\"Claudia Sheinbaum\",\"Cuarta Transformaci\u00f3n\"],\"articleSection\":[\"De Opini\u00f3n\"],\"inLanguage\":\"es\"},{\"@type\":\"WebPage\",\"@id\":\"https:\\\/\\\/lospoliticosveracruz.com\\\/?p=106943\",\"url\":\"https:\\\/\\\/lospoliticosveracruz.com\\\/?p=106943\",\"name\":\"EL ROLLO Y EL ARROZ - Los pol\u00edticos Veracruz\",\"isPartOf\":{\"@id\":\"https:\\\/\\\/lospoliticosveracruz.com\\\/#website\"},\"primaryImageOfPage\":{\"@id\":\"https:\\\/\\\/lospoliticosveracruz.com\\\/?p=106943#primaryimage\"},\"image\":{\"@id\":\"https:\\\/\\\/lospoliticosveracruz.com\\\/?p=106943#primaryimage\"},\"thumbnailUrl\":\"https:\\\/\\\/lospoliticosveracruz.com.mx\\\/wp-content\\\/uploads\\\/2023\\\/02\\\/Vinissimo.jpg\",\"datePublished\":\"2023-06-07T13:59:36+00:00\",\"dateModified\":\"2023-06-07T13:59:41+00:00\",\"breadcrumb\":{\"@id\":\"https:\\\/\\\/lospoliticosveracruz.com\\\/?p=106943#breadcrumb\"},\"inLanguage\":\"es\",\"potentialAction\":[{\"@type\":\"ReadAction\",\"target\":[\"https:\\\/\\\/lospoliticosveracruz.com\\\/?p=106943\"]}]},{\"@type\":\"ImageObject\",\"inLanguage\":\"es\",\"@id\":\"https:\\\/\\\/lospoliticosveracruz.com\\\/?p=106943#primaryimage\",\"url\":\"https:\\\/\\\/lospoliticosveracruz.com.mx\\\/wp-content\\\/uploads\\\/2023\\\/02\\\/Vinissimo.jpg\",\"contentUrl\":\"https:\\\/\\\/lospoliticosveracruz.com.mx\\\/wp-content\\\/uploads\\\/2023\\\/02\\\/Vinissimo.jpg\"},{\"@type\":\"BreadcrumbList\",\"@id\":\"https:\\\/\\\/lospoliticosveracruz.com\\\/?p=106943#breadcrumb\",\"itemListElement\":[{\"@type\":\"ListItem\",\"position\":1,\"name\":\"Portada\",\"item\":\"https:\\\/\\\/lospoliticosveracruz.com\\\/\"},{\"@type\":\"ListItem\",\"position\":2,\"name\":\"EL ROLLO Y EL ARROZ\"}]},{\"@type\":\"WebSite\",\"@id\":\"https:\\\/\\\/lospoliticosveracruz.com\\\/#website\",\"url\":\"https:\\\/\\\/lospoliticosveracruz.com\\\/\",\"name\":\"Los pol\u00edticos Veracruz\",\"description\":\"\",\"publisher\":{\"@id\":\"https:\\\/\\\/lospoliticosveracruz.com\\\/#organization\"},\"potentialAction\":[{\"@type\":\"SearchAction\",\"target\":{\"@type\":\"EntryPoint\",\"urlTemplate\":\"https:\\\/\\\/lospoliticosveracruz.com\\\/?s={search_term_string}\"},\"query-input\":{\"@type\":\"PropertyValueSpecification\",\"valueRequired\":true,\"valueName\":\"search_term_string\"}}],\"inLanguage\":\"es\"},{\"@type\":\"Organization\",\"@id\":\"https:\\\/\\\/lospoliticosveracruz.com\\\/#organization\",\"name\":\"Los pol\u00edticos Veracruz\",\"url\":\"https:\\\/\\\/lospoliticosveracruz.com\\\/\",\"logo\":{\"@type\":\"ImageObject\",\"inLanguage\":\"es\",\"@id\":\"https:\\\/\\\/lospoliticosveracruz.com\\\/#\\\/schema\\\/logo\\\/image\\\/\",\"url\":\"https:\\\/\\\/lospoliticosveracruz.com\\\/wp-content\\\/uploads\\\/2025\\\/12\\\/Logo-Nuevo-LOS-POLITICOS-1.jpg\",\"contentUrl\":\"https:\\\/\\\/lospoliticosveracruz.com\\\/wp-content\\\/uploads\\\/2025\\\/12\\\/Logo-Nuevo-LOS-POLITICOS-1.jpg\",\"width\":260,\"height\":70,\"caption\":\"Los pol\u00edticos Veracruz\"},\"image\":{\"@id\":\"https:\\\/\\\/lospoliticosveracruz.com\\\/#\\\/schema\\\/logo\\\/image\\\/\"},\"sameAs\":[\"https:\\\/\\\/www.facebook.com\\\/people\\\/Notimemes-de-los-Polticos\\\/61565672886568\\\/\",\"https:\\\/\\\/x.com\\\/LosPoliticosVer\"]},{\"@type\":\"Person\",\"@id\":\"https:\\\/\\\/lospoliticosveracruz.com\\\/#\\\/schema\\\/person\\\/b8702bb0e538456e6efd07080bf2a4a2\",\"name\":\"Lo viste en Los Pol\u00edticos\",\"image\":{\"@type\":\"ImageObject\",\"inLanguage\":\"es\",\"@id\":\"https:\\\/\\\/secure.gravatar.com\\\/avatar\\\/3a8de04a2656d44082be478bd6c086daa447c4651605818287b9532d3d0bd435?s=96&d=mm&r=g\",\"url\":\"https:\\\/\\\/secure.gravatar.com\\\/avatar\\\/3a8de04a2656d44082be478bd6c086daa447c4651605818287b9532d3d0bd435?s=96&d=mm&r=g\",\"contentUrl\":\"https:\\\/\\\/secure.gravatar.com\\\/avatar\\\/3a8de04a2656d44082be478bd6c086daa447c4651605818287b9532d3d0bd435?s=96&d=mm&r=g\",\"caption\":\"Lo viste en Los Pol\u00edticos\"},\"url\":\"https:\\\/\\\/lospoliticosveracruz.com\\\/?author=2\"}]}<\/script>\n<!-- \/ Yoast SEO plugin. -->","yoast_head_json":{"title":"EL ROLLO Y EL ARROZ - Los pol\u00edticos Veracruz","robots":{"index":"index","follow":"follow","max-snippet":"max-snippet:-1","max-image-preview":"max-image-preview:large","max-video-preview":"max-video-preview:-1"},"canonical":"https:\/\/lospoliticosveracruz.com\/?p=106943","og_locale":"es_ES","og_type":"article","og_title":"EL ROLLO Y EL ARROZ - Los pol\u00edticos Veracruz","og_description":"Sergio Gonz\u00e1lez Levet Sin tacto El 6 de febrero de este a\u00f1o ocurri\u00f3 un terremoto que afect\u00f3 seriamente a Turqu\u00eda y a Siria. Tuvo una magnitud de 7.8 en la escala de Richter y una intensidad extrema de XII en el modo de medici\u00f3n de Mercalli. Fue el segundo m\u00e1s fuerte en la historia de [&hellip;]","og_url":"https:\/\/lospoliticosveracruz.com\/?p=106943","og_site_name":"Los pol\u00edticos Veracruz","article_publisher":"https:\/\/www.facebook.com\/people\/Notimemes-de-los-Polticos\/61565672886568\/","article_published_time":"2023-06-07T13:59:36+00:00","article_modified_time":"2023-06-07T13:59:41+00:00","og_image":[{"url":"https:\/\/lospoliticosveracruz.com.mx\/wp-content\/uploads\/2023\/02\/Vinissimo.jpg","type":"","width":"","height":""}],"author":"Lo viste en Los Pol\u00edticos","twitter_card":"summary_large_image","twitter_creator":"@LosPoliticosVer","twitter_site":"@LosPoliticosVer","twitter_misc":{"Escrito por":"Lo viste en Los Pol\u00edticos","Tiempo de lectura":"3 minutos"},"schema":{"@context":"https:\/\/schema.org","@graph":[{"@type":"Article","@id":"https:\/\/lospoliticosveracruz.com\/?p=106943#article","isPartOf":{"@id":"https:\/\/lospoliticosveracruz.com\/?p=106943"},"author":{"name":"Lo viste en Los Pol\u00edticos","@id":"https:\/\/lospoliticosveracruz.com\/#\/schema\/person\/b8702bb0e538456e6efd07080bf2a4a2"},"headline":"EL ROLLO Y EL ARROZ","datePublished":"2023-06-07T13:59:36+00:00","dateModified":"2023-06-07T13:59:41+00:00","mainEntityOfPage":{"@id":"https:\/\/lospoliticosveracruz.com\/?p=106943"},"wordCount":527,"publisher":{"@id":"https:\/\/lospoliticosveracruz.com\/#organization"},"image":{"@id":"https:\/\/lospoliticosveracruz.com\/?p=106943#primaryimage"},"thumbnailUrl":"https:\/\/lospoliticosveracruz.com.mx\/wp-content\/uploads\/2023\/02\/Vinissimo.jpg","keywords":["Claudia Sheinbaum","Cuarta Transformaci\u00f3n"],"articleSection":["De Opini\u00f3n"],"inLanguage":"es"},{"@type":"WebPage","@id":"https:\/\/lospoliticosveracruz.com\/?p=106943","url":"https:\/\/lospoliticosveracruz.com\/?p=106943","name":"EL ROLLO Y EL ARROZ - Los pol\u00edticos Veracruz","isPartOf":{"@id":"https:\/\/lospoliticosveracruz.com\/#website"},"primaryImageOfPage":{"@id":"https:\/\/lospoliticosveracruz.com\/?p=106943#primaryimage"},"image":{"@id":"https:\/\/lospoliticosveracruz.com\/?p=106943#primaryimage"},"thumbnailUrl":"https:\/\/lospoliticosveracruz.com.mx\/wp-content\/uploads\/2023\/02\/Vinissimo.jpg","datePublished":"2023-06-07T13:59:36+00:00","dateModified":"2023-06-07T13:59:41+00:00","breadcrumb":{"@id":"https:\/\/lospoliticosveracruz.com\/?p=106943#breadcrumb"},"inLanguage":"es","potentialAction":[{"@type":"ReadAction","target":["https:\/\/lospoliticosveracruz.com\/?p=106943"]}]},{"@type":"ImageObject","inLanguage":"es","@id":"https:\/\/lospoliticosveracruz.com\/?p=106943#primaryimage","url":"https:\/\/lospoliticosveracruz.com.mx\/wp-content\/uploads\/2023\/02\/Vinissimo.jpg","contentUrl":"https:\/\/lospoliticosveracruz.com.mx\/wp-content\/uploads\/2023\/02\/Vinissimo.jpg"},{"@type":"BreadcrumbList","@id":"https:\/\/lospoliticosveracruz.com\/?p=106943#breadcrumb","itemListElement":[{"@type":"ListItem","position":1,"name":"Portada","item":"https:\/\/lospoliticosveracruz.com\/"},{"@type":"ListItem","position":2,"name":"EL ROLLO Y EL ARROZ"}]},{"@type":"WebSite","@id":"https:\/\/lospoliticosveracruz.com\/#website","url":"https:\/\/lospoliticosveracruz.com\/","name":"Los pol\u00edticos Veracruz","description":"","publisher":{"@id":"https:\/\/lospoliticosveracruz.com\/#organization"},"potentialAction":[{"@type":"SearchAction","target":{"@type":"EntryPoint","urlTemplate":"https:\/\/lospoliticosveracruz.com\/?s={search_term_string}"},"query-input":{"@type":"PropertyValueSpecification","valueRequired":true,"valueName":"search_term_string"}}],"inLanguage":"es"},{"@type":"Organization","@id":"https:\/\/lospoliticosveracruz.com\/#organization","name":"Los pol\u00edticos Veracruz","url":"https:\/\/lospoliticosveracruz.com\/","logo":{"@type":"ImageObject","inLanguage":"es","@id":"https:\/\/lospoliticosveracruz.com\/#\/schema\/logo\/image\/","url":"https:\/\/lospoliticosveracruz.com\/wp-content\/uploads\/2025\/12\/Logo-Nuevo-LOS-POLITICOS-1.jpg","contentUrl":"https:\/\/lospoliticosveracruz.com\/wp-content\/uploads\/2025\/12\/Logo-Nuevo-LOS-POLITICOS-1.jpg","width":260,"height":70,"caption":"Los pol\u00edticos Veracruz"},"image":{"@id":"https:\/\/lospoliticosveracruz.com\/#\/schema\/logo\/image\/"},"sameAs":["https:\/\/www.facebook.com\/people\/Notimemes-de-los-Polticos\/61565672886568\/","https:\/\/x.com\/LosPoliticosVer"]},{"@type":"Person","@id":"https:\/\/lospoliticosveracruz.com\/#\/schema\/person\/b8702bb0e538456e6efd07080bf2a4a2","name":"Lo viste en Los Pol\u00edticos","image":{"@type":"ImageObject","inLanguage":"es","@id":"https:\/\/secure.gravatar.com\/avatar\/3a8de04a2656d44082be478bd6c086daa447c4651605818287b9532d3d0bd435?s=96&d=mm&r=g","url":"https:\/\/secure.gravatar.com\/avatar\/3a8de04a2656d44082be478bd6c086daa447c4651605818287b9532d3d0bd435?s=96&d=mm&r=g","contentUrl":"https:\/\/secure.gravatar.com\/avatar\/3a8de04a2656d44082be478bd6c086daa447c4651605818287b9532d3d0bd435?s=96&d=mm&r=g","caption":"Lo viste en Los Pol\u00edticos"},"url":"https:\/\/lospoliticosveracruz.com\/?author=2"}]}},"_links":{"self":[{"href":"https:\/\/lospoliticosveracruz.com\/index.php?rest_route=\/wp\/v2\/posts\/106943","targetHints":{"allow":["GET"]}}],"collection":[{"href":"https:\/\/lospoliticosveracruz.com\/index.php?rest_route=\/wp\/v2\/posts"}],"about":[{"href":"https:\/\/lospoliticosveracruz.com\/index.php?rest_route=\/wp\/v2\/types\/post"}],"author":[{"embeddable":true,"href":"https:\/\/lospoliticosveracruz.com\/index.php?rest_route=\/wp\/v2\/users\/2"}],"replies":[{"embeddable":true,"href":"https:\/\/lospoliticosveracruz.com\/index.php?rest_route=%2Fwp%2Fv2%2Fcomments&post=106943"}],"version-history":[{"count":1,"href":"https:\/\/lospoliticosveracruz.com\/index.php?rest_route=\/wp\/v2\/posts\/106943\/revisions"}],"predecessor-version":[{"id":106945,"href":"https:\/\/lospoliticosveracruz.com\/index.php?rest_route=\/wp\/v2\/posts\/106943\/revisions\/106945"}],"wp:attachment":[{"href":"https:\/\/lospoliticosveracruz.com\/index.php?rest_route=%2Fwp%2Fv2%2Fmedia&parent=106943"}],"wp:term":[{"taxonomy":"category","embeddable":true,"href":"https:\/\/lospoliticosveracruz.com\/index.php?rest_route=%2Fwp%2Fv2%2Fcategories&post=106943"},{"taxonomy":"post_tag","embeddable":true,"href":"https:\/\/lospoliticosveracruz.com\/index.php?rest_route=%2Fwp%2Fv2%2Ftags&post=106943"}],"curies":[{"name":"wp","href":"https:\/\/api.w.org\/{rel}","templated":true}]}}