{"id":106946,"date":"2023-06-07T09:22:02","date_gmt":"2023-06-07T14:22:02","guid":{"rendered":"https:\/\/lospoliticosveracruz.com.mx\/?p=106946"},"modified":"2023-06-07T09:22:09","modified_gmt":"2023-06-07T14:22:09","slug":"prefieren-sepultar-el-tema","status":"publish","type":"post","link":"https:\/\/lospoliticosveracruz.com\/?p=106946","title":{"rendered":"PREFIEREN SEPULTAR EL TEMA"},"content":{"rendered":"\n<p><strong>Julio Vallejo<br><\/strong>La l\u00ednea delgada entre mi opini\u00f3n y la tuya<\/p>\n\n\n\n<p>Nosotros los humanos no vemos el impacto ni las consecuencias que permitimos; no estamos acostumbrados a que nos digan la verdad ni las cosas como son y m\u00e1s cuando la informaci\u00f3n quiere ser libre.<\/p>\n\n\n\n<figure class=\"wp-block-image size-large\"><a href=\"https:\/\/lospoliticosveracruz.com.mx\/wp-content\/uploads\/2016\/07\/Seguro-Julio-Cerecedo-2.jpg\"><img decoding=\"async\" src=\"https:\/\/lospoliticosveracruz.com.mx\/wp-content\/uploads\/2016\/07\/Seguro-Julio-Cerecedo-2-1024x381.jpg\" alt=\"\" class=\"wp-image-105879\"\/><\/a><\/figure>\n\n\n\n<p>30 a\u00f1os dentro de la comunicaci\u00f3n no es nada f\u00e1cil, pero es lo m\u00e1s satisfactorio.<br>La primera ocasi\u00f3n que tuve un peri\u00f3dico en la mano, sent\u00ed por primera vez lo que es rellenar mis huellas dactilares con la tinta de ese peque\u00f1o paquete de papel, ese primer informante fue el \u201cDiario de Xalapa\u201d.<\/p>\n\n\n\n<p>Qui\u00e9n dir\u00eda que despu\u00e9s de un par de a\u00f1os estar\u00eda trabajando ah\u00ed, por m\u00e1s de diez a\u00f1os.<\/p>\n\n\n\n<p>Cada a\u00f1o cuando se celebraba el d\u00eda de \u201cla libertad de expresi\u00f3n\u201d, observaba a mis compa\u00f1eros galardonados con detenimiento, pues mostraban una peculiar sonrisa y desbordante alegr\u00eda, por la distinci\u00f3n que recib\u00edan; yo de solo verlos, me contagiaba de sus emociones, al mismo tiempo que dec\u00eda: !alg\u00fan d\u00eda ser\u00e1s el elegido!.<\/p>\n\n\n\n<p>Encontrar maestros en el camino.<\/p>\n\n\n\n<p>Transcurrrieron m\u00e1s de treinta a\u00f1os y ese d\u00eda nunca llegaba; sin embargo, debo comentar que siempre me esforzaba para que llegara, sin importar si era necesario el arriesgar mi vida, no una vez sino muchas veces, as\u00ed como lo han hecho muchos de mis maestros reporteros, camar\u00f3grafos, fot\u00f3grafos, columnistas etc.<\/p>\n\n\n\n<p>Cu\u00e1ntas veces tuve que seguir ambulancias y desafiar a la muerte, !no lo recuerdo!, lo importante era llegar primero. No hay nada m\u00e1s trascendente que la informaci\u00f3n para los lectores.<\/p>\n\n\n\n<p>Cierto d\u00eda; estaba acostado escuchando la radio, era un programa que transmit\u00eda relatos de terror \u201cLa mano peluda\u201d estaba temblando de miedo escuchando con atenci\u00f3n; cuando de pronto \u2013 cortamos \u00e9sta transmisi\u00f3n para informar que explot\u00f3 la gasolinera de Coatepec y varios compa\u00f1eros de los medios de comunicaci\u00f3n se encuentran graves, entre ellos Jos\u00e9 Luis Romero, Alberto Morales \u201cEl Gato\u201d, Hugo Cruz Ojeda entre otros-.<br>Ese d\u00eda, casi me desfiguro el rostro de tanto frotarme la cara con mis manos de preocupaci\u00f3n por mis compa\u00f1eros, la calma lleg\u00f3 cuando acud\u00ed al IMSS y me comentaron que todos estaban bien y fuera de peligro.<\/p>\n\n\n\n<p>Este tipo de acontecimientos que pasan nuestros compa\u00f1eros para mantener informada a la sociedad, se desconoce.<\/p>\n\n\n\n<p>Ahora en estos tiempos es lamentable informarlo, pero vale m\u00e1s un peri\u00f3dico que la vida de un periodista. Cada periodista muerto o desaparecido no s\u00f3lo es noticia, si no una falta de respeto a la libertad de expresi\u00f3n, esa que todos los humanos nos merecemos.<\/p>\n\n\n\n<p>Los periodistas tienen el derecho y la moral segundo a segundo de decir la verdad de una manera responsable, as\u00ed como juntar la mayor cantidad y calidad de informaci\u00f3n.<\/p>\n\n\n\n<p>Hoy en d\u00eda todas las plataformas digitales que tenemos a nuestro alcance, se han vuelto fundamentales para que la informaci\u00f3n fluya de una manera r\u00e1pida; sin embargo, la sociedad de una manera irresponsable se atreve a difundir y denostar cada acontecimiento conforme a su criterio o perspectiva.<br>Por tal raz\u00f3n, es la importancia del periodista, porque informar no implica s\u00f3lo dejarse llevar por los ruidos que hay en esas plataformas o por los chismes de oreja a oreja.<\/p>\n\n\n\n<p>Todos aquellos maestros de la comunicaci\u00f3n, que han dejado sus huellas \u201ccon sangre\u201d por la realizaci\u00f3n de este oficio, ya sea por su muerte o asesinato, mi respeto total.<\/p>\n\n\n\n<p>Hago un llamado para el esclarecimiento de cada acto cobarde donde se ha sepultado la libertad de expresi\u00f3n.<\/p>\n\n\n\n<p>A la sociedad la invito a defender el poder de la palabra de una manera responsable, cada vez que difundan alg\u00fan comentario bueno o malo de alg\u00fan suceso.<\/p>\n\n\n\n<p>En este d\u00eda donde celebramos la libertad de expresi\u00f3n, pido a las autoridades que haya una prensa libre, independiente y adecuada para que se propicie la democracia en el pa\u00eds.<\/p>\n\n\n\n<p>Gracias a Jos\u00e9 Uriel Rosas Mart\u00ednez Presidente del Consejode Directores y Coordinador Nacional e Internacional de las Delegaciones del Club de Periodistas de M\u00e9xico A.C., tambi\u00e9n a Salom\u00f3n Abad M\u00e9ndez, Secretario General de la Asociaci\u00f3n de Reporteros Gr\u00e1ficos de los Diarios de Veracruz A.C. por otorgarme este a\u00f1o, \u201cLa Presea de la Libertad de Expresi\u00f3n\u201d .<\/p>\n\n\n\n<p>Aprovecho la ocasi\u00f3n para felicitar a cada uno de mis compa\u00f1eros periodistas.<\/p>\n","protected":false},"excerpt":{"rendered":"<p>Julio VallejoLa l\u00ednea delgada entre mi opini\u00f3n y la tuya Nosotros los humanos no vemos el impacto ni las consecuencias que permitimos; no estamos acostumbrados a que nos digan la verdad ni las cosas como son y m\u00e1s cuando la informaci\u00f3n quiere ser libre. 30 a\u00f1os dentro de la comunicaci\u00f3n no es nada f\u00e1cil, pero [&hellip;]<\/p>\n","protected":false},"author":2,"featured_media":0,"comment_status":"closed","ping_status":"closed","sticky":false,"template":"","format":"standard","meta":{"tdm_status":"","tdm_grid_status":"","footnotes":""},"categories":[70],"tags":[32927],"class_list":{"0":"post-106946","1":"post","2":"type-post","3":"status-publish","4":"format-standard","6":"category-de-opinion","7":"tag-julio-vallejo"},"yoast_head":"<!-- This site is optimized with the Yoast SEO plugin v27.4 - https:\/\/yoast.com\/product\/yoast-seo-wordpress\/ -->\n<title>PREFIEREN SEPULTAR EL TEMA - Los pol\u00edticos Veracruz<\/title>\n<meta name=\"robots\" content=\"index, follow, max-snippet:-1, max-image-preview:large, max-video-preview:-1\" \/>\n<link rel=\"canonical\" href=\"https:\/\/lospoliticosveracruz.com\/?p=106946\" \/>\n<meta property=\"og:locale\" content=\"es_ES\" \/>\n<meta property=\"og:type\" content=\"article\" \/>\n<meta property=\"og:title\" content=\"PREFIEREN SEPULTAR EL TEMA - Los pol\u00edticos Veracruz\" \/>\n<meta property=\"og:description\" content=\"Julio VallejoLa l\u00ednea delgada entre mi opini\u00f3n y la tuya Nosotros los humanos no vemos el impacto ni las consecuencias que permitimos; no estamos acostumbrados a que nos digan la verdad ni las cosas como son y m\u00e1s cuando la informaci\u00f3n quiere ser libre. 30 a\u00f1os dentro de la comunicaci\u00f3n no es nada f\u00e1cil, pero [&hellip;]\" \/>\n<meta property=\"og:url\" content=\"https:\/\/lospoliticosveracruz.com\/?p=106946\" \/>\n<meta property=\"og:site_name\" content=\"Los pol\u00edticos Veracruz\" \/>\n<meta property=\"article:publisher\" content=\"https:\/\/www.facebook.com\/people\/Notimemes-de-los-Polticos\/61565672886568\/\" \/>\n<meta property=\"article:published_time\" content=\"2023-06-07T14:22:02+00:00\" \/>\n<meta property=\"article:modified_time\" content=\"2023-06-07T14:22:09+00:00\" \/>\n<meta property=\"og:image\" content=\"https:\/\/lospoliticosveracruz.com.mx\/wp-content\/uploads\/2016\/07\/Seguro-Julio-Cerecedo-2-1024x381.jpg\" \/>\n<meta name=\"author\" content=\"Lo viste en Los Pol\u00edticos\" \/>\n<meta name=\"twitter:card\" content=\"summary_large_image\" \/>\n<meta name=\"twitter:creator\" content=\"@LosPoliticosVer\" \/>\n<meta name=\"twitter:site\" content=\"@LosPoliticosVer\" \/>\n<meta name=\"twitter:label1\" content=\"Escrito por\" \/>\n\t<meta name=\"twitter:data1\" content=\"Lo viste en Los Pol\u00edticos\" \/>\n\t<meta name=\"twitter:label2\" content=\"Tiempo de lectura\" \/>\n\t<meta name=\"twitter:data2\" content=\"4 minutos\" \/>\n<script type=\"application\/ld+json\" class=\"yoast-schema-graph\">{\"@context\":\"https:\\\/\\\/schema.org\",\"@graph\":[{\"@type\":\"Article\",\"@id\":\"https:\\\/\\\/lospoliticosveracruz.com\\\/?p=106946#article\",\"isPartOf\":{\"@id\":\"https:\\\/\\\/lospoliticosveracruz.com\\\/?p=106946\"},\"author\":{\"name\":\"Lo viste en Los Pol\u00edticos\",\"@id\":\"https:\\\/\\\/lospoliticosveracruz.com\\\/#\\\/schema\\\/person\\\/b8702bb0e538456e6efd07080bf2a4a2\"},\"headline\":\"PREFIEREN SEPULTAR EL TEMA\",\"datePublished\":\"2023-06-07T14:22:02+00:00\",\"dateModified\":\"2023-06-07T14:22:09+00:00\",\"mainEntityOfPage\":{\"@id\":\"https:\\\/\\\/lospoliticosveracruz.com\\\/?p=106946\"},\"wordCount\":774,\"publisher\":{\"@id\":\"https:\\\/\\\/lospoliticosveracruz.com\\\/#organization\"},\"image\":{\"@id\":\"https:\\\/\\\/lospoliticosveracruz.com\\\/?p=106946#primaryimage\"},\"thumbnailUrl\":\"https:\\\/\\\/lospoliticosveracruz.com.mx\\\/wp-content\\\/uploads\\\/2016\\\/07\\\/Seguro-Julio-Cerecedo-2-1024x381.jpg\",\"keywords\":[\"Julio Vallejo\"],\"articleSection\":[\"De Opini\u00f3n\"],\"inLanguage\":\"es\"},{\"@type\":\"WebPage\",\"@id\":\"https:\\\/\\\/lospoliticosveracruz.com\\\/?p=106946\",\"url\":\"https:\\\/\\\/lospoliticosveracruz.com\\\/?p=106946\",\"name\":\"PREFIEREN SEPULTAR EL TEMA - Los pol\u00edticos Veracruz\",\"isPartOf\":{\"@id\":\"https:\\\/\\\/lospoliticosveracruz.com\\\/#website\"},\"primaryImageOfPage\":{\"@id\":\"https:\\\/\\\/lospoliticosveracruz.com\\\/?p=106946#primaryimage\"},\"image\":{\"@id\":\"https:\\\/\\\/lospoliticosveracruz.com\\\/?p=106946#primaryimage\"},\"thumbnailUrl\":\"https:\\\/\\\/lospoliticosveracruz.com.mx\\\/wp-content\\\/uploads\\\/2016\\\/07\\\/Seguro-Julio-Cerecedo-2-1024x381.jpg\",\"datePublished\":\"2023-06-07T14:22:02+00:00\",\"dateModified\":\"2023-06-07T14:22:09+00:00\",\"breadcrumb\":{\"@id\":\"https:\\\/\\\/lospoliticosveracruz.com\\\/?p=106946#breadcrumb\"},\"inLanguage\":\"es\",\"potentialAction\":[{\"@type\":\"ReadAction\",\"target\":[\"https:\\\/\\\/lospoliticosveracruz.com\\\/?p=106946\"]}]},{\"@type\":\"ImageObject\",\"inLanguage\":\"es\",\"@id\":\"https:\\\/\\\/lospoliticosveracruz.com\\\/?p=106946#primaryimage\",\"url\":\"https:\\\/\\\/lospoliticosveracruz.com.mx\\\/wp-content\\\/uploads\\\/2016\\\/07\\\/Seguro-Julio-Cerecedo-2-1024x381.jpg\",\"contentUrl\":\"https:\\\/\\\/lospoliticosveracruz.com.mx\\\/wp-content\\\/uploads\\\/2016\\\/07\\\/Seguro-Julio-Cerecedo-2-1024x381.jpg\"},{\"@type\":\"BreadcrumbList\",\"@id\":\"https:\\\/\\\/lospoliticosveracruz.com\\\/?p=106946#breadcrumb\",\"itemListElement\":[{\"@type\":\"ListItem\",\"position\":1,\"name\":\"Portada\",\"item\":\"https:\\\/\\\/lospoliticosveracruz.com\\\/\"},{\"@type\":\"ListItem\",\"position\":2,\"name\":\"PREFIEREN SEPULTAR EL TEMA\"}]},{\"@type\":\"WebSite\",\"@id\":\"https:\\\/\\\/lospoliticosveracruz.com\\\/#website\",\"url\":\"https:\\\/\\\/lospoliticosveracruz.com\\\/\",\"name\":\"Los pol\u00edticos Veracruz\",\"description\":\"\",\"publisher\":{\"@id\":\"https:\\\/\\\/lospoliticosveracruz.com\\\/#organization\"},\"potentialAction\":[{\"@type\":\"SearchAction\",\"target\":{\"@type\":\"EntryPoint\",\"urlTemplate\":\"https:\\\/\\\/lospoliticosveracruz.com\\\/?s={search_term_string}\"},\"query-input\":{\"@type\":\"PropertyValueSpecification\",\"valueRequired\":true,\"valueName\":\"search_term_string\"}}],\"inLanguage\":\"es\"},{\"@type\":\"Organization\",\"@id\":\"https:\\\/\\\/lospoliticosveracruz.com\\\/#organization\",\"name\":\"Los pol\u00edticos Veracruz\",\"url\":\"https:\\\/\\\/lospoliticosveracruz.com\\\/\",\"logo\":{\"@type\":\"ImageObject\",\"inLanguage\":\"es\",\"@id\":\"https:\\\/\\\/lospoliticosveracruz.com\\\/#\\\/schema\\\/logo\\\/image\\\/\",\"url\":\"https:\\\/\\\/lospoliticosveracruz.com\\\/wp-content\\\/uploads\\\/2025\\\/12\\\/Logo-Nuevo-LOS-POLITICOS-1.jpg\",\"contentUrl\":\"https:\\\/\\\/lospoliticosveracruz.com\\\/wp-content\\\/uploads\\\/2025\\\/12\\\/Logo-Nuevo-LOS-POLITICOS-1.jpg\",\"width\":260,\"height\":70,\"caption\":\"Los pol\u00edticos Veracruz\"},\"image\":{\"@id\":\"https:\\\/\\\/lospoliticosveracruz.com\\\/#\\\/schema\\\/logo\\\/image\\\/\"},\"sameAs\":[\"https:\\\/\\\/www.facebook.com\\\/people\\\/Notimemes-de-los-Polticos\\\/61565672886568\\\/\",\"https:\\\/\\\/x.com\\\/LosPoliticosVer\"]},{\"@type\":\"Person\",\"@id\":\"https:\\\/\\\/lospoliticosveracruz.com\\\/#\\\/schema\\\/person\\\/b8702bb0e538456e6efd07080bf2a4a2\",\"name\":\"Lo viste en Los Pol\u00edticos\",\"image\":{\"@type\":\"ImageObject\",\"inLanguage\":\"es\",\"@id\":\"https:\\\/\\\/secure.gravatar.com\\\/avatar\\\/3a8de04a2656d44082be478bd6c086daa447c4651605818287b9532d3d0bd435?s=96&d=mm&r=g\",\"url\":\"https:\\\/\\\/secure.gravatar.com\\\/avatar\\\/3a8de04a2656d44082be478bd6c086daa447c4651605818287b9532d3d0bd435?s=96&d=mm&r=g\",\"contentUrl\":\"https:\\\/\\\/secure.gravatar.com\\\/avatar\\\/3a8de04a2656d44082be478bd6c086daa447c4651605818287b9532d3d0bd435?s=96&d=mm&r=g\",\"caption\":\"Lo viste en Los Pol\u00edticos\"},\"url\":\"https:\\\/\\\/lospoliticosveracruz.com\\\/?author=2\"}]}<\/script>\n<!-- \/ Yoast SEO plugin. -->","yoast_head_json":{"title":"PREFIEREN SEPULTAR EL TEMA - Los pol\u00edticos Veracruz","robots":{"index":"index","follow":"follow","max-snippet":"max-snippet:-1","max-image-preview":"max-image-preview:large","max-video-preview":"max-video-preview:-1"},"canonical":"https:\/\/lospoliticosveracruz.com\/?p=106946","og_locale":"es_ES","og_type":"article","og_title":"PREFIEREN SEPULTAR EL TEMA - Los pol\u00edticos Veracruz","og_description":"Julio VallejoLa l\u00ednea delgada entre mi opini\u00f3n y la tuya Nosotros los humanos no vemos el impacto ni las consecuencias que permitimos; no estamos acostumbrados a que nos digan la verdad ni las cosas como son y m\u00e1s cuando la informaci\u00f3n quiere ser libre. 30 a\u00f1os dentro de la comunicaci\u00f3n no es nada f\u00e1cil, pero [&hellip;]","og_url":"https:\/\/lospoliticosveracruz.com\/?p=106946","og_site_name":"Los pol\u00edticos Veracruz","article_publisher":"https:\/\/www.facebook.com\/people\/Notimemes-de-los-Polticos\/61565672886568\/","article_published_time":"2023-06-07T14:22:02+00:00","article_modified_time":"2023-06-07T14:22:09+00:00","og_image":[{"url":"https:\/\/lospoliticosveracruz.com.mx\/wp-content\/uploads\/2016\/07\/Seguro-Julio-Cerecedo-2-1024x381.jpg","type":"","width":"","height":""}],"author":"Lo viste en Los Pol\u00edticos","twitter_card":"summary_large_image","twitter_creator":"@LosPoliticosVer","twitter_site":"@LosPoliticosVer","twitter_misc":{"Escrito por":"Lo viste en Los Pol\u00edticos","Tiempo de lectura":"4 minutos"},"schema":{"@context":"https:\/\/schema.org","@graph":[{"@type":"Article","@id":"https:\/\/lospoliticosveracruz.com\/?p=106946#article","isPartOf":{"@id":"https:\/\/lospoliticosveracruz.com\/?p=106946"},"author":{"name":"Lo viste en Los Pol\u00edticos","@id":"https:\/\/lospoliticosveracruz.com\/#\/schema\/person\/b8702bb0e538456e6efd07080bf2a4a2"},"headline":"PREFIEREN SEPULTAR EL TEMA","datePublished":"2023-06-07T14:22:02+00:00","dateModified":"2023-06-07T14:22:09+00:00","mainEntityOfPage":{"@id":"https:\/\/lospoliticosveracruz.com\/?p=106946"},"wordCount":774,"publisher":{"@id":"https:\/\/lospoliticosveracruz.com\/#organization"},"image":{"@id":"https:\/\/lospoliticosveracruz.com\/?p=106946#primaryimage"},"thumbnailUrl":"https:\/\/lospoliticosveracruz.com.mx\/wp-content\/uploads\/2016\/07\/Seguro-Julio-Cerecedo-2-1024x381.jpg","keywords":["Julio Vallejo"],"articleSection":["De Opini\u00f3n"],"inLanguage":"es"},{"@type":"WebPage","@id":"https:\/\/lospoliticosveracruz.com\/?p=106946","url":"https:\/\/lospoliticosveracruz.com\/?p=106946","name":"PREFIEREN SEPULTAR EL TEMA - Los pol\u00edticos Veracruz","isPartOf":{"@id":"https:\/\/lospoliticosveracruz.com\/#website"},"primaryImageOfPage":{"@id":"https:\/\/lospoliticosveracruz.com\/?p=106946#primaryimage"},"image":{"@id":"https:\/\/lospoliticosveracruz.com\/?p=106946#primaryimage"},"thumbnailUrl":"https:\/\/lospoliticosveracruz.com.mx\/wp-content\/uploads\/2016\/07\/Seguro-Julio-Cerecedo-2-1024x381.jpg","datePublished":"2023-06-07T14:22:02+00:00","dateModified":"2023-06-07T14:22:09+00:00","breadcrumb":{"@id":"https:\/\/lospoliticosveracruz.com\/?p=106946#breadcrumb"},"inLanguage":"es","potentialAction":[{"@type":"ReadAction","target":["https:\/\/lospoliticosveracruz.com\/?p=106946"]}]},{"@type":"ImageObject","inLanguage":"es","@id":"https:\/\/lospoliticosveracruz.com\/?p=106946#primaryimage","url":"https:\/\/lospoliticosveracruz.com.mx\/wp-content\/uploads\/2016\/07\/Seguro-Julio-Cerecedo-2-1024x381.jpg","contentUrl":"https:\/\/lospoliticosveracruz.com.mx\/wp-content\/uploads\/2016\/07\/Seguro-Julio-Cerecedo-2-1024x381.jpg"},{"@type":"BreadcrumbList","@id":"https:\/\/lospoliticosveracruz.com\/?p=106946#breadcrumb","itemListElement":[{"@type":"ListItem","position":1,"name":"Portada","item":"https:\/\/lospoliticosveracruz.com\/"},{"@type":"ListItem","position":2,"name":"PREFIEREN SEPULTAR EL TEMA"}]},{"@type":"WebSite","@id":"https:\/\/lospoliticosveracruz.com\/#website","url":"https:\/\/lospoliticosveracruz.com\/","name":"Los pol\u00edticos Veracruz","description":"","publisher":{"@id":"https:\/\/lospoliticosveracruz.com\/#organization"},"potentialAction":[{"@type":"SearchAction","target":{"@type":"EntryPoint","urlTemplate":"https:\/\/lospoliticosveracruz.com\/?s={search_term_string}"},"query-input":{"@type":"PropertyValueSpecification","valueRequired":true,"valueName":"search_term_string"}}],"inLanguage":"es"},{"@type":"Organization","@id":"https:\/\/lospoliticosveracruz.com\/#organization","name":"Los pol\u00edticos Veracruz","url":"https:\/\/lospoliticosveracruz.com\/","logo":{"@type":"ImageObject","inLanguage":"es","@id":"https:\/\/lospoliticosveracruz.com\/#\/schema\/logo\/image\/","url":"https:\/\/lospoliticosveracruz.com\/wp-content\/uploads\/2025\/12\/Logo-Nuevo-LOS-POLITICOS-1.jpg","contentUrl":"https:\/\/lospoliticosveracruz.com\/wp-content\/uploads\/2025\/12\/Logo-Nuevo-LOS-POLITICOS-1.jpg","width":260,"height":70,"caption":"Los pol\u00edticos Veracruz"},"image":{"@id":"https:\/\/lospoliticosveracruz.com\/#\/schema\/logo\/image\/"},"sameAs":["https:\/\/www.facebook.com\/people\/Notimemes-de-los-Polticos\/61565672886568\/","https:\/\/x.com\/LosPoliticosVer"]},{"@type":"Person","@id":"https:\/\/lospoliticosveracruz.com\/#\/schema\/person\/b8702bb0e538456e6efd07080bf2a4a2","name":"Lo viste en Los Pol\u00edticos","image":{"@type":"ImageObject","inLanguage":"es","@id":"https:\/\/secure.gravatar.com\/avatar\/3a8de04a2656d44082be478bd6c086daa447c4651605818287b9532d3d0bd435?s=96&d=mm&r=g","url":"https:\/\/secure.gravatar.com\/avatar\/3a8de04a2656d44082be478bd6c086daa447c4651605818287b9532d3d0bd435?s=96&d=mm&r=g","contentUrl":"https:\/\/secure.gravatar.com\/avatar\/3a8de04a2656d44082be478bd6c086daa447c4651605818287b9532d3d0bd435?s=96&d=mm&r=g","caption":"Lo viste en Los Pol\u00edticos"},"url":"https:\/\/lospoliticosveracruz.com\/?author=2"}]}},"_links":{"self":[{"href":"https:\/\/lospoliticosveracruz.com\/index.php?rest_route=\/wp\/v2\/posts\/106946","targetHints":{"allow":["GET"]}}],"collection":[{"href":"https:\/\/lospoliticosveracruz.com\/index.php?rest_route=\/wp\/v2\/posts"}],"about":[{"href":"https:\/\/lospoliticosveracruz.com\/index.php?rest_route=\/wp\/v2\/types\/post"}],"author":[{"embeddable":true,"href":"https:\/\/lospoliticosveracruz.com\/index.php?rest_route=\/wp\/v2\/users\/2"}],"replies":[{"embeddable":true,"href":"https:\/\/lospoliticosveracruz.com\/index.php?rest_route=%2Fwp%2Fv2%2Fcomments&post=106946"}],"version-history":[{"count":1,"href":"https:\/\/lospoliticosveracruz.com\/index.php?rest_route=\/wp\/v2\/posts\/106946\/revisions"}],"predecessor-version":[{"id":106948,"href":"https:\/\/lospoliticosveracruz.com\/index.php?rest_route=\/wp\/v2\/posts\/106946\/revisions\/106948"}],"wp:attachment":[{"href":"https:\/\/lospoliticosveracruz.com\/index.php?rest_route=%2Fwp%2Fv2%2Fmedia&parent=106946"}],"wp:term":[{"taxonomy":"category","embeddable":true,"href":"https:\/\/lospoliticosveracruz.com\/index.php?rest_route=%2Fwp%2Fv2%2Fcategories&post=106946"},{"taxonomy":"post_tag","embeddable":true,"href":"https:\/\/lospoliticosveracruz.com\/index.php?rest_route=%2Fwp%2Fv2%2Ftags&post=106946"}],"curies":[{"name":"wp","href":"https:\/\/api.w.org\/{rel}","templated":true}]}}