{"id":106976,"date":"2023-06-07T21:49:03","date_gmt":"2023-06-08T02:49:03","guid":{"rendered":"https:\/\/lospoliticosveracruz.com.mx\/?p=106976"},"modified":"2023-06-07T21:49:08","modified_gmt":"2023-06-08T02:49:08","slug":"renuncia-politica-hace-ver-lo-que-otros-no-logran-ver","status":"publish","type":"post","link":"https:\/\/lospoliticosveracruz.com\/?p=106976","title":{"rendered":"RENUNCIA POLITICA, HACE VER LO QUE OTROS NO LOGRAN VER"},"content":{"rendered":"\n<p><\/p>\n\n\n\n<p><strong>Jos\u00e9 Luis Enr\u00edquez Ambell<br><\/strong><em>Caf\u00e9 de Ma\u00f1ana<\/em><\/p>\n\n\n\n<p>La renuncia del canciller Marcelo Ebrard en poco tiempo nos har\u00e1 saber si lo negoci\u00f3 con su Jefe y los t\u00e9rminos. Y esto, pareciera que presiona a Do\u00f1a Claudia, Don Ad\u00e1n y Don Ricardo. Me parece que la decisi\u00f3n del Secretario de Relaciones Exteriores es un salto adelante que dependiendo de lo primero puede ser o no un salto al vac\u00edo.<\/p>\n\n\n<div class=\"wp-block-image\">\n<figure class=\"alignleft size-medium\"><a href=\"https:\/\/lospoliticosveracruz.com.mx\/wp-content\/uploads\/2021\/10\/WhatsApp-Image-2021-10-02-at-15.20.25.jpeg\"><img loading=\"lazy\" decoding=\"async\" width=\"212\" height=\"300\" src=\"https:\/\/lospoliticosveracruz.com.mx\/wp-content\/uploads\/2021\/10\/WhatsApp-Image-2021-10-02-at-15.20.25-212x300.jpeg\" alt=\"\" class=\"wp-image-80177\" srcset=\"https:\/\/lospoliticosveracruz.com\/wp-content\/uploads\/2021\/10\/WhatsApp-Image-2021-10-02-at-15.20.25-212x300.jpeg 212w, https:\/\/lospoliticosveracruz.com\/wp-content\/uploads\/2021\/10\/WhatsApp-Image-2021-10-02-at-15.20.25-724x1024.jpeg 724w, https:\/\/lospoliticosveracruz.com\/wp-content\/uploads\/2021\/10\/WhatsApp-Image-2021-10-02-at-15.20.25-768x1086.jpeg 768w, https:\/\/lospoliticosveracruz.com\/wp-content\/uploads\/2021\/10\/WhatsApp-Image-2021-10-02-at-15.20.25.jpeg 905w\" sizes=\"auto, (max-width: 212px) 100vw, 212px\" \/><\/a><\/figure>\n<\/div>\n\n\n<p>Formarse y transitar por las estructuras de la administraci\u00f3n p\u00fablica en el oficio pol\u00edtico ense\u00f1a, y mucho m\u00e1s cuando se trata de \u00abRenunciar\u00bb y no ser \u00abCesado\u00bb o echado por \u00abla Puerta del Descr\u00e9dito\u00bb.<\/p>\n\n\n\n<p>Los ojos de incredulidad de quienes no saben ni conocen del quehacer pol\u00edtico, sea por nuevos en el oficio institucional o pertenecer a la generaci\u00f3n de juniors pol\u00edticos y empresarios en los cargos p\u00fablicos, ligados a la derecha, centro o izquierda, e incluso a los neoliberales, no logran ver lo que significa una renuncia ante las presiones sociales y pol\u00edticas que se observan y sienten por actores en un presente y frente al devenir.<\/p>\n\n\n\n<p>M\u00e9xico transita a partir de los a\u00f1os 80\u00b4s por etapas que mezclan la ambici\u00f3n lejana a los principios del humanismo, que incluso ha llevado a pol\u00edticos de todos los partidos a la conducta soberbia y, por ende, muy alejada de la conciliaci\u00f3n, y tratando de ganar a toda costa e imponiendo sus condiciones a su alcance, legal o no.<\/p>\n\n\n\n<p>Eso ha enriquecido el abstencionismo y llev\u00e1ndolo, incluso, a superar el 50% del vac\u00edo de sufragios, y, que, en algunos procesos, deciden no acudir a las urnas.<\/p>\n\n\n\n<p>Entre los efectos de la pandemia, la inseguridad p\u00fablica creciente, diversos encontronazos de los Poderes Ejecutivo y Judicial, y con organismos aut\u00f3nomos, sin descontar los vaivenes econ\u00f3micos del pa\u00eds, se avecinan momentos quiz\u00e1 m\u00e1s delicados para la historia moderna de M\u00e9xico, por la falta de una aparente conciencia gubernamental -pues hay un paternalismo, que no ense\u00f1a a producir- pero donde sobresale la ausencia de la conciencia social de la poblaci\u00f3n que todo lo acepta, sin darse cuenta de su propio prejuicio en poco tiempo.<\/p>\n\n\n\n<p>En lo que va del sexenio de don Andr\u00e9s Manuel L\u00f3pez Obrador han renunciado secretarios, subsecretarios, directores generales, entre otros. Algunos han ido a nuevas tareas, entre fuera del ejercicio pol\u00edtico, y otros regresando sus espacios legislativos, y los menos est\u00e1n ahora en posiciones en sus municipios y estados.<\/p>\n\n\n\n<p>Las renuncias que desde un principio de la administraci\u00f3n federal se presentaron -a diferencia de las que ahora se habla estar\u00edan por suscitarse, partiendo de los casos de Claudia, Ad\u00e1n, Marcelo y Ricardo &#8211; fueron para salir y no regresar ni reacomodarse, en su mayor\u00eda. Como en el b\u00e9isbol ante un buen batazo: se fue, se fue, y se fue, sali\u00f3 del campo de juego y all\u00e1 se qued\u00f3, no regresan.<\/p>\n\n\n\n<p><strong>UN CAF\u00c9 CON DOBLE CARGA<\/strong><\/p>\n\n\n\n<p>En el pa\u00eds -Veracruz no escapa a estas pr\u00e1cticas- hay evidencia de renuncias por razones pol\u00edticas, de g\u00e9nero, burdas y sospechosas, y parece que no tendr\u00e1n fin estas lamentables conductas contra hombres y mujeres por parte de los superiores en el poder, pero esperemos que se abatan estas acciones violentas que no ayudan a la concordia ciudadana ni a superar el mal humor social.<\/p>\n\n\n\n<p><strong>DE SOBREMESA<\/strong><\/p>\n\n\n\n<p>La raz\u00f3n o razones que lleven a todo servidor p\u00fablico a presentar su renuncia merece respeto siempre que \u00e9l mismo la<br>respete en sus l\u00edneas dentro de las reglas escritas y no escritas, pues son decisiones que seguramente adelante sabremos porqu\u00e9 se dieron, c\u00f3mo se dieron y para qu\u00e9 se dieron. Dicho de otra forma, \u00abpa qu\u00e9 adivinar lo que se va a saber\u00bb.<\/p>\n\n\n\n<p><strong>UN CAF\u00c9 PARA LLEVAR<\/strong><\/p>\n\n\n\n<p>En pol\u00edtica todo golpe ocasiona aunque sea un rasp\u00f3n. Y as\u00ed, la actividad pol\u00edtica es rebasada por los intereses particulares o grupales, y es cuando se producen los raspones.<\/p>\n\n\n\n<p><strong>UN LECHERO LIGHT DIVORCIADO<\/strong><\/p>\n\n\n\n<p>Y a todo esto, las renuncias implicar\u00e1n relevos, y ocasionar\u00e1n reacomodos de las fichas en el tablero del ajedrez oficial del Presidente de M\u00e9xico. Y por inicio del cierre del sexenio, les corresponder\u00eda en apariencia la entrega-recepci\u00f3n.<\/p>\n\n\n\n<p><strong>CAF\u00c9 CON CANELA Y PANELA<\/strong><\/p>\n\n\n\n<p>Por lo visto, pasado el proceso de las 4 fichas de la 4T para la transici\u00f3n sexenal federal, lo mismo podr\u00eda suceder en el m\u00e9todo de Morena en nueve estados de la Rep\u00fablica, incluyendo Veracruz; es decir, renuncias a la vista en aguas del Golfo de M\u00e9xico.<\/p>\n\n\n\n<p>\u00a1 ES CUANTO !<\/p>\n\n\n\n<p>enriquezambell@gmail.com<\/p>\n","protected":false},"excerpt":{"rendered":"<p>Jos\u00e9 Luis Enr\u00edquez AmbellCaf\u00e9 de Ma\u00f1ana La renuncia del canciller Marcelo Ebrard en poco tiempo nos har\u00e1 saber si lo negoci\u00f3 con su Jefe y los t\u00e9rminos. Y esto, pareciera que presiona a Do\u00f1a Claudia, Don Ad\u00e1n y Don Ricardo. Me parece que la decisi\u00f3n del Secretario de Relaciones Exteriores es un salto adelante que [&hellip;]<\/p>\n","protected":false},"author":2,"featured_media":0,"comment_status":"closed","ping_status":"closed","sticky":false,"template":"","format":"standard","meta":{"tdm_status":"","tdm_grid_status":"","footnotes":""},"categories":[70],"tags":[9627,8383,14703,10353],"class_list":{"0":"post-106976","1":"post","2":"type-post","3":"status-publish","4":"format-standard","6":"category-de-opinion","7":"tag-claudia-sheinbaum","8":"tag-jose-luis-enriquez-ambell","9":"tag-marcelo-ebrard","10":"tag-ricardo-monreal"},"yoast_head":"<!-- This site is optimized with the Yoast SEO plugin v27.4 - https:\/\/yoast.com\/product\/yoast-seo-wordpress\/ -->\n<title>RENUNCIA POLITICA, HACE VER LO QUE OTROS NO LOGRAN VER - Los pol\u00edticos Veracruz<\/title>\n<meta name=\"robots\" content=\"index, follow, max-snippet:-1, max-image-preview:large, max-video-preview:-1\" \/>\n<link rel=\"canonical\" href=\"https:\/\/lospoliticosveracruz.com\/?p=106976\" \/>\n<meta property=\"og:locale\" content=\"es_ES\" \/>\n<meta property=\"og:type\" content=\"article\" \/>\n<meta property=\"og:title\" content=\"RENUNCIA POLITICA, HACE VER LO QUE OTROS NO LOGRAN VER - Los pol\u00edticos Veracruz\" \/>\n<meta property=\"og:description\" content=\"Jos\u00e9 Luis Enr\u00edquez AmbellCaf\u00e9 de Ma\u00f1ana La renuncia del canciller Marcelo Ebrard en poco tiempo nos har\u00e1 saber si lo negoci\u00f3 con su Jefe y los t\u00e9rminos. Y esto, pareciera que presiona a Do\u00f1a Claudia, Don Ad\u00e1n y Don Ricardo. Me parece que la decisi\u00f3n del Secretario de Relaciones Exteriores es un salto adelante que [&hellip;]\" \/>\n<meta property=\"og:url\" content=\"https:\/\/lospoliticosveracruz.com\/?p=106976\" \/>\n<meta property=\"og:site_name\" content=\"Los pol\u00edticos Veracruz\" \/>\n<meta property=\"article:publisher\" content=\"https:\/\/www.facebook.com\/people\/Notimemes-de-los-Polticos\/61565672886568\/\" \/>\n<meta property=\"article:published_time\" content=\"2023-06-08T02:49:03+00:00\" \/>\n<meta property=\"article:modified_time\" content=\"2023-06-08T02:49:08+00:00\" \/>\n<meta property=\"og:image\" content=\"https:\/\/lospoliticosveracruz.com.mx\/wp-content\/uploads\/2021\/10\/WhatsApp-Image-2021-10-02-at-15.20.25-212x300.jpeg\" \/>\n<meta name=\"author\" content=\"Lo viste en Los Pol\u00edticos\" \/>\n<meta name=\"twitter:card\" content=\"summary_large_image\" \/>\n<meta name=\"twitter:creator\" content=\"@LosPoliticosVer\" \/>\n<meta name=\"twitter:site\" content=\"@LosPoliticosVer\" \/>\n<meta name=\"twitter:label1\" content=\"Escrito por\" \/>\n\t<meta name=\"twitter:data1\" content=\"Lo viste en Los Pol\u00edticos\" \/>\n\t<meta name=\"twitter:label2\" content=\"Tiempo de lectura\" \/>\n\t<meta name=\"twitter:data2\" content=\"4 minutos\" \/>\n<script type=\"application\/ld+json\" class=\"yoast-schema-graph\">{\"@context\":\"https:\\\/\\\/schema.org\",\"@graph\":[{\"@type\":\"Article\",\"@id\":\"https:\\\/\\\/lospoliticosveracruz.com\\\/?p=106976#article\",\"isPartOf\":{\"@id\":\"https:\\\/\\\/lospoliticosveracruz.com\\\/?p=106976\"},\"author\":{\"name\":\"Lo viste en Los Pol\u00edticos\",\"@id\":\"https:\\\/\\\/lospoliticosveracruz.com\\\/#\\\/schema\\\/person\\\/b8702bb0e538456e6efd07080bf2a4a2\"},\"headline\":\"RENUNCIA POLITICA, HACE VER LO QUE OTROS NO LOGRAN VER\",\"datePublished\":\"2023-06-08T02:49:03+00:00\",\"dateModified\":\"2023-06-08T02:49:08+00:00\",\"mainEntityOfPage\":{\"@id\":\"https:\\\/\\\/lospoliticosveracruz.com\\\/?p=106976\"},\"wordCount\":803,\"publisher\":{\"@id\":\"https:\\\/\\\/lospoliticosveracruz.com\\\/#organization\"},\"image\":{\"@id\":\"https:\\\/\\\/lospoliticosveracruz.com\\\/?p=106976#primaryimage\"},\"thumbnailUrl\":\"https:\\\/\\\/lospoliticosveracruz.com.mx\\\/wp-content\\\/uploads\\\/2021\\\/10\\\/WhatsApp-Image-2021-10-02-at-15.20.25-212x300.jpeg\",\"keywords\":[\"Claudia Sheinbaum\",\"Jos\u00e9 Luis Enr\u00edquez Ambell\",\"Marcelo Ebrard\",\"Ricardo Monreal\"],\"articleSection\":[\"De Opini\u00f3n\"],\"inLanguage\":\"es\"},{\"@type\":\"WebPage\",\"@id\":\"https:\\\/\\\/lospoliticosveracruz.com\\\/?p=106976\",\"url\":\"https:\\\/\\\/lospoliticosveracruz.com\\\/?p=106976\",\"name\":\"RENUNCIA POLITICA, HACE VER LO QUE OTROS NO LOGRAN VER - Los pol\u00edticos Veracruz\",\"isPartOf\":{\"@id\":\"https:\\\/\\\/lospoliticosveracruz.com\\\/#website\"},\"primaryImageOfPage\":{\"@id\":\"https:\\\/\\\/lospoliticosveracruz.com\\\/?p=106976#primaryimage\"},\"image\":{\"@id\":\"https:\\\/\\\/lospoliticosveracruz.com\\\/?p=106976#primaryimage\"},\"thumbnailUrl\":\"https:\\\/\\\/lospoliticosveracruz.com.mx\\\/wp-content\\\/uploads\\\/2021\\\/10\\\/WhatsApp-Image-2021-10-02-at-15.20.25-212x300.jpeg\",\"datePublished\":\"2023-06-08T02:49:03+00:00\",\"dateModified\":\"2023-06-08T02:49:08+00:00\",\"breadcrumb\":{\"@id\":\"https:\\\/\\\/lospoliticosveracruz.com\\\/?p=106976#breadcrumb\"},\"inLanguage\":\"es\",\"potentialAction\":[{\"@type\":\"ReadAction\",\"target\":[\"https:\\\/\\\/lospoliticosveracruz.com\\\/?p=106976\"]}]},{\"@type\":\"ImageObject\",\"inLanguage\":\"es\",\"@id\":\"https:\\\/\\\/lospoliticosveracruz.com\\\/?p=106976#primaryimage\",\"url\":\"https:\\\/\\\/lospoliticosveracruz.com.mx\\\/wp-content\\\/uploads\\\/2021\\\/10\\\/WhatsApp-Image-2021-10-02-at-15.20.25-212x300.jpeg\",\"contentUrl\":\"https:\\\/\\\/lospoliticosveracruz.com.mx\\\/wp-content\\\/uploads\\\/2021\\\/10\\\/WhatsApp-Image-2021-10-02-at-15.20.25-212x300.jpeg\"},{\"@type\":\"BreadcrumbList\",\"@id\":\"https:\\\/\\\/lospoliticosveracruz.com\\\/?p=106976#breadcrumb\",\"itemListElement\":[{\"@type\":\"ListItem\",\"position\":1,\"name\":\"Portada\",\"item\":\"https:\\\/\\\/lospoliticosveracruz.com\\\/\"},{\"@type\":\"ListItem\",\"position\":2,\"name\":\"RENUNCIA POLITICA, HACE VER LO QUE OTROS NO LOGRAN VER\"}]},{\"@type\":\"WebSite\",\"@id\":\"https:\\\/\\\/lospoliticosveracruz.com\\\/#website\",\"url\":\"https:\\\/\\\/lospoliticosveracruz.com\\\/\",\"name\":\"Los pol\u00edticos Veracruz\",\"description\":\"\",\"publisher\":{\"@id\":\"https:\\\/\\\/lospoliticosveracruz.com\\\/#organization\"},\"potentialAction\":[{\"@type\":\"SearchAction\",\"target\":{\"@type\":\"EntryPoint\",\"urlTemplate\":\"https:\\\/\\\/lospoliticosveracruz.com\\\/?s={search_term_string}\"},\"query-input\":{\"@type\":\"PropertyValueSpecification\",\"valueRequired\":true,\"valueName\":\"search_term_string\"}}],\"inLanguage\":\"es\"},{\"@type\":\"Organization\",\"@id\":\"https:\\\/\\\/lospoliticosveracruz.com\\\/#organization\",\"name\":\"Los pol\u00edticos Veracruz\",\"url\":\"https:\\\/\\\/lospoliticosveracruz.com\\\/\",\"logo\":{\"@type\":\"ImageObject\",\"inLanguage\":\"es\",\"@id\":\"https:\\\/\\\/lospoliticosveracruz.com\\\/#\\\/schema\\\/logo\\\/image\\\/\",\"url\":\"https:\\\/\\\/lospoliticosveracruz.com\\\/wp-content\\\/uploads\\\/2025\\\/12\\\/Logo-Nuevo-LOS-POLITICOS-1.jpg\",\"contentUrl\":\"https:\\\/\\\/lospoliticosveracruz.com\\\/wp-content\\\/uploads\\\/2025\\\/12\\\/Logo-Nuevo-LOS-POLITICOS-1.jpg\",\"width\":260,\"height\":70,\"caption\":\"Los pol\u00edticos Veracruz\"},\"image\":{\"@id\":\"https:\\\/\\\/lospoliticosveracruz.com\\\/#\\\/schema\\\/logo\\\/image\\\/\"},\"sameAs\":[\"https:\\\/\\\/www.facebook.com\\\/people\\\/Notimemes-de-los-Polticos\\\/61565672886568\\\/\",\"https:\\\/\\\/x.com\\\/LosPoliticosVer\"]},{\"@type\":\"Person\",\"@id\":\"https:\\\/\\\/lospoliticosveracruz.com\\\/#\\\/schema\\\/person\\\/b8702bb0e538456e6efd07080bf2a4a2\",\"name\":\"Lo viste en Los Pol\u00edticos\",\"image\":{\"@type\":\"ImageObject\",\"inLanguage\":\"es\",\"@id\":\"https:\\\/\\\/secure.gravatar.com\\\/avatar\\\/3a8de04a2656d44082be478bd6c086daa447c4651605818287b9532d3d0bd435?s=96&d=mm&r=g\",\"url\":\"https:\\\/\\\/secure.gravatar.com\\\/avatar\\\/3a8de04a2656d44082be478bd6c086daa447c4651605818287b9532d3d0bd435?s=96&d=mm&r=g\",\"contentUrl\":\"https:\\\/\\\/secure.gravatar.com\\\/avatar\\\/3a8de04a2656d44082be478bd6c086daa447c4651605818287b9532d3d0bd435?s=96&d=mm&r=g\",\"caption\":\"Lo viste en Los Pol\u00edticos\"},\"url\":\"https:\\\/\\\/lospoliticosveracruz.com\\\/?author=2\"}]}<\/script>\n<!-- \/ Yoast SEO plugin. -->","yoast_head_json":{"title":"RENUNCIA POLITICA, HACE VER LO QUE OTROS NO LOGRAN VER - Los pol\u00edticos Veracruz","robots":{"index":"index","follow":"follow","max-snippet":"max-snippet:-1","max-image-preview":"max-image-preview:large","max-video-preview":"max-video-preview:-1"},"canonical":"https:\/\/lospoliticosveracruz.com\/?p=106976","og_locale":"es_ES","og_type":"article","og_title":"RENUNCIA POLITICA, HACE VER LO QUE OTROS NO LOGRAN VER - Los pol\u00edticos Veracruz","og_description":"Jos\u00e9 Luis Enr\u00edquez AmbellCaf\u00e9 de Ma\u00f1ana La renuncia del canciller Marcelo Ebrard en poco tiempo nos har\u00e1 saber si lo negoci\u00f3 con su Jefe y los t\u00e9rminos. Y esto, pareciera que presiona a Do\u00f1a Claudia, Don Ad\u00e1n y Don Ricardo. Me parece que la decisi\u00f3n del Secretario de Relaciones Exteriores es un salto adelante que [&hellip;]","og_url":"https:\/\/lospoliticosveracruz.com\/?p=106976","og_site_name":"Los pol\u00edticos Veracruz","article_publisher":"https:\/\/www.facebook.com\/people\/Notimemes-de-los-Polticos\/61565672886568\/","article_published_time":"2023-06-08T02:49:03+00:00","article_modified_time":"2023-06-08T02:49:08+00:00","og_image":[{"url":"https:\/\/lospoliticosveracruz.com.mx\/wp-content\/uploads\/2021\/10\/WhatsApp-Image-2021-10-02-at-15.20.25-212x300.jpeg","type":"","width":"","height":""}],"author":"Lo viste en Los Pol\u00edticos","twitter_card":"summary_large_image","twitter_creator":"@LosPoliticosVer","twitter_site":"@LosPoliticosVer","twitter_misc":{"Escrito por":"Lo viste en Los Pol\u00edticos","Tiempo de lectura":"4 minutos"},"schema":{"@context":"https:\/\/schema.org","@graph":[{"@type":"Article","@id":"https:\/\/lospoliticosveracruz.com\/?p=106976#article","isPartOf":{"@id":"https:\/\/lospoliticosveracruz.com\/?p=106976"},"author":{"name":"Lo viste en Los Pol\u00edticos","@id":"https:\/\/lospoliticosveracruz.com\/#\/schema\/person\/b8702bb0e538456e6efd07080bf2a4a2"},"headline":"RENUNCIA POLITICA, HACE VER LO QUE OTROS NO LOGRAN VER","datePublished":"2023-06-08T02:49:03+00:00","dateModified":"2023-06-08T02:49:08+00:00","mainEntityOfPage":{"@id":"https:\/\/lospoliticosveracruz.com\/?p=106976"},"wordCount":803,"publisher":{"@id":"https:\/\/lospoliticosveracruz.com\/#organization"},"image":{"@id":"https:\/\/lospoliticosveracruz.com\/?p=106976#primaryimage"},"thumbnailUrl":"https:\/\/lospoliticosveracruz.com.mx\/wp-content\/uploads\/2021\/10\/WhatsApp-Image-2021-10-02-at-15.20.25-212x300.jpeg","keywords":["Claudia Sheinbaum","Jos\u00e9 Luis Enr\u00edquez Ambell","Marcelo Ebrard","Ricardo Monreal"],"articleSection":["De Opini\u00f3n"],"inLanguage":"es"},{"@type":"WebPage","@id":"https:\/\/lospoliticosveracruz.com\/?p=106976","url":"https:\/\/lospoliticosveracruz.com\/?p=106976","name":"RENUNCIA POLITICA, HACE VER LO QUE OTROS NO LOGRAN VER - Los pol\u00edticos Veracruz","isPartOf":{"@id":"https:\/\/lospoliticosveracruz.com\/#website"},"primaryImageOfPage":{"@id":"https:\/\/lospoliticosveracruz.com\/?p=106976#primaryimage"},"image":{"@id":"https:\/\/lospoliticosveracruz.com\/?p=106976#primaryimage"},"thumbnailUrl":"https:\/\/lospoliticosveracruz.com.mx\/wp-content\/uploads\/2021\/10\/WhatsApp-Image-2021-10-02-at-15.20.25-212x300.jpeg","datePublished":"2023-06-08T02:49:03+00:00","dateModified":"2023-06-08T02:49:08+00:00","breadcrumb":{"@id":"https:\/\/lospoliticosveracruz.com\/?p=106976#breadcrumb"},"inLanguage":"es","potentialAction":[{"@type":"ReadAction","target":["https:\/\/lospoliticosveracruz.com\/?p=106976"]}]},{"@type":"ImageObject","inLanguage":"es","@id":"https:\/\/lospoliticosveracruz.com\/?p=106976#primaryimage","url":"https:\/\/lospoliticosveracruz.com.mx\/wp-content\/uploads\/2021\/10\/WhatsApp-Image-2021-10-02-at-15.20.25-212x300.jpeg","contentUrl":"https:\/\/lospoliticosveracruz.com.mx\/wp-content\/uploads\/2021\/10\/WhatsApp-Image-2021-10-02-at-15.20.25-212x300.jpeg"},{"@type":"BreadcrumbList","@id":"https:\/\/lospoliticosveracruz.com\/?p=106976#breadcrumb","itemListElement":[{"@type":"ListItem","position":1,"name":"Portada","item":"https:\/\/lospoliticosveracruz.com\/"},{"@type":"ListItem","position":2,"name":"RENUNCIA POLITICA, HACE VER LO QUE OTROS NO LOGRAN VER"}]},{"@type":"WebSite","@id":"https:\/\/lospoliticosveracruz.com\/#website","url":"https:\/\/lospoliticosveracruz.com\/","name":"Los pol\u00edticos Veracruz","description":"","publisher":{"@id":"https:\/\/lospoliticosveracruz.com\/#organization"},"potentialAction":[{"@type":"SearchAction","target":{"@type":"EntryPoint","urlTemplate":"https:\/\/lospoliticosveracruz.com\/?s={search_term_string}"},"query-input":{"@type":"PropertyValueSpecification","valueRequired":true,"valueName":"search_term_string"}}],"inLanguage":"es"},{"@type":"Organization","@id":"https:\/\/lospoliticosveracruz.com\/#organization","name":"Los pol\u00edticos Veracruz","url":"https:\/\/lospoliticosveracruz.com\/","logo":{"@type":"ImageObject","inLanguage":"es","@id":"https:\/\/lospoliticosveracruz.com\/#\/schema\/logo\/image\/","url":"https:\/\/lospoliticosveracruz.com\/wp-content\/uploads\/2025\/12\/Logo-Nuevo-LOS-POLITICOS-1.jpg","contentUrl":"https:\/\/lospoliticosveracruz.com\/wp-content\/uploads\/2025\/12\/Logo-Nuevo-LOS-POLITICOS-1.jpg","width":260,"height":70,"caption":"Los pol\u00edticos Veracruz"},"image":{"@id":"https:\/\/lospoliticosveracruz.com\/#\/schema\/logo\/image\/"},"sameAs":["https:\/\/www.facebook.com\/people\/Notimemes-de-los-Polticos\/61565672886568\/","https:\/\/x.com\/LosPoliticosVer"]},{"@type":"Person","@id":"https:\/\/lospoliticosveracruz.com\/#\/schema\/person\/b8702bb0e538456e6efd07080bf2a4a2","name":"Lo viste en Los Pol\u00edticos","image":{"@type":"ImageObject","inLanguage":"es","@id":"https:\/\/secure.gravatar.com\/avatar\/3a8de04a2656d44082be478bd6c086daa447c4651605818287b9532d3d0bd435?s=96&d=mm&r=g","url":"https:\/\/secure.gravatar.com\/avatar\/3a8de04a2656d44082be478bd6c086daa447c4651605818287b9532d3d0bd435?s=96&d=mm&r=g","contentUrl":"https:\/\/secure.gravatar.com\/avatar\/3a8de04a2656d44082be478bd6c086daa447c4651605818287b9532d3d0bd435?s=96&d=mm&r=g","caption":"Lo viste en Los Pol\u00edticos"},"url":"https:\/\/lospoliticosveracruz.com\/?author=2"}]}},"_links":{"self":[{"href":"https:\/\/lospoliticosveracruz.com\/index.php?rest_route=\/wp\/v2\/posts\/106976","targetHints":{"allow":["GET"]}}],"collection":[{"href":"https:\/\/lospoliticosveracruz.com\/index.php?rest_route=\/wp\/v2\/posts"}],"about":[{"href":"https:\/\/lospoliticosveracruz.com\/index.php?rest_route=\/wp\/v2\/types\/post"}],"author":[{"embeddable":true,"href":"https:\/\/lospoliticosveracruz.com\/index.php?rest_route=\/wp\/v2\/users\/2"}],"replies":[{"embeddable":true,"href":"https:\/\/lospoliticosveracruz.com\/index.php?rest_route=%2Fwp%2Fv2%2Fcomments&post=106976"}],"version-history":[{"count":1,"href":"https:\/\/lospoliticosveracruz.com\/index.php?rest_route=\/wp\/v2\/posts\/106976\/revisions"}],"predecessor-version":[{"id":106977,"href":"https:\/\/lospoliticosveracruz.com\/index.php?rest_route=\/wp\/v2\/posts\/106976\/revisions\/106977"}],"wp:attachment":[{"href":"https:\/\/lospoliticosveracruz.com\/index.php?rest_route=%2Fwp%2Fv2%2Fmedia&parent=106976"}],"wp:term":[{"taxonomy":"category","embeddable":true,"href":"https:\/\/lospoliticosveracruz.com\/index.php?rest_route=%2Fwp%2Fv2%2Fcategories&post=106976"},{"taxonomy":"post_tag","embeddable":true,"href":"https:\/\/lospoliticosveracruz.com\/index.php?rest_route=%2Fwp%2Fv2%2Ftags&post=106976"}],"curies":[{"name":"wp","href":"https:\/\/api.w.org\/{rel}","templated":true}]}}