{"id":107058,"date":"2023-06-09T11:39:33","date_gmt":"2023-06-09T16:39:33","guid":{"rendered":"https:\/\/lospoliticosveracruz.com.mx\/?p=107058"},"modified":"2023-06-09T11:39:37","modified_gmt":"2023-06-09T16:39:37","slug":"socializar-la-usura","status":"publish","type":"post","link":"https:\/\/lospoliticosveracruz.com\/?p=107058","title":{"rendered":"SOCIALIZAR LA USURA"},"content":{"rendered":"\n<p><\/p>\n\n\n\n<p><br><strong>Teresa Carbajal<\/strong><br><em>Debo, no niego; pago, lo justo<\/em><\/p>\n\n\n\n<p>\u201cLo que se llevaron con las manos en la cintura por actualizaci\u00f3n de deuda fue much\u00edsimo para m\u00ed. El encuestador me pregunt\u00f3 si recomendar\u00eda a FOVISSSTE le dije que todo lo contrario\u201d.<\/p>\n\n\n<div class=\"wp-block-image\">\n<figure class=\"alignleft size-full is-resized\"><a href=\"https:\/\/lospoliticosveracruz.com.mx\/wp-content\/uploads\/2023\/02\/Vinissimo.jpg\"><img loading=\"lazy\" decoding=\"async\" src=\"https:\/\/lospoliticosveracruz.com.mx\/wp-content\/uploads\/2023\/02\/Vinissimo.jpg\" alt=\"\" class=\"wp-image-102752\" width=\"175\" height=\"178\"\/><\/a><\/figure>\n<\/div>\n\n\n<p>Este es el comentario puntual que Alejandra, nombre usado para proteger su verdadera identidad, me env\u00eda para compartir el seguimiento de su caso con el FOVISSSTE, historia que comienza un agosto de dos mil veintiuno, cuando el fondo de vivienda le prest\u00f3 la cantidad de 572 mil cuatrocientos trece pesos y 41 centavos; o lo para eso a\u00f1o equival\u00eda 210.1034 UMAS a pagar con una tasa de inter\u00e9s sobre saldos insolutos al 6% por ciento anual.<\/p>\n\n\n\n<p>Tasa de inter\u00e9s legal, que le pareci\u00f3 razonable, sin que para ese entonces tuviera idea que para el mes de abril del a\u00f1o 2023 y despu\u00e9s de haber pagado de manera puntual, completa y consecutiva la suma total de 115 mil 774 pesos con 29 centavos, su deuda habr\u00eda alcanzado ya los 603 mil 68 pesos con 30 centavos.<\/p>\n\n\n\n<p>Al consultar su Estado de Cuenta fue cuando le surgi\u00f3 la duda del por qu\u00e9 su deuda hab\u00eda subido en lugar de bajar, es decir; \u00bfc\u00f3mo es posible que con una tasa de inter\u00e9s legal como lo es el seis por ciento anual la deuda se increment\u00f3?<\/p>\n\n\n\n<p>Al recibir la atenci\u00f3n a su cuestionamiento, el representante del fondo de vivienda le dijo que la raz\u00f3n era sencilla, su deuda no se hab\u00eda incrementado, sino que se hab\u00eda \u201cactualizado\u201d; y \u00bfqu\u00e9 no es lo mismo que incrementado, disculpe? insisti\u00f3.<\/p>\n\n\n\n<p>Si y no, -dijo el ejecutivo-, su deuda -le explic\u00f3- tiene una tasa de inter\u00e9s muy bajo, pero el saldo no se le otorg\u00f3 en pesos, sino en UMA\u00b4s y cada a\u00f1o la UMA sube, as\u00ed que en el a\u00f1o 2022 su saldo deudor se actualiz\u00f3 a 41 mil, pesos m\u00e1s, pesos menos, de lo que le prestamos, y para este a\u00f1o 2023 pues se actualiz\u00f3 otros 44 mil pesos y fracci\u00f3n.<\/p>\n\n\n\n<p>Y a esos incrementos, le suma Usted el inter\u00e9s anual del seis por ciento, y ah\u00ed le sale la cuenta, remat\u00f3; al tiempo que le\u00eda un detalle de estado de cuenta en donde se observa Alejandra abon\u00f3 de los 115 mil pesos, 92 mil pesos a intereses.<\/p>\n\n\n\n<p>As\u00ed que, lo que abon\u00e9 no fue ni para intereses, cuestion\u00f3 Alejandra, ya con cierta molestia.<\/p>\n\n\n\n<p>Por lo que el asesor al estilo \u2018tres patines\u2019 se limit\u00f3 a decir, que las cuentas presentadas y la forma de hacer el c\u00e1lculo ella las hab\u00eda aceptado y firmado ante Notario P\u00fablico, por lo que as\u00ed se hab\u00eda hecho constar, y as\u00ed se ten\u00eda que pagar.<\/p>\n\n\n\n<p>\u00bfY entonces el bienestar? pregunta Alejandra, al tiempo que se reclama el no haber acudido mejor a un banco a solicitar el pr\u00e9stamo con hipoteca pues aqu\u00ed en casa le hab\u00eda salido peor, un robo descarado.<\/p>\n\n\n\n<p>Sin m\u00e1s remedio y despu\u00e9s de noches y d\u00edas sin paz, decidi\u00f3 acudir a los beneficios que se anunciaban con bombo y platillo para cr\u00e9ditos de reciente contrataci\u00f3n, pedir prestado incluso, para liquidar la cuenta y acabar con esa avalancha de incrementos anuales, si en dos a\u00f1os lo que subi\u00f3, ahora s\u00famele veinte m\u00e1s, \u00a1olv\u00eddese!<\/p>\n\n\n\n<p>Otra gran decepci\u00f3n se top\u00f3 pues primero le dijeron que su cr\u00e9dito no era candidato a beneficio alguno, mucho menos a quita, por lo que tuvo que reunir el saldo total, pero una vez pagado y al reclamo de que los descuentos le continuaban, el encuestador que le llamo le dijo que s\u00ed ten\u00eda derecho a que le rebajaran el 10% al liquidar en una sola exhibici\u00f3n, y que lo solicitara por escrito.<\/p>\n\n\n\n<p>\u201cPues es que un d\u00eda dicen una cosa y al otro d\u00eda otra\u201d (como la chimoltrufia). As\u00ed que espera pronto reunir recursos para poder ir a la Ciudad de M\u00e9xico y gestionar la devoluci\u00f3n de lo que pag\u00f3 de m\u00e1s, eso tambi\u00e9n deber\u00eda atenderlo el INDEP, y quiz\u00e1 as\u00ed justificar\u00eda su nombre.<\/p>\n\n\n\n<p>Alejandra quiere que su caso se sepa, no quiere que nadie m\u00e1s viva lo que ella vivi\u00f3, pues fue afortunada de poder liquidar; pero est\u00e1 de acuerdo en que la mayor\u00eda no tiene esa posibilidad, ella recomienda abonar a los saldos en el mes de diciembre para no sentir \u201ctan duro el golpe\u201d en el mes de enero cuando venga la actualizaci\u00f3n.<\/p>\n\n\n\n<p>Yo, creo que llamarle \u201cactualizaci\u00f3n\u201d al aumento, para no sentir tan feo, y hacer de cuenta que solo te cobran el inter\u00e9s legal, es para \u201csocializar la usura\u201d.<\/p>\n\n\n\n<p>\u00danase ya, a la Jornada Estatal para la Defensa del Patrimonio Familiar 2281148502 visite www.elbarzonrc.org Contacte elbarzonrc@yahoo.com.mx, O s\u00edgame en @terecarbajal<\/p>\n","protected":false},"excerpt":{"rendered":"<p>Teresa CarbajalDebo, no niego; pago, lo justo \u201cLo que se llevaron con las manos en la cintura por actualizaci\u00f3n de deuda fue much\u00edsimo para m\u00ed. El encuestador me pregunt\u00f3 si recomendar\u00eda a FOVISSSTE le dije que todo lo contrario\u201d. Este es el comentario puntual que Alejandra, nombre usado para proteger su verdadera identidad, me env\u00eda [&hellip;]<\/p>\n","protected":false},"author":2,"featured_media":0,"comment_status":"closed","ping_status":"closed","sticky":false,"template":"","format":"standard","meta":{"tdm_status":"","tdm_grid_status":"","footnotes":""},"categories":[70],"tags":[34133],"class_list":{"0":"post-107058","1":"post","2":"type-post","3":"status-publish","4":"format-standard","6":"category-de-opinion","7":"tag-tere-carbajal"},"yoast_head":"<!-- This site is optimized with the Yoast SEO plugin v27.4 - https:\/\/yoast.com\/product\/yoast-seo-wordpress\/ -->\n<title>SOCIALIZAR LA USURA - Los pol\u00edticos Veracruz<\/title>\n<meta name=\"robots\" content=\"index, follow, max-snippet:-1, max-image-preview:large, max-video-preview:-1\" \/>\n<link rel=\"canonical\" href=\"https:\/\/lospoliticosveracruz.com\/?p=107058\" \/>\n<meta property=\"og:locale\" content=\"es_ES\" \/>\n<meta property=\"og:type\" content=\"article\" \/>\n<meta property=\"og:title\" content=\"SOCIALIZAR LA USURA - Los pol\u00edticos Veracruz\" \/>\n<meta property=\"og:description\" content=\"Teresa CarbajalDebo, no niego; pago, lo justo \u201cLo que se llevaron con las manos en la cintura por actualizaci\u00f3n de deuda fue much\u00edsimo para m\u00ed. El encuestador me pregunt\u00f3 si recomendar\u00eda a FOVISSSTE le dije que todo lo contrario\u201d. Este es el comentario puntual que Alejandra, nombre usado para proteger su verdadera identidad, me env\u00eda [&hellip;]\" \/>\n<meta property=\"og:url\" content=\"https:\/\/lospoliticosveracruz.com\/?p=107058\" \/>\n<meta property=\"og:site_name\" content=\"Los pol\u00edticos Veracruz\" \/>\n<meta property=\"article:publisher\" content=\"https:\/\/www.facebook.com\/people\/Notimemes-de-los-Polticos\/61565672886568\/\" \/>\n<meta property=\"article:published_time\" content=\"2023-06-09T16:39:33+00:00\" \/>\n<meta property=\"article:modified_time\" content=\"2023-06-09T16:39:37+00:00\" \/>\n<meta property=\"og:image\" content=\"https:\/\/lospoliticosveracruz.com.mx\/wp-content\/uploads\/2023\/02\/Vinissimo.jpg\" \/>\n<meta name=\"author\" content=\"Lo viste en Los Pol\u00edticos\" \/>\n<meta name=\"twitter:card\" content=\"summary_large_image\" \/>\n<meta name=\"twitter:creator\" content=\"@LosPoliticosVer\" \/>\n<meta name=\"twitter:site\" content=\"@LosPoliticosVer\" \/>\n<meta name=\"twitter:label1\" content=\"Escrito por\" \/>\n\t<meta name=\"twitter:data1\" content=\"Lo viste en Los Pol\u00edticos\" \/>\n\t<meta name=\"twitter:label2\" content=\"Tiempo de lectura\" \/>\n\t<meta name=\"twitter:data2\" content=\"4 minutos\" \/>\n<script type=\"application\/ld+json\" class=\"yoast-schema-graph\">{\"@context\":\"https:\\\/\\\/schema.org\",\"@graph\":[{\"@type\":\"Article\",\"@id\":\"https:\\\/\\\/lospoliticosveracruz.com\\\/?p=107058#article\",\"isPartOf\":{\"@id\":\"https:\\\/\\\/lospoliticosveracruz.com\\\/?p=107058\"},\"author\":{\"name\":\"Lo viste en Los Pol\u00edticos\",\"@id\":\"https:\\\/\\\/lospoliticosveracruz.com\\\/#\\\/schema\\\/person\\\/b8702bb0e538456e6efd07080bf2a4a2\"},\"headline\":\"SOCIALIZAR LA USURA\",\"datePublished\":\"2023-06-09T16:39:33+00:00\",\"dateModified\":\"2023-06-09T16:39:37+00:00\",\"mainEntityOfPage\":{\"@id\":\"https:\\\/\\\/lospoliticosveracruz.com\\\/?p=107058\"},\"wordCount\":823,\"publisher\":{\"@id\":\"https:\\\/\\\/lospoliticosveracruz.com\\\/#organization\"},\"image\":{\"@id\":\"https:\\\/\\\/lospoliticosveracruz.com\\\/?p=107058#primaryimage\"},\"thumbnailUrl\":\"https:\\\/\\\/lospoliticosveracruz.com.mx\\\/wp-content\\\/uploads\\\/2023\\\/02\\\/Vinissimo.jpg\",\"keywords\":[\"Tere Carbajal\"],\"articleSection\":[\"De Opini\u00f3n\"],\"inLanguage\":\"es\"},{\"@type\":\"WebPage\",\"@id\":\"https:\\\/\\\/lospoliticosveracruz.com\\\/?p=107058\",\"url\":\"https:\\\/\\\/lospoliticosveracruz.com\\\/?p=107058\",\"name\":\"SOCIALIZAR LA USURA - Los pol\u00edticos Veracruz\",\"isPartOf\":{\"@id\":\"https:\\\/\\\/lospoliticosveracruz.com\\\/#website\"},\"primaryImageOfPage\":{\"@id\":\"https:\\\/\\\/lospoliticosveracruz.com\\\/?p=107058#primaryimage\"},\"image\":{\"@id\":\"https:\\\/\\\/lospoliticosveracruz.com\\\/?p=107058#primaryimage\"},\"thumbnailUrl\":\"https:\\\/\\\/lospoliticosveracruz.com.mx\\\/wp-content\\\/uploads\\\/2023\\\/02\\\/Vinissimo.jpg\",\"datePublished\":\"2023-06-09T16:39:33+00:00\",\"dateModified\":\"2023-06-09T16:39:37+00:00\",\"breadcrumb\":{\"@id\":\"https:\\\/\\\/lospoliticosveracruz.com\\\/?p=107058#breadcrumb\"},\"inLanguage\":\"es\",\"potentialAction\":[{\"@type\":\"ReadAction\",\"target\":[\"https:\\\/\\\/lospoliticosveracruz.com\\\/?p=107058\"]}]},{\"@type\":\"ImageObject\",\"inLanguage\":\"es\",\"@id\":\"https:\\\/\\\/lospoliticosveracruz.com\\\/?p=107058#primaryimage\",\"url\":\"https:\\\/\\\/lospoliticosveracruz.com.mx\\\/wp-content\\\/uploads\\\/2023\\\/02\\\/Vinissimo.jpg\",\"contentUrl\":\"https:\\\/\\\/lospoliticosveracruz.com.mx\\\/wp-content\\\/uploads\\\/2023\\\/02\\\/Vinissimo.jpg\"},{\"@type\":\"BreadcrumbList\",\"@id\":\"https:\\\/\\\/lospoliticosveracruz.com\\\/?p=107058#breadcrumb\",\"itemListElement\":[{\"@type\":\"ListItem\",\"position\":1,\"name\":\"Portada\",\"item\":\"https:\\\/\\\/lospoliticosveracruz.com\\\/\"},{\"@type\":\"ListItem\",\"position\":2,\"name\":\"SOCIALIZAR LA USURA\"}]},{\"@type\":\"WebSite\",\"@id\":\"https:\\\/\\\/lospoliticosveracruz.com\\\/#website\",\"url\":\"https:\\\/\\\/lospoliticosveracruz.com\\\/\",\"name\":\"Los pol\u00edticos Veracruz\",\"description\":\"\",\"publisher\":{\"@id\":\"https:\\\/\\\/lospoliticosveracruz.com\\\/#organization\"},\"potentialAction\":[{\"@type\":\"SearchAction\",\"target\":{\"@type\":\"EntryPoint\",\"urlTemplate\":\"https:\\\/\\\/lospoliticosveracruz.com\\\/?s={search_term_string}\"},\"query-input\":{\"@type\":\"PropertyValueSpecification\",\"valueRequired\":true,\"valueName\":\"search_term_string\"}}],\"inLanguage\":\"es\"},{\"@type\":\"Organization\",\"@id\":\"https:\\\/\\\/lospoliticosveracruz.com\\\/#organization\",\"name\":\"Los pol\u00edticos Veracruz\",\"url\":\"https:\\\/\\\/lospoliticosveracruz.com\\\/\",\"logo\":{\"@type\":\"ImageObject\",\"inLanguage\":\"es\",\"@id\":\"https:\\\/\\\/lospoliticosveracruz.com\\\/#\\\/schema\\\/logo\\\/image\\\/\",\"url\":\"https:\\\/\\\/lospoliticosveracruz.com\\\/wp-content\\\/uploads\\\/2025\\\/12\\\/Logo-Nuevo-LOS-POLITICOS-1.jpg\",\"contentUrl\":\"https:\\\/\\\/lospoliticosveracruz.com\\\/wp-content\\\/uploads\\\/2025\\\/12\\\/Logo-Nuevo-LOS-POLITICOS-1.jpg\",\"width\":260,\"height\":70,\"caption\":\"Los pol\u00edticos Veracruz\"},\"image\":{\"@id\":\"https:\\\/\\\/lospoliticosveracruz.com\\\/#\\\/schema\\\/logo\\\/image\\\/\"},\"sameAs\":[\"https:\\\/\\\/www.facebook.com\\\/people\\\/Notimemes-de-los-Polticos\\\/61565672886568\\\/\",\"https:\\\/\\\/x.com\\\/LosPoliticosVer\"]},{\"@type\":\"Person\",\"@id\":\"https:\\\/\\\/lospoliticosveracruz.com\\\/#\\\/schema\\\/person\\\/b8702bb0e538456e6efd07080bf2a4a2\",\"name\":\"Lo viste en Los Pol\u00edticos\",\"image\":{\"@type\":\"ImageObject\",\"inLanguage\":\"es\",\"@id\":\"https:\\\/\\\/secure.gravatar.com\\\/avatar\\\/3a8de04a2656d44082be478bd6c086daa447c4651605818287b9532d3d0bd435?s=96&d=mm&r=g\",\"url\":\"https:\\\/\\\/secure.gravatar.com\\\/avatar\\\/3a8de04a2656d44082be478bd6c086daa447c4651605818287b9532d3d0bd435?s=96&d=mm&r=g\",\"contentUrl\":\"https:\\\/\\\/secure.gravatar.com\\\/avatar\\\/3a8de04a2656d44082be478bd6c086daa447c4651605818287b9532d3d0bd435?s=96&d=mm&r=g\",\"caption\":\"Lo viste en Los Pol\u00edticos\"},\"url\":\"https:\\\/\\\/lospoliticosveracruz.com\\\/?author=2\"}]}<\/script>\n<!-- \/ Yoast SEO plugin. -->","yoast_head_json":{"title":"SOCIALIZAR LA USURA - Los pol\u00edticos Veracruz","robots":{"index":"index","follow":"follow","max-snippet":"max-snippet:-1","max-image-preview":"max-image-preview:large","max-video-preview":"max-video-preview:-1"},"canonical":"https:\/\/lospoliticosveracruz.com\/?p=107058","og_locale":"es_ES","og_type":"article","og_title":"SOCIALIZAR LA USURA - Los pol\u00edticos Veracruz","og_description":"Teresa CarbajalDebo, no niego; pago, lo justo \u201cLo que se llevaron con las manos en la cintura por actualizaci\u00f3n de deuda fue much\u00edsimo para m\u00ed. El encuestador me pregunt\u00f3 si recomendar\u00eda a FOVISSSTE le dije que todo lo contrario\u201d. Este es el comentario puntual que Alejandra, nombre usado para proteger su verdadera identidad, me env\u00eda [&hellip;]","og_url":"https:\/\/lospoliticosveracruz.com\/?p=107058","og_site_name":"Los pol\u00edticos Veracruz","article_publisher":"https:\/\/www.facebook.com\/people\/Notimemes-de-los-Polticos\/61565672886568\/","article_published_time":"2023-06-09T16:39:33+00:00","article_modified_time":"2023-06-09T16:39:37+00:00","og_image":[{"url":"https:\/\/lospoliticosveracruz.com.mx\/wp-content\/uploads\/2023\/02\/Vinissimo.jpg","type":"","width":"","height":""}],"author":"Lo viste en Los Pol\u00edticos","twitter_card":"summary_large_image","twitter_creator":"@LosPoliticosVer","twitter_site":"@LosPoliticosVer","twitter_misc":{"Escrito por":"Lo viste en Los Pol\u00edticos","Tiempo de lectura":"4 minutos"},"schema":{"@context":"https:\/\/schema.org","@graph":[{"@type":"Article","@id":"https:\/\/lospoliticosveracruz.com\/?p=107058#article","isPartOf":{"@id":"https:\/\/lospoliticosveracruz.com\/?p=107058"},"author":{"name":"Lo viste en Los Pol\u00edticos","@id":"https:\/\/lospoliticosveracruz.com\/#\/schema\/person\/b8702bb0e538456e6efd07080bf2a4a2"},"headline":"SOCIALIZAR LA USURA","datePublished":"2023-06-09T16:39:33+00:00","dateModified":"2023-06-09T16:39:37+00:00","mainEntityOfPage":{"@id":"https:\/\/lospoliticosveracruz.com\/?p=107058"},"wordCount":823,"publisher":{"@id":"https:\/\/lospoliticosveracruz.com\/#organization"},"image":{"@id":"https:\/\/lospoliticosveracruz.com\/?p=107058#primaryimage"},"thumbnailUrl":"https:\/\/lospoliticosveracruz.com.mx\/wp-content\/uploads\/2023\/02\/Vinissimo.jpg","keywords":["Tere Carbajal"],"articleSection":["De Opini\u00f3n"],"inLanguage":"es"},{"@type":"WebPage","@id":"https:\/\/lospoliticosveracruz.com\/?p=107058","url":"https:\/\/lospoliticosveracruz.com\/?p=107058","name":"SOCIALIZAR LA USURA - Los pol\u00edticos Veracruz","isPartOf":{"@id":"https:\/\/lospoliticosveracruz.com\/#website"},"primaryImageOfPage":{"@id":"https:\/\/lospoliticosveracruz.com\/?p=107058#primaryimage"},"image":{"@id":"https:\/\/lospoliticosveracruz.com\/?p=107058#primaryimage"},"thumbnailUrl":"https:\/\/lospoliticosveracruz.com.mx\/wp-content\/uploads\/2023\/02\/Vinissimo.jpg","datePublished":"2023-06-09T16:39:33+00:00","dateModified":"2023-06-09T16:39:37+00:00","breadcrumb":{"@id":"https:\/\/lospoliticosveracruz.com\/?p=107058#breadcrumb"},"inLanguage":"es","potentialAction":[{"@type":"ReadAction","target":["https:\/\/lospoliticosveracruz.com\/?p=107058"]}]},{"@type":"ImageObject","inLanguage":"es","@id":"https:\/\/lospoliticosveracruz.com\/?p=107058#primaryimage","url":"https:\/\/lospoliticosveracruz.com.mx\/wp-content\/uploads\/2023\/02\/Vinissimo.jpg","contentUrl":"https:\/\/lospoliticosveracruz.com.mx\/wp-content\/uploads\/2023\/02\/Vinissimo.jpg"},{"@type":"BreadcrumbList","@id":"https:\/\/lospoliticosveracruz.com\/?p=107058#breadcrumb","itemListElement":[{"@type":"ListItem","position":1,"name":"Portada","item":"https:\/\/lospoliticosveracruz.com\/"},{"@type":"ListItem","position":2,"name":"SOCIALIZAR LA USURA"}]},{"@type":"WebSite","@id":"https:\/\/lospoliticosveracruz.com\/#website","url":"https:\/\/lospoliticosveracruz.com\/","name":"Los pol\u00edticos Veracruz","description":"","publisher":{"@id":"https:\/\/lospoliticosveracruz.com\/#organization"},"potentialAction":[{"@type":"SearchAction","target":{"@type":"EntryPoint","urlTemplate":"https:\/\/lospoliticosveracruz.com\/?s={search_term_string}"},"query-input":{"@type":"PropertyValueSpecification","valueRequired":true,"valueName":"search_term_string"}}],"inLanguage":"es"},{"@type":"Organization","@id":"https:\/\/lospoliticosveracruz.com\/#organization","name":"Los pol\u00edticos Veracruz","url":"https:\/\/lospoliticosveracruz.com\/","logo":{"@type":"ImageObject","inLanguage":"es","@id":"https:\/\/lospoliticosveracruz.com\/#\/schema\/logo\/image\/","url":"https:\/\/lospoliticosveracruz.com\/wp-content\/uploads\/2025\/12\/Logo-Nuevo-LOS-POLITICOS-1.jpg","contentUrl":"https:\/\/lospoliticosveracruz.com\/wp-content\/uploads\/2025\/12\/Logo-Nuevo-LOS-POLITICOS-1.jpg","width":260,"height":70,"caption":"Los pol\u00edticos Veracruz"},"image":{"@id":"https:\/\/lospoliticosveracruz.com\/#\/schema\/logo\/image\/"},"sameAs":["https:\/\/www.facebook.com\/people\/Notimemes-de-los-Polticos\/61565672886568\/","https:\/\/x.com\/LosPoliticosVer"]},{"@type":"Person","@id":"https:\/\/lospoliticosveracruz.com\/#\/schema\/person\/b8702bb0e538456e6efd07080bf2a4a2","name":"Lo viste en Los Pol\u00edticos","image":{"@type":"ImageObject","inLanguage":"es","@id":"https:\/\/secure.gravatar.com\/avatar\/3a8de04a2656d44082be478bd6c086daa447c4651605818287b9532d3d0bd435?s=96&d=mm&r=g","url":"https:\/\/secure.gravatar.com\/avatar\/3a8de04a2656d44082be478bd6c086daa447c4651605818287b9532d3d0bd435?s=96&d=mm&r=g","contentUrl":"https:\/\/secure.gravatar.com\/avatar\/3a8de04a2656d44082be478bd6c086daa447c4651605818287b9532d3d0bd435?s=96&d=mm&r=g","caption":"Lo viste en Los Pol\u00edticos"},"url":"https:\/\/lospoliticosveracruz.com\/?author=2"}]}},"_links":{"self":[{"href":"https:\/\/lospoliticosveracruz.com\/index.php?rest_route=\/wp\/v2\/posts\/107058","targetHints":{"allow":["GET"]}}],"collection":[{"href":"https:\/\/lospoliticosveracruz.com\/index.php?rest_route=\/wp\/v2\/posts"}],"about":[{"href":"https:\/\/lospoliticosveracruz.com\/index.php?rest_route=\/wp\/v2\/types\/post"}],"author":[{"embeddable":true,"href":"https:\/\/lospoliticosveracruz.com\/index.php?rest_route=\/wp\/v2\/users\/2"}],"replies":[{"embeddable":true,"href":"https:\/\/lospoliticosveracruz.com\/index.php?rest_route=%2Fwp%2Fv2%2Fcomments&post=107058"}],"version-history":[{"count":1,"href":"https:\/\/lospoliticosveracruz.com\/index.php?rest_route=\/wp\/v2\/posts\/107058\/revisions"}],"predecessor-version":[{"id":107059,"href":"https:\/\/lospoliticosveracruz.com\/index.php?rest_route=\/wp\/v2\/posts\/107058\/revisions\/107059"}],"wp:attachment":[{"href":"https:\/\/lospoliticosveracruz.com\/index.php?rest_route=%2Fwp%2Fv2%2Fmedia&parent=107058"}],"wp:term":[{"taxonomy":"category","embeddable":true,"href":"https:\/\/lospoliticosveracruz.com\/index.php?rest_route=%2Fwp%2Fv2%2Fcategories&post=107058"},{"taxonomy":"post_tag","embeddable":true,"href":"https:\/\/lospoliticosveracruz.com\/index.php?rest_route=%2Fwp%2Fv2%2Ftags&post=107058"}],"curies":[{"name":"wp","href":"https:\/\/api.w.org\/{rel}","templated":true}]}}