{"id":107060,"date":"2023-06-09T12:03:09","date_gmt":"2023-06-09T17:03:09","guid":{"rendered":"https:\/\/lospoliticosveracruz.com.mx\/?p=107060"},"modified":"2023-06-09T12:03:16","modified_gmt":"2023-06-09T17:03:16","slug":"mc-y-su-apuesta-rumbo-a-2024","status":"publish","type":"post","link":"https:\/\/lospoliticosveracruz.com\/?p=107060","title":{"rendered":"MC Y SU APUESTA RUMBO A 2024"},"content":{"rendered":"\n<p><strong>Luis Alberto Romero<br><\/strong><em>Hora cero<\/em><\/p>\n\n\n\n<p>Dante Delgado, dirigente nacional de Movimiento Ciudadano, cerr\u00f3 la puerta a la posibilidad de integrarse a la alianza opositora que preparan PAN, PRI y PRD.<\/p>\n\n\n\n<figure class=\"wp-block-image size-large\"><a href=\"https:\/\/lospoliticosveracruz.com.mx\/wp-content\/uploads\/2016\/07\/Seguro-Julio-Cerecedo-2.jpg\"><img decoding=\"async\" src=\"https:\/\/lospoliticosveracruz.com.mx\/wp-content\/uploads\/2016\/07\/Seguro-Julio-Cerecedo-2-1024x381.jpg\" alt=\"\" class=\"wp-image-105879\"\/><\/a><\/figure>\n\n\n\n<p>Esta fuerza pol\u00edtica tiene hoy la misma cantidad de gubernaturas que PRI; sin embargo, hay una diferencia cualitativa: MC cuenta con Jalisco y Nuevo Le\u00f3n, los padrones n\u00famero 3 y 7 del pa\u00eds; y el PRI, Durango y Coahuila, lugares 25 y 15, respectivamente.<\/p>\n\n\n\n<p>Dante Delgado y MC apuestan al crecimiento y a la consolidaci\u00f3n electoral, a diferencia de partidos como el PT y el PRD, que en cada elecci\u00f3n se ven amenazados por la p\u00e9rdida del registro. En el \u00e1mbito nacional, en el proceso electoral de 2021, el partido naranja logr\u00f3 3.3 millones de votos, casi 7 por ciento del total; ya super\u00f3 al Partido Verde y casi duplic\u00f3 la votaci\u00f3n del Sol Azteca.<\/p>\n\n\n\n<p>Sin embargo, el objetivo de desplazar al PRI del tercer lugar nacional parece lejano: la diferencia entre uno y el otro es superior a los 10 millones de sufragios.<\/p>\n\n\n\n<p>En 2024, a diferencia del PRI, que carece de cuadros aparentemente competitivos, MC y Dante Delgado tiene en su baraja al menos dos y probablemente tres cartas de peso: el alcalde de Monterrey, Luis Donaldo Colosio; el gobernador de Nuevo Le\u00f3n, Samuel Garc\u00eda; y el mandatario de Jalisco, Enrique Alfaro.<\/p>\n\n\n\n<p>Sobre todo el primero de ellos, por llevar el nombre de la v\u00edctima del magnicidio de Lomas Taurinas, marzo de 1994, parecer\u00eda una opci\u00f3n no s\u00f3lo competitiva, sino con posibilidades de convertir la del pr\u00f3ximo a\u00f1o en una elecci\u00f3n de tercios, con pron\u00f3stico reservado, aunque hay quien sostiene que la de Colosio ser\u00e1 la de 2030 y no la del 2024.<\/p>\n\n\n\n<p>MC podr\u00eda estar en la antesala de un crecimiento importante en el \u00e1mbito nacional; y en su an\u00e1lisis de escenarios, probablemente su dirigente eval\u00faa el desgaste y el rechazo al PRI para tomar la decisi\u00f3n de encarar la sucesi\u00f3n sin unirse a otras fuerzas.<\/p>\n\n\n\n<p>Esta semana, Delgado Rannauro reiter\u00f3 lo que ha dicho desde diciembre pasado: MC va solo; y ya envalentonado, sostuvo que ganar\u00e1 tanto la Presidencia como la mayor\u00eda en el Congreso; es un escenario que se observa no s\u00f3lo complicado, sino casi como una misi\u00f3n imposible para un partido que nunca en su historia participado en una contienda presidencial con candidato propio: en 2018 apoy\u00f3 a L\u00f3pez Obrador, al igual que en 2012 y 2006; y en 2000 fue a favor de Cuauht\u00e9moc C\u00e1rdenas.<\/p>\n\n\n\n<p>En 1994 no exist\u00eda MC y su actual dirigente ocupaba la Embajada de M\u00e9xico en Italia.<\/p>\n\n\n\n<p>De concretarse la declaraci\u00f3n de Dante Delgado sobre ir sin alianzas al proceso de 2024, esta ser\u00e1 su primera experiencia en esos t\u00e9rminos en una contienda presidencial.<\/p>\n\n\n\n<p>En lo que se refiere a Veracruz, este partido carece de cuadros que le permitan crecer de forma acelerada, m\u00e1s all\u00e1 de lo logrado en el proceso local de 2021, cuando tuvo en la entidad m\u00e1s de 241 mil sufragios, 7.14 por ciento, en la contienda por las diputaciones; en tanto que en el proceso por las presidencias municipales gan\u00f3 18 posiciones, y m\u00e1s de 218 mil votos; todo esto, sin alianzas.<\/p>\n\n\n\n<p>En las contiendas por el gobierno estatal veracruzano, MC s\u00ed tiene antecedentes de participaciones en solitario: en 2016, Armando M\u00e9ndez de la Luz tuvo menos de 37 mil votos, 1.2 por ciento. Su mejor resultado fue en 2004, cuando abander\u00f3 a Dante Delgado, pero no fue el solitario, sino en coalici\u00f3n con PRD y PT; en esa ocasi\u00f3n, aunque termin\u00f3 tercero, super\u00f3 los 28 puntos porcentuales, con m\u00e1s de 784 mil sufragios. @luisromero85<\/p>\n","protected":false},"excerpt":{"rendered":"<p>Luis Alberto RomeroHora cero Dante Delgado, dirigente nacional de Movimiento Ciudadano, cerr\u00f3 la puerta a la posibilidad de integrarse a la alianza opositora que preparan PAN, PRI y PRD. Esta fuerza pol\u00edtica tiene hoy la misma cantidad de gubernaturas que PRI; sin embargo, hay una diferencia cualitativa: MC cuenta con Jalisco y Nuevo Le\u00f3n, los [&hellip;]<\/p>\n","protected":false},"author":2,"featured_media":0,"comment_status":"closed","ping_status":"closed","sticky":false,"template":"","format":"standard","meta":{"tdm_status":"","tdm_grid_status":"","footnotes":""},"categories":[70],"tags":[2219,2669,1026,2327,266,107,251],"class_list":{"0":"post-107060","1":"post","2":"type-post","3":"status-publish","4":"format-standard","6":"category-de-opinion","7":"tag-dante-delgado","8":"tag-luis-alberto-romero","9":"tag-morena","10":"tag-movimiento-ciudadano","11":"tag-pan","12":"tag-prd","13":"tag-pri"},"yoast_head":"<!-- This site is optimized with the Yoast SEO plugin v27.4 - https:\/\/yoast.com\/product\/yoast-seo-wordpress\/ -->\n<title>MC Y SU APUESTA RUMBO A 2024 - Los pol\u00edticos Veracruz<\/title>\n<meta name=\"robots\" content=\"index, follow, max-snippet:-1, max-image-preview:large, max-video-preview:-1\" \/>\n<link rel=\"canonical\" href=\"https:\/\/lospoliticosveracruz.com\/?p=107060\" \/>\n<meta property=\"og:locale\" content=\"es_ES\" \/>\n<meta property=\"og:type\" content=\"article\" \/>\n<meta property=\"og:title\" content=\"MC Y SU APUESTA RUMBO A 2024 - Los pol\u00edticos Veracruz\" \/>\n<meta property=\"og:description\" content=\"Luis Alberto RomeroHora cero Dante Delgado, dirigente nacional de Movimiento Ciudadano, cerr\u00f3 la puerta a la posibilidad de integrarse a la alianza opositora que preparan PAN, PRI y PRD. Esta fuerza pol\u00edtica tiene hoy la misma cantidad de gubernaturas que PRI; sin embargo, hay una diferencia cualitativa: MC cuenta con Jalisco y Nuevo Le\u00f3n, los [&hellip;]\" \/>\n<meta property=\"og:url\" content=\"https:\/\/lospoliticosveracruz.com\/?p=107060\" \/>\n<meta property=\"og:site_name\" content=\"Los pol\u00edticos Veracruz\" \/>\n<meta property=\"article:publisher\" content=\"https:\/\/www.facebook.com\/people\/Notimemes-de-los-Polticos\/61565672886568\/\" \/>\n<meta property=\"article:published_time\" content=\"2023-06-09T17:03:09+00:00\" \/>\n<meta property=\"article:modified_time\" content=\"2023-06-09T17:03:16+00:00\" \/>\n<meta property=\"og:image\" content=\"https:\/\/lospoliticosveracruz.com.mx\/wp-content\/uploads\/2016\/07\/Seguro-Julio-Cerecedo-2-1024x381.jpg\" \/>\n<meta name=\"author\" content=\"Lo viste en Los Pol\u00edticos\" \/>\n<meta name=\"twitter:card\" content=\"summary_large_image\" \/>\n<meta name=\"twitter:creator\" content=\"@LosPoliticosVer\" \/>\n<meta name=\"twitter:site\" content=\"@LosPoliticosVer\" \/>\n<meta name=\"twitter:label1\" content=\"Escrito por\" \/>\n\t<meta name=\"twitter:data1\" content=\"Lo viste en Los Pol\u00edticos\" \/>\n\t<meta name=\"twitter:label2\" content=\"Tiempo de lectura\" \/>\n\t<meta name=\"twitter:data2\" content=\"3 minutos\" \/>\n<script type=\"application\/ld+json\" class=\"yoast-schema-graph\">{\"@context\":\"https:\\\/\\\/schema.org\",\"@graph\":[{\"@type\":\"Article\",\"@id\":\"https:\\\/\\\/lospoliticosveracruz.com\\\/?p=107060#article\",\"isPartOf\":{\"@id\":\"https:\\\/\\\/lospoliticosveracruz.com\\\/?p=107060\"},\"author\":{\"name\":\"Lo viste en Los Pol\u00edticos\",\"@id\":\"https:\\\/\\\/lospoliticosveracruz.com\\\/#\\\/schema\\\/person\\\/b8702bb0e538456e6efd07080bf2a4a2\"},\"headline\":\"MC Y SU APUESTA RUMBO A 2024\",\"datePublished\":\"2023-06-09T17:03:09+00:00\",\"dateModified\":\"2023-06-09T17:03:16+00:00\",\"mainEntityOfPage\":{\"@id\":\"https:\\\/\\\/lospoliticosveracruz.com\\\/?p=107060\"},\"wordCount\":617,\"publisher\":{\"@id\":\"https:\\\/\\\/lospoliticosveracruz.com\\\/#organization\"},\"image\":{\"@id\":\"https:\\\/\\\/lospoliticosveracruz.com\\\/?p=107060#primaryimage\"},\"thumbnailUrl\":\"https:\\\/\\\/lospoliticosveracruz.com.mx\\\/wp-content\\\/uploads\\\/2016\\\/07\\\/Seguro-Julio-Cerecedo-2-1024x381.jpg\",\"keywords\":[\"Dante Delgado\",\"Luis Alberto Romero\",\"Morena\",\"Movimiento Ciudadano\",\"PAN\",\"PRD\",\"PRI\"],\"articleSection\":[\"De Opini\u00f3n\"],\"inLanguage\":\"es\"},{\"@type\":\"WebPage\",\"@id\":\"https:\\\/\\\/lospoliticosveracruz.com\\\/?p=107060\",\"url\":\"https:\\\/\\\/lospoliticosveracruz.com\\\/?p=107060\",\"name\":\"MC Y SU APUESTA RUMBO A 2024 - Los pol\u00edticos Veracruz\",\"isPartOf\":{\"@id\":\"https:\\\/\\\/lospoliticosveracruz.com\\\/#website\"},\"primaryImageOfPage\":{\"@id\":\"https:\\\/\\\/lospoliticosveracruz.com\\\/?p=107060#primaryimage\"},\"image\":{\"@id\":\"https:\\\/\\\/lospoliticosveracruz.com\\\/?p=107060#primaryimage\"},\"thumbnailUrl\":\"https:\\\/\\\/lospoliticosveracruz.com.mx\\\/wp-content\\\/uploads\\\/2016\\\/07\\\/Seguro-Julio-Cerecedo-2-1024x381.jpg\",\"datePublished\":\"2023-06-09T17:03:09+00:00\",\"dateModified\":\"2023-06-09T17:03:16+00:00\",\"breadcrumb\":{\"@id\":\"https:\\\/\\\/lospoliticosveracruz.com\\\/?p=107060#breadcrumb\"},\"inLanguage\":\"es\",\"potentialAction\":[{\"@type\":\"ReadAction\",\"target\":[\"https:\\\/\\\/lospoliticosveracruz.com\\\/?p=107060\"]}]},{\"@type\":\"ImageObject\",\"inLanguage\":\"es\",\"@id\":\"https:\\\/\\\/lospoliticosveracruz.com\\\/?p=107060#primaryimage\",\"url\":\"https:\\\/\\\/lospoliticosveracruz.com.mx\\\/wp-content\\\/uploads\\\/2016\\\/07\\\/Seguro-Julio-Cerecedo-2-1024x381.jpg\",\"contentUrl\":\"https:\\\/\\\/lospoliticosveracruz.com.mx\\\/wp-content\\\/uploads\\\/2016\\\/07\\\/Seguro-Julio-Cerecedo-2-1024x381.jpg\"},{\"@type\":\"BreadcrumbList\",\"@id\":\"https:\\\/\\\/lospoliticosveracruz.com\\\/?p=107060#breadcrumb\",\"itemListElement\":[{\"@type\":\"ListItem\",\"position\":1,\"name\":\"Portada\",\"item\":\"https:\\\/\\\/lospoliticosveracruz.com\\\/\"},{\"@type\":\"ListItem\",\"position\":2,\"name\":\"MC Y SU APUESTA RUMBO A 2024\"}]},{\"@type\":\"WebSite\",\"@id\":\"https:\\\/\\\/lospoliticosveracruz.com\\\/#website\",\"url\":\"https:\\\/\\\/lospoliticosveracruz.com\\\/\",\"name\":\"Los pol\u00edticos Veracruz\",\"description\":\"\",\"publisher\":{\"@id\":\"https:\\\/\\\/lospoliticosveracruz.com\\\/#organization\"},\"potentialAction\":[{\"@type\":\"SearchAction\",\"target\":{\"@type\":\"EntryPoint\",\"urlTemplate\":\"https:\\\/\\\/lospoliticosveracruz.com\\\/?s={search_term_string}\"},\"query-input\":{\"@type\":\"PropertyValueSpecification\",\"valueRequired\":true,\"valueName\":\"search_term_string\"}}],\"inLanguage\":\"es\"},{\"@type\":\"Organization\",\"@id\":\"https:\\\/\\\/lospoliticosveracruz.com\\\/#organization\",\"name\":\"Los pol\u00edticos Veracruz\",\"url\":\"https:\\\/\\\/lospoliticosveracruz.com\\\/\",\"logo\":{\"@type\":\"ImageObject\",\"inLanguage\":\"es\",\"@id\":\"https:\\\/\\\/lospoliticosveracruz.com\\\/#\\\/schema\\\/logo\\\/image\\\/\",\"url\":\"https:\\\/\\\/lospoliticosveracruz.com\\\/wp-content\\\/uploads\\\/2025\\\/12\\\/Logo-Nuevo-LOS-POLITICOS-1.jpg\",\"contentUrl\":\"https:\\\/\\\/lospoliticosveracruz.com\\\/wp-content\\\/uploads\\\/2025\\\/12\\\/Logo-Nuevo-LOS-POLITICOS-1.jpg\",\"width\":260,\"height\":70,\"caption\":\"Los pol\u00edticos Veracruz\"},\"image\":{\"@id\":\"https:\\\/\\\/lospoliticosveracruz.com\\\/#\\\/schema\\\/logo\\\/image\\\/\"},\"sameAs\":[\"https:\\\/\\\/www.facebook.com\\\/people\\\/Notimemes-de-los-Polticos\\\/61565672886568\\\/\",\"https:\\\/\\\/x.com\\\/LosPoliticosVer\"]},{\"@type\":\"Person\",\"@id\":\"https:\\\/\\\/lospoliticosveracruz.com\\\/#\\\/schema\\\/person\\\/b8702bb0e538456e6efd07080bf2a4a2\",\"name\":\"Lo viste en Los Pol\u00edticos\",\"image\":{\"@type\":\"ImageObject\",\"inLanguage\":\"es\",\"@id\":\"https:\\\/\\\/secure.gravatar.com\\\/avatar\\\/3a8de04a2656d44082be478bd6c086daa447c4651605818287b9532d3d0bd435?s=96&d=mm&r=g\",\"url\":\"https:\\\/\\\/secure.gravatar.com\\\/avatar\\\/3a8de04a2656d44082be478bd6c086daa447c4651605818287b9532d3d0bd435?s=96&d=mm&r=g\",\"contentUrl\":\"https:\\\/\\\/secure.gravatar.com\\\/avatar\\\/3a8de04a2656d44082be478bd6c086daa447c4651605818287b9532d3d0bd435?s=96&d=mm&r=g\",\"caption\":\"Lo viste en Los Pol\u00edticos\"},\"url\":\"https:\\\/\\\/lospoliticosveracruz.com\\\/?author=2\"}]}<\/script>\n<!-- \/ Yoast SEO plugin. -->","yoast_head_json":{"title":"MC Y SU APUESTA RUMBO A 2024 - Los pol\u00edticos Veracruz","robots":{"index":"index","follow":"follow","max-snippet":"max-snippet:-1","max-image-preview":"max-image-preview:large","max-video-preview":"max-video-preview:-1"},"canonical":"https:\/\/lospoliticosveracruz.com\/?p=107060","og_locale":"es_ES","og_type":"article","og_title":"MC Y SU APUESTA RUMBO A 2024 - Los pol\u00edticos Veracruz","og_description":"Luis Alberto RomeroHora cero Dante Delgado, dirigente nacional de Movimiento Ciudadano, cerr\u00f3 la puerta a la posibilidad de integrarse a la alianza opositora que preparan PAN, PRI y PRD. Esta fuerza pol\u00edtica tiene hoy la misma cantidad de gubernaturas que PRI; sin embargo, hay una diferencia cualitativa: MC cuenta con Jalisco y Nuevo Le\u00f3n, los [&hellip;]","og_url":"https:\/\/lospoliticosveracruz.com\/?p=107060","og_site_name":"Los pol\u00edticos Veracruz","article_publisher":"https:\/\/www.facebook.com\/people\/Notimemes-de-los-Polticos\/61565672886568\/","article_published_time":"2023-06-09T17:03:09+00:00","article_modified_time":"2023-06-09T17:03:16+00:00","og_image":[{"url":"https:\/\/lospoliticosveracruz.com.mx\/wp-content\/uploads\/2016\/07\/Seguro-Julio-Cerecedo-2-1024x381.jpg","type":"","width":"","height":""}],"author":"Lo viste en Los Pol\u00edticos","twitter_card":"summary_large_image","twitter_creator":"@LosPoliticosVer","twitter_site":"@LosPoliticosVer","twitter_misc":{"Escrito por":"Lo viste en Los Pol\u00edticos","Tiempo de lectura":"3 minutos"},"schema":{"@context":"https:\/\/schema.org","@graph":[{"@type":"Article","@id":"https:\/\/lospoliticosveracruz.com\/?p=107060#article","isPartOf":{"@id":"https:\/\/lospoliticosveracruz.com\/?p=107060"},"author":{"name":"Lo viste en Los Pol\u00edticos","@id":"https:\/\/lospoliticosveracruz.com\/#\/schema\/person\/b8702bb0e538456e6efd07080bf2a4a2"},"headline":"MC Y SU APUESTA RUMBO A 2024","datePublished":"2023-06-09T17:03:09+00:00","dateModified":"2023-06-09T17:03:16+00:00","mainEntityOfPage":{"@id":"https:\/\/lospoliticosveracruz.com\/?p=107060"},"wordCount":617,"publisher":{"@id":"https:\/\/lospoliticosveracruz.com\/#organization"},"image":{"@id":"https:\/\/lospoliticosveracruz.com\/?p=107060#primaryimage"},"thumbnailUrl":"https:\/\/lospoliticosveracruz.com.mx\/wp-content\/uploads\/2016\/07\/Seguro-Julio-Cerecedo-2-1024x381.jpg","keywords":["Dante Delgado","Luis Alberto Romero","Morena","Movimiento Ciudadano","PAN","PRD","PRI"],"articleSection":["De Opini\u00f3n"],"inLanguage":"es"},{"@type":"WebPage","@id":"https:\/\/lospoliticosveracruz.com\/?p=107060","url":"https:\/\/lospoliticosveracruz.com\/?p=107060","name":"MC Y SU APUESTA RUMBO A 2024 - Los pol\u00edticos Veracruz","isPartOf":{"@id":"https:\/\/lospoliticosveracruz.com\/#website"},"primaryImageOfPage":{"@id":"https:\/\/lospoliticosveracruz.com\/?p=107060#primaryimage"},"image":{"@id":"https:\/\/lospoliticosveracruz.com\/?p=107060#primaryimage"},"thumbnailUrl":"https:\/\/lospoliticosveracruz.com.mx\/wp-content\/uploads\/2016\/07\/Seguro-Julio-Cerecedo-2-1024x381.jpg","datePublished":"2023-06-09T17:03:09+00:00","dateModified":"2023-06-09T17:03:16+00:00","breadcrumb":{"@id":"https:\/\/lospoliticosveracruz.com\/?p=107060#breadcrumb"},"inLanguage":"es","potentialAction":[{"@type":"ReadAction","target":["https:\/\/lospoliticosveracruz.com\/?p=107060"]}]},{"@type":"ImageObject","inLanguage":"es","@id":"https:\/\/lospoliticosveracruz.com\/?p=107060#primaryimage","url":"https:\/\/lospoliticosveracruz.com.mx\/wp-content\/uploads\/2016\/07\/Seguro-Julio-Cerecedo-2-1024x381.jpg","contentUrl":"https:\/\/lospoliticosveracruz.com.mx\/wp-content\/uploads\/2016\/07\/Seguro-Julio-Cerecedo-2-1024x381.jpg"},{"@type":"BreadcrumbList","@id":"https:\/\/lospoliticosveracruz.com\/?p=107060#breadcrumb","itemListElement":[{"@type":"ListItem","position":1,"name":"Portada","item":"https:\/\/lospoliticosveracruz.com\/"},{"@type":"ListItem","position":2,"name":"MC Y SU APUESTA RUMBO A 2024"}]},{"@type":"WebSite","@id":"https:\/\/lospoliticosveracruz.com\/#website","url":"https:\/\/lospoliticosveracruz.com\/","name":"Los pol\u00edticos Veracruz","description":"","publisher":{"@id":"https:\/\/lospoliticosveracruz.com\/#organization"},"potentialAction":[{"@type":"SearchAction","target":{"@type":"EntryPoint","urlTemplate":"https:\/\/lospoliticosveracruz.com\/?s={search_term_string}"},"query-input":{"@type":"PropertyValueSpecification","valueRequired":true,"valueName":"search_term_string"}}],"inLanguage":"es"},{"@type":"Organization","@id":"https:\/\/lospoliticosveracruz.com\/#organization","name":"Los pol\u00edticos Veracruz","url":"https:\/\/lospoliticosveracruz.com\/","logo":{"@type":"ImageObject","inLanguage":"es","@id":"https:\/\/lospoliticosveracruz.com\/#\/schema\/logo\/image\/","url":"https:\/\/lospoliticosveracruz.com\/wp-content\/uploads\/2025\/12\/Logo-Nuevo-LOS-POLITICOS-1.jpg","contentUrl":"https:\/\/lospoliticosveracruz.com\/wp-content\/uploads\/2025\/12\/Logo-Nuevo-LOS-POLITICOS-1.jpg","width":260,"height":70,"caption":"Los pol\u00edticos Veracruz"},"image":{"@id":"https:\/\/lospoliticosveracruz.com\/#\/schema\/logo\/image\/"},"sameAs":["https:\/\/www.facebook.com\/people\/Notimemes-de-los-Polticos\/61565672886568\/","https:\/\/x.com\/LosPoliticosVer"]},{"@type":"Person","@id":"https:\/\/lospoliticosveracruz.com\/#\/schema\/person\/b8702bb0e538456e6efd07080bf2a4a2","name":"Lo viste en Los Pol\u00edticos","image":{"@type":"ImageObject","inLanguage":"es","@id":"https:\/\/secure.gravatar.com\/avatar\/3a8de04a2656d44082be478bd6c086daa447c4651605818287b9532d3d0bd435?s=96&d=mm&r=g","url":"https:\/\/secure.gravatar.com\/avatar\/3a8de04a2656d44082be478bd6c086daa447c4651605818287b9532d3d0bd435?s=96&d=mm&r=g","contentUrl":"https:\/\/secure.gravatar.com\/avatar\/3a8de04a2656d44082be478bd6c086daa447c4651605818287b9532d3d0bd435?s=96&d=mm&r=g","caption":"Lo viste en Los Pol\u00edticos"},"url":"https:\/\/lospoliticosveracruz.com\/?author=2"}]}},"_links":{"self":[{"href":"https:\/\/lospoliticosveracruz.com\/index.php?rest_route=\/wp\/v2\/posts\/107060","targetHints":{"allow":["GET"]}}],"collection":[{"href":"https:\/\/lospoliticosveracruz.com\/index.php?rest_route=\/wp\/v2\/posts"}],"about":[{"href":"https:\/\/lospoliticosveracruz.com\/index.php?rest_route=\/wp\/v2\/types\/post"}],"author":[{"embeddable":true,"href":"https:\/\/lospoliticosveracruz.com\/index.php?rest_route=\/wp\/v2\/users\/2"}],"replies":[{"embeddable":true,"href":"https:\/\/lospoliticosveracruz.com\/index.php?rest_route=%2Fwp%2Fv2%2Fcomments&post=107060"}],"version-history":[{"count":1,"href":"https:\/\/lospoliticosveracruz.com\/index.php?rest_route=\/wp\/v2\/posts\/107060\/revisions"}],"predecessor-version":[{"id":107061,"href":"https:\/\/lospoliticosveracruz.com\/index.php?rest_route=\/wp\/v2\/posts\/107060\/revisions\/107061"}],"wp:attachment":[{"href":"https:\/\/lospoliticosveracruz.com\/index.php?rest_route=%2Fwp%2Fv2%2Fmedia&parent=107060"}],"wp:term":[{"taxonomy":"category","embeddable":true,"href":"https:\/\/lospoliticosveracruz.com\/index.php?rest_route=%2Fwp%2Fv2%2Fcategories&post=107060"},{"taxonomy":"post_tag","embeddable":true,"href":"https:\/\/lospoliticosveracruz.com\/index.php?rest_route=%2Fwp%2Fv2%2Ftags&post=107060"}],"curies":[{"name":"wp","href":"https:\/\/api.w.org\/{rel}","templated":true}]}}