{"id":107097,"date":"2023-06-10T09:36:05","date_gmt":"2023-06-10T14:36:05","guid":{"rendered":"https:\/\/lospoliticosveracruz.com.mx\/?p=107097"},"modified":"2023-06-10T09:36:15","modified_gmt":"2023-06-10T14:36:15","slug":"huerta-y-patrocinio","status":"publish","type":"post","link":"https:\/\/lospoliticosveracruz.com\/?p=107097","title":{"rendered":"HUERTA Y PATROCINIO"},"content":{"rendered":"\n<p><strong>Ricardo Chua<\/strong><\/p>\n\n\n\n<p><em>Sale y Vale<\/em><\/p>\n\n\n\n<p>Si ustedes quieren saber para d\u00f3nde se mueve la izquierda en Veracruz&#8230; Al menos, la izquierda que representa MORENA..\u00a0\u00a0S\u00f3lo tienen que analizar las acciones de dos personajes: Eric Cisneros Burgos, secretario de Gobierno de Cuitl\u00e1huac Garc\u00eda y del delegado del gobierno federal en Veracruz, Manuel Huerta Ladr\u00f3n de Guevara.. Ellos son los dos que est\u00e1n marcando la pauta en la carrera a la gubernatura..\u00a0\u00a0Patrocinio ya empez\u00f3 y Huerta tiene tiempo caminando&#8230; Ambos quieren ser los sucesores de Cuitl\u00e1huac&#8230;<\/p>\n\n\n<div class=\"wp-block-image\">\n<figure class=\"alignleft size-full is-resized\"><a href=\"https:\/\/lospoliticosveracruz.com.mx\/wp-content\/uploads\/2023\/02\/Vinissimo.jpg\"><img loading=\"lazy\" decoding=\"async\" src=\"https:\/\/lospoliticosveracruz.com.mx\/wp-content\/uploads\/2023\/02\/Vinissimo.jpg\" alt=\"\" class=\"wp-image-102752\" width=\"175\" height=\"178\"\/><\/a><\/figure>\n<\/div>\n\n\n<p>Cisneros Burgos tiene bajo su mando a un \u00abej\u00e9rcito\u00bb de alcaldes y grupos de MORENA a su alrededor que lo apoyan en esta empresa pol\u00edtica.. Quiere llegar a ser tomado en cuenta con la encuesta y va buscando ganarla.. Que lo logre ya es otro tema.. Parec\u00eda que estaba fuera de la \u00abjugada\u00bb pero se volvi\u00f3 a meter en la disputa.. Habr\u00e1 que esperar a ver como le va..&nbsp;&nbsp;Mientras que Huerta tiene bajo su \u00abbrazo\u00bb al otro ej\u00e9rcito de operadores llamados: Siervos de la Naci\u00f3n.. Que s\u00f3lo le hacen caso a \u00e9l&#8230;<\/p>\n\n\n\n<p>Por eso, Manuel Huerta, que sabe moverse pol\u00edticamente.. Tambi\u00e9n est\u00e1 observando que en el tema de la postulaci\u00f3n de candidato a gobernador. Puede haber cambios en MORENA.. Ya que existe la posibilidad que por el tema de \u00abDos Bocas\u00bb, Roc\u00edo Nahle, la titular de SENER, no sea la postulada para el 2024.. Y Huerta sabe del \u00abconvenio\u00bb que hay entre Nahle y Ricardo Ahued, de que si ella no es la nominada, ella buscar\u00eda que el nominado fuera Ricardo Ahued.. Por eso, los ataques de Huerta hac\u00eda Ricardo Ahued&#8230;<\/p>\n\n\n\n<p>Adem\u00e1s de la sorpresiva aparici\u00f3n del ex alcalde de Xalapa, Hip\u00f3lito Rodr\u00edguez, que s\u00f3lo se hizo p\u00fablico para acusar a Roc\u00edo Nahle de haber provocado el da\u00f1o de las luminarias en decenas de colonias de Xalapa&#8230; Por un programa fallido de SENER.. El tema es que esos se\u00f1alamientos de Hip\u00f3lito, no fueron gratis.. Y alguien auspici\u00f3 su aparici\u00f3n medi\u00e1tica.. En pol\u00edtica, las coincidencias no existen&#8230; El \u00abFuego Amigo\u00bb contra Nahle y Ahued est\u00e1 con todo&#8230;. A VER COMO LA LIBRAN.. Pero Huerta y Patrocinio est\u00e1n en la \u00abjugada\u00bb.. AMEN&nbsp; &nbsp; &nbsp; &nbsp;<\/p>\n\n\n\n<p>MORENA, EL QUIEBRE&#8230; Digan lo que digan las \u00abcorcholatas\u00bb Presidenciales de MORENA, la \u00abruptura\u00bb entre los aspirantes es inminente y nadie va a quedar conforme cuando se tome la decisi\u00f3n final.. De qui\u00e9n ser\u00e1 el candidato oficial a la Presidencia de M\u00e9xico.. Esto pese a que la decisi\u00f3n puede salir de Palacio Nacional, no de la sede nacional de este partido pol\u00edtico.. Y los \u00abquiebres\u00bb llegar\u00e1n a los 9 estados donde habr\u00e1 elecciones a gobernador en este 2024: Veracruz, Jalisco, CDMX, Guanajuato, Yucat\u00e1n, Chiapas, Tabasco, Morelos y Puebla..&nbsp;<\/p>\n\n\n\n<p>El asunto es que muchos aspirantes a gobernador tienen afinidad con varias de las 4 \u00abcorcholatas\u00bb.. Y el problema vendr\u00e1 con los que no salgan nominados.. C\u00f3mo le har\u00e1n para parar a sus \u00abhuestes\u00bb estatales.. Que al no ser elegidos ellos como candidatos presidenciables&#8230; Es muy probable que les pase lo mismo como aspirantes a gobernador de sus estados.. Lo cual har\u00e1 que el \u00abcisma\u00bb en MORENA sea mayor.. Ya que son muchos los que buscan este cargo..&nbsp;<\/p>\n\n\n\n<p>El problema es como lo hacen y como esperan parar a un grupo pol\u00edtico en un partido que no conoce la \u00abdisciplina\u00bb&#8230; Y que est\u00e1 \u00abborracho\u00bb de poder y que el Presidente no dice en abierto cu\u00e1l es la \u00abcorcholata\u00bb favorita.. Por ejemplo, ah\u00ed est\u00e1 el caso de lo que sucede en Veracruz.. Roc\u00edo Nahle est\u00e1 con Claudia Sheinbaum y no transita con otros Presidenciables.. Lo mismo pasa con Sergio Guti\u00e9rrez que va con Ad\u00e1n Augusto L\u00f3pez o con Manuel Huerta que va con Marcelo Ebrard..<\/p>\n\n\n\n<p>Pero eso no es todo&#8230; Ya que aparte de las \u00abfichas\u00bb estatales de Cuitl\u00e1huac Garc\u00eda.. C\u00f3mo puedes controlar a personajes que no se respetan entre ellos y han demostrado que no respetan, siquiera al l\u00edder nacional de MORENA, Mario Delgado&#8230; Y que son capaces, de ser poco cordiales con funcionarios de alto rango de Andr\u00e9s Manuel L\u00f3pez Obrador.. Como sucedi\u00f3 con Cuitl\u00e1huac Garc\u00eda y Ad\u00e1n Augusto L\u00f3pez.. Dif\u00edcil caso para Cuitl\u00e1huac y Mario Delgado.. \u00bfNO?<\/p>\n","protected":false},"excerpt":{"rendered":"<p>Ricardo Chua Sale y Vale Si ustedes quieren saber para d\u00f3nde se mueve la izquierda en Veracruz&#8230; Al menos, la izquierda que representa MORENA..\u00a0\u00a0S\u00f3lo tienen que analizar las acciones de dos personajes: Eric Cisneros Burgos, secretario de Gobierno de Cuitl\u00e1huac Garc\u00eda y del delegado del gobierno federal en Veracruz, Manuel Huerta Ladr\u00f3n de Guevara.. Ellos [&hellip;]<\/p>\n","protected":false},"author":2,"featured_media":0,"comment_status":"closed","ping_status":"closed","sticky":false,"template":"","format":"standard","meta":{"tdm_status":"","tdm_grid_status":"","footnotes":""},"categories":[70],"tags":[1563,12299,7620,1850,1026,2812,13604,3578,195],"class_list":{"0":"post-107097","1":"post","2":"type-post","3":"status-publish","4":"format-standard","6":"category-de-opinion","7":"tag-cuitlahuac-garcia-jimenez","8":"tag-eric-cisneros-burgos","9":"tag-hipolito-rodriguez-herrero","10":"tag-manuel-huerta-ladron-de-guevara","11":"tag-morena","12":"tag-ricardo-ahued-bardahuil","13":"tag-ricardo-chua","14":"tag-rocio-nahle","15":"tag-veracruz"},"yoast_head":"<!-- This site is optimized with the Yoast SEO plugin v27.4 - https:\/\/yoast.com\/product\/yoast-seo-wordpress\/ -->\n<title>HUERTA Y PATROCINIO - Los pol\u00edticos Veracruz<\/title>\n<meta name=\"robots\" content=\"index, follow, max-snippet:-1, max-image-preview:large, max-video-preview:-1\" \/>\n<link rel=\"canonical\" href=\"https:\/\/lospoliticosveracruz.com\/?p=107097\" \/>\n<meta property=\"og:locale\" content=\"es_ES\" \/>\n<meta property=\"og:type\" content=\"article\" \/>\n<meta property=\"og:title\" content=\"HUERTA Y PATROCINIO - Los pol\u00edticos Veracruz\" \/>\n<meta property=\"og:description\" content=\"Ricardo Chua Sale y Vale Si ustedes quieren saber para d\u00f3nde se mueve la izquierda en Veracruz&#8230; Al menos, la izquierda que representa MORENA..\u00a0\u00a0S\u00f3lo tienen que analizar las acciones de dos personajes: Eric Cisneros Burgos, secretario de Gobierno de Cuitl\u00e1huac Garc\u00eda y del delegado del gobierno federal en Veracruz, Manuel Huerta Ladr\u00f3n de Guevara.. Ellos [&hellip;]\" \/>\n<meta property=\"og:url\" content=\"https:\/\/lospoliticosveracruz.com\/?p=107097\" \/>\n<meta property=\"og:site_name\" content=\"Los pol\u00edticos Veracruz\" \/>\n<meta property=\"article:publisher\" content=\"https:\/\/www.facebook.com\/people\/Notimemes-de-los-Polticos\/61565672886568\/\" \/>\n<meta property=\"article:published_time\" content=\"2023-06-10T14:36:05+00:00\" \/>\n<meta property=\"article:modified_time\" content=\"2023-06-10T14:36:15+00:00\" \/>\n<meta property=\"og:image\" content=\"https:\/\/lospoliticosveracruz.com.mx\/wp-content\/uploads\/2023\/02\/Vinissimo.jpg\" \/>\n<meta name=\"author\" content=\"Lo viste en Los Pol\u00edticos\" \/>\n<meta name=\"twitter:card\" content=\"summary_large_image\" \/>\n<meta name=\"twitter:creator\" content=\"@LosPoliticosVer\" \/>\n<meta name=\"twitter:site\" content=\"@LosPoliticosVer\" \/>\n<meta name=\"twitter:label1\" content=\"Escrito por\" \/>\n\t<meta name=\"twitter:data1\" content=\"Lo viste en Los Pol\u00edticos\" \/>\n\t<meta name=\"twitter:label2\" content=\"Tiempo de lectura\" \/>\n\t<meta name=\"twitter:data2\" content=\"4 minutos\" \/>\n<script type=\"application\/ld+json\" class=\"yoast-schema-graph\">{\"@context\":\"https:\\\/\\\/schema.org\",\"@graph\":[{\"@type\":\"Article\",\"@id\":\"https:\\\/\\\/lospoliticosveracruz.com\\\/?p=107097#article\",\"isPartOf\":{\"@id\":\"https:\\\/\\\/lospoliticosveracruz.com\\\/?p=107097\"},\"author\":{\"name\":\"Lo viste en Los Pol\u00edticos\",\"@id\":\"https:\\\/\\\/lospoliticosveracruz.com\\\/#\\\/schema\\\/person\\\/b8702bb0e538456e6efd07080bf2a4a2\"},\"headline\":\"HUERTA Y PATROCINIO\",\"datePublished\":\"2023-06-10T14:36:05+00:00\",\"dateModified\":\"2023-06-10T14:36:15+00:00\",\"mainEntityOfPage\":{\"@id\":\"https:\\\/\\\/lospoliticosveracruz.com\\\/?p=107097\"},\"wordCount\":750,\"publisher\":{\"@id\":\"https:\\\/\\\/lospoliticosveracruz.com\\\/#organization\"},\"image\":{\"@id\":\"https:\\\/\\\/lospoliticosveracruz.com\\\/?p=107097#primaryimage\"},\"thumbnailUrl\":\"https:\\\/\\\/lospoliticosveracruz.com.mx\\\/wp-content\\\/uploads\\\/2023\\\/02\\\/Vinissimo.jpg\",\"keywords\":[\"Cuitl\u00e1huac Garc\u00eda Jim\u00e9nez\",\"Eric Cisneros Burgos\",\"Hip\u00f3lito Rodr\u00edguez Herrero\",\"Manuel Huerta Ladr\u00f3n de Guevara\",\"Morena\",\"Ricardo Ahued Bardahuil\",\"Ricardo Ch\u00faa\",\"Roc\u00edo Nahle\",\"Veracruz\"],\"articleSection\":[\"De Opini\u00f3n\"],\"inLanguage\":\"es\"},{\"@type\":\"WebPage\",\"@id\":\"https:\\\/\\\/lospoliticosveracruz.com\\\/?p=107097\",\"url\":\"https:\\\/\\\/lospoliticosveracruz.com\\\/?p=107097\",\"name\":\"HUERTA Y PATROCINIO - Los pol\u00edticos Veracruz\",\"isPartOf\":{\"@id\":\"https:\\\/\\\/lospoliticosveracruz.com\\\/#website\"},\"primaryImageOfPage\":{\"@id\":\"https:\\\/\\\/lospoliticosveracruz.com\\\/?p=107097#primaryimage\"},\"image\":{\"@id\":\"https:\\\/\\\/lospoliticosveracruz.com\\\/?p=107097#primaryimage\"},\"thumbnailUrl\":\"https:\\\/\\\/lospoliticosveracruz.com.mx\\\/wp-content\\\/uploads\\\/2023\\\/02\\\/Vinissimo.jpg\",\"datePublished\":\"2023-06-10T14:36:05+00:00\",\"dateModified\":\"2023-06-10T14:36:15+00:00\",\"breadcrumb\":{\"@id\":\"https:\\\/\\\/lospoliticosveracruz.com\\\/?p=107097#breadcrumb\"},\"inLanguage\":\"es\",\"potentialAction\":[{\"@type\":\"ReadAction\",\"target\":[\"https:\\\/\\\/lospoliticosveracruz.com\\\/?p=107097\"]}]},{\"@type\":\"ImageObject\",\"inLanguage\":\"es\",\"@id\":\"https:\\\/\\\/lospoliticosveracruz.com\\\/?p=107097#primaryimage\",\"url\":\"https:\\\/\\\/lospoliticosveracruz.com.mx\\\/wp-content\\\/uploads\\\/2023\\\/02\\\/Vinissimo.jpg\",\"contentUrl\":\"https:\\\/\\\/lospoliticosveracruz.com.mx\\\/wp-content\\\/uploads\\\/2023\\\/02\\\/Vinissimo.jpg\"},{\"@type\":\"BreadcrumbList\",\"@id\":\"https:\\\/\\\/lospoliticosveracruz.com\\\/?p=107097#breadcrumb\",\"itemListElement\":[{\"@type\":\"ListItem\",\"position\":1,\"name\":\"Portada\",\"item\":\"https:\\\/\\\/lospoliticosveracruz.com\\\/\"},{\"@type\":\"ListItem\",\"position\":2,\"name\":\"HUERTA Y PATROCINIO\"}]},{\"@type\":\"WebSite\",\"@id\":\"https:\\\/\\\/lospoliticosveracruz.com\\\/#website\",\"url\":\"https:\\\/\\\/lospoliticosveracruz.com\\\/\",\"name\":\"Los pol\u00edticos Veracruz\",\"description\":\"\",\"publisher\":{\"@id\":\"https:\\\/\\\/lospoliticosveracruz.com\\\/#organization\"},\"potentialAction\":[{\"@type\":\"SearchAction\",\"target\":{\"@type\":\"EntryPoint\",\"urlTemplate\":\"https:\\\/\\\/lospoliticosveracruz.com\\\/?s={search_term_string}\"},\"query-input\":{\"@type\":\"PropertyValueSpecification\",\"valueRequired\":true,\"valueName\":\"search_term_string\"}}],\"inLanguage\":\"es\"},{\"@type\":\"Organization\",\"@id\":\"https:\\\/\\\/lospoliticosveracruz.com\\\/#organization\",\"name\":\"Los pol\u00edticos Veracruz\",\"url\":\"https:\\\/\\\/lospoliticosveracruz.com\\\/\",\"logo\":{\"@type\":\"ImageObject\",\"inLanguage\":\"es\",\"@id\":\"https:\\\/\\\/lospoliticosveracruz.com\\\/#\\\/schema\\\/logo\\\/image\\\/\",\"url\":\"https:\\\/\\\/lospoliticosveracruz.com\\\/wp-content\\\/uploads\\\/2025\\\/12\\\/Logo-Nuevo-LOS-POLITICOS-1.jpg\",\"contentUrl\":\"https:\\\/\\\/lospoliticosveracruz.com\\\/wp-content\\\/uploads\\\/2025\\\/12\\\/Logo-Nuevo-LOS-POLITICOS-1.jpg\",\"width\":260,\"height\":70,\"caption\":\"Los pol\u00edticos Veracruz\"},\"image\":{\"@id\":\"https:\\\/\\\/lospoliticosveracruz.com\\\/#\\\/schema\\\/logo\\\/image\\\/\"},\"sameAs\":[\"https:\\\/\\\/www.facebook.com\\\/people\\\/Notimemes-de-los-Polticos\\\/61565672886568\\\/\",\"https:\\\/\\\/x.com\\\/LosPoliticosVer\"]},{\"@type\":\"Person\",\"@id\":\"https:\\\/\\\/lospoliticosveracruz.com\\\/#\\\/schema\\\/person\\\/b8702bb0e538456e6efd07080bf2a4a2\",\"name\":\"Lo viste en Los Pol\u00edticos\",\"image\":{\"@type\":\"ImageObject\",\"inLanguage\":\"es\",\"@id\":\"https:\\\/\\\/secure.gravatar.com\\\/avatar\\\/3a8de04a2656d44082be478bd6c086daa447c4651605818287b9532d3d0bd435?s=96&d=mm&r=g\",\"url\":\"https:\\\/\\\/secure.gravatar.com\\\/avatar\\\/3a8de04a2656d44082be478bd6c086daa447c4651605818287b9532d3d0bd435?s=96&d=mm&r=g\",\"contentUrl\":\"https:\\\/\\\/secure.gravatar.com\\\/avatar\\\/3a8de04a2656d44082be478bd6c086daa447c4651605818287b9532d3d0bd435?s=96&d=mm&r=g\",\"caption\":\"Lo viste en Los Pol\u00edticos\"},\"url\":\"https:\\\/\\\/lospoliticosveracruz.com\\\/?author=2\"}]}<\/script>\n<!-- \/ Yoast SEO plugin. -->","yoast_head_json":{"title":"HUERTA Y PATROCINIO - Los pol\u00edticos Veracruz","robots":{"index":"index","follow":"follow","max-snippet":"max-snippet:-1","max-image-preview":"max-image-preview:large","max-video-preview":"max-video-preview:-1"},"canonical":"https:\/\/lospoliticosveracruz.com\/?p=107097","og_locale":"es_ES","og_type":"article","og_title":"HUERTA Y PATROCINIO - Los pol\u00edticos Veracruz","og_description":"Ricardo Chua Sale y Vale Si ustedes quieren saber para d\u00f3nde se mueve la izquierda en Veracruz&#8230; Al menos, la izquierda que representa MORENA..\u00a0\u00a0S\u00f3lo tienen que analizar las acciones de dos personajes: Eric Cisneros Burgos, secretario de Gobierno de Cuitl\u00e1huac Garc\u00eda y del delegado del gobierno federal en Veracruz, Manuel Huerta Ladr\u00f3n de Guevara.. Ellos [&hellip;]","og_url":"https:\/\/lospoliticosveracruz.com\/?p=107097","og_site_name":"Los pol\u00edticos Veracruz","article_publisher":"https:\/\/www.facebook.com\/people\/Notimemes-de-los-Polticos\/61565672886568\/","article_published_time":"2023-06-10T14:36:05+00:00","article_modified_time":"2023-06-10T14:36:15+00:00","og_image":[{"url":"https:\/\/lospoliticosveracruz.com.mx\/wp-content\/uploads\/2023\/02\/Vinissimo.jpg","type":"","width":"","height":""}],"author":"Lo viste en Los Pol\u00edticos","twitter_card":"summary_large_image","twitter_creator":"@LosPoliticosVer","twitter_site":"@LosPoliticosVer","twitter_misc":{"Escrito por":"Lo viste en Los Pol\u00edticos","Tiempo de lectura":"4 minutos"},"schema":{"@context":"https:\/\/schema.org","@graph":[{"@type":"Article","@id":"https:\/\/lospoliticosveracruz.com\/?p=107097#article","isPartOf":{"@id":"https:\/\/lospoliticosveracruz.com\/?p=107097"},"author":{"name":"Lo viste en Los Pol\u00edticos","@id":"https:\/\/lospoliticosveracruz.com\/#\/schema\/person\/b8702bb0e538456e6efd07080bf2a4a2"},"headline":"HUERTA Y PATROCINIO","datePublished":"2023-06-10T14:36:05+00:00","dateModified":"2023-06-10T14:36:15+00:00","mainEntityOfPage":{"@id":"https:\/\/lospoliticosveracruz.com\/?p=107097"},"wordCount":750,"publisher":{"@id":"https:\/\/lospoliticosveracruz.com\/#organization"},"image":{"@id":"https:\/\/lospoliticosveracruz.com\/?p=107097#primaryimage"},"thumbnailUrl":"https:\/\/lospoliticosveracruz.com.mx\/wp-content\/uploads\/2023\/02\/Vinissimo.jpg","keywords":["Cuitl\u00e1huac Garc\u00eda Jim\u00e9nez","Eric Cisneros Burgos","Hip\u00f3lito Rodr\u00edguez Herrero","Manuel Huerta Ladr\u00f3n de Guevara","Morena","Ricardo Ahued Bardahuil","Ricardo Ch\u00faa","Roc\u00edo Nahle","Veracruz"],"articleSection":["De Opini\u00f3n"],"inLanguage":"es"},{"@type":"WebPage","@id":"https:\/\/lospoliticosveracruz.com\/?p=107097","url":"https:\/\/lospoliticosveracruz.com\/?p=107097","name":"HUERTA Y PATROCINIO - Los pol\u00edticos Veracruz","isPartOf":{"@id":"https:\/\/lospoliticosveracruz.com\/#website"},"primaryImageOfPage":{"@id":"https:\/\/lospoliticosveracruz.com\/?p=107097#primaryimage"},"image":{"@id":"https:\/\/lospoliticosveracruz.com\/?p=107097#primaryimage"},"thumbnailUrl":"https:\/\/lospoliticosveracruz.com.mx\/wp-content\/uploads\/2023\/02\/Vinissimo.jpg","datePublished":"2023-06-10T14:36:05+00:00","dateModified":"2023-06-10T14:36:15+00:00","breadcrumb":{"@id":"https:\/\/lospoliticosveracruz.com\/?p=107097#breadcrumb"},"inLanguage":"es","potentialAction":[{"@type":"ReadAction","target":["https:\/\/lospoliticosveracruz.com\/?p=107097"]}]},{"@type":"ImageObject","inLanguage":"es","@id":"https:\/\/lospoliticosveracruz.com\/?p=107097#primaryimage","url":"https:\/\/lospoliticosveracruz.com.mx\/wp-content\/uploads\/2023\/02\/Vinissimo.jpg","contentUrl":"https:\/\/lospoliticosveracruz.com.mx\/wp-content\/uploads\/2023\/02\/Vinissimo.jpg"},{"@type":"BreadcrumbList","@id":"https:\/\/lospoliticosveracruz.com\/?p=107097#breadcrumb","itemListElement":[{"@type":"ListItem","position":1,"name":"Portada","item":"https:\/\/lospoliticosveracruz.com\/"},{"@type":"ListItem","position":2,"name":"HUERTA Y PATROCINIO"}]},{"@type":"WebSite","@id":"https:\/\/lospoliticosveracruz.com\/#website","url":"https:\/\/lospoliticosveracruz.com\/","name":"Los pol\u00edticos Veracruz","description":"","publisher":{"@id":"https:\/\/lospoliticosveracruz.com\/#organization"},"potentialAction":[{"@type":"SearchAction","target":{"@type":"EntryPoint","urlTemplate":"https:\/\/lospoliticosveracruz.com\/?s={search_term_string}"},"query-input":{"@type":"PropertyValueSpecification","valueRequired":true,"valueName":"search_term_string"}}],"inLanguage":"es"},{"@type":"Organization","@id":"https:\/\/lospoliticosveracruz.com\/#organization","name":"Los pol\u00edticos Veracruz","url":"https:\/\/lospoliticosveracruz.com\/","logo":{"@type":"ImageObject","inLanguage":"es","@id":"https:\/\/lospoliticosveracruz.com\/#\/schema\/logo\/image\/","url":"https:\/\/lospoliticosveracruz.com\/wp-content\/uploads\/2025\/12\/Logo-Nuevo-LOS-POLITICOS-1.jpg","contentUrl":"https:\/\/lospoliticosveracruz.com\/wp-content\/uploads\/2025\/12\/Logo-Nuevo-LOS-POLITICOS-1.jpg","width":260,"height":70,"caption":"Los pol\u00edticos Veracruz"},"image":{"@id":"https:\/\/lospoliticosveracruz.com\/#\/schema\/logo\/image\/"},"sameAs":["https:\/\/www.facebook.com\/people\/Notimemes-de-los-Polticos\/61565672886568\/","https:\/\/x.com\/LosPoliticosVer"]},{"@type":"Person","@id":"https:\/\/lospoliticosveracruz.com\/#\/schema\/person\/b8702bb0e538456e6efd07080bf2a4a2","name":"Lo viste en Los Pol\u00edticos","image":{"@type":"ImageObject","inLanguage":"es","@id":"https:\/\/secure.gravatar.com\/avatar\/3a8de04a2656d44082be478bd6c086daa447c4651605818287b9532d3d0bd435?s=96&d=mm&r=g","url":"https:\/\/secure.gravatar.com\/avatar\/3a8de04a2656d44082be478bd6c086daa447c4651605818287b9532d3d0bd435?s=96&d=mm&r=g","contentUrl":"https:\/\/secure.gravatar.com\/avatar\/3a8de04a2656d44082be478bd6c086daa447c4651605818287b9532d3d0bd435?s=96&d=mm&r=g","caption":"Lo viste en Los Pol\u00edticos"},"url":"https:\/\/lospoliticosveracruz.com\/?author=2"}]}},"_links":{"self":[{"href":"https:\/\/lospoliticosveracruz.com\/index.php?rest_route=\/wp\/v2\/posts\/107097","targetHints":{"allow":["GET"]}}],"collection":[{"href":"https:\/\/lospoliticosveracruz.com\/index.php?rest_route=\/wp\/v2\/posts"}],"about":[{"href":"https:\/\/lospoliticosveracruz.com\/index.php?rest_route=\/wp\/v2\/types\/post"}],"author":[{"embeddable":true,"href":"https:\/\/lospoliticosveracruz.com\/index.php?rest_route=\/wp\/v2\/users\/2"}],"replies":[{"embeddable":true,"href":"https:\/\/lospoliticosveracruz.com\/index.php?rest_route=%2Fwp%2Fv2%2Fcomments&post=107097"}],"version-history":[{"count":1,"href":"https:\/\/lospoliticosveracruz.com\/index.php?rest_route=\/wp\/v2\/posts\/107097\/revisions"}],"predecessor-version":[{"id":107099,"href":"https:\/\/lospoliticosveracruz.com\/index.php?rest_route=\/wp\/v2\/posts\/107097\/revisions\/107099"}],"wp:attachment":[{"href":"https:\/\/lospoliticosveracruz.com\/index.php?rest_route=%2Fwp%2Fv2%2Fmedia&parent=107097"}],"wp:term":[{"taxonomy":"category","embeddable":true,"href":"https:\/\/lospoliticosveracruz.com\/index.php?rest_route=%2Fwp%2Fv2%2Fcategories&post=107097"},{"taxonomy":"post_tag","embeddable":true,"href":"https:\/\/lospoliticosveracruz.com\/index.php?rest_route=%2Fwp%2Fv2%2Ftags&post=107097"}],"curies":[{"name":"wp","href":"https:\/\/api.w.org\/{rel}","templated":true}]}}