{"id":107128,"date":"2023-06-11T07:18:53","date_gmt":"2023-06-11T12:18:53","guid":{"rendered":"https:\/\/lospoliticosveracruz.com.mx\/?p=107128"},"modified":"2023-06-11T07:18:59","modified_gmt":"2023-06-11T12:18:59","slug":"el-domingo-de-morena","status":"publish","type":"post","link":"https:\/\/lospoliticosveracruz.com\/?p=107128","title":{"rendered":"EL DOMINGO DE MORENA"},"content":{"rendered":"\n<p><strong>Ricardo Chua<\/strong><\/p>\n\n\n\n<p><em>Sale y Vale<\/em><\/p>\n\n\n\n<p>Hoy en el Consejo Pol\u00edtico de MORENA en CDMX.. NO VA A PASAR NADA EXTRAORDINARIO\u2026 Pero absolutamente nada.. Ser\u00e1 un acto \u00aboficial\u00bb de este partido pol\u00edtico y sus \u00abcorcholatas\u00bb Presidenciables.. Donde solamente Mario Delgado, el l\u00edder nacional morenista, s\u00f3lo va a OFICIALIZAR lo que ya dijo Andr\u00e9s Manuel L\u00f3pez Obrador, lo que quiere que se haga para esta contienda interna rumbo al 2024..<\/p>\n\n\n\n<p>As\u00ed que no esperen mucho de este de MORENA.. S\u00f3lo van hacer eso\u2026 Y seguramente cada \u00abcorcholata\u00bb Presidencial va hacer su \u00abshow\u00bb pol\u00edtico.. Habr\u00e1 petici\u00f3n de equidad para todos los aspirantes, algunos protestar\u00e1n, habr\u00e1 militantes inconformes.. Estar\u00e1n seguramente todas las \u00abcorcholatas\u00bb locales que buscar\u00e1n ser candidatos a gobernador en 2024 de los 9 estados donde habr\u00e1 elecciones\u2026 Pero ah\u00ed en adelante.. NADA DE NADA.. CONSUMATUM EST.. \u00bfClaudia?.. \u00bfMarcelo?.. \u00bfAd\u00e1n?.. AMEN..<\/p>\n\n\n\n<p>MANUEL HUERTA, NO SE BAJA.. Hace meses que Andr\u00e9s Manuel L\u00f3pez Obrador le dijo al delegado del gobierno federal en Veracruz, Manuel Huerta Ladr\u00f3n de Guevara: \u00abMu\u00e9vete en Veracruz\u00bb.. De ah\u00ed empez\u00f3 a \u00abcaminar\u00bb en busca de la candidatura al gobierno estatal en 2024 por MORENA\u2026 Este funcionario busca llenarle el \u00abojo\u00bb al Presidente.. Ocupando la infraestructura federal a su servicio.. Pero sobre todo sabiendo que si se \u00abquiebra\u00bb.. \u00abRompe\u00bb a MORENA de Cuitl\u00e1huac Garc\u00eda, lo tiene en sus manos electoralmente\u2026<\/p>\n\n\n\n<p>Eso lo sabe Roc\u00edo Nahle, otra de las aspirantes, y, se dice, ha intentado acercarse a Huerta Ladr\u00f3n de Guevara.. Tratando de llegar acuerdos con \u00e9l para que en caso de que ella se la nominada, Huerta no vaya a hacer una \u00abchicanada\u00bb pol\u00edtica y le pueda \u00abdebilitar\u00bb su campa\u00f1a porque el delegado federal estuviera molesto de no ser incluido\u2026 De por s\u00ed desde hace 5 a\u00f1os sostiene un enfrentamiento pol\u00edtico con el gobernador, Cuitl\u00e1huac Garc\u00eda, as\u00ed que eso ha \u00abendurecido\u00bb a Huerta y, pues, en esta vida\u2026 No es \u00abindio\u00bb el que no se venga\u2026<\/p>\n\n\n\n<p>Adem\u00e1s Huerta ya detect\u00f3.. Que Nahle no le cumplir\u00eda su palabra porque sabe bien que ella impulsa a Ricardo Ahued, el alcalde de Xalapa, como el PLAN B de ella, si es que por alguna raz\u00f3n, ella no es la nominada a la candidatura a gobernador\u2026 As\u00ed que esto enfrentar\u00eda a Roc\u00edo con el gobernador, Cuitl\u00e1huac Garc\u00eda, quien ya tiene un aspirante que desea impulsar y el otro ser\u00eda Manuel Huerta, con quien los desacuerdos ser\u00edan lo peor que le podr\u00eda pasar a cualquier candidato de MORENA porque \u00e9l controla el verdadero padr\u00f3n de este partido\u2026<\/p>\n\n\n\n<p>Por ello, es que Huerta no ha perdido el tiempo en debilidades, sabe que tiene el tiempo en contra para crecer en las encuestas y para ser tomado en cuenta, sobre todo cuando tiene a Palacio de Gobierno de Xalapa encima, la alcald\u00eda de Xalapa, Coatzacoalcos, Minatitl\u00e1n, Poza Rica.. Etc\u00e9tera.. Por eso, se convirti\u00f3 en un \u00abinquisidor\u00bb en MORENA en contra de todos los funcionarios que buscan la Presidencia de M\u00e9xico y actores locales que tiene cargo p\u00fablico y buscan la gubernatura de Veracruz..<\/p>\n\n\n\n<p>No se ha \u00abtentado\u00bb el coraz\u00f3n\u2026 Y ha fustigado al propio gobernador, Cuitl\u00e1huac Garc\u00eda, con el tema de las famosas empresas \u00abfantasmas\u00bb de Araly Rodr\u00edguez.. Huerta est\u00e1 trabajando en torno a su candidatura a gobernador o m\u00ednimo para negociar al Senado.. No le queda de otra.. Algunos comentan que se ha reunido hasta con Sergio Guti\u00e9rrez Luna para dialogar de lo mismo y del apoy\u00f3 que le puede dar a Ad\u00e1n Augusto L\u00f3pez Hern\u00e1ndez en Veracruz\u2026 Pero todo indica que est\u00e1 con Marcelo Ebrard\u2026<\/p>\n\n\n\n<p>Lo que seguramente Manuel Huerta ya sabe es que hay un gran porcentaje de posibilidades de que el candidato a gobernador, por el tema de g\u00e9nero, sea mujer.. Por ello, en esa din\u00e1mica, Huerta hace su parte y \u00abaprieta\u00bb con el \u00abAralyGate\u00bb porque el delegado sabe bien qui\u00e9n est\u00e1 detr\u00e1s de las empresas \u00abfantasmas\u00bb\u2026 Y los que est\u00e1n inmersos en este asunto, le estorban pol\u00edticamente\u2026 Y, en pol\u00edtica, las coincidencias no existen\u2026 En pocas palabras, est\u00e1 \u00abfracturado\u00bb con Nahle..<\/p>\n\n\n\n<p>Huerta es un \u00abviejo zorro\u00bb de la izquierda, sabe bien que mientras m\u00e1s \u00abapriete\u00bb pol\u00edticamente, aplica el arte del enga\u00f1o\u2026 Generando al gobernador una serie de complicaciones para definir sus estrategias pol\u00edticas y candidatos.. Y obligar a Roc\u00edo Nahle, si es la candidata a gobernador, llevarlo a campa\u00f1a como candidato al Senado.. Nahle sabe que Huerta tiene m\u00e1s \u00abcolmillos\u00bb y que goza de la confianza de AMLO.. Lo ha buscado pero el delegado no se le \u00abdobla\u00bb.. \u00bfLa fracturar\u00e1 o se le unir\u00e1?.. LA DUDA.. AMEN<\/p>\n","protected":false},"excerpt":{"rendered":"<p>Ricardo Chua Sale y Vale Hoy en el Consejo Pol\u00edtico de MORENA en CDMX.. NO VA A PASAR NADA EXTRAORDINARIO\u2026 Pero absolutamente nada.. Ser\u00e1 un acto \u00aboficial\u00bb de este partido pol\u00edtico y sus \u00abcorcholatas\u00bb Presidenciables.. Donde solamente Mario Delgado, el l\u00edder nacional morenista, s\u00f3lo va a OFICIALIZAR lo que ya dijo Andr\u00e9s Manuel L\u00f3pez Obrador, [&hellip;]<\/p>\n","protected":false},"author":2,"featured_media":0,"comment_status":"closed","ping_status":"closed","sticky":false,"template":"","format":"standard","meta":{"tdm_status":"","tdm_grid_status":"","footnotes":""},"categories":[70],"tags":[618,33687,1563,1850,1026,26717,195],"class_list":{"0":"post-107128","1":"post","2":"type-post","3":"status-publish","4":"format-standard","6":"category-de-opinion","7":"tag-andres-manuel-lopez-obrador","8":"tag-corcholatas","9":"tag-cuitlahuac-garcia-jimenez","10":"tag-manuel-huerta-ladron-de-guevara","11":"tag-morena","12":"tag-rocio-nahle-2","13":"tag-veracruz"},"yoast_head":"<!-- This site is optimized with the Yoast SEO plugin v27.4 - https:\/\/yoast.com\/product\/yoast-seo-wordpress\/ -->\n<title>EL DOMINGO DE MORENA - Los pol\u00edticos Veracruz<\/title>\n<meta name=\"robots\" content=\"index, follow, max-snippet:-1, max-image-preview:large, max-video-preview:-1\" \/>\n<link rel=\"canonical\" href=\"https:\/\/lospoliticosveracruz.com\/?p=107128\" \/>\n<meta property=\"og:locale\" content=\"es_ES\" \/>\n<meta property=\"og:type\" content=\"article\" \/>\n<meta property=\"og:title\" content=\"EL DOMINGO DE MORENA - Los pol\u00edticos Veracruz\" \/>\n<meta property=\"og:description\" content=\"Ricardo Chua Sale y Vale Hoy en el Consejo Pol\u00edtico de MORENA en CDMX.. NO VA A PASAR NADA EXTRAORDINARIO\u2026 Pero absolutamente nada.. Ser\u00e1 un acto \u00aboficial\u00bb de este partido pol\u00edtico y sus \u00abcorcholatas\u00bb Presidenciables.. Donde solamente Mario Delgado, el l\u00edder nacional morenista, s\u00f3lo va a OFICIALIZAR lo que ya dijo Andr\u00e9s Manuel L\u00f3pez Obrador, [&hellip;]\" \/>\n<meta property=\"og:url\" content=\"https:\/\/lospoliticosveracruz.com\/?p=107128\" \/>\n<meta property=\"og:site_name\" content=\"Los pol\u00edticos Veracruz\" \/>\n<meta property=\"article:publisher\" content=\"https:\/\/www.facebook.com\/people\/Notimemes-de-los-Polticos\/61565672886568\/\" \/>\n<meta property=\"article:published_time\" content=\"2023-06-11T12:18:53+00:00\" \/>\n<meta property=\"article:modified_time\" content=\"2023-06-11T12:18:59+00:00\" \/>\n<meta property=\"og:image\" content=\"https:\/\/lospoliticosveracruz.com\/wp-content\/uploads\/2016\/07\/Logo-Dor.jpg\" \/>\n\t<meta property=\"og:image:width\" content=\"200\" \/>\n\t<meta property=\"og:image:height\" content=\"200\" \/>\n\t<meta property=\"og:image:type\" content=\"image\/jpeg\" \/>\n<meta name=\"author\" content=\"Lo viste en Los Pol\u00edticos\" \/>\n<meta name=\"twitter:card\" content=\"summary_large_image\" \/>\n<meta name=\"twitter:creator\" content=\"@LosPoliticosVer\" \/>\n<meta name=\"twitter:site\" content=\"@LosPoliticosVer\" \/>\n<meta name=\"twitter:label1\" content=\"Escrito por\" \/>\n\t<meta name=\"twitter:data1\" content=\"Lo viste en Los Pol\u00edticos\" \/>\n\t<meta name=\"twitter:label2\" content=\"Tiempo de lectura\" \/>\n\t<meta name=\"twitter:data2\" content=\"4 minutos\" \/>\n<script type=\"application\/ld+json\" class=\"yoast-schema-graph\">{\"@context\":\"https:\\\/\\\/schema.org\",\"@graph\":[{\"@type\":\"Article\",\"@id\":\"https:\\\/\\\/lospoliticosveracruz.com\\\/?p=107128#article\",\"isPartOf\":{\"@id\":\"https:\\\/\\\/lospoliticosveracruz.com\\\/?p=107128\"},\"author\":{\"name\":\"Lo viste en Los Pol\u00edticos\",\"@id\":\"https:\\\/\\\/lospoliticosveracruz.com\\\/#\\\/schema\\\/person\\\/b8702bb0e538456e6efd07080bf2a4a2\"},\"headline\":\"EL DOMINGO DE MORENA\",\"datePublished\":\"2023-06-11T12:18:53+00:00\",\"dateModified\":\"2023-06-11T12:18:59+00:00\",\"mainEntityOfPage\":{\"@id\":\"https:\\\/\\\/lospoliticosveracruz.com\\\/?p=107128\"},\"wordCount\":809,\"publisher\":{\"@id\":\"https:\\\/\\\/lospoliticosveracruz.com\\\/#organization\"},\"keywords\":[\"Andr\u00e9s Manuel L\u00f3pez Obrador\",\"corcholatas\",\"Cuitl\u00e1huac Garc\u00eda Jim\u00e9nez\",\"Manuel Huerta Ladr\u00f3n de Guevara\",\"Morena\",\"Rocio Nahle\",\"Veracruz\"],\"articleSection\":[\"De Opini\u00f3n\"],\"inLanguage\":\"es\"},{\"@type\":\"WebPage\",\"@id\":\"https:\\\/\\\/lospoliticosveracruz.com\\\/?p=107128\",\"url\":\"https:\\\/\\\/lospoliticosveracruz.com\\\/?p=107128\",\"name\":\"EL DOMINGO DE MORENA - Los pol\u00edticos Veracruz\",\"isPartOf\":{\"@id\":\"https:\\\/\\\/lospoliticosveracruz.com\\\/#website\"},\"datePublished\":\"2023-06-11T12:18:53+00:00\",\"dateModified\":\"2023-06-11T12:18:59+00:00\",\"breadcrumb\":{\"@id\":\"https:\\\/\\\/lospoliticosveracruz.com\\\/?p=107128#breadcrumb\"},\"inLanguage\":\"es\",\"potentialAction\":[{\"@type\":\"ReadAction\",\"target\":[\"https:\\\/\\\/lospoliticosveracruz.com\\\/?p=107128\"]}]},{\"@type\":\"BreadcrumbList\",\"@id\":\"https:\\\/\\\/lospoliticosveracruz.com\\\/?p=107128#breadcrumb\",\"itemListElement\":[{\"@type\":\"ListItem\",\"position\":1,\"name\":\"Portada\",\"item\":\"https:\\\/\\\/lospoliticosveracruz.com\\\/\"},{\"@type\":\"ListItem\",\"position\":2,\"name\":\"EL DOMINGO DE MORENA\"}]},{\"@type\":\"WebSite\",\"@id\":\"https:\\\/\\\/lospoliticosveracruz.com\\\/#website\",\"url\":\"https:\\\/\\\/lospoliticosveracruz.com\\\/\",\"name\":\"Los pol\u00edticos Veracruz\",\"description\":\"\",\"publisher\":{\"@id\":\"https:\\\/\\\/lospoliticosveracruz.com\\\/#organization\"},\"potentialAction\":[{\"@type\":\"SearchAction\",\"target\":{\"@type\":\"EntryPoint\",\"urlTemplate\":\"https:\\\/\\\/lospoliticosveracruz.com\\\/?s={search_term_string}\"},\"query-input\":{\"@type\":\"PropertyValueSpecification\",\"valueRequired\":true,\"valueName\":\"search_term_string\"}}],\"inLanguage\":\"es\"},{\"@type\":\"Organization\",\"@id\":\"https:\\\/\\\/lospoliticosveracruz.com\\\/#organization\",\"name\":\"Los pol\u00edticos Veracruz\",\"url\":\"https:\\\/\\\/lospoliticosveracruz.com\\\/\",\"logo\":{\"@type\":\"ImageObject\",\"inLanguage\":\"es\",\"@id\":\"https:\\\/\\\/lospoliticosveracruz.com\\\/#\\\/schema\\\/logo\\\/image\\\/\",\"url\":\"https:\\\/\\\/lospoliticosveracruz.com\\\/wp-content\\\/uploads\\\/2025\\\/12\\\/Logo-Nuevo-LOS-POLITICOS-1.jpg\",\"contentUrl\":\"https:\\\/\\\/lospoliticosveracruz.com\\\/wp-content\\\/uploads\\\/2025\\\/12\\\/Logo-Nuevo-LOS-POLITICOS-1.jpg\",\"width\":260,\"height\":70,\"caption\":\"Los pol\u00edticos Veracruz\"},\"image\":{\"@id\":\"https:\\\/\\\/lospoliticosveracruz.com\\\/#\\\/schema\\\/logo\\\/image\\\/\"},\"sameAs\":[\"https:\\\/\\\/www.facebook.com\\\/people\\\/Notimemes-de-los-Polticos\\\/61565672886568\\\/\",\"https:\\\/\\\/x.com\\\/LosPoliticosVer\"]},{\"@type\":\"Person\",\"@id\":\"https:\\\/\\\/lospoliticosveracruz.com\\\/#\\\/schema\\\/person\\\/b8702bb0e538456e6efd07080bf2a4a2\",\"name\":\"Lo viste en Los Pol\u00edticos\",\"image\":{\"@type\":\"ImageObject\",\"inLanguage\":\"es\",\"@id\":\"https:\\\/\\\/secure.gravatar.com\\\/avatar\\\/3a8de04a2656d44082be478bd6c086daa447c4651605818287b9532d3d0bd435?s=96&d=mm&r=g\",\"url\":\"https:\\\/\\\/secure.gravatar.com\\\/avatar\\\/3a8de04a2656d44082be478bd6c086daa447c4651605818287b9532d3d0bd435?s=96&d=mm&r=g\",\"contentUrl\":\"https:\\\/\\\/secure.gravatar.com\\\/avatar\\\/3a8de04a2656d44082be478bd6c086daa447c4651605818287b9532d3d0bd435?s=96&d=mm&r=g\",\"caption\":\"Lo viste en Los Pol\u00edticos\"},\"url\":\"https:\\\/\\\/lospoliticosveracruz.com\\\/?author=2\"}]}<\/script>\n<!-- \/ Yoast SEO plugin. -->","yoast_head_json":{"title":"EL DOMINGO DE MORENA - Los pol\u00edticos Veracruz","robots":{"index":"index","follow":"follow","max-snippet":"max-snippet:-1","max-image-preview":"max-image-preview:large","max-video-preview":"max-video-preview:-1"},"canonical":"https:\/\/lospoliticosveracruz.com\/?p=107128","og_locale":"es_ES","og_type":"article","og_title":"EL DOMINGO DE MORENA - Los pol\u00edticos Veracruz","og_description":"Ricardo Chua Sale y Vale Hoy en el Consejo Pol\u00edtico de MORENA en CDMX.. NO VA A PASAR NADA EXTRAORDINARIO\u2026 Pero absolutamente nada.. Ser\u00e1 un acto \u00aboficial\u00bb de este partido pol\u00edtico y sus \u00abcorcholatas\u00bb Presidenciables.. Donde solamente Mario Delgado, el l\u00edder nacional morenista, s\u00f3lo va a OFICIALIZAR lo que ya dijo Andr\u00e9s Manuel L\u00f3pez Obrador, [&hellip;]","og_url":"https:\/\/lospoliticosveracruz.com\/?p=107128","og_site_name":"Los pol\u00edticos Veracruz","article_publisher":"https:\/\/www.facebook.com\/people\/Notimemes-de-los-Polticos\/61565672886568\/","article_published_time":"2023-06-11T12:18:53+00:00","article_modified_time":"2023-06-11T12:18:59+00:00","og_image":[{"width":200,"height":200,"url":"https:\/\/lospoliticosveracruz.com\/wp-content\/uploads\/2016\/07\/Logo-Dor.jpg","type":"image\/jpeg"}],"author":"Lo viste en Los Pol\u00edticos","twitter_card":"summary_large_image","twitter_creator":"@LosPoliticosVer","twitter_site":"@LosPoliticosVer","twitter_misc":{"Escrito por":"Lo viste en Los Pol\u00edticos","Tiempo de lectura":"4 minutos"},"schema":{"@context":"https:\/\/schema.org","@graph":[{"@type":"Article","@id":"https:\/\/lospoliticosveracruz.com\/?p=107128#article","isPartOf":{"@id":"https:\/\/lospoliticosveracruz.com\/?p=107128"},"author":{"name":"Lo viste en Los Pol\u00edticos","@id":"https:\/\/lospoliticosveracruz.com\/#\/schema\/person\/b8702bb0e538456e6efd07080bf2a4a2"},"headline":"EL DOMINGO DE MORENA","datePublished":"2023-06-11T12:18:53+00:00","dateModified":"2023-06-11T12:18:59+00:00","mainEntityOfPage":{"@id":"https:\/\/lospoliticosveracruz.com\/?p=107128"},"wordCount":809,"publisher":{"@id":"https:\/\/lospoliticosveracruz.com\/#organization"},"keywords":["Andr\u00e9s Manuel L\u00f3pez Obrador","corcholatas","Cuitl\u00e1huac Garc\u00eda Jim\u00e9nez","Manuel Huerta Ladr\u00f3n de Guevara","Morena","Rocio Nahle","Veracruz"],"articleSection":["De Opini\u00f3n"],"inLanguage":"es"},{"@type":"WebPage","@id":"https:\/\/lospoliticosveracruz.com\/?p=107128","url":"https:\/\/lospoliticosveracruz.com\/?p=107128","name":"EL DOMINGO DE MORENA - Los pol\u00edticos Veracruz","isPartOf":{"@id":"https:\/\/lospoliticosveracruz.com\/#website"},"datePublished":"2023-06-11T12:18:53+00:00","dateModified":"2023-06-11T12:18:59+00:00","breadcrumb":{"@id":"https:\/\/lospoliticosveracruz.com\/?p=107128#breadcrumb"},"inLanguage":"es","potentialAction":[{"@type":"ReadAction","target":["https:\/\/lospoliticosveracruz.com\/?p=107128"]}]},{"@type":"BreadcrumbList","@id":"https:\/\/lospoliticosveracruz.com\/?p=107128#breadcrumb","itemListElement":[{"@type":"ListItem","position":1,"name":"Portada","item":"https:\/\/lospoliticosveracruz.com\/"},{"@type":"ListItem","position":2,"name":"EL DOMINGO DE MORENA"}]},{"@type":"WebSite","@id":"https:\/\/lospoliticosveracruz.com\/#website","url":"https:\/\/lospoliticosveracruz.com\/","name":"Los pol\u00edticos Veracruz","description":"","publisher":{"@id":"https:\/\/lospoliticosveracruz.com\/#organization"},"potentialAction":[{"@type":"SearchAction","target":{"@type":"EntryPoint","urlTemplate":"https:\/\/lospoliticosveracruz.com\/?s={search_term_string}"},"query-input":{"@type":"PropertyValueSpecification","valueRequired":true,"valueName":"search_term_string"}}],"inLanguage":"es"},{"@type":"Organization","@id":"https:\/\/lospoliticosveracruz.com\/#organization","name":"Los pol\u00edticos Veracruz","url":"https:\/\/lospoliticosveracruz.com\/","logo":{"@type":"ImageObject","inLanguage":"es","@id":"https:\/\/lospoliticosveracruz.com\/#\/schema\/logo\/image\/","url":"https:\/\/lospoliticosveracruz.com\/wp-content\/uploads\/2025\/12\/Logo-Nuevo-LOS-POLITICOS-1.jpg","contentUrl":"https:\/\/lospoliticosveracruz.com\/wp-content\/uploads\/2025\/12\/Logo-Nuevo-LOS-POLITICOS-1.jpg","width":260,"height":70,"caption":"Los pol\u00edticos Veracruz"},"image":{"@id":"https:\/\/lospoliticosveracruz.com\/#\/schema\/logo\/image\/"},"sameAs":["https:\/\/www.facebook.com\/people\/Notimemes-de-los-Polticos\/61565672886568\/","https:\/\/x.com\/LosPoliticosVer"]},{"@type":"Person","@id":"https:\/\/lospoliticosveracruz.com\/#\/schema\/person\/b8702bb0e538456e6efd07080bf2a4a2","name":"Lo viste en Los Pol\u00edticos","image":{"@type":"ImageObject","inLanguage":"es","@id":"https:\/\/secure.gravatar.com\/avatar\/3a8de04a2656d44082be478bd6c086daa447c4651605818287b9532d3d0bd435?s=96&d=mm&r=g","url":"https:\/\/secure.gravatar.com\/avatar\/3a8de04a2656d44082be478bd6c086daa447c4651605818287b9532d3d0bd435?s=96&d=mm&r=g","contentUrl":"https:\/\/secure.gravatar.com\/avatar\/3a8de04a2656d44082be478bd6c086daa447c4651605818287b9532d3d0bd435?s=96&d=mm&r=g","caption":"Lo viste en Los Pol\u00edticos"},"url":"https:\/\/lospoliticosveracruz.com\/?author=2"}]}},"_links":{"self":[{"href":"https:\/\/lospoliticosveracruz.com\/index.php?rest_route=\/wp\/v2\/posts\/107128","targetHints":{"allow":["GET"]}}],"collection":[{"href":"https:\/\/lospoliticosveracruz.com\/index.php?rest_route=\/wp\/v2\/posts"}],"about":[{"href":"https:\/\/lospoliticosveracruz.com\/index.php?rest_route=\/wp\/v2\/types\/post"}],"author":[{"embeddable":true,"href":"https:\/\/lospoliticosveracruz.com\/index.php?rest_route=\/wp\/v2\/users\/2"}],"replies":[{"embeddable":true,"href":"https:\/\/lospoliticosveracruz.com\/index.php?rest_route=%2Fwp%2Fv2%2Fcomments&post=107128"}],"version-history":[{"count":1,"href":"https:\/\/lospoliticosveracruz.com\/index.php?rest_route=\/wp\/v2\/posts\/107128\/revisions"}],"predecessor-version":[{"id":107130,"href":"https:\/\/lospoliticosveracruz.com\/index.php?rest_route=\/wp\/v2\/posts\/107128\/revisions\/107130"}],"wp:attachment":[{"href":"https:\/\/lospoliticosveracruz.com\/index.php?rest_route=%2Fwp%2Fv2%2Fmedia&parent=107128"}],"wp:term":[{"taxonomy":"category","embeddable":true,"href":"https:\/\/lospoliticosveracruz.com\/index.php?rest_route=%2Fwp%2Fv2%2Fcategories&post=107128"},{"taxonomy":"post_tag","embeddable":true,"href":"https:\/\/lospoliticosveracruz.com\/index.php?rest_route=%2Fwp%2Fv2%2Ftags&post=107128"}],"curies":[{"name":"wp","href":"https:\/\/api.w.org\/{rel}","templated":true}]}}