{"id":107141,"date":"2023-06-12T08:46:43","date_gmt":"2023-06-12T13:46:43","guid":{"rendered":"https:\/\/lospoliticosveracruz.com.mx\/?p=107141"},"modified":"2023-06-12T08:48:49","modified_gmt":"2023-06-12T13:48:49","slug":"morena-el-acuerdo-para-el-2024","status":"publish","type":"post","link":"https:\/\/lospoliticosveracruz.com\/?p=107141","title":{"rendered":"MORENA, EL ACUERDO PARA EL 2024"},"content":{"rendered":"\n<p><\/p>\n\n\n\n<p><strong>Ricardo Chua<br><\/strong><em>Sale y Vale<br><\/em>Tal como lo mencionamos en el espacio de ayer.. La Convenci\u00f3n Nacional de MORENA s\u00f3lo reflej\u00f3 lo que Andr\u00e9s Manuel L\u00f3pez Obrador quiere que se haga para la selecci\u00f3n del candidato Presidencial de este partido\u2026 De lo m\u00e1s relevante del encuentro es que hay 6 \u00abcorcholatas\u00bb: 4 de MORENA, 1 del PT y 1 del PVEM.. Y son: Marcelo Ebrard, Ad\u00e1n Augusto L\u00f3pez, Ricardo Monreal, Claudia Sheinbaum, Gerardo Fern\u00e1ndez Noro\u00f1a y Manuel Velasco\u2026 Nada nuevo en el \u00abuniverso\u00bb de esta alianza\u2026<\/p>\n\n\n\n<figure class=\"wp-block-image size-large\"><a href=\"https:\/\/lospoliticosveracruz.com.mx\/wp-content\/uploads\/2016\/07\/Seguro-Julio-Cerecedo-2.jpg\"><img decoding=\"async\" src=\"https:\/\/lospoliticosveracruz.com.mx\/wp-content\/uploads\/2016\/07\/Seguro-Julio-Cerecedo-2-1024x381.jpg\" alt=\"\" class=\"wp-image-105879\"\/><\/a><\/figure>\n\n\n\n<p>Seg\u00fan van respetar los resultados finales del proceso interno y apoyar al ganador (No habr\u00e1 rupturas, seg\u00fan).. Este proceso estar\u00e1 a cargo del Consejo Nacional y Comisi\u00f3n de Elecciones y Encuestas..Cada aspirante puede proponer a la encuestadora\u2026 Habr\u00e1 4 encuestas \u00abespejo\u00bb y una de la Comisi\u00f3n de Elecciones\u2026 Este sondeo se har\u00e1 acompa\u00f1ado por representantes de los aspirantes.. Las fechas son las siguientes: 16 junio los aspirantes dan aviso de querer participar\u2026 17 de junio renuncia de cargos\u2026<\/p>\n\n\n\n<p>Luego del 19 de junio al 27 de agosto habr\u00e1 recorridos por el pa\u00eds.. 28 agosto al 3 de septiembre levantamiento de encuestas\u2026 4 al 6 de septiembre procesamiento de resultados\u2026 6 de septiembre divulgaci\u00f3n de resultados.. Los recorridos deber\u00e1n ser austeros, no con derroche.. Puro contacto con la gente\u2026 No habr\u00e1 debates, descalificaciones o calumnias todos deben centrarse en propuestas de trabajo y asambleas informativas\u2026 No debe haber acarreo, reparto de d\u00e1divas\u2026 Menos alianzas con grupos de intereses y sectores de la oligarqu\u00eda\u2026<\/p>\n\n\n\n<p>Los aspirantes evitar\u00e1n participar en medios de comunicaci\u00f3n del \u00abviejo r\u00e9gimen\u00bb\u2026 No utilizar dinero il\u00edcito y en el proceso no intervendr\u00e1 federaci\u00f3n, gobernadores, alcaldes, legisladores, dirigentes de MORENA.. Buscan evitar \u00abfracturas\u00bb\u2026 Recomendar\u00e1n que segundo y tercer lugar se incorporen al gabinete o sean coordinadores parlamentarios.. Los restantes con lugares en diputados y Senado\u2026 Son los puntos llegados, ahora el punto de inflexi\u00f3n estar\u00e1 que el primer lugar CUMPLA los acuerdos\u2026. AMEN Y LO QUE UD DIGA SE\u00d1OR PRESIDENTE\u2026<\/p>\n\n\n\n<p><strong>\u00abGUERRITA\u00bb EN LA CMIC VERACRUZ (PRIMERA PARTE)\u2026<\/strong> M\u00e1s que empresarios constructores, parecieran militantes de un partido pol\u00edtico de oposici\u00f3n, ya que las \u00abgrillas\u00bb, traciones y \u00abpatadas por debajo de la mesa\u00bb es lo que se est\u00e1 viviendo en este momento en la C\u00e1mara Mexicana de la Industria de la Construcci\u00f3n en su delegaci\u00f3n de Veracruz\u2026 Donde por disputas de poder y envidias, est\u00e1n \u00abenlodando\u00bb PRESUNTAMENTE el buen nombre de personajes que se dedican a este oficio de la construcci\u00f3n por varias d\u00e9cadas..<\/p>\n\n\n\n<p>Nos cuenta \u00abGarganta Profunda\u00bb que se ha enterado de estos desencuentros personales, que ya han llegado a la v\u00eda legal, entre Jorge Alard\u00edn, que actualmente es Presidente, contra Mario Lagos, quien ostentaba un cargo honorario como secretario de este comit\u00e9 directivo (donde todo era de a gratis y sin honorarios de por medio), luego que Lagos fuera invitado por Marcos Ordu\u00f1a a la CMIC, hace a\u00f1os, cuando \u00e9ste ostentaba la Presidencia y Lagos ven\u00eda del AMPI (La asociaci\u00f3n de agentes inmobiliarios)\u2026<\/p>\n\n\n\n<p>Todo empez\u00f3, nos dice, \u00abGarganta Profunda\u00bb cuando vieron que por el hecho de tener una empresa constructora por generaciones en su familia, Mario Lagos le otorgaron una obra p\u00fablica, la primera en muchos a\u00f1os, dado que se ha desempe\u00f1ado m\u00e1s en los proyectos de construcci\u00f3n de car\u00e1cter privado\u2026 Y eso desat\u00f3 el esc\u00e1ndalo en su contra.. Algo as\u00ed como \u00e9l por qu\u00e9 si y yo por qu\u00e9 no.. Los altos directivos de la CMIC no aguantan eso y lo separaron de manera poco elegante y grotesca del cargo.. Da\u00f1ando la imagen de Lagos..<\/p>\n\n\n\n<p>Pero como con los \u00abRicos y Sabrosos\u00bb de la construcci\u00f3n esto no pas\u00f3 de \u00abhumo\u00bb.. Se formaron un ciento de especulaciones al respecto.. Donde todos se\u00f1alan que PRESUNTAMENTE Alard\u00edn utiliz\u00f3 argumentos legaloides para separar del cargo a Mario Lagos, sin que \u00e9ste haya incumplido sus funciones como secretario de la CMIC, dado que la presunta obra en cuesti\u00f3n que fue la causa de este caso, es un asunto de vida profesional privada y que no le ata\u00f1e a la c\u00e1mara.. Y la \u00abgrilla\u00bb se revent\u00f3 a altos niveles de la CMIC nacional de CDMX..<\/p>\n\n\n\n<p>Ya que todo el asunto de Alard\u00edn vs Mario Lagos, lleg\u00f3 hasta las instancias de Francisco Javier Solares Alem\u00e1n, dirigente nacional de la CMIC en el pa\u00eds, que recomend\u00f3 a la delegaci\u00f3n de Veracruz.. Que se dejaran de \u00abgrillas\u00bb insulsas.. Que le dieran su lugar a Mario Lagos, que lo restituyeron en el cargo que ostentaba, y que de ah\u00ed, el mismo Lagos presentar\u00eda su renuncia para irse de la misma manera que se van de los cargos directivos todos los constructores que dejan de ser secretarios o presidentes.. Con un evento y con el buen nombre de su empresa..<\/p>\n\n\n\n<p>Pero todo parece indicar, advirti\u00f3 \u00abGarganta Profunda\u00bb, que no le hicieron caso en la Presidencia de CMIC Veracruz a la \u00abrecomendaci\u00f3n\u00bb de su l\u00edder nacional, Javier Solares Alem\u00e1n, y todo sigui\u00f3 igual y el grupo empresarial afectado, al parecer, ha decidido actuar en consecuencia por la v\u00eda civil.. Un esc\u00e1ndalo en puerta que, al parecer, no le conviene a la CMIC por el cierre de la administraci\u00f3n de Cuitl\u00e1huac Garc\u00eda.. Y por la poca o mucha obra p\u00fablica que queda por hacer, pues, como la c\u00e1mara est\u00e1 inmersa en pleitos.. Puede que sean ignorados..<\/p>\n\n\n\n<p>As\u00ed que todo este caso.. Por el supuesto retraso de una obra que hac\u00eda Mario Lagos al gobierno de Cuitl\u00e1huac Garc\u00eda.. Y que, al parecer, molest\u00f3 a los directivos de la CMIC, sin saber la raz\u00f3n de fondo.. Violando los estatutos internos de la CMIC\u2026 Alard\u00edn emiti\u00f3 un documento por el cual, se destituy\u00f3 a Mario Lagos de su cargo como secretario del comit\u00e9 de la CMIC en Veracruz.. Sin dar una explicaci\u00f3n al respecto y dejando mal parada la reputaci\u00f3n de su empresa.. Cosa que molest\u00f3 al afectado y ahora todo indica que todo va v\u00eda legal..<\/p>\n\n\n\n<p>Obvio que esto sac\u00f3 mucho de onda a los dem\u00e1s empresarios constructores por la forma en que se deshicieron de Mario Lagos.. Ya que PRESUNTAMENTE sin demostrar alguna falta en sus funciones de secretario de la CMIC como lo marca en sus estatutos internos, fue destituido de esa manera.. Levant\u00f3 mucha \u00ab\u00e1mpula\u00bb entre los constructores porque pueden quedar a merced de las decisiones unilaterales de la Presidencia de la CMIC.. Y eso \u00abcal\u00f3\u00bb mucho al interior y ya viene la reelecci\u00f3n.. LA HISTORIA CONTINUAR\u00c1\u2026<\/p>\n","protected":false},"excerpt":{"rendered":"<p>Ricardo ChuaSale y ValeTal como lo mencionamos en el espacio de ayer.. La Convenci\u00f3n Nacional de MORENA s\u00f3lo reflej\u00f3 lo que Andr\u00e9s Manuel L\u00f3pez Obrador quiere que se haga para la selecci\u00f3n del candidato Presidencial de este partido\u2026 De lo m\u00e1s relevante del encuentro es que hay 6 \u00abcorcholatas\u00bb: 4 de MORENA, 1 del PT [&hellip;]<\/p>\n","protected":false},"author":2,"featured_media":0,"comment_status":"closed","ping_status":"closed","sticky":false,"template":"","format":"standard","meta":{"tdm_status":"","tdm_grid_status":"","footnotes":""},"categories":[70],"tags":[618,9627,31611,38389,12598,964,14703,38388,1026,28660,10353],"class_list":{"0":"post-107141","1":"post","2":"type-post","3":"status-publish","4":"format-standard","6":"category-de-opinion","7":"tag-andres-manuel-lopez-obrador","8":"tag-claudia-sheinbaum","9":"tag-cmic-veracruz-2","10":"tag-francisco-javier-solares-aleman","11":"tag-gerardo-fernandez-norona","12":"tag-manuel-velasco-coello","13":"tag-marcelo-ebrard","14":"tag-mario-lagos","15":"tag-morena","16":"tag-ricardo-chua-2","17":"tag-ricardo-monreal"},"yoast_head":"<!-- This site is optimized with the Yoast SEO plugin v27.4 - https:\/\/yoast.com\/product\/yoast-seo-wordpress\/ -->\n<title>MORENA, EL ACUERDO PARA EL 2024 - Los pol\u00edticos Veracruz<\/title>\n<meta name=\"robots\" content=\"index, follow, max-snippet:-1, max-image-preview:large, max-video-preview:-1\" \/>\n<link rel=\"canonical\" href=\"https:\/\/lospoliticosveracruz.com\/?p=107141\" \/>\n<meta property=\"og:locale\" content=\"es_ES\" \/>\n<meta property=\"og:type\" content=\"article\" \/>\n<meta property=\"og:title\" content=\"MORENA, EL ACUERDO PARA EL 2024 - Los pol\u00edticos Veracruz\" \/>\n<meta property=\"og:description\" content=\"Ricardo ChuaSale y ValeTal como lo mencionamos en el espacio de ayer.. La Convenci\u00f3n Nacional de MORENA s\u00f3lo reflej\u00f3 lo que Andr\u00e9s Manuel L\u00f3pez Obrador quiere que se haga para la selecci\u00f3n del candidato Presidencial de este partido\u2026 De lo m\u00e1s relevante del encuentro es que hay 6 \u00abcorcholatas\u00bb: 4 de MORENA, 1 del PT [&hellip;]\" \/>\n<meta property=\"og:url\" content=\"https:\/\/lospoliticosveracruz.com\/?p=107141\" \/>\n<meta property=\"og:site_name\" content=\"Los pol\u00edticos Veracruz\" \/>\n<meta property=\"article:publisher\" content=\"https:\/\/www.facebook.com\/people\/Notimemes-de-los-Polticos\/61565672886568\/\" \/>\n<meta property=\"article:published_time\" content=\"2023-06-12T13:46:43+00:00\" \/>\n<meta property=\"article:modified_time\" content=\"2023-06-12T13:48:49+00:00\" \/>\n<meta property=\"og:image\" content=\"https:\/\/lospoliticosveracruz.com.mx\/wp-content\/uploads\/2016\/07\/Seguro-Julio-Cerecedo-2-1024x381.jpg\" \/>\n<meta name=\"author\" content=\"Lo viste en Los Pol\u00edticos\" \/>\n<meta name=\"twitter:card\" content=\"summary_large_image\" \/>\n<meta name=\"twitter:creator\" content=\"@LosPoliticosVer\" \/>\n<meta name=\"twitter:site\" content=\"@LosPoliticosVer\" \/>\n<meta name=\"twitter:label1\" content=\"Escrito por\" \/>\n\t<meta name=\"twitter:data1\" content=\"Lo viste en Los Pol\u00edticos\" \/>\n\t<meta name=\"twitter:label2\" content=\"Tiempo de lectura\" \/>\n\t<meta name=\"twitter:data2\" content=\"6 minutos\" \/>\n<script type=\"application\/ld+json\" class=\"yoast-schema-graph\">{\"@context\":\"https:\\\/\\\/schema.org\",\"@graph\":[{\"@type\":\"Article\",\"@id\":\"https:\\\/\\\/lospoliticosveracruz.com\\\/?p=107141#article\",\"isPartOf\":{\"@id\":\"https:\\\/\\\/lospoliticosveracruz.com\\\/?p=107141\"},\"author\":{\"name\":\"Lo viste en Los Pol\u00edticos\",\"@id\":\"https:\\\/\\\/lospoliticosveracruz.com\\\/#\\\/schema\\\/person\\\/b8702bb0e538456e6efd07080bf2a4a2\"},\"headline\":\"MORENA, EL ACUERDO PARA EL 2024\",\"datePublished\":\"2023-06-12T13:46:43+00:00\",\"dateModified\":\"2023-06-12T13:48:49+00:00\",\"mainEntityOfPage\":{\"@id\":\"https:\\\/\\\/lospoliticosveracruz.com\\\/?p=107141\"},\"wordCount\":1126,\"publisher\":{\"@id\":\"https:\\\/\\\/lospoliticosveracruz.com\\\/#organization\"},\"image\":{\"@id\":\"https:\\\/\\\/lospoliticosveracruz.com\\\/?p=107141#primaryimage\"},\"thumbnailUrl\":\"https:\\\/\\\/lospoliticosveracruz.com.mx\\\/wp-content\\\/uploads\\\/2016\\\/07\\\/Seguro-Julio-Cerecedo-2-1024x381.jpg\",\"keywords\":[\"Andr\u00e9s Manuel L\u00f3pez Obrador\",\"Claudia Sheinbaum\",\"CMIC Veracruz\",\"Francisco Javier Solares Alem\u00e1n\",\"Gerardo Fern\u00e1ndez Noro\u00f1a\",\"Manuel Velasco Coello\",\"Marcelo Ebrard\",\"Mario Lagos\",\"Morena\",\"Ricardo Chua\",\"Ricardo Monreal\"],\"articleSection\":[\"De Opini\u00f3n\"],\"inLanguage\":\"es\"},{\"@type\":\"WebPage\",\"@id\":\"https:\\\/\\\/lospoliticosveracruz.com\\\/?p=107141\",\"url\":\"https:\\\/\\\/lospoliticosveracruz.com\\\/?p=107141\",\"name\":\"MORENA, EL ACUERDO PARA EL 2024 - Los pol\u00edticos Veracruz\",\"isPartOf\":{\"@id\":\"https:\\\/\\\/lospoliticosveracruz.com\\\/#website\"},\"primaryImageOfPage\":{\"@id\":\"https:\\\/\\\/lospoliticosveracruz.com\\\/?p=107141#primaryimage\"},\"image\":{\"@id\":\"https:\\\/\\\/lospoliticosveracruz.com\\\/?p=107141#primaryimage\"},\"thumbnailUrl\":\"https:\\\/\\\/lospoliticosveracruz.com.mx\\\/wp-content\\\/uploads\\\/2016\\\/07\\\/Seguro-Julio-Cerecedo-2-1024x381.jpg\",\"datePublished\":\"2023-06-12T13:46:43+00:00\",\"dateModified\":\"2023-06-12T13:48:49+00:00\",\"breadcrumb\":{\"@id\":\"https:\\\/\\\/lospoliticosveracruz.com\\\/?p=107141#breadcrumb\"},\"inLanguage\":\"es\",\"potentialAction\":[{\"@type\":\"ReadAction\",\"target\":[\"https:\\\/\\\/lospoliticosveracruz.com\\\/?p=107141\"]}]},{\"@type\":\"ImageObject\",\"inLanguage\":\"es\",\"@id\":\"https:\\\/\\\/lospoliticosveracruz.com\\\/?p=107141#primaryimage\",\"url\":\"https:\\\/\\\/lospoliticosveracruz.com.mx\\\/wp-content\\\/uploads\\\/2016\\\/07\\\/Seguro-Julio-Cerecedo-2-1024x381.jpg\",\"contentUrl\":\"https:\\\/\\\/lospoliticosveracruz.com.mx\\\/wp-content\\\/uploads\\\/2016\\\/07\\\/Seguro-Julio-Cerecedo-2-1024x381.jpg\"},{\"@type\":\"BreadcrumbList\",\"@id\":\"https:\\\/\\\/lospoliticosveracruz.com\\\/?p=107141#breadcrumb\",\"itemListElement\":[{\"@type\":\"ListItem\",\"position\":1,\"name\":\"Portada\",\"item\":\"https:\\\/\\\/lospoliticosveracruz.com\\\/\"},{\"@type\":\"ListItem\",\"position\":2,\"name\":\"MORENA, EL ACUERDO PARA EL 2024\"}]},{\"@type\":\"WebSite\",\"@id\":\"https:\\\/\\\/lospoliticosveracruz.com\\\/#website\",\"url\":\"https:\\\/\\\/lospoliticosveracruz.com\\\/\",\"name\":\"Los pol\u00edticos Veracruz\",\"description\":\"\",\"publisher\":{\"@id\":\"https:\\\/\\\/lospoliticosveracruz.com\\\/#organization\"},\"potentialAction\":[{\"@type\":\"SearchAction\",\"target\":{\"@type\":\"EntryPoint\",\"urlTemplate\":\"https:\\\/\\\/lospoliticosveracruz.com\\\/?s={search_term_string}\"},\"query-input\":{\"@type\":\"PropertyValueSpecification\",\"valueRequired\":true,\"valueName\":\"search_term_string\"}}],\"inLanguage\":\"es\"},{\"@type\":\"Organization\",\"@id\":\"https:\\\/\\\/lospoliticosveracruz.com\\\/#organization\",\"name\":\"Los pol\u00edticos Veracruz\",\"url\":\"https:\\\/\\\/lospoliticosveracruz.com\\\/\",\"logo\":{\"@type\":\"ImageObject\",\"inLanguage\":\"es\",\"@id\":\"https:\\\/\\\/lospoliticosveracruz.com\\\/#\\\/schema\\\/logo\\\/image\\\/\",\"url\":\"https:\\\/\\\/lospoliticosveracruz.com\\\/wp-content\\\/uploads\\\/2025\\\/12\\\/Logo-Nuevo-LOS-POLITICOS-1.jpg\",\"contentUrl\":\"https:\\\/\\\/lospoliticosveracruz.com\\\/wp-content\\\/uploads\\\/2025\\\/12\\\/Logo-Nuevo-LOS-POLITICOS-1.jpg\",\"width\":260,\"height\":70,\"caption\":\"Los pol\u00edticos Veracruz\"},\"image\":{\"@id\":\"https:\\\/\\\/lospoliticosveracruz.com\\\/#\\\/schema\\\/logo\\\/image\\\/\"},\"sameAs\":[\"https:\\\/\\\/www.facebook.com\\\/people\\\/Notimemes-de-los-Polticos\\\/61565672886568\\\/\",\"https:\\\/\\\/x.com\\\/LosPoliticosVer\"]},{\"@type\":\"Person\",\"@id\":\"https:\\\/\\\/lospoliticosveracruz.com\\\/#\\\/schema\\\/person\\\/b8702bb0e538456e6efd07080bf2a4a2\",\"name\":\"Lo viste en Los Pol\u00edticos\",\"image\":{\"@type\":\"ImageObject\",\"inLanguage\":\"es\",\"@id\":\"https:\\\/\\\/secure.gravatar.com\\\/avatar\\\/3a8de04a2656d44082be478bd6c086daa447c4651605818287b9532d3d0bd435?s=96&d=mm&r=g\",\"url\":\"https:\\\/\\\/secure.gravatar.com\\\/avatar\\\/3a8de04a2656d44082be478bd6c086daa447c4651605818287b9532d3d0bd435?s=96&d=mm&r=g\",\"contentUrl\":\"https:\\\/\\\/secure.gravatar.com\\\/avatar\\\/3a8de04a2656d44082be478bd6c086daa447c4651605818287b9532d3d0bd435?s=96&d=mm&r=g\",\"caption\":\"Lo viste en Los Pol\u00edticos\"},\"url\":\"https:\\\/\\\/lospoliticosveracruz.com\\\/?author=2\"}]}<\/script>\n<!-- \/ Yoast SEO plugin. -->","yoast_head_json":{"title":"MORENA, EL ACUERDO PARA EL 2024 - Los pol\u00edticos Veracruz","robots":{"index":"index","follow":"follow","max-snippet":"max-snippet:-1","max-image-preview":"max-image-preview:large","max-video-preview":"max-video-preview:-1"},"canonical":"https:\/\/lospoliticosveracruz.com\/?p=107141","og_locale":"es_ES","og_type":"article","og_title":"MORENA, EL ACUERDO PARA EL 2024 - Los pol\u00edticos Veracruz","og_description":"Ricardo ChuaSale y ValeTal como lo mencionamos en el espacio de ayer.. La Convenci\u00f3n Nacional de MORENA s\u00f3lo reflej\u00f3 lo que Andr\u00e9s Manuel L\u00f3pez Obrador quiere que se haga para la selecci\u00f3n del candidato Presidencial de este partido\u2026 De lo m\u00e1s relevante del encuentro es que hay 6 \u00abcorcholatas\u00bb: 4 de MORENA, 1 del PT [&hellip;]","og_url":"https:\/\/lospoliticosveracruz.com\/?p=107141","og_site_name":"Los pol\u00edticos Veracruz","article_publisher":"https:\/\/www.facebook.com\/people\/Notimemes-de-los-Polticos\/61565672886568\/","article_published_time":"2023-06-12T13:46:43+00:00","article_modified_time":"2023-06-12T13:48:49+00:00","og_image":[{"url":"https:\/\/lospoliticosveracruz.com.mx\/wp-content\/uploads\/2016\/07\/Seguro-Julio-Cerecedo-2-1024x381.jpg","type":"","width":"","height":""}],"author":"Lo viste en Los Pol\u00edticos","twitter_card":"summary_large_image","twitter_creator":"@LosPoliticosVer","twitter_site":"@LosPoliticosVer","twitter_misc":{"Escrito por":"Lo viste en Los Pol\u00edticos","Tiempo de lectura":"6 minutos"},"schema":{"@context":"https:\/\/schema.org","@graph":[{"@type":"Article","@id":"https:\/\/lospoliticosveracruz.com\/?p=107141#article","isPartOf":{"@id":"https:\/\/lospoliticosveracruz.com\/?p=107141"},"author":{"name":"Lo viste en Los Pol\u00edticos","@id":"https:\/\/lospoliticosveracruz.com\/#\/schema\/person\/b8702bb0e538456e6efd07080bf2a4a2"},"headline":"MORENA, EL ACUERDO PARA EL 2024","datePublished":"2023-06-12T13:46:43+00:00","dateModified":"2023-06-12T13:48:49+00:00","mainEntityOfPage":{"@id":"https:\/\/lospoliticosveracruz.com\/?p=107141"},"wordCount":1126,"publisher":{"@id":"https:\/\/lospoliticosveracruz.com\/#organization"},"image":{"@id":"https:\/\/lospoliticosveracruz.com\/?p=107141#primaryimage"},"thumbnailUrl":"https:\/\/lospoliticosveracruz.com.mx\/wp-content\/uploads\/2016\/07\/Seguro-Julio-Cerecedo-2-1024x381.jpg","keywords":["Andr\u00e9s Manuel L\u00f3pez Obrador","Claudia Sheinbaum","CMIC Veracruz","Francisco Javier Solares Alem\u00e1n","Gerardo Fern\u00e1ndez Noro\u00f1a","Manuel Velasco Coello","Marcelo Ebrard","Mario Lagos","Morena","Ricardo Chua","Ricardo Monreal"],"articleSection":["De Opini\u00f3n"],"inLanguage":"es"},{"@type":"WebPage","@id":"https:\/\/lospoliticosveracruz.com\/?p=107141","url":"https:\/\/lospoliticosveracruz.com\/?p=107141","name":"MORENA, EL ACUERDO PARA EL 2024 - Los pol\u00edticos Veracruz","isPartOf":{"@id":"https:\/\/lospoliticosveracruz.com\/#website"},"primaryImageOfPage":{"@id":"https:\/\/lospoliticosveracruz.com\/?p=107141#primaryimage"},"image":{"@id":"https:\/\/lospoliticosveracruz.com\/?p=107141#primaryimage"},"thumbnailUrl":"https:\/\/lospoliticosveracruz.com.mx\/wp-content\/uploads\/2016\/07\/Seguro-Julio-Cerecedo-2-1024x381.jpg","datePublished":"2023-06-12T13:46:43+00:00","dateModified":"2023-06-12T13:48:49+00:00","breadcrumb":{"@id":"https:\/\/lospoliticosveracruz.com\/?p=107141#breadcrumb"},"inLanguage":"es","potentialAction":[{"@type":"ReadAction","target":["https:\/\/lospoliticosveracruz.com\/?p=107141"]}]},{"@type":"ImageObject","inLanguage":"es","@id":"https:\/\/lospoliticosveracruz.com\/?p=107141#primaryimage","url":"https:\/\/lospoliticosveracruz.com.mx\/wp-content\/uploads\/2016\/07\/Seguro-Julio-Cerecedo-2-1024x381.jpg","contentUrl":"https:\/\/lospoliticosveracruz.com.mx\/wp-content\/uploads\/2016\/07\/Seguro-Julio-Cerecedo-2-1024x381.jpg"},{"@type":"BreadcrumbList","@id":"https:\/\/lospoliticosveracruz.com\/?p=107141#breadcrumb","itemListElement":[{"@type":"ListItem","position":1,"name":"Portada","item":"https:\/\/lospoliticosveracruz.com\/"},{"@type":"ListItem","position":2,"name":"MORENA, EL ACUERDO PARA EL 2024"}]},{"@type":"WebSite","@id":"https:\/\/lospoliticosveracruz.com\/#website","url":"https:\/\/lospoliticosveracruz.com\/","name":"Los pol\u00edticos Veracruz","description":"","publisher":{"@id":"https:\/\/lospoliticosveracruz.com\/#organization"},"potentialAction":[{"@type":"SearchAction","target":{"@type":"EntryPoint","urlTemplate":"https:\/\/lospoliticosveracruz.com\/?s={search_term_string}"},"query-input":{"@type":"PropertyValueSpecification","valueRequired":true,"valueName":"search_term_string"}}],"inLanguage":"es"},{"@type":"Organization","@id":"https:\/\/lospoliticosveracruz.com\/#organization","name":"Los pol\u00edticos Veracruz","url":"https:\/\/lospoliticosveracruz.com\/","logo":{"@type":"ImageObject","inLanguage":"es","@id":"https:\/\/lospoliticosveracruz.com\/#\/schema\/logo\/image\/","url":"https:\/\/lospoliticosveracruz.com\/wp-content\/uploads\/2025\/12\/Logo-Nuevo-LOS-POLITICOS-1.jpg","contentUrl":"https:\/\/lospoliticosveracruz.com\/wp-content\/uploads\/2025\/12\/Logo-Nuevo-LOS-POLITICOS-1.jpg","width":260,"height":70,"caption":"Los pol\u00edticos Veracruz"},"image":{"@id":"https:\/\/lospoliticosveracruz.com\/#\/schema\/logo\/image\/"},"sameAs":["https:\/\/www.facebook.com\/people\/Notimemes-de-los-Polticos\/61565672886568\/","https:\/\/x.com\/LosPoliticosVer"]},{"@type":"Person","@id":"https:\/\/lospoliticosveracruz.com\/#\/schema\/person\/b8702bb0e538456e6efd07080bf2a4a2","name":"Lo viste en Los Pol\u00edticos","image":{"@type":"ImageObject","inLanguage":"es","@id":"https:\/\/secure.gravatar.com\/avatar\/3a8de04a2656d44082be478bd6c086daa447c4651605818287b9532d3d0bd435?s=96&d=mm&r=g","url":"https:\/\/secure.gravatar.com\/avatar\/3a8de04a2656d44082be478bd6c086daa447c4651605818287b9532d3d0bd435?s=96&d=mm&r=g","contentUrl":"https:\/\/secure.gravatar.com\/avatar\/3a8de04a2656d44082be478bd6c086daa447c4651605818287b9532d3d0bd435?s=96&d=mm&r=g","caption":"Lo viste en Los Pol\u00edticos"},"url":"https:\/\/lospoliticosveracruz.com\/?author=2"}]}},"_links":{"self":[{"href":"https:\/\/lospoliticosveracruz.com\/index.php?rest_route=\/wp\/v2\/posts\/107141","targetHints":{"allow":["GET"]}}],"collection":[{"href":"https:\/\/lospoliticosveracruz.com\/index.php?rest_route=\/wp\/v2\/posts"}],"about":[{"href":"https:\/\/lospoliticosveracruz.com\/index.php?rest_route=\/wp\/v2\/types\/post"}],"author":[{"embeddable":true,"href":"https:\/\/lospoliticosveracruz.com\/index.php?rest_route=\/wp\/v2\/users\/2"}],"replies":[{"embeddable":true,"href":"https:\/\/lospoliticosveracruz.com\/index.php?rest_route=%2Fwp%2Fv2%2Fcomments&post=107141"}],"version-history":[{"count":1,"href":"https:\/\/lospoliticosveracruz.com\/index.php?rest_route=\/wp\/v2\/posts\/107141\/revisions"}],"predecessor-version":[{"id":107143,"href":"https:\/\/lospoliticosveracruz.com\/index.php?rest_route=\/wp\/v2\/posts\/107141\/revisions\/107143"}],"wp:attachment":[{"href":"https:\/\/lospoliticosveracruz.com\/index.php?rest_route=%2Fwp%2Fv2%2Fmedia&parent=107141"}],"wp:term":[{"taxonomy":"category","embeddable":true,"href":"https:\/\/lospoliticosveracruz.com\/index.php?rest_route=%2Fwp%2Fv2%2Fcategories&post=107141"},{"taxonomy":"post_tag","embeddable":true,"href":"https:\/\/lospoliticosveracruz.com\/index.php?rest_route=%2Fwp%2Fv2%2Ftags&post=107141"}],"curies":[{"name":"wp","href":"https:\/\/api.w.org\/{rel}","templated":true}]}}