{"id":107145,"date":"2023-06-12T08:50:35","date_gmt":"2023-06-12T13:50:35","guid":{"rendered":"https:\/\/lospoliticosveracruz.com.mx\/?p=107145"},"modified":"2023-06-12T08:50:41","modified_gmt":"2023-06-12T13:50:41","slug":"cruel-en-inhumana-mentira-presidencial","status":"publish","type":"post","link":"https:\/\/lospoliticosveracruz.com\/?p=107145","title":{"rendered":"CRUEL EN INHUMANA MENTIRA PRESIDENCIAL"},"content":{"rendered":"\n<p><\/p>\n\n\n\n<p><strong>Bernardo Guti\u00e9rrez Parra<br><\/strong><em>Desde el Caf\u00e9<\/em><\/p>\n\n\n\n<p>Este fin de semana toc\u00f3 a las huastecas potosina, hidalguense y veracruzana, engalanarse con la presencia del presidente L\u00f3pez Obrador que las recorri\u00f3 por carretera. \u201cLo hubi\u00e9ramos podido hacer por helic\u00f3ptero, pero por carretera es mejor, para que as\u00ed a ras de tierra se conozca lo que sucede y se recojan los sentimientos del pueblo\u201d dijo.<\/p>\n\n\n<div class=\"wp-block-image\">\n<figure class=\"alignleft size-medium\"><a href=\"https:\/\/lospoliticosveracruz.com.mx\/wp-content\/uploads\/2021\/10\/Zacauilt.jpg\"><img decoding=\"async\" src=\"https:\/\/lospoliticosveracruz.com.mx\/wp-content\/uploads\/2021\/10\/Zacauilt-150x300.jpg\" alt=\"\" class=\"wp-image-80558\"\/><\/a><\/figure>\n<\/div>\n\n\n<p>En \u00c1lamo le dio el en\u00e9simo espaldarazo a su cachorro consentido. \u201cVamos a seguir trabajando juntos con Cuitl\u00e1huac. Miren podr\u00e1n estar en desacuerdo algunos, pero ten\u00eda mucho tiempo, mucho mucho tiempo, que no hab\u00eda en Veracruz un gobernador honesto como Cuitl\u00e1huac Garc\u00eda\u201d. Y en reciprocidad el gobernador honesto dijo que jam\u00e1s de los jamases un presidente hab\u00eda apoyado tanto a la huasteca veracruzana como L\u00f3pez Obrador.<\/p>\n\n\n\n<p>Y en este emotivo duelo de enmieladas falacias hubo un salom\u00f3nico empate.<\/p>\n\n\n\n<p>Pero el presidente fue por m\u00e1s. C\u00f3modo ante decenas de seguidores ocup\u00f3 la mayor\u00eda de los 28 minutos frente al micr\u00f3fono para repetir una de sus m\u00e1s crueles e inhumanas mentiras.<\/p>\n\n\n\n<p>\u201cVamos a mejorar el sistema de Salud en Veracruz y en todo el pa\u00eds. Que no falten los m\u00e9dicos, que se tengan especialistas, ese es un problema que tenemos y ya estamos enfrentando. Vamos a rehabilitar centros de Salud y hospitales, necesitamos m\u00e9dicos lo mismo que medicinas, no s\u00f3lo el cuadro b\u00e1sico sino todas las medicinas; que haya abasto suficiente de medicamentos\u2026 porque la salud y la educaci\u00f3n no son un privilegio, son un derecho de nuestro pueblo. \u00a1Salud gratuita!\u201d grit\u00f3 entusiasmado.<\/p>\n\n\n\n<p>Y remat\u00f3 con otro sobado cuento de humor negro: \u201cDicen mis adversarios los conservadores, que no voy a cumplir porque dije que vamos a tener un sistema de Salud como el de Dinamarca antes de que termine mi mandato. Se burlan y dicen que no, que c\u00f3mo va a ser como el de Dinamarca y tienen raz\u00f3n; no va a ser como el de Dinamarca, va a ser mejor que el de Dinamarca \u00a1me canso ganso!\u201d<\/p>\n\n\n\n<p>\u00bfPor qu\u00e9 ser\u00e1 tan cruel el presidente? \u00bfPor qu\u00e9 si sabe que humanamente es imposible implementar en los quince meses que le restan a su gobierno un sistema de salud como el dan\u00e9s sigue enga\u00f1ando con esa patra\u00f1a?<\/p>\n\n\n\n<p>Si al menos tuvi\u00e9ramos un sistema de Salud como el de antes, ese que seg\u00fan el propio Andr\u00e9s Manuel estaba por los suelos, otro gallo nos cantar\u00eda. Y es que mal que bien hab\u00eda todo el esquema de vacunas, medicinas, atenci\u00f3n m\u00e9dica especializada, programas de prevenci\u00f3n de enfermedades y cirug\u00edas mayores.<\/p>\n\n\n\n<p>Basta ir a cualquier cl\u00ednica u hospital para saber que Dinamarca es un sue\u00f1o inalcanzable al menos para los quince millones de derechohabientes que ten\u00eda el INSABI y que tras su desastroso fracaso, le fueron endosados al IMSS que no sabe qu\u00e9 hacer con ellos.<\/p>\n\n\n\n<p>La semana anterior una persona muri\u00f3 a las afueras del hospital Luis F. Nach\u00f3n de Xalapa (uno de los menos peorcitos de la ciudad), porque no hab\u00eda camas ni qui\u00e9n lo atendiera. El problema es que no es el primero que fallece a las afueras de ese nosocomio que est\u00e1 saturad\u00edsimo un d\u00eda s\u00ed y otro tambi\u00e9n. Y el exhausto personal m\u00e9dico es quien carga con acusaciones penales por negligencia cuando los negligentes e irresponsables son sujetos como Andr\u00e9s Manuel.<\/p>\n\n\n\n<p>Incontables son las historias en todo el pa\u00eds donde los pacientes se han muerto por carecer de medicinas que jam\u00e1s faltaron cuando padecimos a gobiernos corruptos y bandidos.<\/p>\n\n\n\n<p>Es criminal decir que seremos como Dinamarca cuando al sector Salud le han recortado 41 mil millones de pesos de presupuesto. Es criminal asegurar semejante falacia cuando al conque de que \u201cno son necesarias\u201d Hugo L\u00f3pez-Gatell mand\u00f3 al diablo las Normas Oficiales Mexicanas y nos quedamos sin indicadores para tratar enfermedades como el c\u00e1ncer o la diabetes (solo por citar a dos).<\/p>\n\n\n\n<p>Pero L\u00f3pez Obrador fue a \u00c1lamo a decir que en Salud seremos como Dinamarca, de hecho, mejor que los daneses aunque se le canse el ganso.<\/p>\n\n\n\n<p>\u00bfPor qu\u00e9 seguir\u00e1 repitiendo tama\u00f1a vileza?<\/p>\n\n\n\n<p>Es que anda en campa\u00f1a. Quiere agenciarse votos para los abanderados de Morena en el 2024 con las mentiras que le dieron tan buenos resultados como candidato, y que repite como tarabilla cinco d\u00edas a la semana en sus ma\u00f1aneras.<\/p>\n\n\n\n<p>Pues s\u00f3lo que sea por eso.<\/p>\n\n\n\n<p>Pero qu\u00e9 perversidad, crueldad e inhumanidad la suya.<\/p>\n\n\n\n<p>bernardogup@hotmail.com<\/p>\n","protected":false},"excerpt":{"rendered":"<p>Bernardo Guti\u00e9rrez ParraDesde el Caf\u00e9 Este fin de semana toc\u00f3 a las huastecas potosina, hidalguense y veracruzana, engalanarse con la presencia del presidente L\u00f3pez Obrador que las recorri\u00f3 por carretera. \u201cLo hubi\u00e9ramos podido hacer por helic\u00f3ptero, pero por carretera es mejor, para que as\u00ed a ras de tierra se conozca lo que sucede y se [&hellip;]<\/p>\n","protected":false},"author":2,"featured_media":0,"comment_status":"closed","ping_status":"closed","sticky":false,"template":"","format":"standard","meta":{"tdm_status":"","tdm_grid_status":"","footnotes":""},"categories":[70],"tags":[618,1563,1026,195],"class_list":{"0":"post-107145","1":"post","2":"type-post","3":"status-publish","4":"format-standard","6":"category-de-opinion","7":"tag-andres-manuel-lopez-obrador","8":"tag-cuitlahuac-garcia-jimenez","9":"tag-morena","10":"tag-veracruz"},"yoast_head":"<!-- This site is optimized with the Yoast SEO plugin v27.4 - https:\/\/yoast.com\/product\/yoast-seo-wordpress\/ -->\n<title>CRUEL EN INHUMANA MENTIRA PRESIDENCIAL - Los pol\u00edticos Veracruz<\/title>\n<meta name=\"robots\" content=\"index, follow, max-snippet:-1, max-image-preview:large, max-video-preview:-1\" \/>\n<link rel=\"canonical\" href=\"https:\/\/lospoliticosveracruz.com\/?p=107145\" \/>\n<meta property=\"og:locale\" content=\"es_ES\" \/>\n<meta property=\"og:type\" content=\"article\" \/>\n<meta property=\"og:title\" content=\"CRUEL EN INHUMANA MENTIRA PRESIDENCIAL - Los pol\u00edticos Veracruz\" \/>\n<meta property=\"og:description\" content=\"Bernardo Guti\u00e9rrez ParraDesde el Caf\u00e9 Este fin de semana toc\u00f3 a las huastecas potosina, hidalguense y veracruzana, engalanarse con la presencia del presidente L\u00f3pez Obrador que las recorri\u00f3 por carretera. \u201cLo hubi\u00e9ramos podido hacer por helic\u00f3ptero, pero por carretera es mejor, para que as\u00ed a ras de tierra se conozca lo que sucede y se [&hellip;]\" \/>\n<meta property=\"og:url\" content=\"https:\/\/lospoliticosveracruz.com\/?p=107145\" \/>\n<meta property=\"og:site_name\" content=\"Los pol\u00edticos Veracruz\" \/>\n<meta property=\"article:publisher\" content=\"https:\/\/www.facebook.com\/people\/Notimemes-de-los-Polticos\/61565672886568\/\" \/>\n<meta property=\"article:published_time\" content=\"2023-06-12T13:50:35+00:00\" \/>\n<meta property=\"article:modified_time\" content=\"2023-06-12T13:50:41+00:00\" \/>\n<meta property=\"og:image\" content=\"https:\/\/lospoliticosveracruz.com.mx\/wp-content\/uploads\/2021\/10\/Zacauilt-150x300.jpg\" \/>\n<meta name=\"author\" content=\"Lo viste en Los Pol\u00edticos\" \/>\n<meta name=\"twitter:card\" content=\"summary_large_image\" \/>\n<meta name=\"twitter:creator\" content=\"@LosPoliticosVer\" \/>\n<meta name=\"twitter:site\" content=\"@LosPoliticosVer\" \/>\n<meta name=\"twitter:label1\" content=\"Escrito por\" \/>\n\t<meta name=\"twitter:data1\" content=\"Lo viste en Los Pol\u00edticos\" \/>\n\t<meta name=\"twitter:label2\" content=\"Tiempo de lectura\" \/>\n\t<meta name=\"twitter:data2\" content=\"4 minutos\" \/>\n<script type=\"application\/ld+json\" class=\"yoast-schema-graph\">{\"@context\":\"https:\\\/\\\/schema.org\",\"@graph\":[{\"@type\":\"Article\",\"@id\":\"https:\\\/\\\/lospoliticosveracruz.com\\\/?p=107145#article\",\"isPartOf\":{\"@id\":\"https:\\\/\\\/lospoliticosveracruz.com\\\/?p=107145\"},\"author\":{\"name\":\"Lo viste en Los Pol\u00edticos\",\"@id\":\"https:\\\/\\\/lospoliticosveracruz.com\\\/#\\\/schema\\\/person\\\/b8702bb0e538456e6efd07080bf2a4a2\"},\"headline\":\"CRUEL EN INHUMANA MENTIRA PRESIDENCIAL\",\"datePublished\":\"2023-06-12T13:50:35+00:00\",\"dateModified\":\"2023-06-12T13:50:41+00:00\",\"mainEntityOfPage\":{\"@id\":\"https:\\\/\\\/lospoliticosveracruz.com\\\/?p=107145\"},\"wordCount\":785,\"publisher\":{\"@id\":\"https:\\\/\\\/lospoliticosveracruz.com\\\/#organization\"},\"image\":{\"@id\":\"https:\\\/\\\/lospoliticosveracruz.com\\\/?p=107145#primaryimage\"},\"thumbnailUrl\":\"https:\\\/\\\/lospoliticosveracruz.com.mx\\\/wp-content\\\/uploads\\\/2021\\\/10\\\/Zacauilt-150x300.jpg\",\"keywords\":[\"Andr\u00e9s Manuel L\u00f3pez Obrador\",\"Cuitl\u00e1huac Garc\u00eda Jim\u00e9nez\",\"Morena\",\"Veracruz\"],\"articleSection\":[\"De Opini\u00f3n\"],\"inLanguage\":\"es\"},{\"@type\":\"WebPage\",\"@id\":\"https:\\\/\\\/lospoliticosveracruz.com\\\/?p=107145\",\"url\":\"https:\\\/\\\/lospoliticosveracruz.com\\\/?p=107145\",\"name\":\"CRUEL EN INHUMANA MENTIRA PRESIDENCIAL - Los pol\u00edticos Veracruz\",\"isPartOf\":{\"@id\":\"https:\\\/\\\/lospoliticosveracruz.com\\\/#website\"},\"primaryImageOfPage\":{\"@id\":\"https:\\\/\\\/lospoliticosveracruz.com\\\/?p=107145#primaryimage\"},\"image\":{\"@id\":\"https:\\\/\\\/lospoliticosveracruz.com\\\/?p=107145#primaryimage\"},\"thumbnailUrl\":\"https:\\\/\\\/lospoliticosveracruz.com.mx\\\/wp-content\\\/uploads\\\/2021\\\/10\\\/Zacauilt-150x300.jpg\",\"datePublished\":\"2023-06-12T13:50:35+00:00\",\"dateModified\":\"2023-06-12T13:50:41+00:00\",\"breadcrumb\":{\"@id\":\"https:\\\/\\\/lospoliticosveracruz.com\\\/?p=107145#breadcrumb\"},\"inLanguage\":\"es\",\"potentialAction\":[{\"@type\":\"ReadAction\",\"target\":[\"https:\\\/\\\/lospoliticosveracruz.com\\\/?p=107145\"]}]},{\"@type\":\"ImageObject\",\"inLanguage\":\"es\",\"@id\":\"https:\\\/\\\/lospoliticosveracruz.com\\\/?p=107145#primaryimage\",\"url\":\"https:\\\/\\\/lospoliticosveracruz.com.mx\\\/wp-content\\\/uploads\\\/2021\\\/10\\\/Zacauilt-150x300.jpg\",\"contentUrl\":\"https:\\\/\\\/lospoliticosveracruz.com.mx\\\/wp-content\\\/uploads\\\/2021\\\/10\\\/Zacauilt-150x300.jpg\"},{\"@type\":\"BreadcrumbList\",\"@id\":\"https:\\\/\\\/lospoliticosveracruz.com\\\/?p=107145#breadcrumb\",\"itemListElement\":[{\"@type\":\"ListItem\",\"position\":1,\"name\":\"Portada\",\"item\":\"https:\\\/\\\/lospoliticosveracruz.com\\\/\"},{\"@type\":\"ListItem\",\"position\":2,\"name\":\"CRUEL EN INHUMANA MENTIRA PRESIDENCIAL\"}]},{\"@type\":\"WebSite\",\"@id\":\"https:\\\/\\\/lospoliticosveracruz.com\\\/#website\",\"url\":\"https:\\\/\\\/lospoliticosveracruz.com\\\/\",\"name\":\"Los pol\u00edticos Veracruz\",\"description\":\"\",\"publisher\":{\"@id\":\"https:\\\/\\\/lospoliticosveracruz.com\\\/#organization\"},\"potentialAction\":[{\"@type\":\"SearchAction\",\"target\":{\"@type\":\"EntryPoint\",\"urlTemplate\":\"https:\\\/\\\/lospoliticosveracruz.com\\\/?s={search_term_string}\"},\"query-input\":{\"@type\":\"PropertyValueSpecification\",\"valueRequired\":true,\"valueName\":\"search_term_string\"}}],\"inLanguage\":\"es\"},{\"@type\":\"Organization\",\"@id\":\"https:\\\/\\\/lospoliticosveracruz.com\\\/#organization\",\"name\":\"Los pol\u00edticos Veracruz\",\"url\":\"https:\\\/\\\/lospoliticosveracruz.com\\\/\",\"logo\":{\"@type\":\"ImageObject\",\"inLanguage\":\"es\",\"@id\":\"https:\\\/\\\/lospoliticosveracruz.com\\\/#\\\/schema\\\/logo\\\/image\\\/\",\"url\":\"https:\\\/\\\/lospoliticosveracruz.com\\\/wp-content\\\/uploads\\\/2025\\\/12\\\/Logo-Nuevo-LOS-POLITICOS-1.jpg\",\"contentUrl\":\"https:\\\/\\\/lospoliticosveracruz.com\\\/wp-content\\\/uploads\\\/2025\\\/12\\\/Logo-Nuevo-LOS-POLITICOS-1.jpg\",\"width\":260,\"height\":70,\"caption\":\"Los pol\u00edticos Veracruz\"},\"image\":{\"@id\":\"https:\\\/\\\/lospoliticosveracruz.com\\\/#\\\/schema\\\/logo\\\/image\\\/\"},\"sameAs\":[\"https:\\\/\\\/www.facebook.com\\\/people\\\/Notimemes-de-los-Polticos\\\/61565672886568\\\/\",\"https:\\\/\\\/x.com\\\/LosPoliticosVer\"]},{\"@type\":\"Person\",\"@id\":\"https:\\\/\\\/lospoliticosveracruz.com\\\/#\\\/schema\\\/person\\\/b8702bb0e538456e6efd07080bf2a4a2\",\"name\":\"Lo viste en Los Pol\u00edticos\",\"image\":{\"@type\":\"ImageObject\",\"inLanguage\":\"es\",\"@id\":\"https:\\\/\\\/secure.gravatar.com\\\/avatar\\\/3a8de04a2656d44082be478bd6c086daa447c4651605818287b9532d3d0bd435?s=96&d=mm&r=g\",\"url\":\"https:\\\/\\\/secure.gravatar.com\\\/avatar\\\/3a8de04a2656d44082be478bd6c086daa447c4651605818287b9532d3d0bd435?s=96&d=mm&r=g\",\"contentUrl\":\"https:\\\/\\\/secure.gravatar.com\\\/avatar\\\/3a8de04a2656d44082be478bd6c086daa447c4651605818287b9532d3d0bd435?s=96&d=mm&r=g\",\"caption\":\"Lo viste en Los Pol\u00edticos\"},\"url\":\"https:\\\/\\\/lospoliticosveracruz.com\\\/?author=2\"}]}<\/script>\n<!-- \/ Yoast SEO plugin. -->","yoast_head_json":{"title":"CRUEL EN INHUMANA MENTIRA PRESIDENCIAL - Los pol\u00edticos Veracruz","robots":{"index":"index","follow":"follow","max-snippet":"max-snippet:-1","max-image-preview":"max-image-preview:large","max-video-preview":"max-video-preview:-1"},"canonical":"https:\/\/lospoliticosveracruz.com\/?p=107145","og_locale":"es_ES","og_type":"article","og_title":"CRUEL EN INHUMANA MENTIRA PRESIDENCIAL - Los pol\u00edticos Veracruz","og_description":"Bernardo Guti\u00e9rrez ParraDesde el Caf\u00e9 Este fin de semana toc\u00f3 a las huastecas potosina, hidalguense y veracruzana, engalanarse con la presencia del presidente L\u00f3pez Obrador que las recorri\u00f3 por carretera. \u201cLo hubi\u00e9ramos podido hacer por helic\u00f3ptero, pero por carretera es mejor, para que as\u00ed a ras de tierra se conozca lo que sucede y se [&hellip;]","og_url":"https:\/\/lospoliticosveracruz.com\/?p=107145","og_site_name":"Los pol\u00edticos Veracruz","article_publisher":"https:\/\/www.facebook.com\/people\/Notimemes-de-los-Polticos\/61565672886568\/","article_published_time":"2023-06-12T13:50:35+00:00","article_modified_time":"2023-06-12T13:50:41+00:00","og_image":[{"url":"https:\/\/lospoliticosveracruz.com.mx\/wp-content\/uploads\/2021\/10\/Zacauilt-150x300.jpg","type":"","width":"","height":""}],"author":"Lo viste en Los Pol\u00edticos","twitter_card":"summary_large_image","twitter_creator":"@LosPoliticosVer","twitter_site":"@LosPoliticosVer","twitter_misc":{"Escrito por":"Lo viste en Los Pol\u00edticos","Tiempo de lectura":"4 minutos"},"schema":{"@context":"https:\/\/schema.org","@graph":[{"@type":"Article","@id":"https:\/\/lospoliticosveracruz.com\/?p=107145#article","isPartOf":{"@id":"https:\/\/lospoliticosveracruz.com\/?p=107145"},"author":{"name":"Lo viste en Los Pol\u00edticos","@id":"https:\/\/lospoliticosveracruz.com\/#\/schema\/person\/b8702bb0e538456e6efd07080bf2a4a2"},"headline":"CRUEL EN INHUMANA MENTIRA PRESIDENCIAL","datePublished":"2023-06-12T13:50:35+00:00","dateModified":"2023-06-12T13:50:41+00:00","mainEntityOfPage":{"@id":"https:\/\/lospoliticosveracruz.com\/?p=107145"},"wordCount":785,"publisher":{"@id":"https:\/\/lospoliticosveracruz.com\/#organization"},"image":{"@id":"https:\/\/lospoliticosveracruz.com\/?p=107145#primaryimage"},"thumbnailUrl":"https:\/\/lospoliticosveracruz.com.mx\/wp-content\/uploads\/2021\/10\/Zacauilt-150x300.jpg","keywords":["Andr\u00e9s Manuel L\u00f3pez Obrador","Cuitl\u00e1huac Garc\u00eda Jim\u00e9nez","Morena","Veracruz"],"articleSection":["De Opini\u00f3n"],"inLanguage":"es"},{"@type":"WebPage","@id":"https:\/\/lospoliticosveracruz.com\/?p=107145","url":"https:\/\/lospoliticosveracruz.com\/?p=107145","name":"CRUEL EN INHUMANA MENTIRA PRESIDENCIAL - Los pol\u00edticos Veracruz","isPartOf":{"@id":"https:\/\/lospoliticosveracruz.com\/#website"},"primaryImageOfPage":{"@id":"https:\/\/lospoliticosveracruz.com\/?p=107145#primaryimage"},"image":{"@id":"https:\/\/lospoliticosveracruz.com\/?p=107145#primaryimage"},"thumbnailUrl":"https:\/\/lospoliticosveracruz.com.mx\/wp-content\/uploads\/2021\/10\/Zacauilt-150x300.jpg","datePublished":"2023-06-12T13:50:35+00:00","dateModified":"2023-06-12T13:50:41+00:00","breadcrumb":{"@id":"https:\/\/lospoliticosveracruz.com\/?p=107145#breadcrumb"},"inLanguage":"es","potentialAction":[{"@type":"ReadAction","target":["https:\/\/lospoliticosveracruz.com\/?p=107145"]}]},{"@type":"ImageObject","inLanguage":"es","@id":"https:\/\/lospoliticosveracruz.com\/?p=107145#primaryimage","url":"https:\/\/lospoliticosveracruz.com.mx\/wp-content\/uploads\/2021\/10\/Zacauilt-150x300.jpg","contentUrl":"https:\/\/lospoliticosveracruz.com.mx\/wp-content\/uploads\/2021\/10\/Zacauilt-150x300.jpg"},{"@type":"BreadcrumbList","@id":"https:\/\/lospoliticosveracruz.com\/?p=107145#breadcrumb","itemListElement":[{"@type":"ListItem","position":1,"name":"Portada","item":"https:\/\/lospoliticosveracruz.com\/"},{"@type":"ListItem","position":2,"name":"CRUEL EN INHUMANA MENTIRA PRESIDENCIAL"}]},{"@type":"WebSite","@id":"https:\/\/lospoliticosveracruz.com\/#website","url":"https:\/\/lospoliticosveracruz.com\/","name":"Los pol\u00edticos Veracruz","description":"","publisher":{"@id":"https:\/\/lospoliticosveracruz.com\/#organization"},"potentialAction":[{"@type":"SearchAction","target":{"@type":"EntryPoint","urlTemplate":"https:\/\/lospoliticosveracruz.com\/?s={search_term_string}"},"query-input":{"@type":"PropertyValueSpecification","valueRequired":true,"valueName":"search_term_string"}}],"inLanguage":"es"},{"@type":"Organization","@id":"https:\/\/lospoliticosveracruz.com\/#organization","name":"Los pol\u00edticos Veracruz","url":"https:\/\/lospoliticosveracruz.com\/","logo":{"@type":"ImageObject","inLanguage":"es","@id":"https:\/\/lospoliticosveracruz.com\/#\/schema\/logo\/image\/","url":"https:\/\/lospoliticosveracruz.com\/wp-content\/uploads\/2025\/12\/Logo-Nuevo-LOS-POLITICOS-1.jpg","contentUrl":"https:\/\/lospoliticosveracruz.com\/wp-content\/uploads\/2025\/12\/Logo-Nuevo-LOS-POLITICOS-1.jpg","width":260,"height":70,"caption":"Los pol\u00edticos Veracruz"},"image":{"@id":"https:\/\/lospoliticosveracruz.com\/#\/schema\/logo\/image\/"},"sameAs":["https:\/\/www.facebook.com\/people\/Notimemes-de-los-Polticos\/61565672886568\/","https:\/\/x.com\/LosPoliticosVer"]},{"@type":"Person","@id":"https:\/\/lospoliticosveracruz.com\/#\/schema\/person\/b8702bb0e538456e6efd07080bf2a4a2","name":"Lo viste en Los Pol\u00edticos","image":{"@type":"ImageObject","inLanguage":"es","@id":"https:\/\/secure.gravatar.com\/avatar\/3a8de04a2656d44082be478bd6c086daa447c4651605818287b9532d3d0bd435?s=96&d=mm&r=g","url":"https:\/\/secure.gravatar.com\/avatar\/3a8de04a2656d44082be478bd6c086daa447c4651605818287b9532d3d0bd435?s=96&d=mm&r=g","contentUrl":"https:\/\/secure.gravatar.com\/avatar\/3a8de04a2656d44082be478bd6c086daa447c4651605818287b9532d3d0bd435?s=96&d=mm&r=g","caption":"Lo viste en Los Pol\u00edticos"},"url":"https:\/\/lospoliticosveracruz.com\/?author=2"}]}},"_links":{"self":[{"href":"https:\/\/lospoliticosveracruz.com\/index.php?rest_route=\/wp\/v2\/posts\/107145","targetHints":{"allow":["GET"]}}],"collection":[{"href":"https:\/\/lospoliticosveracruz.com\/index.php?rest_route=\/wp\/v2\/posts"}],"about":[{"href":"https:\/\/lospoliticosveracruz.com\/index.php?rest_route=\/wp\/v2\/types\/post"}],"author":[{"embeddable":true,"href":"https:\/\/lospoliticosveracruz.com\/index.php?rest_route=\/wp\/v2\/users\/2"}],"replies":[{"embeddable":true,"href":"https:\/\/lospoliticosveracruz.com\/index.php?rest_route=%2Fwp%2Fv2%2Fcomments&post=107145"}],"version-history":[{"count":1,"href":"https:\/\/lospoliticosveracruz.com\/index.php?rest_route=\/wp\/v2\/posts\/107145\/revisions"}],"predecessor-version":[{"id":107146,"href":"https:\/\/lospoliticosveracruz.com\/index.php?rest_route=\/wp\/v2\/posts\/107145\/revisions\/107146"}],"wp:attachment":[{"href":"https:\/\/lospoliticosveracruz.com\/index.php?rest_route=%2Fwp%2Fv2%2Fmedia&parent=107145"}],"wp:term":[{"taxonomy":"category","embeddable":true,"href":"https:\/\/lospoliticosveracruz.com\/index.php?rest_route=%2Fwp%2Fv2%2Fcategories&post=107145"},{"taxonomy":"post_tag","embeddable":true,"href":"https:\/\/lospoliticosveracruz.com\/index.php?rest_route=%2Fwp%2Fv2%2Ftags&post=107145"}],"curies":[{"name":"wp","href":"https:\/\/api.w.org\/{rel}","templated":true}]}}