{"id":107159,"date":"2023-06-12T12:44:43","date_gmt":"2023-06-12T17:44:43","guid":{"rendered":"https:\/\/lospoliticosveracruz.com.mx\/?p=107159"},"modified":"2023-06-12T12:44:51","modified_gmt":"2023-06-12T17:44:51","slug":"mexico-silencioso","status":"publish","type":"post","link":"https:\/\/lospoliticosveracruz.com\/?p=107159","title":{"rendered":"MEXICO SILENCIOSO"},"content":{"rendered":"\n<p><strong>Vicente Luna Hern\u00e1ndez<\/strong><\/p>\n\n\n\n<p>Se habla que no hay medicinas en los hospitales, la canasta b\u00e1sica fuera del alcance de millones de hogares, obras fara\u00f3nicas que son un barril sin fondo de inyecci\u00f3n de recursos p\u00fablicos, la corrupci\u00f3n en varias dependencias del gobierno federal \u2013 SEGALMEX un ejemplo &#8211; ataques frontales contra instituciones aut\u00f3nomas por parte del Presidente y por lo consiguiente de sus aliados, el campo abandonado \u2013 eso dicen algunos representantes del sector \u2013 ambientalistas que han alzado la voz contra el tren maya, campa\u00f1as adelantadas impulsadas por quien impulso las reformas al art\u00edculo 134 constitucional en su momento \u2013 AMLO-, mismo art\u00edculo que se\u00f1ala y sanciona el desv\u00edo de recursos p\u00fablicos en promoci\u00f3n personal, la violencia incontrolable contra las mujeres y la violencia e inseguridad p\u00fablica que es una peste a nivel nacional, abuso del poder en gobiernos estatales \u2013 Veracruz es un ejemplo a nivel nacional &#8211; y M\u00e9xico\u2026silencioso.<\/p>\n\n\n\n<figure class=\"wp-block-image size-large\"><a href=\"https:\/\/lospoliticosveracruz.com.mx\/wp-content\/uploads\/2016\/07\/Seguro-Julio-Cerecedo-2.jpg\"><img decoding=\"async\" src=\"https:\/\/lospoliticosveracruz.com.mx\/wp-content\/uploads\/2016\/07\/Seguro-Julio-Cerecedo-2-1024x381.jpg\" alt=\"\" class=\"wp-image-105879\"\/><\/a><\/figure>\n\n\n\n<p>Lo cierto es que la influencia de las conferencias ma\u00f1aneras es parte fundamental del ejercicio del poder presidencial, el M\u00e9xico que est\u00e1 en la cabeza del Titular del Poder Ejecutivo lo repite miles de veces y tiene convencidos a sectores de la poblaci\u00f3n que se manifiesta de todas las formas posibles a favor del presidente &#8211; en un pa\u00eds de 126 millones de habitantes por encima del silencio de millones de ciudadanos &#8211; no del gobierno federal, parece lo mismo pero resulta muy caro.<\/p>\n\n\n\n<p>Lo cierto es que el proceso de sucesi\u00f3n presidencial tiene cerca de 2 a\u00f1os que inicio por encima de todos ordenamientos legales, la violaci\u00f3n sistem\u00e1tica de la ley en la materia est\u00e1 a la vista de M\u00e9xico y no pasa nada, ayer ya estuvieran las manifestaciones en las calles exigiendo la aplicaci\u00f3n de la ley para los adelantados, hoy esos que estaban en las calles son gobierno, esos que protestaban ejercen el poder y no hay reclamo alguno a sus excesos \u00bfest\u00e1 todo dicho rumbo al 2024?<\/p>\n\n\n\n<p>Si bien es cierto morena gano el Estado con el mayor padr\u00f3n del pa\u00eds, tambi\u00e9n es cierto que solo sali\u00f3 a votar el 50% de ciudadanos, esto significa en n\u00fameros concretos, que morena y aliados ganaron con 3 millones de 12, con el respaldo de 3 millones ganaron un estado importante electoralmente y econ\u00f3micamente pero ante el silencio de millones de ciudadanos que se mantuvieron al margen, lo que significa que \u2013 independientemente por quien salgan a votar -, es importante para nuestra democracia una mayor participaci\u00f3n ciudadana en los pr\u00f3ximos comicios electorales \u00bf a qui\u00e9n le conviene un M\u00e9xico silencioso?<\/p>\n\n\n\n<p>Es importante que la ciudadan\u00eda se manifieste de manera pac\u00edfica, es importante que las y los dem\u00e1s aspirantes a la candidatura presidencial de la oposici\u00f3n salgan de las comodidades de sus oficinas y caminen, discutan, debatan, propongan, se\u00f1alen, cuestionen, motiven al pueblo a participar de manera m\u00e1s activa, los aspirantes y partidos de oposici\u00f3n tienen la responsabilidad de se\u00f1alar los errores, deficiencias y actos de corrupci\u00f3n del gobierno que prometi\u00f3 y repite hasta el cansancio, que no son iguales a los gobiernos anteriores, aunque del dicho al hecho\u2026<\/p>\n\n\n\n<p>\u00bfM\u00e9xico paralizado? Dir\u00eda que hay un M\u00e9xico decepcionado, no solo por este gobierno sino por los partidos de oposici\u00f3n que no han querido o no sabido ser oposici\u00f3n, mismos que por temor y ambici\u00f3n han sido simples acompa\u00f1antes en este sexenio, no me refiero al trabajo llevado a cabo en el Congreso de la Uni\u00f3n, ah\u00ed han tenido participaciones importantes sus legisladores, me refiero a confrontar los excesos del poder del presidente, que sin rubor alguno hace y deshace sin control alguno, los contrapesos institucionales no han existido salvo sus honrosas excepciones y el INE y la Suprema Corte son ejemplo de ello.<\/p>\n\n\n\n<p>\u00bfM\u00e9xico silencioso? Hay millones de ciudadanos que se est\u00e1n organizando al margen de los partidos en sus respectivos radios de acci\u00f3n, ciudadanos alejados de los partidos pol\u00edticos pero conscientes que ambos bandos \u2013 partidos y ciudadanos &#8211; se necesitan y que deben sumar fuerzas si realmente quieren influir en el desarrollo de M\u00e9xico, ese M\u00e9xico silencioso hizo ruido en los momentos en que se decidi\u00f3 \u2013 la defensa del INE y de la Corte son ejemplo \u2013 sin embrago, tiene mucho que hacer a\u00fan, ese M\u00e9xico silencioso se debe articular desde los ejidos, las comunidades, las rancher\u00edas, los organismos empresariales, los patronatos, las mesas de padres de familias escolares, el municipio y todos los sectores sociales que no est\u00e1n conformes con el gobierno actual, organizarse es la clave, la indignaci\u00f3n ciudadana silenciosa debe pasar a la acci\u00f3n y Veracruz no debe ser la excepci\u00f3n.<\/p>\n\n\n\n<p>Seguro que entre m\u00e1s se vayan acercando las fechas de inicio del proceso electoral de manera legal \u2013 porque ya inicio desde hace 2 a\u00f1os de manera ilegal &#8212; habr\u00e1 mucho rudo, escandalo, mucha participaci\u00f3n social entusiasta, organizada, por el bien de la democracia, ese M\u00e9xico silencioso \u2013 ajeno a morena &#8211; debe alzar la voz y gritar a los 4 vientos el M\u00e9xico que quiere para el periodo 2024-2030\u2026no habr\u00e1 una 4 ni 5 transformaci\u00f3n con un M\u00e9xico silencioso.<\/p>\n\n\n\n<p>P.D.- Con el \u00e1nimo que la reuni\u00f3n de las y los consejeros del INE con el presidente sea de cooperaci\u00f3n no de sumisi\u00f3n\u2026Escribir\u00e9 otro d\u00eda.<\/p>\n","protected":false},"excerpt":{"rendered":"<p>Vicente Luna Hern\u00e1ndez Se habla que no hay medicinas en los hospitales, la canasta b\u00e1sica fuera del alcance de millones de hogares, obras fara\u00f3nicas que son un barril sin fondo de inyecci\u00f3n de recursos p\u00fablicos, la corrupci\u00f3n en varias dependencias del gobierno federal \u2013 SEGALMEX un ejemplo &#8211; ataques frontales contra instituciones aut\u00f3nomas por parte [&hellip;]<\/p>\n","protected":false},"author":2,"featured_media":0,"comment_status":"closed","ping_status":"closed","sticky":false,"template":"","format":"standard","meta":{"tdm_status":"","tdm_grid_status":"","footnotes":""},"categories":[70],"tags":[23869],"class_list":{"0":"post-107159","1":"post","2":"type-post","3":"status-publish","4":"format-standard","6":"category-de-opinion","7":"tag-segalmex"},"yoast_head":"<!-- This site is optimized with the Yoast SEO plugin v27.4 - https:\/\/yoast.com\/product\/yoast-seo-wordpress\/ -->\n<title>MEXICO SILENCIOSO - Los pol\u00edticos Veracruz<\/title>\n<meta name=\"robots\" content=\"index, follow, max-snippet:-1, max-image-preview:large, max-video-preview:-1\" \/>\n<link rel=\"canonical\" href=\"https:\/\/lospoliticosveracruz.com\/?p=107159\" \/>\n<meta property=\"og:locale\" content=\"es_ES\" \/>\n<meta property=\"og:type\" content=\"article\" \/>\n<meta property=\"og:title\" content=\"MEXICO SILENCIOSO - Los pol\u00edticos Veracruz\" \/>\n<meta property=\"og:description\" content=\"Vicente Luna Hern\u00e1ndez Se habla que no hay medicinas en los hospitales, la canasta b\u00e1sica fuera del alcance de millones de hogares, obras fara\u00f3nicas que son un barril sin fondo de inyecci\u00f3n de recursos p\u00fablicos, la corrupci\u00f3n en varias dependencias del gobierno federal \u2013 SEGALMEX un ejemplo &#8211; ataques frontales contra instituciones aut\u00f3nomas por parte [&hellip;]\" \/>\n<meta property=\"og:url\" content=\"https:\/\/lospoliticosveracruz.com\/?p=107159\" \/>\n<meta property=\"og:site_name\" content=\"Los pol\u00edticos Veracruz\" \/>\n<meta property=\"article:publisher\" content=\"https:\/\/www.facebook.com\/people\/Notimemes-de-los-Polticos\/61565672886568\/\" \/>\n<meta property=\"article:published_time\" content=\"2023-06-12T17:44:43+00:00\" \/>\n<meta property=\"article:modified_time\" content=\"2023-06-12T17:44:51+00:00\" \/>\n<meta property=\"og:image\" content=\"https:\/\/lospoliticosveracruz.com.mx\/wp-content\/uploads\/2016\/07\/Seguro-Julio-Cerecedo-2-1024x381.jpg\" \/>\n<meta name=\"author\" content=\"Lo viste en Los Pol\u00edticos\" \/>\n<meta name=\"twitter:card\" content=\"summary_large_image\" \/>\n<meta name=\"twitter:creator\" content=\"@LosPoliticosVer\" \/>\n<meta name=\"twitter:site\" content=\"@LosPoliticosVer\" \/>\n<meta name=\"twitter:label1\" content=\"Escrito por\" \/>\n\t<meta name=\"twitter:data1\" content=\"Lo viste en Los Pol\u00edticos\" \/>\n\t<meta name=\"twitter:label2\" content=\"Tiempo de lectura\" \/>\n\t<meta name=\"twitter:data2\" content=\"5 minutos\" \/>\n<script type=\"application\/ld+json\" class=\"yoast-schema-graph\">{\"@context\":\"https:\\\/\\\/schema.org\",\"@graph\":[{\"@type\":\"Article\",\"@id\":\"https:\\\/\\\/lospoliticosveracruz.com\\\/?p=107159#article\",\"isPartOf\":{\"@id\":\"https:\\\/\\\/lospoliticosveracruz.com\\\/?p=107159\"},\"author\":{\"name\":\"Lo viste en Los Pol\u00edticos\",\"@id\":\"https:\\\/\\\/lospoliticosveracruz.com\\\/#\\\/schema\\\/person\\\/b8702bb0e538456e6efd07080bf2a4a2\"},\"headline\":\"MEXICO SILENCIOSO\",\"datePublished\":\"2023-06-12T17:44:43+00:00\",\"dateModified\":\"2023-06-12T17:44:51+00:00\",\"mainEntityOfPage\":{\"@id\":\"https:\\\/\\\/lospoliticosveracruz.com\\\/?p=107159\"},\"wordCount\":923,\"publisher\":{\"@id\":\"https:\\\/\\\/lospoliticosveracruz.com\\\/#organization\"},\"image\":{\"@id\":\"https:\\\/\\\/lospoliticosveracruz.com\\\/?p=107159#primaryimage\"},\"thumbnailUrl\":\"https:\\\/\\\/lospoliticosveracruz.com.mx\\\/wp-content\\\/uploads\\\/2016\\\/07\\\/Seguro-Julio-Cerecedo-2-1024x381.jpg\",\"keywords\":[\"SEGALMEX\"],\"articleSection\":[\"De Opini\u00f3n\"],\"inLanguage\":\"es\"},{\"@type\":\"WebPage\",\"@id\":\"https:\\\/\\\/lospoliticosveracruz.com\\\/?p=107159\",\"url\":\"https:\\\/\\\/lospoliticosveracruz.com\\\/?p=107159\",\"name\":\"MEXICO SILENCIOSO - Los pol\u00edticos Veracruz\",\"isPartOf\":{\"@id\":\"https:\\\/\\\/lospoliticosveracruz.com\\\/#website\"},\"primaryImageOfPage\":{\"@id\":\"https:\\\/\\\/lospoliticosveracruz.com\\\/?p=107159#primaryimage\"},\"image\":{\"@id\":\"https:\\\/\\\/lospoliticosveracruz.com\\\/?p=107159#primaryimage\"},\"thumbnailUrl\":\"https:\\\/\\\/lospoliticosveracruz.com.mx\\\/wp-content\\\/uploads\\\/2016\\\/07\\\/Seguro-Julio-Cerecedo-2-1024x381.jpg\",\"datePublished\":\"2023-06-12T17:44:43+00:00\",\"dateModified\":\"2023-06-12T17:44:51+00:00\",\"breadcrumb\":{\"@id\":\"https:\\\/\\\/lospoliticosveracruz.com\\\/?p=107159#breadcrumb\"},\"inLanguage\":\"es\",\"potentialAction\":[{\"@type\":\"ReadAction\",\"target\":[\"https:\\\/\\\/lospoliticosveracruz.com\\\/?p=107159\"]}]},{\"@type\":\"ImageObject\",\"inLanguage\":\"es\",\"@id\":\"https:\\\/\\\/lospoliticosveracruz.com\\\/?p=107159#primaryimage\",\"url\":\"https:\\\/\\\/lospoliticosveracruz.com.mx\\\/wp-content\\\/uploads\\\/2016\\\/07\\\/Seguro-Julio-Cerecedo-2-1024x381.jpg\",\"contentUrl\":\"https:\\\/\\\/lospoliticosveracruz.com.mx\\\/wp-content\\\/uploads\\\/2016\\\/07\\\/Seguro-Julio-Cerecedo-2-1024x381.jpg\"},{\"@type\":\"BreadcrumbList\",\"@id\":\"https:\\\/\\\/lospoliticosveracruz.com\\\/?p=107159#breadcrumb\",\"itemListElement\":[{\"@type\":\"ListItem\",\"position\":1,\"name\":\"Portada\",\"item\":\"https:\\\/\\\/lospoliticosveracruz.com\\\/\"},{\"@type\":\"ListItem\",\"position\":2,\"name\":\"MEXICO SILENCIOSO\"}]},{\"@type\":\"WebSite\",\"@id\":\"https:\\\/\\\/lospoliticosveracruz.com\\\/#website\",\"url\":\"https:\\\/\\\/lospoliticosveracruz.com\\\/\",\"name\":\"Los pol\u00edticos Veracruz\",\"description\":\"\",\"publisher\":{\"@id\":\"https:\\\/\\\/lospoliticosveracruz.com\\\/#organization\"},\"potentialAction\":[{\"@type\":\"SearchAction\",\"target\":{\"@type\":\"EntryPoint\",\"urlTemplate\":\"https:\\\/\\\/lospoliticosveracruz.com\\\/?s={search_term_string}\"},\"query-input\":{\"@type\":\"PropertyValueSpecification\",\"valueRequired\":true,\"valueName\":\"search_term_string\"}}],\"inLanguage\":\"es\"},{\"@type\":\"Organization\",\"@id\":\"https:\\\/\\\/lospoliticosveracruz.com\\\/#organization\",\"name\":\"Los pol\u00edticos Veracruz\",\"url\":\"https:\\\/\\\/lospoliticosveracruz.com\\\/\",\"logo\":{\"@type\":\"ImageObject\",\"inLanguage\":\"es\",\"@id\":\"https:\\\/\\\/lospoliticosveracruz.com\\\/#\\\/schema\\\/logo\\\/image\\\/\",\"url\":\"https:\\\/\\\/lospoliticosveracruz.com\\\/wp-content\\\/uploads\\\/2025\\\/12\\\/Logo-Nuevo-LOS-POLITICOS-1.jpg\",\"contentUrl\":\"https:\\\/\\\/lospoliticosveracruz.com\\\/wp-content\\\/uploads\\\/2025\\\/12\\\/Logo-Nuevo-LOS-POLITICOS-1.jpg\",\"width\":260,\"height\":70,\"caption\":\"Los pol\u00edticos Veracruz\"},\"image\":{\"@id\":\"https:\\\/\\\/lospoliticosveracruz.com\\\/#\\\/schema\\\/logo\\\/image\\\/\"},\"sameAs\":[\"https:\\\/\\\/www.facebook.com\\\/people\\\/Notimemes-de-los-Polticos\\\/61565672886568\\\/\",\"https:\\\/\\\/x.com\\\/LosPoliticosVer\"]},{\"@type\":\"Person\",\"@id\":\"https:\\\/\\\/lospoliticosveracruz.com\\\/#\\\/schema\\\/person\\\/b8702bb0e538456e6efd07080bf2a4a2\",\"name\":\"Lo viste en Los Pol\u00edticos\",\"image\":{\"@type\":\"ImageObject\",\"inLanguage\":\"es\",\"@id\":\"https:\\\/\\\/secure.gravatar.com\\\/avatar\\\/3a8de04a2656d44082be478bd6c086daa447c4651605818287b9532d3d0bd435?s=96&d=mm&r=g\",\"url\":\"https:\\\/\\\/secure.gravatar.com\\\/avatar\\\/3a8de04a2656d44082be478bd6c086daa447c4651605818287b9532d3d0bd435?s=96&d=mm&r=g\",\"contentUrl\":\"https:\\\/\\\/secure.gravatar.com\\\/avatar\\\/3a8de04a2656d44082be478bd6c086daa447c4651605818287b9532d3d0bd435?s=96&d=mm&r=g\",\"caption\":\"Lo viste en Los Pol\u00edticos\"},\"url\":\"https:\\\/\\\/lospoliticosveracruz.com\\\/?author=2\"}]}<\/script>\n<!-- \/ Yoast SEO plugin. -->","yoast_head_json":{"title":"MEXICO SILENCIOSO - Los pol\u00edticos Veracruz","robots":{"index":"index","follow":"follow","max-snippet":"max-snippet:-1","max-image-preview":"max-image-preview:large","max-video-preview":"max-video-preview:-1"},"canonical":"https:\/\/lospoliticosveracruz.com\/?p=107159","og_locale":"es_ES","og_type":"article","og_title":"MEXICO SILENCIOSO - Los pol\u00edticos Veracruz","og_description":"Vicente Luna Hern\u00e1ndez Se habla que no hay medicinas en los hospitales, la canasta b\u00e1sica fuera del alcance de millones de hogares, obras fara\u00f3nicas que son un barril sin fondo de inyecci\u00f3n de recursos p\u00fablicos, la corrupci\u00f3n en varias dependencias del gobierno federal \u2013 SEGALMEX un ejemplo &#8211; ataques frontales contra instituciones aut\u00f3nomas por parte [&hellip;]","og_url":"https:\/\/lospoliticosveracruz.com\/?p=107159","og_site_name":"Los pol\u00edticos Veracruz","article_publisher":"https:\/\/www.facebook.com\/people\/Notimemes-de-los-Polticos\/61565672886568\/","article_published_time":"2023-06-12T17:44:43+00:00","article_modified_time":"2023-06-12T17:44:51+00:00","og_image":[{"url":"https:\/\/lospoliticosveracruz.com.mx\/wp-content\/uploads\/2016\/07\/Seguro-Julio-Cerecedo-2-1024x381.jpg","type":"","width":"","height":""}],"author":"Lo viste en Los Pol\u00edticos","twitter_card":"summary_large_image","twitter_creator":"@LosPoliticosVer","twitter_site":"@LosPoliticosVer","twitter_misc":{"Escrito por":"Lo viste en Los Pol\u00edticos","Tiempo de lectura":"5 minutos"},"schema":{"@context":"https:\/\/schema.org","@graph":[{"@type":"Article","@id":"https:\/\/lospoliticosveracruz.com\/?p=107159#article","isPartOf":{"@id":"https:\/\/lospoliticosveracruz.com\/?p=107159"},"author":{"name":"Lo viste en Los Pol\u00edticos","@id":"https:\/\/lospoliticosveracruz.com\/#\/schema\/person\/b8702bb0e538456e6efd07080bf2a4a2"},"headline":"MEXICO SILENCIOSO","datePublished":"2023-06-12T17:44:43+00:00","dateModified":"2023-06-12T17:44:51+00:00","mainEntityOfPage":{"@id":"https:\/\/lospoliticosveracruz.com\/?p=107159"},"wordCount":923,"publisher":{"@id":"https:\/\/lospoliticosveracruz.com\/#organization"},"image":{"@id":"https:\/\/lospoliticosveracruz.com\/?p=107159#primaryimage"},"thumbnailUrl":"https:\/\/lospoliticosveracruz.com.mx\/wp-content\/uploads\/2016\/07\/Seguro-Julio-Cerecedo-2-1024x381.jpg","keywords":["SEGALMEX"],"articleSection":["De Opini\u00f3n"],"inLanguage":"es"},{"@type":"WebPage","@id":"https:\/\/lospoliticosveracruz.com\/?p=107159","url":"https:\/\/lospoliticosveracruz.com\/?p=107159","name":"MEXICO SILENCIOSO - Los pol\u00edticos Veracruz","isPartOf":{"@id":"https:\/\/lospoliticosveracruz.com\/#website"},"primaryImageOfPage":{"@id":"https:\/\/lospoliticosveracruz.com\/?p=107159#primaryimage"},"image":{"@id":"https:\/\/lospoliticosveracruz.com\/?p=107159#primaryimage"},"thumbnailUrl":"https:\/\/lospoliticosveracruz.com.mx\/wp-content\/uploads\/2016\/07\/Seguro-Julio-Cerecedo-2-1024x381.jpg","datePublished":"2023-06-12T17:44:43+00:00","dateModified":"2023-06-12T17:44:51+00:00","breadcrumb":{"@id":"https:\/\/lospoliticosveracruz.com\/?p=107159#breadcrumb"},"inLanguage":"es","potentialAction":[{"@type":"ReadAction","target":["https:\/\/lospoliticosveracruz.com\/?p=107159"]}]},{"@type":"ImageObject","inLanguage":"es","@id":"https:\/\/lospoliticosveracruz.com\/?p=107159#primaryimage","url":"https:\/\/lospoliticosveracruz.com.mx\/wp-content\/uploads\/2016\/07\/Seguro-Julio-Cerecedo-2-1024x381.jpg","contentUrl":"https:\/\/lospoliticosveracruz.com.mx\/wp-content\/uploads\/2016\/07\/Seguro-Julio-Cerecedo-2-1024x381.jpg"},{"@type":"BreadcrumbList","@id":"https:\/\/lospoliticosveracruz.com\/?p=107159#breadcrumb","itemListElement":[{"@type":"ListItem","position":1,"name":"Portada","item":"https:\/\/lospoliticosveracruz.com\/"},{"@type":"ListItem","position":2,"name":"MEXICO SILENCIOSO"}]},{"@type":"WebSite","@id":"https:\/\/lospoliticosveracruz.com\/#website","url":"https:\/\/lospoliticosveracruz.com\/","name":"Los pol\u00edticos Veracruz","description":"","publisher":{"@id":"https:\/\/lospoliticosveracruz.com\/#organization"},"potentialAction":[{"@type":"SearchAction","target":{"@type":"EntryPoint","urlTemplate":"https:\/\/lospoliticosveracruz.com\/?s={search_term_string}"},"query-input":{"@type":"PropertyValueSpecification","valueRequired":true,"valueName":"search_term_string"}}],"inLanguage":"es"},{"@type":"Organization","@id":"https:\/\/lospoliticosveracruz.com\/#organization","name":"Los pol\u00edticos Veracruz","url":"https:\/\/lospoliticosveracruz.com\/","logo":{"@type":"ImageObject","inLanguage":"es","@id":"https:\/\/lospoliticosveracruz.com\/#\/schema\/logo\/image\/","url":"https:\/\/lospoliticosveracruz.com\/wp-content\/uploads\/2025\/12\/Logo-Nuevo-LOS-POLITICOS-1.jpg","contentUrl":"https:\/\/lospoliticosveracruz.com\/wp-content\/uploads\/2025\/12\/Logo-Nuevo-LOS-POLITICOS-1.jpg","width":260,"height":70,"caption":"Los pol\u00edticos Veracruz"},"image":{"@id":"https:\/\/lospoliticosveracruz.com\/#\/schema\/logo\/image\/"},"sameAs":["https:\/\/www.facebook.com\/people\/Notimemes-de-los-Polticos\/61565672886568\/","https:\/\/x.com\/LosPoliticosVer"]},{"@type":"Person","@id":"https:\/\/lospoliticosveracruz.com\/#\/schema\/person\/b8702bb0e538456e6efd07080bf2a4a2","name":"Lo viste en Los Pol\u00edticos","image":{"@type":"ImageObject","inLanguage":"es","@id":"https:\/\/secure.gravatar.com\/avatar\/3a8de04a2656d44082be478bd6c086daa447c4651605818287b9532d3d0bd435?s=96&d=mm&r=g","url":"https:\/\/secure.gravatar.com\/avatar\/3a8de04a2656d44082be478bd6c086daa447c4651605818287b9532d3d0bd435?s=96&d=mm&r=g","contentUrl":"https:\/\/secure.gravatar.com\/avatar\/3a8de04a2656d44082be478bd6c086daa447c4651605818287b9532d3d0bd435?s=96&d=mm&r=g","caption":"Lo viste en Los Pol\u00edticos"},"url":"https:\/\/lospoliticosveracruz.com\/?author=2"}]}},"_links":{"self":[{"href":"https:\/\/lospoliticosveracruz.com\/index.php?rest_route=\/wp\/v2\/posts\/107159","targetHints":{"allow":["GET"]}}],"collection":[{"href":"https:\/\/lospoliticosveracruz.com\/index.php?rest_route=\/wp\/v2\/posts"}],"about":[{"href":"https:\/\/lospoliticosveracruz.com\/index.php?rest_route=\/wp\/v2\/types\/post"}],"author":[{"embeddable":true,"href":"https:\/\/lospoliticosveracruz.com\/index.php?rest_route=\/wp\/v2\/users\/2"}],"replies":[{"embeddable":true,"href":"https:\/\/lospoliticosveracruz.com\/index.php?rest_route=%2Fwp%2Fv2%2Fcomments&post=107159"}],"version-history":[{"count":1,"href":"https:\/\/lospoliticosveracruz.com\/index.php?rest_route=\/wp\/v2\/posts\/107159\/revisions"}],"predecessor-version":[{"id":107160,"href":"https:\/\/lospoliticosveracruz.com\/index.php?rest_route=\/wp\/v2\/posts\/107159\/revisions\/107160"}],"wp:attachment":[{"href":"https:\/\/lospoliticosveracruz.com\/index.php?rest_route=%2Fwp%2Fv2%2Fmedia&parent=107159"}],"wp:term":[{"taxonomy":"category","embeddable":true,"href":"https:\/\/lospoliticosveracruz.com\/index.php?rest_route=%2Fwp%2Fv2%2Fcategories&post=107159"},{"taxonomy":"post_tag","embeddable":true,"href":"https:\/\/lospoliticosveracruz.com\/index.php?rest_route=%2Fwp%2Fv2%2Ftags&post=107159"}],"curies":[{"name":"wp","href":"https:\/\/api.w.org\/{rel}","templated":true}]}}