{"id":107190,"date":"2023-06-12T17:38:59","date_gmt":"2023-06-12T22:38:59","guid":{"rendered":"https:\/\/lospoliticosveracruz.com.mx\/?p=107190"},"modified":"2023-06-12T17:39:11","modified_gmt":"2023-06-12T22:39:11","slug":"para-tener-dulces-suenos","status":"publish","type":"post","link":"https:\/\/lospoliticosveracruz.com\/?p=107190","title":{"rendered":"PARA TENER DULCES SUE\u00d1OS"},"content":{"rendered":"\n<p><strong>Jorge Arturo Rodr\u00edguez<\/strong><\/p>\n\n\n\n<p><em>Tierra de Babel<\/em><\/p>\n\n\n\n<p>\u201cLas \u2018corcholatas\u2019 est\u00e1n desatadas y ch\u00fatatelas ahora\u201d, me dice mi amigo el taxista, Cris\u00f3foro, mientras me lleva a la central de autobuses. \u201cY ya sabe, patr\u00f3n, s\u00f3lo una ser\u00e1 destapada, y las otras o los otros, saldr\u00e1n como tap\u00f3n de sidra. Es la misma gata pero revolcada, como solemos decir, pero a m\u00ed lo que me da tristeza es que la gente no piense y se deje llevar por migajas, claro, cada quien le echa ganas pa\u2019 ganarse la chuleta, \u00bfo no mi patr\u00f3n?\u201d Siento que mi amigo Cris\u00f3foro anda encabronado, le mete el acelerador a la carcacha rumbo a la chingada, pienso.\u00a0<br><\/p>\n\n\n<div class=\"wp-block-image\">\n<figure class=\"alignleft size-medium\"><a href=\"https:\/\/lospoliticosveracruz.com.mx\/wp-content\/uploads\/2021\/10\/WhatsApp-Image-2021-10-02-at-15.20.25.jpeg\"><img loading=\"lazy\" decoding=\"async\" width=\"212\" height=\"300\" src=\"https:\/\/lospoliticosveracruz.com.mx\/wp-content\/uploads\/2021\/10\/WhatsApp-Image-2021-10-02-at-15.20.25-212x300.jpeg\" alt=\"\" class=\"wp-image-80177\" srcset=\"https:\/\/lospoliticosveracruz.com\/wp-content\/uploads\/2021\/10\/WhatsApp-Image-2021-10-02-at-15.20.25-212x300.jpeg 212w, https:\/\/lospoliticosveracruz.com\/wp-content\/uploads\/2021\/10\/WhatsApp-Image-2021-10-02-at-15.20.25-724x1024.jpeg 724w, https:\/\/lospoliticosveracruz.com\/wp-content\/uploads\/2021\/10\/WhatsApp-Image-2021-10-02-at-15.20.25-768x1086.jpeg 768w, https:\/\/lospoliticosveracruz.com\/wp-content\/uploads\/2021\/10\/WhatsApp-Image-2021-10-02-at-15.20.25.jpeg 905w\" sizes=\"auto, (max-width: 212px) 100vw, 212px\" \/><\/a><\/figure>\n<\/div>\n\n\n<p>Se detiene en el sem\u00e1foro en rojo y me dice: \u201cPor cierto, patroncito, creo que s\u00ed sabe que el 12 de junio es D\u00eda Mundial contra el Trabajo Infantil, pero no entiendo porque cada vez veo m\u00e1s chamaquitas y chamaquitos en la calle trabajando en lo que pueden o en lo que les obligan o esclavizan, vaya usted a saber, ya no sabemos si realmente sufren de pobreza u otra cosa\u201d. Como corroborando lo que acaba de decir mi amigo Cris\u00f3foro, unos ni\u00f1os se acercan a la ventanilla trasera del auto y me ofrecen chicles, dulces, galletas, cigarrillos y un chingo de pendejadillas que, hay que aceptarlo, consumimos muchos mexicanos. No hay para m\u00e1s, caray.<\/p>\n\n\n\n<p>Hace una semana el Senado de la Rep\u00fablica revel\u00f3 que en M\u00e9xico 3.2 millones menores de edad se encuentran en situaci\u00f3n de trabajo infantil, de los cuales dos millones lo hacen en ocupaci\u00f3n no permitida, mientras que 1.2 millones realizan quehaceres dom\u00e9sticos en condiciones no adecuadas. Y detall\u00f3 que 463 mil menores realizan actividades peligrosas y trabajan m\u00e1s de 36 horas a la semana.<\/p>\n\n\n\n<p>El estudio afirma que Oaxaca tiene el porcentaje m\u00e1s alto; en n\u00fameros absolutos lo superan Puebla y Estado de M\u00e9xico. Chiapas, Veracruz, Michoac\u00e1n, Jalisco y Guanajuato registraron m\u00e1s de 100 mil ni\u00f1os, ni\u00f1as y adolescentes trabajadores. \u00a1Madres! \u00bfCu\u00e1nto tiempo m\u00e1s necesitamos, es decir, cu\u00e1ntos sexenios m\u00e1s necesitamos para desterrar la pobreza, las desigualdades y el embobamiento de un mundo feliz?<\/p>\n\n\n\n<p>Cris\u00f3foro, mi amigo el taxista, conocedor por lectura y experiencia, se enfila hacia la central camionera y me comenta: \u201cNo se me ag\u00fcite, patroncito, este es el M\u00e9xico que queremos, f\u00edjese nom\u00e1s que me llevo bien con la directora de Matraca, creo que es Movimiento de Apoyo a Ni\u00f1os Trabajadores de la Calle, la licenciada Erika Antonio Blanco, bueno, no s\u00e9 si sea licenciada, pero eso no importa, y me dio unos datos, otros datos\u201d. Cris\u00f3foro se carcajea y contin\u00faa: \u201cMe dijo que el n\u00famero de migrantes menores de edad aument\u00f3 en calles y cruceros de la ciudad de Xalapa, algunos son del pa\u00eds, otros de Honduras y Venezuela. Y f\u00edjese, me dijo que en el centro vemos chiapanecos, oaxaque\u00f1os que vienen del interior de la Rep\u00fablica, hay muchas ni\u00f1as que venden artesan\u00edas como blusas bordadas, pero est\u00e1n en constante movimiento. Y, la verdad, patroncito, yo veo un chingo de chilpayates aqu\u00ed y all\u00e1, \u00bfy qu\u00e9 madres hace el gobierno?\u201d<\/p>\n\n\n\n<p>No le contesto, hemos llegado a mi destino, le pago y le digo: \u201cCu\u00eddese Cris\u00f3foro, hasta luego\u201d. En el autob\u00fas rumbo a Puebla, me adormezco y se me viene a la memoria la pregunta que escuch\u00e9 alg\u00fan d\u00eda: \u201c\u00bfPor qu\u00e9 algunos ni\u00f1os ponen az\u00facar debajo de la almohada? Para tener dulces sue\u00f1os.\u201d<\/p>\n\n\n\n<p>\u201c\u00a1Qu\u00e9 pinche mundo!\u201d, pienso. Y me quedo dormido.<\/p>\n\n\n\n<p>Los d\u00edas y los temas<\/p>\n\n\n\n<p>Para variar, el Inegi informa que \u201cla forma de vestir, el peso y la estatura son los elementos por los que los mexicanos se sienten m\u00e1s discriminados en el pa\u00eds, algo que se agudiza por factores como el tono de piel, la pertenencia a una comunidad ind\u00edgena o el ser migrante.\u201d<\/p>\n\n\n\n<p>Agrega: \u201cEn 2022, 23.7% de pobladores del pa\u00eds reportaron experimentar alg\u00fan acto de discriminaci\u00f3n en su contra, un aumento respecto al 2017, donde la prevalencia fue de 20.2%.\u201d<\/p>\n\n\n\n<p>\u00a1M\u00e9xico lindo y querido! Ya lo han dicho: \u00a1M\u00e9xico lindo y qu\u00e9 herido! Pero vendr\u00e1n sexenios mejores, ya lo ver\u00e1n.<\/p>\n\n\n\n<p>De cinismo y anexas<\/p>\n\n\n\n<p>Vaya, la dicha de la ni\u00f1ez, aunque no siempre, ni la dicha ni la ni\u00f1ez. En fin, mientras les dejo lo siguiente.<\/p>\n\n\n\n<p>-\u00bfQu\u00e9 le dice un techo a otro?<\/p>\n\n\n\n<p>-Techo de menos.<\/p>\n\n\n\n<p>***<\/p>\n\n\n\n<p>El profesor le pregunta a Jaimito:<\/p>\n\n\n\n<p>-\u00bfC\u00f3mo suena la M con la A?<\/p>\n\n\n\n<p>-Ma.<\/p>\n\n\n\n<p>-Muy bien. Y si le colocas una tilde, \u00bfc\u00f3mo suena?<\/p>\n\n\n\n<p>-Matilde.<\/p>\n\n\n\n<p>***<\/p>\n\n\n\n<p>Va un ni\u00f1o peque\u00f1o por la calle, perdido, y se dirige a un guardia para pedirle informaci\u00f3n sobre sus padres:<\/p>\n\n\n\n<p>-Oiga se\u00f1or, \u00bfno habr\u00e1 visto usted a una se\u00f1ora sin un ni\u00f1o como yo?<\/p>\n\n\n\n<p>***<\/p>\n\n\n\n<p>Dos ni\u00f1os charlan tras un examen:<\/p>\n\n\n\n<p>-\u00bfQu\u00e9 tal te ha salido?<\/p>\n\n\n\n<p>&#8211; Fatal, lo he dejado en blanco. \u00bfY a ti?<\/p>\n\n\n\n<p>-\u00a1A m\u00ed igual! \u00a1Van a pensar que nos hemos copiado!<\/p>\n\n\n\n<p>Hasta la pr\u00f3xima.<\/p>\n","protected":false},"excerpt":{"rendered":"<p>Jorge Arturo Rodr\u00edguez Tierra de Babel \u201cLas \u2018corcholatas\u2019 est\u00e1n desatadas y ch\u00fatatelas ahora\u201d, me dice mi amigo el taxista, Cris\u00f3foro, mientras me lleva a la central de autobuses. \u201cY ya sabe, patr\u00f3n, s\u00f3lo una ser\u00e1 destapada, y las otras o los otros, saldr\u00e1n como tap\u00f3n de sidra. Es la misma gata pero revolcada, como solemos [&hellip;]<\/p>\n","protected":false},"author":2,"featured_media":0,"comment_status":"closed","ping_status":"closed","sticky":false,"template":"","format":"standard","meta":{"tdm_status":"","tdm_grid_status":"","footnotes":""},"categories":[70],"tags":[8548],"class_list":{"0":"post-107190","1":"post","2":"type-post","3":"status-publish","4":"format-standard","6":"category-de-opinion","7":"tag-dia-mundial-contra-el-trabajo-infantil"},"yoast_head":"<!-- This site is optimized with the Yoast SEO plugin v27.4 - https:\/\/yoast.com\/product\/yoast-seo-wordpress\/ -->\n<title>PARA TENER DULCES SUE\u00d1OS - Los pol\u00edticos Veracruz<\/title>\n<meta name=\"robots\" content=\"index, follow, max-snippet:-1, max-image-preview:large, max-video-preview:-1\" \/>\n<link rel=\"canonical\" href=\"https:\/\/lospoliticosveracruz.com\/?p=107190\" \/>\n<meta property=\"og:locale\" content=\"es_ES\" \/>\n<meta property=\"og:type\" content=\"article\" \/>\n<meta property=\"og:title\" content=\"PARA TENER DULCES SUE\u00d1OS - Los pol\u00edticos Veracruz\" \/>\n<meta property=\"og:description\" content=\"Jorge Arturo Rodr\u00edguez Tierra de Babel \u201cLas \u2018corcholatas\u2019 est\u00e1n desatadas y ch\u00fatatelas ahora\u201d, me dice mi amigo el taxista, Cris\u00f3foro, mientras me lleva a la central de autobuses. \u201cY ya sabe, patr\u00f3n, s\u00f3lo una ser\u00e1 destapada, y las otras o los otros, saldr\u00e1n como tap\u00f3n de sidra. Es la misma gata pero revolcada, como solemos [&hellip;]\" \/>\n<meta property=\"og:url\" content=\"https:\/\/lospoliticosveracruz.com\/?p=107190\" \/>\n<meta property=\"og:site_name\" content=\"Los pol\u00edticos Veracruz\" \/>\n<meta property=\"article:publisher\" content=\"https:\/\/www.facebook.com\/people\/Notimemes-de-los-Polticos\/61565672886568\/\" \/>\n<meta property=\"article:published_time\" content=\"2023-06-12T22:38:59+00:00\" \/>\n<meta property=\"article:modified_time\" content=\"2023-06-12T22:39:11+00:00\" \/>\n<meta property=\"og:image\" content=\"https:\/\/lospoliticosveracruz.com.mx\/wp-content\/uploads\/2021\/10\/WhatsApp-Image-2021-10-02-at-15.20.25-212x300.jpeg\" \/>\n<meta name=\"author\" content=\"Lo viste en Los Pol\u00edticos\" \/>\n<meta name=\"twitter:card\" content=\"summary_large_image\" \/>\n<meta name=\"twitter:creator\" content=\"@LosPoliticosVer\" \/>\n<meta name=\"twitter:site\" content=\"@LosPoliticosVer\" \/>\n<meta name=\"twitter:label1\" content=\"Escrito por\" \/>\n\t<meta name=\"twitter:data1\" content=\"Lo viste en Los Pol\u00edticos\" \/>\n\t<meta name=\"twitter:label2\" content=\"Tiempo de lectura\" \/>\n\t<meta name=\"twitter:data2\" content=\"4 minutos\" \/>\n<script type=\"application\/ld+json\" class=\"yoast-schema-graph\">{\"@context\":\"https:\\\/\\\/schema.org\",\"@graph\":[{\"@type\":\"Article\",\"@id\":\"https:\\\/\\\/lospoliticosveracruz.com\\\/?p=107190#article\",\"isPartOf\":{\"@id\":\"https:\\\/\\\/lospoliticosveracruz.com\\\/?p=107190\"},\"author\":{\"name\":\"Lo viste en Los Pol\u00edticos\",\"@id\":\"https:\\\/\\\/lospoliticosveracruz.com\\\/#\\\/schema\\\/person\\\/b8702bb0e538456e6efd07080bf2a4a2\"},\"headline\":\"PARA TENER DULCES SUE\u00d1OS\",\"datePublished\":\"2023-06-12T22:38:59+00:00\",\"dateModified\":\"2023-06-12T22:39:11+00:00\",\"mainEntityOfPage\":{\"@id\":\"https:\\\/\\\/lospoliticosveracruz.com\\\/?p=107190\"},\"wordCount\":880,\"publisher\":{\"@id\":\"https:\\\/\\\/lospoliticosveracruz.com\\\/#organization\"},\"image\":{\"@id\":\"https:\\\/\\\/lospoliticosveracruz.com\\\/?p=107190#primaryimage\"},\"thumbnailUrl\":\"https:\\\/\\\/lospoliticosveracruz.com.mx\\\/wp-content\\\/uploads\\\/2021\\\/10\\\/WhatsApp-Image-2021-10-02-at-15.20.25-212x300.jpeg\",\"keywords\":[\"D\u00eda mundial contra el trabajo infantil\"],\"articleSection\":[\"De Opini\u00f3n\"],\"inLanguage\":\"es\"},{\"@type\":\"WebPage\",\"@id\":\"https:\\\/\\\/lospoliticosveracruz.com\\\/?p=107190\",\"url\":\"https:\\\/\\\/lospoliticosveracruz.com\\\/?p=107190\",\"name\":\"PARA TENER DULCES SUE\u00d1OS - Los pol\u00edticos Veracruz\",\"isPartOf\":{\"@id\":\"https:\\\/\\\/lospoliticosveracruz.com\\\/#website\"},\"primaryImageOfPage\":{\"@id\":\"https:\\\/\\\/lospoliticosveracruz.com\\\/?p=107190#primaryimage\"},\"image\":{\"@id\":\"https:\\\/\\\/lospoliticosveracruz.com\\\/?p=107190#primaryimage\"},\"thumbnailUrl\":\"https:\\\/\\\/lospoliticosveracruz.com.mx\\\/wp-content\\\/uploads\\\/2021\\\/10\\\/WhatsApp-Image-2021-10-02-at-15.20.25-212x300.jpeg\",\"datePublished\":\"2023-06-12T22:38:59+00:00\",\"dateModified\":\"2023-06-12T22:39:11+00:00\",\"breadcrumb\":{\"@id\":\"https:\\\/\\\/lospoliticosveracruz.com\\\/?p=107190#breadcrumb\"},\"inLanguage\":\"es\",\"potentialAction\":[{\"@type\":\"ReadAction\",\"target\":[\"https:\\\/\\\/lospoliticosveracruz.com\\\/?p=107190\"]}]},{\"@type\":\"ImageObject\",\"inLanguage\":\"es\",\"@id\":\"https:\\\/\\\/lospoliticosveracruz.com\\\/?p=107190#primaryimage\",\"url\":\"https:\\\/\\\/lospoliticosveracruz.com.mx\\\/wp-content\\\/uploads\\\/2021\\\/10\\\/WhatsApp-Image-2021-10-02-at-15.20.25-212x300.jpeg\",\"contentUrl\":\"https:\\\/\\\/lospoliticosveracruz.com.mx\\\/wp-content\\\/uploads\\\/2021\\\/10\\\/WhatsApp-Image-2021-10-02-at-15.20.25-212x300.jpeg\"},{\"@type\":\"BreadcrumbList\",\"@id\":\"https:\\\/\\\/lospoliticosveracruz.com\\\/?p=107190#breadcrumb\",\"itemListElement\":[{\"@type\":\"ListItem\",\"position\":1,\"name\":\"Portada\",\"item\":\"https:\\\/\\\/lospoliticosveracruz.com\\\/\"},{\"@type\":\"ListItem\",\"position\":2,\"name\":\"PARA TENER DULCES SUE\u00d1OS\"}]},{\"@type\":\"WebSite\",\"@id\":\"https:\\\/\\\/lospoliticosveracruz.com\\\/#website\",\"url\":\"https:\\\/\\\/lospoliticosveracruz.com\\\/\",\"name\":\"Los pol\u00edticos Veracruz\",\"description\":\"\",\"publisher\":{\"@id\":\"https:\\\/\\\/lospoliticosveracruz.com\\\/#organization\"},\"potentialAction\":[{\"@type\":\"SearchAction\",\"target\":{\"@type\":\"EntryPoint\",\"urlTemplate\":\"https:\\\/\\\/lospoliticosveracruz.com\\\/?s={search_term_string}\"},\"query-input\":{\"@type\":\"PropertyValueSpecification\",\"valueRequired\":true,\"valueName\":\"search_term_string\"}}],\"inLanguage\":\"es\"},{\"@type\":\"Organization\",\"@id\":\"https:\\\/\\\/lospoliticosveracruz.com\\\/#organization\",\"name\":\"Los pol\u00edticos Veracruz\",\"url\":\"https:\\\/\\\/lospoliticosveracruz.com\\\/\",\"logo\":{\"@type\":\"ImageObject\",\"inLanguage\":\"es\",\"@id\":\"https:\\\/\\\/lospoliticosveracruz.com\\\/#\\\/schema\\\/logo\\\/image\\\/\",\"url\":\"https:\\\/\\\/lospoliticosveracruz.com\\\/wp-content\\\/uploads\\\/2025\\\/12\\\/Logo-Nuevo-LOS-POLITICOS-1.jpg\",\"contentUrl\":\"https:\\\/\\\/lospoliticosveracruz.com\\\/wp-content\\\/uploads\\\/2025\\\/12\\\/Logo-Nuevo-LOS-POLITICOS-1.jpg\",\"width\":260,\"height\":70,\"caption\":\"Los pol\u00edticos Veracruz\"},\"image\":{\"@id\":\"https:\\\/\\\/lospoliticosveracruz.com\\\/#\\\/schema\\\/logo\\\/image\\\/\"},\"sameAs\":[\"https:\\\/\\\/www.facebook.com\\\/people\\\/Notimemes-de-los-Polticos\\\/61565672886568\\\/\",\"https:\\\/\\\/x.com\\\/LosPoliticosVer\"]},{\"@type\":\"Person\",\"@id\":\"https:\\\/\\\/lospoliticosveracruz.com\\\/#\\\/schema\\\/person\\\/b8702bb0e538456e6efd07080bf2a4a2\",\"name\":\"Lo viste en Los Pol\u00edticos\",\"image\":{\"@type\":\"ImageObject\",\"inLanguage\":\"es\",\"@id\":\"https:\\\/\\\/secure.gravatar.com\\\/avatar\\\/3a8de04a2656d44082be478bd6c086daa447c4651605818287b9532d3d0bd435?s=96&d=mm&r=g\",\"url\":\"https:\\\/\\\/secure.gravatar.com\\\/avatar\\\/3a8de04a2656d44082be478bd6c086daa447c4651605818287b9532d3d0bd435?s=96&d=mm&r=g\",\"contentUrl\":\"https:\\\/\\\/secure.gravatar.com\\\/avatar\\\/3a8de04a2656d44082be478bd6c086daa447c4651605818287b9532d3d0bd435?s=96&d=mm&r=g\",\"caption\":\"Lo viste en Los Pol\u00edticos\"},\"url\":\"https:\\\/\\\/lospoliticosveracruz.com\\\/?author=2\"}]}<\/script>\n<!-- \/ Yoast SEO plugin. -->","yoast_head_json":{"title":"PARA TENER DULCES SUE\u00d1OS - Los pol\u00edticos Veracruz","robots":{"index":"index","follow":"follow","max-snippet":"max-snippet:-1","max-image-preview":"max-image-preview:large","max-video-preview":"max-video-preview:-1"},"canonical":"https:\/\/lospoliticosveracruz.com\/?p=107190","og_locale":"es_ES","og_type":"article","og_title":"PARA TENER DULCES SUE\u00d1OS - Los pol\u00edticos Veracruz","og_description":"Jorge Arturo Rodr\u00edguez Tierra de Babel \u201cLas \u2018corcholatas\u2019 est\u00e1n desatadas y ch\u00fatatelas ahora\u201d, me dice mi amigo el taxista, Cris\u00f3foro, mientras me lleva a la central de autobuses. \u201cY ya sabe, patr\u00f3n, s\u00f3lo una ser\u00e1 destapada, y las otras o los otros, saldr\u00e1n como tap\u00f3n de sidra. Es la misma gata pero revolcada, como solemos [&hellip;]","og_url":"https:\/\/lospoliticosveracruz.com\/?p=107190","og_site_name":"Los pol\u00edticos Veracruz","article_publisher":"https:\/\/www.facebook.com\/people\/Notimemes-de-los-Polticos\/61565672886568\/","article_published_time":"2023-06-12T22:38:59+00:00","article_modified_time":"2023-06-12T22:39:11+00:00","og_image":[{"url":"https:\/\/lospoliticosveracruz.com.mx\/wp-content\/uploads\/2021\/10\/WhatsApp-Image-2021-10-02-at-15.20.25-212x300.jpeg","type":"","width":"","height":""}],"author":"Lo viste en Los Pol\u00edticos","twitter_card":"summary_large_image","twitter_creator":"@LosPoliticosVer","twitter_site":"@LosPoliticosVer","twitter_misc":{"Escrito por":"Lo viste en Los Pol\u00edticos","Tiempo de lectura":"4 minutos"},"schema":{"@context":"https:\/\/schema.org","@graph":[{"@type":"Article","@id":"https:\/\/lospoliticosveracruz.com\/?p=107190#article","isPartOf":{"@id":"https:\/\/lospoliticosveracruz.com\/?p=107190"},"author":{"name":"Lo viste en Los Pol\u00edticos","@id":"https:\/\/lospoliticosveracruz.com\/#\/schema\/person\/b8702bb0e538456e6efd07080bf2a4a2"},"headline":"PARA TENER DULCES SUE\u00d1OS","datePublished":"2023-06-12T22:38:59+00:00","dateModified":"2023-06-12T22:39:11+00:00","mainEntityOfPage":{"@id":"https:\/\/lospoliticosveracruz.com\/?p=107190"},"wordCount":880,"publisher":{"@id":"https:\/\/lospoliticosveracruz.com\/#organization"},"image":{"@id":"https:\/\/lospoliticosveracruz.com\/?p=107190#primaryimage"},"thumbnailUrl":"https:\/\/lospoliticosveracruz.com.mx\/wp-content\/uploads\/2021\/10\/WhatsApp-Image-2021-10-02-at-15.20.25-212x300.jpeg","keywords":["D\u00eda mundial contra el trabajo infantil"],"articleSection":["De Opini\u00f3n"],"inLanguage":"es"},{"@type":"WebPage","@id":"https:\/\/lospoliticosveracruz.com\/?p=107190","url":"https:\/\/lospoliticosveracruz.com\/?p=107190","name":"PARA TENER DULCES SUE\u00d1OS - Los pol\u00edticos Veracruz","isPartOf":{"@id":"https:\/\/lospoliticosveracruz.com\/#website"},"primaryImageOfPage":{"@id":"https:\/\/lospoliticosveracruz.com\/?p=107190#primaryimage"},"image":{"@id":"https:\/\/lospoliticosveracruz.com\/?p=107190#primaryimage"},"thumbnailUrl":"https:\/\/lospoliticosveracruz.com.mx\/wp-content\/uploads\/2021\/10\/WhatsApp-Image-2021-10-02-at-15.20.25-212x300.jpeg","datePublished":"2023-06-12T22:38:59+00:00","dateModified":"2023-06-12T22:39:11+00:00","breadcrumb":{"@id":"https:\/\/lospoliticosveracruz.com\/?p=107190#breadcrumb"},"inLanguage":"es","potentialAction":[{"@type":"ReadAction","target":["https:\/\/lospoliticosveracruz.com\/?p=107190"]}]},{"@type":"ImageObject","inLanguage":"es","@id":"https:\/\/lospoliticosveracruz.com\/?p=107190#primaryimage","url":"https:\/\/lospoliticosveracruz.com.mx\/wp-content\/uploads\/2021\/10\/WhatsApp-Image-2021-10-02-at-15.20.25-212x300.jpeg","contentUrl":"https:\/\/lospoliticosveracruz.com.mx\/wp-content\/uploads\/2021\/10\/WhatsApp-Image-2021-10-02-at-15.20.25-212x300.jpeg"},{"@type":"BreadcrumbList","@id":"https:\/\/lospoliticosveracruz.com\/?p=107190#breadcrumb","itemListElement":[{"@type":"ListItem","position":1,"name":"Portada","item":"https:\/\/lospoliticosveracruz.com\/"},{"@type":"ListItem","position":2,"name":"PARA TENER DULCES SUE\u00d1OS"}]},{"@type":"WebSite","@id":"https:\/\/lospoliticosveracruz.com\/#website","url":"https:\/\/lospoliticosveracruz.com\/","name":"Los pol\u00edticos Veracruz","description":"","publisher":{"@id":"https:\/\/lospoliticosveracruz.com\/#organization"},"potentialAction":[{"@type":"SearchAction","target":{"@type":"EntryPoint","urlTemplate":"https:\/\/lospoliticosveracruz.com\/?s={search_term_string}"},"query-input":{"@type":"PropertyValueSpecification","valueRequired":true,"valueName":"search_term_string"}}],"inLanguage":"es"},{"@type":"Organization","@id":"https:\/\/lospoliticosveracruz.com\/#organization","name":"Los pol\u00edticos Veracruz","url":"https:\/\/lospoliticosveracruz.com\/","logo":{"@type":"ImageObject","inLanguage":"es","@id":"https:\/\/lospoliticosveracruz.com\/#\/schema\/logo\/image\/","url":"https:\/\/lospoliticosveracruz.com\/wp-content\/uploads\/2025\/12\/Logo-Nuevo-LOS-POLITICOS-1.jpg","contentUrl":"https:\/\/lospoliticosveracruz.com\/wp-content\/uploads\/2025\/12\/Logo-Nuevo-LOS-POLITICOS-1.jpg","width":260,"height":70,"caption":"Los pol\u00edticos Veracruz"},"image":{"@id":"https:\/\/lospoliticosveracruz.com\/#\/schema\/logo\/image\/"},"sameAs":["https:\/\/www.facebook.com\/people\/Notimemes-de-los-Polticos\/61565672886568\/","https:\/\/x.com\/LosPoliticosVer"]},{"@type":"Person","@id":"https:\/\/lospoliticosveracruz.com\/#\/schema\/person\/b8702bb0e538456e6efd07080bf2a4a2","name":"Lo viste en Los Pol\u00edticos","image":{"@type":"ImageObject","inLanguage":"es","@id":"https:\/\/secure.gravatar.com\/avatar\/3a8de04a2656d44082be478bd6c086daa447c4651605818287b9532d3d0bd435?s=96&d=mm&r=g","url":"https:\/\/secure.gravatar.com\/avatar\/3a8de04a2656d44082be478bd6c086daa447c4651605818287b9532d3d0bd435?s=96&d=mm&r=g","contentUrl":"https:\/\/secure.gravatar.com\/avatar\/3a8de04a2656d44082be478bd6c086daa447c4651605818287b9532d3d0bd435?s=96&d=mm&r=g","caption":"Lo viste en Los Pol\u00edticos"},"url":"https:\/\/lospoliticosveracruz.com\/?author=2"}]}},"_links":{"self":[{"href":"https:\/\/lospoliticosveracruz.com\/index.php?rest_route=\/wp\/v2\/posts\/107190","targetHints":{"allow":["GET"]}}],"collection":[{"href":"https:\/\/lospoliticosveracruz.com\/index.php?rest_route=\/wp\/v2\/posts"}],"about":[{"href":"https:\/\/lospoliticosveracruz.com\/index.php?rest_route=\/wp\/v2\/types\/post"}],"author":[{"embeddable":true,"href":"https:\/\/lospoliticosveracruz.com\/index.php?rest_route=\/wp\/v2\/users\/2"}],"replies":[{"embeddable":true,"href":"https:\/\/lospoliticosveracruz.com\/index.php?rest_route=%2Fwp%2Fv2%2Fcomments&post=107190"}],"version-history":[{"count":1,"href":"https:\/\/lospoliticosveracruz.com\/index.php?rest_route=\/wp\/v2\/posts\/107190\/revisions"}],"predecessor-version":[{"id":107192,"href":"https:\/\/lospoliticosveracruz.com\/index.php?rest_route=\/wp\/v2\/posts\/107190\/revisions\/107192"}],"wp:attachment":[{"href":"https:\/\/lospoliticosveracruz.com\/index.php?rest_route=%2Fwp%2Fv2%2Fmedia&parent=107190"}],"wp:term":[{"taxonomy":"category","embeddable":true,"href":"https:\/\/lospoliticosveracruz.com\/index.php?rest_route=%2Fwp%2Fv2%2Fcategories&post=107190"},{"taxonomy":"post_tag","embeddable":true,"href":"https:\/\/lospoliticosveracruz.com\/index.php?rest_route=%2Fwp%2Fv2%2Ftags&post=107190"}],"curies":[{"name":"wp","href":"https:\/\/api.w.org\/{rel}","templated":true}]}}