{"id":107193,"date":"2023-06-12T20:01:02","date_gmt":"2023-06-13T01:01:02","guid":{"rendered":"https:\/\/lospoliticosveracruz.com.mx\/?p=107193"},"modified":"2023-06-12T20:01:08","modified_gmt":"2023-06-13T01:01:08","slug":"encuentro-entre-el-presidente-y-consejeros-del-ine","status":"publish","type":"post","link":"https:\/\/lospoliticosveracruz.com\/?p=107193","title":{"rendered":"ENCUENTRO ENTRE EL PRESIDENTE Y CONSEJEROS DEL INE"},"content":{"rendered":"\n<p><strong>Jos\u00e9 Luis Enr\u00edquez Ambell<br><\/strong><em>Caf\u00e9 de Ma\u00f1ana<br><\/em>Este martes trece se habr\u00e1 de desarrollar la anunciada reuni\u00f3n entre el Presidente de M\u00e9xico y los Consejeros del INE; resalta entre los temas de la agenda nacional, pues dar\u00e1 mucho de qu\u00e9 hablar, dado que los encuentros entre el Jefe del Poder Ejecutivo y el \u00c1rbitro Electoral &#8211; que se han presentado hist\u00f3ricamente &#8211; \u00abnos presagian un nuevo, necesario y mejor equilibrio,\u00bb y veremos si as\u00ed resulta tambi\u00e9n ahora.<\/p>\n\n\n\n<figure class=\"wp-block-embed is-type-video is-provider-youtube wp-block-embed-youtube wp-embed-aspect-16-9 wp-has-aspect-ratio\"><div class=\"wp-block-embed__wrapper\">\n<iframe loading=\"lazy\" title=\"Cluster Coworking\" width=\"696\" height=\"392\" src=\"https:\/\/www.youtube.com\/embed\/Nxe-vxf8GuY?feature=oembed\" frameborder=\"0\" allow=\"accelerometer; autoplay; clipboard-write; encrypted-media; gyroscope; picture-in-picture; web-share\" referrerpolicy=\"strict-origin-when-cross-origin\" allowfullscreen><\/iframe>\n<\/div><\/figure>\n\n\n\n<p>Los desencuentros que durante poco m\u00e1s de cuatro a\u00f1os se dieron entre Andr\u00e9s Manuel L\u00f3pez Obrador con el entonces titular del INE, Lorenzo C\u00f3rdova, \u00abpresumo\u00bb que en nada se acercar\u00e1n en la etapa actual de Guadalupe Taddei, y qui\u00e9n es la Presidenta del Instituto Nacional Electoral.<\/p>\n\n\n\n<p>Las confrontaciones no favorecen a que los encuentros sean fruct\u00edferos para una relaci\u00f3n respetuosa, y a partir de ahora entre don Andr\u00e9s Manuel y la Se\u00f1ora Taddei, \u00abcreo que habr\u00e1 un mejor clima de conexi\u00f3n, y alejado de las hostilidades que se vivieron en el pasado reciente.\u00bb<\/p>\n\n\n\n<p>Despu\u00e9s de la tormenta llega la calma, y en ese sentido se aprecia que la reuni\u00f3n del Presidente con los integrantes del Consejo General del INE, resulte NO un d\u00eda de campo, pero al menos con una menor tensi\u00f3n y sin resultar agresiva.<\/p>\n\n\n\n<p>Por lo hasta ahora expresado por don Andr\u00e9s Manuel, la reuni\u00f3n permitir\u00e1 el intercambio de enfoques e incluso, se espera confirmar la imparcialidad en la narrativa del INE al amparo de garantizar la democracia a trav\u00e9s de elecciones limpias, pero sobre todo; libres y que garanticen la transparencia e imparcialidad, y as\u00ed estando ajenos al inter\u00e9s particular.<\/p>\n\n\n\n<p>Ahora bien, el inicio del proceso interno de selecci\u00f3n de Morena para designar candidata o candidato a la Presidencia de la Rep\u00fablica, pudiera resultar la primera prueba de armon\u00eda y concordia de esta nueva relaci\u00f3n pol\u00edtica entre el Jefe del Poder Ejecutivo Federal y el \u00e1rbitro electoral, pues todo empuj\u00f3n o tropez\u00f3n causa un rasp\u00f3n.<\/p>\n\n\n\n<p><strong>UN CAF\u00c9 CON DOBLE CARGA<\/strong><\/p>\n\n\n\n<p>Las desavenencias entre Ejecutivo e INE ahora parece quedar\u00e1n en la historia, -ya veremos si es as\u00ed,- y lo que m\u00e1s conviene es que no se peleen y menos desde su primer encuentro en lo que se dice ser\u00eda el inicio de una nueva etapa con la mayor afinidad entre ambas instituciones m\u00e1s all\u00e1 de la relaci\u00f3n personal.<\/p>\n\n\n\n<p><strong>DE SOBREMESA<\/strong><\/p>\n\n\n\n<p>Lo cierto tambi\u00e9n es, que en varios asientos del Consejo General del INE han quedado personas identificadas con las llamadas 4 corcholatas y ya veremos si en alg\u00fan momento est\u00e1n dejando pasar todo a favor de algunos de los aspirantes de Morena, en la contienda interna o en la etapa constitucional venidera.<\/p>\n\n\n\n<p><strong>UN LECHERO LIGHT DIVORCIADO<\/strong><\/p>\n\n\n\n<p>La reuni\u00f3n presagia tener varios prop\u00f3sitos, y ya lo sabremos al anunciarse por medios oficiales si se incluyen acciones que garanticen comicios en el 2024 de manera pacifica y respetando la autonom\u00eda del organismo (INE) por parte del Gobierno de la Rep\u00fablica, para que el \u00e1nimo de colaboraci\u00f3n institucional entre las partes no contribuya a la ausencia de sufragios y votantes, y ayude a vencer al abstencionismo.<\/p>\n\n\n\n<p><strong>UN CAF\u00c9 PARA LLEVAR<\/strong><\/p>\n\n\n\n<p>Este mismo d\u00eda se habla de una reuni\u00f3n del Presidente L\u00f3pez Obrador con todo su gabinete legal y ampliado, ocasi\u00f3n que podr\u00eda aperturar otros movimientos en la carretera de la recta final del sexenio.<\/p>\n\n\n\n<p><strong>CAF\u00c9 CON CANELA Y PANELA<\/strong><\/p>\n\n\n\n<p>La reuni\u00f3n que sostendr\u00e1n en el marco de la relaci\u00f3n institucional natural entre un organismo constitucional aut\u00f3nomo -el INE- y el Poder Ejecutivo Federal -el Presidente de M\u00e9xico- podr\u00eda dar al inicio de venideros encuentros entre don Andr\u00e9s Manuel L\u00f3pez Obrador, con algunas otras entidades p\u00fablicas igualmente aut\u00f3nomas, o no ?<\/p>\n\n\n\n<p><strong>UN CAF\u00c9 NEGRO VERACRUZANO<\/strong><\/p>\n\n\n\n<p>Ojal\u00e1 que el lenguaje cr\u00edptico &#8211; que suele ser complicado de entender por ocultar mensajes &#8211; qued\u00e9 lejos de este encuentro entre el Consejo General del INE y el Presidente de M\u00e9xico para que lo que nos comuniquen sea objetivo y claro, o como dir\u00eda el alba\u00f1il; que nos hablen en \u00abconcreto\u00bb de sus acuerdos para que todos lo entendamos.<\/p>\n\n\n\n<p>\u00a1 ES CUANTO !<\/p>\n\n\n\n<p>enriquezambell@gmail.com<\/p>\n","protected":false},"excerpt":{"rendered":"<p>Jos\u00e9 Luis Enr\u00edquez AmbellCaf\u00e9 de Ma\u00f1anaEste martes trece se habr\u00e1 de desarrollar la anunciada reuni\u00f3n entre el Presidente de M\u00e9xico y los Consejeros del INE; resalta entre los temas de la agenda nacional, pues dar\u00e1 mucho de qu\u00e9 hablar, dado que los encuentros entre el Jefe del Poder Ejecutivo y el \u00c1rbitro Electoral &#8211; que [&hellip;]<\/p>\n","protected":false},"author":2,"featured_media":0,"comment_status":"closed","ping_status":"closed","sticky":false,"template":"","format":"standard","meta":{"tdm_status":"","tdm_grid_status":"","footnotes":""},"categories":[70],"tags":[618,554,8383,1026],"class_list":{"0":"post-107193","1":"post","2":"type-post","3":"status-publish","4":"format-standard","6":"category-de-opinion","7":"tag-andres-manuel-lopez-obrador","8":"tag-ine","9":"tag-jose-luis-enriquez-ambell","10":"tag-morena"},"yoast_head":"<!-- This site is optimized with the Yoast SEO plugin v27.4 - https:\/\/yoast.com\/product\/yoast-seo-wordpress\/ -->\n<title>ENCUENTRO ENTRE EL PRESIDENTE Y CONSEJEROS DEL INE - Los pol\u00edticos Veracruz<\/title>\n<meta name=\"robots\" content=\"index, follow, max-snippet:-1, max-image-preview:large, max-video-preview:-1\" \/>\n<link rel=\"canonical\" href=\"https:\/\/lospoliticosveracruz.com\/?p=107193\" \/>\n<meta property=\"og:locale\" content=\"es_ES\" \/>\n<meta property=\"og:type\" content=\"article\" \/>\n<meta property=\"og:title\" content=\"ENCUENTRO ENTRE EL PRESIDENTE Y CONSEJEROS DEL INE - Los pol\u00edticos Veracruz\" \/>\n<meta property=\"og:description\" content=\"Jos\u00e9 Luis Enr\u00edquez AmbellCaf\u00e9 de Ma\u00f1anaEste martes trece se habr\u00e1 de desarrollar la anunciada reuni\u00f3n entre el Presidente de M\u00e9xico y los Consejeros del INE; resalta entre los temas de la agenda nacional, pues dar\u00e1 mucho de qu\u00e9 hablar, dado que los encuentros entre el Jefe del Poder Ejecutivo y el \u00c1rbitro Electoral &#8211; que [&hellip;]\" \/>\n<meta property=\"og:url\" content=\"https:\/\/lospoliticosveracruz.com\/?p=107193\" \/>\n<meta property=\"og:site_name\" content=\"Los pol\u00edticos Veracruz\" \/>\n<meta property=\"article:publisher\" content=\"https:\/\/www.facebook.com\/people\/Notimemes-de-los-Polticos\/61565672886568\/\" \/>\n<meta property=\"article:published_time\" content=\"2023-06-13T01:01:02+00:00\" \/>\n<meta property=\"article:modified_time\" content=\"2023-06-13T01:01:08+00:00\" \/>\n<meta property=\"og:image\" content=\"https:\/\/lospoliticosveracruz.com\/wp-content\/uploads\/2016\/07\/Logo-Dor.jpg\" \/>\n\t<meta property=\"og:image:width\" content=\"200\" \/>\n\t<meta property=\"og:image:height\" content=\"200\" \/>\n\t<meta property=\"og:image:type\" content=\"image\/jpeg\" \/>\n<meta name=\"author\" content=\"Lo viste en Los Pol\u00edticos\" \/>\n<meta name=\"twitter:card\" content=\"summary_large_image\" \/>\n<meta name=\"twitter:creator\" content=\"@LosPoliticosVer\" \/>\n<meta name=\"twitter:site\" content=\"@LosPoliticosVer\" \/>\n<meta name=\"twitter:label1\" content=\"Escrito por\" \/>\n\t<meta name=\"twitter:data1\" content=\"Lo viste en Los Pol\u00edticos\" \/>\n\t<meta name=\"twitter:label2\" content=\"Tiempo de lectura\" \/>\n\t<meta name=\"twitter:data2\" content=\"4 minutos\" \/>\n<script type=\"application\/ld+json\" class=\"yoast-schema-graph\">{\"@context\":\"https:\\\/\\\/schema.org\",\"@graph\":[{\"@type\":\"Article\",\"@id\":\"https:\\\/\\\/lospoliticosveracruz.com\\\/?p=107193#article\",\"isPartOf\":{\"@id\":\"https:\\\/\\\/lospoliticosveracruz.com\\\/?p=107193\"},\"author\":{\"name\":\"Lo viste en Los Pol\u00edticos\",\"@id\":\"https:\\\/\\\/lospoliticosveracruz.com\\\/#\\\/schema\\\/person\\\/b8702bb0e538456e6efd07080bf2a4a2\"},\"headline\":\"ENCUENTRO ENTRE EL PRESIDENTE Y CONSEJEROS DEL INE\",\"datePublished\":\"2023-06-13T01:01:02+00:00\",\"dateModified\":\"2023-06-13T01:01:08+00:00\",\"mainEntityOfPage\":{\"@id\":\"https:\\\/\\\/lospoliticosveracruz.com\\\/?p=107193\"},\"wordCount\":753,\"publisher\":{\"@id\":\"https:\\\/\\\/lospoliticosveracruz.com\\\/#organization\"},\"keywords\":[\"Andr\u00e9s Manuel L\u00f3pez Obrador\",\"INE\",\"Jos\u00e9 Luis Enr\u00edquez Ambell\",\"Morena\"],\"articleSection\":[\"De Opini\u00f3n\"],\"inLanguage\":\"es\"},{\"@type\":\"WebPage\",\"@id\":\"https:\\\/\\\/lospoliticosveracruz.com\\\/?p=107193\",\"url\":\"https:\\\/\\\/lospoliticosveracruz.com\\\/?p=107193\",\"name\":\"ENCUENTRO ENTRE EL PRESIDENTE Y CONSEJEROS DEL INE - Los pol\u00edticos Veracruz\",\"isPartOf\":{\"@id\":\"https:\\\/\\\/lospoliticosveracruz.com\\\/#website\"},\"datePublished\":\"2023-06-13T01:01:02+00:00\",\"dateModified\":\"2023-06-13T01:01:08+00:00\",\"breadcrumb\":{\"@id\":\"https:\\\/\\\/lospoliticosveracruz.com\\\/?p=107193#breadcrumb\"},\"inLanguage\":\"es\",\"potentialAction\":[{\"@type\":\"ReadAction\",\"target\":[\"https:\\\/\\\/lospoliticosveracruz.com\\\/?p=107193\"]}]},{\"@type\":\"BreadcrumbList\",\"@id\":\"https:\\\/\\\/lospoliticosveracruz.com\\\/?p=107193#breadcrumb\",\"itemListElement\":[{\"@type\":\"ListItem\",\"position\":1,\"name\":\"Portada\",\"item\":\"https:\\\/\\\/lospoliticosveracruz.com\\\/\"},{\"@type\":\"ListItem\",\"position\":2,\"name\":\"ENCUENTRO ENTRE EL PRESIDENTE Y CONSEJEROS DEL INE\"}]},{\"@type\":\"WebSite\",\"@id\":\"https:\\\/\\\/lospoliticosveracruz.com\\\/#website\",\"url\":\"https:\\\/\\\/lospoliticosveracruz.com\\\/\",\"name\":\"Los pol\u00edticos Veracruz\",\"description\":\"\",\"publisher\":{\"@id\":\"https:\\\/\\\/lospoliticosveracruz.com\\\/#organization\"},\"potentialAction\":[{\"@type\":\"SearchAction\",\"target\":{\"@type\":\"EntryPoint\",\"urlTemplate\":\"https:\\\/\\\/lospoliticosveracruz.com\\\/?s={search_term_string}\"},\"query-input\":{\"@type\":\"PropertyValueSpecification\",\"valueRequired\":true,\"valueName\":\"search_term_string\"}}],\"inLanguage\":\"es\"},{\"@type\":\"Organization\",\"@id\":\"https:\\\/\\\/lospoliticosveracruz.com\\\/#organization\",\"name\":\"Los pol\u00edticos Veracruz\",\"url\":\"https:\\\/\\\/lospoliticosveracruz.com\\\/\",\"logo\":{\"@type\":\"ImageObject\",\"inLanguage\":\"es\",\"@id\":\"https:\\\/\\\/lospoliticosveracruz.com\\\/#\\\/schema\\\/logo\\\/image\\\/\",\"url\":\"https:\\\/\\\/lospoliticosveracruz.com\\\/wp-content\\\/uploads\\\/2025\\\/12\\\/Logo-Nuevo-LOS-POLITICOS-1.jpg\",\"contentUrl\":\"https:\\\/\\\/lospoliticosveracruz.com\\\/wp-content\\\/uploads\\\/2025\\\/12\\\/Logo-Nuevo-LOS-POLITICOS-1.jpg\",\"width\":260,\"height\":70,\"caption\":\"Los pol\u00edticos Veracruz\"},\"image\":{\"@id\":\"https:\\\/\\\/lospoliticosveracruz.com\\\/#\\\/schema\\\/logo\\\/image\\\/\"},\"sameAs\":[\"https:\\\/\\\/www.facebook.com\\\/people\\\/Notimemes-de-los-Polticos\\\/61565672886568\\\/\",\"https:\\\/\\\/x.com\\\/LosPoliticosVer\"]},{\"@type\":\"Person\",\"@id\":\"https:\\\/\\\/lospoliticosveracruz.com\\\/#\\\/schema\\\/person\\\/b8702bb0e538456e6efd07080bf2a4a2\",\"name\":\"Lo viste en Los Pol\u00edticos\",\"image\":{\"@type\":\"ImageObject\",\"inLanguage\":\"es\",\"@id\":\"https:\\\/\\\/secure.gravatar.com\\\/avatar\\\/3a8de04a2656d44082be478bd6c086daa447c4651605818287b9532d3d0bd435?s=96&d=mm&r=g\",\"url\":\"https:\\\/\\\/secure.gravatar.com\\\/avatar\\\/3a8de04a2656d44082be478bd6c086daa447c4651605818287b9532d3d0bd435?s=96&d=mm&r=g\",\"contentUrl\":\"https:\\\/\\\/secure.gravatar.com\\\/avatar\\\/3a8de04a2656d44082be478bd6c086daa447c4651605818287b9532d3d0bd435?s=96&d=mm&r=g\",\"caption\":\"Lo viste en Los Pol\u00edticos\"},\"url\":\"https:\\\/\\\/lospoliticosveracruz.com\\\/?author=2\"}]}<\/script>\n<!-- \/ Yoast SEO plugin. -->","yoast_head_json":{"title":"ENCUENTRO ENTRE EL PRESIDENTE Y CONSEJEROS DEL INE - Los pol\u00edticos Veracruz","robots":{"index":"index","follow":"follow","max-snippet":"max-snippet:-1","max-image-preview":"max-image-preview:large","max-video-preview":"max-video-preview:-1"},"canonical":"https:\/\/lospoliticosveracruz.com\/?p=107193","og_locale":"es_ES","og_type":"article","og_title":"ENCUENTRO ENTRE EL PRESIDENTE Y CONSEJEROS DEL INE - Los pol\u00edticos Veracruz","og_description":"Jos\u00e9 Luis Enr\u00edquez AmbellCaf\u00e9 de Ma\u00f1anaEste martes trece se habr\u00e1 de desarrollar la anunciada reuni\u00f3n entre el Presidente de M\u00e9xico y los Consejeros del INE; resalta entre los temas de la agenda nacional, pues dar\u00e1 mucho de qu\u00e9 hablar, dado que los encuentros entre el Jefe del Poder Ejecutivo y el \u00c1rbitro Electoral &#8211; que [&hellip;]","og_url":"https:\/\/lospoliticosveracruz.com\/?p=107193","og_site_name":"Los pol\u00edticos Veracruz","article_publisher":"https:\/\/www.facebook.com\/people\/Notimemes-de-los-Polticos\/61565672886568\/","article_published_time":"2023-06-13T01:01:02+00:00","article_modified_time":"2023-06-13T01:01:08+00:00","og_image":[{"width":200,"height":200,"url":"https:\/\/lospoliticosveracruz.com\/wp-content\/uploads\/2016\/07\/Logo-Dor.jpg","type":"image\/jpeg"}],"author":"Lo viste en Los Pol\u00edticos","twitter_card":"summary_large_image","twitter_creator":"@LosPoliticosVer","twitter_site":"@LosPoliticosVer","twitter_misc":{"Escrito por":"Lo viste en Los Pol\u00edticos","Tiempo de lectura":"4 minutos"},"schema":{"@context":"https:\/\/schema.org","@graph":[{"@type":"Article","@id":"https:\/\/lospoliticosveracruz.com\/?p=107193#article","isPartOf":{"@id":"https:\/\/lospoliticosveracruz.com\/?p=107193"},"author":{"name":"Lo viste en Los Pol\u00edticos","@id":"https:\/\/lospoliticosveracruz.com\/#\/schema\/person\/b8702bb0e538456e6efd07080bf2a4a2"},"headline":"ENCUENTRO ENTRE EL PRESIDENTE Y CONSEJEROS DEL INE","datePublished":"2023-06-13T01:01:02+00:00","dateModified":"2023-06-13T01:01:08+00:00","mainEntityOfPage":{"@id":"https:\/\/lospoliticosveracruz.com\/?p=107193"},"wordCount":753,"publisher":{"@id":"https:\/\/lospoliticosveracruz.com\/#organization"},"keywords":["Andr\u00e9s Manuel L\u00f3pez Obrador","INE","Jos\u00e9 Luis Enr\u00edquez Ambell","Morena"],"articleSection":["De Opini\u00f3n"],"inLanguage":"es"},{"@type":"WebPage","@id":"https:\/\/lospoliticosveracruz.com\/?p=107193","url":"https:\/\/lospoliticosveracruz.com\/?p=107193","name":"ENCUENTRO ENTRE EL PRESIDENTE Y CONSEJEROS DEL INE - Los pol\u00edticos Veracruz","isPartOf":{"@id":"https:\/\/lospoliticosveracruz.com\/#website"},"datePublished":"2023-06-13T01:01:02+00:00","dateModified":"2023-06-13T01:01:08+00:00","breadcrumb":{"@id":"https:\/\/lospoliticosveracruz.com\/?p=107193#breadcrumb"},"inLanguage":"es","potentialAction":[{"@type":"ReadAction","target":["https:\/\/lospoliticosveracruz.com\/?p=107193"]}]},{"@type":"BreadcrumbList","@id":"https:\/\/lospoliticosveracruz.com\/?p=107193#breadcrumb","itemListElement":[{"@type":"ListItem","position":1,"name":"Portada","item":"https:\/\/lospoliticosveracruz.com\/"},{"@type":"ListItem","position":2,"name":"ENCUENTRO ENTRE EL PRESIDENTE Y CONSEJEROS DEL INE"}]},{"@type":"WebSite","@id":"https:\/\/lospoliticosveracruz.com\/#website","url":"https:\/\/lospoliticosveracruz.com\/","name":"Los pol\u00edticos Veracruz","description":"","publisher":{"@id":"https:\/\/lospoliticosveracruz.com\/#organization"},"potentialAction":[{"@type":"SearchAction","target":{"@type":"EntryPoint","urlTemplate":"https:\/\/lospoliticosveracruz.com\/?s={search_term_string}"},"query-input":{"@type":"PropertyValueSpecification","valueRequired":true,"valueName":"search_term_string"}}],"inLanguage":"es"},{"@type":"Organization","@id":"https:\/\/lospoliticosveracruz.com\/#organization","name":"Los pol\u00edticos Veracruz","url":"https:\/\/lospoliticosveracruz.com\/","logo":{"@type":"ImageObject","inLanguage":"es","@id":"https:\/\/lospoliticosveracruz.com\/#\/schema\/logo\/image\/","url":"https:\/\/lospoliticosveracruz.com\/wp-content\/uploads\/2025\/12\/Logo-Nuevo-LOS-POLITICOS-1.jpg","contentUrl":"https:\/\/lospoliticosveracruz.com\/wp-content\/uploads\/2025\/12\/Logo-Nuevo-LOS-POLITICOS-1.jpg","width":260,"height":70,"caption":"Los pol\u00edticos Veracruz"},"image":{"@id":"https:\/\/lospoliticosveracruz.com\/#\/schema\/logo\/image\/"},"sameAs":["https:\/\/www.facebook.com\/people\/Notimemes-de-los-Polticos\/61565672886568\/","https:\/\/x.com\/LosPoliticosVer"]},{"@type":"Person","@id":"https:\/\/lospoliticosveracruz.com\/#\/schema\/person\/b8702bb0e538456e6efd07080bf2a4a2","name":"Lo viste en Los Pol\u00edticos","image":{"@type":"ImageObject","inLanguage":"es","@id":"https:\/\/secure.gravatar.com\/avatar\/3a8de04a2656d44082be478bd6c086daa447c4651605818287b9532d3d0bd435?s=96&d=mm&r=g","url":"https:\/\/secure.gravatar.com\/avatar\/3a8de04a2656d44082be478bd6c086daa447c4651605818287b9532d3d0bd435?s=96&d=mm&r=g","contentUrl":"https:\/\/secure.gravatar.com\/avatar\/3a8de04a2656d44082be478bd6c086daa447c4651605818287b9532d3d0bd435?s=96&d=mm&r=g","caption":"Lo viste en Los Pol\u00edticos"},"url":"https:\/\/lospoliticosveracruz.com\/?author=2"}]}},"_links":{"self":[{"href":"https:\/\/lospoliticosveracruz.com\/index.php?rest_route=\/wp\/v2\/posts\/107193","targetHints":{"allow":["GET"]}}],"collection":[{"href":"https:\/\/lospoliticosveracruz.com\/index.php?rest_route=\/wp\/v2\/posts"}],"about":[{"href":"https:\/\/lospoliticosveracruz.com\/index.php?rest_route=\/wp\/v2\/types\/post"}],"author":[{"embeddable":true,"href":"https:\/\/lospoliticosveracruz.com\/index.php?rest_route=\/wp\/v2\/users\/2"}],"replies":[{"embeddable":true,"href":"https:\/\/lospoliticosveracruz.com\/index.php?rest_route=%2Fwp%2Fv2%2Fcomments&post=107193"}],"version-history":[{"count":1,"href":"https:\/\/lospoliticosveracruz.com\/index.php?rest_route=\/wp\/v2\/posts\/107193\/revisions"}],"predecessor-version":[{"id":107194,"href":"https:\/\/lospoliticosveracruz.com\/index.php?rest_route=\/wp\/v2\/posts\/107193\/revisions\/107194"}],"wp:attachment":[{"href":"https:\/\/lospoliticosveracruz.com\/index.php?rest_route=%2Fwp%2Fv2%2Fmedia&parent=107193"}],"wp:term":[{"taxonomy":"category","embeddable":true,"href":"https:\/\/lospoliticosveracruz.com\/index.php?rest_route=%2Fwp%2Fv2%2Fcategories&post=107193"},{"taxonomy":"post_tag","embeddable":true,"href":"https:\/\/lospoliticosveracruz.com\/index.php?rest_route=%2Fwp%2Fv2%2Ftags&post=107193"}],"curies":[{"name":"wp","href":"https:\/\/api.w.org\/{rel}","templated":true}]}}