{"id":107203,"date":"2023-06-12T20:31:01","date_gmt":"2023-06-13T01:31:01","guid":{"rendered":"https:\/\/lospoliticosveracruz.com.mx\/?p=107203"},"modified":"2023-06-12T20:31:09","modified_gmt":"2023-06-13T01:31:09","slug":"y-siguen-violando-las-reglas-del-ine","status":"publish","type":"post","link":"https:\/\/lospoliticosveracruz.com\/?p=107203","title":{"rendered":"\u00bfY? SIGUEN VIOLANDO LAS REGLAS DEL INE"},"content":{"rendered":"\n<p><strong>Miguel \u00c1ngel G\u00f3mez Ruiz<br><\/strong><em>Contrapunto<\/em><\/p>\n\n\n\n<p>El domingo se consolid\u00f3 el show medi\u00e1tico que prepar\u00f3 con bastante tiempo el presidente L\u00f3pez Obrador. S\u00ed, el mismo que no ha respetado tiempos, ni instituciones, ni a jueces y que ha tenido miedo de debatir contra quien sea, continu\u00f3 en la preparaci\u00f3n del escenario que convertir\u00e1 a Claudia Sheinbaum en la candidata de Morena a la presidencia.<\/p>\n\n\n<div class=\"wp-block-image\">\n<figure class=\"alignleft size-medium\"><a href=\"https:\/\/lospoliticosveracruz.com.mx\/wp-content\/uploads\/2021\/10\/Zacauilt.jpg\"><img decoding=\"async\" src=\"https:\/\/lospoliticosveracruz.com.mx\/wp-content\/uploads\/2021\/10\/Zacauilt-150x300.jpg\" alt=\"\" class=\"wp-image-80558\"\/><\/a><\/figure>\n<\/div>\n\n\n<p>As\u00ed es, tan desesperado est\u00e1 el presidente que decidi\u00f3 que una exnovia de su hijo Andy, una supuesta cient\u00edfica y jefa de gobierno de la Ciudad de M\u00e9xico \u2013con mil y un problemas- sea la candidata de su partido con el \u00fanico fin de seguir gobernando en el pa\u00eds, ya que es obvio que ella le abrir\u00e1 la puerta para que lo siga haciendo. Ya no vea el hecho de si alguno tiene capacidad. El drama es que eso continuar\u00e1, o as\u00ed parece.<\/p>\n\n\n\n<p>El papel\u00f3n culmin\u00f3 con cuatro corcholatas varones de los cuales no se hace uno: Marcelo Ebrard, Ad\u00e1n Augusto L\u00f3pez, Ricardo Monreal y Gerardo Fern\u00e1ndez Noro\u00f1a. Falt\u00f3 Manuel Velasco Coello, del Verde Ecologista pero que jam\u00e1s va a ser candidato pues apenas aspira a una secretar\u00eda si es que gana la Sheinbaum.<\/p>\n\n\n\n<p>As\u00ed la izquierda en nuestro pa\u00eds, o al menos esa impresi\u00f3n es la que dan. Todos se anotan como muy de izquierda, pero comen en los mejores restaurantes con cuentas que suman miles de pesos y lo peor es que todo eso es pagado con nuestros impuestos. Una forma muy sutil de vivir en un ambiente neoliberal.<\/p>\n\n\n\n<p>Lo peor es que ser\u00eda Sheinbaum \u2013que a\u00fan no renuncia a su cargo- la que ir\u00eda al frente de una alianza en la que cuenta con 23 gobernadores (as) y la mayor\u00eda de diputados federales, senadores, alcaldes, diputados locales, caciques, en fin, toda una cuadrilla que le apoyar\u00e1 sin fin. Por eso es que los otros cuatro ya est\u00e1n fuera de foco. No parece, as\u00ed es.<\/p>\n\n\n\n<p>Y encima, sin resultados. Si como alcaldesa fue un desastre, como jefa de gobierno ha sido peor, pues para m\u00e1s, ni siquiera ha podido arreglar el tema del Metro de la Ciudad de M\u00e9xico. No gast\u00f3 lo suficiente pues guard\u00f3 sus ahorritos para su campa\u00f1a. No le import\u00f3 el tema de los muertos en el Colegio R\u00e9bsamen y mucho menos le import\u00f3 que 26 personas fallecieran en una tragedia en la L\u00ednea Dorada que ya presentaba fallas y en la que no se invirti\u00f3 en su mantenimiento.<\/p>\n\n\n\n<p>Siguen los asaltos. Las extorsiones, los taxis piratas y otras cosas que ya se han vuelto un h\u00e1bito en la Ciudad de M\u00e9xico, pero ella sigue ensimismada en su campa\u00f1a pues alguien le hizo creer que puede ganar, aunque hablar le cueste un huevo. S\u00ed, as\u00ed es.<\/p>\n\n\n\n<p>Los otros no son mejores. Ebrard fue destituido como Secretario de Seguridad P\u00fablica y se fue a Francia para evitar pisar la c\u00e1rcel. Ad\u00e1n Augusto dejo el estado de Tabasco convertido en una porquer\u00eda. Ricardo Monreal es m\u00e1s falso que su doble discurso y Fern\u00e1ndez Noro\u00f1a es mejor no decir nada, pues en realidad no hay mucho qu\u00e9 decir.<\/p>\n\n\n\n<p>As\u00ed est\u00e1 nuestra izquierda en este momento. No propiamente en su mejor posici\u00f3n pero bueno, hay gente a la que le gusta vivir as\u00ed: Sin medicinas, sin crecimiento econ\u00f3mico, sin buen servicio en hospitales, sin carreteras presentables, con abortos al por mayor, en fin, con todo eso y as\u00ed son felices.<\/p>\n\n\n\n<p>Pero sinceramente vamos a un despe\u00f1adero y muchos parecen no darse cuenta. El pa\u00eds est\u00e1 en riesgo sobre todo por su econom\u00eda que va a la baja. No, no ha habido la transformaci\u00f3n que dice el presidente, bueno, nos vemos m\u00e1s como un pa\u00eds bananero, eso s\u00ed.<\/p>\n\n\n\n<p>El grave problema es si realmente como mexicanos estamos dispuestos a darle a la izquierda la mayor\u00eda calificada. Entonces s\u00ed, adi\u00f3s instituciones, adi\u00f3s a la raz\u00f3n, a la justicia, a la verdad y a todo aquello que se construy\u00f3 en tantos a\u00f1os y que la izquierda ha ido destruyendo en tan poco tiempo. No, el pa\u00eds no est\u00e1 para aquellos que viven de rencores o frustraciones. Este pa\u00eds a\u00fan puede crecer, pero con otra direcci\u00f3n, no as\u00ed como vamos.<\/p>\n\n\n\n<p><strong>En Veracruz tampoco vamos bien<\/strong><\/p>\n\n\n\n<p>Si la esperanza de los veracruzanos est\u00e1 centrada en que gane la titular de Energ\u00eda en el pa\u00eds, Roc\u00edo Nahle, quiero decirle que nos ir\u00eda peor. Vaya, si con Cuitl\u00e1huac Garc\u00eda hemos estado a la orilla del despe\u00f1adero, con Nahle ir\u00edamos directo al abismo. No tiene creatividad, ni talento, ni visi\u00f3n y s\u00f3lo es otro florero manejado por L\u00f3pez Obrador.<\/p>\n\n\n\n<p>Tampoco con Sergio Guti\u00e9rrez nos ir\u00eda bien, es gente de Ad\u00e1n Augusto L\u00f3pez. Un expanista que no es bien visto por morenistas y cr\u00e9alo, ni Cuitl\u00e1huac Garc\u00eda lo soporta.<\/p>\n\n\n\n<p>Tampoco son opci\u00f3n Manuel Huerta Ladr\u00f3n de Guevara ni mucho menos Eric Cisneros.<\/p>\n\n\n\n<p>Veracruz requiere a alguien con creatividad, con liderazgo, con dinamismo, con inteligencia y que respete a los poderes y que convierta al estado en una vitrina para la inversi\u00f3n y la justicia. No de los que hablamos antes.<\/p>\n\n\n\n<p>PD Veracruz vive un drama a diario con tantos muertos. No hay d\u00eda en que no aparezcan ejecutados, asesinados en sus casas o trabajos, desaparecidos, mujeres muertas, en fin. Lo peor es que no contamos con una buena Fiscal\u00eda. Los ministerios p\u00fablicos son un asco y la polic\u00eda pareciera estar m\u00e1s dispuesta a proteger a criminales que a la sociedad misma. Lamentablemente es lo que hoy tenemos. Es cierto, con Cuitl\u00e1huac Garc\u00eda perdimos en todo sentido, en todo.<\/p>\n","protected":false},"excerpt":{"rendered":"<p>Miguel \u00c1ngel G\u00f3mez RuizContrapunto El domingo se consolid\u00f3 el show medi\u00e1tico que prepar\u00f3 con bastante tiempo el presidente L\u00f3pez Obrador. S\u00ed, el mismo que no ha respetado tiempos, ni instituciones, ni a jueces y que ha tenido miedo de debatir contra quien sea, continu\u00f3 en la preparaci\u00f3n del escenario que convertir\u00e1 a Claudia Sheinbaum en [&hellip;]<\/p>\n","protected":false},"author":2,"featured_media":0,"comment_status":"closed","ping_status":"closed","sticky":false,"template":"","format":"standard","meta":{"tdm_status":"","tdm_grid_status":"","footnotes":""},"categories":[70],"tags":[618,9627,12598,14703,28370,1026,10353],"class_list":{"0":"post-107203","1":"post","2":"type-post","3":"status-publish","4":"format-standard","6":"category-de-opinion","7":"tag-andres-manuel-lopez-obrador","8":"tag-claudia-sheinbaum","9":"tag-gerardo-fernandez-norona","10":"tag-marcelo-ebrard","11":"tag-miguel-angel-gomez-ruiz","12":"tag-morena","13":"tag-ricardo-monreal"},"yoast_head":"<!-- This site is optimized with the Yoast SEO plugin v27.4 - https:\/\/yoast.com\/product\/yoast-seo-wordpress\/ -->\n<title>\u00bfY? SIGUEN VIOLANDO LAS REGLAS DEL INE - Los pol\u00edticos Veracruz<\/title>\n<meta name=\"robots\" content=\"index, follow, max-snippet:-1, max-image-preview:large, max-video-preview:-1\" \/>\n<link rel=\"canonical\" href=\"https:\/\/lospoliticosveracruz.com\/?p=107203\" \/>\n<meta property=\"og:locale\" content=\"es_ES\" \/>\n<meta property=\"og:type\" content=\"article\" \/>\n<meta property=\"og:title\" content=\"\u00bfY? SIGUEN VIOLANDO LAS REGLAS DEL INE - Los pol\u00edticos Veracruz\" \/>\n<meta property=\"og:description\" content=\"Miguel \u00c1ngel G\u00f3mez RuizContrapunto El domingo se consolid\u00f3 el show medi\u00e1tico que prepar\u00f3 con bastante tiempo el presidente L\u00f3pez Obrador. S\u00ed, el mismo que no ha respetado tiempos, ni instituciones, ni a jueces y que ha tenido miedo de debatir contra quien sea, continu\u00f3 en la preparaci\u00f3n del escenario que convertir\u00e1 a Claudia Sheinbaum en [&hellip;]\" \/>\n<meta property=\"og:url\" content=\"https:\/\/lospoliticosveracruz.com\/?p=107203\" \/>\n<meta property=\"og:site_name\" content=\"Los pol\u00edticos Veracruz\" \/>\n<meta property=\"article:publisher\" content=\"https:\/\/www.facebook.com\/people\/Notimemes-de-los-Polticos\/61565672886568\/\" \/>\n<meta property=\"article:published_time\" content=\"2023-06-13T01:31:01+00:00\" \/>\n<meta property=\"article:modified_time\" content=\"2023-06-13T01:31:09+00:00\" \/>\n<meta property=\"og:image\" content=\"https:\/\/lospoliticosveracruz.com.mx\/wp-content\/uploads\/2021\/10\/Zacauilt-150x300.jpg\" \/>\n<meta name=\"author\" content=\"Lo viste en Los Pol\u00edticos\" \/>\n<meta name=\"twitter:card\" content=\"summary_large_image\" \/>\n<meta name=\"twitter:creator\" content=\"@LosPoliticosVer\" \/>\n<meta name=\"twitter:site\" content=\"@LosPoliticosVer\" \/>\n<meta name=\"twitter:label1\" content=\"Escrito por\" \/>\n\t<meta name=\"twitter:data1\" content=\"Lo viste en Los Pol\u00edticos\" \/>\n\t<meta name=\"twitter:label2\" content=\"Tiempo de lectura\" \/>\n\t<meta name=\"twitter:data2\" content=\"5 minutos\" \/>\n<script type=\"application\/ld+json\" class=\"yoast-schema-graph\">{\"@context\":\"https:\\\/\\\/schema.org\",\"@graph\":[{\"@type\":\"Article\",\"@id\":\"https:\\\/\\\/lospoliticosveracruz.com\\\/?p=107203#article\",\"isPartOf\":{\"@id\":\"https:\\\/\\\/lospoliticosveracruz.com\\\/?p=107203\"},\"author\":{\"name\":\"Lo viste en Los Pol\u00edticos\",\"@id\":\"https:\\\/\\\/lospoliticosveracruz.com\\\/#\\\/schema\\\/person\\\/b8702bb0e538456e6efd07080bf2a4a2\"},\"headline\":\"\u00bfY? SIGUEN VIOLANDO LAS REGLAS DEL INE\",\"datePublished\":\"2023-06-13T01:31:01+00:00\",\"dateModified\":\"2023-06-13T01:31:09+00:00\",\"mainEntityOfPage\":{\"@id\":\"https:\\\/\\\/lospoliticosveracruz.com\\\/?p=107203\"},\"wordCount\":999,\"publisher\":{\"@id\":\"https:\\\/\\\/lospoliticosveracruz.com\\\/#organization\"},\"image\":{\"@id\":\"https:\\\/\\\/lospoliticosveracruz.com\\\/?p=107203#primaryimage\"},\"thumbnailUrl\":\"https:\\\/\\\/lospoliticosveracruz.com.mx\\\/wp-content\\\/uploads\\\/2021\\\/10\\\/Zacauilt-150x300.jpg\",\"keywords\":[\"Andr\u00e9s Manuel L\u00f3pez Obrador\",\"Claudia Sheinbaum\",\"Gerardo Fern\u00e1ndez Noro\u00f1a\",\"Marcelo Ebrard\",\"Miguel \u00c1ngel G\u00f3mez Ruiz\",\"Morena\",\"Ricardo Monreal\"],\"articleSection\":[\"De Opini\u00f3n\"],\"inLanguage\":\"es\"},{\"@type\":\"WebPage\",\"@id\":\"https:\\\/\\\/lospoliticosveracruz.com\\\/?p=107203\",\"url\":\"https:\\\/\\\/lospoliticosveracruz.com\\\/?p=107203\",\"name\":\"\u00bfY? SIGUEN VIOLANDO LAS REGLAS DEL INE - Los pol\u00edticos Veracruz\",\"isPartOf\":{\"@id\":\"https:\\\/\\\/lospoliticosveracruz.com\\\/#website\"},\"primaryImageOfPage\":{\"@id\":\"https:\\\/\\\/lospoliticosveracruz.com\\\/?p=107203#primaryimage\"},\"image\":{\"@id\":\"https:\\\/\\\/lospoliticosveracruz.com\\\/?p=107203#primaryimage\"},\"thumbnailUrl\":\"https:\\\/\\\/lospoliticosveracruz.com.mx\\\/wp-content\\\/uploads\\\/2021\\\/10\\\/Zacauilt-150x300.jpg\",\"datePublished\":\"2023-06-13T01:31:01+00:00\",\"dateModified\":\"2023-06-13T01:31:09+00:00\",\"breadcrumb\":{\"@id\":\"https:\\\/\\\/lospoliticosveracruz.com\\\/?p=107203#breadcrumb\"},\"inLanguage\":\"es\",\"potentialAction\":[{\"@type\":\"ReadAction\",\"target\":[\"https:\\\/\\\/lospoliticosveracruz.com\\\/?p=107203\"]}]},{\"@type\":\"ImageObject\",\"inLanguage\":\"es\",\"@id\":\"https:\\\/\\\/lospoliticosveracruz.com\\\/?p=107203#primaryimage\",\"url\":\"https:\\\/\\\/lospoliticosveracruz.com.mx\\\/wp-content\\\/uploads\\\/2021\\\/10\\\/Zacauilt-150x300.jpg\",\"contentUrl\":\"https:\\\/\\\/lospoliticosveracruz.com.mx\\\/wp-content\\\/uploads\\\/2021\\\/10\\\/Zacauilt-150x300.jpg\"},{\"@type\":\"BreadcrumbList\",\"@id\":\"https:\\\/\\\/lospoliticosveracruz.com\\\/?p=107203#breadcrumb\",\"itemListElement\":[{\"@type\":\"ListItem\",\"position\":1,\"name\":\"Portada\",\"item\":\"https:\\\/\\\/lospoliticosveracruz.com\\\/\"},{\"@type\":\"ListItem\",\"position\":2,\"name\":\"\u00bfY? SIGUEN VIOLANDO LAS REGLAS DEL INE\"}]},{\"@type\":\"WebSite\",\"@id\":\"https:\\\/\\\/lospoliticosveracruz.com\\\/#website\",\"url\":\"https:\\\/\\\/lospoliticosveracruz.com\\\/\",\"name\":\"Los pol\u00edticos Veracruz\",\"description\":\"\",\"publisher\":{\"@id\":\"https:\\\/\\\/lospoliticosveracruz.com\\\/#organization\"},\"potentialAction\":[{\"@type\":\"SearchAction\",\"target\":{\"@type\":\"EntryPoint\",\"urlTemplate\":\"https:\\\/\\\/lospoliticosveracruz.com\\\/?s={search_term_string}\"},\"query-input\":{\"@type\":\"PropertyValueSpecification\",\"valueRequired\":true,\"valueName\":\"search_term_string\"}}],\"inLanguage\":\"es\"},{\"@type\":\"Organization\",\"@id\":\"https:\\\/\\\/lospoliticosveracruz.com\\\/#organization\",\"name\":\"Los pol\u00edticos Veracruz\",\"url\":\"https:\\\/\\\/lospoliticosveracruz.com\\\/\",\"logo\":{\"@type\":\"ImageObject\",\"inLanguage\":\"es\",\"@id\":\"https:\\\/\\\/lospoliticosveracruz.com\\\/#\\\/schema\\\/logo\\\/image\\\/\",\"url\":\"https:\\\/\\\/lospoliticosveracruz.com\\\/wp-content\\\/uploads\\\/2025\\\/12\\\/Logo-Nuevo-LOS-POLITICOS-1.jpg\",\"contentUrl\":\"https:\\\/\\\/lospoliticosveracruz.com\\\/wp-content\\\/uploads\\\/2025\\\/12\\\/Logo-Nuevo-LOS-POLITICOS-1.jpg\",\"width\":260,\"height\":70,\"caption\":\"Los pol\u00edticos Veracruz\"},\"image\":{\"@id\":\"https:\\\/\\\/lospoliticosveracruz.com\\\/#\\\/schema\\\/logo\\\/image\\\/\"},\"sameAs\":[\"https:\\\/\\\/www.facebook.com\\\/people\\\/Notimemes-de-los-Polticos\\\/61565672886568\\\/\",\"https:\\\/\\\/x.com\\\/LosPoliticosVer\"]},{\"@type\":\"Person\",\"@id\":\"https:\\\/\\\/lospoliticosveracruz.com\\\/#\\\/schema\\\/person\\\/b8702bb0e538456e6efd07080bf2a4a2\",\"name\":\"Lo viste en Los Pol\u00edticos\",\"image\":{\"@type\":\"ImageObject\",\"inLanguage\":\"es\",\"@id\":\"https:\\\/\\\/secure.gravatar.com\\\/avatar\\\/3a8de04a2656d44082be478bd6c086daa447c4651605818287b9532d3d0bd435?s=96&d=mm&r=g\",\"url\":\"https:\\\/\\\/secure.gravatar.com\\\/avatar\\\/3a8de04a2656d44082be478bd6c086daa447c4651605818287b9532d3d0bd435?s=96&d=mm&r=g\",\"contentUrl\":\"https:\\\/\\\/secure.gravatar.com\\\/avatar\\\/3a8de04a2656d44082be478bd6c086daa447c4651605818287b9532d3d0bd435?s=96&d=mm&r=g\",\"caption\":\"Lo viste en Los Pol\u00edticos\"},\"url\":\"https:\\\/\\\/lospoliticosveracruz.com\\\/?author=2\"}]}<\/script>\n<!-- \/ Yoast SEO plugin. -->","yoast_head_json":{"title":"\u00bfY? SIGUEN VIOLANDO LAS REGLAS DEL INE - Los pol\u00edticos Veracruz","robots":{"index":"index","follow":"follow","max-snippet":"max-snippet:-1","max-image-preview":"max-image-preview:large","max-video-preview":"max-video-preview:-1"},"canonical":"https:\/\/lospoliticosveracruz.com\/?p=107203","og_locale":"es_ES","og_type":"article","og_title":"\u00bfY? SIGUEN VIOLANDO LAS REGLAS DEL INE - Los pol\u00edticos Veracruz","og_description":"Miguel \u00c1ngel G\u00f3mez RuizContrapunto El domingo se consolid\u00f3 el show medi\u00e1tico que prepar\u00f3 con bastante tiempo el presidente L\u00f3pez Obrador. S\u00ed, el mismo que no ha respetado tiempos, ni instituciones, ni a jueces y que ha tenido miedo de debatir contra quien sea, continu\u00f3 en la preparaci\u00f3n del escenario que convertir\u00e1 a Claudia Sheinbaum en [&hellip;]","og_url":"https:\/\/lospoliticosveracruz.com\/?p=107203","og_site_name":"Los pol\u00edticos Veracruz","article_publisher":"https:\/\/www.facebook.com\/people\/Notimemes-de-los-Polticos\/61565672886568\/","article_published_time":"2023-06-13T01:31:01+00:00","article_modified_time":"2023-06-13T01:31:09+00:00","og_image":[{"url":"https:\/\/lospoliticosveracruz.com.mx\/wp-content\/uploads\/2021\/10\/Zacauilt-150x300.jpg","type":"","width":"","height":""}],"author":"Lo viste en Los Pol\u00edticos","twitter_card":"summary_large_image","twitter_creator":"@LosPoliticosVer","twitter_site":"@LosPoliticosVer","twitter_misc":{"Escrito por":"Lo viste en Los Pol\u00edticos","Tiempo de lectura":"5 minutos"},"schema":{"@context":"https:\/\/schema.org","@graph":[{"@type":"Article","@id":"https:\/\/lospoliticosveracruz.com\/?p=107203#article","isPartOf":{"@id":"https:\/\/lospoliticosveracruz.com\/?p=107203"},"author":{"name":"Lo viste en Los Pol\u00edticos","@id":"https:\/\/lospoliticosveracruz.com\/#\/schema\/person\/b8702bb0e538456e6efd07080bf2a4a2"},"headline":"\u00bfY? SIGUEN VIOLANDO LAS REGLAS DEL INE","datePublished":"2023-06-13T01:31:01+00:00","dateModified":"2023-06-13T01:31:09+00:00","mainEntityOfPage":{"@id":"https:\/\/lospoliticosveracruz.com\/?p=107203"},"wordCount":999,"publisher":{"@id":"https:\/\/lospoliticosveracruz.com\/#organization"},"image":{"@id":"https:\/\/lospoliticosveracruz.com\/?p=107203#primaryimage"},"thumbnailUrl":"https:\/\/lospoliticosveracruz.com.mx\/wp-content\/uploads\/2021\/10\/Zacauilt-150x300.jpg","keywords":["Andr\u00e9s Manuel L\u00f3pez Obrador","Claudia Sheinbaum","Gerardo Fern\u00e1ndez Noro\u00f1a","Marcelo Ebrard","Miguel \u00c1ngel G\u00f3mez Ruiz","Morena","Ricardo Monreal"],"articleSection":["De Opini\u00f3n"],"inLanguage":"es"},{"@type":"WebPage","@id":"https:\/\/lospoliticosveracruz.com\/?p=107203","url":"https:\/\/lospoliticosveracruz.com\/?p=107203","name":"\u00bfY? SIGUEN VIOLANDO LAS REGLAS DEL INE - Los pol\u00edticos Veracruz","isPartOf":{"@id":"https:\/\/lospoliticosveracruz.com\/#website"},"primaryImageOfPage":{"@id":"https:\/\/lospoliticosveracruz.com\/?p=107203#primaryimage"},"image":{"@id":"https:\/\/lospoliticosveracruz.com\/?p=107203#primaryimage"},"thumbnailUrl":"https:\/\/lospoliticosveracruz.com.mx\/wp-content\/uploads\/2021\/10\/Zacauilt-150x300.jpg","datePublished":"2023-06-13T01:31:01+00:00","dateModified":"2023-06-13T01:31:09+00:00","breadcrumb":{"@id":"https:\/\/lospoliticosveracruz.com\/?p=107203#breadcrumb"},"inLanguage":"es","potentialAction":[{"@type":"ReadAction","target":["https:\/\/lospoliticosveracruz.com\/?p=107203"]}]},{"@type":"ImageObject","inLanguage":"es","@id":"https:\/\/lospoliticosveracruz.com\/?p=107203#primaryimage","url":"https:\/\/lospoliticosveracruz.com.mx\/wp-content\/uploads\/2021\/10\/Zacauilt-150x300.jpg","contentUrl":"https:\/\/lospoliticosveracruz.com.mx\/wp-content\/uploads\/2021\/10\/Zacauilt-150x300.jpg"},{"@type":"BreadcrumbList","@id":"https:\/\/lospoliticosveracruz.com\/?p=107203#breadcrumb","itemListElement":[{"@type":"ListItem","position":1,"name":"Portada","item":"https:\/\/lospoliticosveracruz.com\/"},{"@type":"ListItem","position":2,"name":"\u00bfY? SIGUEN VIOLANDO LAS REGLAS DEL INE"}]},{"@type":"WebSite","@id":"https:\/\/lospoliticosveracruz.com\/#website","url":"https:\/\/lospoliticosveracruz.com\/","name":"Los pol\u00edticos Veracruz","description":"","publisher":{"@id":"https:\/\/lospoliticosveracruz.com\/#organization"},"potentialAction":[{"@type":"SearchAction","target":{"@type":"EntryPoint","urlTemplate":"https:\/\/lospoliticosveracruz.com\/?s={search_term_string}"},"query-input":{"@type":"PropertyValueSpecification","valueRequired":true,"valueName":"search_term_string"}}],"inLanguage":"es"},{"@type":"Organization","@id":"https:\/\/lospoliticosveracruz.com\/#organization","name":"Los pol\u00edticos Veracruz","url":"https:\/\/lospoliticosveracruz.com\/","logo":{"@type":"ImageObject","inLanguage":"es","@id":"https:\/\/lospoliticosveracruz.com\/#\/schema\/logo\/image\/","url":"https:\/\/lospoliticosveracruz.com\/wp-content\/uploads\/2025\/12\/Logo-Nuevo-LOS-POLITICOS-1.jpg","contentUrl":"https:\/\/lospoliticosveracruz.com\/wp-content\/uploads\/2025\/12\/Logo-Nuevo-LOS-POLITICOS-1.jpg","width":260,"height":70,"caption":"Los pol\u00edticos Veracruz"},"image":{"@id":"https:\/\/lospoliticosveracruz.com\/#\/schema\/logo\/image\/"},"sameAs":["https:\/\/www.facebook.com\/people\/Notimemes-de-los-Polticos\/61565672886568\/","https:\/\/x.com\/LosPoliticosVer"]},{"@type":"Person","@id":"https:\/\/lospoliticosveracruz.com\/#\/schema\/person\/b8702bb0e538456e6efd07080bf2a4a2","name":"Lo viste en Los Pol\u00edticos","image":{"@type":"ImageObject","inLanguage":"es","@id":"https:\/\/secure.gravatar.com\/avatar\/3a8de04a2656d44082be478bd6c086daa447c4651605818287b9532d3d0bd435?s=96&d=mm&r=g","url":"https:\/\/secure.gravatar.com\/avatar\/3a8de04a2656d44082be478bd6c086daa447c4651605818287b9532d3d0bd435?s=96&d=mm&r=g","contentUrl":"https:\/\/secure.gravatar.com\/avatar\/3a8de04a2656d44082be478bd6c086daa447c4651605818287b9532d3d0bd435?s=96&d=mm&r=g","caption":"Lo viste en Los Pol\u00edticos"},"url":"https:\/\/lospoliticosveracruz.com\/?author=2"}]}},"_links":{"self":[{"href":"https:\/\/lospoliticosveracruz.com\/index.php?rest_route=\/wp\/v2\/posts\/107203","targetHints":{"allow":["GET"]}}],"collection":[{"href":"https:\/\/lospoliticosveracruz.com\/index.php?rest_route=\/wp\/v2\/posts"}],"about":[{"href":"https:\/\/lospoliticosveracruz.com\/index.php?rest_route=\/wp\/v2\/types\/post"}],"author":[{"embeddable":true,"href":"https:\/\/lospoliticosveracruz.com\/index.php?rest_route=\/wp\/v2\/users\/2"}],"replies":[{"embeddable":true,"href":"https:\/\/lospoliticosveracruz.com\/index.php?rest_route=%2Fwp%2Fv2%2Fcomments&post=107203"}],"version-history":[{"count":1,"href":"https:\/\/lospoliticosveracruz.com\/index.php?rest_route=\/wp\/v2\/posts\/107203\/revisions"}],"predecessor-version":[{"id":107204,"href":"https:\/\/lospoliticosveracruz.com\/index.php?rest_route=\/wp\/v2\/posts\/107203\/revisions\/107204"}],"wp:attachment":[{"href":"https:\/\/lospoliticosveracruz.com\/index.php?rest_route=%2Fwp%2Fv2%2Fmedia&parent=107203"}],"wp:term":[{"taxonomy":"category","embeddable":true,"href":"https:\/\/lospoliticosveracruz.com\/index.php?rest_route=%2Fwp%2Fv2%2Fcategories&post=107203"},{"taxonomy":"post_tag","embeddable":true,"href":"https:\/\/lospoliticosveracruz.com\/index.php?rest_route=%2Fwp%2Fv2%2Ftags&post=107203"}],"curies":[{"name":"wp","href":"https:\/\/api.w.org\/{rel}","templated":true}]}}