{"id":107215,"date":"2023-06-13T09:14:42","date_gmt":"2023-06-13T14:14:42","guid":{"rendered":"https:\/\/lospoliticosveracruz.com.mx\/?p=107215"},"modified":"2023-06-13T09:14:48","modified_gmt":"2023-06-13T14:14:48","slug":"con-hechos-primero-los-pobres","status":"publish","type":"post","link":"https:\/\/lospoliticosveracruz.com\/?p=107215","title":{"rendered":"CON HECHOS, PRIMERO LOS POBRES"},"content":{"rendered":"\n<p><strong>Yair Ademar Dom\u00ednguez<br><\/strong><em>Punto y Coma<\/em><\/p>\n\n\n\n<p>Como nunca en su historia un Presidente de la Rep\u00fablica hab\u00eda visitado tantas veces el estado de Veracruz, \u00a1pero no s\u00f3lo eso! Nunca antes esta entidad federativa hab\u00eda recibido tantos apoyos de un Gobierno Federal como lo est\u00e1 haciendo el de Andr\u00e9s Manuel L\u00f3pez Obrador. En su visita este fin de semana a \u00c1lamo Temapache, en la regi\u00f3n norte, qued\u00f3 constancia una vez m\u00e1s de este hecho.<\/p>\n\n\n<div class=\"wp-block-image\">\n<figure class=\"alignleft size-medium\"><a href=\"https:\/\/lospoliticosveracruz.com.mx\/wp-content\/uploads\/2021\/10\/Zacauilt.jpg\"><img decoding=\"async\" src=\"https:\/\/lospoliticosveracruz.com.mx\/wp-content\/uploads\/2021\/10\/Zacauilt-150x300.jpg\" alt=\"\" class=\"wp-image-80558\"\/><\/a><\/figure>\n<\/div>\n\n\n<p>Van s\u00f3lo algunos datos que el s\u00e1bado 10 de junio ah\u00ed se enlistaron: 854 mil adultos mayores tienen el derecho de su pensi\u00f3n, 95 mil personas con discapacidad reciben sus apoyos y mil 800&nbsp;ni\u00f1os y ni\u00f1as&nbsp;de madres trabajadoras son beneficiadas. A trav\u00e9s del programa La Escuela es Nuestra, 13 mil 900 escuelas veracruzanas est\u00e1n siendo atendidas y reciben&nbsp;sus apoyos que administran los mismos padres de familia.&nbsp;<\/p>\n\n\n\n<p>Los j\u00f3venes en Veracruz tienen ahora la oportunidad de capacitaci\u00f3n y trabajo, 25 mil son parte del programa J\u00f3venes Construyendo el Futuro con una beca que&nbsp;los aleja&nbsp;de actividades il\u00edcitas. A trav\u00e9s del programa de Producci\u00f3n para el Bienestar, 154 mil campesinos tienen un apoyo directo y reciben fertilizantes gratuitos.<\/p>\n\n\n\n<p>En el estado de Veracruz,&nbsp;seis mil productores forman parte del programa Sembrando Vida, que han sembrado 187 millones de \u00e1rboles frutales y maderables. Los viveros militares de la Secretar\u00eda de la Defensa Nacional han producido m\u00e1s de 50 millones de \u00e1rboles para Veracruz. Para que los apoyos lleguen directamente a sus comunidades, aqu\u00ed en el estado de Veracruz se han construido 155 nuevas sucursales del Banco del Bienestar.<\/p>\n\n\n\n<p>\u201cTodos estos programas est\u00e1n construyendo un Estado de bienestar, en el que los beneficios no son d\u00e1divas ni est\u00e1n al capricho de quienes gobiernan; por el contrario, son derechos que tienen los mexicanos, que con trabajo y esfuerzo construyen un pa\u00eds y hacen valer los derechos que les corresponden\u201d, dijo Hugo Ra\u00fal Paul\u00edn Hern\u00e1ndez, subsecretario de inclusi\u00f3n productiva y desarrollo rural.<\/p>\n\n\n\n<p>M\u00e1s claro, ni el agua. La inversi\u00f3n en Veracruz es hist\u00f3rica, \u201ccomo nunca\u201d, la defini\u00f3 el gobernador Cuitl\u00e1huac Garc\u00eda Jim\u00e9nez, quien una vez m\u00e1s recibi\u00f3 el espaldarazo pol\u00edtico del jefe de las instituciones del pa\u00eds, por el gran trabajo que realiza en la entidad veracruzana.<\/p>\n\n\n\n<p><strong>SE ACAB\u00d3 EL DEDAZO, LA CARGADA<\/strong><\/p>\n\n\n\n<p>Por cierto, algo muy curioso. En ese evento en \u00c1lamo, unos simpatizantes de aspirantes pol\u00edticos de MORENA se subieron al estrado con lona en mano. Nadie se los impidi\u00f3. El presidente es un hombre respetuoso de las libertades. Pero s\u00ed, aprovech\u00f3 para lanzar un mensaje a los adelantados, a los que comen ansias y les dijo que se acabaron los tiempos del \u201cdedazo, el destape, el acarreo, la cargada\u201d.<\/p>\n\n\n\n<p>Un d\u00eda antes del Consejo Nacional de MORENA, que defini\u00f3 las reglas del proceso interno, L\u00f3pez Obrador dibuj\u00f3 el panorama: \u00bfSaben qui\u00e9n va a elegir al candidato de la Transformaci\u00f3n?, pregunt\u00f3. \u201cEl pueblo\u201d, grit\u00f3 con fuerza. \u201cSe acab\u00f3 el dedazo, el tapado, el destape, el acarreo, la cargada, la entrega de migajas para obtener votos. Se acab\u00f3 la entrega de despensas, s\u00f3lo cuando hay elecciones y quieren los votos, frijol con gorgojo\u201d, asever\u00f3.<\/p>\n\n\n\n<p>\u201cYa no, ya el pueblo ya se empoder\u00f3. Acu\u00e9rdense bien de eso. Empoderar es agarrar el poder, porque ahora s\u00ed hay democracia, es el gobierno del pueblo\u201d. \u201c\u00bfQu\u00e9 hab\u00eda antes?\u201d, volvi\u00f3 a preguntar. \u201c\u00bfHab\u00eda democracia?\u201d Noooo, gritaron los asistentes. \u201cEra una oligarqu\u00eda, que significa, gobierno de la minor\u00eda, el gobierno de los de arriba, disfrazada nada m\u00e1s, simulada nada m\u00e1s como democracia, pero realmente era un grupo el que mandaba, los que se sent\u00edan due\u00f1os de M\u00e9xico y ahora el \u00fanico amo que hay en M\u00e9xico es el pueblo\u201d, sentenci\u00f3, poniendo en su lugar a los adelantados.&nbsp;<\/p>\n\n\n\n<p>*Comentarios: Facebook Yair Ademar Dominguez Twitter @YairAdemar<\/p>\n","protected":false},"excerpt":{"rendered":"<p>Yair Ademar Dom\u00ednguezPunto y Coma Como nunca en su historia un Presidente de la Rep\u00fablica hab\u00eda visitado tantas veces el estado de Veracruz, \u00a1pero no s\u00f3lo eso! Nunca antes esta entidad federativa hab\u00eda recibido tantos apoyos de un Gobierno Federal como lo est\u00e1 haciendo el de Andr\u00e9s Manuel L\u00f3pez Obrador. En su visita este fin [&hellip;]<\/p>\n","protected":false},"author":2,"featured_media":0,"comment_status":"closed","ping_status":"closed","sticky":false,"template":"","format":"standard","meta":{"tdm_status":"","tdm_grid_status":"","footnotes":""},"categories":[70],"tags":[618,1563,1026,195,20652],"class_list":{"0":"post-107215","1":"post","2":"type-post","3":"status-publish","4":"format-standard","6":"category-de-opinion","7":"tag-andres-manuel-lopez-obrador","8":"tag-cuitlahuac-garcia-jimenez","9":"tag-morena","10":"tag-veracruz","11":"tag-yair-ademar-dominguez"},"yoast_head":"<!-- This site is optimized with the Yoast SEO plugin v27.4 - https:\/\/yoast.com\/product\/yoast-seo-wordpress\/ -->\n<title>CON HECHOS, PRIMERO LOS POBRES - Los pol\u00edticos Veracruz<\/title>\n<meta name=\"robots\" content=\"index, follow, max-snippet:-1, max-image-preview:large, max-video-preview:-1\" \/>\n<link rel=\"canonical\" href=\"https:\/\/lospoliticosveracruz.com\/?p=107215\" \/>\n<meta property=\"og:locale\" content=\"es_ES\" \/>\n<meta property=\"og:type\" content=\"article\" \/>\n<meta property=\"og:title\" content=\"CON HECHOS, PRIMERO LOS POBRES - Los pol\u00edticos Veracruz\" \/>\n<meta property=\"og:description\" content=\"Yair Ademar Dom\u00ednguezPunto y Coma Como nunca en su historia un Presidente de la Rep\u00fablica hab\u00eda visitado tantas veces el estado de Veracruz, \u00a1pero no s\u00f3lo eso! Nunca antes esta entidad federativa hab\u00eda recibido tantos apoyos de un Gobierno Federal como lo est\u00e1 haciendo el de Andr\u00e9s Manuel L\u00f3pez Obrador. En su visita este fin [&hellip;]\" \/>\n<meta property=\"og:url\" content=\"https:\/\/lospoliticosveracruz.com\/?p=107215\" \/>\n<meta property=\"og:site_name\" content=\"Los pol\u00edticos Veracruz\" \/>\n<meta property=\"article:publisher\" content=\"https:\/\/www.facebook.com\/people\/Notimemes-de-los-Polticos\/61565672886568\/\" \/>\n<meta property=\"article:published_time\" content=\"2023-06-13T14:14:42+00:00\" \/>\n<meta property=\"article:modified_time\" content=\"2023-06-13T14:14:48+00:00\" \/>\n<meta property=\"og:image\" content=\"https:\/\/lospoliticosveracruz.com.mx\/wp-content\/uploads\/2021\/10\/Zacauilt-150x300.jpg\" \/>\n<meta name=\"author\" content=\"Lo viste en Los Pol\u00edticos\" \/>\n<meta name=\"twitter:card\" content=\"summary_large_image\" \/>\n<meta name=\"twitter:creator\" content=\"@LosPoliticosVer\" \/>\n<meta name=\"twitter:site\" content=\"@LosPoliticosVer\" \/>\n<meta name=\"twitter:label1\" content=\"Escrito por\" \/>\n\t<meta name=\"twitter:data1\" content=\"Lo viste en Los Pol\u00edticos\" \/>\n\t<meta name=\"twitter:label2\" content=\"Tiempo de lectura\" \/>\n\t<meta name=\"twitter:data2\" content=\"3 minutos\" \/>\n<script type=\"application\/ld+json\" class=\"yoast-schema-graph\">{\"@context\":\"https:\\\/\\\/schema.org\",\"@graph\":[{\"@type\":\"Article\",\"@id\":\"https:\\\/\\\/lospoliticosveracruz.com\\\/?p=107215#article\",\"isPartOf\":{\"@id\":\"https:\\\/\\\/lospoliticosveracruz.com\\\/?p=107215\"},\"author\":{\"name\":\"Lo viste en Los Pol\u00edticos\",\"@id\":\"https:\\\/\\\/lospoliticosveracruz.com\\\/#\\\/schema\\\/person\\\/b8702bb0e538456e6efd07080bf2a4a2\"},\"headline\":\"CON HECHOS, PRIMERO LOS POBRES\",\"datePublished\":\"2023-06-13T14:14:42+00:00\",\"dateModified\":\"2023-06-13T14:14:48+00:00\",\"mainEntityOfPage\":{\"@id\":\"https:\\\/\\\/lospoliticosveracruz.com\\\/?p=107215\"},\"wordCount\":680,\"publisher\":{\"@id\":\"https:\\\/\\\/lospoliticosveracruz.com\\\/#organization\"},\"image\":{\"@id\":\"https:\\\/\\\/lospoliticosveracruz.com\\\/?p=107215#primaryimage\"},\"thumbnailUrl\":\"https:\\\/\\\/lospoliticosveracruz.com.mx\\\/wp-content\\\/uploads\\\/2021\\\/10\\\/Zacauilt-150x300.jpg\",\"keywords\":[\"Andr\u00e9s Manuel L\u00f3pez Obrador\",\"Cuitl\u00e1huac Garc\u00eda Jim\u00e9nez\",\"Morena\",\"Veracruz\",\"Yair Ademar Dom\u00ednguez\"],\"articleSection\":[\"De Opini\u00f3n\"],\"inLanguage\":\"es\"},{\"@type\":\"WebPage\",\"@id\":\"https:\\\/\\\/lospoliticosveracruz.com\\\/?p=107215\",\"url\":\"https:\\\/\\\/lospoliticosveracruz.com\\\/?p=107215\",\"name\":\"CON HECHOS, PRIMERO LOS POBRES - Los pol\u00edticos Veracruz\",\"isPartOf\":{\"@id\":\"https:\\\/\\\/lospoliticosveracruz.com\\\/#website\"},\"primaryImageOfPage\":{\"@id\":\"https:\\\/\\\/lospoliticosveracruz.com\\\/?p=107215#primaryimage\"},\"image\":{\"@id\":\"https:\\\/\\\/lospoliticosveracruz.com\\\/?p=107215#primaryimage\"},\"thumbnailUrl\":\"https:\\\/\\\/lospoliticosveracruz.com.mx\\\/wp-content\\\/uploads\\\/2021\\\/10\\\/Zacauilt-150x300.jpg\",\"datePublished\":\"2023-06-13T14:14:42+00:00\",\"dateModified\":\"2023-06-13T14:14:48+00:00\",\"breadcrumb\":{\"@id\":\"https:\\\/\\\/lospoliticosveracruz.com\\\/?p=107215#breadcrumb\"},\"inLanguage\":\"es\",\"potentialAction\":[{\"@type\":\"ReadAction\",\"target\":[\"https:\\\/\\\/lospoliticosveracruz.com\\\/?p=107215\"]}]},{\"@type\":\"ImageObject\",\"inLanguage\":\"es\",\"@id\":\"https:\\\/\\\/lospoliticosveracruz.com\\\/?p=107215#primaryimage\",\"url\":\"https:\\\/\\\/lospoliticosveracruz.com.mx\\\/wp-content\\\/uploads\\\/2021\\\/10\\\/Zacauilt-150x300.jpg\",\"contentUrl\":\"https:\\\/\\\/lospoliticosveracruz.com.mx\\\/wp-content\\\/uploads\\\/2021\\\/10\\\/Zacauilt-150x300.jpg\"},{\"@type\":\"BreadcrumbList\",\"@id\":\"https:\\\/\\\/lospoliticosveracruz.com\\\/?p=107215#breadcrumb\",\"itemListElement\":[{\"@type\":\"ListItem\",\"position\":1,\"name\":\"Portada\",\"item\":\"https:\\\/\\\/lospoliticosveracruz.com\\\/\"},{\"@type\":\"ListItem\",\"position\":2,\"name\":\"CON HECHOS, PRIMERO LOS POBRES\"}]},{\"@type\":\"WebSite\",\"@id\":\"https:\\\/\\\/lospoliticosveracruz.com\\\/#website\",\"url\":\"https:\\\/\\\/lospoliticosveracruz.com\\\/\",\"name\":\"Los pol\u00edticos Veracruz\",\"description\":\"\",\"publisher\":{\"@id\":\"https:\\\/\\\/lospoliticosveracruz.com\\\/#organization\"},\"potentialAction\":[{\"@type\":\"SearchAction\",\"target\":{\"@type\":\"EntryPoint\",\"urlTemplate\":\"https:\\\/\\\/lospoliticosveracruz.com\\\/?s={search_term_string}\"},\"query-input\":{\"@type\":\"PropertyValueSpecification\",\"valueRequired\":true,\"valueName\":\"search_term_string\"}}],\"inLanguage\":\"es\"},{\"@type\":\"Organization\",\"@id\":\"https:\\\/\\\/lospoliticosveracruz.com\\\/#organization\",\"name\":\"Los pol\u00edticos Veracruz\",\"url\":\"https:\\\/\\\/lospoliticosveracruz.com\\\/\",\"logo\":{\"@type\":\"ImageObject\",\"inLanguage\":\"es\",\"@id\":\"https:\\\/\\\/lospoliticosveracruz.com\\\/#\\\/schema\\\/logo\\\/image\\\/\",\"url\":\"https:\\\/\\\/lospoliticosveracruz.com\\\/wp-content\\\/uploads\\\/2025\\\/12\\\/Logo-Nuevo-LOS-POLITICOS-1.jpg\",\"contentUrl\":\"https:\\\/\\\/lospoliticosveracruz.com\\\/wp-content\\\/uploads\\\/2025\\\/12\\\/Logo-Nuevo-LOS-POLITICOS-1.jpg\",\"width\":260,\"height\":70,\"caption\":\"Los pol\u00edticos Veracruz\"},\"image\":{\"@id\":\"https:\\\/\\\/lospoliticosveracruz.com\\\/#\\\/schema\\\/logo\\\/image\\\/\"},\"sameAs\":[\"https:\\\/\\\/www.facebook.com\\\/people\\\/Notimemes-de-los-Polticos\\\/61565672886568\\\/\",\"https:\\\/\\\/x.com\\\/LosPoliticosVer\"]},{\"@type\":\"Person\",\"@id\":\"https:\\\/\\\/lospoliticosveracruz.com\\\/#\\\/schema\\\/person\\\/b8702bb0e538456e6efd07080bf2a4a2\",\"name\":\"Lo viste en Los Pol\u00edticos\",\"image\":{\"@type\":\"ImageObject\",\"inLanguage\":\"es\",\"@id\":\"https:\\\/\\\/secure.gravatar.com\\\/avatar\\\/3a8de04a2656d44082be478bd6c086daa447c4651605818287b9532d3d0bd435?s=96&d=mm&r=g\",\"url\":\"https:\\\/\\\/secure.gravatar.com\\\/avatar\\\/3a8de04a2656d44082be478bd6c086daa447c4651605818287b9532d3d0bd435?s=96&d=mm&r=g\",\"contentUrl\":\"https:\\\/\\\/secure.gravatar.com\\\/avatar\\\/3a8de04a2656d44082be478bd6c086daa447c4651605818287b9532d3d0bd435?s=96&d=mm&r=g\",\"caption\":\"Lo viste en Los Pol\u00edticos\"},\"url\":\"https:\\\/\\\/lospoliticosveracruz.com\\\/?author=2\"}]}<\/script>\n<!-- \/ Yoast SEO plugin. -->","yoast_head_json":{"title":"CON HECHOS, PRIMERO LOS POBRES - Los pol\u00edticos Veracruz","robots":{"index":"index","follow":"follow","max-snippet":"max-snippet:-1","max-image-preview":"max-image-preview:large","max-video-preview":"max-video-preview:-1"},"canonical":"https:\/\/lospoliticosveracruz.com\/?p=107215","og_locale":"es_ES","og_type":"article","og_title":"CON HECHOS, PRIMERO LOS POBRES - Los pol\u00edticos Veracruz","og_description":"Yair Ademar Dom\u00ednguezPunto y Coma Como nunca en su historia un Presidente de la Rep\u00fablica hab\u00eda visitado tantas veces el estado de Veracruz, \u00a1pero no s\u00f3lo eso! Nunca antes esta entidad federativa hab\u00eda recibido tantos apoyos de un Gobierno Federal como lo est\u00e1 haciendo el de Andr\u00e9s Manuel L\u00f3pez Obrador. En su visita este fin [&hellip;]","og_url":"https:\/\/lospoliticosveracruz.com\/?p=107215","og_site_name":"Los pol\u00edticos Veracruz","article_publisher":"https:\/\/www.facebook.com\/people\/Notimemes-de-los-Polticos\/61565672886568\/","article_published_time":"2023-06-13T14:14:42+00:00","article_modified_time":"2023-06-13T14:14:48+00:00","og_image":[{"url":"https:\/\/lospoliticosveracruz.com.mx\/wp-content\/uploads\/2021\/10\/Zacauilt-150x300.jpg","type":"","width":"","height":""}],"author":"Lo viste en Los Pol\u00edticos","twitter_card":"summary_large_image","twitter_creator":"@LosPoliticosVer","twitter_site":"@LosPoliticosVer","twitter_misc":{"Escrito por":"Lo viste en Los Pol\u00edticos","Tiempo de lectura":"3 minutos"},"schema":{"@context":"https:\/\/schema.org","@graph":[{"@type":"Article","@id":"https:\/\/lospoliticosveracruz.com\/?p=107215#article","isPartOf":{"@id":"https:\/\/lospoliticosveracruz.com\/?p=107215"},"author":{"name":"Lo viste en Los Pol\u00edticos","@id":"https:\/\/lospoliticosveracruz.com\/#\/schema\/person\/b8702bb0e538456e6efd07080bf2a4a2"},"headline":"CON HECHOS, PRIMERO LOS POBRES","datePublished":"2023-06-13T14:14:42+00:00","dateModified":"2023-06-13T14:14:48+00:00","mainEntityOfPage":{"@id":"https:\/\/lospoliticosveracruz.com\/?p=107215"},"wordCount":680,"publisher":{"@id":"https:\/\/lospoliticosveracruz.com\/#organization"},"image":{"@id":"https:\/\/lospoliticosveracruz.com\/?p=107215#primaryimage"},"thumbnailUrl":"https:\/\/lospoliticosveracruz.com.mx\/wp-content\/uploads\/2021\/10\/Zacauilt-150x300.jpg","keywords":["Andr\u00e9s Manuel L\u00f3pez Obrador","Cuitl\u00e1huac Garc\u00eda Jim\u00e9nez","Morena","Veracruz","Yair Ademar Dom\u00ednguez"],"articleSection":["De Opini\u00f3n"],"inLanguage":"es"},{"@type":"WebPage","@id":"https:\/\/lospoliticosveracruz.com\/?p=107215","url":"https:\/\/lospoliticosveracruz.com\/?p=107215","name":"CON HECHOS, PRIMERO LOS POBRES - Los pol\u00edticos Veracruz","isPartOf":{"@id":"https:\/\/lospoliticosveracruz.com\/#website"},"primaryImageOfPage":{"@id":"https:\/\/lospoliticosveracruz.com\/?p=107215#primaryimage"},"image":{"@id":"https:\/\/lospoliticosveracruz.com\/?p=107215#primaryimage"},"thumbnailUrl":"https:\/\/lospoliticosveracruz.com.mx\/wp-content\/uploads\/2021\/10\/Zacauilt-150x300.jpg","datePublished":"2023-06-13T14:14:42+00:00","dateModified":"2023-06-13T14:14:48+00:00","breadcrumb":{"@id":"https:\/\/lospoliticosveracruz.com\/?p=107215#breadcrumb"},"inLanguage":"es","potentialAction":[{"@type":"ReadAction","target":["https:\/\/lospoliticosveracruz.com\/?p=107215"]}]},{"@type":"ImageObject","inLanguage":"es","@id":"https:\/\/lospoliticosveracruz.com\/?p=107215#primaryimage","url":"https:\/\/lospoliticosveracruz.com.mx\/wp-content\/uploads\/2021\/10\/Zacauilt-150x300.jpg","contentUrl":"https:\/\/lospoliticosveracruz.com.mx\/wp-content\/uploads\/2021\/10\/Zacauilt-150x300.jpg"},{"@type":"BreadcrumbList","@id":"https:\/\/lospoliticosveracruz.com\/?p=107215#breadcrumb","itemListElement":[{"@type":"ListItem","position":1,"name":"Portada","item":"https:\/\/lospoliticosveracruz.com\/"},{"@type":"ListItem","position":2,"name":"CON HECHOS, PRIMERO LOS POBRES"}]},{"@type":"WebSite","@id":"https:\/\/lospoliticosveracruz.com\/#website","url":"https:\/\/lospoliticosveracruz.com\/","name":"Los pol\u00edticos Veracruz","description":"","publisher":{"@id":"https:\/\/lospoliticosveracruz.com\/#organization"},"potentialAction":[{"@type":"SearchAction","target":{"@type":"EntryPoint","urlTemplate":"https:\/\/lospoliticosveracruz.com\/?s={search_term_string}"},"query-input":{"@type":"PropertyValueSpecification","valueRequired":true,"valueName":"search_term_string"}}],"inLanguage":"es"},{"@type":"Organization","@id":"https:\/\/lospoliticosveracruz.com\/#organization","name":"Los pol\u00edticos Veracruz","url":"https:\/\/lospoliticosveracruz.com\/","logo":{"@type":"ImageObject","inLanguage":"es","@id":"https:\/\/lospoliticosveracruz.com\/#\/schema\/logo\/image\/","url":"https:\/\/lospoliticosveracruz.com\/wp-content\/uploads\/2025\/12\/Logo-Nuevo-LOS-POLITICOS-1.jpg","contentUrl":"https:\/\/lospoliticosveracruz.com\/wp-content\/uploads\/2025\/12\/Logo-Nuevo-LOS-POLITICOS-1.jpg","width":260,"height":70,"caption":"Los pol\u00edticos Veracruz"},"image":{"@id":"https:\/\/lospoliticosveracruz.com\/#\/schema\/logo\/image\/"},"sameAs":["https:\/\/www.facebook.com\/people\/Notimemes-de-los-Polticos\/61565672886568\/","https:\/\/x.com\/LosPoliticosVer"]},{"@type":"Person","@id":"https:\/\/lospoliticosveracruz.com\/#\/schema\/person\/b8702bb0e538456e6efd07080bf2a4a2","name":"Lo viste en Los Pol\u00edticos","image":{"@type":"ImageObject","inLanguage":"es","@id":"https:\/\/secure.gravatar.com\/avatar\/3a8de04a2656d44082be478bd6c086daa447c4651605818287b9532d3d0bd435?s=96&d=mm&r=g","url":"https:\/\/secure.gravatar.com\/avatar\/3a8de04a2656d44082be478bd6c086daa447c4651605818287b9532d3d0bd435?s=96&d=mm&r=g","contentUrl":"https:\/\/secure.gravatar.com\/avatar\/3a8de04a2656d44082be478bd6c086daa447c4651605818287b9532d3d0bd435?s=96&d=mm&r=g","caption":"Lo viste en Los Pol\u00edticos"},"url":"https:\/\/lospoliticosveracruz.com\/?author=2"}]}},"_links":{"self":[{"href":"https:\/\/lospoliticosveracruz.com\/index.php?rest_route=\/wp\/v2\/posts\/107215","targetHints":{"allow":["GET"]}}],"collection":[{"href":"https:\/\/lospoliticosveracruz.com\/index.php?rest_route=\/wp\/v2\/posts"}],"about":[{"href":"https:\/\/lospoliticosveracruz.com\/index.php?rest_route=\/wp\/v2\/types\/post"}],"author":[{"embeddable":true,"href":"https:\/\/lospoliticosveracruz.com\/index.php?rest_route=\/wp\/v2\/users\/2"}],"replies":[{"embeddable":true,"href":"https:\/\/lospoliticosveracruz.com\/index.php?rest_route=%2Fwp%2Fv2%2Fcomments&post=107215"}],"version-history":[{"count":1,"href":"https:\/\/lospoliticosveracruz.com\/index.php?rest_route=\/wp\/v2\/posts\/107215\/revisions"}],"predecessor-version":[{"id":107216,"href":"https:\/\/lospoliticosveracruz.com\/index.php?rest_route=\/wp\/v2\/posts\/107215\/revisions\/107216"}],"wp:attachment":[{"href":"https:\/\/lospoliticosveracruz.com\/index.php?rest_route=%2Fwp%2Fv2%2Fmedia&parent=107215"}],"wp:term":[{"taxonomy":"category","embeddable":true,"href":"https:\/\/lospoliticosveracruz.com\/index.php?rest_route=%2Fwp%2Fv2%2Fcategories&post=107215"},{"taxonomy":"post_tag","embeddable":true,"href":"https:\/\/lospoliticosveracruz.com\/index.php?rest_route=%2Fwp%2Fv2%2Ftags&post=107215"}],"curies":[{"name":"wp","href":"https:\/\/api.w.org\/{rel}","templated":true}]}}